{"id":13599,"date":"2014-11-20T09:04:02","date_gmt":"2014-11-20T15:04:02","guid":{"rendered":"http:\/\/www.lospoliticosveracruz.com.mx\/?p=13599"},"modified":"2014-11-20T09:04:24","modified_gmt":"2014-11-20T15:04:24","slug":"el-fondo-de-ayotzinapa-es-la-forma-de-mexico","status":"publish","type":"post","link":"https:\/\/lospoliticosveracruz.com\/?p=13599","title":{"rendered":"El fondo de Ayotzinapa es la forma de M\u00e9xico"},"content":{"rendered":"<p><a href=\"http:\/\/www.lospoliticosveracruz.com.mx\/wp-content\/uploads\/2014\/11\/Miedo.jpg\"><img loading=\"lazy\" decoding=\"async\" class=\"alignnone size-medium wp-image-13601\" src=\"http:\/\/www.lospoliticosveracruz.com.mx\/wp-content\/uploads\/2014\/11\/Miedo-300x158.jpg\" alt=\"Miedo\" width=\"300\" height=\"158\" \/><\/a><\/p>\n<p><strong>Jorge Viveros Pasquel<\/strong><\/p>\n<p><em>Como escribir sin andar escribiendo<\/em><br \/>\nLos estudiantes asesinados por un grupo del crimen organizado en Ayotzinapa no son ni de cerca la \u00fanica raz\u00f3n de las manifestaciones que cunden en algunas plazas tomadas (en su mayor\u00eda por j\u00f3venes) en el pa\u00eds. El fondo real, los cimientos de estas protestas son el hartazgo, la impunidad, el robo descarado a los erarios, la constante falta de solidaridad, la tranquilidad perdida y la corrupci\u00f3n por un lado de una clase pol\u00edtica que est\u00e1 casi en su totalidad podrida y el olvido o complicidad de los due\u00f1os del dinero.<\/p>\n<p>Los medios masivos de comunicaci\u00f3n, fieles a su naturaleza, venden lo que mejor saben comercializar; el miedo. Al tiempo que comienzan a permear entre la opini\u00f3n p\u00fablica el rumor de que los \u201cviolentos\u201d est\u00e1n fuera de control, que cada vez son mas y que se est\u00e1n radicalizando, por cierto, los \u201cviolentos\u201d simplemente no prosperar\u00e1n porque no tienen la raz\u00f3n ni el apoyo de la inmensa mayor\u00eda de los mexicanos.<\/p>\n<p>Si las legitimas protestas encabezadas por grupos de j\u00f3venes, de estudiantes y de algunas agrupaciones de izquierda que buscan un cambio pretenden tener \u00e9xito en sus demandas ser\u00e1 imperativo que surjan de entre sus liderazgos ideas y acciones sean tan en\u00e9rgicas como inteligentes, pero que rechacen por completo actuar afectando al resto de los ciudadanos, pues de no hacerlo as\u00ed quedar\u00e1n atrapados entre los violentos anti sistema y los violentos del sistema. \u00bfQuien le hace mas da\u00f1o al PRI Estatal?, unos cuantos encapuchados cortos de miras que intentan sin \u00e9xito quemar un edificio de 4 pisos con 4 botellas con gasolina logrando solo victimizar al propio partido que atacan o su presidenta que es acompa\u00f1ada a donde vaya por el descr\u00e9dito del peor desfalco a las arcas municipales en la capital?<\/p>\n<p>Como ciudadanos en el fondo se puede o no estar de acuerdo con estos grupos o con nuestros gobiernos cada uno tendr\u00e1 un punto de vista muy particular al respecto de la situaci\u00f3n que se vive y del papel que nos corresponde desempe\u00f1ar, sin embargo debemos preguntarnos \u00bfQue da\u00f1a mas a M\u00e9xico; el crimen de los estudiantes o el sistema al que c\u00f3modamente pertenecemos y que diariamente mata de pobreza a cientos de mexicanos? O bien \u00bfQue conlleva mas responsabilidad llenar de insultos las redes sociales o ser pro activo en el cambio que se reclama?<\/p>\n<p>La demanda no debe ser solo por justicia para los j\u00f3venes asesinados, la demanda es por justicia e igualdad para todos porque este sistema pol\u00edtico\/monetario ha demostrado que no funciona para las mayor\u00edas y estas demandas lo que de fondo est\u00e1n exigiendo a los responsables tanto dentro del gobierno (de todos los partidos pol\u00edticos, incluidos los mes\u00edas tropicales) como en la iniciativa privada mas favorecida del pa\u00eds es que entiendan que este M\u00e9xico ya no tolerar\u00e1 sus formas, falta de solidaridad e individual\u00edsimos.<\/p>\n","protected":false},"excerpt":{"rendered":"<p>Jorge Viveros Pasquel Como escribir sin andar escribiendo Los estudiantes asesinados por un grupo del crimen organizado en Ayotzinapa no son ni de cerca la \u00fanica raz\u00f3n de las manifestaciones que cunden en algunas plazas tomadas (en su mayor\u00eda por j\u00f3venes) en el pa\u00eds. El fondo real, los cimientos de estas protestas son el hartazgo, [&hellip;]<\/p>\n","protected":false},"author":2,"featured_media":0,"comment_status":"open","ping_status":"open","sticky":false,"template":"","format":"standard","meta":{"tdm_status":"","tdm_grid_status":"","footnotes":""},"categories":[70],"tags":[101,844,916,913,915],"class_list":{"0":"post-13599","1":"post","2":"type-post","3":"status-publish","4":"format-standard","6":"category-de-opinion","7":"tag-ayotzinapa","8":"tag-estudiantes","9":"tag-mesias-tropicales","10":"tag-miedo","11":"tag-pri-estatal"},"yoast_head":"<!-- This site is optimized with the Yoast SEO plugin v27.4 - https:\/\/yoast.com\/product\/yoast-seo-wordpress\/ -->\n<title>El fondo de Ayotzinapa es la forma de M\u00e9xico - Los pol\u00edticos Veracruz<\/title>\n<meta name=\"robots\" content=\"index, follow, max-snippet:-1, max-image-preview:large, max-video-preview:-1\" \/>\n<link rel=\"canonical\" href=\"https:\/\/lospoliticosveracruz.com\/?p=13599\" \/>\n<meta property=\"og:locale\" content=\"es_ES\" \/>\n<meta property=\"og:type\" content=\"article\" \/>\n<meta property=\"og:title\" content=\"El fondo de Ayotzinapa es la forma de M\u00e9xico - Los pol\u00edticos Veracruz\" \/>\n<meta property=\"og:description\" content=\"Jorge Viveros Pasquel Como escribir sin andar escribiendo Los estudiantes asesinados por un grupo del crimen organizado en Ayotzinapa no son ni de cerca la \u00fanica raz\u00f3n de las manifestaciones que cunden en algunas plazas tomadas (en su mayor\u00eda por j\u00f3venes) en el pa\u00eds. El fondo real, los cimientos de estas protestas son el hartazgo, [&hellip;]\" \/>\n<meta property=\"og:url\" content=\"https:\/\/lospoliticosveracruz.com\/?p=13599\" \/>\n<meta property=\"og:site_name\" content=\"Los pol\u00edticos Veracruz\" \/>\n<meta property=\"article:publisher\" content=\"https:\/\/www.facebook.com\/people\/Notimemes-de-los-Polticos\/61565672886568\/\" \/>\n<meta property=\"article:published_time\" content=\"2014-11-20T15:04:02+00:00\" \/>\n<meta property=\"article:modified_time\" content=\"2014-11-20T15:04:24+00:00\" \/>\n<meta property=\"og:image\" content=\"http:\/\/www.lospoliticosveracruz.com.mx\/wp-content\/uploads\/2014\/11\/Miedo-300x158.jpg\" \/>\n<meta name=\"author\" content=\"Lo viste en Los Pol\u00edticos\" \/>\n<meta name=\"twitter:card\" content=\"summary_large_image\" \/>\n<meta name=\"twitter:creator\" content=\"@LosPoliticosVer\" \/>\n<meta name=\"twitter:site\" content=\"@LosPoliticosVer\" \/>\n<meta name=\"twitter:label1\" content=\"Escrito por\" \/>\n\t<meta name=\"twitter:data1\" content=\"Lo viste en Los Pol\u00edticos\" \/>\n\t<meta name=\"twitter:label2\" content=\"Tiempo de lectura\" \/>\n\t<meta name=\"twitter:data2\" content=\"3 minutos\" \/>\n<script type=\"application\/ld+json\" class=\"yoast-schema-graph\">{\"@context\":\"https:\\\/\\\/schema.org\",\"@graph\":[{\"@type\":\"Article\",\"@id\":\"https:\\\/\\\/lospoliticosveracruz.com\\\/?p=13599#article\",\"isPartOf\":{\"@id\":\"https:\\\/\\\/lospoliticosveracruz.com\\\/?p=13599\"},\"author\":{\"name\":\"Lo viste en Los Pol\u00edticos\",\"@id\":\"https:\\\/\\\/lospoliticosveracruz.com\\\/#\\\/schema\\\/person\\\/b8702bb0e538456e6efd07080bf2a4a2\"},\"headline\":\"El fondo de Ayotzinapa es la forma de M\u00e9xico\",\"datePublished\":\"2014-11-20T15:04:02+00:00\",\"dateModified\":\"2014-11-20T15:04:24+00:00\",\"mainEntityOfPage\":{\"@id\":\"https:\\\/\\\/lospoliticosveracruz.com\\\/?p=13599\"},\"wordCount\":521,\"commentCount\":0,\"publisher\":{\"@id\":\"https:\\\/\\\/lospoliticosveracruz.com\\\/#organization\"},\"image\":{\"@id\":\"https:\\\/\\\/lospoliticosveracruz.com\\\/?p=13599#primaryimage\"},\"thumbnailUrl\":\"http:\\\/\\\/www.lospoliticosveracruz.com.mx\\\/wp-content\\\/uploads\\\/2014\\\/11\\\/Miedo-300x158.jpg\",\"keywords\":[\"Ayotzinapa\",\"estudiantes\",\"mes\u00edas tropicales\",\"miedo\",\"PRI estatal\"],\"articleSection\":[\"De Opini\u00f3n\"],\"inLanguage\":\"es\",\"potentialAction\":[{\"@type\":\"CommentAction\",\"name\":\"Comment\",\"target\":[\"https:\\\/\\\/lospoliticosveracruz.com\\\/?p=13599#respond\"]}]},{\"@type\":\"WebPage\",\"@id\":\"https:\\\/\\\/lospoliticosveracruz.com\\\/?p=13599\",\"url\":\"https:\\\/\\\/lospoliticosveracruz.com\\\/?p=13599\",\"name\":\"El fondo de Ayotzinapa es la forma de M\u00e9xico - Los pol\u00edticos Veracruz\",\"isPartOf\":{\"@id\":\"https:\\\/\\\/lospoliticosveracruz.com\\\/#website\"},\"primaryImageOfPage\":{\"@id\":\"https:\\\/\\\/lospoliticosveracruz.com\\\/?p=13599#primaryimage\"},\"image\":{\"@id\":\"https:\\\/\\\/lospoliticosveracruz.com\\\/?p=13599#primaryimage\"},\"thumbnailUrl\":\"http:\\\/\\\/www.lospoliticosveracruz.com.mx\\\/wp-content\\\/uploads\\\/2014\\\/11\\\/Miedo-300x158.jpg\",\"datePublished\":\"2014-11-20T15:04:02+00:00\",\"dateModified\":\"2014-11-20T15:04:24+00:00\",\"breadcrumb\":{\"@id\":\"https:\\\/\\\/lospoliticosveracruz.com\\\/?p=13599#breadcrumb\"},\"inLanguage\":\"es\",\"potentialAction\":[{\"@type\":\"ReadAction\",\"target\":[\"https:\\\/\\\/lospoliticosveracruz.com\\\/?p=13599\"]}]},{\"@type\":\"ImageObject\",\"inLanguage\":\"es\",\"@id\":\"https:\\\/\\\/lospoliticosveracruz.com\\\/?p=13599#primaryimage\",\"url\":\"http:\\\/\\\/www.lospoliticosveracruz.com.mx\\\/wp-content\\\/uploads\\\/2014\\\/11\\\/Miedo-300x158.jpg\",\"contentUrl\":\"http:\\\/\\\/www.lospoliticosveracruz.com.mx\\\/wp-content\\\/uploads\\\/2014\\\/11\\\/Miedo-300x158.jpg\"},{\"@type\":\"BreadcrumbList\",\"@id\":\"https:\\\/\\\/lospoliticosveracruz.com\\\/?p=13599#breadcrumb\",\"itemListElement\":[{\"@type\":\"ListItem\",\"position\":1,\"name\":\"Portada\",\"item\":\"https:\\\/\\\/lospoliticosveracruz.com\\\/\"},{\"@type\":\"ListItem\",\"position\":2,\"name\":\"El fondo de Ayotzinapa es la forma de M\u00e9xico\"}]},{\"@type\":\"WebSite\",\"@id\":\"https:\\\/\\\/lospoliticosveracruz.com\\\/#website\",\"url\":\"https:\\\/\\\/lospoliticosveracruz.com\\\/\",\"name\":\"Los pol\u00edticos Veracruz\",\"description\":\"\",\"publisher\":{\"@id\":\"https:\\\/\\\/lospoliticosveracruz.com\\\/#organization\"},\"potentialAction\":[{\"@type\":\"SearchAction\",\"target\":{\"@type\":\"EntryPoint\",\"urlTemplate\":\"https:\\\/\\\/lospoliticosveracruz.com\\\/?s={search_term_string}\"},\"query-input\":{\"@type\":\"PropertyValueSpecification\",\"valueRequired\":true,\"valueName\":\"search_term_string\"}}],\"inLanguage\":\"es\"},{\"@type\":\"Organization\",\"@id\":\"https:\\\/\\\/lospoliticosveracruz.com\\\/#organization\",\"name\":\"Los pol\u00edticos Veracruz\",\"url\":\"https:\\\/\\\/lospoliticosveracruz.com\\\/\",\"logo\":{\"@type\":\"ImageObject\",\"inLanguage\":\"es\",\"@id\":\"https:\\\/\\\/lospoliticosveracruz.com\\\/#\\\/schema\\\/logo\\\/image\\\/\",\"url\":\"https:\\\/\\\/lospoliticosveracruz.com\\\/wp-content\\\/uploads\\\/2025\\\/12\\\/Logo-Nuevo-LOS-POLITICOS-1.jpg\",\"contentUrl\":\"https:\\\/\\\/lospoliticosveracruz.com\\\/wp-content\\\/uploads\\\/2025\\\/12\\\/Logo-Nuevo-LOS-POLITICOS-1.jpg\",\"width\":260,\"height\":70,\"caption\":\"Los pol\u00edticos Veracruz\"},\"image\":{\"@id\":\"https:\\\/\\\/lospoliticosveracruz.com\\\/#\\\/schema\\\/logo\\\/image\\\/\"},\"sameAs\":[\"https:\\\/\\\/www.facebook.com\\\/people\\\/Notimemes-de-los-Polticos\\\/61565672886568\\\/\",\"https:\\\/\\\/x.com\\\/LosPoliticosVer\"]},{\"@type\":\"Person\",\"@id\":\"https:\\\/\\\/lospoliticosveracruz.com\\\/#\\\/schema\\\/person\\\/b8702bb0e538456e6efd07080bf2a4a2\",\"name\":\"Lo viste en Los Pol\u00edticos\",\"image\":{\"@type\":\"ImageObject\",\"inLanguage\":\"es\",\"@id\":\"https:\\\/\\\/secure.gravatar.com\\\/avatar\\\/3a8de04a2656d44082be478bd6c086daa447c4651605818287b9532d3d0bd435?s=96&d=mm&r=g\",\"url\":\"https:\\\/\\\/secure.gravatar.com\\\/avatar\\\/3a8de04a2656d44082be478bd6c086daa447c4651605818287b9532d3d0bd435?s=96&d=mm&r=g\",\"contentUrl\":\"https:\\\/\\\/secure.gravatar.com\\\/avatar\\\/3a8de04a2656d44082be478bd6c086daa447c4651605818287b9532d3d0bd435?s=96&d=mm&r=g\",\"caption\":\"Lo viste en Los Pol\u00edticos\"},\"url\":\"https:\\\/\\\/lospoliticosveracruz.com\\\/?author=2\"}]}<\/script>\n<!-- \/ Yoast SEO plugin. -->","yoast_head_json":{"title":"El fondo de Ayotzinapa es la forma de M\u00e9xico - Los pol\u00edticos Veracruz","robots":{"index":"index","follow":"follow","max-snippet":"max-snippet:-1","max-image-preview":"max-image-preview:large","max-video-preview":"max-video-preview:-1"},"canonical":"https:\/\/lospoliticosveracruz.com\/?p=13599","og_locale":"es_ES","og_type":"article","og_title":"El fondo de Ayotzinapa es la forma de M\u00e9xico - Los pol\u00edticos Veracruz","og_description":"Jorge Viveros Pasquel Como escribir sin andar escribiendo Los estudiantes asesinados por un grupo del crimen organizado en Ayotzinapa no son ni de cerca la \u00fanica raz\u00f3n de las manifestaciones que cunden en algunas plazas tomadas (en su mayor\u00eda por j\u00f3venes) en el pa\u00eds. El fondo real, los cimientos de estas protestas son el hartazgo, [&hellip;]","og_url":"https:\/\/lospoliticosveracruz.com\/?p=13599","og_site_name":"Los pol\u00edticos Veracruz","article_publisher":"https:\/\/www.facebook.com\/people\/Notimemes-de-los-Polticos\/61565672886568\/","article_published_time":"2014-11-20T15:04:02+00:00","article_modified_time":"2014-11-20T15:04:24+00:00","og_image":[{"url":"http:\/\/www.lospoliticosveracruz.com.mx\/wp-content\/uploads\/2014\/11\/Miedo-300x158.jpg","type":"","width":"","height":""}],"author":"Lo viste en Los Pol\u00edticos","twitter_card":"summary_large_image","twitter_creator":"@LosPoliticosVer","twitter_site":"@LosPoliticosVer","twitter_misc":{"Escrito por":"Lo viste en Los Pol\u00edticos","Tiempo de lectura":"3 minutos"},"schema":{"@context":"https:\/\/schema.org","@graph":[{"@type":"Article","@id":"https:\/\/lospoliticosveracruz.com\/?p=13599#article","isPartOf":{"@id":"https:\/\/lospoliticosveracruz.com\/?p=13599"},"author":{"name":"Lo viste en Los Pol\u00edticos","@id":"https:\/\/lospoliticosveracruz.com\/#\/schema\/person\/b8702bb0e538456e6efd07080bf2a4a2"},"headline":"El fondo de Ayotzinapa es la forma de M\u00e9xico","datePublished":"2014-11-20T15:04:02+00:00","dateModified":"2014-11-20T15:04:24+00:00","mainEntityOfPage":{"@id":"https:\/\/lospoliticosveracruz.com\/?p=13599"},"wordCount":521,"commentCount":0,"publisher":{"@id":"https:\/\/lospoliticosveracruz.com\/#organization"},"image":{"@id":"https:\/\/lospoliticosveracruz.com\/?p=13599#primaryimage"},"thumbnailUrl":"http:\/\/www.lospoliticosveracruz.com.mx\/wp-content\/uploads\/2014\/11\/Miedo-300x158.jpg","keywords":["Ayotzinapa","estudiantes","mes\u00edas tropicales","miedo","PRI estatal"],"articleSection":["De Opini\u00f3n"],"inLanguage":"es","potentialAction":[{"@type":"CommentAction","name":"Comment","target":["https:\/\/lospoliticosveracruz.com\/?p=13599#respond"]}]},{"@type":"WebPage","@id":"https:\/\/lospoliticosveracruz.com\/?p=13599","url":"https:\/\/lospoliticosveracruz.com\/?p=13599","name":"El fondo de Ayotzinapa es la forma de M\u00e9xico - Los pol\u00edticos Veracruz","isPartOf":{"@id":"https:\/\/lospoliticosveracruz.com\/#website"},"primaryImageOfPage":{"@id":"https:\/\/lospoliticosveracruz.com\/?p=13599#primaryimage"},"image":{"@id":"https:\/\/lospoliticosveracruz.com\/?p=13599#primaryimage"},"thumbnailUrl":"http:\/\/www.lospoliticosveracruz.com.mx\/wp-content\/uploads\/2014\/11\/Miedo-300x158.jpg","datePublished":"2014-11-20T15:04:02+00:00","dateModified":"2014-11-20T15:04:24+00:00","breadcrumb":{"@id":"https:\/\/lospoliticosveracruz.com\/?p=13599#breadcrumb"},"inLanguage":"es","potentialAction":[{"@type":"ReadAction","target":["https:\/\/lospoliticosveracruz.com\/?p=13599"]}]},{"@type":"ImageObject","inLanguage":"es","@id":"https:\/\/lospoliticosveracruz.com\/?p=13599#primaryimage","url":"http:\/\/www.lospoliticosveracruz.com.mx\/wp-content\/uploads\/2014\/11\/Miedo-300x158.jpg","contentUrl":"http:\/\/www.lospoliticosveracruz.com.mx\/wp-content\/uploads\/2014\/11\/Miedo-300x158.jpg"},{"@type":"BreadcrumbList","@id":"https:\/\/lospoliticosveracruz.com\/?p=13599#breadcrumb","itemListElement":[{"@type":"ListItem","position":1,"name":"Portada","item":"https:\/\/lospoliticosveracruz.com\/"},{"@type":"ListItem","position":2,"name":"El fondo de Ayotzinapa es la forma de M\u00e9xico"}]},{"@type":"WebSite","@id":"https:\/\/lospoliticosveracruz.com\/#website","url":"https:\/\/lospoliticosveracruz.com\/","name":"Los pol\u00edticos Veracruz","description":"","publisher":{"@id":"https:\/\/lospoliticosveracruz.com\/#organization"},"potentialAction":[{"@type":"SearchAction","target":{"@type":"EntryPoint","urlTemplate":"https:\/\/lospoliticosveracruz.com\/?s={search_term_string}"},"query-input":{"@type":"PropertyValueSpecification","valueRequired":true,"valueName":"search_term_string"}}],"inLanguage":"es"},{"@type":"Organization","@id":"https:\/\/lospoliticosveracruz.com\/#organization","name":"Los pol\u00edticos Veracruz","url":"https:\/\/lospoliticosveracruz.com\/","logo":{"@type":"ImageObject","inLanguage":"es","@id":"https:\/\/lospoliticosveracruz.com\/#\/schema\/logo\/image\/","url":"https:\/\/lospoliticosveracruz.com\/wp-content\/uploads\/2025\/12\/Logo-Nuevo-LOS-POLITICOS-1.jpg","contentUrl":"https:\/\/lospoliticosveracruz.com\/wp-content\/uploads\/2025\/12\/Logo-Nuevo-LOS-POLITICOS-1.jpg","width":260,"height":70,"caption":"Los pol\u00edticos Veracruz"},"image":{"@id":"https:\/\/lospoliticosveracruz.com\/#\/schema\/logo\/image\/"},"sameAs":["https:\/\/www.facebook.com\/people\/Notimemes-de-los-Polticos\/61565672886568\/","https:\/\/x.com\/LosPoliticosVer"]},{"@type":"Person","@id":"https:\/\/lospoliticosveracruz.com\/#\/schema\/person\/b8702bb0e538456e6efd07080bf2a4a2","name":"Lo viste en Los Pol\u00edticos","image":{"@type":"ImageObject","inLanguage":"es","@id":"https:\/\/secure.gravatar.com\/avatar\/3a8de04a2656d44082be478bd6c086daa447c4651605818287b9532d3d0bd435?s=96&d=mm&r=g","url":"https:\/\/secure.gravatar.com\/avatar\/3a8de04a2656d44082be478bd6c086daa447c4651605818287b9532d3d0bd435?s=96&d=mm&r=g","contentUrl":"https:\/\/secure.gravatar.com\/avatar\/3a8de04a2656d44082be478bd6c086daa447c4651605818287b9532d3d0bd435?s=96&d=mm&r=g","caption":"Lo viste en Los Pol\u00edticos"},"url":"https:\/\/lospoliticosveracruz.com\/?author=2"}]}},"_links":{"self":[{"href":"https:\/\/lospoliticosveracruz.com\/index.php?rest_route=\/wp\/v2\/posts\/13599","targetHints":{"allow":["GET"]}}],"collection":[{"href":"https:\/\/lospoliticosveracruz.com\/index.php?rest_route=\/wp\/v2\/posts"}],"about":[{"href":"https:\/\/lospoliticosveracruz.com\/index.php?rest_route=\/wp\/v2\/types\/post"}],"author":[{"embeddable":true,"href":"https:\/\/lospoliticosveracruz.com\/index.php?rest_route=\/wp\/v2\/users\/2"}],"replies":[{"embeddable":true,"href":"https:\/\/lospoliticosveracruz.com\/index.php?rest_route=%2Fwp%2Fv2%2Fcomments&post=13599"}],"version-history":[{"count":2,"href":"https:\/\/lospoliticosveracruz.com\/index.php?rest_route=\/wp\/v2\/posts\/13599\/revisions"}],"predecessor-version":[{"id":13602,"href":"https:\/\/lospoliticosveracruz.com\/index.php?rest_route=\/wp\/v2\/posts\/13599\/revisions\/13602"}],"wp:attachment":[{"href":"https:\/\/lospoliticosveracruz.com\/index.php?rest_route=%2Fwp%2Fv2%2Fmedia&parent=13599"}],"wp:term":[{"taxonomy":"category","embeddable":true,"href":"https:\/\/lospoliticosveracruz.com\/index.php?rest_route=%2Fwp%2Fv2%2Fcategories&post=13599"},{"taxonomy":"post_tag","embeddable":true,"href":"https:\/\/lospoliticosveracruz.com\/index.php?rest_route=%2Fwp%2Fv2%2Ftags&post=13599"}],"curies":[{"name":"wp","href":"https:\/\/api.w.org\/{rel}","templated":true}]}}