{"id":13624,"date":"2014-11-20T20:38:10","date_gmt":"2014-11-21T02:38:10","guid":{"rendered":"http:\/\/www.lospoliticosveracruz.com.mx\/?p=13624"},"modified":"2014-11-20T20:38:10","modified_gmt":"2014-11-21T02:38:10","slug":"magno-y-la-voluntad-anticipada","status":"publish","type":"post","link":"https:\/\/lospoliticosveracruz.com\/?p=13624","title":{"rendered":"Magno y la voluntad anticipada"},"content":{"rendered":"<p>&nbsp;<\/p>\n<p><a href=\"http:\/\/www.lospoliticosveracruz.com.mx\/wp-content\/uploads\/2014\/11\/Magno-Garcimarrero.jpg\"><img loading=\"lazy\" decoding=\"async\" class=\"alignnone size-medium wp-image-13625\" src=\"http:\/\/www.lospoliticosveracruz.com.mx\/wp-content\/uploads\/2014\/11\/Magno-Garcimarrero-300x194.jpg\" alt=\"Magno-Garcimarrero\" width=\"300\" height=\"194\" srcset=\"https:\/\/lospoliticosveracruz.com\/wp-content\/uploads\/2014\/11\/Magno-Garcimarrero-300x194.jpg 300w, https:\/\/lospoliticosveracruz.com\/wp-content\/uploads\/2014\/11\/Magno-Garcimarrero.jpg 764w\" sizes=\"auto, (max-width: 300px) 100vw, 300px\" \/><\/a><\/p>\n<p><strong>Luis Alberto Romero<\/strong><\/p>\n<p><em>Hora Cero<\/em><\/p>\n<p>&nbsp;<\/p>\n<p>El abogado Magno Garcimarrero Ochoa es un personaje de la vida cultural de Veracruz y, particularmente, de la capital del estado; hace m\u00e1s de una d\u00e9cada, tambi\u00e9n era referente de la izquierda veracruzana; por el PRD, fue diputado en la Legislatura Local y despu\u00e9s, suplente del senador Heberto Castillo Mart\u00ednez. En 1997, debido a la muerte del ingeniero Castillo, Magno lleg\u00f3 a la C\u00e1mara Alta. Se le recuerda, adem\u00e1s, por sus propuestas para defender a los centros hist\u00f3ricos de algunas ciudades de Veracruz y para la protecci\u00f3n de los animales.<\/p>\n<p>M\u00e1s recientemente, hace una d\u00e9cada, Garcimarrero Ochoa fue secretario del ayuntamiento de Xalapa.<\/p>\n<p>Ha escrito diez libros pero lo que llama la atenci\u00f3n ahora, su trabajo m\u00e1s reciente, es un estudio sobre el tema de la voluntad anticipada y la iniciativa correspondiente para que el Congreso local legisle en esa materia.<\/p>\n<p>La voluntad anticipada es la decisi\u00f3n de una persona para ser sometida o no a tratamientos m\u00e9dicos para prolongar la vida, cuando se encuentra en etapa terminal.<\/p>\n<p>En una larga pl\u00e1tica con Magno Garcimarrero, explica que el objetivo de esta figura jur\u00eddica, que ya se aplica en varias entidades del pa\u00eds, es evitar la obstinaci\u00f3n terap\u00e9utica; es decir, el uso de m\u00e9todos m\u00e9dicos desproporcionados o in\u00fatiles, dada la gravedad del paciente, con el objeto de alargar la vida, cuando el enfermo ya se encuentra en agon\u00eda.<\/p>\n<p>La propuesta fue presentada a dos diputados que en la Legislatura del estado representan a expresiones de la izquierda, Fidel Robles Guadarrama, del Partido del Trabajo; y Cuauht\u00e9moc Pola Estrada, del Movimiento Ciudadano.<\/p>\n<p>El tema no es nuevo en el pa\u00eds: fue legislado inicialmente en el Distrito Federal en 2008; posteriormente fue aprobado por otras 11 legislaturas estatales, Coahuila, Aguascalientes, Hidalgo, Chihuahua, San Luis Potos\u00ed, Guanajuato, Michoac\u00e1n, Nayarit, Guerrero, Colima y Estado de M\u00e9xico.<\/p>\n<p>Cuando este recurso se aprob\u00f3 en el Distrito Federal, que cuenta con una ley en la materia, se argument\u00f3 que respalda el derecho del paciente a decidir sobre los cuidados que recibir\u00e1 en la \u00faltima etapa de su vida.<br \/>\nB\u00e1sicamente, la voluntad anticipada ser\u00eda el equivalente al testamento, que es un instrumento jur\u00eddico que indica c\u00f3mo se debe disponer de los bienes de una persona despu\u00e9s de su muerte; en el caso de la figura que propone Magno Garcimarrero, la persona indica c\u00f3mo quiere que se disponga de su salud, su cuerpo y su vida, en un momento cercano a la muerte, con enfermedad terminal, y en el que ya no sea capaz de decidir por s\u00ed misma.<\/p>\n<p>Aclara que no se trata de un eufemismo que se refiera a la eutanasia o a la muerte asistida, ya que su objetivo no es provocar la muerte o acortar la vida de un enfermo terminal, sino respetar y acompa\u00f1ar el curso natural de la enfermedad en esta etapa. Sin embargo, la iglesia cat\u00f3lica ha iniciado un movimiento que incluye la recolecci\u00f3n de firmas para proponer al Congreso del estado que el derecho a la vida, desde su concepci\u00f3n, sea incluido en las leyes de la entidad y con esto cerrar\u00edan el paso tanto al aborto como a la voluntad anticipada.<\/p>\n<p>Por cierto, la propuesta que plantea Magno le fue presentada a H\u00e9ctor Yunes Landa, cuando se encontraba en la campa\u00f1a rumbo a la C\u00e1mara Alta, pero el hoy senador desestim\u00f3 el asunto porque, evidentemente, no se trata de un tema rentable en t\u00e9rminos electorales; veremos ahora si los diputados Robles Guadarrama y Pola Estrada presentan la iniciativa para su debate en la Legislatura local. @luisromero85<\/p>\n","protected":false},"excerpt":{"rendered":"<p>&nbsp; Luis Alberto Romero Hora Cero &nbsp; El abogado Magno Garcimarrero Ochoa es un personaje de la vida cultural de Veracruz y, particularmente, de la capital del estado; hace m\u00e1s de una d\u00e9cada, tambi\u00e9n era referente de la izquierda veracruzana; por el PRD, fue diputado en la Legislatura Local y despu\u00e9s, suplente del senador Heberto [&hellip;]<\/p>\n","protected":false},"author":2,"featured_media":0,"comment_status":"open","ping_status":"open","sticky":false,"template":"","format":"standard","meta":{"tdm_status":"","tdm_grid_status":"","footnotes":""},"categories":[70],"tags":[928,927,680],"class_list":{"0":"post-13624","1":"post","2":"type-post","3":"status-publish","4":"format-standard","6":"category-de-opinion","7":"tag-cuauhtemoc-pola-estrada","8":"tag-fidel-robles-guadarrama","9":"tag-magno-garcimarrero"},"yoast_head":"<!-- This site is optimized with the Yoast SEO plugin v27.4 - https:\/\/yoast.com\/product\/yoast-seo-wordpress\/ -->\n<title>Magno y la voluntad anticipada - Los pol\u00edticos Veracruz<\/title>\n<meta name=\"robots\" content=\"index, follow, max-snippet:-1, max-image-preview:large, max-video-preview:-1\" \/>\n<link rel=\"canonical\" href=\"https:\/\/lospoliticosveracruz.com\/?p=13624\" \/>\n<meta property=\"og:locale\" content=\"es_ES\" \/>\n<meta property=\"og:type\" content=\"article\" \/>\n<meta property=\"og:title\" content=\"Magno y la voluntad anticipada - Los pol\u00edticos Veracruz\" \/>\n<meta property=\"og:description\" content=\"&nbsp; Luis Alberto Romero Hora Cero &nbsp; El abogado Magno Garcimarrero Ochoa es un personaje de la vida cultural de Veracruz y, particularmente, de la capital del estado; hace m\u00e1s de una d\u00e9cada, tambi\u00e9n era referente de la izquierda veracruzana; por el PRD, fue diputado en la Legislatura Local y despu\u00e9s, suplente del senador Heberto [&hellip;]\" \/>\n<meta property=\"og:url\" content=\"https:\/\/lospoliticosveracruz.com\/?p=13624\" \/>\n<meta property=\"og:site_name\" content=\"Los pol\u00edticos Veracruz\" \/>\n<meta property=\"article:publisher\" content=\"https:\/\/www.facebook.com\/people\/Notimemes-de-los-Polticos\/61565672886568\/\" \/>\n<meta property=\"article:published_time\" content=\"2014-11-21T02:38:10+00:00\" \/>\n<meta property=\"og:image\" content=\"http:\/\/www.lospoliticosveracruz.com.mx\/wp-content\/uploads\/2014\/11\/Magno-Garcimarrero-300x194.jpg\" \/>\n<meta name=\"author\" content=\"Lo viste en Los Pol\u00edticos\" \/>\n<meta name=\"twitter:card\" content=\"summary_large_image\" \/>\n<meta name=\"twitter:creator\" content=\"@LosPoliticosVer\" \/>\n<meta name=\"twitter:site\" content=\"@LosPoliticosVer\" \/>\n<meta name=\"twitter:label1\" content=\"Escrito por\" \/>\n\t<meta name=\"twitter:data1\" content=\"Lo viste en Los Pol\u00edticos\" \/>\n\t<meta name=\"twitter:label2\" content=\"Tiempo de lectura\" \/>\n\t<meta name=\"twitter:data2\" content=\"3 minutos\" \/>\n<script type=\"application\/ld+json\" class=\"yoast-schema-graph\">{\"@context\":\"https:\\\/\\\/schema.org\",\"@graph\":[{\"@type\":\"Article\",\"@id\":\"https:\\\/\\\/lospoliticosveracruz.com\\\/?p=13624#article\",\"isPartOf\":{\"@id\":\"https:\\\/\\\/lospoliticosveracruz.com\\\/?p=13624\"},\"author\":{\"name\":\"Lo viste en Los Pol\u00edticos\",\"@id\":\"https:\\\/\\\/lospoliticosveracruz.com\\\/#\\\/schema\\\/person\\\/b8702bb0e538456e6efd07080bf2a4a2\"},\"headline\":\"Magno y la voluntad anticipada\",\"datePublished\":\"2014-11-21T02:38:10+00:00\",\"mainEntityOfPage\":{\"@id\":\"https:\\\/\\\/lospoliticosveracruz.com\\\/?p=13624\"},\"wordCount\":637,\"commentCount\":0,\"publisher\":{\"@id\":\"https:\\\/\\\/lospoliticosveracruz.com\\\/#organization\"},\"image\":{\"@id\":\"https:\\\/\\\/lospoliticosveracruz.com\\\/?p=13624#primaryimage\"},\"thumbnailUrl\":\"http:\\\/\\\/www.lospoliticosveracruz.com.mx\\\/wp-content\\\/uploads\\\/2014\\\/11\\\/Magno-Garcimarrero-300x194.jpg\",\"keywords\":[\"Cuauht\u00e9moc Pola Estrada\",\"Fidel Robles Guadarrama\",\"Magno Garcimarrero\"],\"articleSection\":[\"De Opini\u00f3n\"],\"inLanguage\":\"es\",\"potentialAction\":[{\"@type\":\"CommentAction\",\"name\":\"Comment\",\"target\":[\"https:\\\/\\\/lospoliticosveracruz.com\\\/?p=13624#respond\"]}]},{\"@type\":\"WebPage\",\"@id\":\"https:\\\/\\\/lospoliticosveracruz.com\\\/?p=13624\",\"url\":\"https:\\\/\\\/lospoliticosveracruz.com\\\/?p=13624\",\"name\":\"Magno y la voluntad anticipada - Los pol\u00edticos Veracruz\",\"isPartOf\":{\"@id\":\"https:\\\/\\\/lospoliticosveracruz.com\\\/#website\"},\"primaryImageOfPage\":{\"@id\":\"https:\\\/\\\/lospoliticosveracruz.com\\\/?p=13624#primaryimage\"},\"image\":{\"@id\":\"https:\\\/\\\/lospoliticosveracruz.com\\\/?p=13624#primaryimage\"},\"thumbnailUrl\":\"http:\\\/\\\/www.lospoliticosveracruz.com.mx\\\/wp-content\\\/uploads\\\/2014\\\/11\\\/Magno-Garcimarrero-300x194.jpg\",\"datePublished\":\"2014-11-21T02:38:10+00:00\",\"breadcrumb\":{\"@id\":\"https:\\\/\\\/lospoliticosveracruz.com\\\/?p=13624#breadcrumb\"},\"inLanguage\":\"es\",\"potentialAction\":[{\"@type\":\"ReadAction\",\"target\":[\"https:\\\/\\\/lospoliticosveracruz.com\\\/?p=13624\"]}]},{\"@type\":\"ImageObject\",\"inLanguage\":\"es\",\"@id\":\"https:\\\/\\\/lospoliticosveracruz.com\\\/?p=13624#primaryimage\",\"url\":\"http:\\\/\\\/www.lospoliticosveracruz.com.mx\\\/wp-content\\\/uploads\\\/2014\\\/11\\\/Magno-Garcimarrero-300x194.jpg\",\"contentUrl\":\"http:\\\/\\\/www.lospoliticosveracruz.com.mx\\\/wp-content\\\/uploads\\\/2014\\\/11\\\/Magno-Garcimarrero-300x194.jpg\"},{\"@type\":\"BreadcrumbList\",\"@id\":\"https:\\\/\\\/lospoliticosveracruz.com\\\/?p=13624#breadcrumb\",\"itemListElement\":[{\"@type\":\"ListItem\",\"position\":1,\"name\":\"Portada\",\"item\":\"https:\\\/\\\/lospoliticosveracruz.com\\\/\"},{\"@type\":\"ListItem\",\"position\":2,\"name\":\"Magno y la voluntad anticipada\"}]},{\"@type\":\"WebSite\",\"@id\":\"https:\\\/\\\/lospoliticosveracruz.com\\\/#website\",\"url\":\"https:\\\/\\\/lospoliticosveracruz.com\\\/\",\"name\":\"Los pol\u00edticos Veracruz\",\"description\":\"\",\"publisher\":{\"@id\":\"https:\\\/\\\/lospoliticosveracruz.com\\\/#organization\"},\"potentialAction\":[{\"@type\":\"SearchAction\",\"target\":{\"@type\":\"EntryPoint\",\"urlTemplate\":\"https:\\\/\\\/lospoliticosveracruz.com\\\/?s={search_term_string}\"},\"query-input\":{\"@type\":\"PropertyValueSpecification\",\"valueRequired\":true,\"valueName\":\"search_term_string\"}}],\"inLanguage\":\"es\"},{\"@type\":\"Organization\",\"@id\":\"https:\\\/\\\/lospoliticosveracruz.com\\\/#organization\",\"name\":\"Los pol\u00edticos Veracruz\",\"url\":\"https:\\\/\\\/lospoliticosveracruz.com\\\/\",\"logo\":{\"@type\":\"ImageObject\",\"inLanguage\":\"es\",\"@id\":\"https:\\\/\\\/lospoliticosveracruz.com\\\/#\\\/schema\\\/logo\\\/image\\\/\",\"url\":\"https:\\\/\\\/lospoliticosveracruz.com\\\/wp-content\\\/uploads\\\/2025\\\/12\\\/Logo-Nuevo-LOS-POLITICOS-1.jpg\",\"contentUrl\":\"https:\\\/\\\/lospoliticosveracruz.com\\\/wp-content\\\/uploads\\\/2025\\\/12\\\/Logo-Nuevo-LOS-POLITICOS-1.jpg\",\"width\":260,\"height\":70,\"caption\":\"Los pol\u00edticos Veracruz\"},\"image\":{\"@id\":\"https:\\\/\\\/lospoliticosveracruz.com\\\/#\\\/schema\\\/logo\\\/image\\\/\"},\"sameAs\":[\"https:\\\/\\\/www.facebook.com\\\/people\\\/Notimemes-de-los-Polticos\\\/61565672886568\\\/\",\"https:\\\/\\\/x.com\\\/LosPoliticosVer\"]},{\"@type\":\"Person\",\"@id\":\"https:\\\/\\\/lospoliticosveracruz.com\\\/#\\\/schema\\\/person\\\/b8702bb0e538456e6efd07080bf2a4a2\",\"name\":\"Lo viste en Los Pol\u00edticos\",\"image\":{\"@type\":\"ImageObject\",\"inLanguage\":\"es\",\"@id\":\"https:\\\/\\\/secure.gravatar.com\\\/avatar\\\/3a8de04a2656d44082be478bd6c086daa447c4651605818287b9532d3d0bd435?s=96&d=mm&r=g\",\"url\":\"https:\\\/\\\/secure.gravatar.com\\\/avatar\\\/3a8de04a2656d44082be478bd6c086daa447c4651605818287b9532d3d0bd435?s=96&d=mm&r=g\",\"contentUrl\":\"https:\\\/\\\/secure.gravatar.com\\\/avatar\\\/3a8de04a2656d44082be478bd6c086daa447c4651605818287b9532d3d0bd435?s=96&d=mm&r=g\",\"caption\":\"Lo viste en Los Pol\u00edticos\"},\"url\":\"https:\\\/\\\/lospoliticosveracruz.com\\\/?author=2\"}]}<\/script>\n<!-- \/ Yoast SEO plugin. -->","yoast_head_json":{"title":"Magno y la voluntad anticipada - Los pol\u00edticos Veracruz","robots":{"index":"index","follow":"follow","max-snippet":"max-snippet:-1","max-image-preview":"max-image-preview:large","max-video-preview":"max-video-preview:-1"},"canonical":"https:\/\/lospoliticosveracruz.com\/?p=13624","og_locale":"es_ES","og_type":"article","og_title":"Magno y la voluntad anticipada - Los pol\u00edticos Veracruz","og_description":"&nbsp; Luis Alberto Romero Hora Cero &nbsp; El abogado Magno Garcimarrero Ochoa es un personaje de la vida cultural de Veracruz y, particularmente, de la capital del estado; hace m\u00e1s de una d\u00e9cada, tambi\u00e9n era referente de la izquierda veracruzana; por el PRD, fue diputado en la Legislatura Local y despu\u00e9s, suplente del senador Heberto [&hellip;]","og_url":"https:\/\/lospoliticosveracruz.com\/?p=13624","og_site_name":"Los pol\u00edticos Veracruz","article_publisher":"https:\/\/www.facebook.com\/people\/Notimemes-de-los-Polticos\/61565672886568\/","article_published_time":"2014-11-21T02:38:10+00:00","og_image":[{"url":"http:\/\/www.lospoliticosveracruz.com.mx\/wp-content\/uploads\/2014\/11\/Magno-Garcimarrero-300x194.jpg","type":"","width":"","height":""}],"author":"Lo viste en Los Pol\u00edticos","twitter_card":"summary_large_image","twitter_creator":"@LosPoliticosVer","twitter_site":"@LosPoliticosVer","twitter_misc":{"Escrito por":"Lo viste en Los Pol\u00edticos","Tiempo de lectura":"3 minutos"},"schema":{"@context":"https:\/\/schema.org","@graph":[{"@type":"Article","@id":"https:\/\/lospoliticosveracruz.com\/?p=13624#article","isPartOf":{"@id":"https:\/\/lospoliticosveracruz.com\/?p=13624"},"author":{"name":"Lo viste en Los Pol\u00edticos","@id":"https:\/\/lospoliticosveracruz.com\/#\/schema\/person\/b8702bb0e538456e6efd07080bf2a4a2"},"headline":"Magno y la voluntad anticipada","datePublished":"2014-11-21T02:38:10+00:00","mainEntityOfPage":{"@id":"https:\/\/lospoliticosveracruz.com\/?p=13624"},"wordCount":637,"commentCount":0,"publisher":{"@id":"https:\/\/lospoliticosveracruz.com\/#organization"},"image":{"@id":"https:\/\/lospoliticosveracruz.com\/?p=13624#primaryimage"},"thumbnailUrl":"http:\/\/www.lospoliticosveracruz.com.mx\/wp-content\/uploads\/2014\/11\/Magno-Garcimarrero-300x194.jpg","keywords":["Cuauht\u00e9moc Pola Estrada","Fidel Robles Guadarrama","Magno Garcimarrero"],"articleSection":["De Opini\u00f3n"],"inLanguage":"es","potentialAction":[{"@type":"CommentAction","name":"Comment","target":["https:\/\/lospoliticosveracruz.com\/?p=13624#respond"]}]},{"@type":"WebPage","@id":"https:\/\/lospoliticosveracruz.com\/?p=13624","url":"https:\/\/lospoliticosveracruz.com\/?p=13624","name":"Magno y la voluntad anticipada - Los pol\u00edticos Veracruz","isPartOf":{"@id":"https:\/\/lospoliticosveracruz.com\/#website"},"primaryImageOfPage":{"@id":"https:\/\/lospoliticosveracruz.com\/?p=13624#primaryimage"},"image":{"@id":"https:\/\/lospoliticosveracruz.com\/?p=13624#primaryimage"},"thumbnailUrl":"http:\/\/www.lospoliticosveracruz.com.mx\/wp-content\/uploads\/2014\/11\/Magno-Garcimarrero-300x194.jpg","datePublished":"2014-11-21T02:38:10+00:00","breadcrumb":{"@id":"https:\/\/lospoliticosveracruz.com\/?p=13624#breadcrumb"},"inLanguage":"es","potentialAction":[{"@type":"ReadAction","target":["https:\/\/lospoliticosveracruz.com\/?p=13624"]}]},{"@type":"ImageObject","inLanguage":"es","@id":"https:\/\/lospoliticosveracruz.com\/?p=13624#primaryimage","url":"http:\/\/www.lospoliticosveracruz.com.mx\/wp-content\/uploads\/2014\/11\/Magno-Garcimarrero-300x194.jpg","contentUrl":"http:\/\/www.lospoliticosveracruz.com.mx\/wp-content\/uploads\/2014\/11\/Magno-Garcimarrero-300x194.jpg"},{"@type":"BreadcrumbList","@id":"https:\/\/lospoliticosveracruz.com\/?p=13624#breadcrumb","itemListElement":[{"@type":"ListItem","position":1,"name":"Portada","item":"https:\/\/lospoliticosveracruz.com\/"},{"@type":"ListItem","position":2,"name":"Magno y la voluntad anticipada"}]},{"@type":"WebSite","@id":"https:\/\/lospoliticosveracruz.com\/#website","url":"https:\/\/lospoliticosveracruz.com\/","name":"Los pol\u00edticos Veracruz","description":"","publisher":{"@id":"https:\/\/lospoliticosveracruz.com\/#organization"},"potentialAction":[{"@type":"SearchAction","target":{"@type":"EntryPoint","urlTemplate":"https:\/\/lospoliticosveracruz.com\/?s={search_term_string}"},"query-input":{"@type":"PropertyValueSpecification","valueRequired":true,"valueName":"search_term_string"}}],"inLanguage":"es"},{"@type":"Organization","@id":"https:\/\/lospoliticosveracruz.com\/#organization","name":"Los pol\u00edticos Veracruz","url":"https:\/\/lospoliticosveracruz.com\/","logo":{"@type":"ImageObject","inLanguage":"es","@id":"https:\/\/lospoliticosveracruz.com\/#\/schema\/logo\/image\/","url":"https:\/\/lospoliticosveracruz.com\/wp-content\/uploads\/2025\/12\/Logo-Nuevo-LOS-POLITICOS-1.jpg","contentUrl":"https:\/\/lospoliticosveracruz.com\/wp-content\/uploads\/2025\/12\/Logo-Nuevo-LOS-POLITICOS-1.jpg","width":260,"height":70,"caption":"Los pol\u00edticos Veracruz"},"image":{"@id":"https:\/\/lospoliticosveracruz.com\/#\/schema\/logo\/image\/"},"sameAs":["https:\/\/www.facebook.com\/people\/Notimemes-de-los-Polticos\/61565672886568\/","https:\/\/x.com\/LosPoliticosVer"]},{"@type":"Person","@id":"https:\/\/lospoliticosveracruz.com\/#\/schema\/person\/b8702bb0e538456e6efd07080bf2a4a2","name":"Lo viste en Los Pol\u00edticos","image":{"@type":"ImageObject","inLanguage":"es","@id":"https:\/\/secure.gravatar.com\/avatar\/3a8de04a2656d44082be478bd6c086daa447c4651605818287b9532d3d0bd435?s=96&d=mm&r=g","url":"https:\/\/secure.gravatar.com\/avatar\/3a8de04a2656d44082be478bd6c086daa447c4651605818287b9532d3d0bd435?s=96&d=mm&r=g","contentUrl":"https:\/\/secure.gravatar.com\/avatar\/3a8de04a2656d44082be478bd6c086daa447c4651605818287b9532d3d0bd435?s=96&d=mm&r=g","caption":"Lo viste en Los Pol\u00edticos"},"url":"https:\/\/lospoliticosveracruz.com\/?author=2"}]}},"_links":{"self":[{"href":"https:\/\/lospoliticosveracruz.com\/index.php?rest_route=\/wp\/v2\/posts\/13624","targetHints":{"allow":["GET"]}}],"collection":[{"href":"https:\/\/lospoliticosveracruz.com\/index.php?rest_route=\/wp\/v2\/posts"}],"about":[{"href":"https:\/\/lospoliticosveracruz.com\/index.php?rest_route=\/wp\/v2\/types\/post"}],"author":[{"embeddable":true,"href":"https:\/\/lospoliticosveracruz.com\/index.php?rest_route=\/wp\/v2\/users\/2"}],"replies":[{"embeddable":true,"href":"https:\/\/lospoliticosveracruz.com\/index.php?rest_route=%2Fwp%2Fv2%2Fcomments&post=13624"}],"version-history":[{"count":1,"href":"https:\/\/lospoliticosveracruz.com\/index.php?rest_route=\/wp\/v2\/posts\/13624\/revisions"}],"predecessor-version":[{"id":13626,"href":"https:\/\/lospoliticosveracruz.com\/index.php?rest_route=\/wp\/v2\/posts\/13624\/revisions\/13626"}],"wp:attachment":[{"href":"https:\/\/lospoliticosveracruz.com\/index.php?rest_route=%2Fwp%2Fv2%2Fmedia&parent=13624"}],"wp:term":[{"taxonomy":"category","embeddable":true,"href":"https:\/\/lospoliticosveracruz.com\/index.php?rest_route=%2Fwp%2Fv2%2Fcategories&post=13624"},{"taxonomy":"post_tag","embeddable":true,"href":"https:\/\/lospoliticosveracruz.com\/index.php?rest_route=%2Fwp%2Fv2%2Ftags&post=13624"}],"curies":[{"name":"wp","href":"https:\/\/api.w.org\/{rel}","templated":true}]}}