{"id":136386,"date":"2025-01-23T22:15:50","date_gmt":"2025-01-24T04:15:50","guid":{"rendered":"https:\/\/lospoliticosveracruz.com.mx\/?p=136386"},"modified":"2025-01-23T22:16:06","modified_gmt":"2025-01-24T04:16:06","slug":"uno-como-sea-las-criaturas","status":"publish","type":"post","link":"https:\/\/lospoliticosveracruz.com\/?p=136386","title":{"rendered":"UNO COMO SEA\u2026 LAS CRIATURAS!"},"content":{"rendered":"\n<p><\/p>\n\n\n\n<p><\/p>\n\n\n\n<p><\/p>\n\n\n\n<p>En sesi\u00f3n ordinaria, la diputada Naomi Edith G\u00f3mez Santos present\u00f3 una iniciativa que plantea actualizar diversas disposiciones de la Ley de los Derechos de Ni\u00f1as, Ni\u00f1os y Adolescentes del estado en materia de obligaciones alimentarias.<\/p>\n\n\n\n<p>En su propuesta, la legisladora refiere la creciente demanda de disoluci\u00f3n de v\u00ednculos matrimoniales en todo el pa\u00eds que, de acuerdo con el Instituto Nacional de Estad\u00edstica y Geograf\u00eda (Inegi), para 2023, se registr\u00f3 un total de 163 mil 487 divorcios, de los cuales, 10 por ciento se tramit\u00f3 por la v\u00eda administrativa y el 90 por ciento restante, en la judicial.<\/p>\n\n\n\n<p>Se\u00f1ala que, de los divorcios judiciales registrados, 22.9 por ciento de los matrimonios extinguidos ten\u00eda una o un hijo menor de edad; 16.8 por ciento ten\u00eda dos hijas o hijos; 5.8 por ciento, m\u00e1s de dos; 53.6 por ciento no ten\u00eda descendientes al momento de disolver el v\u00ednculo nupcial y en 0.9 por ciento de los casos no se especific\u00f3. De todo lo cual, la pensi\u00f3n se asign\u00f3 a las hijas e hijos en el 39.6 por ciento de los casos.<\/p>\n\n\n\n<p>La proponente considera necesario proceder con el acatamiento del mandamiento legal para armonizar la legislaci\u00f3n interna veracruzana en materia de ni\u00f1as, ni\u00f1os y adolescentes, y con base en ello, adoptar las medidas normativas correspondientes al Registro Nacional de Obligaciones Alimentarias.<\/p>\n\n\n\n<p>As\u00ed, plantea una adici\u00f3n al glosario previsto por el Art\u00edculo 4, de los conceptos de Certificado de No Inscripci\u00f3n; C\u00f3digo Nacional de Procedimientos Civiles y Familiares; el Registro Nacional de Obligaciones Alimentarias y sus Lineamientos.<\/p>\n\n\n\n<p>Tambi\u00e9n una reforma al segundo p\u00e1rrafo de la fracci\u00f3n I, del Art\u00edculo 86, para ampliar el alcance de los derechos alimentarios en favor de las ni\u00f1as, ni\u00f1os y adolescentes, incluyendo adem\u00e1s acciones afirmativas en favor de aquellos que tienen alg\u00fan tipo de discapacidad o han sido declarados en estado de interdicci\u00f3n, debiendo hacer lo necesario para lograr, en lo posible, su habilitaci\u00f3n o rehabilitaci\u00f3n y su desarrollo.<\/p>\n\n\n\n<p>Por \u00faltimo, adiciona una Secci\u00f3n Cuarta al Cap\u00edtulo Tercero del T\u00edtulo Quinto, denominada Del incumplimiento de las Obligaciones Alimentarias que contendr\u00e1 los art\u00edculos 115 Bis, 115 Ter, 115 Qu\u00e1ter, 115 Quinquies y 115 Sexties, en los cuales se dispone el nuevo marco normativo en materia de pensiones alimenticias y la implementaci\u00f3n del Registro Nacional de Obligaciones Alimentarias en observancia de los decretos generales.<\/p>\n\n\n\n<p>Con la adhesi\u00f3n de los grupos legislativos de Morena, del Partido del Trabajo y del Partido Verde Ecologista de M\u00e9xico, de las diputadas Mar\u00eda Elena C\u00f3rdova Molina y Ana Rosa Vald\u00e9s Salazar y del legislador H\u00e9ctor Yunes Landa, esta iniciativa fue turnada a la Comisi\u00f3n Permanente de Derechos de la Ni\u00f1ez, la Adolescencia y la Familia.<\/p>\n","protected":false},"excerpt":{"rendered":"<p>En sesi\u00f3n ordinaria, la diputada Naomi Edith G\u00f3mez Santos present\u00f3 una iniciativa que plantea actualizar diversas disposiciones de la Ley de los Derechos de Ni\u00f1as, Ni\u00f1os y Adolescentes del estado en materia de obligaciones alimentarias. En su propuesta, la legisladora refiere la creciente demanda de disoluci\u00f3n de v\u00ednculos matrimoniales en todo el pa\u00eds que, de [&hellip;]<\/p>\n","protected":false},"author":2,"featured_media":0,"comment_status":"closed","ping_status":"closed","sticky":false,"template":"","format":"standard","meta":{"tdm_status":"","tdm_grid_status":"","footnotes":""},"categories":[73],"tags":[42396],"class_list":{"0":"post-136386","1":"post","2":"type-post","3":"status-publish","4":"format-standard","6":"category-de-boleto","7":"tag-naomi-gomez-santos"},"yoast_head":"<!-- This site is optimized with the Yoast SEO plugin v27.4 - https:\/\/yoast.com\/product\/yoast-seo-wordpress\/ -->\n<title>UNO COMO SEA\u2026 LAS CRIATURAS! - Los pol\u00edticos Veracruz<\/title>\n<meta name=\"robots\" content=\"index, follow, max-snippet:-1, max-image-preview:large, max-video-preview:-1\" \/>\n<link rel=\"canonical\" href=\"https:\/\/lospoliticosveracruz.com\/?p=136386\" \/>\n<meta property=\"og:locale\" content=\"es_ES\" \/>\n<meta property=\"og:type\" content=\"article\" \/>\n<meta property=\"og:title\" content=\"UNO COMO SEA\u2026 LAS CRIATURAS! - Los pol\u00edticos Veracruz\" \/>\n<meta property=\"og:description\" content=\"En sesi\u00f3n ordinaria, la diputada Naomi Edith G\u00f3mez Santos present\u00f3 una iniciativa que plantea actualizar diversas disposiciones de la Ley de los Derechos de Ni\u00f1as, Ni\u00f1os y Adolescentes del estado en materia de obligaciones alimentarias. En su propuesta, la legisladora refiere la creciente demanda de disoluci\u00f3n de v\u00ednculos matrimoniales en todo el pa\u00eds que, de [&hellip;]\" \/>\n<meta property=\"og:url\" content=\"https:\/\/lospoliticosveracruz.com\/?p=136386\" \/>\n<meta property=\"og:site_name\" content=\"Los pol\u00edticos Veracruz\" \/>\n<meta property=\"article:publisher\" content=\"https:\/\/www.facebook.com\/people\/Notimemes-de-los-Polticos\/61565672886568\/\" \/>\n<meta property=\"article:published_time\" content=\"2025-01-24T04:15:50+00:00\" \/>\n<meta property=\"article:modified_time\" content=\"2025-01-24T04:16:06+00:00\" \/>\n<meta property=\"og:image\" content=\"https:\/\/lospoliticosveracruz.com\/wp-content\/uploads\/2016\/07\/Logo-Dor.jpg\" \/>\n\t<meta property=\"og:image:width\" content=\"200\" \/>\n\t<meta property=\"og:image:height\" content=\"200\" \/>\n\t<meta property=\"og:image:type\" content=\"image\/jpeg\" \/>\n<meta name=\"author\" content=\"Lo viste en Los Pol\u00edticos\" \/>\n<meta name=\"twitter:card\" content=\"summary_large_image\" \/>\n<meta name=\"twitter:creator\" content=\"@LosPoliticosVer\" \/>\n<meta name=\"twitter:site\" content=\"@LosPoliticosVer\" \/>\n<meta name=\"twitter:label1\" content=\"Escrito por\" \/>\n\t<meta name=\"twitter:data1\" content=\"Lo viste en Los Pol\u00edticos\" \/>\n\t<meta name=\"twitter:label2\" content=\"Tiempo de lectura\" \/>\n\t<meta name=\"twitter:data2\" content=\"2 minutos\" \/>\n<script type=\"application\/ld+json\" class=\"yoast-schema-graph\">{\"@context\":\"https:\\\/\\\/schema.org\",\"@graph\":[{\"@type\":\"Article\",\"@id\":\"https:\\\/\\\/lospoliticosveracruz.com\\\/?p=136386#article\",\"isPartOf\":{\"@id\":\"https:\\\/\\\/lospoliticosveracruz.com\\\/?p=136386\"},\"author\":{\"name\":\"Lo viste en Los Pol\u00edticos\",\"@id\":\"https:\\\/\\\/lospoliticosveracruz.com\\\/#\\\/schema\\\/person\\\/b8702bb0e538456e6efd07080bf2a4a2\"},\"headline\":\"UNO COMO SEA\u2026 LAS CRIATURAS!\",\"datePublished\":\"2025-01-24T04:15:50+00:00\",\"dateModified\":\"2025-01-24T04:16:06+00:00\",\"mainEntityOfPage\":{\"@id\":\"https:\\\/\\\/lospoliticosveracruz.com\\\/?p=136386\"},\"wordCount\":475,\"publisher\":{\"@id\":\"https:\\\/\\\/lospoliticosveracruz.com\\\/#organization\"},\"keywords\":[\"Naomi G\u00f3mez Santos\"],\"articleSection\":[\"De Boleto\"],\"inLanguage\":\"es\"},{\"@type\":\"WebPage\",\"@id\":\"https:\\\/\\\/lospoliticosveracruz.com\\\/?p=136386\",\"url\":\"https:\\\/\\\/lospoliticosveracruz.com\\\/?p=136386\",\"name\":\"UNO COMO SEA\u2026 LAS CRIATURAS! - Los pol\u00edticos Veracruz\",\"isPartOf\":{\"@id\":\"https:\\\/\\\/lospoliticosveracruz.com\\\/#website\"},\"datePublished\":\"2025-01-24T04:15:50+00:00\",\"dateModified\":\"2025-01-24T04:16:06+00:00\",\"breadcrumb\":{\"@id\":\"https:\\\/\\\/lospoliticosveracruz.com\\\/?p=136386#breadcrumb\"},\"inLanguage\":\"es\",\"potentialAction\":[{\"@type\":\"ReadAction\",\"target\":[\"https:\\\/\\\/lospoliticosveracruz.com\\\/?p=136386\"]}]},{\"@type\":\"BreadcrumbList\",\"@id\":\"https:\\\/\\\/lospoliticosveracruz.com\\\/?p=136386#breadcrumb\",\"itemListElement\":[{\"@type\":\"ListItem\",\"position\":1,\"name\":\"Portada\",\"item\":\"https:\\\/\\\/lospoliticosveracruz.com\\\/\"},{\"@type\":\"ListItem\",\"position\":2,\"name\":\"UNO COMO SEA\u2026 LAS CRIATURAS!\"}]},{\"@type\":\"WebSite\",\"@id\":\"https:\\\/\\\/lospoliticosveracruz.com\\\/#website\",\"url\":\"https:\\\/\\\/lospoliticosveracruz.com\\\/\",\"name\":\"Los pol\u00edticos Veracruz\",\"description\":\"\",\"publisher\":{\"@id\":\"https:\\\/\\\/lospoliticosveracruz.com\\\/#organization\"},\"potentialAction\":[{\"@type\":\"SearchAction\",\"target\":{\"@type\":\"EntryPoint\",\"urlTemplate\":\"https:\\\/\\\/lospoliticosveracruz.com\\\/?s={search_term_string}\"},\"query-input\":{\"@type\":\"PropertyValueSpecification\",\"valueRequired\":true,\"valueName\":\"search_term_string\"}}],\"inLanguage\":\"es\"},{\"@type\":\"Organization\",\"@id\":\"https:\\\/\\\/lospoliticosveracruz.com\\\/#organization\",\"name\":\"Los pol\u00edticos Veracruz\",\"url\":\"https:\\\/\\\/lospoliticosveracruz.com\\\/\",\"logo\":{\"@type\":\"ImageObject\",\"inLanguage\":\"es\",\"@id\":\"https:\\\/\\\/lospoliticosveracruz.com\\\/#\\\/schema\\\/logo\\\/image\\\/\",\"url\":\"https:\\\/\\\/lospoliticosveracruz.com\\\/wp-content\\\/uploads\\\/2025\\\/12\\\/Logo-Nuevo-LOS-POLITICOS-1.jpg\",\"contentUrl\":\"https:\\\/\\\/lospoliticosveracruz.com\\\/wp-content\\\/uploads\\\/2025\\\/12\\\/Logo-Nuevo-LOS-POLITICOS-1.jpg\",\"width\":260,\"height\":70,\"caption\":\"Los pol\u00edticos Veracruz\"},\"image\":{\"@id\":\"https:\\\/\\\/lospoliticosveracruz.com\\\/#\\\/schema\\\/logo\\\/image\\\/\"},\"sameAs\":[\"https:\\\/\\\/www.facebook.com\\\/people\\\/Notimemes-de-los-Polticos\\\/61565672886568\\\/\",\"https:\\\/\\\/x.com\\\/LosPoliticosVer\"]},{\"@type\":\"Person\",\"@id\":\"https:\\\/\\\/lospoliticosveracruz.com\\\/#\\\/schema\\\/person\\\/b8702bb0e538456e6efd07080bf2a4a2\",\"name\":\"Lo viste en Los Pol\u00edticos\",\"image\":{\"@type\":\"ImageObject\",\"inLanguage\":\"es\",\"@id\":\"https:\\\/\\\/secure.gravatar.com\\\/avatar\\\/3a8de04a2656d44082be478bd6c086daa447c4651605818287b9532d3d0bd435?s=96&d=mm&r=g\",\"url\":\"https:\\\/\\\/secure.gravatar.com\\\/avatar\\\/3a8de04a2656d44082be478bd6c086daa447c4651605818287b9532d3d0bd435?s=96&d=mm&r=g\",\"contentUrl\":\"https:\\\/\\\/secure.gravatar.com\\\/avatar\\\/3a8de04a2656d44082be478bd6c086daa447c4651605818287b9532d3d0bd435?s=96&d=mm&r=g\",\"caption\":\"Lo viste en Los Pol\u00edticos\"},\"url\":\"https:\\\/\\\/lospoliticosveracruz.com\\\/?author=2\"}]}<\/script>\n<!-- \/ Yoast SEO plugin. -->","yoast_head_json":{"title":"UNO COMO SEA\u2026 LAS CRIATURAS! - Los pol\u00edticos Veracruz","robots":{"index":"index","follow":"follow","max-snippet":"max-snippet:-1","max-image-preview":"max-image-preview:large","max-video-preview":"max-video-preview:-1"},"canonical":"https:\/\/lospoliticosveracruz.com\/?p=136386","og_locale":"es_ES","og_type":"article","og_title":"UNO COMO SEA\u2026 LAS CRIATURAS! - Los pol\u00edticos Veracruz","og_description":"En sesi\u00f3n ordinaria, la diputada Naomi Edith G\u00f3mez Santos present\u00f3 una iniciativa que plantea actualizar diversas disposiciones de la Ley de los Derechos de Ni\u00f1as, Ni\u00f1os y Adolescentes del estado en materia de obligaciones alimentarias. En su propuesta, la legisladora refiere la creciente demanda de disoluci\u00f3n de v\u00ednculos matrimoniales en todo el pa\u00eds que, de [&hellip;]","og_url":"https:\/\/lospoliticosveracruz.com\/?p=136386","og_site_name":"Los pol\u00edticos Veracruz","article_publisher":"https:\/\/www.facebook.com\/people\/Notimemes-de-los-Polticos\/61565672886568\/","article_published_time":"2025-01-24T04:15:50+00:00","article_modified_time":"2025-01-24T04:16:06+00:00","og_image":[{"width":200,"height":200,"url":"https:\/\/lospoliticosveracruz.com\/wp-content\/uploads\/2016\/07\/Logo-Dor.jpg","type":"image\/jpeg"}],"author":"Lo viste en Los Pol\u00edticos","twitter_card":"summary_large_image","twitter_creator":"@LosPoliticosVer","twitter_site":"@LosPoliticosVer","twitter_misc":{"Escrito por":"Lo viste en Los Pol\u00edticos","Tiempo de lectura":"2 minutos"},"schema":{"@context":"https:\/\/schema.org","@graph":[{"@type":"Article","@id":"https:\/\/lospoliticosveracruz.com\/?p=136386#article","isPartOf":{"@id":"https:\/\/lospoliticosveracruz.com\/?p=136386"},"author":{"name":"Lo viste en Los Pol\u00edticos","@id":"https:\/\/lospoliticosveracruz.com\/#\/schema\/person\/b8702bb0e538456e6efd07080bf2a4a2"},"headline":"UNO COMO SEA\u2026 LAS CRIATURAS!","datePublished":"2025-01-24T04:15:50+00:00","dateModified":"2025-01-24T04:16:06+00:00","mainEntityOfPage":{"@id":"https:\/\/lospoliticosveracruz.com\/?p=136386"},"wordCount":475,"publisher":{"@id":"https:\/\/lospoliticosveracruz.com\/#organization"},"keywords":["Naomi G\u00f3mez Santos"],"articleSection":["De Boleto"],"inLanguage":"es"},{"@type":"WebPage","@id":"https:\/\/lospoliticosveracruz.com\/?p=136386","url":"https:\/\/lospoliticosveracruz.com\/?p=136386","name":"UNO COMO SEA\u2026 LAS CRIATURAS! - Los pol\u00edticos Veracruz","isPartOf":{"@id":"https:\/\/lospoliticosveracruz.com\/#website"},"datePublished":"2025-01-24T04:15:50+00:00","dateModified":"2025-01-24T04:16:06+00:00","breadcrumb":{"@id":"https:\/\/lospoliticosveracruz.com\/?p=136386#breadcrumb"},"inLanguage":"es","potentialAction":[{"@type":"ReadAction","target":["https:\/\/lospoliticosveracruz.com\/?p=136386"]}]},{"@type":"BreadcrumbList","@id":"https:\/\/lospoliticosveracruz.com\/?p=136386#breadcrumb","itemListElement":[{"@type":"ListItem","position":1,"name":"Portada","item":"https:\/\/lospoliticosveracruz.com\/"},{"@type":"ListItem","position":2,"name":"UNO COMO SEA\u2026 LAS CRIATURAS!"}]},{"@type":"WebSite","@id":"https:\/\/lospoliticosveracruz.com\/#website","url":"https:\/\/lospoliticosveracruz.com\/","name":"Los pol\u00edticos Veracruz","description":"","publisher":{"@id":"https:\/\/lospoliticosveracruz.com\/#organization"},"potentialAction":[{"@type":"SearchAction","target":{"@type":"EntryPoint","urlTemplate":"https:\/\/lospoliticosveracruz.com\/?s={search_term_string}"},"query-input":{"@type":"PropertyValueSpecification","valueRequired":true,"valueName":"search_term_string"}}],"inLanguage":"es"},{"@type":"Organization","@id":"https:\/\/lospoliticosveracruz.com\/#organization","name":"Los pol\u00edticos Veracruz","url":"https:\/\/lospoliticosveracruz.com\/","logo":{"@type":"ImageObject","inLanguage":"es","@id":"https:\/\/lospoliticosveracruz.com\/#\/schema\/logo\/image\/","url":"https:\/\/lospoliticosveracruz.com\/wp-content\/uploads\/2025\/12\/Logo-Nuevo-LOS-POLITICOS-1.jpg","contentUrl":"https:\/\/lospoliticosveracruz.com\/wp-content\/uploads\/2025\/12\/Logo-Nuevo-LOS-POLITICOS-1.jpg","width":260,"height":70,"caption":"Los pol\u00edticos Veracruz"},"image":{"@id":"https:\/\/lospoliticosveracruz.com\/#\/schema\/logo\/image\/"},"sameAs":["https:\/\/www.facebook.com\/people\/Notimemes-de-los-Polticos\/61565672886568\/","https:\/\/x.com\/LosPoliticosVer"]},{"@type":"Person","@id":"https:\/\/lospoliticosveracruz.com\/#\/schema\/person\/b8702bb0e538456e6efd07080bf2a4a2","name":"Lo viste en Los Pol\u00edticos","image":{"@type":"ImageObject","inLanguage":"es","@id":"https:\/\/secure.gravatar.com\/avatar\/3a8de04a2656d44082be478bd6c086daa447c4651605818287b9532d3d0bd435?s=96&d=mm&r=g","url":"https:\/\/secure.gravatar.com\/avatar\/3a8de04a2656d44082be478bd6c086daa447c4651605818287b9532d3d0bd435?s=96&d=mm&r=g","contentUrl":"https:\/\/secure.gravatar.com\/avatar\/3a8de04a2656d44082be478bd6c086daa447c4651605818287b9532d3d0bd435?s=96&d=mm&r=g","caption":"Lo viste en Los Pol\u00edticos"},"url":"https:\/\/lospoliticosveracruz.com\/?author=2"}]}},"_links":{"self":[{"href":"https:\/\/lospoliticosveracruz.com\/index.php?rest_route=\/wp\/v2\/posts\/136386","targetHints":{"allow":["GET"]}}],"collection":[{"href":"https:\/\/lospoliticosveracruz.com\/index.php?rest_route=\/wp\/v2\/posts"}],"about":[{"href":"https:\/\/lospoliticosveracruz.com\/index.php?rest_route=\/wp\/v2\/types\/post"}],"author":[{"embeddable":true,"href":"https:\/\/lospoliticosveracruz.com\/index.php?rest_route=\/wp\/v2\/users\/2"}],"replies":[{"embeddable":true,"href":"https:\/\/lospoliticosveracruz.com\/index.php?rest_route=%2Fwp%2Fv2%2Fcomments&post=136386"}],"version-history":[{"count":2,"href":"https:\/\/lospoliticosveracruz.com\/index.php?rest_route=\/wp\/v2\/posts\/136386\/revisions"}],"predecessor-version":[{"id":136389,"href":"https:\/\/lospoliticosveracruz.com\/index.php?rest_route=\/wp\/v2\/posts\/136386\/revisions\/136389"}],"wp:attachment":[{"href":"https:\/\/lospoliticosveracruz.com\/index.php?rest_route=%2Fwp%2Fv2%2Fmedia&parent=136386"}],"wp:term":[{"taxonomy":"category","embeddable":true,"href":"https:\/\/lospoliticosveracruz.com\/index.php?rest_route=%2Fwp%2Fv2%2Fcategories&post=136386"},{"taxonomy":"post_tag","embeddable":true,"href":"https:\/\/lospoliticosveracruz.com\/index.php?rest_route=%2Fwp%2Fv2%2Ftags&post=136386"}],"curies":[{"name":"wp","href":"https:\/\/api.w.org\/{rel}","templated":true}]}}