{"id":136396,"date":"2025-01-24T05:49:34","date_gmt":"2025-01-24T11:49:34","guid":{"rendered":"https:\/\/lospoliticosveracruz.com.mx\/?p=136396"},"modified":"2025-01-24T05:49:51","modified_gmt":"2025-01-24T11:49:51","slug":"regreso-trump","status":"publish","type":"post","link":"https:\/\/lospoliticosveracruz.com\/?p=136396","title":{"rendered":"REGRES\u00d3 TRUMP"},"content":{"rendered":"\n<p>[S\u00edguenos ahora tambi\u00e9n en WhatsApp.\u00a0<a href=\"https:\/\/whatsapp.com\/channel\/0029Va8zRWlEKyZIP3Z1dF0e\"><strong><em>Da clic aqu\u00ed<\/em><\/strong><\/a>]\u00a0<br><strong>Felipe de Jes\u00fas Fern\u00e1ndez Basilio<\/strong><br><em>Desde A Janela<\/em><\/p>\n\n\n\n<p>Sin lugar a dudas el regreso de Donald Trump a la presidencia de los Estados Unidos de Am\u00e9rica ha sido el tema dominante en toda la temporada oto\u00f1o-invierno y lo seguir\u00e1 siendo durante los pr\u00f3ximos cuatro a\u00f1os.<\/p>\n\n\n\n<p>Una consecuencia de lo anterior es que resulta demasiado obvio que en relaci\u00f3n a su regreso se han construido demasiados mitos y tambi\u00e9n se han comprobado&nbsp;bastantes&nbsp;realidades.<\/p>\n\n\n\n<p>Dentro de estas \u00faltimas tenemos que efectivamente el tipo es xen\u00f3fobo, es extorsionador, es aislacionista y sobre todo es un megal\u00f3mano de marca; en pocas palabras, es igualito al que tuvimos aqu\u00ed (L\u00f3pez Obrador) pero con poder e influencia mundiales.<\/p>\n\n\n\n<p>Trump comenz\u00f3 su segundo mandato disparando muchos cohetones (\u00f3rdenes rimbombantes que han sido \u201cpuestas en pausa\u201d por jueces e inaplicadas por gobernadores) y tambi\u00e9n muchos proyectiles verdaderamente macizos (todas aquellas que se empezaron a cumplir en punto de las 12 horas, tiempo de Washington D.C., como lo fue cancelar las citas de asilo a migrantes).<\/p>\n\n\n\n<p>En lo que ata\u00f1e a nuestro pa\u00eds, muchas de las \u00f3rdenes que dio Trump al asumir el poder son abiertamente xenof\u00f3bicas, otras son medidas de presi\u00f3n sobre todo las econ\u00f3micas, y otras, hay que admitirlo, son realistas y necesarias.<\/p>\n\n\n\n<p>Ejemplo de estas \u00faltimas es declarar a las organizaciones criminales como terroristas, ya que dice el dicho: \u201csi nada como pato, camina como pato, vuela como pato, entonces es un pato\u201d; pues igual, si andan encapuchados, incendian negocios, casa y veh\u00edculos, extorsionan, secuestran y en general siembran el terror en la poblaci\u00f3n, son terroristas y en este caso, Donald Trump solo dice la verdad y act\u00faa en consecuencia.<\/p>\n\n\n\n<p>Ahora bien, que Trump declare terroristas a las mafias criminales mexicanas no quiere decir que vaya a resolver el flagelo, ya que como es por todos sabido se trata de una persona&nbsp;profundamente nacionalista que va a tratar de nulificar al crimen organizado mexicano,&nbsp;incluso eliminando&nbsp;a sus&nbsp;cabecillas y\/o c\u00e9lulas&nbsp;en territorio mexicano,&nbsp;\u00fanicamente en lo que afecte a su pa\u00eds&nbsp;y ya que&nbsp;lo que pase en&nbsp;M\u00e9xico, no le importa en lo m\u00e1s m\u00ednimo; eso le corresponde a nuestras autoridades, quienes deber\u00edan de aprovechar cualquier ayuda que reciban.<\/p>\n\n\n\n<p>De hecho, el declarar como terroristas a las mafias mexicanas va a poner interesantes las cosas debido a que el gobierno mexicano ha actuado en complicidad de muchas de esas organizaciones terroristas en los \u00faltimos seis a\u00f1os y ahora tendr\u00e1 que definir sin titubeos de qu\u00e9 lado se encuentra.<\/p>\n\n\n\n<p>Por cuanto a los asuntos econ\u00f3micos y migratorios, la situaci\u00f3n puede poner contra las cuerdas al gobierno del segundo piso de la transformaci\u00f3n que no fue ni tampoco ser\u00e1 debido a que&nbsp;se va a demostrar lo que siempre se ha dicho, que el gobierno morenista es el mayor enga\u00f1o que M\u00e9xico ha sufrido.<\/p>\n\n\n\n<p>F\u00edjense bien, dice la se\u00f1ora Sheinbaum que a partir de la llegada de Trump los migrantes que sean puestos en peligro de deportaci\u00f3n van a poder apretar un bot\u00f3n de p\u00e1nico y de inmediato se va a activar toda la red consular mexicana en E.U. para brindarles todo el apoyo jur\u00eddico que necesiten; lo malo es que, tanto ella como su nada ilustre predecesor, dejaron sin fondos al servicio exterior mexicano y despidieron a los diplom\u00e1ticos de carrera para poner en su lugar a pri\u00edstas que entregaron sus estados o a \u201cizquierdistas\u201d trasnochados; as\u00ed que les deseo suerte a quienes opriman ese bot\u00f3n de p\u00e1nico, ya que no es m\u00e1s que pura palabrer\u00eda.<\/p>\n\n\n\n<p>Tambi\u00e9n ocurre lo mismo con el Instituto Nacional de Migraci\u00f3n, del cual ni siquiera se sabe qui\u00e9n es su titular debido a que la doctorcita hizo un nombramiento en diciembre, pero todav\u00eda sigue ah\u00ed despachando el que nombr\u00f3 su titiritero; s\u00ed el mismo personaje que se encuentra procesado por el incendio de la estaci\u00f3n migratoria en la que murieron varios venezolanos que fueron encerrados por las autoridades mexicanas.<\/p>\n\n\n\n<p>Lo mismo ocurre con los apoyos que dicen que van a dar a trav\u00e9s del INE para otorgar credenciales a quienes sean repatriados y as\u00ed se puedan insertar en la vida laboral mexicana, si el INE lo que menos tiene es presupuesto; la verdad, no veo como pueda cumplir con esa encomienda y menos con la desastrosa elecci\u00f3n judicial que tiene por delante.<\/p>\n\n\n\n<p>Y hablando de elecciones judiciales, no tarda en haber problemas fuertes con el nuevo gobierno norteamericano por la chatarrizaci\u00f3n del Poder Judicial Federal; \u00bfSaben que debido a los fuertes recortes presupuestales que el gobierno le impuso, ahora est\u00e1n retrasando la emisi\u00f3n de resoluciones y diverso acto procesales por falta de insumos?<\/p>\n\n\n\n<p>Si no hay certeza jur\u00eddica, no van a llegar nuevas inversiones y las que hay se van a ir.<\/p>\n\n\n\n<p>En fin, llega&nbsp;Trump como un vendaval y M\u00e9xico, a pesar de saberlo con anticipaci\u00f3n, no est\u00e1 preparado para actuar con algo que no sea m\u00e1s que palabras y palabras; lo cual es el sello de la transformaci\u00f3n que no fue ni tampoco ser\u00e1.<a><\/a><\/p>\n\n\n\n<p><a href=\"mailto:felfebas@gmail.com\">felfebas@gmail.com<\/a><\/p>\n\n\n\n<p>Twitter: @FelipeFBasilio<\/p>\n","protected":false},"excerpt":{"rendered":"<p>[S\u00edguenos ahora tambi\u00e9n en WhatsApp.\u00a0Da clic aqu\u00ed]\u00a0Felipe de Jes\u00fas Fern\u00e1ndez BasilioDesde A Janela Sin lugar a dudas el regreso de Donald Trump a la presidencia de los Estados Unidos de Am\u00e9rica ha sido el tema dominante en toda la temporada oto\u00f1o-invierno y lo seguir\u00e1 siendo durante los pr\u00f3ximos cuatro a\u00f1os. Una consecuencia de lo anterior [&hellip;]<\/p>\n","protected":false},"author":2,"featured_media":119963,"comment_status":"closed","ping_status":"closed","sticky":false,"template":"","format":"standard","meta":{"tdm_status":"","tdm_grid_status":"","footnotes":""},"categories":[70],"tags":[618,9627,2846],"class_list":{"0":"post-136396","1":"post","2":"type-post","3":"status-publish","4":"format-standard","5":"has-post-thumbnail","7":"category-de-opinion","8":"tag-andres-manuel-lopez-obrador","9":"tag-claudia-sheinbaum","10":"tag-donald-trump"},"yoast_head":"<!-- This site is optimized with the Yoast SEO plugin v27.4 - https:\/\/yoast.com\/product\/yoast-seo-wordpress\/ -->\n<title>REGRES\u00d3 TRUMP - Los pol\u00edticos Veracruz<\/title>\n<meta name=\"robots\" content=\"index, follow, max-snippet:-1, max-image-preview:large, max-video-preview:-1\" \/>\n<link rel=\"canonical\" href=\"https:\/\/lospoliticosveracruz.com\/?p=136396\" \/>\n<meta property=\"og:locale\" content=\"es_ES\" \/>\n<meta property=\"og:type\" content=\"article\" \/>\n<meta property=\"og:title\" content=\"REGRES\u00d3 TRUMP - Los pol\u00edticos Veracruz\" \/>\n<meta property=\"og:description\" content=\"[S\u00edguenos ahora tambi\u00e9n en WhatsApp.\u00a0Da clic aqu\u00ed]\u00a0Felipe de Jes\u00fas Fern\u00e1ndez BasilioDesde A Janela Sin lugar a dudas el regreso de Donald Trump a la presidencia de los Estados Unidos de Am\u00e9rica ha sido el tema dominante en toda la temporada oto\u00f1o-invierno y lo seguir\u00e1 siendo durante los pr\u00f3ximos cuatro a\u00f1os. Una consecuencia de lo anterior [&hellip;]\" \/>\n<meta property=\"og:url\" content=\"https:\/\/lospoliticosveracruz.com\/?p=136396\" \/>\n<meta property=\"og:site_name\" content=\"Los pol\u00edticos Veracruz\" \/>\n<meta property=\"article:publisher\" content=\"https:\/\/www.facebook.com\/people\/Notimemes-de-los-Polticos\/61565672886568\/\" \/>\n<meta property=\"article:published_time\" content=\"2025-01-24T11:49:34+00:00\" \/>\n<meta property=\"article:modified_time\" content=\"2025-01-24T11:49:51+00:00\" \/>\n<meta property=\"og:image\" content=\"https:\/\/lospoliticosveracruz.com\/wp-content\/uploads\/2024\/03\/Felipe-Fernandez-Basilio.jpg\" \/>\n\t<meta property=\"og:image:width\" content=\"1250\" \/>\n\t<meta property=\"og:image:height\" content=\"667\" \/>\n\t<meta property=\"og:image:type\" content=\"image\/jpeg\" \/>\n<meta name=\"author\" content=\"Lo viste en Los Pol\u00edticos\" \/>\n<meta name=\"twitter:card\" content=\"summary_large_image\" \/>\n<meta name=\"twitter:creator\" content=\"@LosPoliticosVer\" \/>\n<meta name=\"twitter:site\" content=\"@LosPoliticosVer\" \/>\n<meta name=\"twitter:label1\" content=\"Escrito por\" \/>\n\t<meta name=\"twitter:data1\" content=\"Lo viste en Los Pol\u00edticos\" \/>\n\t<meta name=\"twitter:label2\" content=\"Tiempo de lectura\" \/>\n\t<meta name=\"twitter:data2\" content=\"5 minutos\" \/>\n<script type=\"application\/ld+json\" class=\"yoast-schema-graph\">{\"@context\":\"https:\\\/\\\/schema.org\",\"@graph\":[{\"@type\":\"Article\",\"@id\":\"https:\\\/\\\/lospoliticosveracruz.com\\\/?p=136396#article\",\"isPartOf\":{\"@id\":\"https:\\\/\\\/lospoliticosveracruz.com\\\/?p=136396\"},\"author\":{\"name\":\"Lo viste en Los Pol\u00edticos\",\"@id\":\"https:\\\/\\\/lospoliticosveracruz.com\\\/#\\\/schema\\\/person\\\/b8702bb0e538456e6efd07080bf2a4a2\"},\"headline\":\"REGRES\u00d3 TRUMP\",\"datePublished\":\"2025-01-24T11:49:34+00:00\",\"dateModified\":\"2025-01-24T11:49:51+00:00\",\"mainEntityOfPage\":{\"@id\":\"https:\\\/\\\/lospoliticosveracruz.com\\\/?p=136396\"},\"wordCount\":918,\"publisher\":{\"@id\":\"https:\\\/\\\/lospoliticosveracruz.com\\\/#organization\"},\"image\":{\"@id\":\"https:\\\/\\\/lospoliticosveracruz.com\\\/?p=136396#primaryimage\"},\"thumbnailUrl\":\"https:\\\/\\\/lospoliticosveracruz.com\\\/wp-content\\\/uploads\\\/2024\\\/03\\\/Felipe-Fernandez-Basilio.jpg\",\"keywords\":[\"Andr\u00e9s Manuel L\u00f3pez Obrador\",\"Claudia Sheinbaum\",\"Donald Trump\"],\"articleSection\":[\"De Opini\u00f3n\"],\"inLanguage\":\"es\"},{\"@type\":\"WebPage\",\"@id\":\"https:\\\/\\\/lospoliticosveracruz.com\\\/?p=136396\",\"url\":\"https:\\\/\\\/lospoliticosveracruz.com\\\/?p=136396\",\"name\":\"REGRES\u00d3 TRUMP - Los pol\u00edticos Veracruz\",\"isPartOf\":{\"@id\":\"https:\\\/\\\/lospoliticosveracruz.com\\\/#website\"},\"primaryImageOfPage\":{\"@id\":\"https:\\\/\\\/lospoliticosveracruz.com\\\/?p=136396#primaryimage\"},\"image\":{\"@id\":\"https:\\\/\\\/lospoliticosveracruz.com\\\/?p=136396#primaryimage\"},\"thumbnailUrl\":\"https:\\\/\\\/lospoliticosveracruz.com\\\/wp-content\\\/uploads\\\/2024\\\/03\\\/Felipe-Fernandez-Basilio.jpg\",\"datePublished\":\"2025-01-24T11:49:34+00:00\",\"dateModified\":\"2025-01-24T11:49:51+00:00\",\"breadcrumb\":{\"@id\":\"https:\\\/\\\/lospoliticosveracruz.com\\\/?p=136396#breadcrumb\"},\"inLanguage\":\"es\",\"potentialAction\":[{\"@type\":\"ReadAction\",\"target\":[\"https:\\\/\\\/lospoliticosveracruz.com\\\/?p=136396\"]}]},{\"@type\":\"ImageObject\",\"inLanguage\":\"es\",\"@id\":\"https:\\\/\\\/lospoliticosveracruz.com\\\/?p=136396#primaryimage\",\"url\":\"https:\\\/\\\/lospoliticosveracruz.com\\\/wp-content\\\/uploads\\\/2024\\\/03\\\/Felipe-Fernandez-Basilio.jpg\",\"contentUrl\":\"https:\\\/\\\/lospoliticosveracruz.com\\\/wp-content\\\/uploads\\\/2024\\\/03\\\/Felipe-Fernandez-Basilio.jpg\",\"width\":1250,\"height\":667},{\"@type\":\"BreadcrumbList\",\"@id\":\"https:\\\/\\\/lospoliticosveracruz.com\\\/?p=136396#breadcrumb\",\"itemListElement\":[{\"@type\":\"ListItem\",\"position\":1,\"name\":\"Portada\",\"item\":\"https:\\\/\\\/lospoliticosveracruz.com\\\/\"},{\"@type\":\"ListItem\",\"position\":2,\"name\":\"REGRES\u00d3 TRUMP\"}]},{\"@type\":\"WebSite\",\"@id\":\"https:\\\/\\\/lospoliticosveracruz.com\\\/#website\",\"url\":\"https:\\\/\\\/lospoliticosveracruz.com\\\/\",\"name\":\"Los pol\u00edticos Veracruz\",\"description\":\"\",\"publisher\":{\"@id\":\"https:\\\/\\\/lospoliticosveracruz.com\\\/#organization\"},\"potentialAction\":[{\"@type\":\"SearchAction\",\"target\":{\"@type\":\"EntryPoint\",\"urlTemplate\":\"https:\\\/\\\/lospoliticosveracruz.com\\\/?s={search_term_string}\"},\"query-input\":{\"@type\":\"PropertyValueSpecification\",\"valueRequired\":true,\"valueName\":\"search_term_string\"}}],\"inLanguage\":\"es\"},{\"@type\":\"Organization\",\"@id\":\"https:\\\/\\\/lospoliticosveracruz.com\\\/#organization\",\"name\":\"Los pol\u00edticos Veracruz\",\"url\":\"https:\\\/\\\/lospoliticosveracruz.com\\\/\",\"logo\":{\"@type\":\"ImageObject\",\"inLanguage\":\"es\",\"@id\":\"https:\\\/\\\/lospoliticosveracruz.com\\\/#\\\/schema\\\/logo\\\/image\\\/\",\"url\":\"https:\\\/\\\/lospoliticosveracruz.com\\\/wp-content\\\/uploads\\\/2025\\\/12\\\/Logo-Nuevo-LOS-POLITICOS-1.jpg\",\"contentUrl\":\"https:\\\/\\\/lospoliticosveracruz.com\\\/wp-content\\\/uploads\\\/2025\\\/12\\\/Logo-Nuevo-LOS-POLITICOS-1.jpg\",\"width\":260,\"height\":70,\"caption\":\"Los pol\u00edticos Veracruz\"},\"image\":{\"@id\":\"https:\\\/\\\/lospoliticosveracruz.com\\\/#\\\/schema\\\/logo\\\/image\\\/\"},\"sameAs\":[\"https:\\\/\\\/www.facebook.com\\\/people\\\/Notimemes-de-los-Polticos\\\/61565672886568\\\/\",\"https:\\\/\\\/x.com\\\/LosPoliticosVer\"]},{\"@type\":\"Person\",\"@id\":\"https:\\\/\\\/lospoliticosveracruz.com\\\/#\\\/schema\\\/person\\\/b8702bb0e538456e6efd07080bf2a4a2\",\"name\":\"Lo viste en Los Pol\u00edticos\",\"image\":{\"@type\":\"ImageObject\",\"inLanguage\":\"es\",\"@id\":\"https:\\\/\\\/secure.gravatar.com\\\/avatar\\\/3a8de04a2656d44082be478bd6c086daa447c4651605818287b9532d3d0bd435?s=96&d=mm&r=g\",\"url\":\"https:\\\/\\\/secure.gravatar.com\\\/avatar\\\/3a8de04a2656d44082be478bd6c086daa447c4651605818287b9532d3d0bd435?s=96&d=mm&r=g\",\"contentUrl\":\"https:\\\/\\\/secure.gravatar.com\\\/avatar\\\/3a8de04a2656d44082be478bd6c086daa447c4651605818287b9532d3d0bd435?s=96&d=mm&r=g\",\"caption\":\"Lo viste en Los Pol\u00edticos\"},\"url\":\"https:\\\/\\\/lospoliticosveracruz.com\\\/?author=2\"}]}<\/script>\n<!-- \/ Yoast SEO plugin. -->","yoast_head_json":{"title":"REGRES\u00d3 TRUMP - Los pol\u00edticos Veracruz","robots":{"index":"index","follow":"follow","max-snippet":"max-snippet:-1","max-image-preview":"max-image-preview:large","max-video-preview":"max-video-preview:-1"},"canonical":"https:\/\/lospoliticosveracruz.com\/?p=136396","og_locale":"es_ES","og_type":"article","og_title":"REGRES\u00d3 TRUMP - Los pol\u00edticos Veracruz","og_description":"[S\u00edguenos ahora tambi\u00e9n en WhatsApp.\u00a0Da clic aqu\u00ed]\u00a0Felipe de Jes\u00fas Fern\u00e1ndez BasilioDesde A Janela Sin lugar a dudas el regreso de Donald Trump a la presidencia de los Estados Unidos de Am\u00e9rica ha sido el tema dominante en toda la temporada oto\u00f1o-invierno y lo seguir\u00e1 siendo durante los pr\u00f3ximos cuatro a\u00f1os. Una consecuencia de lo anterior [&hellip;]","og_url":"https:\/\/lospoliticosveracruz.com\/?p=136396","og_site_name":"Los pol\u00edticos Veracruz","article_publisher":"https:\/\/www.facebook.com\/people\/Notimemes-de-los-Polticos\/61565672886568\/","article_published_time":"2025-01-24T11:49:34+00:00","article_modified_time":"2025-01-24T11:49:51+00:00","og_image":[{"width":1250,"height":667,"url":"https:\/\/lospoliticosveracruz.com\/wp-content\/uploads\/2024\/03\/Felipe-Fernandez-Basilio.jpg","type":"image\/jpeg"}],"author":"Lo viste en Los Pol\u00edticos","twitter_card":"summary_large_image","twitter_creator":"@LosPoliticosVer","twitter_site":"@LosPoliticosVer","twitter_misc":{"Escrito por":"Lo viste en Los Pol\u00edticos","Tiempo de lectura":"5 minutos"},"schema":{"@context":"https:\/\/schema.org","@graph":[{"@type":"Article","@id":"https:\/\/lospoliticosveracruz.com\/?p=136396#article","isPartOf":{"@id":"https:\/\/lospoliticosveracruz.com\/?p=136396"},"author":{"name":"Lo viste en Los Pol\u00edticos","@id":"https:\/\/lospoliticosveracruz.com\/#\/schema\/person\/b8702bb0e538456e6efd07080bf2a4a2"},"headline":"REGRES\u00d3 TRUMP","datePublished":"2025-01-24T11:49:34+00:00","dateModified":"2025-01-24T11:49:51+00:00","mainEntityOfPage":{"@id":"https:\/\/lospoliticosveracruz.com\/?p=136396"},"wordCount":918,"publisher":{"@id":"https:\/\/lospoliticosveracruz.com\/#organization"},"image":{"@id":"https:\/\/lospoliticosveracruz.com\/?p=136396#primaryimage"},"thumbnailUrl":"https:\/\/lospoliticosveracruz.com\/wp-content\/uploads\/2024\/03\/Felipe-Fernandez-Basilio.jpg","keywords":["Andr\u00e9s Manuel L\u00f3pez Obrador","Claudia Sheinbaum","Donald Trump"],"articleSection":["De Opini\u00f3n"],"inLanguage":"es"},{"@type":"WebPage","@id":"https:\/\/lospoliticosveracruz.com\/?p=136396","url":"https:\/\/lospoliticosveracruz.com\/?p=136396","name":"REGRES\u00d3 TRUMP - Los pol\u00edticos Veracruz","isPartOf":{"@id":"https:\/\/lospoliticosveracruz.com\/#website"},"primaryImageOfPage":{"@id":"https:\/\/lospoliticosveracruz.com\/?p=136396#primaryimage"},"image":{"@id":"https:\/\/lospoliticosveracruz.com\/?p=136396#primaryimage"},"thumbnailUrl":"https:\/\/lospoliticosveracruz.com\/wp-content\/uploads\/2024\/03\/Felipe-Fernandez-Basilio.jpg","datePublished":"2025-01-24T11:49:34+00:00","dateModified":"2025-01-24T11:49:51+00:00","breadcrumb":{"@id":"https:\/\/lospoliticosveracruz.com\/?p=136396#breadcrumb"},"inLanguage":"es","potentialAction":[{"@type":"ReadAction","target":["https:\/\/lospoliticosveracruz.com\/?p=136396"]}]},{"@type":"ImageObject","inLanguage":"es","@id":"https:\/\/lospoliticosveracruz.com\/?p=136396#primaryimage","url":"https:\/\/lospoliticosveracruz.com\/wp-content\/uploads\/2024\/03\/Felipe-Fernandez-Basilio.jpg","contentUrl":"https:\/\/lospoliticosveracruz.com\/wp-content\/uploads\/2024\/03\/Felipe-Fernandez-Basilio.jpg","width":1250,"height":667},{"@type":"BreadcrumbList","@id":"https:\/\/lospoliticosveracruz.com\/?p=136396#breadcrumb","itemListElement":[{"@type":"ListItem","position":1,"name":"Portada","item":"https:\/\/lospoliticosveracruz.com\/"},{"@type":"ListItem","position":2,"name":"REGRES\u00d3 TRUMP"}]},{"@type":"WebSite","@id":"https:\/\/lospoliticosveracruz.com\/#website","url":"https:\/\/lospoliticosveracruz.com\/","name":"Los pol\u00edticos Veracruz","description":"","publisher":{"@id":"https:\/\/lospoliticosveracruz.com\/#organization"},"potentialAction":[{"@type":"SearchAction","target":{"@type":"EntryPoint","urlTemplate":"https:\/\/lospoliticosveracruz.com\/?s={search_term_string}"},"query-input":{"@type":"PropertyValueSpecification","valueRequired":true,"valueName":"search_term_string"}}],"inLanguage":"es"},{"@type":"Organization","@id":"https:\/\/lospoliticosveracruz.com\/#organization","name":"Los pol\u00edticos Veracruz","url":"https:\/\/lospoliticosveracruz.com\/","logo":{"@type":"ImageObject","inLanguage":"es","@id":"https:\/\/lospoliticosveracruz.com\/#\/schema\/logo\/image\/","url":"https:\/\/lospoliticosveracruz.com\/wp-content\/uploads\/2025\/12\/Logo-Nuevo-LOS-POLITICOS-1.jpg","contentUrl":"https:\/\/lospoliticosveracruz.com\/wp-content\/uploads\/2025\/12\/Logo-Nuevo-LOS-POLITICOS-1.jpg","width":260,"height":70,"caption":"Los pol\u00edticos Veracruz"},"image":{"@id":"https:\/\/lospoliticosveracruz.com\/#\/schema\/logo\/image\/"},"sameAs":["https:\/\/www.facebook.com\/people\/Notimemes-de-los-Polticos\/61565672886568\/","https:\/\/x.com\/LosPoliticosVer"]},{"@type":"Person","@id":"https:\/\/lospoliticosveracruz.com\/#\/schema\/person\/b8702bb0e538456e6efd07080bf2a4a2","name":"Lo viste en Los Pol\u00edticos","image":{"@type":"ImageObject","inLanguage":"es","@id":"https:\/\/secure.gravatar.com\/avatar\/3a8de04a2656d44082be478bd6c086daa447c4651605818287b9532d3d0bd435?s=96&d=mm&r=g","url":"https:\/\/secure.gravatar.com\/avatar\/3a8de04a2656d44082be478bd6c086daa447c4651605818287b9532d3d0bd435?s=96&d=mm&r=g","contentUrl":"https:\/\/secure.gravatar.com\/avatar\/3a8de04a2656d44082be478bd6c086daa447c4651605818287b9532d3d0bd435?s=96&d=mm&r=g","caption":"Lo viste en Los Pol\u00edticos"},"url":"https:\/\/lospoliticosveracruz.com\/?author=2"}]}},"_links":{"self":[{"href":"https:\/\/lospoliticosveracruz.com\/index.php?rest_route=\/wp\/v2\/posts\/136396","targetHints":{"allow":["GET"]}}],"collection":[{"href":"https:\/\/lospoliticosveracruz.com\/index.php?rest_route=\/wp\/v2\/posts"}],"about":[{"href":"https:\/\/lospoliticosveracruz.com\/index.php?rest_route=\/wp\/v2\/types\/post"}],"author":[{"embeddable":true,"href":"https:\/\/lospoliticosveracruz.com\/index.php?rest_route=\/wp\/v2\/users\/2"}],"replies":[{"embeddable":true,"href":"https:\/\/lospoliticosveracruz.com\/index.php?rest_route=%2Fwp%2Fv2%2Fcomments&post=136396"}],"version-history":[{"count":1,"href":"https:\/\/lospoliticosveracruz.com\/index.php?rest_route=\/wp\/v2\/posts\/136396\/revisions"}],"predecessor-version":[{"id":136397,"href":"https:\/\/lospoliticosveracruz.com\/index.php?rest_route=\/wp\/v2\/posts\/136396\/revisions\/136397"}],"wp:featuredmedia":[{"embeddable":true,"href":"https:\/\/lospoliticosveracruz.com\/index.php?rest_route=\/wp\/v2\/media\/119963"}],"wp:attachment":[{"href":"https:\/\/lospoliticosveracruz.com\/index.php?rest_route=%2Fwp%2Fv2%2Fmedia&parent=136396"}],"wp:term":[{"taxonomy":"category","embeddable":true,"href":"https:\/\/lospoliticosveracruz.com\/index.php?rest_route=%2Fwp%2Fv2%2Fcategories&post=136396"},{"taxonomy":"post_tag","embeddable":true,"href":"https:\/\/lospoliticosveracruz.com\/index.php?rest_route=%2Fwp%2Fv2%2Ftags&post=136396"}],"curies":[{"name":"wp","href":"https:\/\/api.w.org\/{rel}","templated":true}]}}