{"id":136403,"date":"2025-01-24T07:54:47","date_gmt":"2025-01-24T13:54:47","guid":{"rendered":"https:\/\/lospoliticosveracruz.com.mx\/?p=136403"},"modified":"2025-01-24T07:55:07","modified_gmt":"2025-01-24T13:55:07","slug":"el-trabajo-de-la-ceapp","status":"publish","type":"post","link":"https:\/\/lospoliticosveracruz.com\/?p=136403","title":{"rendered":"EL TRABAJO DE LA CEAPP"},"content":{"rendered":"\n<p>S\u00edguenos ahora tambi\u00e9n en WhatsApp.&nbsp;<a href=\"https:\/\/whatsapp.com\/channel\/0029Va8zRWlEKyZIP3Z1dF0e\"><strong><em>Da clic aqu\u00ed<\/em><\/strong><\/a><\/p>\n\n\n\n<p><strong>Yamiri Rodr\u00edguez Madrid<\/strong><\/p>\n\n\n\n<p>La vuelta a Veracruz en un teclazo<\/p>\n\n\n\n<p>La tarde de este jueves, el presidente de la Comisi\u00f3n Estatal para la Atenci\u00f3n y Protecci\u00f3n a Periodistas (CEAPP), Luis Ram\u00edrez Baqueiro, junto con las y los comisionados, comparecieron ante el Congreso Local como parte de la ronda de los cinco organismos aut\u00f3nomos veracruzanos.<\/p>\n\n\n\n<p>Si bien la nota fue que las agresiones contra las y los integrantes de la prensa se han reducido en 50 por ciento, sigue llamando la atenci\u00f3n que funcionarios estatales y municipales son uno de los principales atacantes.<\/p>\n\n\n\n<p>Entre toda la informaci\u00f3n proporcionada, destac\u00f3 que de los 74 reportes que levantaron, la mayoria se dio en Xalapa, Poza Rica, Tantoyuca,&nbsp;&nbsp;Veracruz, Las Choapas, Acayucan, Coatzacoalcos, C\u00f3rdoba, Altotonga y Coatepec.<\/p>\n\n\n\n<p>Del universo de reportes, 47 fueron por agresiones verbales y\/o f\u00edsicas.&nbsp;&nbsp;26 por ciento de&nbsp;&nbsp;\u00e9stas fueron por parte de funcionarios estatales, principalmente de Seguridad P\u00fablica, y en un poco m\u00e1s de 10 por ciento, por funcionarios municipales, llev\u00e1ndose las palmas el municipio priista de Altotonga, donde gobierna Nacho Morales.&nbsp;&nbsp;Altotonga y Orizaba se llevaron el a\u00f1o pasado un exhorto por parte de la CEAPP.<\/p>\n\n\n\n<p>Si bien el periodo reportado fue el 2024, Ram\u00edrez Baqueiro tom\u00f3 unos minutos para referirse a la reciente desaparici\u00f3n de un reportero en Poza Rica, Alan Garc\u00eda Z\u00fa\u00f1iga, afirmando que est\u00e1n coordinados con el organismo nacional, pues el caso est\u00e1 tutelado a dicho mecanismo.<\/p>\n\n\n\n<p>Muy cierto lo dicho por el presidente de la CEAPP en el sentido de que hoy la funci\u00f3n primordial por la que este organismo fue creado, ha cambiado.&nbsp;&nbsp;Las agresiones son menores si tomamos en cuenta que hay m\u00e1s de 2 mil medios, de todos los tama\u00f1os, en el estado.&nbsp;&nbsp;Sin embargo, no dejan de ser importantes.<\/p>\n\n\n\n<p>Lamentable que, pese a lo sensible del tema y a que van entrando en funciones, solo 19 diputados se presentaron a la comparecencia, sin contar -claro-, a las integrantes de la mesa.&nbsp;&nbsp;Por parte de la oposici\u00f3n, solo el priista H\u00e9ctor Yunes Landa y Elena C\u00f3rdova, de MC, hicieron acto de presencia en el auditorio.&nbsp;&nbsp;Ana Rosa Vald\u00e9s, tambi\u00e9n del PRI, lleg\u00f3 una hora y media despu\u00e9s, nada m\u00e1s para la foto.&nbsp;&nbsp;Ese es el inter\u00e9s que muchos de los flamantes&nbsp;&nbsp;legisladores&nbsp;&nbsp;tienen en el tema, pese a que Veracruz fue durante muchos a\u00f1os el l\u00edder en asesinatos y agresiones de su prensa; el lugar m\u00e1s peligroso para ejercer el periodismo.<\/p>\n\n\n\n<p>@YamiriRodriguez<\/p>\n","protected":false},"excerpt":{"rendered":"<p>S\u00edguenos ahora tambi\u00e9n en WhatsApp.&nbsp;Da clic aqu\u00ed Yamiri Rodr\u00edguez Madrid La vuelta a Veracruz en un teclazo La tarde de este jueves, el presidente de la Comisi\u00f3n Estatal para la Atenci\u00f3n y Protecci\u00f3n a Periodistas (CEAPP), Luis Ram\u00edrez Baqueiro, junto con las y los comisionados, comparecieron ante el Congreso Local como parte de la ronda [&hellip;]<\/p>\n","protected":false},"author":2,"featured_media":133405,"comment_status":"closed","ping_status":"closed","sticky":false,"template":"","format":"standard","meta":{"tdm_status":"","tdm_grid_status":"","footnotes":""},"categories":[70],"tags":[4476],"class_list":{"0":"post-136403","1":"post","2":"type-post","3":"status-publish","4":"format-standard","5":"has-post-thumbnail","7":"category-de-opinion","8":"tag-ceapp"},"yoast_head":"<!-- This site is optimized with the Yoast SEO plugin v27.4 - https:\/\/yoast.com\/product\/yoast-seo-wordpress\/ -->\n<title>EL TRABAJO DE LA CEAPP - Los pol\u00edticos Veracruz<\/title>\n<meta name=\"robots\" content=\"index, follow, max-snippet:-1, max-image-preview:large, max-video-preview:-1\" \/>\n<link rel=\"canonical\" href=\"https:\/\/lospoliticosveracruz.com\/?p=136403\" \/>\n<meta property=\"og:locale\" content=\"es_ES\" \/>\n<meta property=\"og:type\" content=\"article\" \/>\n<meta property=\"og:title\" content=\"EL TRABAJO DE LA CEAPP - Los pol\u00edticos Veracruz\" \/>\n<meta property=\"og:description\" content=\"S\u00edguenos ahora tambi\u00e9n en WhatsApp.&nbsp;Da clic aqu\u00ed Yamiri Rodr\u00edguez Madrid La vuelta a Veracruz en un teclazo La tarde de este jueves, el presidente de la Comisi\u00f3n Estatal para la Atenci\u00f3n y Protecci\u00f3n a Periodistas (CEAPP), Luis Ram\u00edrez Baqueiro, junto con las y los comisionados, comparecieron ante el Congreso Local como parte de la ronda [&hellip;]\" \/>\n<meta property=\"og:url\" content=\"https:\/\/lospoliticosveracruz.com\/?p=136403\" \/>\n<meta property=\"og:site_name\" content=\"Los pol\u00edticos Veracruz\" \/>\n<meta property=\"article:publisher\" content=\"https:\/\/www.facebook.com\/people\/Notimemes-de-los-Polticos\/61565672886568\/\" \/>\n<meta property=\"article:published_time\" content=\"2025-01-24T13:54:47+00:00\" \/>\n<meta property=\"article:modified_time\" content=\"2025-01-24T13:55:07+00:00\" \/>\n<meta property=\"og:image\" content=\"https:\/\/lospoliticosveracruz.com\/wp-content\/uploads\/2024\/12\/Yamiri.jpg\" \/>\n\t<meta property=\"og:image:width\" content=\"1250\" \/>\n\t<meta property=\"og:image:height\" content=\"667\" \/>\n\t<meta property=\"og:image:type\" content=\"image\/jpeg\" \/>\n<meta name=\"author\" content=\"Lo viste en Los Pol\u00edticos\" \/>\n<meta name=\"twitter:card\" content=\"summary_large_image\" \/>\n<meta name=\"twitter:creator\" content=\"@LosPoliticosVer\" \/>\n<meta name=\"twitter:site\" content=\"@LosPoliticosVer\" \/>\n<meta name=\"twitter:label1\" content=\"Escrito por\" \/>\n\t<meta name=\"twitter:data1\" content=\"Lo viste en Los Pol\u00edticos\" \/>\n\t<meta name=\"twitter:label2\" content=\"Tiempo de lectura\" \/>\n\t<meta name=\"twitter:data2\" content=\"2 minutos\" \/>\n<script type=\"application\/ld+json\" class=\"yoast-schema-graph\">{\"@context\":\"https:\\\/\\\/schema.org\",\"@graph\":[{\"@type\":\"Article\",\"@id\":\"https:\\\/\\\/lospoliticosveracruz.com\\\/?p=136403#article\",\"isPartOf\":{\"@id\":\"https:\\\/\\\/lospoliticosveracruz.com\\\/?p=136403\"},\"author\":{\"name\":\"Lo viste en Los Pol\u00edticos\",\"@id\":\"https:\\\/\\\/lospoliticosveracruz.com\\\/#\\\/schema\\\/person\\\/b8702bb0e538456e6efd07080bf2a4a2\"},\"headline\":\"EL TRABAJO DE LA CEAPP\",\"datePublished\":\"2025-01-24T13:54:47+00:00\",\"dateModified\":\"2025-01-24T13:55:07+00:00\",\"mainEntityOfPage\":{\"@id\":\"https:\\\/\\\/lospoliticosveracruz.com\\\/?p=136403\"},\"wordCount\":465,\"publisher\":{\"@id\":\"https:\\\/\\\/lospoliticosveracruz.com\\\/#organization\"},\"image\":{\"@id\":\"https:\\\/\\\/lospoliticosveracruz.com\\\/?p=136403#primaryimage\"},\"thumbnailUrl\":\"https:\\\/\\\/lospoliticosveracruz.com\\\/wp-content\\\/uploads\\\/2024\\\/12\\\/Yamiri.jpg\",\"keywords\":[\"CEAPP\"],\"articleSection\":[\"De Opini\u00f3n\"],\"inLanguage\":\"es\"},{\"@type\":\"WebPage\",\"@id\":\"https:\\\/\\\/lospoliticosveracruz.com\\\/?p=136403\",\"url\":\"https:\\\/\\\/lospoliticosveracruz.com\\\/?p=136403\",\"name\":\"EL TRABAJO DE LA CEAPP - Los pol\u00edticos Veracruz\",\"isPartOf\":{\"@id\":\"https:\\\/\\\/lospoliticosveracruz.com\\\/#website\"},\"primaryImageOfPage\":{\"@id\":\"https:\\\/\\\/lospoliticosveracruz.com\\\/?p=136403#primaryimage\"},\"image\":{\"@id\":\"https:\\\/\\\/lospoliticosveracruz.com\\\/?p=136403#primaryimage\"},\"thumbnailUrl\":\"https:\\\/\\\/lospoliticosveracruz.com\\\/wp-content\\\/uploads\\\/2024\\\/12\\\/Yamiri.jpg\",\"datePublished\":\"2025-01-24T13:54:47+00:00\",\"dateModified\":\"2025-01-24T13:55:07+00:00\",\"breadcrumb\":{\"@id\":\"https:\\\/\\\/lospoliticosveracruz.com\\\/?p=136403#breadcrumb\"},\"inLanguage\":\"es\",\"potentialAction\":[{\"@type\":\"ReadAction\",\"target\":[\"https:\\\/\\\/lospoliticosveracruz.com\\\/?p=136403\"]}]},{\"@type\":\"ImageObject\",\"inLanguage\":\"es\",\"@id\":\"https:\\\/\\\/lospoliticosveracruz.com\\\/?p=136403#primaryimage\",\"url\":\"https:\\\/\\\/lospoliticosveracruz.com\\\/wp-content\\\/uploads\\\/2024\\\/12\\\/Yamiri.jpg\",\"contentUrl\":\"https:\\\/\\\/lospoliticosveracruz.com\\\/wp-content\\\/uploads\\\/2024\\\/12\\\/Yamiri.jpg\",\"width\":1250,\"height\":667},{\"@type\":\"BreadcrumbList\",\"@id\":\"https:\\\/\\\/lospoliticosveracruz.com\\\/?p=136403#breadcrumb\",\"itemListElement\":[{\"@type\":\"ListItem\",\"position\":1,\"name\":\"Portada\",\"item\":\"https:\\\/\\\/lospoliticosveracruz.com\\\/\"},{\"@type\":\"ListItem\",\"position\":2,\"name\":\"EL TRABAJO DE LA CEAPP\"}]},{\"@type\":\"WebSite\",\"@id\":\"https:\\\/\\\/lospoliticosveracruz.com\\\/#website\",\"url\":\"https:\\\/\\\/lospoliticosveracruz.com\\\/\",\"name\":\"Los pol\u00edticos Veracruz\",\"description\":\"\",\"publisher\":{\"@id\":\"https:\\\/\\\/lospoliticosveracruz.com\\\/#organization\"},\"potentialAction\":[{\"@type\":\"SearchAction\",\"target\":{\"@type\":\"EntryPoint\",\"urlTemplate\":\"https:\\\/\\\/lospoliticosveracruz.com\\\/?s={search_term_string}\"},\"query-input\":{\"@type\":\"PropertyValueSpecification\",\"valueRequired\":true,\"valueName\":\"search_term_string\"}}],\"inLanguage\":\"es\"},{\"@type\":\"Organization\",\"@id\":\"https:\\\/\\\/lospoliticosveracruz.com\\\/#organization\",\"name\":\"Los pol\u00edticos Veracruz\",\"url\":\"https:\\\/\\\/lospoliticosveracruz.com\\\/\",\"logo\":{\"@type\":\"ImageObject\",\"inLanguage\":\"es\",\"@id\":\"https:\\\/\\\/lospoliticosveracruz.com\\\/#\\\/schema\\\/logo\\\/image\\\/\",\"url\":\"https:\\\/\\\/lospoliticosveracruz.com\\\/wp-content\\\/uploads\\\/2025\\\/12\\\/Logo-Nuevo-LOS-POLITICOS-1.jpg\",\"contentUrl\":\"https:\\\/\\\/lospoliticosveracruz.com\\\/wp-content\\\/uploads\\\/2025\\\/12\\\/Logo-Nuevo-LOS-POLITICOS-1.jpg\",\"width\":260,\"height\":70,\"caption\":\"Los pol\u00edticos Veracruz\"},\"image\":{\"@id\":\"https:\\\/\\\/lospoliticosveracruz.com\\\/#\\\/schema\\\/logo\\\/image\\\/\"},\"sameAs\":[\"https:\\\/\\\/www.facebook.com\\\/people\\\/Notimemes-de-los-Polticos\\\/61565672886568\\\/\",\"https:\\\/\\\/x.com\\\/LosPoliticosVer\"]},{\"@type\":\"Person\",\"@id\":\"https:\\\/\\\/lospoliticosveracruz.com\\\/#\\\/schema\\\/person\\\/b8702bb0e538456e6efd07080bf2a4a2\",\"name\":\"Lo viste en Los Pol\u00edticos\",\"image\":{\"@type\":\"ImageObject\",\"inLanguage\":\"es\",\"@id\":\"https:\\\/\\\/secure.gravatar.com\\\/avatar\\\/3a8de04a2656d44082be478bd6c086daa447c4651605818287b9532d3d0bd435?s=96&d=mm&r=g\",\"url\":\"https:\\\/\\\/secure.gravatar.com\\\/avatar\\\/3a8de04a2656d44082be478bd6c086daa447c4651605818287b9532d3d0bd435?s=96&d=mm&r=g\",\"contentUrl\":\"https:\\\/\\\/secure.gravatar.com\\\/avatar\\\/3a8de04a2656d44082be478bd6c086daa447c4651605818287b9532d3d0bd435?s=96&d=mm&r=g\",\"caption\":\"Lo viste en Los Pol\u00edticos\"},\"url\":\"https:\\\/\\\/lospoliticosveracruz.com\\\/?author=2\"}]}<\/script>\n<!-- \/ Yoast SEO plugin. -->","yoast_head_json":{"title":"EL TRABAJO DE LA CEAPP - Los pol\u00edticos Veracruz","robots":{"index":"index","follow":"follow","max-snippet":"max-snippet:-1","max-image-preview":"max-image-preview:large","max-video-preview":"max-video-preview:-1"},"canonical":"https:\/\/lospoliticosveracruz.com\/?p=136403","og_locale":"es_ES","og_type":"article","og_title":"EL TRABAJO DE LA CEAPP - Los pol\u00edticos Veracruz","og_description":"S\u00edguenos ahora tambi\u00e9n en WhatsApp.&nbsp;Da clic aqu\u00ed Yamiri Rodr\u00edguez Madrid La vuelta a Veracruz en un teclazo La tarde de este jueves, el presidente de la Comisi\u00f3n Estatal para la Atenci\u00f3n y Protecci\u00f3n a Periodistas (CEAPP), Luis Ram\u00edrez Baqueiro, junto con las y los comisionados, comparecieron ante el Congreso Local como parte de la ronda [&hellip;]","og_url":"https:\/\/lospoliticosveracruz.com\/?p=136403","og_site_name":"Los pol\u00edticos Veracruz","article_publisher":"https:\/\/www.facebook.com\/people\/Notimemes-de-los-Polticos\/61565672886568\/","article_published_time":"2025-01-24T13:54:47+00:00","article_modified_time":"2025-01-24T13:55:07+00:00","og_image":[{"width":1250,"height":667,"url":"https:\/\/lospoliticosveracruz.com\/wp-content\/uploads\/2024\/12\/Yamiri.jpg","type":"image\/jpeg"}],"author":"Lo viste en Los Pol\u00edticos","twitter_card":"summary_large_image","twitter_creator":"@LosPoliticosVer","twitter_site":"@LosPoliticosVer","twitter_misc":{"Escrito por":"Lo viste en Los Pol\u00edticos","Tiempo de lectura":"2 minutos"},"schema":{"@context":"https:\/\/schema.org","@graph":[{"@type":"Article","@id":"https:\/\/lospoliticosveracruz.com\/?p=136403#article","isPartOf":{"@id":"https:\/\/lospoliticosveracruz.com\/?p=136403"},"author":{"name":"Lo viste en Los Pol\u00edticos","@id":"https:\/\/lospoliticosveracruz.com\/#\/schema\/person\/b8702bb0e538456e6efd07080bf2a4a2"},"headline":"EL TRABAJO DE LA CEAPP","datePublished":"2025-01-24T13:54:47+00:00","dateModified":"2025-01-24T13:55:07+00:00","mainEntityOfPage":{"@id":"https:\/\/lospoliticosveracruz.com\/?p=136403"},"wordCount":465,"publisher":{"@id":"https:\/\/lospoliticosveracruz.com\/#organization"},"image":{"@id":"https:\/\/lospoliticosveracruz.com\/?p=136403#primaryimage"},"thumbnailUrl":"https:\/\/lospoliticosveracruz.com\/wp-content\/uploads\/2024\/12\/Yamiri.jpg","keywords":["CEAPP"],"articleSection":["De Opini\u00f3n"],"inLanguage":"es"},{"@type":"WebPage","@id":"https:\/\/lospoliticosveracruz.com\/?p=136403","url":"https:\/\/lospoliticosveracruz.com\/?p=136403","name":"EL TRABAJO DE LA CEAPP - Los pol\u00edticos Veracruz","isPartOf":{"@id":"https:\/\/lospoliticosveracruz.com\/#website"},"primaryImageOfPage":{"@id":"https:\/\/lospoliticosveracruz.com\/?p=136403#primaryimage"},"image":{"@id":"https:\/\/lospoliticosveracruz.com\/?p=136403#primaryimage"},"thumbnailUrl":"https:\/\/lospoliticosveracruz.com\/wp-content\/uploads\/2024\/12\/Yamiri.jpg","datePublished":"2025-01-24T13:54:47+00:00","dateModified":"2025-01-24T13:55:07+00:00","breadcrumb":{"@id":"https:\/\/lospoliticosveracruz.com\/?p=136403#breadcrumb"},"inLanguage":"es","potentialAction":[{"@type":"ReadAction","target":["https:\/\/lospoliticosveracruz.com\/?p=136403"]}]},{"@type":"ImageObject","inLanguage":"es","@id":"https:\/\/lospoliticosveracruz.com\/?p=136403#primaryimage","url":"https:\/\/lospoliticosveracruz.com\/wp-content\/uploads\/2024\/12\/Yamiri.jpg","contentUrl":"https:\/\/lospoliticosveracruz.com\/wp-content\/uploads\/2024\/12\/Yamiri.jpg","width":1250,"height":667},{"@type":"BreadcrumbList","@id":"https:\/\/lospoliticosveracruz.com\/?p=136403#breadcrumb","itemListElement":[{"@type":"ListItem","position":1,"name":"Portada","item":"https:\/\/lospoliticosveracruz.com\/"},{"@type":"ListItem","position":2,"name":"EL TRABAJO DE LA CEAPP"}]},{"@type":"WebSite","@id":"https:\/\/lospoliticosveracruz.com\/#website","url":"https:\/\/lospoliticosveracruz.com\/","name":"Los pol\u00edticos Veracruz","description":"","publisher":{"@id":"https:\/\/lospoliticosveracruz.com\/#organization"},"potentialAction":[{"@type":"SearchAction","target":{"@type":"EntryPoint","urlTemplate":"https:\/\/lospoliticosveracruz.com\/?s={search_term_string}"},"query-input":{"@type":"PropertyValueSpecification","valueRequired":true,"valueName":"search_term_string"}}],"inLanguage":"es"},{"@type":"Organization","@id":"https:\/\/lospoliticosveracruz.com\/#organization","name":"Los pol\u00edticos Veracruz","url":"https:\/\/lospoliticosveracruz.com\/","logo":{"@type":"ImageObject","inLanguage":"es","@id":"https:\/\/lospoliticosveracruz.com\/#\/schema\/logo\/image\/","url":"https:\/\/lospoliticosveracruz.com\/wp-content\/uploads\/2025\/12\/Logo-Nuevo-LOS-POLITICOS-1.jpg","contentUrl":"https:\/\/lospoliticosveracruz.com\/wp-content\/uploads\/2025\/12\/Logo-Nuevo-LOS-POLITICOS-1.jpg","width":260,"height":70,"caption":"Los pol\u00edticos Veracruz"},"image":{"@id":"https:\/\/lospoliticosveracruz.com\/#\/schema\/logo\/image\/"},"sameAs":["https:\/\/www.facebook.com\/people\/Notimemes-de-los-Polticos\/61565672886568\/","https:\/\/x.com\/LosPoliticosVer"]},{"@type":"Person","@id":"https:\/\/lospoliticosveracruz.com\/#\/schema\/person\/b8702bb0e538456e6efd07080bf2a4a2","name":"Lo viste en Los Pol\u00edticos","image":{"@type":"ImageObject","inLanguage":"es","@id":"https:\/\/secure.gravatar.com\/avatar\/3a8de04a2656d44082be478bd6c086daa447c4651605818287b9532d3d0bd435?s=96&d=mm&r=g","url":"https:\/\/secure.gravatar.com\/avatar\/3a8de04a2656d44082be478bd6c086daa447c4651605818287b9532d3d0bd435?s=96&d=mm&r=g","contentUrl":"https:\/\/secure.gravatar.com\/avatar\/3a8de04a2656d44082be478bd6c086daa447c4651605818287b9532d3d0bd435?s=96&d=mm&r=g","caption":"Lo viste en Los Pol\u00edticos"},"url":"https:\/\/lospoliticosveracruz.com\/?author=2"}]}},"_links":{"self":[{"href":"https:\/\/lospoliticosveracruz.com\/index.php?rest_route=\/wp\/v2\/posts\/136403","targetHints":{"allow":["GET"]}}],"collection":[{"href":"https:\/\/lospoliticosveracruz.com\/index.php?rest_route=\/wp\/v2\/posts"}],"about":[{"href":"https:\/\/lospoliticosveracruz.com\/index.php?rest_route=\/wp\/v2\/types\/post"}],"author":[{"embeddable":true,"href":"https:\/\/lospoliticosveracruz.com\/index.php?rest_route=\/wp\/v2\/users\/2"}],"replies":[{"embeddable":true,"href":"https:\/\/lospoliticosveracruz.com\/index.php?rest_route=%2Fwp%2Fv2%2Fcomments&post=136403"}],"version-history":[{"count":1,"href":"https:\/\/lospoliticosveracruz.com\/index.php?rest_route=\/wp\/v2\/posts\/136403\/revisions"}],"predecessor-version":[{"id":136404,"href":"https:\/\/lospoliticosveracruz.com\/index.php?rest_route=\/wp\/v2\/posts\/136403\/revisions\/136404"}],"wp:featuredmedia":[{"embeddable":true,"href":"https:\/\/lospoliticosveracruz.com\/index.php?rest_route=\/wp\/v2\/media\/133405"}],"wp:attachment":[{"href":"https:\/\/lospoliticosveracruz.com\/index.php?rest_route=%2Fwp%2Fv2%2Fmedia&parent=136403"}],"wp:term":[{"taxonomy":"category","embeddable":true,"href":"https:\/\/lospoliticosveracruz.com\/index.php?rest_route=%2Fwp%2Fv2%2Fcategories&post=136403"},{"taxonomy":"post_tag","embeddable":true,"href":"https:\/\/lospoliticosveracruz.com\/index.php?rest_route=%2Fwp%2Fv2%2Ftags&post=136403"}],"curies":[{"name":"wp","href":"https:\/\/api.w.org\/{rel}","templated":true}]}}