{"id":136573,"date":"2025-01-27T15:00:56","date_gmt":"2025-01-27T21:00:56","guid":{"rendered":"https:\/\/lospoliticosveracruz.com.mx\/?p=136573"},"modified":"2025-01-27T15:01:33","modified_gmt":"2025-01-27T21:01:33","slug":"xalapa-moreno-si-come-moreno","status":"publish","type":"post","link":"https:\/\/lospoliticosveracruz.com\/?p=136573","title":{"rendered":"XALAPA, \u00a1MORENO S\u00cd COME MORENO!"},"content":{"rendered":"\n<p>S\u00edguenos ahora tambi\u00e9n en WhatsApp.&nbsp;<a href=\"https:\/\/whatsapp.com\/channel\/0029Va8zRWlEKyZIP3Z1dF0e\"><strong><em>Da clic aqu\u00ed<\/em><\/strong><\/a><\/p>\n\n\n\n<p><strong>Arturo Reyes Gonz\u00e1lez<\/strong><\/p>\n\n\n\n<p><em>Burladero<\/em><\/p>\n\n\n\n<p>En d\u00edas pasados el exdirigente estatal del extinto Partido de la Revoluci\u00f3n Democr\u00e1tica (PRD), Juan Vergel Pacheco, sali\u00f3 a conferencia ante medios de comunicaci\u00f3n, en conocido caf\u00e9 del centro de Xalapa, para literalmente afirmar que hay \u00abpiso parejo\u00bb en el proceso interno de Morena rumbo a la alcald\u00eda, a pesar de su molestia ya que el dirigente de Morena, Esteban Ram\u00edrez Zepeta, hab\u00eda expresado buenos comentarios hacia la persona de Daniela Griego, otra de las precandidatas.<\/p>\n\n\n\n<p>Vergel Pacheco, quien ocup\u00f3 el cargo de Director de Gobierno del Ayuntamiento de Xalapa, en la nefasta, muy nefasta administraci\u00f3n de Hip\u00f3lito Rodr\u00edguez Herrero, ha utilizado entre sus \u00faltimos discursos la palabra congruencia, pero se le olvida, por cierto muy, pero muy r\u00e1pido, que hasta hace apenas unas semanas, aun siendo director regional de los programas del bienestar en Xalapa hizo distintos y constantes recorridos convocando a reuniones donde solicit\u00f3 -abierta y expl\u00edcitamente- el apoyo en colonias de la capital, en su aspiraci\u00f3n para ser candidato a la alcald\u00eda de Xalapa.<\/p>\n\n\n\n<p>\u00a1Eso luce muy priista para haber sido perredista! Ah, de veras, que eran primos. Bueno.<\/p>\n\n\n\n<p>Lo anterior, lo de las colonias, no lo de priistas y perredistas son datos que confirmaron ciudadanas y ciudadanos a Burladero, \u201c\u2026el se\u00f1or siendo funcionario p\u00fablico hacia reuniones con los beneficiarios de los programas y con l\u00edderes de diversas colonias de Xalapa pidiendo abiertamente el apoyo para ser candidato\u2026\u201d.<\/p>\n\n\n\n<p>A este reportero le han hecho llegar im\u00e1genes de chats del 23 de noviembre del a\u00f1o pasado, que ejemplifican los mensajes y hechos donde todav\u00eda convocaba a reuniones; insisto, siendo servidor p\u00fablico, que lo fue en funciones hasta diciembre del 2024.<\/p>\n\n\n\n<p>A ver, entonces l\u00edderes de colonias confirmaron que el motivo de las reuniones era conseguir el apoyo para ser candidato a la alcald\u00eda siendo funcionario de la delegaci\u00f3n de bienestar; o sea, uso de los recursos para su beneficio.<\/p>\n\n\n\n<p>Sin embargo, el se\u00f1or Vergel pide congruencia para que renuncien quienes ya se registraron, cuando la ley tiene previstos los tiempos para que los funcionarios terminen sus encargos.<\/p>\n\n\n\n<p>Estoy seguro que si hubiera podido hubiera seguido en Bienestar, sin embargo, la situaci\u00f3n cambi\u00f3, su mecenas ya no pudo meter la mano y tuvo que decir adi\u00f3s.<\/p>\n\n\n\n<p>Por eso se queja y quiere que todos hagan lo mismo, insisto, cuando los tiempos de su partido est\u00e1n marcados y bien definidos.<\/p>\n\n\n\n<p>\u00bfQu\u00e9, sus convocatorias en el Bienestar no fueron igual a demostrar lo incongruente que fue tambi\u00e9n \u00e9l en los \u00faltimos meses?<\/p>\n\n\n\n<p>Otra pregunta que salta, \u00bfEs honesto que Juan Vergel con el cargo que ostentaba y la informaci\u00f3n privilegiada del padr\u00f3n de beneficiarios de los programas del Bienestar en sus manos, lo haya usado y aprovechado para hacer campa\u00f1a a su favor?<\/p>\n\n\n\n<p>\u00bfEh? Es pregunta.<\/p>\n\n\n\n<p>El factor Huerta<\/p>\n\n\n\n<p>De muchos es sabido la a\u00f1eja cercan\u00eda que existe entre Juan Vergel con el Senador Manuel Huerta, por lo que el exsuper delegado quiere a Vergel en Xalapa, con lo que podr\u00eda imponer en el cabildo a sus cercanos como lo es tambi\u00e9n Ivonne Cisneros, en beneficio de su proyecto personal dentro de las decisiones del pr\u00f3ximo cabildo xalape\u00f1o.<\/p>\n\n\n\n<p>Al respecto, cabe destacar que coincidentemente hoy se registran movimientos similares en otras regiones del Estado por parte de exfuncionarios de la delegaci\u00f3n del bienestar que trabajaron con \u00e9l, quienes pretenden ser la m\u00e1xima autoridad de sus municipios.<\/p>\n\n\n\n<p>Esto es, m\u00e1s all\u00e1 de las pretensiones de Vergel y Cisneros en Xalapa, pareciera que est\u00e1 la intenci\u00f3n del proyecto de Huerta de infiltrarse en las nuevas administraciones municipales, para desde ah\u00ed seguir manipulando acciones a favor de sus intereses sean cual sean estos.<\/p>\n\n\n\n<p>Es indudable que a Huerta no se le olvidan las viejas pr\u00e1cticas de cuando fue dirigente de la UCISVER, desde donde manipul\u00f3 a colonos y propici\u00f3 la invasi\u00f3n de terrenos para posteriormente negociar con ellos y recibir prebendas personales.<\/p>\n\n\n\n<p>De Manuel, algunos de sus viejos compa\u00f1eros afirman est\u00e1 acostumbrado a lanzar la piedra y esconder la mano y hasta hoy le sigue funcionando.<\/p>\n\n\n\n<p>\u00bfSer\u00e1 que algunos luchadores de izquierda, entre ellos Huerta y Vergel no acaban de entender que la renovaci\u00f3n generacional tambi\u00e9n es parte fundamental de las pol\u00edticas de la 4T?<\/p>\n\n\n\n<p>Porque tal parece que Huerta sigue actuando como en el caso de Vergel, motivado por su ambici\u00f3n personal de permanecer en alg\u00fan cargo sea cual fuere, apegado a la frase que nos dej\u00f3 el gran tuxpe\u00f1o C\u00e9sar \u201cel Tlacuache\u201d Garizurieta: \u201cVivir fuera del presupuesto, es vivir en el error\u201d. Y es que la mayor\u00eda de ellos (los viejos de la izquierda) se han escudado en ella para saciar sus ambiciones capitalistas. Al menos eso parece.<\/p>\n\n\n\n<p>Por cierto, \u00bfy la l\u00ednea presidencial?<\/p>\n\n\n\n<p>\u00bfSe le olvida a algunos Morenos como Vergel y Huerta que es tiempo de mujeres?<\/p>\n\n\n\n<p>Antojitos tendr\u00e1n ajuste de precios, por supuesto al alza<\/p>\n\n\n\n<p>La noticia fue contundente: Subir\u00e1 el Precio de los Antojitos Veracruzanos por Inflaci\u00f3n.<\/p>\n\n\n\n<p>\u201cLa inflaci\u00f3n impacta a los peque\u00f1os comercios de alimentos, comerciantes prev\u00e9n que en febrero se realice el ajuste en promedio de un peso por pieza de las picadas, empanadas y dem\u00e1s antojitos\u201d, se apunt\u00f3.<\/p>\n\n\n\n<p>La comerciante del puerto de Veracruz Brisia Bravo Campos lo reiter\u00f3: Es oficial y la nota la dio el sistema de noticias N+; a partir del pr\u00f3ximo 1 de febrero los antojitos veracruzanos subir\u00e1n sus precios debido al alto costo de los insumos para su elaboraci\u00f3n.<\/p>\n\n\n\n<p>Los productores han hecho un esfuerzo tit\u00e1nico para que durante todo enero esto no sucediera, pero de plano para febrero es imposible.<\/p>\n\n\n\n<p>Oiga, por cierto, \u00bfy el costo del pasaje de los autobuses de Veracruz sigue costando nueve pesos??<\/p>\n","protected":false},"excerpt":{"rendered":"<p>S\u00edguenos ahora tambi\u00e9n en WhatsApp.&nbsp;Da clic aqu\u00ed Arturo Reyes Gonz\u00e1lez Burladero En d\u00edas pasados el exdirigente estatal del extinto Partido de la Revoluci\u00f3n Democr\u00e1tica (PRD), Juan Vergel Pacheco, sali\u00f3 a conferencia ante medios de comunicaci\u00f3n, en conocido caf\u00e9 del centro de Xalapa, para literalmente afirmar que hay \u00abpiso parejo\u00bb en el proceso interno de Morena [&hellip;]<\/p>\n","protected":false},"author":2,"featured_media":128464,"comment_status":"closed","ping_status":"closed","sticky":false,"template":"","format":"standard","meta":{"tdm_status":"","tdm_grid_status":"","footnotes":""},"categories":[70],"tags":[],"class_list":{"0":"post-136573","1":"post","2":"type-post","3":"status-publish","4":"format-standard","5":"has-post-thumbnail","7":"category-de-opinion"},"yoast_head":"<!-- This site is optimized with the Yoast SEO plugin v27.4 - https:\/\/yoast.com\/product\/yoast-seo-wordpress\/ -->\n<title>XALAPA, \u00a1MORENO S\u00cd COME MORENO! - Los pol\u00edticos Veracruz<\/title>\n<meta name=\"robots\" content=\"index, follow, max-snippet:-1, max-image-preview:large, max-video-preview:-1\" \/>\n<link rel=\"canonical\" href=\"https:\/\/lospoliticosveracruz.com\/?p=136573\" \/>\n<meta property=\"og:locale\" content=\"es_ES\" \/>\n<meta property=\"og:type\" content=\"article\" \/>\n<meta property=\"og:title\" content=\"XALAPA, \u00a1MORENO S\u00cd COME MORENO! - Los pol\u00edticos Veracruz\" \/>\n<meta property=\"og:description\" content=\"S\u00edguenos ahora tambi\u00e9n en WhatsApp.&nbsp;Da clic aqu\u00ed Arturo Reyes Gonz\u00e1lez Burladero En d\u00edas pasados el exdirigente estatal del extinto Partido de la Revoluci\u00f3n Democr\u00e1tica (PRD), Juan Vergel Pacheco, sali\u00f3 a conferencia ante medios de comunicaci\u00f3n, en conocido caf\u00e9 del centro de Xalapa, para literalmente afirmar que hay \u00abpiso parejo\u00bb en el proceso interno de Morena [&hellip;]\" \/>\n<meta property=\"og:url\" content=\"https:\/\/lospoliticosveracruz.com\/?p=136573\" \/>\n<meta property=\"og:site_name\" content=\"Los pol\u00edticos Veracruz\" \/>\n<meta property=\"article:publisher\" content=\"https:\/\/www.facebook.com\/people\/Notimemes-de-los-Polticos\/61565672886568\/\" \/>\n<meta property=\"article:published_time\" content=\"2025-01-27T21:00:56+00:00\" \/>\n<meta property=\"article:modified_time\" content=\"2025-01-27T21:01:33+00:00\" \/>\n<meta property=\"og:image\" content=\"https:\/\/lospoliticosveracruz.com\/wp-content\/uploads\/2024\/08\/Arturo-Reyes.jpg\" \/>\n\t<meta property=\"og:image:width\" content=\"1250\" \/>\n\t<meta property=\"og:image:height\" content=\"667\" \/>\n\t<meta property=\"og:image:type\" content=\"image\/jpeg\" \/>\n<meta name=\"author\" content=\"Lo viste en Los Pol\u00edticos\" \/>\n<meta name=\"twitter:card\" content=\"summary_large_image\" \/>\n<meta name=\"twitter:creator\" content=\"@LosPoliticosVer\" \/>\n<meta name=\"twitter:site\" content=\"@LosPoliticosVer\" \/>\n<meta name=\"twitter:label1\" content=\"Escrito por\" \/>\n\t<meta name=\"twitter:data1\" content=\"Lo viste en Los Pol\u00edticos\" \/>\n\t<meta name=\"twitter:label2\" content=\"Tiempo de lectura\" \/>\n\t<meta name=\"twitter:data2\" content=\"5 minutos\" \/>\n<script type=\"application\/ld+json\" class=\"yoast-schema-graph\">{\"@context\":\"https:\\\/\\\/schema.org\",\"@graph\":[{\"@type\":\"Article\",\"@id\":\"https:\\\/\\\/lospoliticosveracruz.com\\\/?p=136573#article\",\"isPartOf\":{\"@id\":\"https:\\\/\\\/lospoliticosveracruz.com\\\/?p=136573\"},\"author\":{\"name\":\"Lo viste en Los Pol\u00edticos\",\"@id\":\"https:\\\/\\\/lospoliticosveracruz.com\\\/#\\\/schema\\\/person\\\/b8702bb0e538456e6efd07080bf2a4a2\"},\"headline\":\"XALAPA, \u00a1MORENO S\u00cd COME MORENO!\",\"datePublished\":\"2025-01-27T21:00:56+00:00\",\"dateModified\":\"2025-01-27T21:01:33+00:00\",\"mainEntityOfPage\":{\"@id\":\"https:\\\/\\\/lospoliticosveracruz.com\\\/?p=136573\"},\"wordCount\":1010,\"publisher\":{\"@id\":\"https:\\\/\\\/lospoliticosveracruz.com\\\/#organization\"},\"image\":{\"@id\":\"https:\\\/\\\/lospoliticosveracruz.com\\\/?p=136573#primaryimage\"},\"thumbnailUrl\":\"https:\\\/\\\/lospoliticosveracruz.com\\\/wp-content\\\/uploads\\\/2024\\\/08\\\/Arturo-Reyes.jpg\",\"articleSection\":[\"De Opini\u00f3n\"],\"inLanguage\":\"es\"},{\"@type\":\"WebPage\",\"@id\":\"https:\\\/\\\/lospoliticosveracruz.com\\\/?p=136573\",\"url\":\"https:\\\/\\\/lospoliticosveracruz.com\\\/?p=136573\",\"name\":\"XALAPA, \u00a1MORENO S\u00cd COME MORENO! - Los pol\u00edticos Veracruz\",\"isPartOf\":{\"@id\":\"https:\\\/\\\/lospoliticosveracruz.com\\\/#website\"},\"primaryImageOfPage\":{\"@id\":\"https:\\\/\\\/lospoliticosveracruz.com\\\/?p=136573#primaryimage\"},\"image\":{\"@id\":\"https:\\\/\\\/lospoliticosveracruz.com\\\/?p=136573#primaryimage\"},\"thumbnailUrl\":\"https:\\\/\\\/lospoliticosveracruz.com\\\/wp-content\\\/uploads\\\/2024\\\/08\\\/Arturo-Reyes.jpg\",\"datePublished\":\"2025-01-27T21:00:56+00:00\",\"dateModified\":\"2025-01-27T21:01:33+00:00\",\"breadcrumb\":{\"@id\":\"https:\\\/\\\/lospoliticosveracruz.com\\\/?p=136573#breadcrumb\"},\"inLanguage\":\"es\",\"potentialAction\":[{\"@type\":\"ReadAction\",\"target\":[\"https:\\\/\\\/lospoliticosveracruz.com\\\/?p=136573\"]}]},{\"@type\":\"ImageObject\",\"inLanguage\":\"es\",\"@id\":\"https:\\\/\\\/lospoliticosveracruz.com\\\/?p=136573#primaryimage\",\"url\":\"https:\\\/\\\/lospoliticosveracruz.com\\\/wp-content\\\/uploads\\\/2024\\\/08\\\/Arturo-Reyes.jpg\",\"contentUrl\":\"https:\\\/\\\/lospoliticosveracruz.com\\\/wp-content\\\/uploads\\\/2024\\\/08\\\/Arturo-Reyes.jpg\",\"width\":1250,\"height\":667},{\"@type\":\"BreadcrumbList\",\"@id\":\"https:\\\/\\\/lospoliticosveracruz.com\\\/?p=136573#breadcrumb\",\"itemListElement\":[{\"@type\":\"ListItem\",\"position\":1,\"name\":\"Portada\",\"item\":\"https:\\\/\\\/lospoliticosveracruz.com\\\/\"},{\"@type\":\"ListItem\",\"position\":2,\"name\":\"XALAPA, \u00a1MORENO S\u00cd COME MORENO!\"}]},{\"@type\":\"WebSite\",\"@id\":\"https:\\\/\\\/lospoliticosveracruz.com\\\/#website\",\"url\":\"https:\\\/\\\/lospoliticosveracruz.com\\\/\",\"name\":\"Los pol\u00edticos Veracruz\",\"description\":\"\",\"publisher\":{\"@id\":\"https:\\\/\\\/lospoliticosveracruz.com\\\/#organization\"},\"potentialAction\":[{\"@type\":\"SearchAction\",\"target\":{\"@type\":\"EntryPoint\",\"urlTemplate\":\"https:\\\/\\\/lospoliticosveracruz.com\\\/?s={search_term_string}\"},\"query-input\":{\"@type\":\"PropertyValueSpecification\",\"valueRequired\":true,\"valueName\":\"search_term_string\"}}],\"inLanguage\":\"es\"},{\"@type\":\"Organization\",\"@id\":\"https:\\\/\\\/lospoliticosveracruz.com\\\/#organization\",\"name\":\"Los pol\u00edticos Veracruz\",\"url\":\"https:\\\/\\\/lospoliticosveracruz.com\\\/\",\"logo\":{\"@type\":\"ImageObject\",\"inLanguage\":\"es\",\"@id\":\"https:\\\/\\\/lospoliticosveracruz.com\\\/#\\\/schema\\\/logo\\\/image\\\/\",\"url\":\"https:\\\/\\\/lospoliticosveracruz.com\\\/wp-content\\\/uploads\\\/2025\\\/12\\\/Logo-Nuevo-LOS-POLITICOS-1.jpg\",\"contentUrl\":\"https:\\\/\\\/lospoliticosveracruz.com\\\/wp-content\\\/uploads\\\/2025\\\/12\\\/Logo-Nuevo-LOS-POLITICOS-1.jpg\",\"width\":260,\"height\":70,\"caption\":\"Los pol\u00edticos Veracruz\"},\"image\":{\"@id\":\"https:\\\/\\\/lospoliticosveracruz.com\\\/#\\\/schema\\\/logo\\\/image\\\/\"},\"sameAs\":[\"https:\\\/\\\/www.facebook.com\\\/people\\\/Notimemes-de-los-Polticos\\\/61565672886568\\\/\",\"https:\\\/\\\/x.com\\\/LosPoliticosVer\"]},{\"@type\":\"Person\",\"@id\":\"https:\\\/\\\/lospoliticosveracruz.com\\\/#\\\/schema\\\/person\\\/b8702bb0e538456e6efd07080bf2a4a2\",\"name\":\"Lo viste en Los Pol\u00edticos\",\"image\":{\"@type\":\"ImageObject\",\"inLanguage\":\"es\",\"@id\":\"https:\\\/\\\/secure.gravatar.com\\\/avatar\\\/3a8de04a2656d44082be478bd6c086daa447c4651605818287b9532d3d0bd435?s=96&d=mm&r=g\",\"url\":\"https:\\\/\\\/secure.gravatar.com\\\/avatar\\\/3a8de04a2656d44082be478bd6c086daa447c4651605818287b9532d3d0bd435?s=96&d=mm&r=g\",\"contentUrl\":\"https:\\\/\\\/secure.gravatar.com\\\/avatar\\\/3a8de04a2656d44082be478bd6c086daa447c4651605818287b9532d3d0bd435?s=96&d=mm&r=g\",\"caption\":\"Lo viste en Los Pol\u00edticos\"},\"url\":\"https:\\\/\\\/lospoliticosveracruz.com\\\/?author=2\"}]}<\/script>\n<!-- \/ Yoast SEO plugin. -->","yoast_head_json":{"title":"XALAPA, \u00a1MORENO S\u00cd COME MORENO! - Los pol\u00edticos Veracruz","robots":{"index":"index","follow":"follow","max-snippet":"max-snippet:-1","max-image-preview":"max-image-preview:large","max-video-preview":"max-video-preview:-1"},"canonical":"https:\/\/lospoliticosveracruz.com\/?p=136573","og_locale":"es_ES","og_type":"article","og_title":"XALAPA, \u00a1MORENO S\u00cd COME MORENO! - Los pol\u00edticos Veracruz","og_description":"S\u00edguenos ahora tambi\u00e9n en WhatsApp.&nbsp;Da clic aqu\u00ed Arturo Reyes Gonz\u00e1lez Burladero En d\u00edas pasados el exdirigente estatal del extinto Partido de la Revoluci\u00f3n Democr\u00e1tica (PRD), Juan Vergel Pacheco, sali\u00f3 a conferencia ante medios de comunicaci\u00f3n, en conocido caf\u00e9 del centro de Xalapa, para literalmente afirmar que hay \u00abpiso parejo\u00bb en el proceso interno de Morena [&hellip;]","og_url":"https:\/\/lospoliticosveracruz.com\/?p=136573","og_site_name":"Los pol\u00edticos Veracruz","article_publisher":"https:\/\/www.facebook.com\/people\/Notimemes-de-los-Polticos\/61565672886568\/","article_published_time":"2025-01-27T21:00:56+00:00","article_modified_time":"2025-01-27T21:01:33+00:00","og_image":[{"width":1250,"height":667,"url":"https:\/\/lospoliticosveracruz.com\/wp-content\/uploads\/2024\/08\/Arturo-Reyes.jpg","type":"image\/jpeg"}],"author":"Lo viste en Los Pol\u00edticos","twitter_card":"summary_large_image","twitter_creator":"@LosPoliticosVer","twitter_site":"@LosPoliticosVer","twitter_misc":{"Escrito por":"Lo viste en Los Pol\u00edticos","Tiempo de lectura":"5 minutos"},"schema":{"@context":"https:\/\/schema.org","@graph":[{"@type":"Article","@id":"https:\/\/lospoliticosveracruz.com\/?p=136573#article","isPartOf":{"@id":"https:\/\/lospoliticosveracruz.com\/?p=136573"},"author":{"name":"Lo viste en Los Pol\u00edticos","@id":"https:\/\/lospoliticosveracruz.com\/#\/schema\/person\/b8702bb0e538456e6efd07080bf2a4a2"},"headline":"XALAPA, \u00a1MORENO S\u00cd COME MORENO!","datePublished":"2025-01-27T21:00:56+00:00","dateModified":"2025-01-27T21:01:33+00:00","mainEntityOfPage":{"@id":"https:\/\/lospoliticosveracruz.com\/?p=136573"},"wordCount":1010,"publisher":{"@id":"https:\/\/lospoliticosveracruz.com\/#organization"},"image":{"@id":"https:\/\/lospoliticosveracruz.com\/?p=136573#primaryimage"},"thumbnailUrl":"https:\/\/lospoliticosveracruz.com\/wp-content\/uploads\/2024\/08\/Arturo-Reyes.jpg","articleSection":["De Opini\u00f3n"],"inLanguage":"es"},{"@type":"WebPage","@id":"https:\/\/lospoliticosveracruz.com\/?p=136573","url":"https:\/\/lospoliticosveracruz.com\/?p=136573","name":"XALAPA, \u00a1MORENO S\u00cd COME MORENO! - Los pol\u00edticos Veracruz","isPartOf":{"@id":"https:\/\/lospoliticosveracruz.com\/#website"},"primaryImageOfPage":{"@id":"https:\/\/lospoliticosveracruz.com\/?p=136573#primaryimage"},"image":{"@id":"https:\/\/lospoliticosveracruz.com\/?p=136573#primaryimage"},"thumbnailUrl":"https:\/\/lospoliticosveracruz.com\/wp-content\/uploads\/2024\/08\/Arturo-Reyes.jpg","datePublished":"2025-01-27T21:00:56+00:00","dateModified":"2025-01-27T21:01:33+00:00","breadcrumb":{"@id":"https:\/\/lospoliticosveracruz.com\/?p=136573#breadcrumb"},"inLanguage":"es","potentialAction":[{"@type":"ReadAction","target":["https:\/\/lospoliticosveracruz.com\/?p=136573"]}]},{"@type":"ImageObject","inLanguage":"es","@id":"https:\/\/lospoliticosveracruz.com\/?p=136573#primaryimage","url":"https:\/\/lospoliticosveracruz.com\/wp-content\/uploads\/2024\/08\/Arturo-Reyes.jpg","contentUrl":"https:\/\/lospoliticosveracruz.com\/wp-content\/uploads\/2024\/08\/Arturo-Reyes.jpg","width":1250,"height":667},{"@type":"BreadcrumbList","@id":"https:\/\/lospoliticosveracruz.com\/?p=136573#breadcrumb","itemListElement":[{"@type":"ListItem","position":1,"name":"Portada","item":"https:\/\/lospoliticosveracruz.com\/"},{"@type":"ListItem","position":2,"name":"XALAPA, \u00a1MORENO S\u00cd COME MORENO!"}]},{"@type":"WebSite","@id":"https:\/\/lospoliticosveracruz.com\/#website","url":"https:\/\/lospoliticosveracruz.com\/","name":"Los pol\u00edticos Veracruz","description":"","publisher":{"@id":"https:\/\/lospoliticosveracruz.com\/#organization"},"potentialAction":[{"@type":"SearchAction","target":{"@type":"EntryPoint","urlTemplate":"https:\/\/lospoliticosveracruz.com\/?s={search_term_string}"},"query-input":{"@type":"PropertyValueSpecification","valueRequired":true,"valueName":"search_term_string"}}],"inLanguage":"es"},{"@type":"Organization","@id":"https:\/\/lospoliticosveracruz.com\/#organization","name":"Los pol\u00edticos Veracruz","url":"https:\/\/lospoliticosveracruz.com\/","logo":{"@type":"ImageObject","inLanguage":"es","@id":"https:\/\/lospoliticosveracruz.com\/#\/schema\/logo\/image\/","url":"https:\/\/lospoliticosveracruz.com\/wp-content\/uploads\/2025\/12\/Logo-Nuevo-LOS-POLITICOS-1.jpg","contentUrl":"https:\/\/lospoliticosveracruz.com\/wp-content\/uploads\/2025\/12\/Logo-Nuevo-LOS-POLITICOS-1.jpg","width":260,"height":70,"caption":"Los pol\u00edticos Veracruz"},"image":{"@id":"https:\/\/lospoliticosveracruz.com\/#\/schema\/logo\/image\/"},"sameAs":["https:\/\/www.facebook.com\/people\/Notimemes-de-los-Polticos\/61565672886568\/","https:\/\/x.com\/LosPoliticosVer"]},{"@type":"Person","@id":"https:\/\/lospoliticosveracruz.com\/#\/schema\/person\/b8702bb0e538456e6efd07080bf2a4a2","name":"Lo viste en Los Pol\u00edticos","image":{"@type":"ImageObject","inLanguage":"es","@id":"https:\/\/secure.gravatar.com\/avatar\/3a8de04a2656d44082be478bd6c086daa447c4651605818287b9532d3d0bd435?s=96&d=mm&r=g","url":"https:\/\/secure.gravatar.com\/avatar\/3a8de04a2656d44082be478bd6c086daa447c4651605818287b9532d3d0bd435?s=96&d=mm&r=g","contentUrl":"https:\/\/secure.gravatar.com\/avatar\/3a8de04a2656d44082be478bd6c086daa447c4651605818287b9532d3d0bd435?s=96&d=mm&r=g","caption":"Lo viste en Los Pol\u00edticos"},"url":"https:\/\/lospoliticosveracruz.com\/?author=2"}]}},"_links":{"self":[{"href":"https:\/\/lospoliticosveracruz.com\/index.php?rest_route=\/wp\/v2\/posts\/136573","targetHints":{"allow":["GET"]}}],"collection":[{"href":"https:\/\/lospoliticosveracruz.com\/index.php?rest_route=\/wp\/v2\/posts"}],"about":[{"href":"https:\/\/lospoliticosveracruz.com\/index.php?rest_route=\/wp\/v2\/types\/post"}],"author":[{"embeddable":true,"href":"https:\/\/lospoliticosveracruz.com\/index.php?rest_route=\/wp\/v2\/users\/2"}],"replies":[{"embeddable":true,"href":"https:\/\/lospoliticosveracruz.com\/index.php?rest_route=%2Fwp%2Fv2%2Fcomments&post=136573"}],"version-history":[{"count":2,"href":"https:\/\/lospoliticosveracruz.com\/index.php?rest_route=\/wp\/v2\/posts\/136573\/revisions"}],"predecessor-version":[{"id":136575,"href":"https:\/\/lospoliticosveracruz.com\/index.php?rest_route=\/wp\/v2\/posts\/136573\/revisions\/136575"}],"wp:featuredmedia":[{"embeddable":true,"href":"https:\/\/lospoliticosveracruz.com\/index.php?rest_route=\/wp\/v2\/media\/128464"}],"wp:attachment":[{"href":"https:\/\/lospoliticosveracruz.com\/index.php?rest_route=%2Fwp%2Fv2%2Fmedia&parent=136573"}],"wp:term":[{"taxonomy":"category","embeddable":true,"href":"https:\/\/lospoliticosveracruz.com\/index.php?rest_route=%2Fwp%2Fv2%2Fcategories&post=136573"},{"taxonomy":"post_tag","embeddable":true,"href":"https:\/\/lospoliticosveracruz.com\/index.php?rest_route=%2Fwp%2Fv2%2Ftags&post=136573"}],"curies":[{"name":"wp","href":"https:\/\/api.w.org\/{rel}","templated":true}]}}