{"id":136671,"date":"2025-01-28T14:38:40","date_gmt":"2025-01-28T20:38:40","guid":{"rendered":"https:\/\/lospoliticosveracruz.com.mx\/?p=136671"},"modified":"2025-01-28T14:38:59","modified_gmt":"2025-01-28T20:38:59","slug":"hay-comite-de-evaluacion-en-el-poder-judicial","status":"publish","type":"post","link":"https:\/\/lospoliticosveracruz.com\/?p=136671","title":{"rendered":"HAY COMIT\u00c9 DE EVALUACI\u00d3N EN EL PODER JUDICIAL"},"content":{"rendered":"\n<p>S\u00edguenos ahora tambi\u00e9n en WhatsApp.&nbsp;<a href=\"https:\/\/whatsapp.com\/channel\/0029Va8zRWlEKyZIP3Z1dF0e\"><strong><em>Da clic aqu\u00ed<\/em><\/strong><\/a><\/p>\n\n\n\n<p>El Poder Judicial del Estado de Veracruz, encabezado por la Magistrada Presidenta Lisbeth Aurelia Jim\u00e9nez Aguirre, present\u00f3 a los integrantes del Comit\u00e9 de Evaluaci\u00f3n, quienes ser\u00e1n los encargados de verificar la elegibilidad de las personas juzgadoras, esto de conformidad a la reforma constitucional para la integraci\u00f3n de magistraturas y juzgados en el Poder Judicial del Estado, durante el Proceso Electoral Extraordinario 2024 \u2013 2025.<\/p>\n\n\n\n<p>Dicho \u00f3rgano colegiado queda integrado de la siguiente manera: Magistrado Alejandro Gabriel Hern\u00e1ndez Viveros, Presidente de la Sexta Sala del Tribunal Superior de Justicia, Dra. Carolina Viveros Garc\u00eda, Doctorante del Instituto de Investigaciones Jur\u00eddicas de la Universidad Veracruzana, Dr. Arturo Miguel Ch\u00edpuli Castillo, Director del Instituto de Investigaciones Jur\u00eddicas de la Universidad Veracruzana, Mtra. Erandi Isabel L\u00f3pez Herrer\u00eda, Rectora de El Colegio de Veracruz, Dra. Lorena Oyola Hern\u00e1ndez, expresidenta y Fundadora de la Barra Mexicana, Colegio de Abogados A.C., y Mtro. Jos\u00e9 Alfredo Corona Liz\u00e1rraga, Integrante del Consejo de la Judicatura, quien fungir\u00e1 como Secretario T\u00e9cnico.<\/p>\n\n\n\n<p>Al respecto, la titular del Consejo de la Judicatura del Estado, destac\u00f3 que este Comit\u00e9 tendr\u00e1 un papel clave en el proceso de selecci\u00f3n y evaluaci\u00f3n de las y los aspirantes a los cargos de magistraturas, juezas y jueces de primera instancia.<\/p>\n\n\n\n<p>Al reafirmar su compromiso con los principios de transparencia, m\u00e1xima publicidad y apego irrestricto a la Constituci\u00f3n, la Presidenta del Tribunal Superior de Justicia dijo que este grupo de trabajo ser\u00e1 el encargado de garantizar que los procedimientos de evaluaci\u00f3n se realicen bajo los m\u00e1s altos est\u00e1ndares \u00e9ticos y jur\u00eddicos, verificando que las y los aspirantes cumplan con los requisitos constitucionales y de elegibilidad.<\/p>\n\n\n\n<p>\u201cEstamos plenamente convencidos de que este Comit\u00e9 de Evaluaci\u00f3n actuar\u00e1 con absoluta independencia, imparcialidad, neutralidad y responsabilidad en cada una de las etapas del proceso de evaluaci\u00f3n y selecci\u00f3n. Su trabajo ser\u00e1 esencial para fortalecer los lazos de confianza de los ciudadanos en nuestro Poder Judicial\u201d, agreg\u00f3 la Togada.<\/p>\n\n\n\n<p>Finalmente, la Magistrada Presidenta refrend\u00f3 su confianza en que los resultados de su trabajo contribuir\u00e1n a una justicia m\u00e1s cercana, m\u00e1s humana y m\u00e1s democr\u00e1tica para las y los veracruzanos.<\/p>\n\n\n\n<p>Cabe destacar que, dentro de las responsabilidades generales del Comit\u00e9 de Evaluaci\u00f3n est\u00e1n, coordinar el proceso de selecci\u00f3n de postulantes para los diferentes cargos, garantizar el cumplimiento de los plazos establecidos en el proceso de selecci\u00f3n y evaluaci\u00f3n de personas id\u00f3neas, asegurar la transparencia y la imparcialidad en todas las fases del proceso.<\/p>\n\n\n\n<p>De igual manera, velar por el cumplimiento de la paridad de g\u00e9nero y la especializaci\u00f3n de las y los seleccionados, conforme a lo estipulado en la Convocatoria y emitir informes y dict\u00e1menes finales que se remitir\u00e1n a la Presidencia y al Pleno del Tribunal Superior de Justicia.<\/p>\n\n\n\n<p>Cabe mencionar que, el Comit\u00e9 de Evaluaci\u00f3n calificar\u00e1 a los candidatos inscritos, ser\u00e1 tambi\u00e9n el responsable de calificar la satisfacci\u00f3n de los requisitos de elegibilidad y certificar su viabilidad para integrarse. Ajustados los listados, el Comit\u00e9 los remitir\u00e1 al Congreso del Estado, para su aprobaci\u00f3n.<\/p>\n\n\n\n<p>Esta instalaci\u00f3n representa un proceso hist\u00f3rico e in\u00e9dito, en donde los juzgadores deben contar con la sensibilidad para comprender las necesidades de cada ciudadano que requiera de la aplicaci\u00f3n de la ley.<\/p>\n\n\n\n<p>La presentaci\u00f3n, permite avanzar hacia un Sistema Judicial accesible, imparcial, efectivo y democr\u00e1tico.<\/p>\n","protected":false},"excerpt":{"rendered":"<p>S\u00edguenos ahora tambi\u00e9n en WhatsApp.&nbsp;Da clic aqu\u00ed El Poder Judicial del Estado de Veracruz, encabezado por la Magistrada Presidenta Lisbeth Aurelia Jim\u00e9nez Aguirre, present\u00f3 a los integrantes del Comit\u00e9 de Evaluaci\u00f3n, quienes ser\u00e1n los encargados de verificar la elegibilidad de las personas juzgadoras, esto de conformidad a la reforma constitucional para la integraci\u00f3n de magistraturas [&hellip;]<\/p>\n","protected":false},"author":2,"featured_media":0,"comment_status":"closed","ping_status":"closed","sticky":false,"template":"","format":"standard","meta":{"tdm_status":"","tdm_grid_status":"","footnotes":""},"categories":[73],"tags":[],"class_list":{"0":"post-136671","1":"post","2":"type-post","3":"status-publish","4":"format-standard","6":"category-de-boleto"},"yoast_head":"<!-- This site is optimized with the Yoast SEO plugin v27.4 - https:\/\/yoast.com\/product\/yoast-seo-wordpress\/ -->\n<title>HAY COMIT\u00c9 DE EVALUACI\u00d3N EN EL PODER JUDICIAL - Los pol\u00edticos Veracruz<\/title>\n<meta name=\"robots\" content=\"index, follow, max-snippet:-1, max-image-preview:large, max-video-preview:-1\" \/>\n<link rel=\"canonical\" href=\"https:\/\/lospoliticosveracruz.com\/?p=136671\" \/>\n<meta property=\"og:locale\" content=\"es_ES\" \/>\n<meta property=\"og:type\" content=\"article\" \/>\n<meta property=\"og:title\" content=\"HAY COMIT\u00c9 DE EVALUACI\u00d3N EN EL PODER JUDICIAL - Los pol\u00edticos Veracruz\" \/>\n<meta property=\"og:description\" content=\"S\u00edguenos ahora tambi\u00e9n en WhatsApp.&nbsp;Da clic aqu\u00ed El Poder Judicial del Estado de Veracruz, encabezado por la Magistrada Presidenta Lisbeth Aurelia Jim\u00e9nez Aguirre, present\u00f3 a los integrantes del Comit\u00e9 de Evaluaci\u00f3n, quienes ser\u00e1n los encargados de verificar la elegibilidad de las personas juzgadoras, esto de conformidad a la reforma constitucional para la integraci\u00f3n de magistraturas [&hellip;]\" \/>\n<meta property=\"og:url\" content=\"https:\/\/lospoliticosveracruz.com\/?p=136671\" \/>\n<meta property=\"og:site_name\" content=\"Los pol\u00edticos Veracruz\" \/>\n<meta property=\"article:publisher\" content=\"https:\/\/www.facebook.com\/people\/Notimemes-de-los-Polticos\/61565672886568\/\" \/>\n<meta property=\"article:published_time\" content=\"2025-01-28T20:38:40+00:00\" \/>\n<meta property=\"article:modified_time\" content=\"2025-01-28T20:38:59+00:00\" \/>\n<meta property=\"og:image\" content=\"https:\/\/lospoliticosveracruz.com\/wp-content\/uploads\/2016\/07\/Logo-Dor.jpg\" \/>\n\t<meta property=\"og:image:width\" content=\"200\" \/>\n\t<meta property=\"og:image:height\" content=\"200\" \/>\n\t<meta property=\"og:image:type\" content=\"image\/jpeg\" \/>\n<meta name=\"author\" content=\"Lo viste en Los Pol\u00edticos\" \/>\n<meta name=\"twitter:card\" content=\"summary_large_image\" \/>\n<meta name=\"twitter:creator\" content=\"@LosPoliticosVer\" \/>\n<meta name=\"twitter:site\" content=\"@LosPoliticosVer\" \/>\n<meta name=\"twitter:label1\" content=\"Escrito por\" \/>\n\t<meta name=\"twitter:data1\" content=\"Lo viste en Los Pol\u00edticos\" \/>\n\t<meta name=\"twitter:label2\" content=\"Tiempo de lectura\" \/>\n\t<meta name=\"twitter:data2\" content=\"3 minutos\" \/>\n<script type=\"application\/ld+json\" class=\"yoast-schema-graph\">{\"@context\":\"https:\\\/\\\/schema.org\",\"@graph\":[{\"@type\":\"Article\",\"@id\":\"https:\\\/\\\/lospoliticosveracruz.com\\\/?p=136671#article\",\"isPartOf\":{\"@id\":\"https:\\\/\\\/lospoliticosveracruz.com\\\/?p=136671\"},\"author\":{\"name\":\"Lo viste en Los Pol\u00edticos\",\"@id\":\"https:\\\/\\\/lospoliticosveracruz.com\\\/#\\\/schema\\\/person\\\/b8702bb0e538456e6efd07080bf2a4a2\"},\"headline\":\"HAY COMIT\u00c9 DE EVALUACI\u00d3N EN EL PODER JUDICIAL\",\"datePublished\":\"2025-01-28T20:38:40+00:00\",\"dateModified\":\"2025-01-28T20:38:59+00:00\",\"mainEntityOfPage\":{\"@id\":\"https:\\\/\\\/lospoliticosveracruz.com\\\/?p=136671\"},\"wordCount\":603,\"publisher\":{\"@id\":\"https:\\\/\\\/lospoliticosveracruz.com\\\/#organization\"},\"articleSection\":[\"De Boleto\"],\"inLanguage\":\"es\"},{\"@type\":\"WebPage\",\"@id\":\"https:\\\/\\\/lospoliticosveracruz.com\\\/?p=136671\",\"url\":\"https:\\\/\\\/lospoliticosveracruz.com\\\/?p=136671\",\"name\":\"HAY COMIT\u00c9 DE EVALUACI\u00d3N EN EL PODER JUDICIAL - Los pol\u00edticos Veracruz\",\"isPartOf\":{\"@id\":\"https:\\\/\\\/lospoliticosveracruz.com\\\/#website\"},\"datePublished\":\"2025-01-28T20:38:40+00:00\",\"dateModified\":\"2025-01-28T20:38:59+00:00\",\"breadcrumb\":{\"@id\":\"https:\\\/\\\/lospoliticosveracruz.com\\\/?p=136671#breadcrumb\"},\"inLanguage\":\"es\",\"potentialAction\":[{\"@type\":\"ReadAction\",\"target\":[\"https:\\\/\\\/lospoliticosveracruz.com\\\/?p=136671\"]}]},{\"@type\":\"BreadcrumbList\",\"@id\":\"https:\\\/\\\/lospoliticosveracruz.com\\\/?p=136671#breadcrumb\",\"itemListElement\":[{\"@type\":\"ListItem\",\"position\":1,\"name\":\"Portada\",\"item\":\"https:\\\/\\\/lospoliticosveracruz.com\\\/\"},{\"@type\":\"ListItem\",\"position\":2,\"name\":\"HAY COMIT\u00c9 DE EVALUACI\u00d3N EN EL PODER JUDICIAL\"}]},{\"@type\":\"WebSite\",\"@id\":\"https:\\\/\\\/lospoliticosveracruz.com\\\/#website\",\"url\":\"https:\\\/\\\/lospoliticosveracruz.com\\\/\",\"name\":\"Los pol\u00edticos Veracruz\",\"description\":\"\",\"publisher\":{\"@id\":\"https:\\\/\\\/lospoliticosveracruz.com\\\/#organization\"},\"potentialAction\":[{\"@type\":\"SearchAction\",\"target\":{\"@type\":\"EntryPoint\",\"urlTemplate\":\"https:\\\/\\\/lospoliticosveracruz.com\\\/?s={search_term_string}\"},\"query-input\":{\"@type\":\"PropertyValueSpecification\",\"valueRequired\":true,\"valueName\":\"search_term_string\"}}],\"inLanguage\":\"es\"},{\"@type\":\"Organization\",\"@id\":\"https:\\\/\\\/lospoliticosveracruz.com\\\/#organization\",\"name\":\"Los pol\u00edticos Veracruz\",\"url\":\"https:\\\/\\\/lospoliticosveracruz.com\\\/\",\"logo\":{\"@type\":\"ImageObject\",\"inLanguage\":\"es\",\"@id\":\"https:\\\/\\\/lospoliticosveracruz.com\\\/#\\\/schema\\\/logo\\\/image\\\/\",\"url\":\"https:\\\/\\\/lospoliticosveracruz.com\\\/wp-content\\\/uploads\\\/2025\\\/12\\\/Logo-Nuevo-LOS-POLITICOS-1.jpg\",\"contentUrl\":\"https:\\\/\\\/lospoliticosveracruz.com\\\/wp-content\\\/uploads\\\/2025\\\/12\\\/Logo-Nuevo-LOS-POLITICOS-1.jpg\",\"width\":260,\"height\":70,\"caption\":\"Los pol\u00edticos Veracruz\"},\"image\":{\"@id\":\"https:\\\/\\\/lospoliticosveracruz.com\\\/#\\\/schema\\\/logo\\\/image\\\/\"},\"sameAs\":[\"https:\\\/\\\/www.facebook.com\\\/people\\\/Notimemes-de-los-Polticos\\\/61565672886568\\\/\",\"https:\\\/\\\/x.com\\\/LosPoliticosVer\"]},{\"@type\":\"Person\",\"@id\":\"https:\\\/\\\/lospoliticosveracruz.com\\\/#\\\/schema\\\/person\\\/b8702bb0e538456e6efd07080bf2a4a2\",\"name\":\"Lo viste en Los Pol\u00edticos\",\"image\":{\"@type\":\"ImageObject\",\"inLanguage\":\"es\",\"@id\":\"https:\\\/\\\/secure.gravatar.com\\\/avatar\\\/3a8de04a2656d44082be478bd6c086daa447c4651605818287b9532d3d0bd435?s=96&d=mm&r=g\",\"url\":\"https:\\\/\\\/secure.gravatar.com\\\/avatar\\\/3a8de04a2656d44082be478bd6c086daa447c4651605818287b9532d3d0bd435?s=96&d=mm&r=g\",\"contentUrl\":\"https:\\\/\\\/secure.gravatar.com\\\/avatar\\\/3a8de04a2656d44082be478bd6c086daa447c4651605818287b9532d3d0bd435?s=96&d=mm&r=g\",\"caption\":\"Lo viste en Los Pol\u00edticos\"},\"url\":\"https:\\\/\\\/lospoliticosveracruz.com\\\/?author=2\"}]}<\/script>\n<!-- \/ Yoast SEO plugin. -->","yoast_head_json":{"title":"HAY COMIT\u00c9 DE EVALUACI\u00d3N EN EL PODER JUDICIAL - Los pol\u00edticos Veracruz","robots":{"index":"index","follow":"follow","max-snippet":"max-snippet:-1","max-image-preview":"max-image-preview:large","max-video-preview":"max-video-preview:-1"},"canonical":"https:\/\/lospoliticosveracruz.com\/?p=136671","og_locale":"es_ES","og_type":"article","og_title":"HAY COMIT\u00c9 DE EVALUACI\u00d3N EN EL PODER JUDICIAL - Los pol\u00edticos Veracruz","og_description":"S\u00edguenos ahora tambi\u00e9n en WhatsApp.&nbsp;Da clic aqu\u00ed El Poder Judicial del Estado de Veracruz, encabezado por la Magistrada Presidenta Lisbeth Aurelia Jim\u00e9nez Aguirre, present\u00f3 a los integrantes del Comit\u00e9 de Evaluaci\u00f3n, quienes ser\u00e1n los encargados de verificar la elegibilidad de las personas juzgadoras, esto de conformidad a la reforma constitucional para la integraci\u00f3n de magistraturas [&hellip;]","og_url":"https:\/\/lospoliticosveracruz.com\/?p=136671","og_site_name":"Los pol\u00edticos Veracruz","article_publisher":"https:\/\/www.facebook.com\/people\/Notimemes-de-los-Polticos\/61565672886568\/","article_published_time":"2025-01-28T20:38:40+00:00","article_modified_time":"2025-01-28T20:38:59+00:00","og_image":[{"width":200,"height":200,"url":"https:\/\/lospoliticosveracruz.com\/wp-content\/uploads\/2016\/07\/Logo-Dor.jpg","type":"image\/jpeg"}],"author":"Lo viste en Los Pol\u00edticos","twitter_card":"summary_large_image","twitter_creator":"@LosPoliticosVer","twitter_site":"@LosPoliticosVer","twitter_misc":{"Escrito por":"Lo viste en Los Pol\u00edticos","Tiempo de lectura":"3 minutos"},"schema":{"@context":"https:\/\/schema.org","@graph":[{"@type":"Article","@id":"https:\/\/lospoliticosveracruz.com\/?p=136671#article","isPartOf":{"@id":"https:\/\/lospoliticosveracruz.com\/?p=136671"},"author":{"name":"Lo viste en Los Pol\u00edticos","@id":"https:\/\/lospoliticosveracruz.com\/#\/schema\/person\/b8702bb0e538456e6efd07080bf2a4a2"},"headline":"HAY COMIT\u00c9 DE EVALUACI\u00d3N EN EL PODER JUDICIAL","datePublished":"2025-01-28T20:38:40+00:00","dateModified":"2025-01-28T20:38:59+00:00","mainEntityOfPage":{"@id":"https:\/\/lospoliticosveracruz.com\/?p=136671"},"wordCount":603,"publisher":{"@id":"https:\/\/lospoliticosveracruz.com\/#organization"},"articleSection":["De Boleto"],"inLanguage":"es"},{"@type":"WebPage","@id":"https:\/\/lospoliticosveracruz.com\/?p=136671","url":"https:\/\/lospoliticosveracruz.com\/?p=136671","name":"HAY COMIT\u00c9 DE EVALUACI\u00d3N EN EL PODER JUDICIAL - Los pol\u00edticos Veracruz","isPartOf":{"@id":"https:\/\/lospoliticosveracruz.com\/#website"},"datePublished":"2025-01-28T20:38:40+00:00","dateModified":"2025-01-28T20:38:59+00:00","breadcrumb":{"@id":"https:\/\/lospoliticosveracruz.com\/?p=136671#breadcrumb"},"inLanguage":"es","potentialAction":[{"@type":"ReadAction","target":["https:\/\/lospoliticosveracruz.com\/?p=136671"]}]},{"@type":"BreadcrumbList","@id":"https:\/\/lospoliticosveracruz.com\/?p=136671#breadcrumb","itemListElement":[{"@type":"ListItem","position":1,"name":"Portada","item":"https:\/\/lospoliticosveracruz.com\/"},{"@type":"ListItem","position":2,"name":"HAY COMIT\u00c9 DE EVALUACI\u00d3N EN EL PODER JUDICIAL"}]},{"@type":"WebSite","@id":"https:\/\/lospoliticosveracruz.com\/#website","url":"https:\/\/lospoliticosveracruz.com\/","name":"Los pol\u00edticos Veracruz","description":"","publisher":{"@id":"https:\/\/lospoliticosveracruz.com\/#organization"},"potentialAction":[{"@type":"SearchAction","target":{"@type":"EntryPoint","urlTemplate":"https:\/\/lospoliticosveracruz.com\/?s={search_term_string}"},"query-input":{"@type":"PropertyValueSpecification","valueRequired":true,"valueName":"search_term_string"}}],"inLanguage":"es"},{"@type":"Organization","@id":"https:\/\/lospoliticosveracruz.com\/#organization","name":"Los pol\u00edticos Veracruz","url":"https:\/\/lospoliticosveracruz.com\/","logo":{"@type":"ImageObject","inLanguage":"es","@id":"https:\/\/lospoliticosveracruz.com\/#\/schema\/logo\/image\/","url":"https:\/\/lospoliticosveracruz.com\/wp-content\/uploads\/2025\/12\/Logo-Nuevo-LOS-POLITICOS-1.jpg","contentUrl":"https:\/\/lospoliticosveracruz.com\/wp-content\/uploads\/2025\/12\/Logo-Nuevo-LOS-POLITICOS-1.jpg","width":260,"height":70,"caption":"Los pol\u00edticos Veracruz"},"image":{"@id":"https:\/\/lospoliticosveracruz.com\/#\/schema\/logo\/image\/"},"sameAs":["https:\/\/www.facebook.com\/people\/Notimemes-de-los-Polticos\/61565672886568\/","https:\/\/x.com\/LosPoliticosVer"]},{"@type":"Person","@id":"https:\/\/lospoliticosveracruz.com\/#\/schema\/person\/b8702bb0e538456e6efd07080bf2a4a2","name":"Lo viste en Los Pol\u00edticos","image":{"@type":"ImageObject","inLanguage":"es","@id":"https:\/\/secure.gravatar.com\/avatar\/3a8de04a2656d44082be478bd6c086daa447c4651605818287b9532d3d0bd435?s=96&d=mm&r=g","url":"https:\/\/secure.gravatar.com\/avatar\/3a8de04a2656d44082be478bd6c086daa447c4651605818287b9532d3d0bd435?s=96&d=mm&r=g","contentUrl":"https:\/\/secure.gravatar.com\/avatar\/3a8de04a2656d44082be478bd6c086daa447c4651605818287b9532d3d0bd435?s=96&d=mm&r=g","caption":"Lo viste en Los Pol\u00edticos"},"url":"https:\/\/lospoliticosveracruz.com\/?author=2"}]}},"_links":{"self":[{"href":"https:\/\/lospoliticosveracruz.com\/index.php?rest_route=\/wp\/v2\/posts\/136671","targetHints":{"allow":["GET"]}}],"collection":[{"href":"https:\/\/lospoliticosveracruz.com\/index.php?rest_route=\/wp\/v2\/posts"}],"about":[{"href":"https:\/\/lospoliticosveracruz.com\/index.php?rest_route=\/wp\/v2\/types\/post"}],"author":[{"embeddable":true,"href":"https:\/\/lospoliticosveracruz.com\/index.php?rest_route=\/wp\/v2\/users\/2"}],"replies":[{"embeddable":true,"href":"https:\/\/lospoliticosveracruz.com\/index.php?rest_route=%2Fwp%2Fv2%2Fcomments&post=136671"}],"version-history":[{"count":2,"href":"https:\/\/lospoliticosveracruz.com\/index.php?rest_route=\/wp\/v2\/posts\/136671\/revisions"}],"predecessor-version":[{"id":136674,"href":"https:\/\/lospoliticosveracruz.com\/index.php?rest_route=\/wp\/v2\/posts\/136671\/revisions\/136674"}],"wp:attachment":[{"href":"https:\/\/lospoliticosveracruz.com\/index.php?rest_route=%2Fwp%2Fv2%2Fmedia&parent=136671"}],"wp:term":[{"taxonomy":"category","embeddable":true,"href":"https:\/\/lospoliticosveracruz.com\/index.php?rest_route=%2Fwp%2Fv2%2Fcategories&post=136671"},{"taxonomy":"post_tag","embeddable":true,"href":"https:\/\/lospoliticosveracruz.com\/index.php?rest_route=%2Fwp%2Fv2%2Ftags&post=136671"}],"curies":[{"name":"wp","href":"https:\/\/api.w.org\/{rel}","templated":true}]}}