{"id":136675,"date":"2025-01-28T16:55:13","date_gmt":"2025-01-28T22:55:13","guid":{"rendered":"https:\/\/lospoliticosveracruz.com.mx\/?p=136675"},"modified":"2025-01-28T16:55:27","modified_gmt":"2025-01-28T22:55:27","slug":"ariadna-da-la-cara","status":"publish","type":"post","link":"https:\/\/lospoliticosveracruz.com\/?p=136675","title":{"rendered":"ARIADNA DA LA CARA!"},"content":{"rendered":"\n<p>S\u00edguenos ahora tambi\u00e9n en WhatsApp.&nbsp;<a href=\"https:\/\/whatsapp.com\/channel\/0029Va8zRWlEKyZIP3Z1dF0e\"><strong><em>Da clic aqu\u00ed<\/em><\/strong><\/a><\/p>\n\n\n\n<p>La Oficial\u00eda Mayor de la Secretar\u00eda de Educaci\u00f3n de Veracruz no hizo contratos con la empresa \u201cSoluciones y Milagros\u201d, ni con \u201cempresas fantasmas\u201d, as\u00ed lo asegur\u00f3 la extitular del organismo en la pasada administraci\u00f3n estatal Ariadna Selene Aguilar Amaya, quien se dijo dispuesta a aclarar cualquier situaci\u00f3n.<\/p>\n\n\n\n<p>\u201cYo he estado siempre dispuesta aclarar cualquier situaci\u00f3n; en la Oficial\u00eda Mayor no existe ning\u00fan contrato, ni existi\u00f3 los seis a\u00f1os a esta empresa; estoy muy tranquila, en la Secretar\u00eda de Educaci\u00f3n, en la Oficial\u00eda Mayor no hab\u00eda contratos con empresas fantasma y menos con esta que yo no tengo el gusto de conocer\u201d, apunt\u00f3.<\/p>\n\n\n\n<p>En entrevista lament\u00f3 que se hagan se\u00f1alamientos sin corroborar informaci\u00f3n, donde afirm\u00f3 que en la gesti\u00f3n que estuvo al frente de la Oficial\u00eda Mayor de la dependencia educativa todas las adquisiciones se llevaron a cabo de acuerdo a la normativa.<\/p>\n\n\n\n<p>\u201cLos procesos pasan por mucha gente, nosotros nunca tuvimos un contrato con esta empresa, entonces yo no s\u00e9 de d\u00f3nde sacan esta informaci\u00f3n, pedirles a los diputados cuando est\u00e1n en las comparecencias que antes de mencionar algo de este tipo, que lo corroboren, nosotros en la Secretar\u00eda de Educaci\u00f3n es una dependencia muy grande y hay muchas \u00e1reas donde se hacen compras, pero la Oficial\u00eda Mayor no se tienen contratos; dicen de empresa fantasma, nosotros cuando estuvimos ah\u00ed, tuvimos mucho cuidado en siempre revisar las licitaciones, hacer procedimientos adicionales como las verificaciones f\u00edsicas y bueno, si aclarar que no se tuvo contratos con esta empresa\u201d, afirm\u00f3.<\/p>\n\n\n\n<p>En ese tenor, record\u00f3 que durante los seis a\u00f1os de trabajo la dependencia que estuvo a su cargo fue auditada en m\u00faltiples ocasiones, donde no se cont\u00f3 con observaciones e irregularidades, no solo del \u00d3rgano de Fiscalizaci\u00f3n Superior (ORFIS), sino tampoco de la Auditor\u00eda Superior de la Federaci\u00f3n (ASF), el Sistema de Administraci\u00f3n Tributaria (SAT), as\u00ed como de la Contralor\u00eda General del Estado.<\/p>\n\n\n\n<p>\u201cDec\u00edan que hicieran otras revisiones, hacen revisiones regulares, no hay ning\u00fan resultado que haya salido esta empresa, si as\u00ed hubiera sido en las revisiones exhaustivas, nosotros ten\u00edamos m\u00e1s de 14 auditorias al mismo tiempo y en ninguna sale este tema y si hubiera sido as\u00ed, pues lo hubiesen detectado, yo estoy muy tranquila y te puedo asegurar que no hay ning\u00fan contrato con esta empresa porque no lo hicimos\u201d, asegur\u00f3.<\/p>\n\n\n\n<p>Mencion\u00f3 que la declaraci\u00f3n que hizo el ex titular de la SEV y actual diputado federal Zenyazen Escobar, se pudo derivar de la premura, as\u00ed como desconocimiento de quien cuestiona sobre los procedimientos, sin embargo, afirm\u00f3 que est\u00e1 tranquila y que el legislador tambi\u00e9n puede estarlo ya que no hay ninguna irregularidad en la dependencia cuando colaboraron en la pasada administraci\u00f3n.<\/p>\n\n\n\n<p>\u201cA mi compa\u00f1ero yo creo que lo tomaron de r\u00e1pido y quiz\u00e1 por desconocimiento del p\u00fablico de como son los procesos, pues se puede como manipular la informaci\u00f3n, al final de cuentas todos somos responsables, yo soy responsable de todo lo que hicieran tambi\u00e9n mis compa\u00f1eros ah\u00ed, cada una de las \u00e1reas que depend\u00edan de la Oficial\u00eda Mayor y pues tambi\u00e9n el titular es responsable de todo lo que pase en la Secretar\u00eda, pero decirles que yo estoy muy tranquila, que mi compa\u00f1ero tambi\u00e9n puede estar muy tranquilo, no hay ning\u00fan contrato con esa empresa, yo estoy a la disposici\u00f3n de acarar cualquier situaci\u00f3n, se hicieron las cosas bien\u201d, detall\u00f3.<\/p>\n\n\n\n<p>Finalmente, Aguilar Amaya insisti\u00f3 en que est\u00e1 dispuesta a aclarar cualquier situaci\u00f3n, ya que en la Oficial\u00eda Mayor se llevaron a cabo todos los procesos conforme lo marca la ley.<\/p>\n\n\n\n<p>\u201cNo nada m\u00e1s es el ORFIS quien revisa, nos revisa Auditor\u00eda Superior de la Federaci\u00f3n, la Funci\u00f3n P\u00fablica, nos revisa tambi\u00e9n la Contralor\u00eda General, la Contralor\u00eda Interna, entonces hay muchos organismos, el mismo SAT, si fuese de este tipo, pues en alguna de estas hubiera salido y no hay ninguna observaci\u00f3n al respecto, entonces no lo dice Ariadna Aguilar, no lo dice la ex Oficial Mayor, lo dicen cinco o seis organismos fiscalizadores\u201d, concluy\u00f3.<\/p>\n","protected":false},"excerpt":{"rendered":"<p>S\u00edguenos ahora tambi\u00e9n en WhatsApp.&nbsp;Da clic aqu\u00ed La Oficial\u00eda Mayor de la Secretar\u00eda de Educaci\u00f3n de Veracruz no hizo contratos con la empresa \u201cSoluciones y Milagros\u201d, ni con \u201cempresas fantasmas\u201d, as\u00ed lo asegur\u00f3 la extitular del organismo en la pasada administraci\u00f3n estatal Ariadna Selene Aguilar Amaya, quien se dijo dispuesta a aclarar cualquier situaci\u00f3n. \u201cYo [&hellip;]<\/p>\n","protected":false},"author":2,"featured_media":0,"comment_status":"closed","ping_status":"closed","sticky":false,"template":"","format":"standard","meta":{"tdm_status":"","tdm_grid_status":"","footnotes":""},"categories":[73],"tags":[],"class_list":{"0":"post-136675","1":"post","2":"type-post","3":"status-publish","4":"format-standard","6":"category-de-boleto"},"yoast_head":"<!-- This site is optimized with the Yoast SEO plugin v27.4 - https:\/\/yoast.com\/product\/yoast-seo-wordpress\/ -->\n<title>ARIADNA DA LA CARA! - Los pol\u00edticos Veracruz<\/title>\n<meta name=\"robots\" content=\"index, follow, max-snippet:-1, max-image-preview:large, max-video-preview:-1\" \/>\n<link rel=\"canonical\" href=\"https:\/\/lospoliticosveracruz.com\/?p=136675\" \/>\n<meta property=\"og:locale\" content=\"es_ES\" \/>\n<meta property=\"og:type\" content=\"article\" \/>\n<meta property=\"og:title\" content=\"ARIADNA DA LA CARA! - Los pol\u00edticos Veracruz\" \/>\n<meta property=\"og:description\" content=\"S\u00edguenos ahora tambi\u00e9n en WhatsApp.&nbsp;Da clic aqu\u00ed La Oficial\u00eda Mayor de la Secretar\u00eda de Educaci\u00f3n de Veracruz no hizo contratos con la empresa \u201cSoluciones y Milagros\u201d, ni con \u201cempresas fantasmas\u201d, as\u00ed lo asegur\u00f3 la extitular del organismo en la pasada administraci\u00f3n estatal Ariadna Selene Aguilar Amaya, quien se dijo dispuesta a aclarar cualquier situaci\u00f3n. \u201cYo [&hellip;]\" \/>\n<meta property=\"og:url\" content=\"https:\/\/lospoliticosveracruz.com\/?p=136675\" \/>\n<meta property=\"og:site_name\" content=\"Los pol\u00edticos Veracruz\" \/>\n<meta property=\"article:publisher\" content=\"https:\/\/www.facebook.com\/people\/Notimemes-de-los-Polticos\/61565672886568\/\" \/>\n<meta property=\"article:published_time\" content=\"2025-01-28T22:55:13+00:00\" \/>\n<meta property=\"article:modified_time\" content=\"2025-01-28T22:55:27+00:00\" \/>\n<meta property=\"og:image\" content=\"https:\/\/lospoliticosveracruz.com\/wp-content\/uploads\/2016\/07\/Logo-Dor.jpg\" \/>\n\t<meta property=\"og:image:width\" content=\"200\" \/>\n\t<meta property=\"og:image:height\" content=\"200\" \/>\n\t<meta property=\"og:image:type\" content=\"image\/jpeg\" \/>\n<meta name=\"author\" content=\"Lo viste en Los Pol\u00edticos\" \/>\n<meta name=\"twitter:card\" content=\"summary_large_image\" \/>\n<meta name=\"twitter:creator\" content=\"@LosPoliticosVer\" \/>\n<meta name=\"twitter:site\" content=\"@LosPoliticosVer\" \/>\n<meta name=\"twitter:label1\" content=\"Escrito por\" \/>\n\t<meta name=\"twitter:data1\" content=\"Lo viste en Los Pol\u00edticos\" \/>\n\t<meta name=\"twitter:label2\" content=\"Tiempo de lectura\" \/>\n\t<meta name=\"twitter:data2\" content=\"4 minutos\" \/>\n<script type=\"application\/ld+json\" class=\"yoast-schema-graph\">{\"@context\":\"https:\\\/\\\/schema.org\",\"@graph\":[{\"@type\":\"Article\",\"@id\":\"https:\\\/\\\/lospoliticosveracruz.com\\\/?p=136675#article\",\"isPartOf\":{\"@id\":\"https:\\\/\\\/lospoliticosveracruz.com\\\/?p=136675\"},\"author\":{\"name\":\"Lo viste en Los Pol\u00edticos\",\"@id\":\"https:\\\/\\\/lospoliticosveracruz.com\\\/#\\\/schema\\\/person\\\/b8702bb0e538456e6efd07080bf2a4a2\"},\"headline\":\"ARIADNA DA LA CARA!\",\"datePublished\":\"2025-01-28T22:55:13+00:00\",\"dateModified\":\"2025-01-28T22:55:27+00:00\",\"mainEntityOfPage\":{\"@id\":\"https:\\\/\\\/lospoliticosveracruz.com\\\/?p=136675\"},\"wordCount\":735,\"publisher\":{\"@id\":\"https:\\\/\\\/lospoliticosveracruz.com\\\/#organization\"},\"articleSection\":[\"De Boleto\"],\"inLanguage\":\"es\"},{\"@type\":\"WebPage\",\"@id\":\"https:\\\/\\\/lospoliticosveracruz.com\\\/?p=136675\",\"url\":\"https:\\\/\\\/lospoliticosveracruz.com\\\/?p=136675\",\"name\":\"ARIADNA DA LA CARA! - Los pol\u00edticos Veracruz\",\"isPartOf\":{\"@id\":\"https:\\\/\\\/lospoliticosveracruz.com\\\/#website\"},\"datePublished\":\"2025-01-28T22:55:13+00:00\",\"dateModified\":\"2025-01-28T22:55:27+00:00\",\"breadcrumb\":{\"@id\":\"https:\\\/\\\/lospoliticosveracruz.com\\\/?p=136675#breadcrumb\"},\"inLanguage\":\"es\",\"potentialAction\":[{\"@type\":\"ReadAction\",\"target\":[\"https:\\\/\\\/lospoliticosveracruz.com\\\/?p=136675\"]}]},{\"@type\":\"BreadcrumbList\",\"@id\":\"https:\\\/\\\/lospoliticosveracruz.com\\\/?p=136675#breadcrumb\",\"itemListElement\":[{\"@type\":\"ListItem\",\"position\":1,\"name\":\"Portada\",\"item\":\"https:\\\/\\\/lospoliticosveracruz.com\\\/\"},{\"@type\":\"ListItem\",\"position\":2,\"name\":\"ARIADNA DA LA CARA!\"}]},{\"@type\":\"WebSite\",\"@id\":\"https:\\\/\\\/lospoliticosveracruz.com\\\/#website\",\"url\":\"https:\\\/\\\/lospoliticosveracruz.com\\\/\",\"name\":\"Los pol\u00edticos Veracruz\",\"description\":\"\",\"publisher\":{\"@id\":\"https:\\\/\\\/lospoliticosveracruz.com\\\/#organization\"},\"potentialAction\":[{\"@type\":\"SearchAction\",\"target\":{\"@type\":\"EntryPoint\",\"urlTemplate\":\"https:\\\/\\\/lospoliticosveracruz.com\\\/?s={search_term_string}\"},\"query-input\":{\"@type\":\"PropertyValueSpecification\",\"valueRequired\":true,\"valueName\":\"search_term_string\"}}],\"inLanguage\":\"es\"},{\"@type\":\"Organization\",\"@id\":\"https:\\\/\\\/lospoliticosveracruz.com\\\/#organization\",\"name\":\"Los pol\u00edticos Veracruz\",\"url\":\"https:\\\/\\\/lospoliticosveracruz.com\\\/\",\"logo\":{\"@type\":\"ImageObject\",\"inLanguage\":\"es\",\"@id\":\"https:\\\/\\\/lospoliticosveracruz.com\\\/#\\\/schema\\\/logo\\\/image\\\/\",\"url\":\"https:\\\/\\\/lospoliticosveracruz.com\\\/wp-content\\\/uploads\\\/2025\\\/12\\\/Logo-Nuevo-LOS-POLITICOS-1.jpg\",\"contentUrl\":\"https:\\\/\\\/lospoliticosveracruz.com\\\/wp-content\\\/uploads\\\/2025\\\/12\\\/Logo-Nuevo-LOS-POLITICOS-1.jpg\",\"width\":260,\"height\":70,\"caption\":\"Los pol\u00edticos Veracruz\"},\"image\":{\"@id\":\"https:\\\/\\\/lospoliticosveracruz.com\\\/#\\\/schema\\\/logo\\\/image\\\/\"},\"sameAs\":[\"https:\\\/\\\/www.facebook.com\\\/people\\\/Notimemes-de-los-Polticos\\\/61565672886568\\\/\",\"https:\\\/\\\/x.com\\\/LosPoliticosVer\"]},{\"@type\":\"Person\",\"@id\":\"https:\\\/\\\/lospoliticosveracruz.com\\\/#\\\/schema\\\/person\\\/b8702bb0e538456e6efd07080bf2a4a2\",\"name\":\"Lo viste en Los Pol\u00edticos\",\"image\":{\"@type\":\"ImageObject\",\"inLanguage\":\"es\",\"@id\":\"https:\\\/\\\/secure.gravatar.com\\\/avatar\\\/3a8de04a2656d44082be478bd6c086daa447c4651605818287b9532d3d0bd435?s=96&d=mm&r=g\",\"url\":\"https:\\\/\\\/secure.gravatar.com\\\/avatar\\\/3a8de04a2656d44082be478bd6c086daa447c4651605818287b9532d3d0bd435?s=96&d=mm&r=g\",\"contentUrl\":\"https:\\\/\\\/secure.gravatar.com\\\/avatar\\\/3a8de04a2656d44082be478bd6c086daa447c4651605818287b9532d3d0bd435?s=96&d=mm&r=g\",\"caption\":\"Lo viste en Los Pol\u00edticos\"},\"url\":\"https:\\\/\\\/lospoliticosveracruz.com\\\/?author=2\"}]}<\/script>\n<!-- \/ Yoast SEO plugin. -->","yoast_head_json":{"title":"ARIADNA DA LA CARA! - Los pol\u00edticos Veracruz","robots":{"index":"index","follow":"follow","max-snippet":"max-snippet:-1","max-image-preview":"max-image-preview:large","max-video-preview":"max-video-preview:-1"},"canonical":"https:\/\/lospoliticosveracruz.com\/?p=136675","og_locale":"es_ES","og_type":"article","og_title":"ARIADNA DA LA CARA! - Los pol\u00edticos Veracruz","og_description":"S\u00edguenos ahora tambi\u00e9n en WhatsApp.&nbsp;Da clic aqu\u00ed La Oficial\u00eda Mayor de la Secretar\u00eda de Educaci\u00f3n de Veracruz no hizo contratos con la empresa \u201cSoluciones y Milagros\u201d, ni con \u201cempresas fantasmas\u201d, as\u00ed lo asegur\u00f3 la extitular del organismo en la pasada administraci\u00f3n estatal Ariadna Selene Aguilar Amaya, quien se dijo dispuesta a aclarar cualquier situaci\u00f3n. \u201cYo [&hellip;]","og_url":"https:\/\/lospoliticosveracruz.com\/?p=136675","og_site_name":"Los pol\u00edticos Veracruz","article_publisher":"https:\/\/www.facebook.com\/people\/Notimemes-de-los-Polticos\/61565672886568\/","article_published_time":"2025-01-28T22:55:13+00:00","article_modified_time":"2025-01-28T22:55:27+00:00","og_image":[{"width":200,"height":200,"url":"https:\/\/lospoliticosveracruz.com\/wp-content\/uploads\/2016\/07\/Logo-Dor.jpg","type":"image\/jpeg"}],"author":"Lo viste en Los Pol\u00edticos","twitter_card":"summary_large_image","twitter_creator":"@LosPoliticosVer","twitter_site":"@LosPoliticosVer","twitter_misc":{"Escrito por":"Lo viste en Los Pol\u00edticos","Tiempo de lectura":"4 minutos"},"schema":{"@context":"https:\/\/schema.org","@graph":[{"@type":"Article","@id":"https:\/\/lospoliticosveracruz.com\/?p=136675#article","isPartOf":{"@id":"https:\/\/lospoliticosveracruz.com\/?p=136675"},"author":{"name":"Lo viste en Los Pol\u00edticos","@id":"https:\/\/lospoliticosveracruz.com\/#\/schema\/person\/b8702bb0e538456e6efd07080bf2a4a2"},"headline":"ARIADNA DA LA CARA!","datePublished":"2025-01-28T22:55:13+00:00","dateModified":"2025-01-28T22:55:27+00:00","mainEntityOfPage":{"@id":"https:\/\/lospoliticosveracruz.com\/?p=136675"},"wordCount":735,"publisher":{"@id":"https:\/\/lospoliticosveracruz.com\/#organization"},"articleSection":["De Boleto"],"inLanguage":"es"},{"@type":"WebPage","@id":"https:\/\/lospoliticosveracruz.com\/?p=136675","url":"https:\/\/lospoliticosveracruz.com\/?p=136675","name":"ARIADNA DA LA CARA! - Los pol\u00edticos Veracruz","isPartOf":{"@id":"https:\/\/lospoliticosveracruz.com\/#website"},"datePublished":"2025-01-28T22:55:13+00:00","dateModified":"2025-01-28T22:55:27+00:00","breadcrumb":{"@id":"https:\/\/lospoliticosveracruz.com\/?p=136675#breadcrumb"},"inLanguage":"es","potentialAction":[{"@type":"ReadAction","target":["https:\/\/lospoliticosveracruz.com\/?p=136675"]}]},{"@type":"BreadcrumbList","@id":"https:\/\/lospoliticosveracruz.com\/?p=136675#breadcrumb","itemListElement":[{"@type":"ListItem","position":1,"name":"Portada","item":"https:\/\/lospoliticosveracruz.com\/"},{"@type":"ListItem","position":2,"name":"ARIADNA DA LA CARA!"}]},{"@type":"WebSite","@id":"https:\/\/lospoliticosveracruz.com\/#website","url":"https:\/\/lospoliticosveracruz.com\/","name":"Los pol\u00edticos Veracruz","description":"","publisher":{"@id":"https:\/\/lospoliticosveracruz.com\/#organization"},"potentialAction":[{"@type":"SearchAction","target":{"@type":"EntryPoint","urlTemplate":"https:\/\/lospoliticosveracruz.com\/?s={search_term_string}"},"query-input":{"@type":"PropertyValueSpecification","valueRequired":true,"valueName":"search_term_string"}}],"inLanguage":"es"},{"@type":"Organization","@id":"https:\/\/lospoliticosveracruz.com\/#organization","name":"Los pol\u00edticos Veracruz","url":"https:\/\/lospoliticosveracruz.com\/","logo":{"@type":"ImageObject","inLanguage":"es","@id":"https:\/\/lospoliticosveracruz.com\/#\/schema\/logo\/image\/","url":"https:\/\/lospoliticosveracruz.com\/wp-content\/uploads\/2025\/12\/Logo-Nuevo-LOS-POLITICOS-1.jpg","contentUrl":"https:\/\/lospoliticosveracruz.com\/wp-content\/uploads\/2025\/12\/Logo-Nuevo-LOS-POLITICOS-1.jpg","width":260,"height":70,"caption":"Los pol\u00edticos Veracruz"},"image":{"@id":"https:\/\/lospoliticosveracruz.com\/#\/schema\/logo\/image\/"},"sameAs":["https:\/\/www.facebook.com\/people\/Notimemes-de-los-Polticos\/61565672886568\/","https:\/\/x.com\/LosPoliticosVer"]},{"@type":"Person","@id":"https:\/\/lospoliticosveracruz.com\/#\/schema\/person\/b8702bb0e538456e6efd07080bf2a4a2","name":"Lo viste en Los Pol\u00edticos","image":{"@type":"ImageObject","inLanguage":"es","@id":"https:\/\/secure.gravatar.com\/avatar\/3a8de04a2656d44082be478bd6c086daa447c4651605818287b9532d3d0bd435?s=96&d=mm&r=g","url":"https:\/\/secure.gravatar.com\/avatar\/3a8de04a2656d44082be478bd6c086daa447c4651605818287b9532d3d0bd435?s=96&d=mm&r=g","contentUrl":"https:\/\/secure.gravatar.com\/avatar\/3a8de04a2656d44082be478bd6c086daa447c4651605818287b9532d3d0bd435?s=96&d=mm&r=g","caption":"Lo viste en Los Pol\u00edticos"},"url":"https:\/\/lospoliticosveracruz.com\/?author=2"}]}},"_links":{"self":[{"href":"https:\/\/lospoliticosveracruz.com\/index.php?rest_route=\/wp\/v2\/posts\/136675","targetHints":{"allow":["GET"]}}],"collection":[{"href":"https:\/\/lospoliticosveracruz.com\/index.php?rest_route=\/wp\/v2\/posts"}],"about":[{"href":"https:\/\/lospoliticosveracruz.com\/index.php?rest_route=\/wp\/v2\/types\/post"}],"author":[{"embeddable":true,"href":"https:\/\/lospoliticosveracruz.com\/index.php?rest_route=\/wp\/v2\/users\/2"}],"replies":[{"embeddable":true,"href":"https:\/\/lospoliticosveracruz.com\/index.php?rest_route=%2Fwp%2Fv2%2Fcomments&post=136675"}],"version-history":[{"count":1,"href":"https:\/\/lospoliticosveracruz.com\/index.php?rest_route=\/wp\/v2\/posts\/136675\/revisions"}],"predecessor-version":[{"id":136677,"href":"https:\/\/lospoliticosveracruz.com\/index.php?rest_route=\/wp\/v2\/posts\/136675\/revisions\/136677"}],"wp:attachment":[{"href":"https:\/\/lospoliticosveracruz.com\/index.php?rest_route=%2Fwp%2Fv2%2Fmedia&parent=136675"}],"wp:term":[{"taxonomy":"category","embeddable":true,"href":"https:\/\/lospoliticosveracruz.com\/index.php?rest_route=%2Fwp%2Fv2%2Fcategories&post=136675"},{"taxonomy":"post_tag","embeddable":true,"href":"https:\/\/lospoliticosveracruz.com\/index.php?rest_route=%2Fwp%2Fv2%2Ftags&post=136675"}],"curies":[{"name":"wp","href":"https:\/\/api.w.org\/{rel}","templated":true}]}}