{"id":136686,"date":"2025-01-28T19:00:09","date_gmt":"2025-01-29T01:00:09","guid":{"rendered":"https:\/\/lospoliticosveracruz.com.mx\/?p=136686"},"modified":"2025-01-28T19:00:31","modified_gmt":"2025-01-29T01:00:31","slug":"de-acosadores-y-venta-de-candidaturas-en-huatusco","status":"publish","type":"post","link":"https:\/\/lospoliticosveracruz.com\/?p=136686","title":{"rendered":"DE ACOSADORES Y VENTA DE CANDIDATURAS EN HUATUSCO"},"content":{"rendered":"\n<p>S\u00edguenos ahora tambi\u00e9n en WhatsApp.&nbsp;<a href=\"https:\/\/whatsapp.com\/channel\/0029Va8zRWlEKyZIP3Z1dF0e\"><strong><em>Da clic aqu\u00ed<\/em><\/strong><\/a><\/p>\n\n\n\n<p><strong>Iv\u00e1n Calder\u00f3n<\/strong><\/p>\n\n\n\n<p><em>Perfilando<\/em><\/p>\n\n\n\n<p>&nbsp;&nbsp;Mucha atenci\u00f3n deber\u00e1 de tener la dirigencia nacional de MORENA con los \u201ccandados\u201d que est\u00e1 solicitando Andr\u00e9s Manuel L\u00f3pez Beltr\u00e1n, pero sobre todo la dirigencia estatal a cargo de Esteban Ram\u00edrez Zepeta con la infiltraci\u00f3n de candidatos con \u201cnegros historiales\u201d y con desmedidas denuncias en curso.<\/p>\n\n\n\n<p>&nbsp;&nbsp;Tal es el caso de Cuauht\u00e9moc Ram\u00edrez Xaca, propuesta y protegido del diputado Alejandro Porras Mar\u00edn, pues la denuncia con carpeta HUA\/DXIII\/FEMUJ\/F1\/08\/2005 es solo una de las acusaciones que circulan a su paso, ya que de presunto acosador no lo bajan en su centro de trabajo.<\/p>\n\n\n\n<p>&nbsp;&nbsp;Cabe destacar \u2013que seg\u00fan medios de comunicaci\u00f3n de la zona- el \u201cprotector\u201d de Ram\u00edrez Xaca, Alejandro Porras tambi\u00e9n ha sido denunciado por su propia hermana Guadalupe Porras, se\u00f1al\u00e1ndolo de misoginia, violencia de g\u00e9nero y hasta presuntos desfalcos que se han realizado a trav\u00e9s de Cuauht\u00e9moc Ram\u00edrez en el hospital civil de Huatusco donde han hecho una serie de negocios sucios.<\/p>\n\n\n\n<p>&nbsp;&nbsp;Ram\u00edrez Xaca se inscribi\u00f3 dentro del proceso interno, para negociar la Sindicatura, estando coludido con el alcalde de esta poblaci\u00f3n, Ventura Demuner Torres, qui\u00e9n le quiere heredar el cargo a su esposa Norma Ram\u00edrez Mu\u00f1oz.<\/p>\n\n\n\n<p>&nbsp;&nbsp;Vaya caso.<\/p>\n\n\n\n<p>&nbsp;&nbsp;Pero eso no es todo, en la misma zona de Huatusco y alrededores, opera Salvador Patricio Villar, qui\u00e9n se ostenta como \u201cgente cercana\u201d a la Gobernadora Norma Roc\u00edo Nahle Garc\u00eda (cuando es falso), vendiendo espejos en toda esta parte de Veracruz de que David Jim\u00e9nez como pr\u00f3ximo Fiscal General del Estado el ser\u00eda \u201cel hombre fuerte\u201d de toda la regi\u00f3n.<\/p>\n\n\n\n<p>&nbsp;&nbsp;Por lo pronto Salvador Villar con una acreditaci\u00f3n con los logos y la firma de Delia Gonz\u00e1lez Cobos se encuentra extorsionando a los presidentes municipales pidi\u00e9ndoles auditorias ostent\u00e1ndose como Coordinador General de la Auditora, adem\u00e1s de intentar vender candidaturas a nombre la jefa del ejecutivo y su patrocinador.<\/p>\n\n\n\n<p>&nbsp;&nbsp;Solo basta recordar que Villar \u201cal\u00edas el Muco\u201d fue cesado de la Direcci\u00f3n de Pol\u00edtica Regional traicionando a Carlos Ju\u00e1rez Gil, y se comenta que con lujo de despecho este personaje fue qui\u00e9n filtr\u00f3 a medios y al diputado H\u00e9ctor Yunes Landa toda la informaci\u00f3n sobre la fortuna del nuevo rico del condado: Carlos Ju\u00e1rez, conocido como \u201cEl Capulina\u201d.<\/p>\n\n\n\n<p>&nbsp;&nbsp;Bien dice la m\u00e1xima, \u201cel que traiciona una vez, lleva la semilla de hacerlo siempre\u201d, aguas David Jim\u00e9nez, dir\u00edan los que le hacen al brujo: \u201cese hombre te trae endiosadoooouu\u201d.<\/p>\n\n\n\n<p>&nbsp;&nbsp;POR CIERTO, la ex Oficial Mayor de la Secretar\u00eda de Educaci\u00f3n, Ariadna Selene Aguilar Amaya asegur\u00f3 que no se realizaron contratos a la empresa \u201cSoluciones y Milagros S.A.S\u201d ni con empresas fantasmas.<\/p>\n\n\n\n<p>\u201cEn la Oficial\u00eda Mayor no existi\u00f3 ning\u00fan contrato con esa empresa en los seis a\u00f1os que estuve al frente. Estoy muy tranquila porque no hab\u00eda contratos con empresas fantasmas, y menos con esta empresa, a la que ni siquiera conozco\u201d, afirm\u00f3 y dijo estar dispuesta a aclarar cualquier tema en rendici\u00f3n de cuentas relacionadas en su gesti\u00f3n, luego de los se\u00f1alamientos del ex Secretario de Educaci\u00f3n y actual diputado federal Zenyazen Escobar.<\/p>\n\n\n\n<p>&nbsp;&nbsp;Lo cierto es que la instrucci\u00f3n de la Gobernadora Roc\u00edo Nahle, a trav\u00e9s de la Secretaria Claudia Tello es que todo el desorden financiero se tiene que aclarar, y est\u00e1n examinando con lupa todo lo administrativo bajo la orden de que \u201ccaiga qui\u00e9n caiga\u201d.<\/p>\n\n\n\n<p>&nbsp;&nbsp;Ya se ver\u00e1 si miente Zenyazen o la ex oficial mayor.<\/p>\n\n\n\n<p>&nbsp;&nbsp;Esperemos.<\/p>\n\n\n\n<p>@IvanKalderon<\/p>\n","protected":false},"excerpt":{"rendered":"<p>S\u00edguenos ahora tambi\u00e9n en WhatsApp.&nbsp;Da clic aqu\u00ed Iv\u00e1n Calder\u00f3n Perfilando &nbsp;&nbsp;Mucha atenci\u00f3n deber\u00e1 de tener la dirigencia nacional de MORENA con los \u201ccandados\u201d que est\u00e1 solicitando Andr\u00e9s Manuel L\u00f3pez Beltr\u00e1n, pero sobre todo la dirigencia estatal a cargo de Esteban Ram\u00edrez Zepeta con la infiltraci\u00f3n de candidatos con \u201cnegros historiales\u201d y con desmedidas denuncias en [&hellip;]<\/p>\n","protected":false},"author":2,"featured_media":0,"comment_status":"closed","ping_status":"closed","sticky":false,"template":"","format":"standard","meta":{"tdm_status":"","tdm_grid_status":"","footnotes":""},"categories":[70],"tags":[],"class_list":{"0":"post-136686","1":"post","2":"type-post","3":"status-publish","4":"format-standard","6":"category-de-opinion"},"yoast_head":"<!-- This site is optimized with the Yoast SEO plugin v27.4 - https:\/\/yoast.com\/product\/yoast-seo-wordpress\/ -->\n<title>DE ACOSADORES Y VENTA DE CANDIDATURAS EN HUATUSCO - Los pol\u00edticos Veracruz<\/title>\n<meta name=\"robots\" content=\"index, follow, max-snippet:-1, max-image-preview:large, max-video-preview:-1\" \/>\n<link rel=\"canonical\" href=\"https:\/\/lospoliticosveracruz.com\/?p=136686\" \/>\n<meta property=\"og:locale\" content=\"es_ES\" \/>\n<meta property=\"og:type\" content=\"article\" \/>\n<meta property=\"og:title\" content=\"DE ACOSADORES Y VENTA DE CANDIDATURAS EN HUATUSCO - Los pol\u00edticos Veracruz\" \/>\n<meta property=\"og:description\" content=\"S\u00edguenos ahora tambi\u00e9n en WhatsApp.&nbsp;Da clic aqu\u00ed Iv\u00e1n Calder\u00f3n Perfilando &nbsp;&nbsp;Mucha atenci\u00f3n deber\u00e1 de tener la dirigencia nacional de MORENA con los \u201ccandados\u201d que est\u00e1 solicitando Andr\u00e9s Manuel L\u00f3pez Beltr\u00e1n, pero sobre todo la dirigencia estatal a cargo de Esteban Ram\u00edrez Zepeta con la infiltraci\u00f3n de candidatos con \u201cnegros historiales\u201d y con desmedidas denuncias en [&hellip;]\" \/>\n<meta property=\"og:url\" content=\"https:\/\/lospoliticosveracruz.com\/?p=136686\" \/>\n<meta property=\"og:site_name\" content=\"Los pol\u00edticos Veracruz\" \/>\n<meta property=\"article:publisher\" content=\"https:\/\/www.facebook.com\/people\/Notimemes-de-los-Polticos\/61565672886568\/\" \/>\n<meta property=\"article:published_time\" content=\"2025-01-29T01:00:09+00:00\" \/>\n<meta property=\"article:modified_time\" content=\"2025-01-29T01:00:31+00:00\" \/>\n<meta property=\"og:image\" content=\"https:\/\/lospoliticosveracruz.com\/wp-content\/uploads\/2016\/07\/Logo-Dor.jpg\" \/>\n\t<meta property=\"og:image:width\" content=\"200\" \/>\n\t<meta property=\"og:image:height\" content=\"200\" \/>\n\t<meta property=\"og:image:type\" content=\"image\/jpeg\" \/>\n<meta name=\"author\" content=\"Lo viste en Los Pol\u00edticos\" \/>\n<meta name=\"twitter:card\" content=\"summary_large_image\" \/>\n<meta name=\"twitter:creator\" content=\"@LosPoliticosVer\" \/>\n<meta name=\"twitter:site\" content=\"@LosPoliticosVer\" \/>\n<meta name=\"twitter:label1\" content=\"Escrito por\" \/>\n\t<meta name=\"twitter:data1\" content=\"Lo viste en Los Pol\u00edticos\" \/>\n\t<meta name=\"twitter:label2\" content=\"Tiempo de lectura\" \/>\n\t<meta name=\"twitter:data2\" content=\"3 minutos\" \/>\n<script type=\"application\/ld+json\" class=\"yoast-schema-graph\">{\"@context\":\"https:\\\/\\\/schema.org\",\"@graph\":[{\"@type\":\"Article\",\"@id\":\"https:\\\/\\\/lospoliticosveracruz.com\\\/?p=136686#article\",\"isPartOf\":{\"@id\":\"https:\\\/\\\/lospoliticosveracruz.com\\\/?p=136686\"},\"author\":{\"name\":\"Lo viste en Los Pol\u00edticos\",\"@id\":\"https:\\\/\\\/lospoliticosveracruz.com\\\/#\\\/schema\\\/person\\\/b8702bb0e538456e6efd07080bf2a4a2\"},\"headline\":\"DE ACOSADORES Y VENTA DE CANDIDATURAS EN HUATUSCO\",\"datePublished\":\"2025-01-29T01:00:09+00:00\",\"dateModified\":\"2025-01-29T01:00:31+00:00\",\"mainEntityOfPage\":{\"@id\":\"https:\\\/\\\/lospoliticosveracruz.com\\\/?p=136686\"},\"wordCount\":664,\"publisher\":{\"@id\":\"https:\\\/\\\/lospoliticosveracruz.com\\\/#organization\"},\"articleSection\":[\"De Opini\u00f3n\"],\"inLanguage\":\"es\"},{\"@type\":\"WebPage\",\"@id\":\"https:\\\/\\\/lospoliticosveracruz.com\\\/?p=136686\",\"url\":\"https:\\\/\\\/lospoliticosveracruz.com\\\/?p=136686\",\"name\":\"DE ACOSADORES Y VENTA DE CANDIDATURAS EN HUATUSCO - Los pol\u00edticos Veracruz\",\"isPartOf\":{\"@id\":\"https:\\\/\\\/lospoliticosveracruz.com\\\/#website\"},\"datePublished\":\"2025-01-29T01:00:09+00:00\",\"dateModified\":\"2025-01-29T01:00:31+00:00\",\"breadcrumb\":{\"@id\":\"https:\\\/\\\/lospoliticosveracruz.com\\\/?p=136686#breadcrumb\"},\"inLanguage\":\"es\",\"potentialAction\":[{\"@type\":\"ReadAction\",\"target\":[\"https:\\\/\\\/lospoliticosveracruz.com\\\/?p=136686\"]}]},{\"@type\":\"BreadcrumbList\",\"@id\":\"https:\\\/\\\/lospoliticosveracruz.com\\\/?p=136686#breadcrumb\",\"itemListElement\":[{\"@type\":\"ListItem\",\"position\":1,\"name\":\"Portada\",\"item\":\"https:\\\/\\\/lospoliticosveracruz.com\\\/\"},{\"@type\":\"ListItem\",\"position\":2,\"name\":\"DE ACOSADORES Y VENTA DE CANDIDATURAS EN HUATUSCO\"}]},{\"@type\":\"WebSite\",\"@id\":\"https:\\\/\\\/lospoliticosveracruz.com\\\/#website\",\"url\":\"https:\\\/\\\/lospoliticosveracruz.com\\\/\",\"name\":\"Los pol\u00edticos Veracruz\",\"description\":\"\",\"publisher\":{\"@id\":\"https:\\\/\\\/lospoliticosveracruz.com\\\/#organization\"},\"potentialAction\":[{\"@type\":\"SearchAction\",\"target\":{\"@type\":\"EntryPoint\",\"urlTemplate\":\"https:\\\/\\\/lospoliticosveracruz.com\\\/?s={search_term_string}\"},\"query-input\":{\"@type\":\"PropertyValueSpecification\",\"valueRequired\":true,\"valueName\":\"search_term_string\"}}],\"inLanguage\":\"es\"},{\"@type\":\"Organization\",\"@id\":\"https:\\\/\\\/lospoliticosveracruz.com\\\/#organization\",\"name\":\"Los pol\u00edticos Veracruz\",\"url\":\"https:\\\/\\\/lospoliticosveracruz.com\\\/\",\"logo\":{\"@type\":\"ImageObject\",\"inLanguage\":\"es\",\"@id\":\"https:\\\/\\\/lospoliticosveracruz.com\\\/#\\\/schema\\\/logo\\\/image\\\/\",\"url\":\"https:\\\/\\\/lospoliticosveracruz.com\\\/wp-content\\\/uploads\\\/2025\\\/12\\\/Logo-Nuevo-LOS-POLITICOS-1.jpg\",\"contentUrl\":\"https:\\\/\\\/lospoliticosveracruz.com\\\/wp-content\\\/uploads\\\/2025\\\/12\\\/Logo-Nuevo-LOS-POLITICOS-1.jpg\",\"width\":260,\"height\":70,\"caption\":\"Los pol\u00edticos Veracruz\"},\"image\":{\"@id\":\"https:\\\/\\\/lospoliticosveracruz.com\\\/#\\\/schema\\\/logo\\\/image\\\/\"},\"sameAs\":[\"https:\\\/\\\/www.facebook.com\\\/people\\\/Notimemes-de-los-Polticos\\\/61565672886568\\\/\",\"https:\\\/\\\/x.com\\\/LosPoliticosVer\"]},{\"@type\":\"Person\",\"@id\":\"https:\\\/\\\/lospoliticosveracruz.com\\\/#\\\/schema\\\/person\\\/b8702bb0e538456e6efd07080bf2a4a2\",\"name\":\"Lo viste en Los Pol\u00edticos\",\"image\":{\"@type\":\"ImageObject\",\"inLanguage\":\"es\",\"@id\":\"https:\\\/\\\/secure.gravatar.com\\\/avatar\\\/3a8de04a2656d44082be478bd6c086daa447c4651605818287b9532d3d0bd435?s=96&d=mm&r=g\",\"url\":\"https:\\\/\\\/secure.gravatar.com\\\/avatar\\\/3a8de04a2656d44082be478bd6c086daa447c4651605818287b9532d3d0bd435?s=96&d=mm&r=g\",\"contentUrl\":\"https:\\\/\\\/secure.gravatar.com\\\/avatar\\\/3a8de04a2656d44082be478bd6c086daa447c4651605818287b9532d3d0bd435?s=96&d=mm&r=g\",\"caption\":\"Lo viste en Los Pol\u00edticos\"},\"url\":\"https:\\\/\\\/lospoliticosveracruz.com\\\/?author=2\"}]}<\/script>\n<!-- \/ Yoast SEO plugin. -->","yoast_head_json":{"title":"DE ACOSADORES Y VENTA DE CANDIDATURAS EN HUATUSCO - Los pol\u00edticos Veracruz","robots":{"index":"index","follow":"follow","max-snippet":"max-snippet:-1","max-image-preview":"max-image-preview:large","max-video-preview":"max-video-preview:-1"},"canonical":"https:\/\/lospoliticosveracruz.com\/?p=136686","og_locale":"es_ES","og_type":"article","og_title":"DE ACOSADORES Y VENTA DE CANDIDATURAS EN HUATUSCO - Los pol\u00edticos Veracruz","og_description":"S\u00edguenos ahora tambi\u00e9n en WhatsApp.&nbsp;Da clic aqu\u00ed Iv\u00e1n Calder\u00f3n Perfilando &nbsp;&nbsp;Mucha atenci\u00f3n deber\u00e1 de tener la dirigencia nacional de MORENA con los \u201ccandados\u201d que est\u00e1 solicitando Andr\u00e9s Manuel L\u00f3pez Beltr\u00e1n, pero sobre todo la dirigencia estatal a cargo de Esteban Ram\u00edrez Zepeta con la infiltraci\u00f3n de candidatos con \u201cnegros historiales\u201d y con desmedidas denuncias en [&hellip;]","og_url":"https:\/\/lospoliticosveracruz.com\/?p=136686","og_site_name":"Los pol\u00edticos Veracruz","article_publisher":"https:\/\/www.facebook.com\/people\/Notimemes-de-los-Polticos\/61565672886568\/","article_published_time":"2025-01-29T01:00:09+00:00","article_modified_time":"2025-01-29T01:00:31+00:00","og_image":[{"width":200,"height":200,"url":"https:\/\/lospoliticosveracruz.com\/wp-content\/uploads\/2016\/07\/Logo-Dor.jpg","type":"image\/jpeg"}],"author":"Lo viste en Los Pol\u00edticos","twitter_card":"summary_large_image","twitter_creator":"@LosPoliticosVer","twitter_site":"@LosPoliticosVer","twitter_misc":{"Escrito por":"Lo viste en Los Pol\u00edticos","Tiempo de lectura":"3 minutos"},"schema":{"@context":"https:\/\/schema.org","@graph":[{"@type":"Article","@id":"https:\/\/lospoliticosveracruz.com\/?p=136686#article","isPartOf":{"@id":"https:\/\/lospoliticosveracruz.com\/?p=136686"},"author":{"name":"Lo viste en Los Pol\u00edticos","@id":"https:\/\/lospoliticosveracruz.com\/#\/schema\/person\/b8702bb0e538456e6efd07080bf2a4a2"},"headline":"DE ACOSADORES Y VENTA DE CANDIDATURAS EN HUATUSCO","datePublished":"2025-01-29T01:00:09+00:00","dateModified":"2025-01-29T01:00:31+00:00","mainEntityOfPage":{"@id":"https:\/\/lospoliticosveracruz.com\/?p=136686"},"wordCount":664,"publisher":{"@id":"https:\/\/lospoliticosveracruz.com\/#organization"},"articleSection":["De Opini\u00f3n"],"inLanguage":"es"},{"@type":"WebPage","@id":"https:\/\/lospoliticosveracruz.com\/?p=136686","url":"https:\/\/lospoliticosveracruz.com\/?p=136686","name":"DE ACOSADORES Y VENTA DE CANDIDATURAS EN HUATUSCO - Los pol\u00edticos Veracruz","isPartOf":{"@id":"https:\/\/lospoliticosveracruz.com\/#website"},"datePublished":"2025-01-29T01:00:09+00:00","dateModified":"2025-01-29T01:00:31+00:00","breadcrumb":{"@id":"https:\/\/lospoliticosveracruz.com\/?p=136686#breadcrumb"},"inLanguage":"es","potentialAction":[{"@type":"ReadAction","target":["https:\/\/lospoliticosveracruz.com\/?p=136686"]}]},{"@type":"BreadcrumbList","@id":"https:\/\/lospoliticosveracruz.com\/?p=136686#breadcrumb","itemListElement":[{"@type":"ListItem","position":1,"name":"Portada","item":"https:\/\/lospoliticosveracruz.com\/"},{"@type":"ListItem","position":2,"name":"DE ACOSADORES Y VENTA DE CANDIDATURAS EN HUATUSCO"}]},{"@type":"WebSite","@id":"https:\/\/lospoliticosveracruz.com\/#website","url":"https:\/\/lospoliticosveracruz.com\/","name":"Los pol\u00edticos Veracruz","description":"","publisher":{"@id":"https:\/\/lospoliticosveracruz.com\/#organization"},"potentialAction":[{"@type":"SearchAction","target":{"@type":"EntryPoint","urlTemplate":"https:\/\/lospoliticosveracruz.com\/?s={search_term_string}"},"query-input":{"@type":"PropertyValueSpecification","valueRequired":true,"valueName":"search_term_string"}}],"inLanguage":"es"},{"@type":"Organization","@id":"https:\/\/lospoliticosveracruz.com\/#organization","name":"Los pol\u00edticos Veracruz","url":"https:\/\/lospoliticosveracruz.com\/","logo":{"@type":"ImageObject","inLanguage":"es","@id":"https:\/\/lospoliticosveracruz.com\/#\/schema\/logo\/image\/","url":"https:\/\/lospoliticosveracruz.com\/wp-content\/uploads\/2025\/12\/Logo-Nuevo-LOS-POLITICOS-1.jpg","contentUrl":"https:\/\/lospoliticosveracruz.com\/wp-content\/uploads\/2025\/12\/Logo-Nuevo-LOS-POLITICOS-1.jpg","width":260,"height":70,"caption":"Los pol\u00edticos Veracruz"},"image":{"@id":"https:\/\/lospoliticosveracruz.com\/#\/schema\/logo\/image\/"},"sameAs":["https:\/\/www.facebook.com\/people\/Notimemes-de-los-Polticos\/61565672886568\/","https:\/\/x.com\/LosPoliticosVer"]},{"@type":"Person","@id":"https:\/\/lospoliticosveracruz.com\/#\/schema\/person\/b8702bb0e538456e6efd07080bf2a4a2","name":"Lo viste en Los Pol\u00edticos","image":{"@type":"ImageObject","inLanguage":"es","@id":"https:\/\/secure.gravatar.com\/avatar\/3a8de04a2656d44082be478bd6c086daa447c4651605818287b9532d3d0bd435?s=96&d=mm&r=g","url":"https:\/\/secure.gravatar.com\/avatar\/3a8de04a2656d44082be478bd6c086daa447c4651605818287b9532d3d0bd435?s=96&d=mm&r=g","contentUrl":"https:\/\/secure.gravatar.com\/avatar\/3a8de04a2656d44082be478bd6c086daa447c4651605818287b9532d3d0bd435?s=96&d=mm&r=g","caption":"Lo viste en Los Pol\u00edticos"},"url":"https:\/\/lospoliticosveracruz.com\/?author=2"}]}},"_links":{"self":[{"href":"https:\/\/lospoliticosveracruz.com\/index.php?rest_route=\/wp\/v2\/posts\/136686","targetHints":{"allow":["GET"]}}],"collection":[{"href":"https:\/\/lospoliticosveracruz.com\/index.php?rest_route=\/wp\/v2\/posts"}],"about":[{"href":"https:\/\/lospoliticosveracruz.com\/index.php?rest_route=\/wp\/v2\/types\/post"}],"author":[{"embeddable":true,"href":"https:\/\/lospoliticosveracruz.com\/index.php?rest_route=\/wp\/v2\/users\/2"}],"replies":[{"embeddable":true,"href":"https:\/\/lospoliticosveracruz.com\/index.php?rest_route=%2Fwp%2Fv2%2Fcomments&post=136686"}],"version-history":[{"count":2,"href":"https:\/\/lospoliticosveracruz.com\/index.php?rest_route=\/wp\/v2\/posts\/136686\/revisions"}],"predecessor-version":[{"id":136688,"href":"https:\/\/lospoliticosveracruz.com\/index.php?rest_route=\/wp\/v2\/posts\/136686\/revisions\/136688"}],"wp:attachment":[{"href":"https:\/\/lospoliticosveracruz.com\/index.php?rest_route=%2Fwp%2Fv2%2Fmedia&parent=136686"}],"wp:term":[{"taxonomy":"category","embeddable":true,"href":"https:\/\/lospoliticosveracruz.com\/index.php?rest_route=%2Fwp%2Fv2%2Fcategories&post=136686"},{"taxonomy":"post_tag","embeddable":true,"href":"https:\/\/lospoliticosveracruz.com\/index.php?rest_route=%2Fwp%2Fv2%2Ftags&post=136686"}],"curies":[{"name":"wp","href":"https:\/\/api.w.org\/{rel}","templated":true}]}}