{"id":13675,"date":"2014-11-23T22:18:43","date_gmt":"2014-11-24T04:18:43","guid":{"rendered":"http:\/\/www.lospoliticosveracruz.com.mx\/?p=13675"},"modified":"2014-11-23T22:18:43","modified_gmt":"2014-11-24T04:18:43","slug":"la-revolucion-mexicana-en-el-ano-2014","status":"publish","type":"post","link":"https:\/\/lospoliticosveracruz.com\/?p=13675","title":{"rendered":"La Revoluci\u00f3n Mexicana en el a\u00f1o 2014"},"content":{"rendered":"<p><a href=\"http:\/\/www.lospoliticosveracruz.com.mx\/wp-content\/uploads\/2014\/11\/kakistocracia.jpg\"><img loading=\"lazy\" decoding=\"async\" class=\"alignnone size-medium wp-image-13676\" src=\"http:\/\/www.lospoliticosveracruz.com.mx\/wp-content\/uploads\/2014\/11\/kakistocracia-300x179.jpg\" alt=\"kakistocracia\" width=\"300\" height=\"179\" \/><\/a><br \/>\n<strong>Eduardo de la Torre Jaramillo<\/strong><\/p>\n<p><em>Escenarios<\/em><br \/>\nUn aniversario \u201crevolucionario\u201d sin festejo gubernamental, m\u00e1s all\u00e1 de la situaci\u00f3n nacional y de las m\u00e1s de 200 manifestaciones que se realizaron en el pa\u00eds y fuera de \u00e9l, por la dram\u00e1tica situaci\u00f3n de los 43 normalistas de Ayotzinapa; el PRI de hoy es incapaz de reinventarse a trav\u00e9s de ese s\u00edmbolo pol\u00edtico que le funcion\u00f3 durante el siglo XX. Un PRI sin narrativa, sin s\u00edmbolos pol\u00edticos, inclusive sin ideolog\u00eda ni dogmas.<br \/>\nActualmente, existe un movimiento de la clase media mexicana que est\u00e1 iniciando una nueva revoluci\u00f3n simb\u00f3lica-pol\u00edtica, basada en los nuevos mecanismos de comunicaci\u00f3n, como lo son las redes sociales, donde muestran su indignaci\u00f3n y su enorme creatividad para el dise\u00f1o de los famosos \u201cmemes\u201d; empero, hay que decirlo, el descontento no es coyuntural, no es Tlatlaya, no es Iguala, no es la \u201cCasa Blanca\u201d, son setenta a\u00f1osde autoritarismo del PRI y de una transici\u00f3n inacabada por la falta de inteligencia por parte del PAN.<br \/>\nLa movilizaci\u00f3n que vive hoy el pa\u00eds en estos casi dos meses despu\u00e9s del caso de Guerrero, son producto de varios factores que se suscitaron en el pasado inmediato, por ponerle una fecha, quiz\u00e1 desde Miguel de la Madrid y posteriormente con el salinato, cuando se emprendieron las reformas econ\u00f3micas para adaptarse a la globalizaci\u00f3n, y particularmente a un nuevo capitalismo mexicano sin trabajo, donde la primera v\u00e1lvula de escape fue el sector informal de la econom\u00eda y hoy lo es la econom\u00eda mafiosa, ambas inmersas en una met\u00e1stasis de la corrupci\u00f3n gubernamental.<br \/>\nEn estos dos a\u00f1os de gobierno se realizaron once reformas, las cuales tendr\u00edan que cambiar necesariamente al pa\u00eds, hay que afirmar que eran las medidas exigidas por la propia globalizaci\u00f3n, y que correspond\u00edan a la continuaci\u00f3n de lo que se inici\u00f3 en los a\u00f1os noventa; tal y como fue en el pasado reciente, la comunicaci\u00f3n gubernamental ya no pudo enga\u00f1ar a las y los mexicanos que el pa\u00eds se ir\u00eda otra vez al\u201cprimer mundo\u201d, por eso las multipromocionadas reformas no tuvieron la confianza requerida por parte de la sociedad; porque la microeconom\u00eda continua sin beneficiar a los mexicanos.<br \/>\nPor otra parte, las reformas que se realizaron con el \u201cPacto por M\u00e9xico\u201ddesdibuj\u00f3 al subsistema de partidos pol\u00edticos mexicano, primero porque nunca hicieron un ejercicio prospectivo pol\u00edtico de aquellas ni del proceso de implosi\u00f3n partidista que tendr\u00edan, por supuesto m\u00e1s en lo que a\u00fan se hacen llamar de izquierda; de igual manera en el PAN que vive un proceso de desinstitucionalizaci\u00f3n, porque fue un partido que bas\u00f3 su narrativa en la honestidad, sin embargo, con la llegada de los \u201carribistas\u201d, quienes poseen dos caracter\u00edsticas: a) mucha ignorancia en los asuntos de gobierno, y b) mucha hambre de corrupci\u00f3n. Ni que decir de los partidos de familias monoparentales, como son Movimiento Ciudadano con Dante Delgado, el del Trabajo con Alberto Anaya, el Verde del ni\u00f1o \u201cverde\u201d, y Morena de L\u00f3pez Obrador, los otros ni siquiera hay que mencionarlos porque no tendr\u00e1n el registro el pr\u00f3ximo a\u00f1o. Partidos pol\u00edticos que nunca lo fueron, que son guiados por la \u201clealtad\u201d y la Omert\u00e1 pol\u00edtica, ese pacto de silencio que se traduce en complicidad, hoy en d\u00eda hasta criminal.<br \/>\nA lo anterior, hay que sumarle la falta de gobierno, \u00e9ste en la actual crisis s\u00f3lo es discurso, no hay m\u00e1s, ninguna acci\u00f3n gubernamental para reestablecer la gobernabilidad del pa\u00eds, y por cierto p\u00e9simos discursos, como ese de la \u201cdesestabilizaci\u00f3n\u201d, cuando el propio gobierno federal es el que propicia la desestabilizaci\u00f3n, all\u00ed est\u00e1n los casos de Oaxaca, Michoac\u00e1n, Tamaulipas, Estado de M\u00e9xico, Guerrero, ellos provocaron que la reforma educativa no fuera nacional, alentando a la CNTE y cediendo a todos sus requerimientos; al igual que al SME; los mismos grupos que est\u00e1n en las manifestaciones en su contra; el problema es cuando confundes a tus aliados con tus adversarios; evidentemente es un gobierno sin cerebro, sin capacidad para actuar en la incertidumbre.<br \/>\nFinalmente se mezclan tres asuntos: la debilidad econ\u00f3mica y falta de crecimiento; la crisis en la vida p\u00fablica; y una falta de gobierno, muy probablemente una triple crisis de la cual no hay soluci\u00f3n por parte del gobierno, porque cada respuesta gubernamental se convierte en un error pol\u00edtico. Dado lo anterior, ha llegado la hora de las propuestas desde la sociedad civil organizada para desmontar a la kakistocracia y dar paso a otro sistema pol\u00edtico, y se podr\u00eda empezar canalizando toda esta energ\u00eda social en la preparaci\u00f3n de una nueva constituci\u00f3n pol\u00edtica, donde el 2015 se convierta en la elecci\u00f3n para un nuevo Congreso Constituyente, quiz\u00e1 es la mejor manera de festejar el centenario de la constituci\u00f3n y para buscar un nuevo arreglo pol\u00edtico fortaleciendo el pacto social en M\u00e9xico.<\/p>\n","protected":false},"excerpt":{"rendered":"<p>Eduardo de la Torre Jaramillo Escenarios Un aniversario \u201crevolucionario\u201d sin festejo gubernamental, m\u00e1s all\u00e1 de la situaci\u00f3n nacional y de las m\u00e1s de 200 manifestaciones que se realizaron en el pa\u00eds y fuera de \u00e9l, por la dram\u00e1tica situaci\u00f3n de los 43 normalistas de Ayotzinapa; el PRI de hoy es incapaz de reinventarse a trav\u00e9s [&hellip;]<\/p>\n","protected":false},"author":2,"featured_media":0,"comment_status":"open","ping_status":"open","sticky":false,"template":"","format":"standard","meta":{"tdm_status":"","tdm_grid_status":"","footnotes":""},"categories":[70],"tags":[101,395,956,251,955,957],"class_list":{"0":"post-13675","1":"post","2":"type-post","3":"status-publish","4":"format-standard","6":"category-de-opinion","7":"tag-ayotzinapa","8":"tag-mexico","9":"tag-miguel-de-la-madrid","10":"tag-pri","11":"tag-revolucion","12":"tag-salinato"},"yoast_head":"<!-- This site is optimized with the Yoast SEO plugin v27.4 - https:\/\/yoast.com\/product\/yoast-seo-wordpress\/ -->\n<title>La Revoluci\u00f3n Mexicana en el a\u00f1o 2014 - Los pol\u00edticos Veracruz<\/title>\n<meta name=\"robots\" content=\"index, follow, max-snippet:-1, max-image-preview:large, max-video-preview:-1\" \/>\n<link rel=\"canonical\" href=\"https:\/\/lospoliticosveracruz.com\/?p=13675\" \/>\n<meta property=\"og:locale\" content=\"es_ES\" \/>\n<meta property=\"og:type\" content=\"article\" \/>\n<meta property=\"og:title\" content=\"La Revoluci\u00f3n Mexicana en el a\u00f1o 2014 - Los pol\u00edticos Veracruz\" \/>\n<meta property=\"og:description\" content=\"Eduardo de la Torre Jaramillo Escenarios Un aniversario \u201crevolucionario\u201d sin festejo gubernamental, m\u00e1s all\u00e1 de la situaci\u00f3n nacional y de las m\u00e1s de 200 manifestaciones que se realizaron en el pa\u00eds y fuera de \u00e9l, por la dram\u00e1tica situaci\u00f3n de los 43 normalistas de Ayotzinapa; el PRI de hoy es incapaz de reinventarse a trav\u00e9s [&hellip;]\" \/>\n<meta property=\"og:url\" content=\"https:\/\/lospoliticosveracruz.com\/?p=13675\" \/>\n<meta property=\"og:site_name\" content=\"Los pol\u00edticos Veracruz\" \/>\n<meta property=\"article:publisher\" content=\"https:\/\/www.facebook.com\/people\/Notimemes-de-los-Polticos\/61565672886568\/\" \/>\n<meta property=\"article:published_time\" content=\"2014-11-24T04:18:43+00:00\" \/>\n<meta property=\"og:image\" content=\"http:\/\/www.lospoliticosveracruz.com.mx\/wp-content\/uploads\/2014\/11\/kakistocracia-300x179.jpg\" \/>\n<meta name=\"author\" content=\"Lo viste en Los Pol\u00edticos\" \/>\n<meta name=\"twitter:card\" content=\"summary_large_image\" \/>\n<meta name=\"twitter:creator\" content=\"@LosPoliticosVer\" \/>\n<meta name=\"twitter:site\" content=\"@LosPoliticosVer\" \/>\n<meta name=\"twitter:label1\" content=\"Escrito por\" \/>\n\t<meta name=\"twitter:data1\" content=\"Lo viste en Los Pol\u00edticos\" \/>\n\t<meta name=\"twitter:label2\" content=\"Tiempo de lectura\" \/>\n\t<meta name=\"twitter:data2\" content=\"4 minutos\" \/>\n<script type=\"application\/ld+json\" class=\"yoast-schema-graph\">{\"@context\":\"https:\\\/\\\/schema.org\",\"@graph\":[{\"@type\":\"Article\",\"@id\":\"https:\\\/\\\/lospoliticosveracruz.com\\\/?p=13675#article\",\"isPartOf\":{\"@id\":\"https:\\\/\\\/lospoliticosveracruz.com\\\/?p=13675\"},\"author\":{\"name\":\"Lo viste en Los Pol\u00edticos\",\"@id\":\"https:\\\/\\\/lospoliticosveracruz.com\\\/#\\\/schema\\\/person\\\/b8702bb0e538456e6efd07080bf2a4a2\"},\"headline\":\"La Revoluci\u00f3n Mexicana en el a\u00f1o 2014\",\"datePublished\":\"2014-11-24T04:18:43+00:00\",\"mainEntityOfPage\":{\"@id\":\"https:\\\/\\\/lospoliticosveracruz.com\\\/?p=13675\"},\"wordCount\":872,\"commentCount\":0,\"publisher\":{\"@id\":\"https:\\\/\\\/lospoliticosveracruz.com\\\/#organization\"},\"image\":{\"@id\":\"https:\\\/\\\/lospoliticosveracruz.com\\\/?p=13675#primaryimage\"},\"thumbnailUrl\":\"http:\\\/\\\/www.lospoliticosveracruz.com.mx\\\/wp-content\\\/uploads\\\/2014\\\/11\\\/kakistocracia-300x179.jpg\",\"keywords\":[\"Ayotzinapa\",\"M\u00e9xico\",\"Miguel de la Madrid\",\"PRI\",\"Revoluci\u00f3n\",\"salinato\"],\"articleSection\":[\"De Opini\u00f3n\"],\"inLanguage\":\"es\",\"potentialAction\":[{\"@type\":\"CommentAction\",\"name\":\"Comment\",\"target\":[\"https:\\\/\\\/lospoliticosveracruz.com\\\/?p=13675#respond\"]}]},{\"@type\":\"WebPage\",\"@id\":\"https:\\\/\\\/lospoliticosveracruz.com\\\/?p=13675\",\"url\":\"https:\\\/\\\/lospoliticosveracruz.com\\\/?p=13675\",\"name\":\"La Revoluci\u00f3n Mexicana en el a\u00f1o 2014 - Los pol\u00edticos Veracruz\",\"isPartOf\":{\"@id\":\"https:\\\/\\\/lospoliticosveracruz.com\\\/#website\"},\"primaryImageOfPage\":{\"@id\":\"https:\\\/\\\/lospoliticosveracruz.com\\\/?p=13675#primaryimage\"},\"image\":{\"@id\":\"https:\\\/\\\/lospoliticosveracruz.com\\\/?p=13675#primaryimage\"},\"thumbnailUrl\":\"http:\\\/\\\/www.lospoliticosveracruz.com.mx\\\/wp-content\\\/uploads\\\/2014\\\/11\\\/kakistocracia-300x179.jpg\",\"datePublished\":\"2014-11-24T04:18:43+00:00\",\"breadcrumb\":{\"@id\":\"https:\\\/\\\/lospoliticosveracruz.com\\\/?p=13675#breadcrumb\"},\"inLanguage\":\"es\",\"potentialAction\":[{\"@type\":\"ReadAction\",\"target\":[\"https:\\\/\\\/lospoliticosveracruz.com\\\/?p=13675\"]}]},{\"@type\":\"ImageObject\",\"inLanguage\":\"es\",\"@id\":\"https:\\\/\\\/lospoliticosveracruz.com\\\/?p=13675#primaryimage\",\"url\":\"http:\\\/\\\/www.lospoliticosveracruz.com.mx\\\/wp-content\\\/uploads\\\/2014\\\/11\\\/kakistocracia-300x179.jpg\",\"contentUrl\":\"http:\\\/\\\/www.lospoliticosveracruz.com.mx\\\/wp-content\\\/uploads\\\/2014\\\/11\\\/kakistocracia-300x179.jpg\"},{\"@type\":\"BreadcrumbList\",\"@id\":\"https:\\\/\\\/lospoliticosveracruz.com\\\/?p=13675#breadcrumb\",\"itemListElement\":[{\"@type\":\"ListItem\",\"position\":1,\"name\":\"Portada\",\"item\":\"https:\\\/\\\/lospoliticosveracruz.com\\\/\"},{\"@type\":\"ListItem\",\"position\":2,\"name\":\"La Revoluci\u00f3n Mexicana en el a\u00f1o 2014\"}]},{\"@type\":\"WebSite\",\"@id\":\"https:\\\/\\\/lospoliticosveracruz.com\\\/#website\",\"url\":\"https:\\\/\\\/lospoliticosveracruz.com\\\/\",\"name\":\"Los pol\u00edticos Veracruz\",\"description\":\"\",\"publisher\":{\"@id\":\"https:\\\/\\\/lospoliticosveracruz.com\\\/#organization\"},\"potentialAction\":[{\"@type\":\"SearchAction\",\"target\":{\"@type\":\"EntryPoint\",\"urlTemplate\":\"https:\\\/\\\/lospoliticosveracruz.com\\\/?s={search_term_string}\"},\"query-input\":{\"@type\":\"PropertyValueSpecification\",\"valueRequired\":true,\"valueName\":\"search_term_string\"}}],\"inLanguage\":\"es\"},{\"@type\":\"Organization\",\"@id\":\"https:\\\/\\\/lospoliticosveracruz.com\\\/#organization\",\"name\":\"Los pol\u00edticos Veracruz\",\"url\":\"https:\\\/\\\/lospoliticosveracruz.com\\\/\",\"logo\":{\"@type\":\"ImageObject\",\"inLanguage\":\"es\",\"@id\":\"https:\\\/\\\/lospoliticosveracruz.com\\\/#\\\/schema\\\/logo\\\/image\\\/\",\"url\":\"https:\\\/\\\/lospoliticosveracruz.com\\\/wp-content\\\/uploads\\\/2025\\\/12\\\/Logo-Nuevo-LOS-POLITICOS-1.jpg\",\"contentUrl\":\"https:\\\/\\\/lospoliticosveracruz.com\\\/wp-content\\\/uploads\\\/2025\\\/12\\\/Logo-Nuevo-LOS-POLITICOS-1.jpg\",\"width\":260,\"height\":70,\"caption\":\"Los pol\u00edticos Veracruz\"},\"image\":{\"@id\":\"https:\\\/\\\/lospoliticosveracruz.com\\\/#\\\/schema\\\/logo\\\/image\\\/\"},\"sameAs\":[\"https:\\\/\\\/www.facebook.com\\\/people\\\/Notimemes-de-los-Polticos\\\/61565672886568\\\/\",\"https:\\\/\\\/x.com\\\/LosPoliticosVer\"]},{\"@type\":\"Person\",\"@id\":\"https:\\\/\\\/lospoliticosveracruz.com\\\/#\\\/schema\\\/person\\\/b8702bb0e538456e6efd07080bf2a4a2\",\"name\":\"Lo viste en Los Pol\u00edticos\",\"image\":{\"@type\":\"ImageObject\",\"inLanguage\":\"es\",\"@id\":\"https:\\\/\\\/secure.gravatar.com\\\/avatar\\\/3a8de04a2656d44082be478bd6c086daa447c4651605818287b9532d3d0bd435?s=96&d=mm&r=g\",\"url\":\"https:\\\/\\\/secure.gravatar.com\\\/avatar\\\/3a8de04a2656d44082be478bd6c086daa447c4651605818287b9532d3d0bd435?s=96&d=mm&r=g\",\"contentUrl\":\"https:\\\/\\\/secure.gravatar.com\\\/avatar\\\/3a8de04a2656d44082be478bd6c086daa447c4651605818287b9532d3d0bd435?s=96&d=mm&r=g\",\"caption\":\"Lo viste en Los Pol\u00edticos\"},\"url\":\"https:\\\/\\\/lospoliticosveracruz.com\\\/?author=2\"}]}<\/script>\n<!-- \/ Yoast SEO plugin. -->","yoast_head_json":{"title":"La Revoluci\u00f3n Mexicana en el a\u00f1o 2014 - Los pol\u00edticos Veracruz","robots":{"index":"index","follow":"follow","max-snippet":"max-snippet:-1","max-image-preview":"max-image-preview:large","max-video-preview":"max-video-preview:-1"},"canonical":"https:\/\/lospoliticosveracruz.com\/?p=13675","og_locale":"es_ES","og_type":"article","og_title":"La Revoluci\u00f3n Mexicana en el a\u00f1o 2014 - Los pol\u00edticos Veracruz","og_description":"Eduardo de la Torre Jaramillo Escenarios Un aniversario \u201crevolucionario\u201d sin festejo gubernamental, m\u00e1s all\u00e1 de la situaci\u00f3n nacional y de las m\u00e1s de 200 manifestaciones que se realizaron en el pa\u00eds y fuera de \u00e9l, por la dram\u00e1tica situaci\u00f3n de los 43 normalistas de Ayotzinapa; el PRI de hoy es incapaz de reinventarse a trav\u00e9s [&hellip;]","og_url":"https:\/\/lospoliticosveracruz.com\/?p=13675","og_site_name":"Los pol\u00edticos Veracruz","article_publisher":"https:\/\/www.facebook.com\/people\/Notimemes-de-los-Polticos\/61565672886568\/","article_published_time":"2014-11-24T04:18:43+00:00","og_image":[{"url":"http:\/\/www.lospoliticosveracruz.com.mx\/wp-content\/uploads\/2014\/11\/kakistocracia-300x179.jpg","type":"","width":"","height":""}],"author":"Lo viste en Los Pol\u00edticos","twitter_card":"summary_large_image","twitter_creator":"@LosPoliticosVer","twitter_site":"@LosPoliticosVer","twitter_misc":{"Escrito por":"Lo viste en Los Pol\u00edticos","Tiempo de lectura":"4 minutos"},"schema":{"@context":"https:\/\/schema.org","@graph":[{"@type":"Article","@id":"https:\/\/lospoliticosveracruz.com\/?p=13675#article","isPartOf":{"@id":"https:\/\/lospoliticosveracruz.com\/?p=13675"},"author":{"name":"Lo viste en Los Pol\u00edticos","@id":"https:\/\/lospoliticosveracruz.com\/#\/schema\/person\/b8702bb0e538456e6efd07080bf2a4a2"},"headline":"La Revoluci\u00f3n Mexicana en el a\u00f1o 2014","datePublished":"2014-11-24T04:18:43+00:00","mainEntityOfPage":{"@id":"https:\/\/lospoliticosveracruz.com\/?p=13675"},"wordCount":872,"commentCount":0,"publisher":{"@id":"https:\/\/lospoliticosveracruz.com\/#organization"},"image":{"@id":"https:\/\/lospoliticosveracruz.com\/?p=13675#primaryimage"},"thumbnailUrl":"http:\/\/www.lospoliticosveracruz.com.mx\/wp-content\/uploads\/2014\/11\/kakistocracia-300x179.jpg","keywords":["Ayotzinapa","M\u00e9xico","Miguel de la Madrid","PRI","Revoluci\u00f3n","salinato"],"articleSection":["De Opini\u00f3n"],"inLanguage":"es","potentialAction":[{"@type":"CommentAction","name":"Comment","target":["https:\/\/lospoliticosveracruz.com\/?p=13675#respond"]}]},{"@type":"WebPage","@id":"https:\/\/lospoliticosveracruz.com\/?p=13675","url":"https:\/\/lospoliticosveracruz.com\/?p=13675","name":"La Revoluci\u00f3n Mexicana en el a\u00f1o 2014 - Los pol\u00edticos Veracruz","isPartOf":{"@id":"https:\/\/lospoliticosveracruz.com\/#website"},"primaryImageOfPage":{"@id":"https:\/\/lospoliticosveracruz.com\/?p=13675#primaryimage"},"image":{"@id":"https:\/\/lospoliticosveracruz.com\/?p=13675#primaryimage"},"thumbnailUrl":"http:\/\/www.lospoliticosveracruz.com.mx\/wp-content\/uploads\/2014\/11\/kakistocracia-300x179.jpg","datePublished":"2014-11-24T04:18:43+00:00","breadcrumb":{"@id":"https:\/\/lospoliticosveracruz.com\/?p=13675#breadcrumb"},"inLanguage":"es","potentialAction":[{"@type":"ReadAction","target":["https:\/\/lospoliticosveracruz.com\/?p=13675"]}]},{"@type":"ImageObject","inLanguage":"es","@id":"https:\/\/lospoliticosveracruz.com\/?p=13675#primaryimage","url":"http:\/\/www.lospoliticosveracruz.com.mx\/wp-content\/uploads\/2014\/11\/kakistocracia-300x179.jpg","contentUrl":"http:\/\/www.lospoliticosveracruz.com.mx\/wp-content\/uploads\/2014\/11\/kakistocracia-300x179.jpg"},{"@type":"BreadcrumbList","@id":"https:\/\/lospoliticosveracruz.com\/?p=13675#breadcrumb","itemListElement":[{"@type":"ListItem","position":1,"name":"Portada","item":"https:\/\/lospoliticosveracruz.com\/"},{"@type":"ListItem","position":2,"name":"La Revoluci\u00f3n Mexicana en el a\u00f1o 2014"}]},{"@type":"WebSite","@id":"https:\/\/lospoliticosveracruz.com\/#website","url":"https:\/\/lospoliticosveracruz.com\/","name":"Los pol\u00edticos Veracruz","description":"","publisher":{"@id":"https:\/\/lospoliticosveracruz.com\/#organization"},"potentialAction":[{"@type":"SearchAction","target":{"@type":"EntryPoint","urlTemplate":"https:\/\/lospoliticosveracruz.com\/?s={search_term_string}"},"query-input":{"@type":"PropertyValueSpecification","valueRequired":true,"valueName":"search_term_string"}}],"inLanguage":"es"},{"@type":"Organization","@id":"https:\/\/lospoliticosveracruz.com\/#organization","name":"Los pol\u00edticos Veracruz","url":"https:\/\/lospoliticosveracruz.com\/","logo":{"@type":"ImageObject","inLanguage":"es","@id":"https:\/\/lospoliticosveracruz.com\/#\/schema\/logo\/image\/","url":"https:\/\/lospoliticosveracruz.com\/wp-content\/uploads\/2025\/12\/Logo-Nuevo-LOS-POLITICOS-1.jpg","contentUrl":"https:\/\/lospoliticosveracruz.com\/wp-content\/uploads\/2025\/12\/Logo-Nuevo-LOS-POLITICOS-1.jpg","width":260,"height":70,"caption":"Los pol\u00edticos Veracruz"},"image":{"@id":"https:\/\/lospoliticosveracruz.com\/#\/schema\/logo\/image\/"},"sameAs":["https:\/\/www.facebook.com\/people\/Notimemes-de-los-Polticos\/61565672886568\/","https:\/\/x.com\/LosPoliticosVer"]},{"@type":"Person","@id":"https:\/\/lospoliticosveracruz.com\/#\/schema\/person\/b8702bb0e538456e6efd07080bf2a4a2","name":"Lo viste en Los Pol\u00edticos","image":{"@type":"ImageObject","inLanguage":"es","@id":"https:\/\/secure.gravatar.com\/avatar\/3a8de04a2656d44082be478bd6c086daa447c4651605818287b9532d3d0bd435?s=96&d=mm&r=g","url":"https:\/\/secure.gravatar.com\/avatar\/3a8de04a2656d44082be478bd6c086daa447c4651605818287b9532d3d0bd435?s=96&d=mm&r=g","contentUrl":"https:\/\/secure.gravatar.com\/avatar\/3a8de04a2656d44082be478bd6c086daa447c4651605818287b9532d3d0bd435?s=96&d=mm&r=g","caption":"Lo viste en Los Pol\u00edticos"},"url":"https:\/\/lospoliticosveracruz.com\/?author=2"}]}},"_links":{"self":[{"href":"https:\/\/lospoliticosveracruz.com\/index.php?rest_route=\/wp\/v2\/posts\/13675","targetHints":{"allow":["GET"]}}],"collection":[{"href":"https:\/\/lospoliticosveracruz.com\/index.php?rest_route=\/wp\/v2\/posts"}],"about":[{"href":"https:\/\/lospoliticosveracruz.com\/index.php?rest_route=\/wp\/v2\/types\/post"}],"author":[{"embeddable":true,"href":"https:\/\/lospoliticosveracruz.com\/index.php?rest_route=\/wp\/v2\/users\/2"}],"replies":[{"embeddable":true,"href":"https:\/\/lospoliticosveracruz.com\/index.php?rest_route=%2Fwp%2Fv2%2Fcomments&post=13675"}],"version-history":[{"count":1,"href":"https:\/\/lospoliticosveracruz.com\/index.php?rest_route=\/wp\/v2\/posts\/13675\/revisions"}],"predecessor-version":[{"id":13677,"href":"https:\/\/lospoliticosveracruz.com\/index.php?rest_route=\/wp\/v2\/posts\/13675\/revisions\/13677"}],"wp:attachment":[{"href":"https:\/\/lospoliticosveracruz.com\/index.php?rest_route=%2Fwp%2Fv2%2Fmedia&parent=13675"}],"wp:term":[{"taxonomy":"category","embeddable":true,"href":"https:\/\/lospoliticosveracruz.com\/index.php?rest_route=%2Fwp%2Fv2%2Fcategories&post=13675"},{"taxonomy":"post_tag","embeddable":true,"href":"https:\/\/lospoliticosveracruz.com\/index.php?rest_route=%2Fwp%2Fv2%2Ftags&post=13675"}],"curies":[{"name":"wp","href":"https:\/\/api.w.org\/{rel}","templated":true}]}}