{"id":137336,"date":"2025-02-06T19:55:14","date_gmt":"2025-02-07T01:55:14","guid":{"rendered":"https:\/\/lospoliticosveracruz.com.mx\/?p=137336"},"modified":"2025-02-06T19:55:37","modified_gmt":"2025-02-07T01:55:37","slug":"morena-y-nahle-en-veracruz","status":"publish","type":"post","link":"https:\/\/lospoliticosveracruz.com\/?p=137336","title":{"rendered":"MORENA Y NAHLE EN VERACRUZ"},"content":{"rendered":"\n<p>S\u00edguenos ahora tambi\u00e9n en WhatsApp.\u00a0<a href=\"https:\/\/whatsapp.com\/channel\/0029Va8zRWlEKyZIP3Z1dF0e\"><em><strong>Da clic aqu\u00ed<\/strong><\/em><\/a><\/p>\n\n\n\n<p><\/p>\n\n\n\n<p><\/p>\n\n\n\n<p><strong>Jos\u00e9 Luis Ortega Vidal<br><\/strong><em>Claroscuros<\/em><\/p>\n\n\n\n<p>Si el anuncio de las candidaturas de MORENA y su \u00e1pice pol\u00edtico-electoral denominado PVEM por las 212 alcald\u00edas a disputarse el primero de junio, se hiciera este d\u00eda, Rosa Mar\u00eda Hern\u00e1ndez Espejo y Bertha Ahued Malpica recibir\u00edan el banderazo oficial para ir en b\u00fasqueda del voto en el corredor Veracruz-Boca del R\u00edo.<br>Ser\u00e1 en marzo cuando se d\u00e9 a conocer la asignaci\u00f3n de candidaturas por g\u00e9nero de todos los partidos pol\u00edticos que tomar\u00e1n parte de los comicios en puerta; no hay duda: en Veracruz y Boca del R\u00edo tocar\u00e1 a mujeres.<br>Nada es oficial, aclaro; hay que esperar por los tiempos establecidos en la ley y bajo vigilancia del OPLE.<br>En el caso del corredor que marca la esmeralda electoral perdida de MORENA no aparecen rivales internos, como tampoco hay divisionismo en puerta.<br>La raz\u00f3n es muy simple: Roc\u00edo Nahle Garc\u00eda, la jefa real de MORENA en Veracruz, quiere consolidar el arranque de su sexenio con un triunfo hist\u00f3rico para la causa guinda y su adl\u00e1tere verde ecologista: ganar m\u00e1s de tres cuartas parte de los Ayuntamientos en juego y hacerse de los principales corredores pol\u00edtico-econ\u00f3micos en la entidad.<br>El sur es morenista y Nahle Garc\u00eda no se conformar\u00e1 con menos del 90 % de los municipios desde la cuenca del Papaloapan hasta Las Choapas y Agua Dulce; pasando por Los Tuxtlas; la sierra de Santa Martha; los llanos pi\u00f1eros, ca\u00f1eros y ganaderos de Isla, Playa Vicente, Acayucan; los cuerpos edilicios que gobiernan en la parte veracruzana del Istmo de Tehuantepec: Sayula, Jes\u00fas Carranza, San Juan Evangelista, Texistepec, Minatitl\u00e1n y Coatzacoalcos, el hermano mayor\u2026<br>Del centro monta\u00f1oso van por C\u00f3rdoba-Orizaba y todo lo que les rodea desde Zongolica, los l\u00edmites siempre \u00e1speros con Oaxaca en la sierra de Tezonapa, los l\u00edmites llenos de inseguridad con Puebla donde se ubican las cumbres de Maltrata y los pueblos conurbados con la Pluviosilla; Ixtaczoquitl\u00e1n; el hermoso Fort\u00edn de las Flores; la zona calurosa de Tierra Blanca, Cotaxtla y desde luego Cuitl\u00e1huac junto con Yanga.<br>Poza Rica-Tuxpan, lo que incluye una amplia parte de la regi\u00f3n totonaca en el centro-norte de la entidad, as\u00ed como la huasteca veracruzana, vecina de las huastecas tamaulipeca, hidalguense y de San Luis Potos\u00ed.<\/p>\n\n\n\n<p>(2)<br>Roc\u00edo Nahle Garc\u00eda exigir\u00e1 a los candidatos, operadores pol\u00edticos, a su gabinete pol\u00edtico, a los dirigentes de partido, que entreguen cuentas claras, el chocolate espeso, y no menos de 160-180 o m\u00e1s triunfos para terminar de aplastar a una oposici\u00f3n pr\u00e1cticamente suicida en el caso del PRI, con vocaci\u00f3n de autodestrucci\u00f3n por lo que hace al PT, debilitada en el PAN, e ilusionada como quincea\u00f1era entre los naranjas del MC.<br>Si quedan 30 o 40 municipios a repartir entre cuatro partidos opositores a MORENA y su ayudante verde, les habr\u00e1 ido bien; de acuerdo a los pasos que est\u00e1n dado con orden, bajo el control de Roc\u00edo Nahle, los del partido guinda: no al nepotismo; el que se rebela queda fuera de las candidaturas y se puede olvidar de alg\u00fan cargo en los tres niveles de gobierno; irse a engrosar los sue\u00f1os guajiros del PT es sin\u00f3nimo de traici\u00f3n; no entregar buenas cuentas en tu distrito, municipios, regi\u00f3n, zona, tendr\u00e1 un costo en el futuro pol\u00edtico inmediato de los ineficaces\u2026<br>Roc\u00edo Nahle Garc\u00eda no es Cuitl\u00e1huac Garc\u00eda Jim\u00e9nez\u2026<br>Ricardo Ahued Bardahuil no es Erick Patrocinio Cisneros Burgos\u2026<br>Esteban Bautista Hern\u00e1ndez no es Juan Javier G\u00f3mez Cazar\u00edn\u2026<br>Esteban Ram\u00edrez Zepeta debe estar consciente de que los tiempos de borracheras y caerse ebrio de la silla de sus anfitriones -\u00bfGuardan las grabaciones?- se han convertido en la etapa de la disciplina o el adi\u00f3s por la puerta de atr\u00e1s\u2026<\/p>\n\n\n\n<p>(3)<br>\u00bfC\u00f3mo quedan los Yunes: los Linares y los M\u00e1rquez?<br>El c\u00e9lebre \u2013por estar pintado de traici\u00f3n- voto 87 de Miguel \u00c1ngel Yunes M\u00e1rquez en la sesi\u00f3n del Senado de la Rep\u00fablica del pasado 10 de septiembre -cuando se autoriz\u00f3 la Reforma Judicial ordenada por Andr\u00e9s Manuel L\u00f3pez Obrador- ha perdido fuerza con el paso de los meses.<br>La determinaci\u00f3n de Roc\u00edo Nahle para dejar fuera a padre e hijos \u2013los dos migueles han sido expulsados de facto del PAN, aunque la batalla jur\u00eddica al respecto contin\u00faa- de cualquier posici\u00f3n edilicia clave en el estado de Veracruz, no parece tener obst\u00e1culos enfrente.<br>A los Yunes ex azules, hoy guindas a nivel del Senado, azules en el Congreso local, empe\u00f1ados en que un Tribunal Electoral les devuelva su militancia azul como una ojera de mujer, les interesan Veracruz puerto y Boca del R\u00edo\u2026<br>Pero, como dijimos al inicio de este art\u00edculo, Rosa Mar\u00eda Hern\u00e1ndez Espejo y Bertha Ahued Malpica son promovidas en esa cabeza de playa por Roc\u00edo Nahle Garc\u00eda.<br>Punto.<\/p>\n\n\n\n<p>(4)<br>Movimiento Ciudadano (MC) ha dicho que no tiene cabida para los Yunes y el PAN tampoco los quiere; por tanto les quedan las opciones del PT y el PRI.<br>Nos cuentan que Marijose Gamboa Torales no ha dicho nada en torno a una versi\u00f3n \u2013no confirmada- sobre un presunto encuentro que la diputada federal boque\u00f1a habr\u00eda tenido con Alejandro Morelo \u201cAlito\u201d, l\u00edder nacional del PRI.<br>El columnista Marco Antonio Aguirre Rodr\u00edguez dio a conocer esta especie, donde Marijose Gamboa habr\u00eda expuesto su inter\u00e9s por buscar la alcald\u00eda de Boca del R\u00edo bajo la \u00e9gida del PRI, en el caso de que su partido no la nomine.<br>Recordemos que Gamboa Torales es gente de los Yunes famosos por el voto 87 o voto de la traici\u00f3n.<br>Aqu\u00ed aparece, adem\u00e1s, un dato interesante: \u00bfC\u00f3mo queda Juan Manuel Unanue, alcalde panista de Boca del R\u00edo?<br>Al hombre se le atribuye el respaldo a Marijose Gamboa ante medios de comunicaci\u00f3n; situaci\u00f3n penosa porque el edil no fue respaldado por Jorge Romero Herrera, dirigente nacional del partido blanquiazul.<\/p>\n\n\n\n<p>(5)<br>La grilla en el pueblo que celebra a Santa Ana est\u00e1 candente; y no es un tema menor; estamos hablando de que MORENA \u2013Roc\u00edo Nahle- quiere obtener esa joya que durante d\u00e9cadas ha sido azul, el corredor Veracruz-Boca del R\u00edo; y Marijose, con su silencio, Unanue con su declaraci\u00f3n sin respaldo, sumados a los Yunes con las puertas cerradas en los partidos fuertes y medio fuertes, no lucen como un ej\u00e9rcito muy competitivo\u2026<br>Veremos\u2026<\/p>\n","protected":false},"excerpt":{"rendered":"<p>S\u00edguenos ahora tambi\u00e9n en WhatsApp.\u00a0Da clic aqu\u00ed Jos\u00e9 Luis Ortega VidalClaroscuros Si el anuncio de las candidaturas de MORENA y su \u00e1pice pol\u00edtico-electoral denominado PVEM por las 212 alcald\u00edas a disputarse el primero de junio, se hiciera este d\u00eda, Rosa Mar\u00eda Hern\u00e1ndez Espejo y Bertha Ahued Malpica recibir\u00edan el banderazo oficial para ir en b\u00fasqueda [&hellip;]<\/p>\n","protected":false},"author":2,"featured_media":119931,"comment_status":"closed","ping_status":"closed","sticky":false,"template":"","format":"standard","meta":{"tdm_status":"","tdm_grid_status":"","footnotes":""},"categories":[70],"tags":[11217,2769,1871,11900],"class_list":{"0":"post-137336","1":"post","2":"type-post","3":"status-publish","4":"format-standard","5":"has-post-thumbnail","7":"category-de-opinion","8":"tag-bertha-ahued-malpica","9":"tag-jose-luis-ortega-vidal","10":"tag-marijose-gamboa-torales","11":"tag-rosa-maria-hernandez-espejo"},"yoast_head":"<!-- This site is optimized with the Yoast SEO plugin v27.4 - https:\/\/yoast.com\/product\/yoast-seo-wordpress\/ -->\n<title>MORENA Y NAHLE EN VERACRUZ - Los pol\u00edticos Veracruz<\/title>\n<meta name=\"robots\" content=\"index, follow, max-snippet:-1, max-image-preview:large, max-video-preview:-1\" \/>\n<link rel=\"canonical\" href=\"https:\/\/lospoliticosveracruz.com\/?p=137336\" \/>\n<meta property=\"og:locale\" content=\"es_ES\" \/>\n<meta property=\"og:type\" content=\"article\" \/>\n<meta property=\"og:title\" content=\"MORENA Y NAHLE EN VERACRUZ - Los pol\u00edticos Veracruz\" \/>\n<meta property=\"og:description\" content=\"S\u00edguenos ahora tambi\u00e9n en WhatsApp.\u00a0Da clic aqu\u00ed Jos\u00e9 Luis Ortega VidalClaroscuros Si el anuncio de las candidaturas de MORENA y su \u00e1pice pol\u00edtico-electoral denominado PVEM por las 212 alcald\u00edas a disputarse el primero de junio, se hiciera este d\u00eda, Rosa Mar\u00eda Hern\u00e1ndez Espejo y Bertha Ahued Malpica recibir\u00edan el banderazo oficial para ir en b\u00fasqueda [&hellip;]\" \/>\n<meta property=\"og:url\" content=\"https:\/\/lospoliticosveracruz.com\/?p=137336\" \/>\n<meta property=\"og:site_name\" content=\"Los pol\u00edticos Veracruz\" \/>\n<meta property=\"article:publisher\" content=\"https:\/\/www.facebook.com\/people\/Notimemes-de-los-Polticos\/61565672886568\/\" \/>\n<meta property=\"article:published_time\" content=\"2025-02-07T01:55:14+00:00\" \/>\n<meta property=\"article:modified_time\" content=\"2025-02-07T01:55:37+00:00\" \/>\n<meta property=\"og:image\" content=\"https:\/\/lospoliticosveracruz.com\/wp-content\/uploads\/2024\/03\/Jose-Luis-Ortega-Vidal.jpg\" \/>\n\t<meta property=\"og:image:width\" content=\"1250\" \/>\n\t<meta property=\"og:image:height\" content=\"667\" \/>\n\t<meta property=\"og:image:type\" content=\"image\/jpeg\" \/>\n<meta name=\"author\" content=\"Lo viste en Los Pol\u00edticos\" \/>\n<meta name=\"twitter:card\" content=\"summary_large_image\" \/>\n<meta name=\"twitter:creator\" content=\"@LosPoliticosVer\" \/>\n<meta name=\"twitter:site\" content=\"@LosPoliticosVer\" \/>\n<meta name=\"twitter:label1\" content=\"Escrito por\" \/>\n\t<meta name=\"twitter:data1\" content=\"Lo viste en Los Pol\u00edticos\" \/>\n\t<meta name=\"twitter:label2\" content=\"Tiempo de lectura\" \/>\n\t<meta name=\"twitter:data2\" content=\"6 minutos\" \/>\n<script type=\"application\/ld+json\" class=\"yoast-schema-graph\">{\"@context\":\"https:\\\/\\\/schema.org\",\"@graph\":[{\"@type\":\"Article\",\"@id\":\"https:\\\/\\\/lospoliticosveracruz.com\\\/?p=137336#article\",\"isPartOf\":{\"@id\":\"https:\\\/\\\/lospoliticosveracruz.com\\\/?p=137336\"},\"author\":{\"name\":\"Lo viste en Los Pol\u00edticos\",\"@id\":\"https:\\\/\\\/lospoliticosveracruz.com\\\/#\\\/schema\\\/person\\\/b8702bb0e538456e6efd07080bf2a4a2\"},\"headline\":\"MORENA Y NAHLE EN VERACRUZ\",\"datePublished\":\"2025-02-07T01:55:14+00:00\",\"dateModified\":\"2025-02-07T01:55:37+00:00\",\"mainEntityOfPage\":{\"@id\":\"https:\\\/\\\/lospoliticosveracruz.com\\\/?p=137336\"},\"wordCount\":1137,\"publisher\":{\"@id\":\"https:\\\/\\\/lospoliticosveracruz.com\\\/#organization\"},\"image\":{\"@id\":\"https:\\\/\\\/lospoliticosveracruz.com\\\/?p=137336#primaryimage\"},\"thumbnailUrl\":\"https:\\\/\\\/lospoliticosveracruz.com\\\/wp-content\\\/uploads\\\/2024\\\/03\\\/Jose-Luis-Ortega-Vidal.jpg\",\"keywords\":[\"Bertha Ahued Malpica\",\"Jos\u00e9 Luis Ortega Vidal\",\"Marijose Gamboa Torales\",\"Rosa Mar\u00eda Hern\u00e1ndez Espejo\"],\"articleSection\":[\"De Opini\u00f3n\"],\"inLanguage\":\"es\"},{\"@type\":\"WebPage\",\"@id\":\"https:\\\/\\\/lospoliticosveracruz.com\\\/?p=137336\",\"url\":\"https:\\\/\\\/lospoliticosveracruz.com\\\/?p=137336\",\"name\":\"MORENA Y NAHLE EN VERACRUZ - Los pol\u00edticos Veracruz\",\"isPartOf\":{\"@id\":\"https:\\\/\\\/lospoliticosveracruz.com\\\/#website\"},\"primaryImageOfPage\":{\"@id\":\"https:\\\/\\\/lospoliticosveracruz.com\\\/?p=137336#primaryimage\"},\"image\":{\"@id\":\"https:\\\/\\\/lospoliticosveracruz.com\\\/?p=137336#primaryimage\"},\"thumbnailUrl\":\"https:\\\/\\\/lospoliticosveracruz.com\\\/wp-content\\\/uploads\\\/2024\\\/03\\\/Jose-Luis-Ortega-Vidal.jpg\",\"datePublished\":\"2025-02-07T01:55:14+00:00\",\"dateModified\":\"2025-02-07T01:55:37+00:00\",\"breadcrumb\":{\"@id\":\"https:\\\/\\\/lospoliticosveracruz.com\\\/?p=137336#breadcrumb\"},\"inLanguage\":\"es\",\"potentialAction\":[{\"@type\":\"ReadAction\",\"target\":[\"https:\\\/\\\/lospoliticosveracruz.com\\\/?p=137336\"]}]},{\"@type\":\"ImageObject\",\"inLanguage\":\"es\",\"@id\":\"https:\\\/\\\/lospoliticosveracruz.com\\\/?p=137336#primaryimage\",\"url\":\"https:\\\/\\\/lospoliticosveracruz.com\\\/wp-content\\\/uploads\\\/2024\\\/03\\\/Jose-Luis-Ortega-Vidal.jpg\",\"contentUrl\":\"https:\\\/\\\/lospoliticosveracruz.com\\\/wp-content\\\/uploads\\\/2024\\\/03\\\/Jose-Luis-Ortega-Vidal.jpg\",\"width\":1250,\"height\":667},{\"@type\":\"BreadcrumbList\",\"@id\":\"https:\\\/\\\/lospoliticosveracruz.com\\\/?p=137336#breadcrumb\",\"itemListElement\":[{\"@type\":\"ListItem\",\"position\":1,\"name\":\"Portada\",\"item\":\"https:\\\/\\\/lospoliticosveracruz.com\\\/\"},{\"@type\":\"ListItem\",\"position\":2,\"name\":\"MORENA Y NAHLE EN VERACRUZ\"}]},{\"@type\":\"WebSite\",\"@id\":\"https:\\\/\\\/lospoliticosveracruz.com\\\/#website\",\"url\":\"https:\\\/\\\/lospoliticosveracruz.com\\\/\",\"name\":\"Los pol\u00edticos Veracruz\",\"description\":\"\",\"publisher\":{\"@id\":\"https:\\\/\\\/lospoliticosveracruz.com\\\/#organization\"},\"potentialAction\":[{\"@type\":\"SearchAction\",\"target\":{\"@type\":\"EntryPoint\",\"urlTemplate\":\"https:\\\/\\\/lospoliticosveracruz.com\\\/?s={search_term_string}\"},\"query-input\":{\"@type\":\"PropertyValueSpecification\",\"valueRequired\":true,\"valueName\":\"search_term_string\"}}],\"inLanguage\":\"es\"},{\"@type\":\"Organization\",\"@id\":\"https:\\\/\\\/lospoliticosveracruz.com\\\/#organization\",\"name\":\"Los pol\u00edticos Veracruz\",\"url\":\"https:\\\/\\\/lospoliticosveracruz.com\\\/\",\"logo\":{\"@type\":\"ImageObject\",\"inLanguage\":\"es\",\"@id\":\"https:\\\/\\\/lospoliticosveracruz.com\\\/#\\\/schema\\\/logo\\\/image\\\/\",\"url\":\"https:\\\/\\\/lospoliticosveracruz.com\\\/wp-content\\\/uploads\\\/2025\\\/12\\\/Logo-Nuevo-LOS-POLITICOS-1.jpg\",\"contentUrl\":\"https:\\\/\\\/lospoliticosveracruz.com\\\/wp-content\\\/uploads\\\/2025\\\/12\\\/Logo-Nuevo-LOS-POLITICOS-1.jpg\",\"width\":260,\"height\":70,\"caption\":\"Los pol\u00edticos Veracruz\"},\"image\":{\"@id\":\"https:\\\/\\\/lospoliticosveracruz.com\\\/#\\\/schema\\\/logo\\\/image\\\/\"},\"sameAs\":[\"https:\\\/\\\/www.facebook.com\\\/people\\\/Notimemes-de-los-Polticos\\\/61565672886568\\\/\",\"https:\\\/\\\/x.com\\\/LosPoliticosVer\"]},{\"@type\":\"Person\",\"@id\":\"https:\\\/\\\/lospoliticosveracruz.com\\\/#\\\/schema\\\/person\\\/b8702bb0e538456e6efd07080bf2a4a2\",\"name\":\"Lo viste en Los Pol\u00edticos\",\"image\":{\"@type\":\"ImageObject\",\"inLanguage\":\"es\",\"@id\":\"https:\\\/\\\/secure.gravatar.com\\\/avatar\\\/3a8de04a2656d44082be478bd6c086daa447c4651605818287b9532d3d0bd435?s=96&d=mm&r=g\",\"url\":\"https:\\\/\\\/secure.gravatar.com\\\/avatar\\\/3a8de04a2656d44082be478bd6c086daa447c4651605818287b9532d3d0bd435?s=96&d=mm&r=g\",\"contentUrl\":\"https:\\\/\\\/secure.gravatar.com\\\/avatar\\\/3a8de04a2656d44082be478bd6c086daa447c4651605818287b9532d3d0bd435?s=96&d=mm&r=g\",\"caption\":\"Lo viste en Los Pol\u00edticos\"},\"url\":\"https:\\\/\\\/lospoliticosveracruz.com\\\/?author=2\"}]}<\/script>\n<!-- \/ Yoast SEO plugin. -->","yoast_head_json":{"title":"MORENA Y NAHLE EN VERACRUZ - Los pol\u00edticos Veracruz","robots":{"index":"index","follow":"follow","max-snippet":"max-snippet:-1","max-image-preview":"max-image-preview:large","max-video-preview":"max-video-preview:-1"},"canonical":"https:\/\/lospoliticosveracruz.com\/?p=137336","og_locale":"es_ES","og_type":"article","og_title":"MORENA Y NAHLE EN VERACRUZ - Los pol\u00edticos Veracruz","og_description":"S\u00edguenos ahora tambi\u00e9n en WhatsApp.\u00a0Da clic aqu\u00ed Jos\u00e9 Luis Ortega VidalClaroscuros Si el anuncio de las candidaturas de MORENA y su \u00e1pice pol\u00edtico-electoral denominado PVEM por las 212 alcald\u00edas a disputarse el primero de junio, se hiciera este d\u00eda, Rosa Mar\u00eda Hern\u00e1ndez Espejo y Bertha Ahued Malpica recibir\u00edan el banderazo oficial para ir en b\u00fasqueda [&hellip;]","og_url":"https:\/\/lospoliticosveracruz.com\/?p=137336","og_site_name":"Los pol\u00edticos Veracruz","article_publisher":"https:\/\/www.facebook.com\/people\/Notimemes-de-los-Polticos\/61565672886568\/","article_published_time":"2025-02-07T01:55:14+00:00","article_modified_time":"2025-02-07T01:55:37+00:00","og_image":[{"width":1250,"height":667,"url":"https:\/\/lospoliticosveracruz.com\/wp-content\/uploads\/2024\/03\/Jose-Luis-Ortega-Vidal.jpg","type":"image\/jpeg"}],"author":"Lo viste en Los Pol\u00edticos","twitter_card":"summary_large_image","twitter_creator":"@LosPoliticosVer","twitter_site":"@LosPoliticosVer","twitter_misc":{"Escrito por":"Lo viste en Los Pol\u00edticos","Tiempo de lectura":"6 minutos"},"schema":{"@context":"https:\/\/schema.org","@graph":[{"@type":"Article","@id":"https:\/\/lospoliticosveracruz.com\/?p=137336#article","isPartOf":{"@id":"https:\/\/lospoliticosveracruz.com\/?p=137336"},"author":{"name":"Lo viste en Los Pol\u00edticos","@id":"https:\/\/lospoliticosveracruz.com\/#\/schema\/person\/b8702bb0e538456e6efd07080bf2a4a2"},"headline":"MORENA Y NAHLE EN VERACRUZ","datePublished":"2025-02-07T01:55:14+00:00","dateModified":"2025-02-07T01:55:37+00:00","mainEntityOfPage":{"@id":"https:\/\/lospoliticosveracruz.com\/?p=137336"},"wordCount":1137,"publisher":{"@id":"https:\/\/lospoliticosveracruz.com\/#organization"},"image":{"@id":"https:\/\/lospoliticosveracruz.com\/?p=137336#primaryimage"},"thumbnailUrl":"https:\/\/lospoliticosveracruz.com\/wp-content\/uploads\/2024\/03\/Jose-Luis-Ortega-Vidal.jpg","keywords":["Bertha Ahued Malpica","Jos\u00e9 Luis Ortega Vidal","Marijose Gamboa Torales","Rosa Mar\u00eda Hern\u00e1ndez Espejo"],"articleSection":["De Opini\u00f3n"],"inLanguage":"es"},{"@type":"WebPage","@id":"https:\/\/lospoliticosveracruz.com\/?p=137336","url":"https:\/\/lospoliticosveracruz.com\/?p=137336","name":"MORENA Y NAHLE EN VERACRUZ - Los pol\u00edticos Veracruz","isPartOf":{"@id":"https:\/\/lospoliticosveracruz.com\/#website"},"primaryImageOfPage":{"@id":"https:\/\/lospoliticosveracruz.com\/?p=137336#primaryimage"},"image":{"@id":"https:\/\/lospoliticosveracruz.com\/?p=137336#primaryimage"},"thumbnailUrl":"https:\/\/lospoliticosveracruz.com\/wp-content\/uploads\/2024\/03\/Jose-Luis-Ortega-Vidal.jpg","datePublished":"2025-02-07T01:55:14+00:00","dateModified":"2025-02-07T01:55:37+00:00","breadcrumb":{"@id":"https:\/\/lospoliticosveracruz.com\/?p=137336#breadcrumb"},"inLanguage":"es","potentialAction":[{"@type":"ReadAction","target":["https:\/\/lospoliticosveracruz.com\/?p=137336"]}]},{"@type":"ImageObject","inLanguage":"es","@id":"https:\/\/lospoliticosveracruz.com\/?p=137336#primaryimage","url":"https:\/\/lospoliticosveracruz.com\/wp-content\/uploads\/2024\/03\/Jose-Luis-Ortega-Vidal.jpg","contentUrl":"https:\/\/lospoliticosveracruz.com\/wp-content\/uploads\/2024\/03\/Jose-Luis-Ortega-Vidal.jpg","width":1250,"height":667},{"@type":"BreadcrumbList","@id":"https:\/\/lospoliticosveracruz.com\/?p=137336#breadcrumb","itemListElement":[{"@type":"ListItem","position":1,"name":"Portada","item":"https:\/\/lospoliticosveracruz.com\/"},{"@type":"ListItem","position":2,"name":"MORENA Y NAHLE EN VERACRUZ"}]},{"@type":"WebSite","@id":"https:\/\/lospoliticosveracruz.com\/#website","url":"https:\/\/lospoliticosveracruz.com\/","name":"Los pol\u00edticos Veracruz","description":"","publisher":{"@id":"https:\/\/lospoliticosveracruz.com\/#organization"},"potentialAction":[{"@type":"SearchAction","target":{"@type":"EntryPoint","urlTemplate":"https:\/\/lospoliticosveracruz.com\/?s={search_term_string}"},"query-input":{"@type":"PropertyValueSpecification","valueRequired":true,"valueName":"search_term_string"}}],"inLanguage":"es"},{"@type":"Organization","@id":"https:\/\/lospoliticosveracruz.com\/#organization","name":"Los pol\u00edticos Veracruz","url":"https:\/\/lospoliticosveracruz.com\/","logo":{"@type":"ImageObject","inLanguage":"es","@id":"https:\/\/lospoliticosveracruz.com\/#\/schema\/logo\/image\/","url":"https:\/\/lospoliticosveracruz.com\/wp-content\/uploads\/2025\/12\/Logo-Nuevo-LOS-POLITICOS-1.jpg","contentUrl":"https:\/\/lospoliticosveracruz.com\/wp-content\/uploads\/2025\/12\/Logo-Nuevo-LOS-POLITICOS-1.jpg","width":260,"height":70,"caption":"Los pol\u00edticos Veracruz"},"image":{"@id":"https:\/\/lospoliticosveracruz.com\/#\/schema\/logo\/image\/"},"sameAs":["https:\/\/www.facebook.com\/people\/Notimemes-de-los-Polticos\/61565672886568\/","https:\/\/x.com\/LosPoliticosVer"]},{"@type":"Person","@id":"https:\/\/lospoliticosveracruz.com\/#\/schema\/person\/b8702bb0e538456e6efd07080bf2a4a2","name":"Lo viste en Los Pol\u00edticos","image":{"@type":"ImageObject","inLanguage":"es","@id":"https:\/\/secure.gravatar.com\/avatar\/3a8de04a2656d44082be478bd6c086daa447c4651605818287b9532d3d0bd435?s=96&d=mm&r=g","url":"https:\/\/secure.gravatar.com\/avatar\/3a8de04a2656d44082be478bd6c086daa447c4651605818287b9532d3d0bd435?s=96&d=mm&r=g","contentUrl":"https:\/\/secure.gravatar.com\/avatar\/3a8de04a2656d44082be478bd6c086daa447c4651605818287b9532d3d0bd435?s=96&d=mm&r=g","caption":"Lo viste en Los Pol\u00edticos"},"url":"https:\/\/lospoliticosveracruz.com\/?author=2"}]}},"_links":{"self":[{"href":"https:\/\/lospoliticosveracruz.com\/index.php?rest_route=\/wp\/v2\/posts\/137336","targetHints":{"allow":["GET"]}}],"collection":[{"href":"https:\/\/lospoliticosveracruz.com\/index.php?rest_route=\/wp\/v2\/posts"}],"about":[{"href":"https:\/\/lospoliticosveracruz.com\/index.php?rest_route=\/wp\/v2\/types\/post"}],"author":[{"embeddable":true,"href":"https:\/\/lospoliticosveracruz.com\/index.php?rest_route=\/wp\/v2\/users\/2"}],"replies":[{"embeddable":true,"href":"https:\/\/lospoliticosveracruz.com\/index.php?rest_route=%2Fwp%2Fv2%2Fcomments&post=137336"}],"version-history":[{"count":1,"href":"https:\/\/lospoliticosveracruz.com\/index.php?rest_route=\/wp\/v2\/posts\/137336\/revisions"}],"predecessor-version":[{"id":137337,"href":"https:\/\/lospoliticosveracruz.com\/index.php?rest_route=\/wp\/v2\/posts\/137336\/revisions\/137337"}],"wp:featuredmedia":[{"embeddable":true,"href":"https:\/\/lospoliticosveracruz.com\/index.php?rest_route=\/wp\/v2\/media\/119931"}],"wp:attachment":[{"href":"https:\/\/lospoliticosveracruz.com\/index.php?rest_route=%2Fwp%2Fv2%2Fmedia&parent=137336"}],"wp:term":[{"taxonomy":"category","embeddable":true,"href":"https:\/\/lospoliticosveracruz.com\/index.php?rest_route=%2Fwp%2Fv2%2Fcategories&post=137336"},{"taxonomy":"post_tag","embeddable":true,"href":"https:\/\/lospoliticosveracruz.com\/index.php?rest_route=%2Fwp%2Fv2%2Ftags&post=137336"}],"curies":[{"name":"wp","href":"https:\/\/api.w.org\/{rel}","templated":true}]}}