{"id":137350,"date":"2025-02-07T05:54:30","date_gmt":"2025-02-07T11:54:30","guid":{"rendered":"https:\/\/lospoliticosveracruz.com.mx\/?p=137350"},"modified":"2025-02-07T05:54:51","modified_gmt":"2025-02-07T11:54:51","slug":"si-todos-van-a-ganar-quien-va-a-perder","status":"publish","type":"post","link":"https:\/\/lospoliticosveracruz.com\/?p=137350","title":{"rendered":"SI TODOS VAN A GANAR, QUI\u00c9N VA A PERDER?"},"content":{"rendered":"\n<p>[S\u00edguenos ahora tambi\u00e9n en WhatsApp.\u00a0<a href=\"https:\/\/whatsapp.com\/channel\/0029Va8zRWlEKyZIP3Z1dF0e\"><strong><em>Da clic aqu\u00ed<\/em><\/strong><\/a>]<br><strong>Bernardo Guti\u00e9rrez Parra<\/strong><\/p>\n\n\n\n<p><em>Desde el Caf\u00e9<\/em><br>En reuni\u00f3n con el Grupo de los Diez, el l\u00edder estatal del PRI, Adolfo Ram\u00edrez Arana, dijo que el pr\u00f3ximo lunes su partido publicar\u00e1 la convocatoria para los aspirantes a las alcald\u00edas. Y a la pregunta, \u00bftienen material humano para cubrir los 212 municipios?, contest\u00f3 al botepronto: Por supuesto que s\u00ed.<\/p>\n\n\n\n<p>Seguro de s\u00ed mismo el l\u00edder afirm\u00f3: \u201cEl PRI va fuerte y s\u00f3lido, presentar\u00e1 candidatos muy competitivos y vamos a ganar en Veracruz y Boca del R\u00edo. Vamos a ganar con la sociedad civil y con la gente que est\u00e1 cansada de los gobiernos de Morena, estamos fuertes, unidos y listos para ganar\u201d.<\/p>\n\n\n\n<p>De la fracasada alianza con el PAN no quiso hablar mucho. Pero fue claro al manifestar que hay un gran \u00e1nimo entre la militancia del tricolor para conseguir triunfos sobresalientes en ciudades importantes.<\/p>\n\n\n\n<p>Sobre esos temas, un miembro de la c\u00fapula panista me dijo que la alianza con el PRI se hubiera convertido en un lastre para los blanquiazules como lo fue en 2024.<\/p>\n\n\n\n<p>\u201cFue un error aliarnos con ellos porque son un partido devaluado y sin credibilidad que ha perdido el apoyo no s\u00f3lo de sus bases, sino de la sociedad en general\u201d, afirm\u00f3.<\/p>\n\n\n\n<p>Cuando le pregunt\u00e9 si el PAN tendr\u00e1 candidatos en los 212 municipios, su respuesta fue inmediata. \u201cClaro que s\u00ed. De hecho en algunas ciudades tenemos hasta dos o tres aspirantes. En ese sentido no tendremos problemas\u201d.<\/p>\n\n\n\n<p>Y cuando lo interrogu\u00e9 sobre el n\u00famero de alcald\u00edas que piensan ganar le brillaron los ojos. \u201cVamos a dar el campanazo porque somos el partido m\u00e1s serio de la baraja nacional. Si se atontan los morenos habr\u00e1 decenas de alcald\u00edas que ser\u00e1n para nosotros\u201d.<\/p>\n\n\n\n<p>Y su remate fue muy original: \u201cEstamos listos para ganar\u201d.<\/p>\n\n\n\n<p>Entrada la tarde-noche me habl\u00f3 un miembro del Partido del Trabajo para \u201cinvitarte un cafecito, mi hermano\u201d. Pens\u00e9 que me reclamar\u00eda porque la v\u00edspera califiqu\u00e9 a los due\u00f1os de su partido de \u201cpadrotes de la pol\u00edtica\u201d, pero no.<\/p>\n\n\n\n<p>Todo sonrisas y amabilidad, el petista me tendi\u00f3 la mano y se present\u00f3: \u201cFof\u00f3n Fafatas, miembro del no s\u00e9 qu\u00e9 del qu\u00e9 s\u00e9 yo del comit\u00e9 directivo estatal del PT en Veracruz\u201d. Y fue directo al grano con unas encuestas que extendi\u00f3 sobre la mesa.<\/p>\n\n\n\n<p>Por quince minutos escuch\u00e9 un mon\u00f3logo sobre la fundaci\u00f3n del PT \u201cnacido del sudor y la sangre de los trabajadores\u201d. Como si no supiera que naci\u00f3 en la oficina de Ra\u00fal Salinas de Gortari que ni sud\u00f3 y menos sangr\u00f3 a la hora de medrar con \u00e9l.<\/p>\n\n\n\n<p>Tambi\u00e9n me habl\u00f3 de los \u201clogros\u201d del PT aunque no me dio ning\u00fan ejemplo. Y remat\u00f3 su perorata: \u201cContra lo que piense la burgues\u00eda decadente, nosotros no somos un partido r\u00e9mora y mucho menos comparsa. Tenemos una ideolog\u00eda, tenemos principios y estatutos y tenemos bases muy s\u00f3lidas\u201d.<\/p>\n\n\n\n<p>Hombre, qu\u00e9 bien.<\/p>\n\n\n\n<p>Me dijo que en las elecciones del 2018 Morena y Andr\u00e9s Manuel ganaron por los votos del PT (ah ching\u00e1, Morena obtuvo el 44.49% de la votaci\u00f3n y el PT s\u00f3lo el 6%) y que en las pr\u00f3ximas elecciones municipales los morenos morder\u00e1n el polvo de la derrota por no aliarse con ellos.<\/p>\n\n\n\n<p>\u00bfNo temen perder el registro? Porque se est\u00e1 hablando con mucha insistencia que pueden perder el registro, le pregunt\u00e9.<\/p>\n\n\n\n<p>\u201cNo hombre, para nada. Vamos a sorprender porque obtendremos m\u00e1s alcald\u00edas que en la elecci\u00f3n pasada. \u00a1Vamos a competir para ganar!\u201d, contest\u00f3.<\/p>\n\n\n\n<p>Pero a ver lector, si el PRI, PAN y PT aseguran que van a ganar, \u00bfentonces qui\u00e9n va a perder?<\/p>\n\n\n\n<p>Eso lo sabremos el 2 de junio en la tardecita, 24 horas despu\u00e9s de las elecciones. Y espero que no seas tu el derrotado.<\/p>\n\n\n\n<p>En breve habr\u00e1 nuevo Fiscal Estatal<\/p>\n\n\n\n<p>En los pasillos del Palacio Legislativo se oye el rumor de un pregonar que dice as\u00ed: que el legislador local Diego Casta\u00f1eda Aburto (cercan\u00edsimo a la gobernadora Roc\u00edo Nahle durante la campa\u00f1a), da por descontado que asumir\u00e1 en breve la titularidad de la Fiscal\u00eda General del Estado. \u00bfQu\u00e9 tan en breve? En cuesti\u00f3n de horas, dicen fuentes confiables.<\/p>\n\n\n\n<p>Diego es un brillante abogado con una maestr\u00eda en Derecho Notarial y para que lo ubiques mejor lector, fue el art\u00edfice de la ley que reform\u00f3 la Constituci\u00f3n de Veracruz para modificar la designaci\u00f3n del periodo en el cargo y la remoci\u00f3n de los titulares de la Fiscal\u00eda General del Estado.<\/p>\n\n\n\n<p>Al interior del Palacio Legislativo aseguran que la iniciativa fue dise\u00f1ada para que \u00e9l mismo asumiera el control de ese organismo \u201caut\u00f3nomo\u201d, que de aut\u00f3nomo nunca tuvo nada, sobre todo cuando lo manej\u00f3 el secretario de Gobierno, Eric Cisneros, a trav\u00e9s de su empleada Ver\u00f3nica Hern\u00e1ndez Giad\u00e1ns.<\/p>\n\n\n\n<p>Con el respaldo de los senadores Miguel \u00c1ngel Yunes M\u00e1rquez, Miguel \u00c1ngel Yunes Linares y el diputado local Fernando Yunes M\u00e1rquez, el diputado de Morena, Diego Casta\u00f1eda Aburto, se apresta para tomar posesi\u00f3n como Fiscal General del Estado de Veracruz.<\/p>\n\n\n\n<p>De buena fuente se sabe que \u201cya pact\u00f3\u201d con el clan de El Estero y que el paquete para tener el control de la FGE incluye la ratificaci\u00f3n de Manuel Fern\u00e1ndez Olivares, \u201cEl P\u00e1mpano\u201d, cercano a la familia Yunes y quien oper\u00f3 en su momento para Jorge Winckler y para el entonces magistrado Edel \u00c1lvarez Pe\u00f1a.<\/p>\n\n\n\n<p>Es decir, de que Diego Casta\u00f1eda alista maletas y se prepara para llegar a la Fiscal\u00eda General del Estado, eso es un hecho lector. Aunque primero lo har\u00e1 como encargado de despacho y despu\u00e9s como Fiscal General.<\/p>\n\n\n\n<p>\u00bfCu\u00e1ndo, cu\u00e1ndo? En cuesti\u00f3n de horas, se dice.<\/p>\n\n\n\n<p>En los pasillos del Palacio Legislativo se asegura que entre hoy viernes y el pr\u00f3ximo lunes, el despacho de la Fiscal\u00eda General podr\u00eda tener un nuevo encargado.<\/p>\n\n\n\n<p>bernardogup@hotmail.com<\/p>\n","protected":false},"excerpt":{"rendered":"<p>[S\u00edguenos ahora tambi\u00e9n en WhatsApp.\u00a0Da clic aqu\u00ed]Bernardo Guti\u00e9rrez Parra Desde el Caf\u00e9En reuni\u00f3n con el Grupo de los Diez, el l\u00edder estatal del PRI, Adolfo Ram\u00edrez Arana, dijo que el pr\u00f3ximo lunes su partido publicar\u00e1 la convocatoria para los aspirantes a las alcald\u00edas. Y a la pregunta, \u00bftienen material humano para cubrir los 212 municipios?, [&hellip;]<\/p>\n","protected":false},"author":2,"featured_media":119914,"comment_status":"closed","ping_status":"closed","sticky":false,"template":"","format":"standard","meta":{"tdm_status":"","tdm_grid_status":"","footnotes":""},"categories":[70],"tags":[1026,266,251,2289,195],"class_list":{"0":"post-137350","1":"post","2":"type-post","3":"status-publish","4":"format-standard","5":"has-post-thumbnail","7":"category-de-opinion","8":"tag-morena","9":"tag-pan","10":"tag-pri","11":"tag-pt","12":"tag-veracruz"},"yoast_head":"<!-- This site is optimized with the Yoast SEO plugin v27.4 - https:\/\/yoast.com\/product\/yoast-seo-wordpress\/ -->\n<title>SI TODOS VAN A GANAR, QUI\u00c9N VA A PERDER? - Los pol\u00edticos Veracruz<\/title>\n<meta name=\"robots\" content=\"index, follow, max-snippet:-1, max-image-preview:large, max-video-preview:-1\" \/>\n<link rel=\"canonical\" href=\"https:\/\/lospoliticosveracruz.com\/?p=137350\" \/>\n<meta property=\"og:locale\" content=\"es_ES\" \/>\n<meta property=\"og:type\" content=\"article\" \/>\n<meta property=\"og:title\" content=\"SI TODOS VAN A GANAR, QUI\u00c9N VA A PERDER? - Los pol\u00edticos Veracruz\" \/>\n<meta property=\"og:description\" content=\"[S\u00edguenos ahora tambi\u00e9n en WhatsApp.\u00a0Da clic aqu\u00ed]Bernardo Guti\u00e9rrez Parra Desde el Caf\u00e9En reuni\u00f3n con el Grupo de los Diez, el l\u00edder estatal del PRI, Adolfo Ram\u00edrez Arana, dijo que el pr\u00f3ximo lunes su partido publicar\u00e1 la convocatoria para los aspirantes a las alcald\u00edas. Y a la pregunta, \u00bftienen material humano para cubrir los 212 municipios?, [&hellip;]\" \/>\n<meta property=\"og:url\" content=\"https:\/\/lospoliticosveracruz.com\/?p=137350\" \/>\n<meta property=\"og:site_name\" content=\"Los pol\u00edticos Veracruz\" \/>\n<meta property=\"article:publisher\" content=\"https:\/\/www.facebook.com\/people\/Notimemes-de-los-Polticos\/61565672886568\/\" \/>\n<meta property=\"article:published_time\" content=\"2025-02-07T11:54:30+00:00\" \/>\n<meta property=\"article:modified_time\" content=\"2025-02-07T11:54:51+00:00\" \/>\n<meta property=\"og:image\" content=\"https:\/\/lospoliticosveracruz.com\/wp-content\/uploads\/2024\/03\/Bernardo.jpg\" \/>\n\t<meta property=\"og:image:width\" content=\"1250\" \/>\n\t<meta property=\"og:image:height\" content=\"667\" \/>\n\t<meta property=\"og:image:type\" content=\"image\/jpeg\" \/>\n<meta name=\"author\" content=\"Lo viste en Los Pol\u00edticos\" \/>\n<meta name=\"twitter:card\" content=\"summary_large_image\" \/>\n<meta name=\"twitter:creator\" content=\"@LosPoliticosVer\" \/>\n<meta name=\"twitter:site\" content=\"@LosPoliticosVer\" \/>\n<meta name=\"twitter:label1\" content=\"Escrito por\" \/>\n\t<meta name=\"twitter:data1\" content=\"Lo viste en Los Pol\u00edticos\" \/>\n\t<meta name=\"twitter:label2\" content=\"Tiempo de lectura\" \/>\n\t<meta name=\"twitter:data2\" content=\"5 minutos\" \/>\n<script type=\"application\/ld+json\" class=\"yoast-schema-graph\">{\"@context\":\"https:\\\/\\\/schema.org\",\"@graph\":[{\"@type\":\"Article\",\"@id\":\"https:\\\/\\\/lospoliticosveracruz.com\\\/?p=137350#article\",\"isPartOf\":{\"@id\":\"https:\\\/\\\/lospoliticosveracruz.com\\\/?p=137350\"},\"author\":{\"name\":\"Lo viste en Los Pol\u00edticos\",\"@id\":\"https:\\\/\\\/lospoliticosveracruz.com\\\/#\\\/schema\\\/person\\\/b8702bb0e538456e6efd07080bf2a4a2\"},\"headline\":\"SI TODOS VAN A GANAR, QUI\u00c9N VA A PERDER?\",\"datePublished\":\"2025-02-07T11:54:30+00:00\",\"dateModified\":\"2025-02-07T11:54:51+00:00\",\"mainEntityOfPage\":{\"@id\":\"https:\\\/\\\/lospoliticosveracruz.com\\\/?p=137350\"},\"wordCount\":1034,\"publisher\":{\"@id\":\"https:\\\/\\\/lospoliticosveracruz.com\\\/#organization\"},\"image\":{\"@id\":\"https:\\\/\\\/lospoliticosveracruz.com\\\/?p=137350#primaryimage\"},\"thumbnailUrl\":\"https:\\\/\\\/lospoliticosveracruz.com\\\/wp-content\\\/uploads\\\/2024\\\/03\\\/Bernardo.jpg\",\"keywords\":[\"Morena\",\"PAN\",\"PRI\",\"PT\",\"Veracruz\"],\"articleSection\":[\"De Opini\u00f3n\"],\"inLanguage\":\"es\"},{\"@type\":\"WebPage\",\"@id\":\"https:\\\/\\\/lospoliticosveracruz.com\\\/?p=137350\",\"url\":\"https:\\\/\\\/lospoliticosveracruz.com\\\/?p=137350\",\"name\":\"SI TODOS VAN A GANAR, QUI\u00c9N VA A PERDER? - Los pol\u00edticos Veracruz\",\"isPartOf\":{\"@id\":\"https:\\\/\\\/lospoliticosveracruz.com\\\/#website\"},\"primaryImageOfPage\":{\"@id\":\"https:\\\/\\\/lospoliticosveracruz.com\\\/?p=137350#primaryimage\"},\"image\":{\"@id\":\"https:\\\/\\\/lospoliticosveracruz.com\\\/?p=137350#primaryimage\"},\"thumbnailUrl\":\"https:\\\/\\\/lospoliticosveracruz.com\\\/wp-content\\\/uploads\\\/2024\\\/03\\\/Bernardo.jpg\",\"datePublished\":\"2025-02-07T11:54:30+00:00\",\"dateModified\":\"2025-02-07T11:54:51+00:00\",\"breadcrumb\":{\"@id\":\"https:\\\/\\\/lospoliticosveracruz.com\\\/?p=137350#breadcrumb\"},\"inLanguage\":\"es\",\"potentialAction\":[{\"@type\":\"ReadAction\",\"target\":[\"https:\\\/\\\/lospoliticosveracruz.com\\\/?p=137350\"]}]},{\"@type\":\"ImageObject\",\"inLanguage\":\"es\",\"@id\":\"https:\\\/\\\/lospoliticosveracruz.com\\\/?p=137350#primaryimage\",\"url\":\"https:\\\/\\\/lospoliticosveracruz.com\\\/wp-content\\\/uploads\\\/2024\\\/03\\\/Bernardo.jpg\",\"contentUrl\":\"https:\\\/\\\/lospoliticosveracruz.com\\\/wp-content\\\/uploads\\\/2024\\\/03\\\/Bernardo.jpg\",\"width\":1250,\"height\":667},{\"@type\":\"BreadcrumbList\",\"@id\":\"https:\\\/\\\/lospoliticosveracruz.com\\\/?p=137350#breadcrumb\",\"itemListElement\":[{\"@type\":\"ListItem\",\"position\":1,\"name\":\"Portada\",\"item\":\"https:\\\/\\\/lospoliticosveracruz.com\\\/\"},{\"@type\":\"ListItem\",\"position\":2,\"name\":\"SI TODOS VAN A GANAR, QUI\u00c9N VA A PERDER?\"}]},{\"@type\":\"WebSite\",\"@id\":\"https:\\\/\\\/lospoliticosveracruz.com\\\/#website\",\"url\":\"https:\\\/\\\/lospoliticosveracruz.com\\\/\",\"name\":\"Los pol\u00edticos Veracruz\",\"description\":\"\",\"publisher\":{\"@id\":\"https:\\\/\\\/lospoliticosveracruz.com\\\/#organization\"},\"potentialAction\":[{\"@type\":\"SearchAction\",\"target\":{\"@type\":\"EntryPoint\",\"urlTemplate\":\"https:\\\/\\\/lospoliticosveracruz.com\\\/?s={search_term_string}\"},\"query-input\":{\"@type\":\"PropertyValueSpecification\",\"valueRequired\":true,\"valueName\":\"search_term_string\"}}],\"inLanguage\":\"es\"},{\"@type\":\"Organization\",\"@id\":\"https:\\\/\\\/lospoliticosveracruz.com\\\/#organization\",\"name\":\"Los pol\u00edticos Veracruz\",\"url\":\"https:\\\/\\\/lospoliticosveracruz.com\\\/\",\"logo\":{\"@type\":\"ImageObject\",\"inLanguage\":\"es\",\"@id\":\"https:\\\/\\\/lospoliticosveracruz.com\\\/#\\\/schema\\\/logo\\\/image\\\/\",\"url\":\"https:\\\/\\\/lospoliticosveracruz.com\\\/wp-content\\\/uploads\\\/2025\\\/12\\\/Logo-Nuevo-LOS-POLITICOS-1.jpg\",\"contentUrl\":\"https:\\\/\\\/lospoliticosveracruz.com\\\/wp-content\\\/uploads\\\/2025\\\/12\\\/Logo-Nuevo-LOS-POLITICOS-1.jpg\",\"width\":260,\"height\":70,\"caption\":\"Los pol\u00edticos Veracruz\"},\"image\":{\"@id\":\"https:\\\/\\\/lospoliticosveracruz.com\\\/#\\\/schema\\\/logo\\\/image\\\/\"},\"sameAs\":[\"https:\\\/\\\/www.facebook.com\\\/people\\\/Notimemes-de-los-Polticos\\\/61565672886568\\\/\",\"https:\\\/\\\/x.com\\\/LosPoliticosVer\"]},{\"@type\":\"Person\",\"@id\":\"https:\\\/\\\/lospoliticosveracruz.com\\\/#\\\/schema\\\/person\\\/b8702bb0e538456e6efd07080bf2a4a2\",\"name\":\"Lo viste en Los Pol\u00edticos\",\"image\":{\"@type\":\"ImageObject\",\"inLanguage\":\"es\",\"@id\":\"https:\\\/\\\/secure.gravatar.com\\\/avatar\\\/3a8de04a2656d44082be478bd6c086daa447c4651605818287b9532d3d0bd435?s=96&d=mm&r=g\",\"url\":\"https:\\\/\\\/secure.gravatar.com\\\/avatar\\\/3a8de04a2656d44082be478bd6c086daa447c4651605818287b9532d3d0bd435?s=96&d=mm&r=g\",\"contentUrl\":\"https:\\\/\\\/secure.gravatar.com\\\/avatar\\\/3a8de04a2656d44082be478bd6c086daa447c4651605818287b9532d3d0bd435?s=96&d=mm&r=g\",\"caption\":\"Lo viste en Los Pol\u00edticos\"},\"url\":\"https:\\\/\\\/lospoliticosveracruz.com\\\/?author=2\"}]}<\/script>\n<!-- \/ Yoast SEO plugin. -->","yoast_head_json":{"title":"SI TODOS VAN A GANAR, QUI\u00c9N VA A PERDER? - Los pol\u00edticos Veracruz","robots":{"index":"index","follow":"follow","max-snippet":"max-snippet:-1","max-image-preview":"max-image-preview:large","max-video-preview":"max-video-preview:-1"},"canonical":"https:\/\/lospoliticosveracruz.com\/?p=137350","og_locale":"es_ES","og_type":"article","og_title":"SI TODOS VAN A GANAR, QUI\u00c9N VA A PERDER? - Los pol\u00edticos Veracruz","og_description":"[S\u00edguenos ahora tambi\u00e9n en WhatsApp.\u00a0Da clic aqu\u00ed]Bernardo Guti\u00e9rrez Parra Desde el Caf\u00e9En reuni\u00f3n con el Grupo de los Diez, el l\u00edder estatal del PRI, Adolfo Ram\u00edrez Arana, dijo que el pr\u00f3ximo lunes su partido publicar\u00e1 la convocatoria para los aspirantes a las alcald\u00edas. Y a la pregunta, \u00bftienen material humano para cubrir los 212 municipios?, [&hellip;]","og_url":"https:\/\/lospoliticosveracruz.com\/?p=137350","og_site_name":"Los pol\u00edticos Veracruz","article_publisher":"https:\/\/www.facebook.com\/people\/Notimemes-de-los-Polticos\/61565672886568\/","article_published_time":"2025-02-07T11:54:30+00:00","article_modified_time":"2025-02-07T11:54:51+00:00","og_image":[{"width":1250,"height":667,"url":"https:\/\/lospoliticosveracruz.com\/wp-content\/uploads\/2024\/03\/Bernardo.jpg","type":"image\/jpeg"}],"author":"Lo viste en Los Pol\u00edticos","twitter_card":"summary_large_image","twitter_creator":"@LosPoliticosVer","twitter_site":"@LosPoliticosVer","twitter_misc":{"Escrito por":"Lo viste en Los Pol\u00edticos","Tiempo de lectura":"5 minutos"},"schema":{"@context":"https:\/\/schema.org","@graph":[{"@type":"Article","@id":"https:\/\/lospoliticosveracruz.com\/?p=137350#article","isPartOf":{"@id":"https:\/\/lospoliticosveracruz.com\/?p=137350"},"author":{"name":"Lo viste en Los Pol\u00edticos","@id":"https:\/\/lospoliticosveracruz.com\/#\/schema\/person\/b8702bb0e538456e6efd07080bf2a4a2"},"headline":"SI TODOS VAN A GANAR, QUI\u00c9N VA A PERDER?","datePublished":"2025-02-07T11:54:30+00:00","dateModified":"2025-02-07T11:54:51+00:00","mainEntityOfPage":{"@id":"https:\/\/lospoliticosveracruz.com\/?p=137350"},"wordCount":1034,"publisher":{"@id":"https:\/\/lospoliticosveracruz.com\/#organization"},"image":{"@id":"https:\/\/lospoliticosveracruz.com\/?p=137350#primaryimage"},"thumbnailUrl":"https:\/\/lospoliticosveracruz.com\/wp-content\/uploads\/2024\/03\/Bernardo.jpg","keywords":["Morena","PAN","PRI","PT","Veracruz"],"articleSection":["De Opini\u00f3n"],"inLanguage":"es"},{"@type":"WebPage","@id":"https:\/\/lospoliticosveracruz.com\/?p=137350","url":"https:\/\/lospoliticosveracruz.com\/?p=137350","name":"SI TODOS VAN A GANAR, QUI\u00c9N VA A PERDER? - Los pol\u00edticos Veracruz","isPartOf":{"@id":"https:\/\/lospoliticosveracruz.com\/#website"},"primaryImageOfPage":{"@id":"https:\/\/lospoliticosveracruz.com\/?p=137350#primaryimage"},"image":{"@id":"https:\/\/lospoliticosveracruz.com\/?p=137350#primaryimage"},"thumbnailUrl":"https:\/\/lospoliticosveracruz.com\/wp-content\/uploads\/2024\/03\/Bernardo.jpg","datePublished":"2025-02-07T11:54:30+00:00","dateModified":"2025-02-07T11:54:51+00:00","breadcrumb":{"@id":"https:\/\/lospoliticosveracruz.com\/?p=137350#breadcrumb"},"inLanguage":"es","potentialAction":[{"@type":"ReadAction","target":["https:\/\/lospoliticosveracruz.com\/?p=137350"]}]},{"@type":"ImageObject","inLanguage":"es","@id":"https:\/\/lospoliticosveracruz.com\/?p=137350#primaryimage","url":"https:\/\/lospoliticosveracruz.com\/wp-content\/uploads\/2024\/03\/Bernardo.jpg","contentUrl":"https:\/\/lospoliticosveracruz.com\/wp-content\/uploads\/2024\/03\/Bernardo.jpg","width":1250,"height":667},{"@type":"BreadcrumbList","@id":"https:\/\/lospoliticosveracruz.com\/?p=137350#breadcrumb","itemListElement":[{"@type":"ListItem","position":1,"name":"Portada","item":"https:\/\/lospoliticosveracruz.com\/"},{"@type":"ListItem","position":2,"name":"SI TODOS VAN A GANAR, QUI\u00c9N VA A PERDER?"}]},{"@type":"WebSite","@id":"https:\/\/lospoliticosveracruz.com\/#website","url":"https:\/\/lospoliticosveracruz.com\/","name":"Los pol\u00edticos Veracruz","description":"","publisher":{"@id":"https:\/\/lospoliticosveracruz.com\/#organization"},"potentialAction":[{"@type":"SearchAction","target":{"@type":"EntryPoint","urlTemplate":"https:\/\/lospoliticosveracruz.com\/?s={search_term_string}"},"query-input":{"@type":"PropertyValueSpecification","valueRequired":true,"valueName":"search_term_string"}}],"inLanguage":"es"},{"@type":"Organization","@id":"https:\/\/lospoliticosveracruz.com\/#organization","name":"Los pol\u00edticos Veracruz","url":"https:\/\/lospoliticosveracruz.com\/","logo":{"@type":"ImageObject","inLanguage":"es","@id":"https:\/\/lospoliticosveracruz.com\/#\/schema\/logo\/image\/","url":"https:\/\/lospoliticosveracruz.com\/wp-content\/uploads\/2025\/12\/Logo-Nuevo-LOS-POLITICOS-1.jpg","contentUrl":"https:\/\/lospoliticosveracruz.com\/wp-content\/uploads\/2025\/12\/Logo-Nuevo-LOS-POLITICOS-1.jpg","width":260,"height":70,"caption":"Los pol\u00edticos Veracruz"},"image":{"@id":"https:\/\/lospoliticosveracruz.com\/#\/schema\/logo\/image\/"},"sameAs":["https:\/\/www.facebook.com\/people\/Notimemes-de-los-Polticos\/61565672886568\/","https:\/\/x.com\/LosPoliticosVer"]},{"@type":"Person","@id":"https:\/\/lospoliticosveracruz.com\/#\/schema\/person\/b8702bb0e538456e6efd07080bf2a4a2","name":"Lo viste en Los Pol\u00edticos","image":{"@type":"ImageObject","inLanguage":"es","@id":"https:\/\/secure.gravatar.com\/avatar\/3a8de04a2656d44082be478bd6c086daa447c4651605818287b9532d3d0bd435?s=96&d=mm&r=g","url":"https:\/\/secure.gravatar.com\/avatar\/3a8de04a2656d44082be478bd6c086daa447c4651605818287b9532d3d0bd435?s=96&d=mm&r=g","contentUrl":"https:\/\/secure.gravatar.com\/avatar\/3a8de04a2656d44082be478bd6c086daa447c4651605818287b9532d3d0bd435?s=96&d=mm&r=g","caption":"Lo viste en Los Pol\u00edticos"},"url":"https:\/\/lospoliticosveracruz.com\/?author=2"}]}},"_links":{"self":[{"href":"https:\/\/lospoliticosveracruz.com\/index.php?rest_route=\/wp\/v2\/posts\/137350","targetHints":{"allow":["GET"]}}],"collection":[{"href":"https:\/\/lospoliticosveracruz.com\/index.php?rest_route=\/wp\/v2\/posts"}],"about":[{"href":"https:\/\/lospoliticosveracruz.com\/index.php?rest_route=\/wp\/v2\/types\/post"}],"author":[{"embeddable":true,"href":"https:\/\/lospoliticosveracruz.com\/index.php?rest_route=\/wp\/v2\/users\/2"}],"replies":[{"embeddable":true,"href":"https:\/\/lospoliticosveracruz.com\/index.php?rest_route=%2Fwp%2Fv2%2Fcomments&post=137350"}],"version-history":[{"count":2,"href":"https:\/\/lospoliticosveracruz.com\/index.php?rest_route=\/wp\/v2\/posts\/137350\/revisions"}],"predecessor-version":[{"id":137352,"href":"https:\/\/lospoliticosveracruz.com\/index.php?rest_route=\/wp\/v2\/posts\/137350\/revisions\/137352"}],"wp:featuredmedia":[{"embeddable":true,"href":"https:\/\/lospoliticosveracruz.com\/index.php?rest_route=\/wp\/v2\/media\/119914"}],"wp:attachment":[{"href":"https:\/\/lospoliticosveracruz.com\/index.php?rest_route=%2Fwp%2Fv2%2Fmedia&parent=137350"}],"wp:term":[{"taxonomy":"category","embeddable":true,"href":"https:\/\/lospoliticosveracruz.com\/index.php?rest_route=%2Fwp%2Fv2%2Fcategories&post=137350"},{"taxonomy":"post_tag","embeddable":true,"href":"https:\/\/lospoliticosveracruz.com\/index.php?rest_route=%2Fwp%2Fv2%2Ftags&post=137350"}],"curies":[{"name":"wp","href":"https:\/\/api.w.org\/{rel}","templated":true}]}}