{"id":137423,"date":"2025-02-08T09:24:39","date_gmt":"2025-02-08T15:24:39","guid":{"rendered":"https:\/\/lospoliticosveracruz.com.mx\/?p=137423"},"modified":"2025-02-08T09:25:09","modified_gmt":"2025-02-08T15:25:09","slug":"pri-de-veracruz-lo-que-morena-se-llevo","status":"publish","type":"post","link":"https:\/\/lospoliticosveracruz.com\/?p=137423","title":{"rendered":"PRI DE VERACRUZ, LO QUE MORENA SE LLEV\u00d3&#8230;"},"content":{"rendered":"\n<p><br>[S\u00edguenos ahora tambi\u00e9n en WhatsApp.\u00a0<a href=\"https:\/\/whatsapp.com\/channel\/0029Va8zRWlEKyZIP3Z1dF0e\"><strong><em>Da clic aqu\u00ed<\/em><\/strong><\/a>]<br><strong>Ricardo Chua<\/strong><br><em>Sale y Vale<\/em><\/p>\n\n\n\n<p>El PRI en Veracruz no necesita enemigos externos, porque su peor enemigo est\u00e1 dentro de sus propias filas.. Despu\u00e9s de muchas d\u00e9cadas en el poder.. De tener pol\u00edticos profesionales tan importantes para M\u00e9xico: Adolfo Ruiz Cort\u00ednez, Jes\u00fas Reyes Heroles, Fernando Guti\u00e9rrez Barrios, entre otros m\u00e1s.. Hoy ese partido est\u00e1 deshecho, sin rumbo y en camino a la extinci\u00f3n en 2030.. Ese organismo corre el peligro de que en 5 a\u00f1os m\u00e1s, pierda su registro como partido en Veracruz.. La cuna del priismo, sin PRI..<\/p>\n\n\n\n<p>As\u00ed que mientras el dirigente estatal Adolfo Ram\u00edrez Arana y la secretaria general del CDE, Lorena Pi\u00f1\u00f3n Rivera, est\u00e1n buscando desesperadamente a qui\u00e9n culpar por la debacle de su partido.. La culpa es de ambos.. Hoy esa realidad los delata: Ellos son los verdaderos responsables del \u00abnaufragio\u00bb tricolor en el estado.. Junto a otros m\u00e1s que traicionaron al partido, cuando ya no les cumpli\u00f3 sus caprichos personales.. Y quiz\u00e1s el culpable m\u00e1s importante: Alejandro Moreno C\u00e1rdenas, l\u00edder nacional del PRI porque dej\u00f3 a su partido en manos de Ram\u00edrez Arana..<\/p>\n\n\n\n<p>Durante meses, \u00abEl Fofo\u00bb Ram\u00edrez Arana alarde\u00f3 que era el mejor amigo de Alejandro Moreno.. Y que \u00e9l resolver\u00eda la alianza en el altiplano para que el PAN les entregar\u00e1 algunos ayuntamientos clave.. Pero ni lo uno, ni lo otro porque ya nos dimos cuenta que esto no ocurri\u00f3.. Al despertar de su letargo el lunes por la ma\u00f1ana el \u201cl\u00edder priista estatal\u201d hizo gala de su imaginaci\u00f3n, diciendo que a\u00fan sin alianza podr\u00eda ganar en solitario en municipios clave como Veracruz y Boca del R\u00edo, donde la verdadera competencia estar\u00e1 entre Morena-Verde y el PT.. SIN PALABRAS..<\/p>\n\n\n\n<p>La pregunta es seria: \u00bfAcaso \u00abEl Fofo\u00bb no se ha dado cuenta que esta alianza de MORENA y PVEM llevar\u00e1n como -caballo de Troya- a los candidatos de lo que fuera el PAN Yunes?.. Lo que dejar\u00e1n a Movimiento Ciudadano y al PAN en la pelea por el tercer lugar y las regidur\u00edas de los ayuntamientos de Veracruz y Boca del R\u00edo.. Mientras que el PRI desaparecer\u00e1 del mapa, sin dudarlo, aunque el Ram\u00edrez Arana diga lo contrario en sus discursos elocuentes.. Y cuando se de cuenta, se tendr\u00e1 que \u00abtragar\u00bb sus palabras porque MORENA se llevar\u00e1 lo que queda del PRI..<\/p>\n\n\n\n<p>Pero el tema con el l\u00edder del comit\u00e9 priista.. No s\u00f3lo es esta conurbaci\u00f3n sino tambi\u00e9n en otros puntos de la entidad.. Por ejemplo, durante meses \u00e9l presumi\u00f3 su cercan\u00eda con el exalcalde y exdiputado local, Am\u00e9rico Z\u00fa\u00f1iga.. Asegurando que \u00e9l ser\u00eda el candidato del PRI a la alcald\u00eda en Xalapa.. Sin embargo, como dice la canci\u00f3n: \u201cTodo se derrumb\u00f3\u201d.. Ya que antier el propio Z\u00fa\u00f1iga, le declar\u00f3 a un periodista de prestigio, que su apoyo est\u00e1 con Roman Moreno Hern\u00e1ndez, candidato de MC a la alcald\u00eda de Xalapa.. \u201cEs mi hermano\u201d.. Si \u00abFofo\u00bb no lo entendi\u00f3, pues..<\/p>\n\n\n\n<p>As\u00ed que el \u00fanico personaje que tiene capital pol\u00edtico priista.. Le dej\u00f3 claro a Ram\u00edrez Arana que \u00e9l no competir\u00e1 por la capital del Estado y que su respaldo no est\u00e1 con el PRI, sino con otro proyecto pol\u00edtico.. Y si los \u00absupuestos\u00bb aliados del \u00abFofo\u00bb le han dado la espalda.. Lo mismo ha ocurrido con los de Lorena Pi\u00f1\u00f3n.. No hace mucho, Pi\u00f1\u00f3n aseguraba en su cuenta de Instagram, que el exalcalde de Alvarado, Bogar Ru\u00edz, ser\u00eda candidato del PRI, incluso comparti\u00f3 una foto con \u00e9l y Adolfo Ram\u00edrez.. Pero el lunes, Bogar fue presentado como candidato de MC..<\/p>\n\n\n\n<p>Ya en d\u00edas pasados adem\u00e1s recordamos como en 2021, Pi\u00f1\u00f3n Rivera se la \u00abjug\u00f3\u00bb para que su amiga, Belem Palmeros Exsome fuera candidata a regidora en Veracruz por el PRI.. Un partido que ahora abandona, pues, Palmeros ser\u00e1 candidata a la alcald\u00eda, pero por MC.. Este es el verdadero rostro del PRI en Veracruz: Un \u00abcascar\u00f3n\u00bb vac\u00edo donde su dirigencia estatal, ha perdido toda autoridad, incapaz de construir acuerdos y sostener lealtades.. Y as\u00ed no se puede \u00abjugar\u00bb con un organismo que no te garantiza nada.. Hoy qui\u00e9n quiere ser candidato del PRI.. ES LA DUDA..<\/p>\n\n\n\n<p>Por eso, se sabe al interior del PRI que mientras El Fofo\u00bb se la pasa culpando al PAN por la ruptura de la alianza y Lorena Pi\u00f1\u00f3n ataca con furia al senador Miguel \u00c1ngel Yunes M\u00e1rquez, acus\u00e1ndolo por el fracaso de la coalici\u00f3n.. Lo cierto es que los \u00fanicos que han saboteado al priismo veracruzano son ellos mismos.. Aqu\u00ed ha quedado demostrado, su falta de liderazgo porque con los que acuerdan simplemente no hacen compromiso con ellos.. Lo que ha provocado que la militancia, la poca que queda, vea a un PRI, que no tiene rumbo o sentido..<\/p>\n\n\n\n<p>REFLEXI\u00d3N.. En Veracruz, el PRI est\u00e1 condenado a una elecci\u00f3n municipal en la que ser\u00e1 reducido a la irrelevancia.. Mientras Ram\u00edrez Arana juega a ser dirigente, los priistas han tomado otro camino.. Lo que es una realidad, es que el priismo \u00abjarocho\u00bb no est\u00e1 muriendo por culpa de sus adversarios.. Sino por la ineptitud de quienes deb\u00edan defenderlo.. Y cuando llegue la noche del 2 de junio y los resultados sean devastadores.. La pregunta ser\u00e1 inevitable: \u00bfC\u00f3mo se atreven a culpar a otros, si ellos mismos -cavaron- su tumba?.. El otro culpable est\u00e1 en CDMX: \u00abAMLITO\u00bb.. Que como Andr\u00e9s Manuel Lopez Obrador prefiere la lealtad a la capacidad.. Tanto hace por diferenciarse del ExPresidente, que termina imit\u00e1ndolo perfectamente bien..<\/p>\n","protected":false},"excerpt":{"rendered":"<p>[S\u00edguenos ahora tambi\u00e9n en WhatsApp.\u00a0Da clic aqu\u00ed]Ricardo ChuaSale y Vale El PRI en Veracruz no necesita enemigos externos, porque su peor enemigo est\u00e1 dentro de sus propias filas.. Despu\u00e9s de muchas d\u00e9cadas en el poder.. De tener pol\u00edticos profesionales tan importantes para M\u00e9xico: Adolfo Ruiz Cort\u00ednez, Jes\u00fas Reyes Heroles, Fernando Guti\u00e9rrez Barrios, entre otros m\u00e1s.. [&hellip;]<\/p>\n","protected":false},"author":2,"featured_media":119817,"comment_status":"closed","ping_status":"closed","sticky":false,"template":"","format":"standard","meta":{"tdm_status":"","tdm_grid_status":"","footnotes":""},"categories":[70],"tags":[539,1026,251,195],"class_list":{"0":"post-137423","1":"post","2":"type-post","3":"status-publish","4":"format-standard","5":"has-post-thumbnail","7":"category-de-opinion","8":"tag-americo-zuniga-martinez","9":"tag-morena","10":"tag-pri","11":"tag-veracruz"},"yoast_head":"<!-- This site is optimized with the Yoast SEO plugin v27.4 - https:\/\/yoast.com\/product\/yoast-seo-wordpress\/ -->\n<title>PRI DE VERACRUZ, LO QUE MORENA SE LLEV\u00d3... - Los pol\u00edticos Veracruz<\/title>\n<meta name=\"robots\" content=\"index, follow, max-snippet:-1, max-image-preview:large, max-video-preview:-1\" \/>\n<link rel=\"canonical\" href=\"https:\/\/lospoliticosveracruz.com\/?p=137423\" \/>\n<meta property=\"og:locale\" content=\"es_ES\" \/>\n<meta property=\"og:type\" content=\"article\" \/>\n<meta property=\"og:title\" content=\"PRI DE VERACRUZ, LO QUE MORENA SE LLEV\u00d3... - Los pol\u00edticos Veracruz\" \/>\n<meta property=\"og:description\" content=\"[S\u00edguenos ahora tambi\u00e9n en WhatsApp.\u00a0Da clic aqu\u00ed]Ricardo ChuaSale y Vale El PRI en Veracruz no necesita enemigos externos, porque su peor enemigo est\u00e1 dentro de sus propias filas.. Despu\u00e9s de muchas d\u00e9cadas en el poder.. De tener pol\u00edticos profesionales tan importantes para M\u00e9xico: Adolfo Ruiz Cort\u00ednez, Jes\u00fas Reyes Heroles, Fernando Guti\u00e9rrez Barrios, entre otros m\u00e1s.. [&hellip;]\" \/>\n<meta property=\"og:url\" content=\"https:\/\/lospoliticosveracruz.com\/?p=137423\" \/>\n<meta property=\"og:site_name\" content=\"Los pol\u00edticos Veracruz\" \/>\n<meta property=\"article:publisher\" content=\"https:\/\/www.facebook.com\/people\/Notimemes-de-los-Polticos\/61565672886568\/\" \/>\n<meta property=\"article:published_time\" content=\"2025-02-08T15:24:39+00:00\" \/>\n<meta property=\"article:modified_time\" content=\"2025-02-08T15:25:09+00:00\" \/>\n<meta property=\"og:image\" content=\"https:\/\/lospoliticosveracruz.com\/wp-content\/uploads\/2024\/03\/Ricardo-Chua.jpg\" \/>\n\t<meta property=\"og:image:width\" content=\"1250\" \/>\n\t<meta property=\"og:image:height\" content=\"667\" \/>\n\t<meta property=\"og:image:type\" content=\"image\/jpeg\" \/>\n<meta name=\"author\" content=\"Lo viste en Los Pol\u00edticos\" \/>\n<meta name=\"twitter:card\" content=\"summary_large_image\" \/>\n<meta name=\"twitter:creator\" content=\"@LosPoliticosVer\" \/>\n<meta name=\"twitter:site\" content=\"@LosPoliticosVer\" \/>\n<meta name=\"twitter:label1\" content=\"Escrito por\" \/>\n\t<meta name=\"twitter:data1\" content=\"Lo viste en Los Pol\u00edticos\" \/>\n\t<meta name=\"twitter:label2\" content=\"Tiempo de lectura\" \/>\n\t<meta name=\"twitter:data2\" content=\"5 minutos\" \/>\n<script type=\"application\/ld+json\" class=\"yoast-schema-graph\">{\"@context\":\"https:\\\/\\\/schema.org\",\"@graph\":[{\"@type\":\"Article\",\"@id\":\"https:\\\/\\\/lospoliticosveracruz.com\\\/?p=137423#article\",\"isPartOf\":{\"@id\":\"https:\\\/\\\/lospoliticosveracruz.com\\\/?p=137423\"},\"author\":{\"name\":\"Lo viste en Los Pol\u00edticos\",\"@id\":\"https:\\\/\\\/lospoliticosveracruz.com\\\/#\\\/schema\\\/person\\\/b8702bb0e538456e6efd07080bf2a4a2\"},\"headline\":\"PRI DE VERACRUZ, LO QUE MORENA SE LLEV\u00d3&#8230;\",\"datePublished\":\"2025-02-08T15:24:39+00:00\",\"dateModified\":\"2025-02-08T15:25:09+00:00\",\"mainEntityOfPage\":{\"@id\":\"https:\\\/\\\/lospoliticosveracruz.com\\\/?p=137423\"},\"wordCount\":977,\"publisher\":{\"@id\":\"https:\\\/\\\/lospoliticosveracruz.com\\\/#organization\"},\"image\":{\"@id\":\"https:\\\/\\\/lospoliticosveracruz.com\\\/?p=137423#primaryimage\"},\"thumbnailUrl\":\"https:\\\/\\\/lospoliticosveracruz.com\\\/wp-content\\\/uploads\\\/2024\\\/03\\\/Ricardo-Chua.jpg\",\"keywords\":[\"Am\u00e9rico Z\u00fa\u00f1iga Mart\u00ednez\",\"Morena\",\"PRI\",\"Veracruz\"],\"articleSection\":[\"De Opini\u00f3n\"],\"inLanguage\":\"es\"},{\"@type\":\"WebPage\",\"@id\":\"https:\\\/\\\/lospoliticosveracruz.com\\\/?p=137423\",\"url\":\"https:\\\/\\\/lospoliticosveracruz.com\\\/?p=137423\",\"name\":\"PRI DE VERACRUZ, LO QUE MORENA SE LLEV\u00d3... - Los pol\u00edticos Veracruz\",\"isPartOf\":{\"@id\":\"https:\\\/\\\/lospoliticosveracruz.com\\\/#website\"},\"primaryImageOfPage\":{\"@id\":\"https:\\\/\\\/lospoliticosveracruz.com\\\/?p=137423#primaryimage\"},\"image\":{\"@id\":\"https:\\\/\\\/lospoliticosveracruz.com\\\/?p=137423#primaryimage\"},\"thumbnailUrl\":\"https:\\\/\\\/lospoliticosveracruz.com\\\/wp-content\\\/uploads\\\/2024\\\/03\\\/Ricardo-Chua.jpg\",\"datePublished\":\"2025-02-08T15:24:39+00:00\",\"dateModified\":\"2025-02-08T15:25:09+00:00\",\"breadcrumb\":{\"@id\":\"https:\\\/\\\/lospoliticosveracruz.com\\\/?p=137423#breadcrumb\"},\"inLanguage\":\"es\",\"potentialAction\":[{\"@type\":\"ReadAction\",\"target\":[\"https:\\\/\\\/lospoliticosveracruz.com\\\/?p=137423\"]}]},{\"@type\":\"ImageObject\",\"inLanguage\":\"es\",\"@id\":\"https:\\\/\\\/lospoliticosveracruz.com\\\/?p=137423#primaryimage\",\"url\":\"https:\\\/\\\/lospoliticosveracruz.com\\\/wp-content\\\/uploads\\\/2024\\\/03\\\/Ricardo-Chua.jpg\",\"contentUrl\":\"https:\\\/\\\/lospoliticosveracruz.com\\\/wp-content\\\/uploads\\\/2024\\\/03\\\/Ricardo-Chua.jpg\",\"width\":1250,\"height\":667},{\"@type\":\"BreadcrumbList\",\"@id\":\"https:\\\/\\\/lospoliticosveracruz.com\\\/?p=137423#breadcrumb\",\"itemListElement\":[{\"@type\":\"ListItem\",\"position\":1,\"name\":\"Portada\",\"item\":\"https:\\\/\\\/lospoliticosveracruz.com\\\/\"},{\"@type\":\"ListItem\",\"position\":2,\"name\":\"PRI DE VERACRUZ, LO QUE MORENA SE LLEV\u00d3&#8230;\"}]},{\"@type\":\"WebSite\",\"@id\":\"https:\\\/\\\/lospoliticosveracruz.com\\\/#website\",\"url\":\"https:\\\/\\\/lospoliticosveracruz.com\\\/\",\"name\":\"Los pol\u00edticos Veracruz\",\"description\":\"\",\"publisher\":{\"@id\":\"https:\\\/\\\/lospoliticosveracruz.com\\\/#organization\"},\"potentialAction\":[{\"@type\":\"SearchAction\",\"target\":{\"@type\":\"EntryPoint\",\"urlTemplate\":\"https:\\\/\\\/lospoliticosveracruz.com\\\/?s={search_term_string}\"},\"query-input\":{\"@type\":\"PropertyValueSpecification\",\"valueRequired\":true,\"valueName\":\"search_term_string\"}}],\"inLanguage\":\"es\"},{\"@type\":\"Organization\",\"@id\":\"https:\\\/\\\/lospoliticosveracruz.com\\\/#organization\",\"name\":\"Los pol\u00edticos Veracruz\",\"url\":\"https:\\\/\\\/lospoliticosveracruz.com\\\/\",\"logo\":{\"@type\":\"ImageObject\",\"inLanguage\":\"es\",\"@id\":\"https:\\\/\\\/lospoliticosveracruz.com\\\/#\\\/schema\\\/logo\\\/image\\\/\",\"url\":\"https:\\\/\\\/lospoliticosveracruz.com\\\/wp-content\\\/uploads\\\/2025\\\/12\\\/Logo-Nuevo-LOS-POLITICOS-1.jpg\",\"contentUrl\":\"https:\\\/\\\/lospoliticosveracruz.com\\\/wp-content\\\/uploads\\\/2025\\\/12\\\/Logo-Nuevo-LOS-POLITICOS-1.jpg\",\"width\":260,\"height\":70,\"caption\":\"Los pol\u00edticos Veracruz\"},\"image\":{\"@id\":\"https:\\\/\\\/lospoliticosveracruz.com\\\/#\\\/schema\\\/logo\\\/image\\\/\"},\"sameAs\":[\"https:\\\/\\\/www.facebook.com\\\/people\\\/Notimemes-de-los-Polticos\\\/61565672886568\\\/\",\"https:\\\/\\\/x.com\\\/LosPoliticosVer\"]},{\"@type\":\"Person\",\"@id\":\"https:\\\/\\\/lospoliticosveracruz.com\\\/#\\\/schema\\\/person\\\/b8702bb0e538456e6efd07080bf2a4a2\",\"name\":\"Lo viste en Los Pol\u00edticos\",\"image\":{\"@type\":\"ImageObject\",\"inLanguage\":\"es\",\"@id\":\"https:\\\/\\\/secure.gravatar.com\\\/avatar\\\/3a8de04a2656d44082be478bd6c086daa447c4651605818287b9532d3d0bd435?s=96&d=mm&r=g\",\"url\":\"https:\\\/\\\/secure.gravatar.com\\\/avatar\\\/3a8de04a2656d44082be478bd6c086daa447c4651605818287b9532d3d0bd435?s=96&d=mm&r=g\",\"contentUrl\":\"https:\\\/\\\/secure.gravatar.com\\\/avatar\\\/3a8de04a2656d44082be478bd6c086daa447c4651605818287b9532d3d0bd435?s=96&d=mm&r=g\",\"caption\":\"Lo viste en Los Pol\u00edticos\"},\"url\":\"https:\\\/\\\/lospoliticosveracruz.com\\\/?author=2\"}]}<\/script>\n<!-- \/ Yoast SEO plugin. -->","yoast_head_json":{"title":"PRI DE VERACRUZ, LO QUE MORENA SE LLEV\u00d3... - Los pol\u00edticos Veracruz","robots":{"index":"index","follow":"follow","max-snippet":"max-snippet:-1","max-image-preview":"max-image-preview:large","max-video-preview":"max-video-preview:-1"},"canonical":"https:\/\/lospoliticosveracruz.com\/?p=137423","og_locale":"es_ES","og_type":"article","og_title":"PRI DE VERACRUZ, LO QUE MORENA SE LLEV\u00d3... - Los pol\u00edticos Veracruz","og_description":"[S\u00edguenos ahora tambi\u00e9n en WhatsApp.\u00a0Da clic aqu\u00ed]Ricardo ChuaSale y Vale El PRI en Veracruz no necesita enemigos externos, porque su peor enemigo est\u00e1 dentro de sus propias filas.. Despu\u00e9s de muchas d\u00e9cadas en el poder.. De tener pol\u00edticos profesionales tan importantes para M\u00e9xico: Adolfo Ruiz Cort\u00ednez, Jes\u00fas Reyes Heroles, Fernando Guti\u00e9rrez Barrios, entre otros m\u00e1s.. [&hellip;]","og_url":"https:\/\/lospoliticosveracruz.com\/?p=137423","og_site_name":"Los pol\u00edticos Veracruz","article_publisher":"https:\/\/www.facebook.com\/people\/Notimemes-de-los-Polticos\/61565672886568\/","article_published_time":"2025-02-08T15:24:39+00:00","article_modified_time":"2025-02-08T15:25:09+00:00","og_image":[{"width":1250,"height":667,"url":"https:\/\/lospoliticosveracruz.com\/wp-content\/uploads\/2024\/03\/Ricardo-Chua.jpg","type":"image\/jpeg"}],"author":"Lo viste en Los Pol\u00edticos","twitter_card":"summary_large_image","twitter_creator":"@LosPoliticosVer","twitter_site":"@LosPoliticosVer","twitter_misc":{"Escrito por":"Lo viste en Los Pol\u00edticos","Tiempo de lectura":"5 minutos"},"schema":{"@context":"https:\/\/schema.org","@graph":[{"@type":"Article","@id":"https:\/\/lospoliticosveracruz.com\/?p=137423#article","isPartOf":{"@id":"https:\/\/lospoliticosveracruz.com\/?p=137423"},"author":{"name":"Lo viste en Los Pol\u00edticos","@id":"https:\/\/lospoliticosveracruz.com\/#\/schema\/person\/b8702bb0e538456e6efd07080bf2a4a2"},"headline":"PRI DE VERACRUZ, LO QUE MORENA SE LLEV\u00d3&#8230;","datePublished":"2025-02-08T15:24:39+00:00","dateModified":"2025-02-08T15:25:09+00:00","mainEntityOfPage":{"@id":"https:\/\/lospoliticosveracruz.com\/?p=137423"},"wordCount":977,"publisher":{"@id":"https:\/\/lospoliticosveracruz.com\/#organization"},"image":{"@id":"https:\/\/lospoliticosveracruz.com\/?p=137423#primaryimage"},"thumbnailUrl":"https:\/\/lospoliticosveracruz.com\/wp-content\/uploads\/2024\/03\/Ricardo-Chua.jpg","keywords":["Am\u00e9rico Z\u00fa\u00f1iga Mart\u00ednez","Morena","PRI","Veracruz"],"articleSection":["De Opini\u00f3n"],"inLanguage":"es"},{"@type":"WebPage","@id":"https:\/\/lospoliticosveracruz.com\/?p=137423","url":"https:\/\/lospoliticosveracruz.com\/?p=137423","name":"PRI DE VERACRUZ, LO QUE MORENA SE LLEV\u00d3... - Los pol\u00edticos Veracruz","isPartOf":{"@id":"https:\/\/lospoliticosveracruz.com\/#website"},"primaryImageOfPage":{"@id":"https:\/\/lospoliticosveracruz.com\/?p=137423#primaryimage"},"image":{"@id":"https:\/\/lospoliticosveracruz.com\/?p=137423#primaryimage"},"thumbnailUrl":"https:\/\/lospoliticosveracruz.com\/wp-content\/uploads\/2024\/03\/Ricardo-Chua.jpg","datePublished":"2025-02-08T15:24:39+00:00","dateModified":"2025-02-08T15:25:09+00:00","breadcrumb":{"@id":"https:\/\/lospoliticosveracruz.com\/?p=137423#breadcrumb"},"inLanguage":"es","potentialAction":[{"@type":"ReadAction","target":["https:\/\/lospoliticosveracruz.com\/?p=137423"]}]},{"@type":"ImageObject","inLanguage":"es","@id":"https:\/\/lospoliticosveracruz.com\/?p=137423#primaryimage","url":"https:\/\/lospoliticosveracruz.com\/wp-content\/uploads\/2024\/03\/Ricardo-Chua.jpg","contentUrl":"https:\/\/lospoliticosveracruz.com\/wp-content\/uploads\/2024\/03\/Ricardo-Chua.jpg","width":1250,"height":667},{"@type":"BreadcrumbList","@id":"https:\/\/lospoliticosveracruz.com\/?p=137423#breadcrumb","itemListElement":[{"@type":"ListItem","position":1,"name":"Portada","item":"https:\/\/lospoliticosveracruz.com\/"},{"@type":"ListItem","position":2,"name":"PRI DE VERACRUZ, LO QUE MORENA SE LLEV\u00d3&#8230;"}]},{"@type":"WebSite","@id":"https:\/\/lospoliticosveracruz.com\/#website","url":"https:\/\/lospoliticosveracruz.com\/","name":"Los pol\u00edticos Veracruz","description":"","publisher":{"@id":"https:\/\/lospoliticosveracruz.com\/#organization"},"potentialAction":[{"@type":"SearchAction","target":{"@type":"EntryPoint","urlTemplate":"https:\/\/lospoliticosveracruz.com\/?s={search_term_string}"},"query-input":{"@type":"PropertyValueSpecification","valueRequired":true,"valueName":"search_term_string"}}],"inLanguage":"es"},{"@type":"Organization","@id":"https:\/\/lospoliticosveracruz.com\/#organization","name":"Los pol\u00edticos Veracruz","url":"https:\/\/lospoliticosveracruz.com\/","logo":{"@type":"ImageObject","inLanguage":"es","@id":"https:\/\/lospoliticosveracruz.com\/#\/schema\/logo\/image\/","url":"https:\/\/lospoliticosveracruz.com\/wp-content\/uploads\/2025\/12\/Logo-Nuevo-LOS-POLITICOS-1.jpg","contentUrl":"https:\/\/lospoliticosveracruz.com\/wp-content\/uploads\/2025\/12\/Logo-Nuevo-LOS-POLITICOS-1.jpg","width":260,"height":70,"caption":"Los pol\u00edticos Veracruz"},"image":{"@id":"https:\/\/lospoliticosveracruz.com\/#\/schema\/logo\/image\/"},"sameAs":["https:\/\/www.facebook.com\/people\/Notimemes-de-los-Polticos\/61565672886568\/","https:\/\/x.com\/LosPoliticosVer"]},{"@type":"Person","@id":"https:\/\/lospoliticosveracruz.com\/#\/schema\/person\/b8702bb0e538456e6efd07080bf2a4a2","name":"Lo viste en Los Pol\u00edticos","image":{"@type":"ImageObject","inLanguage":"es","@id":"https:\/\/secure.gravatar.com\/avatar\/3a8de04a2656d44082be478bd6c086daa447c4651605818287b9532d3d0bd435?s=96&d=mm&r=g","url":"https:\/\/secure.gravatar.com\/avatar\/3a8de04a2656d44082be478bd6c086daa447c4651605818287b9532d3d0bd435?s=96&d=mm&r=g","contentUrl":"https:\/\/secure.gravatar.com\/avatar\/3a8de04a2656d44082be478bd6c086daa447c4651605818287b9532d3d0bd435?s=96&d=mm&r=g","caption":"Lo viste en Los Pol\u00edticos"},"url":"https:\/\/lospoliticosveracruz.com\/?author=2"}]}},"_links":{"self":[{"href":"https:\/\/lospoliticosveracruz.com\/index.php?rest_route=\/wp\/v2\/posts\/137423","targetHints":{"allow":["GET"]}}],"collection":[{"href":"https:\/\/lospoliticosveracruz.com\/index.php?rest_route=\/wp\/v2\/posts"}],"about":[{"href":"https:\/\/lospoliticosveracruz.com\/index.php?rest_route=\/wp\/v2\/types\/post"}],"author":[{"embeddable":true,"href":"https:\/\/lospoliticosveracruz.com\/index.php?rest_route=\/wp\/v2\/users\/2"}],"replies":[{"embeddable":true,"href":"https:\/\/lospoliticosveracruz.com\/index.php?rest_route=%2Fwp%2Fv2%2Fcomments&post=137423"}],"version-history":[{"count":2,"href":"https:\/\/lospoliticosveracruz.com\/index.php?rest_route=\/wp\/v2\/posts\/137423\/revisions"}],"predecessor-version":[{"id":137425,"href":"https:\/\/lospoliticosveracruz.com\/index.php?rest_route=\/wp\/v2\/posts\/137423\/revisions\/137425"}],"wp:featuredmedia":[{"embeddable":true,"href":"https:\/\/lospoliticosveracruz.com\/index.php?rest_route=\/wp\/v2\/media\/119817"}],"wp:attachment":[{"href":"https:\/\/lospoliticosveracruz.com\/index.php?rest_route=%2Fwp%2Fv2%2Fmedia&parent=137423"}],"wp:term":[{"taxonomy":"category","embeddable":true,"href":"https:\/\/lospoliticosveracruz.com\/index.php?rest_route=%2Fwp%2Fv2%2Fcategories&post=137423"},{"taxonomy":"post_tag","embeddable":true,"href":"https:\/\/lospoliticosveracruz.com\/index.php?rest_route=%2Fwp%2Fv2%2Ftags&post=137423"}],"curies":[{"name":"wp","href":"https:\/\/api.w.org\/{rel}","templated":true}]}}