{"id":13752,"date":"2014-11-26T22:25:26","date_gmt":"2014-11-27T04:25:26","guid":{"rendered":"http:\/\/www.lospoliticosveracruz.com.mx\/?p=13752"},"modified":"2014-11-26T22:25:26","modified_gmt":"2014-11-27T04:25:26","slug":"legisladores-amargos","status":"publish","type":"post","link":"https:\/\/lospoliticosveracruz.com\/?p=13752","title":{"rendered":"Legisladores Amargos"},"content":{"rendered":"<p><a href=\"http:\/\/www.lospoliticosveracruz.com.mx\/wp-content\/uploads\/2014\/11\/Chocolates1.jpg\"><img loading=\"lazy\" decoding=\"async\" class=\"alignnone size-medium wp-image-13755\" src=\"http:\/\/www.lospoliticosveracruz.com.mx\/wp-content\/uploads\/2014\/11\/Chocolates1-300x154.jpg\" alt=\"Chocolates\" width=\"300\" height=\"154\" \/><\/a><\/p>\n<p><strong>Brenda Caballero<\/strong><br \/>\n<em>N\u00fameros Rojos<\/em><\/p>\n<p>\u201cHubo un rey en un castillo con murallas de membrillo, con sus patios de almendrilla, y sus torres de turr\u00f3n\u201d&#8230;<br \/>\n\u00bfRecuerda esa canci\u00f3n de Cri-Cri? Es tan dulce que me remonta a mis a\u00f1os de primaria, pues todas las ma\u00f1anas antes de ir a la escuela era tradici\u00f3n escuchar en la radio el programa de Los Madrugadores y nunca faltaba la canci\u00f3n: El Rey de Chocolate.<br \/>\n\u201cEra el rey de chocolate con nariz de cacahuate, y a pesar de ser tan dulce ten\u00eda amargo el coraz\u00f3n\u201d&#8230;<br \/>\nAclaro que no voy a seguir cantando la canci\u00f3n de Cri-Cri, pero confieso que vino a mi mente tan dulce melod\u00eda al conocer las pretensiones de los legisladores de la C\u00e1mara Alta. Seg\u00fan nota del peri\u00f3dico Reforma, los senadores se regalar\u00e1n chocolates.<br \/>\n\u00a1S\u00ed, ley\u00f3 Usted bien! Se obsequiar\u00e1n chocolates en Navidad. Bueno, eso no suena tan mal aunque parezcan chamacos de primaria y secundaria, pero&#8230; \u00bfse imagina los chocolates con las fotos de los 128 Senadores?<br \/>\nSeg\u00fan el peri\u00f3dico Reforma por iniciativa del presidente del Senado Miguel Barbosa, a cada uno de los Senadores se les dar\u00e1 una caja de chocolates con fotograf\u00edas de los Legisladores as\u00ed como los escudos de los partidos a los que pertenecen.<br \/>\nEntiendo que se hicieran ese regalo si vivi\u00e9ramos en el mundo del Rey del Cacao con paredes de membrillo, pero vivimos en un pa\u00eds que parece todos los d\u00edas se lo lleva la Caca, sin la O.<br \/>\nSiendo as\u00ed, parece indignante y de mal gusto tal actuaci\u00f3n. Desde luego que ellos afirman no los pagar\u00e1n los ciudadanos (aj\u00e1) sino que los importes de tan dulce regalo ser\u00e1n cubiertos por los coordinadores del PAN, Jorge Luis Preciado \u2011el mismo que organiza sus fiestas en el Senado\u2011; el del PRI, Emilio Gamboa, y del PRD, Miguel Barbosa.<br \/>\nEl rechazo por parte de los ciudadanos no se hizo esperar, incluso en encuesta virtual de Reforma, con 769 opiniones, el 79.1 por ciento se sent\u00eda indignado con la acci\u00f3n; al 19.9 por ciento, le daba igual, y s\u00f3lo el 1 por ciento indic\u00f3 que estaba bien.<br \/>\nAunque pareciera que quieren endulzarse la boca mientras se idolatran viendo sus rostros, no puedo entender porqu\u00e9 en lugar de hacer gastos sup\u00e9rfluos en nimiedades, juntan ese dinero y lo donan a alguna Fundaci\u00f3n o compran alimentos o enseres y los reparten entre algunos de los millones de pobres que existen en el pa\u00eds. Seguramente todos lo agradecer\u00edamos.<br \/>\nAunque muchos estemos en contra del regalo, al parecer la empresa New Art Xocolatl ya empez\u00f3 con el pedido, motivo por lo que hicimos un ejercicio de imaginaci\u00f3n para encontrarle alg\u00fan motivo al asunto:<br \/>\nSeguramente el proveedor de los chocolates est\u00e1 ligado a los presidentes de las bancadas, luego entonces hay que investigar si existe \u201cun dulce conflicto de intereses\u201d\u2026<br \/>\nPara envenenar a sus enemigos de bancada.<br \/>\nPara incrementar el ego de los legislador rabo verde: \u201cno me la ech\u00e9 al plato\u201d, pero \u201cs\u00ed me la ech\u00e9 a la boca\u201d\u2026<br \/>\nPara pagar m\u00e1s impuestos. Pues comprando chocolates altos en calor\u00edas pagar\u00e1n IEPS (Impuesto Especial Sobre Producci\u00f3n y Servicios)\u2026<br \/>\nAunque los ciudadanos tienen otras ideas m\u00e1s crueles:<br \/>\nEl chocolate les incrementar\u00e1 el az\u00facar, por lo tanto pueden tener diabetes y cortarles las manos \u00a1para que no sigan robando!<br \/>\nUn nuevo juego de mesa con sabor que se llamar\u00eda \u00a1Adivina qui\u00e9n es el culpable!<br \/>\nCome un chocolate y pide un deseo: \u00a1Que desaparezca el Senador del chocolate comido!<br \/>\nOtros m\u00e1s est\u00e1n de acuerdo con las fotos impresas de los legisladores pero \u00a1en papel higi\u00e9nico!<\/p>\n<p>Email: caballero_brenda@hotmail.com<\/p>\n","protected":false},"excerpt":{"rendered":"<p>Brenda Caballero N\u00fameros Rojos \u201cHubo un rey en un castillo con murallas de membrillo, con sus patios de almendrilla, y sus torres de turr\u00f3n\u201d&#8230; \u00bfRecuerda esa canci\u00f3n de Cri-Cri? Es tan dulce que me remonta a mis a\u00f1os de primaria, pues todas las ma\u00f1anas antes de ir a la escuela era tradici\u00f3n escuchar en la [&hellip;]<\/p>\n","protected":false},"author":2,"featured_media":0,"comment_status":"open","ping_status":"open","sticky":false,"template":"","format":"standard","meta":{"tdm_status":"","tdm_grid_status":"","footnotes":""},"categories":[70],"tags":[1018,1020,1019,1021,859],"class_list":{"0":"post-13752","1":"post","2":"type-post","3":"status-publish","4":"format-standard","6":"category-de-opinion","7":"tag-chocolates","8":"tag-emilio-gamboa","9":"tag-jorge-luis-preciado","10":"tag-miguel-barbosa","11":"tag-senadores"},"yoast_head":"<!-- This site is optimized with the Yoast SEO plugin v27.4 - https:\/\/yoast.com\/product\/yoast-seo-wordpress\/ -->\n<title>Legisladores Amargos - Los pol\u00edticos Veracruz<\/title>\n<meta name=\"robots\" content=\"index, follow, max-snippet:-1, max-image-preview:large, max-video-preview:-1\" \/>\n<link rel=\"canonical\" href=\"https:\/\/lospoliticosveracruz.com\/?p=13752\" \/>\n<meta property=\"og:locale\" content=\"es_ES\" \/>\n<meta property=\"og:type\" content=\"article\" \/>\n<meta property=\"og:title\" content=\"Legisladores Amargos - Los pol\u00edticos Veracruz\" \/>\n<meta property=\"og:description\" content=\"Brenda Caballero N\u00fameros Rojos \u201cHubo un rey en un castillo con murallas de membrillo, con sus patios de almendrilla, y sus torres de turr\u00f3n\u201d&#8230; \u00bfRecuerda esa canci\u00f3n de Cri-Cri? Es tan dulce que me remonta a mis a\u00f1os de primaria, pues todas las ma\u00f1anas antes de ir a la escuela era tradici\u00f3n escuchar en la [&hellip;]\" \/>\n<meta property=\"og:url\" content=\"https:\/\/lospoliticosveracruz.com\/?p=13752\" \/>\n<meta property=\"og:site_name\" content=\"Los pol\u00edticos Veracruz\" \/>\n<meta property=\"article:publisher\" content=\"https:\/\/www.facebook.com\/people\/Notimemes-de-los-Polticos\/61565672886568\/\" \/>\n<meta property=\"article:published_time\" content=\"2014-11-27T04:25:26+00:00\" \/>\n<meta property=\"og:image\" content=\"http:\/\/www.lospoliticosveracruz.com.mx\/wp-content\/uploads\/2014\/11\/Chocolates1-300x154.jpg\" \/>\n<meta name=\"author\" content=\"Lo viste en Los Pol\u00edticos\" \/>\n<meta name=\"twitter:card\" content=\"summary_large_image\" \/>\n<meta name=\"twitter:creator\" content=\"@LosPoliticosVer\" \/>\n<meta name=\"twitter:site\" content=\"@LosPoliticosVer\" \/>\n<meta name=\"twitter:label1\" content=\"Escrito por\" \/>\n\t<meta name=\"twitter:data1\" content=\"Lo viste en Los Pol\u00edticos\" \/>\n\t<meta name=\"twitter:label2\" content=\"Tiempo de lectura\" \/>\n\t<meta name=\"twitter:data2\" content=\"3 minutos\" \/>\n<script type=\"application\/ld+json\" class=\"yoast-schema-graph\">{\"@context\":\"https:\\\/\\\/schema.org\",\"@graph\":[{\"@type\":\"Article\",\"@id\":\"https:\\\/\\\/lospoliticosveracruz.com\\\/?p=13752#article\",\"isPartOf\":{\"@id\":\"https:\\\/\\\/lospoliticosveracruz.com\\\/?p=13752\"},\"author\":{\"name\":\"Lo viste en Los Pol\u00edticos\",\"@id\":\"https:\\\/\\\/lospoliticosveracruz.com\\\/#\\\/schema\\\/person\\\/b8702bb0e538456e6efd07080bf2a4a2\"},\"headline\":\"Legisladores Amargos\",\"datePublished\":\"2014-11-27T04:25:26+00:00\",\"mainEntityOfPage\":{\"@id\":\"https:\\\/\\\/lospoliticosveracruz.com\\\/?p=13752\"},\"wordCount\":636,\"commentCount\":0,\"publisher\":{\"@id\":\"https:\\\/\\\/lospoliticosveracruz.com\\\/#organization\"},\"image\":{\"@id\":\"https:\\\/\\\/lospoliticosveracruz.com\\\/?p=13752#primaryimage\"},\"thumbnailUrl\":\"http:\\\/\\\/www.lospoliticosveracruz.com.mx\\\/wp-content\\\/uploads\\\/2014\\\/11\\\/Chocolates1-300x154.jpg\",\"keywords\":[\"chocolates\",\"Emilio Gamboa\",\"Jorge Luis Preciado\",\"Miguel Barbosa\",\"Senadores\"],\"articleSection\":[\"De Opini\u00f3n\"],\"inLanguage\":\"es\",\"potentialAction\":[{\"@type\":\"CommentAction\",\"name\":\"Comment\",\"target\":[\"https:\\\/\\\/lospoliticosveracruz.com\\\/?p=13752#respond\"]}]},{\"@type\":\"WebPage\",\"@id\":\"https:\\\/\\\/lospoliticosveracruz.com\\\/?p=13752\",\"url\":\"https:\\\/\\\/lospoliticosveracruz.com\\\/?p=13752\",\"name\":\"Legisladores Amargos - Los pol\u00edticos Veracruz\",\"isPartOf\":{\"@id\":\"https:\\\/\\\/lospoliticosveracruz.com\\\/#website\"},\"primaryImageOfPage\":{\"@id\":\"https:\\\/\\\/lospoliticosveracruz.com\\\/?p=13752#primaryimage\"},\"image\":{\"@id\":\"https:\\\/\\\/lospoliticosveracruz.com\\\/?p=13752#primaryimage\"},\"thumbnailUrl\":\"http:\\\/\\\/www.lospoliticosveracruz.com.mx\\\/wp-content\\\/uploads\\\/2014\\\/11\\\/Chocolates1-300x154.jpg\",\"datePublished\":\"2014-11-27T04:25:26+00:00\",\"breadcrumb\":{\"@id\":\"https:\\\/\\\/lospoliticosveracruz.com\\\/?p=13752#breadcrumb\"},\"inLanguage\":\"es\",\"potentialAction\":[{\"@type\":\"ReadAction\",\"target\":[\"https:\\\/\\\/lospoliticosveracruz.com\\\/?p=13752\"]}]},{\"@type\":\"ImageObject\",\"inLanguage\":\"es\",\"@id\":\"https:\\\/\\\/lospoliticosveracruz.com\\\/?p=13752#primaryimage\",\"url\":\"http:\\\/\\\/www.lospoliticosveracruz.com.mx\\\/wp-content\\\/uploads\\\/2014\\\/11\\\/Chocolates1-300x154.jpg\",\"contentUrl\":\"http:\\\/\\\/www.lospoliticosveracruz.com.mx\\\/wp-content\\\/uploads\\\/2014\\\/11\\\/Chocolates1-300x154.jpg\"},{\"@type\":\"BreadcrumbList\",\"@id\":\"https:\\\/\\\/lospoliticosveracruz.com\\\/?p=13752#breadcrumb\",\"itemListElement\":[{\"@type\":\"ListItem\",\"position\":1,\"name\":\"Portada\",\"item\":\"https:\\\/\\\/lospoliticosveracruz.com\\\/\"},{\"@type\":\"ListItem\",\"position\":2,\"name\":\"Legisladores Amargos\"}]},{\"@type\":\"WebSite\",\"@id\":\"https:\\\/\\\/lospoliticosveracruz.com\\\/#website\",\"url\":\"https:\\\/\\\/lospoliticosveracruz.com\\\/\",\"name\":\"Los pol\u00edticos Veracruz\",\"description\":\"\",\"publisher\":{\"@id\":\"https:\\\/\\\/lospoliticosveracruz.com\\\/#organization\"},\"potentialAction\":[{\"@type\":\"SearchAction\",\"target\":{\"@type\":\"EntryPoint\",\"urlTemplate\":\"https:\\\/\\\/lospoliticosveracruz.com\\\/?s={search_term_string}\"},\"query-input\":{\"@type\":\"PropertyValueSpecification\",\"valueRequired\":true,\"valueName\":\"search_term_string\"}}],\"inLanguage\":\"es\"},{\"@type\":\"Organization\",\"@id\":\"https:\\\/\\\/lospoliticosveracruz.com\\\/#organization\",\"name\":\"Los pol\u00edticos Veracruz\",\"url\":\"https:\\\/\\\/lospoliticosveracruz.com\\\/\",\"logo\":{\"@type\":\"ImageObject\",\"inLanguage\":\"es\",\"@id\":\"https:\\\/\\\/lospoliticosveracruz.com\\\/#\\\/schema\\\/logo\\\/image\\\/\",\"url\":\"https:\\\/\\\/lospoliticosveracruz.com\\\/wp-content\\\/uploads\\\/2025\\\/12\\\/Logo-Nuevo-LOS-POLITICOS-1.jpg\",\"contentUrl\":\"https:\\\/\\\/lospoliticosveracruz.com\\\/wp-content\\\/uploads\\\/2025\\\/12\\\/Logo-Nuevo-LOS-POLITICOS-1.jpg\",\"width\":260,\"height\":70,\"caption\":\"Los pol\u00edticos Veracruz\"},\"image\":{\"@id\":\"https:\\\/\\\/lospoliticosveracruz.com\\\/#\\\/schema\\\/logo\\\/image\\\/\"},\"sameAs\":[\"https:\\\/\\\/www.facebook.com\\\/people\\\/Notimemes-de-los-Polticos\\\/61565672886568\\\/\",\"https:\\\/\\\/x.com\\\/LosPoliticosVer\"]},{\"@type\":\"Person\",\"@id\":\"https:\\\/\\\/lospoliticosveracruz.com\\\/#\\\/schema\\\/person\\\/b8702bb0e538456e6efd07080bf2a4a2\",\"name\":\"Lo viste en Los Pol\u00edticos\",\"image\":{\"@type\":\"ImageObject\",\"inLanguage\":\"es\",\"@id\":\"https:\\\/\\\/secure.gravatar.com\\\/avatar\\\/3a8de04a2656d44082be478bd6c086daa447c4651605818287b9532d3d0bd435?s=96&d=mm&r=g\",\"url\":\"https:\\\/\\\/secure.gravatar.com\\\/avatar\\\/3a8de04a2656d44082be478bd6c086daa447c4651605818287b9532d3d0bd435?s=96&d=mm&r=g\",\"contentUrl\":\"https:\\\/\\\/secure.gravatar.com\\\/avatar\\\/3a8de04a2656d44082be478bd6c086daa447c4651605818287b9532d3d0bd435?s=96&d=mm&r=g\",\"caption\":\"Lo viste en Los Pol\u00edticos\"},\"url\":\"https:\\\/\\\/lospoliticosveracruz.com\\\/?author=2\"}]}<\/script>\n<!-- \/ Yoast SEO plugin. -->","yoast_head_json":{"title":"Legisladores Amargos - Los pol\u00edticos Veracruz","robots":{"index":"index","follow":"follow","max-snippet":"max-snippet:-1","max-image-preview":"max-image-preview:large","max-video-preview":"max-video-preview:-1"},"canonical":"https:\/\/lospoliticosveracruz.com\/?p=13752","og_locale":"es_ES","og_type":"article","og_title":"Legisladores Amargos - Los pol\u00edticos Veracruz","og_description":"Brenda Caballero N\u00fameros Rojos \u201cHubo un rey en un castillo con murallas de membrillo, con sus patios de almendrilla, y sus torres de turr\u00f3n\u201d&#8230; \u00bfRecuerda esa canci\u00f3n de Cri-Cri? Es tan dulce que me remonta a mis a\u00f1os de primaria, pues todas las ma\u00f1anas antes de ir a la escuela era tradici\u00f3n escuchar en la [&hellip;]","og_url":"https:\/\/lospoliticosveracruz.com\/?p=13752","og_site_name":"Los pol\u00edticos Veracruz","article_publisher":"https:\/\/www.facebook.com\/people\/Notimemes-de-los-Polticos\/61565672886568\/","article_published_time":"2014-11-27T04:25:26+00:00","og_image":[{"url":"http:\/\/www.lospoliticosveracruz.com.mx\/wp-content\/uploads\/2014\/11\/Chocolates1-300x154.jpg","type":"","width":"","height":""}],"author":"Lo viste en Los Pol\u00edticos","twitter_card":"summary_large_image","twitter_creator":"@LosPoliticosVer","twitter_site":"@LosPoliticosVer","twitter_misc":{"Escrito por":"Lo viste en Los Pol\u00edticos","Tiempo de lectura":"3 minutos"},"schema":{"@context":"https:\/\/schema.org","@graph":[{"@type":"Article","@id":"https:\/\/lospoliticosveracruz.com\/?p=13752#article","isPartOf":{"@id":"https:\/\/lospoliticosveracruz.com\/?p=13752"},"author":{"name":"Lo viste en Los Pol\u00edticos","@id":"https:\/\/lospoliticosveracruz.com\/#\/schema\/person\/b8702bb0e538456e6efd07080bf2a4a2"},"headline":"Legisladores Amargos","datePublished":"2014-11-27T04:25:26+00:00","mainEntityOfPage":{"@id":"https:\/\/lospoliticosveracruz.com\/?p=13752"},"wordCount":636,"commentCount":0,"publisher":{"@id":"https:\/\/lospoliticosveracruz.com\/#organization"},"image":{"@id":"https:\/\/lospoliticosveracruz.com\/?p=13752#primaryimage"},"thumbnailUrl":"http:\/\/www.lospoliticosveracruz.com.mx\/wp-content\/uploads\/2014\/11\/Chocolates1-300x154.jpg","keywords":["chocolates","Emilio Gamboa","Jorge Luis Preciado","Miguel Barbosa","Senadores"],"articleSection":["De Opini\u00f3n"],"inLanguage":"es","potentialAction":[{"@type":"CommentAction","name":"Comment","target":["https:\/\/lospoliticosveracruz.com\/?p=13752#respond"]}]},{"@type":"WebPage","@id":"https:\/\/lospoliticosveracruz.com\/?p=13752","url":"https:\/\/lospoliticosveracruz.com\/?p=13752","name":"Legisladores Amargos - Los pol\u00edticos Veracruz","isPartOf":{"@id":"https:\/\/lospoliticosveracruz.com\/#website"},"primaryImageOfPage":{"@id":"https:\/\/lospoliticosveracruz.com\/?p=13752#primaryimage"},"image":{"@id":"https:\/\/lospoliticosveracruz.com\/?p=13752#primaryimage"},"thumbnailUrl":"http:\/\/www.lospoliticosveracruz.com.mx\/wp-content\/uploads\/2014\/11\/Chocolates1-300x154.jpg","datePublished":"2014-11-27T04:25:26+00:00","breadcrumb":{"@id":"https:\/\/lospoliticosveracruz.com\/?p=13752#breadcrumb"},"inLanguage":"es","potentialAction":[{"@type":"ReadAction","target":["https:\/\/lospoliticosveracruz.com\/?p=13752"]}]},{"@type":"ImageObject","inLanguage":"es","@id":"https:\/\/lospoliticosveracruz.com\/?p=13752#primaryimage","url":"http:\/\/www.lospoliticosveracruz.com.mx\/wp-content\/uploads\/2014\/11\/Chocolates1-300x154.jpg","contentUrl":"http:\/\/www.lospoliticosveracruz.com.mx\/wp-content\/uploads\/2014\/11\/Chocolates1-300x154.jpg"},{"@type":"BreadcrumbList","@id":"https:\/\/lospoliticosveracruz.com\/?p=13752#breadcrumb","itemListElement":[{"@type":"ListItem","position":1,"name":"Portada","item":"https:\/\/lospoliticosveracruz.com\/"},{"@type":"ListItem","position":2,"name":"Legisladores Amargos"}]},{"@type":"WebSite","@id":"https:\/\/lospoliticosveracruz.com\/#website","url":"https:\/\/lospoliticosveracruz.com\/","name":"Los pol\u00edticos Veracruz","description":"","publisher":{"@id":"https:\/\/lospoliticosveracruz.com\/#organization"},"potentialAction":[{"@type":"SearchAction","target":{"@type":"EntryPoint","urlTemplate":"https:\/\/lospoliticosveracruz.com\/?s={search_term_string}"},"query-input":{"@type":"PropertyValueSpecification","valueRequired":true,"valueName":"search_term_string"}}],"inLanguage":"es"},{"@type":"Organization","@id":"https:\/\/lospoliticosveracruz.com\/#organization","name":"Los pol\u00edticos Veracruz","url":"https:\/\/lospoliticosveracruz.com\/","logo":{"@type":"ImageObject","inLanguage":"es","@id":"https:\/\/lospoliticosveracruz.com\/#\/schema\/logo\/image\/","url":"https:\/\/lospoliticosveracruz.com\/wp-content\/uploads\/2025\/12\/Logo-Nuevo-LOS-POLITICOS-1.jpg","contentUrl":"https:\/\/lospoliticosveracruz.com\/wp-content\/uploads\/2025\/12\/Logo-Nuevo-LOS-POLITICOS-1.jpg","width":260,"height":70,"caption":"Los pol\u00edticos Veracruz"},"image":{"@id":"https:\/\/lospoliticosveracruz.com\/#\/schema\/logo\/image\/"},"sameAs":["https:\/\/www.facebook.com\/people\/Notimemes-de-los-Polticos\/61565672886568\/","https:\/\/x.com\/LosPoliticosVer"]},{"@type":"Person","@id":"https:\/\/lospoliticosveracruz.com\/#\/schema\/person\/b8702bb0e538456e6efd07080bf2a4a2","name":"Lo viste en Los Pol\u00edticos","image":{"@type":"ImageObject","inLanguage":"es","@id":"https:\/\/secure.gravatar.com\/avatar\/3a8de04a2656d44082be478bd6c086daa447c4651605818287b9532d3d0bd435?s=96&d=mm&r=g","url":"https:\/\/secure.gravatar.com\/avatar\/3a8de04a2656d44082be478bd6c086daa447c4651605818287b9532d3d0bd435?s=96&d=mm&r=g","contentUrl":"https:\/\/secure.gravatar.com\/avatar\/3a8de04a2656d44082be478bd6c086daa447c4651605818287b9532d3d0bd435?s=96&d=mm&r=g","caption":"Lo viste en Los Pol\u00edticos"},"url":"https:\/\/lospoliticosveracruz.com\/?author=2"}]}},"_links":{"self":[{"href":"https:\/\/lospoliticosveracruz.com\/index.php?rest_route=\/wp\/v2\/posts\/13752","targetHints":{"allow":["GET"]}}],"collection":[{"href":"https:\/\/lospoliticosveracruz.com\/index.php?rest_route=\/wp\/v2\/posts"}],"about":[{"href":"https:\/\/lospoliticosveracruz.com\/index.php?rest_route=\/wp\/v2\/types\/post"}],"author":[{"embeddable":true,"href":"https:\/\/lospoliticosveracruz.com\/index.php?rest_route=\/wp\/v2\/users\/2"}],"replies":[{"embeddable":true,"href":"https:\/\/lospoliticosveracruz.com\/index.php?rest_route=%2Fwp%2Fv2%2Fcomments&post=13752"}],"version-history":[{"count":2,"href":"https:\/\/lospoliticosveracruz.com\/index.php?rest_route=\/wp\/v2\/posts\/13752\/revisions"}],"predecessor-version":[{"id":13756,"href":"https:\/\/lospoliticosveracruz.com\/index.php?rest_route=\/wp\/v2\/posts\/13752\/revisions\/13756"}],"wp:attachment":[{"href":"https:\/\/lospoliticosveracruz.com\/index.php?rest_route=%2Fwp%2Fv2%2Fmedia&parent=13752"}],"wp:term":[{"taxonomy":"category","embeddable":true,"href":"https:\/\/lospoliticosveracruz.com\/index.php?rest_route=%2Fwp%2Fv2%2Fcategories&post=13752"},{"taxonomy":"post_tag","embeddable":true,"href":"https:\/\/lospoliticosveracruz.com\/index.php?rest_route=%2Fwp%2Fv2%2Ftags&post=13752"}],"curies":[{"name":"wp","href":"https:\/\/api.w.org\/{rel}","templated":true}]}}