{"id":13758,"date":"2014-11-26T22:31:47","date_gmt":"2014-11-27T04:31:47","guid":{"rendered":"http:\/\/www.lospoliticosveracruz.com.mx\/?p=13758"},"modified":"2014-11-26T22:31:47","modified_gmt":"2014-11-27T04:31:47","slug":"karime-laila-marianel","status":"publish","type":"post","link":"https:\/\/lospoliticosveracruz.com\/?p=13758","title":{"rendered":"Karime, Laila, Marianel"},"content":{"rendered":"<p><a href=\"http:\/\/www.lospoliticosveracruz.com.mx\/wp-content\/uploads\/2014\/11\/Laila.jpg\"><img loading=\"lazy\" decoding=\"async\" class=\"alignnone size-medium wp-image-13757\" src=\"http:\/\/www.lospoliticosveracruz.com.mx\/wp-content\/uploads\/2014\/11\/Laila-300x281.jpg\" alt=\"Laila\" width=\"300\" height=\"281\" \/><\/a><\/p>\n<p><strong>Salvador Mu\u00f1oz<\/strong><\/p>\n<p><em>Los Pol\u00edticos<\/em><\/p>\n<p>&nbsp;<\/p>\n<p>Hoy pido a los lectores, a los amigos y a los pol\u00edticos, un gran favor\u2026 pres\u00e9ntenle a la se\u00f1ora Karime Mac\u00edas a Stevens Johnson.<br \/>\nS\u00ed, es posible que usted no conozca a Stevens Johnson, pero h\u00e1gale llegar este mensaje, no por m\u00ed, no por ella, no por ustedes, sino por Laila\u2026<br \/>\n\u00bfPor qu\u00e9 acudir a la se\u00f1ora Karime? Un poco por desesperaci\u00f3n; otro poco por esperanza; otro, porque creo que tiene la oportunidad, el poder, capacidad para hacer algo por Laila.<br \/>\nII<br \/>\nLaila Rosas Mar\u00edn tiene tres a\u00f1os. Lleva m\u00e1s de dos semanas luchando por su vida en la cama seis en Terapia Intensiva, en la cl\u00ednica del Seguro Social, Cuauht\u00e9moc norte, del puerto de Veracruz. Tiene el s\u00edndrome de Stevens Johnson.<br \/>\nLaila empez\u00f3 con lo que parec\u00eda una calentura, fiebre&#8230; todos los s\u00edntomas de una gripe. Quiz\u00e1s una reacci\u00f3n al medicamento, quiz\u00e1s una infecci\u00f3n, quiz\u00e1s una baja de defensas y empez\u00f3 su pesadilla.<br \/>\nAmpollas, \u00falceras en la boca, en los ojos, en su cara, en su cuerpo la fueron cubriendo ante la desesperaci\u00f3n de sus padres.<br \/>\nA dos semanas, aun con la atenci\u00f3n recibida en el \u00e1rea de pediatr\u00eda, los recursos econ\u00f3micos han menguado.<br \/>\nIII<br \/>\nPor eso, por el dolor que vive Laila y repercute en sus padres, me atrevo en esta ocasi\u00f3n al lector, a los amigos, a los pol\u00edticos, que hagan del conocimiento de la se\u00f1ora Karime la petici\u00f3n de ayuda de un padre, de una madre que ve sufrir a su hija y tambi\u00e9n ve c\u00f3mo los recursos que se tienen, van disminuyendo.<\/p>\n<p>El Cabo y Marianel<br \/>\nDos momentos emotivos. Ver salir a El Cabo, al final de su actuaci\u00f3n, con la bandera de M\u00e9xico, pidiendo por la paz y precisando que su trabajo es divertir, no hacer una apolog\u00eda del crimen organizado: \u201cEn M\u00e9xico y Colombia no queremos m\u00e1s narcotr\u00e1fico\u201d. Y vaya que logr\u00f3 divertirnos la noche del martes en el Teatro del Estado. Carcajadas, aplausos y hasta declaraciones de amor para El Cabo, personaje de las series \u201cEl C\u00e1rtel del Sapo\u201d y \u201cEl Se\u00f1or de los Cielos\u201d. Aunque realmente el momento m\u00e1s emotivo fue cuando pidi\u00f3 un aplauso para el verdadero motivo de esta reuni\u00f3n: Marianel Guadalupe Lazcano Luna, una joven que lucha contra la leucemia. El total recaudado en la taquilla fue para su tratamiento a instancias de El Cabo (Robinson D\u00edaz) y Mariana Yorio Saqui, presidenta del DIF municipal de Xalapa.<\/p>\n<p>Piden la cabeza<br \/>\nNo sab\u00eda que hubiera un Frente Estatal de Agentes y Sub Agentes Municipales, pero al menos, integrantes de la zona de Mart\u00ednez de la Torre se manifestaron para pedir al alcalde Rolando Olivares, la renuncia del secretario del Ayuntamiento, Andr\u00e9s Lara Quiroz.<br \/>\nAdelina Herrera Iquera, agente municipal de la comunidad de Ca\u00f1izo, se\u00f1al\u00f3 a Lara Quiroz de haber creado una barrera entre ellos y el alcalde; adem\u00e1s, dice que les ley\u00f3 la cartilla de que si pretenden alguna gesti\u00f3n, tiene que ser directamente con \u00e9l\u2026 hasta si iban a un evento, ten\u00edan que pedirle \u201cpermiso\u201d, si no, ser\u00edan \u201cvetados\u201d.<br \/>\n\u00bfSer\u00e1 por eso que algunos Agentes y Sub Agentes no llegaron el s\u00e1bado a la reuni\u00f3n con Alianza Generacional porque los retuvieron horas y horas en Palacio municipal bajo el pretexto de que les dar\u00edan beneficios para sus comunidades y al final, s\u00f3lo les dieron producto neto tra\u00eddo desde Xalapa? \u00a1puro chile!<br \/>\nComo sea, si este Frente Estatal de Agentes y Sub Agentes (ojo, electos democr\u00e1ticamente, a diferencia del susodicho) hace valer lo que considera justo, se ver\u00e1 de qu\u00e9 est\u00e1 hecho el alcalde de Mart\u00ednez de la Torre ante sus representados.<\/p>\n<p>smcainito@gmail.com<\/p>\n","protected":false},"excerpt":{"rendered":"<p>Salvador Mu\u00f1oz Los Pol\u00edticos &nbsp; Hoy pido a los lectores, a los amigos y a los pol\u00edticos, un gran favor\u2026 pres\u00e9ntenle a la se\u00f1ora Karime Mac\u00edas a Stevens Johnson. S\u00ed, es posible que usted no conozca a Stevens Johnson, pero h\u00e1gale llegar este mensaje, no por m\u00ed, no por ella, no por ustedes, sino por [&hellip;]<\/p>\n","protected":false},"author":2,"featured_media":0,"comment_status":"open","ping_status":"open","sticky":false,"template":"","format":"standard","meta":{"tdm_status":"","tdm_grid_status":"","footnotes":""},"categories":[70],"tags":[484,789,1022,1024,1023],"class_list":{"0":"post-13758","1":"post","2":"type-post","3":"status-publish","4":"format-standard","6":"category-de-opinion","7":"tag-el-cabo","8":"tag-karime-macias","9":"tag-laila-rosas-marin","10":"tag-marianel","11":"tag-stevens-johnson"},"yoast_head":"<!-- This site is optimized with the Yoast SEO plugin v27.4 - https:\/\/yoast.com\/product\/yoast-seo-wordpress\/ -->\n<title>Karime, Laila, Marianel - Los pol\u00edticos Veracruz<\/title>\n<meta name=\"robots\" content=\"index, follow, max-snippet:-1, max-image-preview:large, max-video-preview:-1\" \/>\n<link rel=\"canonical\" href=\"https:\/\/lospoliticosveracruz.com\/?p=13758\" \/>\n<meta property=\"og:locale\" content=\"es_ES\" \/>\n<meta property=\"og:type\" content=\"article\" \/>\n<meta property=\"og:title\" content=\"Karime, Laila, Marianel - Los pol\u00edticos Veracruz\" \/>\n<meta property=\"og:description\" content=\"Salvador Mu\u00f1oz Los Pol\u00edticos &nbsp; Hoy pido a los lectores, a los amigos y a los pol\u00edticos, un gran favor\u2026 pres\u00e9ntenle a la se\u00f1ora Karime Mac\u00edas a Stevens Johnson. S\u00ed, es posible que usted no conozca a Stevens Johnson, pero h\u00e1gale llegar este mensaje, no por m\u00ed, no por ella, no por ustedes, sino por [&hellip;]\" \/>\n<meta property=\"og:url\" content=\"https:\/\/lospoliticosveracruz.com\/?p=13758\" \/>\n<meta property=\"og:site_name\" content=\"Los pol\u00edticos Veracruz\" \/>\n<meta property=\"article:publisher\" content=\"https:\/\/www.facebook.com\/people\/Notimemes-de-los-Polticos\/61565672886568\/\" \/>\n<meta property=\"article:published_time\" content=\"2014-11-27T04:31:47+00:00\" \/>\n<meta property=\"og:image\" content=\"http:\/\/www.lospoliticosveracruz.com.mx\/wp-content\/uploads\/2014\/11\/Laila-300x281.jpg\" \/>\n<meta name=\"author\" content=\"Lo viste en Los Pol\u00edticos\" \/>\n<meta name=\"twitter:card\" content=\"summary_large_image\" \/>\n<meta name=\"twitter:creator\" content=\"@LosPoliticosVer\" \/>\n<meta name=\"twitter:site\" content=\"@LosPoliticosVer\" \/>\n<meta name=\"twitter:label1\" content=\"Escrito por\" \/>\n\t<meta name=\"twitter:data1\" content=\"Lo viste en Los Pol\u00edticos\" \/>\n\t<meta name=\"twitter:label2\" content=\"Tiempo de lectura\" \/>\n\t<meta name=\"twitter:data2\" content=\"3 minutos\" \/>\n<script type=\"application\/ld+json\" class=\"yoast-schema-graph\">{\"@context\":\"https:\\\/\\\/schema.org\",\"@graph\":[{\"@type\":\"Article\",\"@id\":\"https:\\\/\\\/lospoliticosveracruz.com\\\/?p=13758#article\",\"isPartOf\":{\"@id\":\"https:\\\/\\\/lospoliticosveracruz.com\\\/?p=13758\"},\"author\":{\"name\":\"Lo viste en Los Pol\u00edticos\",\"@id\":\"https:\\\/\\\/lospoliticosveracruz.com\\\/#\\\/schema\\\/person\\\/b8702bb0e538456e6efd07080bf2a4a2\"},\"headline\":\"Karime, Laila, Marianel\",\"datePublished\":\"2014-11-27T04:31:47+00:00\",\"mainEntityOfPage\":{\"@id\":\"https:\\\/\\\/lospoliticosveracruz.com\\\/?p=13758\"},\"wordCount\":663,\"commentCount\":0,\"publisher\":{\"@id\":\"https:\\\/\\\/lospoliticosveracruz.com\\\/#organization\"},\"image\":{\"@id\":\"https:\\\/\\\/lospoliticosveracruz.com\\\/?p=13758#primaryimage\"},\"thumbnailUrl\":\"http:\\\/\\\/www.lospoliticosveracruz.com.mx\\\/wp-content\\\/uploads\\\/2014\\\/11\\\/Laila-300x281.jpg\",\"keywords\":[\"El Cabo\",\"Karime Mac\u00edas\",\"Laila Rosas Mar\u00edn\",\"Marianel\",\"Stevens Johnson\"],\"articleSection\":[\"De Opini\u00f3n\"],\"inLanguage\":\"es\",\"potentialAction\":[{\"@type\":\"CommentAction\",\"name\":\"Comment\",\"target\":[\"https:\\\/\\\/lospoliticosveracruz.com\\\/?p=13758#respond\"]}]},{\"@type\":\"WebPage\",\"@id\":\"https:\\\/\\\/lospoliticosveracruz.com\\\/?p=13758\",\"url\":\"https:\\\/\\\/lospoliticosveracruz.com\\\/?p=13758\",\"name\":\"Karime, Laila, Marianel - Los pol\u00edticos Veracruz\",\"isPartOf\":{\"@id\":\"https:\\\/\\\/lospoliticosveracruz.com\\\/#website\"},\"primaryImageOfPage\":{\"@id\":\"https:\\\/\\\/lospoliticosveracruz.com\\\/?p=13758#primaryimage\"},\"image\":{\"@id\":\"https:\\\/\\\/lospoliticosveracruz.com\\\/?p=13758#primaryimage\"},\"thumbnailUrl\":\"http:\\\/\\\/www.lospoliticosveracruz.com.mx\\\/wp-content\\\/uploads\\\/2014\\\/11\\\/Laila-300x281.jpg\",\"datePublished\":\"2014-11-27T04:31:47+00:00\",\"breadcrumb\":{\"@id\":\"https:\\\/\\\/lospoliticosveracruz.com\\\/?p=13758#breadcrumb\"},\"inLanguage\":\"es\",\"potentialAction\":[{\"@type\":\"ReadAction\",\"target\":[\"https:\\\/\\\/lospoliticosveracruz.com\\\/?p=13758\"]}]},{\"@type\":\"ImageObject\",\"inLanguage\":\"es\",\"@id\":\"https:\\\/\\\/lospoliticosveracruz.com\\\/?p=13758#primaryimage\",\"url\":\"http:\\\/\\\/www.lospoliticosveracruz.com.mx\\\/wp-content\\\/uploads\\\/2014\\\/11\\\/Laila-300x281.jpg\",\"contentUrl\":\"http:\\\/\\\/www.lospoliticosveracruz.com.mx\\\/wp-content\\\/uploads\\\/2014\\\/11\\\/Laila-300x281.jpg\"},{\"@type\":\"BreadcrumbList\",\"@id\":\"https:\\\/\\\/lospoliticosveracruz.com\\\/?p=13758#breadcrumb\",\"itemListElement\":[{\"@type\":\"ListItem\",\"position\":1,\"name\":\"Portada\",\"item\":\"https:\\\/\\\/lospoliticosveracruz.com\\\/\"},{\"@type\":\"ListItem\",\"position\":2,\"name\":\"Karime, Laila, Marianel\"}]},{\"@type\":\"WebSite\",\"@id\":\"https:\\\/\\\/lospoliticosveracruz.com\\\/#website\",\"url\":\"https:\\\/\\\/lospoliticosveracruz.com\\\/\",\"name\":\"Los pol\u00edticos Veracruz\",\"description\":\"\",\"publisher\":{\"@id\":\"https:\\\/\\\/lospoliticosveracruz.com\\\/#organization\"},\"potentialAction\":[{\"@type\":\"SearchAction\",\"target\":{\"@type\":\"EntryPoint\",\"urlTemplate\":\"https:\\\/\\\/lospoliticosveracruz.com\\\/?s={search_term_string}\"},\"query-input\":{\"@type\":\"PropertyValueSpecification\",\"valueRequired\":true,\"valueName\":\"search_term_string\"}}],\"inLanguage\":\"es\"},{\"@type\":\"Organization\",\"@id\":\"https:\\\/\\\/lospoliticosveracruz.com\\\/#organization\",\"name\":\"Los pol\u00edticos Veracruz\",\"url\":\"https:\\\/\\\/lospoliticosveracruz.com\\\/\",\"logo\":{\"@type\":\"ImageObject\",\"inLanguage\":\"es\",\"@id\":\"https:\\\/\\\/lospoliticosveracruz.com\\\/#\\\/schema\\\/logo\\\/image\\\/\",\"url\":\"https:\\\/\\\/lospoliticosveracruz.com\\\/wp-content\\\/uploads\\\/2025\\\/12\\\/Logo-Nuevo-LOS-POLITICOS-1.jpg\",\"contentUrl\":\"https:\\\/\\\/lospoliticosveracruz.com\\\/wp-content\\\/uploads\\\/2025\\\/12\\\/Logo-Nuevo-LOS-POLITICOS-1.jpg\",\"width\":260,\"height\":70,\"caption\":\"Los pol\u00edticos Veracruz\"},\"image\":{\"@id\":\"https:\\\/\\\/lospoliticosveracruz.com\\\/#\\\/schema\\\/logo\\\/image\\\/\"},\"sameAs\":[\"https:\\\/\\\/www.facebook.com\\\/people\\\/Notimemes-de-los-Polticos\\\/61565672886568\\\/\",\"https:\\\/\\\/x.com\\\/LosPoliticosVer\"]},{\"@type\":\"Person\",\"@id\":\"https:\\\/\\\/lospoliticosveracruz.com\\\/#\\\/schema\\\/person\\\/b8702bb0e538456e6efd07080bf2a4a2\",\"name\":\"Lo viste en Los Pol\u00edticos\",\"image\":{\"@type\":\"ImageObject\",\"inLanguage\":\"es\",\"@id\":\"https:\\\/\\\/secure.gravatar.com\\\/avatar\\\/3a8de04a2656d44082be478bd6c086daa447c4651605818287b9532d3d0bd435?s=96&d=mm&r=g\",\"url\":\"https:\\\/\\\/secure.gravatar.com\\\/avatar\\\/3a8de04a2656d44082be478bd6c086daa447c4651605818287b9532d3d0bd435?s=96&d=mm&r=g\",\"contentUrl\":\"https:\\\/\\\/secure.gravatar.com\\\/avatar\\\/3a8de04a2656d44082be478bd6c086daa447c4651605818287b9532d3d0bd435?s=96&d=mm&r=g\",\"caption\":\"Lo viste en Los Pol\u00edticos\"},\"url\":\"https:\\\/\\\/lospoliticosveracruz.com\\\/?author=2\"}]}<\/script>\n<!-- \/ Yoast SEO plugin. -->","yoast_head_json":{"title":"Karime, Laila, Marianel - Los pol\u00edticos Veracruz","robots":{"index":"index","follow":"follow","max-snippet":"max-snippet:-1","max-image-preview":"max-image-preview:large","max-video-preview":"max-video-preview:-1"},"canonical":"https:\/\/lospoliticosveracruz.com\/?p=13758","og_locale":"es_ES","og_type":"article","og_title":"Karime, Laila, Marianel - Los pol\u00edticos Veracruz","og_description":"Salvador Mu\u00f1oz Los Pol\u00edticos &nbsp; Hoy pido a los lectores, a los amigos y a los pol\u00edticos, un gran favor\u2026 pres\u00e9ntenle a la se\u00f1ora Karime Mac\u00edas a Stevens Johnson. S\u00ed, es posible que usted no conozca a Stevens Johnson, pero h\u00e1gale llegar este mensaje, no por m\u00ed, no por ella, no por ustedes, sino por [&hellip;]","og_url":"https:\/\/lospoliticosveracruz.com\/?p=13758","og_site_name":"Los pol\u00edticos Veracruz","article_publisher":"https:\/\/www.facebook.com\/people\/Notimemes-de-los-Polticos\/61565672886568\/","article_published_time":"2014-11-27T04:31:47+00:00","og_image":[{"url":"http:\/\/www.lospoliticosveracruz.com.mx\/wp-content\/uploads\/2014\/11\/Laila-300x281.jpg","type":"","width":"","height":""}],"author":"Lo viste en Los Pol\u00edticos","twitter_card":"summary_large_image","twitter_creator":"@LosPoliticosVer","twitter_site":"@LosPoliticosVer","twitter_misc":{"Escrito por":"Lo viste en Los Pol\u00edticos","Tiempo de lectura":"3 minutos"},"schema":{"@context":"https:\/\/schema.org","@graph":[{"@type":"Article","@id":"https:\/\/lospoliticosveracruz.com\/?p=13758#article","isPartOf":{"@id":"https:\/\/lospoliticosveracruz.com\/?p=13758"},"author":{"name":"Lo viste en Los Pol\u00edticos","@id":"https:\/\/lospoliticosveracruz.com\/#\/schema\/person\/b8702bb0e538456e6efd07080bf2a4a2"},"headline":"Karime, Laila, Marianel","datePublished":"2014-11-27T04:31:47+00:00","mainEntityOfPage":{"@id":"https:\/\/lospoliticosveracruz.com\/?p=13758"},"wordCount":663,"commentCount":0,"publisher":{"@id":"https:\/\/lospoliticosveracruz.com\/#organization"},"image":{"@id":"https:\/\/lospoliticosveracruz.com\/?p=13758#primaryimage"},"thumbnailUrl":"http:\/\/www.lospoliticosveracruz.com.mx\/wp-content\/uploads\/2014\/11\/Laila-300x281.jpg","keywords":["El Cabo","Karime Mac\u00edas","Laila Rosas Mar\u00edn","Marianel","Stevens Johnson"],"articleSection":["De Opini\u00f3n"],"inLanguage":"es","potentialAction":[{"@type":"CommentAction","name":"Comment","target":["https:\/\/lospoliticosveracruz.com\/?p=13758#respond"]}]},{"@type":"WebPage","@id":"https:\/\/lospoliticosveracruz.com\/?p=13758","url":"https:\/\/lospoliticosveracruz.com\/?p=13758","name":"Karime, Laila, Marianel - Los pol\u00edticos Veracruz","isPartOf":{"@id":"https:\/\/lospoliticosveracruz.com\/#website"},"primaryImageOfPage":{"@id":"https:\/\/lospoliticosveracruz.com\/?p=13758#primaryimage"},"image":{"@id":"https:\/\/lospoliticosveracruz.com\/?p=13758#primaryimage"},"thumbnailUrl":"http:\/\/www.lospoliticosveracruz.com.mx\/wp-content\/uploads\/2014\/11\/Laila-300x281.jpg","datePublished":"2014-11-27T04:31:47+00:00","breadcrumb":{"@id":"https:\/\/lospoliticosveracruz.com\/?p=13758#breadcrumb"},"inLanguage":"es","potentialAction":[{"@type":"ReadAction","target":["https:\/\/lospoliticosveracruz.com\/?p=13758"]}]},{"@type":"ImageObject","inLanguage":"es","@id":"https:\/\/lospoliticosveracruz.com\/?p=13758#primaryimage","url":"http:\/\/www.lospoliticosveracruz.com.mx\/wp-content\/uploads\/2014\/11\/Laila-300x281.jpg","contentUrl":"http:\/\/www.lospoliticosveracruz.com.mx\/wp-content\/uploads\/2014\/11\/Laila-300x281.jpg"},{"@type":"BreadcrumbList","@id":"https:\/\/lospoliticosveracruz.com\/?p=13758#breadcrumb","itemListElement":[{"@type":"ListItem","position":1,"name":"Portada","item":"https:\/\/lospoliticosveracruz.com\/"},{"@type":"ListItem","position":2,"name":"Karime, Laila, Marianel"}]},{"@type":"WebSite","@id":"https:\/\/lospoliticosveracruz.com\/#website","url":"https:\/\/lospoliticosveracruz.com\/","name":"Los pol\u00edticos Veracruz","description":"","publisher":{"@id":"https:\/\/lospoliticosveracruz.com\/#organization"},"potentialAction":[{"@type":"SearchAction","target":{"@type":"EntryPoint","urlTemplate":"https:\/\/lospoliticosveracruz.com\/?s={search_term_string}"},"query-input":{"@type":"PropertyValueSpecification","valueRequired":true,"valueName":"search_term_string"}}],"inLanguage":"es"},{"@type":"Organization","@id":"https:\/\/lospoliticosveracruz.com\/#organization","name":"Los pol\u00edticos Veracruz","url":"https:\/\/lospoliticosveracruz.com\/","logo":{"@type":"ImageObject","inLanguage":"es","@id":"https:\/\/lospoliticosveracruz.com\/#\/schema\/logo\/image\/","url":"https:\/\/lospoliticosveracruz.com\/wp-content\/uploads\/2025\/12\/Logo-Nuevo-LOS-POLITICOS-1.jpg","contentUrl":"https:\/\/lospoliticosveracruz.com\/wp-content\/uploads\/2025\/12\/Logo-Nuevo-LOS-POLITICOS-1.jpg","width":260,"height":70,"caption":"Los pol\u00edticos Veracruz"},"image":{"@id":"https:\/\/lospoliticosveracruz.com\/#\/schema\/logo\/image\/"},"sameAs":["https:\/\/www.facebook.com\/people\/Notimemes-de-los-Polticos\/61565672886568\/","https:\/\/x.com\/LosPoliticosVer"]},{"@type":"Person","@id":"https:\/\/lospoliticosveracruz.com\/#\/schema\/person\/b8702bb0e538456e6efd07080bf2a4a2","name":"Lo viste en Los Pol\u00edticos","image":{"@type":"ImageObject","inLanguage":"es","@id":"https:\/\/secure.gravatar.com\/avatar\/3a8de04a2656d44082be478bd6c086daa447c4651605818287b9532d3d0bd435?s=96&d=mm&r=g","url":"https:\/\/secure.gravatar.com\/avatar\/3a8de04a2656d44082be478bd6c086daa447c4651605818287b9532d3d0bd435?s=96&d=mm&r=g","contentUrl":"https:\/\/secure.gravatar.com\/avatar\/3a8de04a2656d44082be478bd6c086daa447c4651605818287b9532d3d0bd435?s=96&d=mm&r=g","caption":"Lo viste en Los Pol\u00edticos"},"url":"https:\/\/lospoliticosveracruz.com\/?author=2"}]}},"_links":{"self":[{"href":"https:\/\/lospoliticosveracruz.com\/index.php?rest_route=\/wp\/v2\/posts\/13758","targetHints":{"allow":["GET"]}}],"collection":[{"href":"https:\/\/lospoliticosveracruz.com\/index.php?rest_route=\/wp\/v2\/posts"}],"about":[{"href":"https:\/\/lospoliticosveracruz.com\/index.php?rest_route=\/wp\/v2\/types\/post"}],"author":[{"embeddable":true,"href":"https:\/\/lospoliticosveracruz.com\/index.php?rest_route=\/wp\/v2\/users\/2"}],"replies":[{"embeddable":true,"href":"https:\/\/lospoliticosveracruz.com\/index.php?rest_route=%2Fwp%2Fv2%2Fcomments&post=13758"}],"version-history":[{"count":1,"href":"https:\/\/lospoliticosveracruz.com\/index.php?rest_route=\/wp\/v2\/posts\/13758\/revisions"}],"predecessor-version":[{"id":13759,"href":"https:\/\/lospoliticosveracruz.com\/index.php?rest_route=\/wp\/v2\/posts\/13758\/revisions\/13759"}],"wp:attachment":[{"href":"https:\/\/lospoliticosveracruz.com\/index.php?rest_route=%2Fwp%2Fv2%2Fmedia&parent=13758"}],"wp:term":[{"taxonomy":"category","embeddable":true,"href":"https:\/\/lospoliticosveracruz.com\/index.php?rest_route=%2Fwp%2Fv2%2Fcategories&post=13758"},{"taxonomy":"post_tag","embeddable":true,"href":"https:\/\/lospoliticosveracruz.com\/index.php?rest_route=%2Fwp%2Fv2%2Ftags&post=13758"}],"curies":[{"name":"wp","href":"https:\/\/api.w.org\/{rel}","templated":true}]}}