{"id":137699,"date":"2025-02-12T22:31:11","date_gmt":"2025-02-13T04:31:11","guid":{"rendered":"https:\/\/lospoliticosveracruz.com.mx\/?p=137699"},"modified":"2025-02-12T22:31:19","modified_gmt":"2025-02-13T04:31:19","slug":"fiscalia-ahi-viene-el-lobo","status":"publish","type":"post","link":"https:\/\/lospoliticosveracruz.com\/?p=137699","title":{"rendered":"FISCAL\u00cdA\u2026 AH\u00cd VIENE EL LOBO"},"content":{"rendered":"\n<p>S\u00edguenos ahora tambi\u00e9n en WhatsApp.&nbsp;<a href=\"https:\/\/whatsapp.com\/channel\/0029Va8zRWlEKyZIP3Z1dF0e\"><em><strong>Da clic aqu\u00ed<\/strong><\/em><\/a><\/p>\n\n\n\n<p><strong>Manolo Victorio<\/strong><\/p>\n\n\n\n<p><em>Carpe Diem<\/em><\/p>\n\n\n\n<p>\u200bEl bucle hist\u00f3rico de las salidas intempestivas de los fiscales de justicia, antes de terminar el encargo constitucional de los 9 a\u00f1os al frente de la Fiscal\u00eda General del Estado en Veracruz, vuelve a caer en la casilla de la diputaci\u00f3n permanente.<\/p>\n\n\n\n<p>La trillada remoci\u00f3n del oaxaque\u00f1o Jorge Winckler Ortiz se dio el 03 de septiembre de 2019 en el marco de la tercera sesi\u00f3n ordinaria del segundo receso del primer a\u00f1o de ejercicio constitucional de la LXV Legislatura, en la sala de sesiones Venustiano Carranza.<\/p>\n\n\n\n<p>Fue una votaci\u00f3n trompicada, acelerada pero decisiva donde se dio por votaci\u00f3n econ\u00f3mica, entrada a un punto de acuerdo que le cort\u00f3 la testa al fiscal yunista.<\/p>\n\n\n\n<p>El documento presentado&nbsp; por la Junta de Coordinaci\u00f3n Pol\u00edtica, presidida Juan Javier G\u00f3mez Cazar\u00edn, inclu\u00eda la propuesta de cesar al fiscal rebelde que tra\u00eda en jaque a Cuitl\u00e1huac Garc\u00eda Jim\u00e9nez, \u201cdada la gravedad, urgencia y necesidad de evitar da\u00f1os irreparables a derechos fundamentales de los veracruzanos en materia de procuraci\u00f3n de justicia, tutela judicial efectiva y seguridad jur\u00eddica, como medida cautelar, control y defensa de la supremac\u00eda constitucional se resuelve separar temporalmente al C. Jorge Winckler Ortiz del cargo de Fiscal General del Estado por el presunto incumplimiento del mandato constitucional de contar con certificaci\u00f3n, revalidaci\u00f3n y registro correspondientes, necesarios para el ingreso y permanencia en el cargo, tal y como lo informan las autoridades con competencia para su emisi\u00f3n. Garantiz\u00e1ndose en todo momento la remuneraci\u00f3n que en derecho proceda\u201d.<\/p>\n\n\n\n<p>La historia de su sucesora, Ver\u00f3nica Hern\u00e1ndez Giad\u00e1ns es muy parecida.<\/p>\n\n\n\n<p>Las se\u00f1ales que se asemejan al cuento de \u2018Pedro y el lobo\u2019 parece que ahora s\u00ed aterrizar\u00e1n en una realidad: la salida de Ver\u00f3nica Hern\u00e1ndez Giad\u00e1ns de la Fiscal\u00eda General del Estado.<\/p>\n\n\n\n<p>En su m\u00e1s reciente comparecencia, la fiscal veracruzana fue fustigada duramente por las madres buscadoras del Colectivo Solecito de Veracruz, quienes se manifestaron a las afueras del Congreso del estado en exigencia de su renuncia.<\/p>\n\n\n\n<p>\u201cSi ella habla que hay avances en t\u00e9rminos de justicia, est\u00e1 mintiendo, porque no los hay, (\u2026) si ella no tiene inter\u00e9s en encontrar desaparecidos, ella no est\u00e1 para este trabajo y ya lo demostr\u00f3\u201d (La Jornada, mi\u00e9rcoles 12 de febrero de 2025) sentenci\u00f3 Luc\u00eda D\u00edaz Genao, vocera de Solecito.<\/p>\n\n\n\n<p>La sexag\u00e9sima s\u00e9ptima legislatura veracruzana disfruta del primer receso del primer a\u00f1o legislativo.<\/p>\n\n\n\n<p>Los temas relevantes en la vida constitucional del estado, est\u00e1n en manos de la diputaci\u00f3n permanente.<\/p>\n\n\n\n<p>La renuncia de la abogada Ver\u00f3nica Hern\u00e1ndez Giad\u00e1ns, \u201cpresentada la ma\u00f1ana de este martes 4 de febrero de 2025. La decisi\u00f3n fue confirmada mediante su equipo cercano y personal de la Fiscal\u00eda General del Estado, en el que Hern\u00e1ndez Giad\u00e1ns expres\u00f3 que su dimisi\u00f3n responde a motivos personales y a la necesidad de abrir paso a una nueva etapa en la procuraci\u00f3n de justicia de la entidad\u201d, reza el lead de la nota informativa del portal dineromasnegocios.com que da como hecho confirmado la separaci\u00f3n voluntaria de la fiscal.<\/p>\n\n\n\n<p>Si la versi\u00f3n se confirma en las horas por transcurrir, ser\u00e1 la Diputaci\u00f3n Permanente de esta LXVII Legislatura, cuya presidencia est\u00e1 a cargo de la diputada Tanya Carola Viveros Ch\u00e1zaro; quien tiene a Tania Mar\u00eda Cruz Mej\u00eda como vicepresidenta y a Felipe Pineda Barradas, como secretario, ser\u00e1n los encargados de convocar a los vocales Ingrid Jenny Calder\u00f3n Dom\u00ednguez, Paul Mart\u00ednez Marie, Antonio Ballesteros Grayeb, Daniela Flores Barnils, Naomi Edith G\u00f3mez Santos, Elizabeth Morales Garc\u00eda e Indira de Jes\u00fas Rosales San Rom\u00e1n, quienes tendr\u00e1n que nombrar un encargado o encargada de despacho en la FGE.<\/p>\n\n\n\n<p>Como sol\u00eda citar el extinto periodista Milo Vela cuando deseaba cubrir con el manto del anonimato a una fuente informativa, \u2018nuestro chambero\u00b4 a intramuros de Palacio de Gobierno sostiene que ya fueron enviados al altiplano tres expedientes a los \u00f3rganos de inteligencia de la plataforma del Secretariado Ejecutivo del Sistema Nacional de Seguridad P\u00fablica y de la Secretaria de la Defensa Nacional, que hacen el mapeo de tres curr\u00edculas a saber:<\/p>\n\n\n\n<p>A.\u200bLeslie M\u00f3nica Garibo Puga, quien viene de desempe\u00f1arse como titular de la Jefatura de Unidad de Asuntos Jur\u00eddicos de la Secretar\u00eda de Energ\u00eda, bajo las \u00f3rdenes de Norma Roc\u00edo Nahle Garc\u00eda.<\/p>\n\n\n\n<p>Garibo Puga trae ya el timing con la gobernadora, en acepci\u00f3n de la referencia a la organizaci\u00f3n del tiempo, administraci\u00f3n de las horas por medio de plazos y planes establecidos.<\/p>\n\n\n\n<p>Y la justicia apremia ante la urgencia de lo expedito e inmediato.<\/p>\n\n\n\n<p>Algunos colaboradores de la abogada Garibo sostienen que, desde su oficina, en la SENER, se confeccionaron algunas l\u00edneas de acci\u00f3n que hoy aterrizan en la llamada reforma al poder judicial, concretamente en la elecci\u00f3n de jueces, ministros y magistrados, proyectada constitucionalmente para el primer domingo de junio del 2025.<\/p>\n\n\n\n<p>Las cartas credenciales que trae Leslie Garibo est\u00e1n m\u00e1s que sometidas a la prueba del escrutinio del profesionalismo.<\/p>\n\n\n\n<p>La cercan\u00eda con la gobernadora Nahle s\u00f3lo ser\u00eda la guinda del pastel.<\/p>\n\n\n\n<p>Adem\u00e1s, es tiempo de mujeres, escrib\u00edamos el 04 de diciembre del 2024.<\/p>\n\n\n\n<p>B.\u200bDavid Agust\u00edn Jim\u00e9nez Rojas, presidente del IVAI que est\u00e1 en v\u00edas de extinci\u00f3n, el segundo mejor preparado en temas jur\u00eddicos, seg\u00fan los visores de la terna.<\/p>\n\n\n\n<p>C.\u200bDiego Casta\u00f1eda Aburto, diputado local morenista, quien present\u00f3 27 de noviembre de 2024, una iniciativa de decreto que reforma y adiciona diversas disposiciones de la Constituci\u00f3n Pol\u00edtica local, en materia de procuraci\u00f3n de justicia, que contempla bajar de nueve a cuatro a\u00f1os el periodo en el cargo de titular de la Fiscal\u00eda General del Estado, determina m\u00e1s requisitos, establece como obligaci\u00f3n someterse a evaluaciones de desempe\u00f1o y prev\u00e9 la participaci\u00f3n de los poderes Ejecutivo y Legislativo en la designaci\u00f3n.<\/p>\n\n\n\n<p>Si la flecha del indicador cae en la casilla del legislador morenista Casta\u00f1eda, se cumplir\u00edan dos supuestos: La oportunidad para crecer profesionalmente \u2013algunos malquerientes dicen que ya se ufanaba a priori de su llegada a la fiscal\u00eda rompiendo las formas al rodearse de guarros con chicharos de intercomunicaci\u00f3n y chalecos que disimulan la portaci\u00f3n de armas tipo escuadra- ascenso que supondr\u00eda en esa carambola sacar de la jugada partidista a Esteban Ram\u00edrez Zepeta, quien tendr\u00eda que tomar protesta como diputado propietario para no dejar la curul vac\u00eda por mucho tiempo.<\/p>\n\n\n\n<p>La decisi\u00f3n de quien ser\u00e1 titular en la FGE est\u00e1 tomada. Solo hace falta la ratificaci\u00f3n, el V.\u00ba B.\u00ba. desde la ciudad de los palacios.<\/p>\n\n\n\n<p>Es tiempo de mujeres, pesa el concepto como losa de P\u00edpila para los dos aspirantes varones.<\/p>\n\n\n\n<p>columnacarpediem@gmail.com<\/p>\n","protected":false},"excerpt":{"rendered":"<p>S\u00edguenos ahora tambi\u00e9n en WhatsApp.&nbsp;Da clic aqu\u00ed Manolo Victorio Carpe Diem \u200bEl bucle hist\u00f3rico de las salidas intempestivas de los fiscales de justicia, antes de terminar el encargo constitucional de los 9 a\u00f1os al frente de la Fiscal\u00eda General del Estado en Veracruz, vuelve a caer en la casilla de la diputaci\u00f3n permanente. La trillada [&hellip;]<\/p>\n","protected":false},"author":2,"featured_media":119925,"comment_status":"closed","ping_status":"closed","sticky":false,"template":"","format":"standard","meta":{"tdm_status":"","tdm_grid_status":"","footnotes":""},"categories":[70],"tags":[38895,28396],"class_list":{"0":"post-137699","1":"post","2":"type-post","3":"status-publish","4":"format-standard","5":"has-post-thumbnail","7":"category-de-opinion","8":"tag-fiscalia-general-del-estado-en-veracruz","9":"tag-manolo-victorio"},"yoast_head":"<!-- This site is optimized with the Yoast SEO plugin v27.4 - https:\/\/yoast.com\/product\/yoast-seo-wordpress\/ -->\n<title>FISCAL\u00cdA\u2026 AH\u00cd VIENE EL LOBO - Los pol\u00edticos Veracruz<\/title>\n<meta name=\"robots\" content=\"index, follow, max-snippet:-1, max-image-preview:large, max-video-preview:-1\" \/>\n<link rel=\"canonical\" href=\"https:\/\/lospoliticosveracruz.com\/?p=137699\" \/>\n<meta property=\"og:locale\" content=\"es_ES\" \/>\n<meta property=\"og:type\" content=\"article\" \/>\n<meta property=\"og:title\" content=\"FISCAL\u00cdA\u2026 AH\u00cd VIENE EL LOBO - Los pol\u00edticos Veracruz\" \/>\n<meta property=\"og:description\" content=\"S\u00edguenos ahora tambi\u00e9n en WhatsApp.&nbsp;Da clic aqu\u00ed Manolo Victorio Carpe Diem \u200bEl bucle hist\u00f3rico de las salidas intempestivas de los fiscales de justicia, antes de terminar el encargo constitucional de los 9 a\u00f1os al frente de la Fiscal\u00eda General del Estado en Veracruz, vuelve a caer en la casilla de la diputaci\u00f3n permanente. La trillada [&hellip;]\" \/>\n<meta property=\"og:url\" content=\"https:\/\/lospoliticosveracruz.com\/?p=137699\" \/>\n<meta property=\"og:site_name\" content=\"Los pol\u00edticos Veracruz\" \/>\n<meta property=\"article:publisher\" content=\"https:\/\/www.facebook.com\/people\/Notimemes-de-los-Polticos\/61565672886568\/\" \/>\n<meta property=\"article:published_time\" content=\"2025-02-13T04:31:11+00:00\" \/>\n<meta property=\"article:modified_time\" content=\"2025-02-13T04:31:19+00:00\" \/>\n<meta property=\"og:image\" content=\"https:\/\/lospoliticosveracruz.com\/wp-content\/uploads\/2024\/03\/Manolo-Victorio.jpg\" \/>\n\t<meta property=\"og:image:width\" content=\"1250\" \/>\n\t<meta property=\"og:image:height\" content=\"667\" \/>\n\t<meta property=\"og:image:type\" content=\"image\/jpeg\" \/>\n<meta name=\"author\" content=\"Lo viste en Los Pol\u00edticos\" \/>\n<meta name=\"twitter:card\" content=\"summary_large_image\" \/>\n<meta name=\"twitter:creator\" content=\"@LosPoliticosVer\" \/>\n<meta name=\"twitter:site\" content=\"@LosPoliticosVer\" \/>\n<meta name=\"twitter:label1\" content=\"Escrito por\" \/>\n\t<meta name=\"twitter:data1\" content=\"Lo viste en Los Pol\u00edticos\" \/>\n\t<meta name=\"twitter:label2\" content=\"Tiempo de lectura\" \/>\n\t<meta name=\"twitter:data2\" content=\"6 minutos\" \/>\n<script type=\"application\/ld+json\" class=\"yoast-schema-graph\">{\"@context\":\"https:\\\/\\\/schema.org\",\"@graph\":[{\"@type\":\"Article\",\"@id\":\"https:\\\/\\\/lospoliticosveracruz.com\\\/?p=137699#article\",\"isPartOf\":{\"@id\":\"https:\\\/\\\/lospoliticosveracruz.com\\\/?p=137699\"},\"author\":{\"name\":\"Lo viste en Los Pol\u00edticos\",\"@id\":\"https:\\\/\\\/lospoliticosveracruz.com\\\/#\\\/schema\\\/person\\\/b8702bb0e538456e6efd07080bf2a4a2\"},\"headline\":\"FISCAL\u00cdA\u2026 AH\u00cd VIENE EL LOBO\",\"datePublished\":\"2025-02-13T04:31:11+00:00\",\"dateModified\":\"2025-02-13T04:31:19+00:00\",\"mainEntityOfPage\":{\"@id\":\"https:\\\/\\\/lospoliticosveracruz.com\\\/?p=137699\"},\"wordCount\":1195,\"publisher\":{\"@id\":\"https:\\\/\\\/lospoliticosveracruz.com\\\/#organization\"},\"image\":{\"@id\":\"https:\\\/\\\/lospoliticosveracruz.com\\\/?p=137699#primaryimage\"},\"thumbnailUrl\":\"https:\\\/\\\/lospoliticosveracruz.com\\\/wp-content\\\/uploads\\\/2024\\\/03\\\/Manolo-Victorio.jpg\",\"keywords\":[\"Fiscal\u00eda General del Estado en Veracruz\",\"Manolo Victorio\"],\"articleSection\":[\"De Opini\u00f3n\"],\"inLanguage\":\"es\"},{\"@type\":\"WebPage\",\"@id\":\"https:\\\/\\\/lospoliticosveracruz.com\\\/?p=137699\",\"url\":\"https:\\\/\\\/lospoliticosveracruz.com\\\/?p=137699\",\"name\":\"FISCAL\u00cdA\u2026 AH\u00cd VIENE EL LOBO - Los pol\u00edticos Veracruz\",\"isPartOf\":{\"@id\":\"https:\\\/\\\/lospoliticosveracruz.com\\\/#website\"},\"primaryImageOfPage\":{\"@id\":\"https:\\\/\\\/lospoliticosveracruz.com\\\/?p=137699#primaryimage\"},\"image\":{\"@id\":\"https:\\\/\\\/lospoliticosveracruz.com\\\/?p=137699#primaryimage\"},\"thumbnailUrl\":\"https:\\\/\\\/lospoliticosveracruz.com\\\/wp-content\\\/uploads\\\/2024\\\/03\\\/Manolo-Victorio.jpg\",\"datePublished\":\"2025-02-13T04:31:11+00:00\",\"dateModified\":\"2025-02-13T04:31:19+00:00\",\"breadcrumb\":{\"@id\":\"https:\\\/\\\/lospoliticosveracruz.com\\\/?p=137699#breadcrumb\"},\"inLanguage\":\"es\",\"potentialAction\":[{\"@type\":\"ReadAction\",\"target\":[\"https:\\\/\\\/lospoliticosveracruz.com\\\/?p=137699\"]}]},{\"@type\":\"ImageObject\",\"inLanguage\":\"es\",\"@id\":\"https:\\\/\\\/lospoliticosveracruz.com\\\/?p=137699#primaryimage\",\"url\":\"https:\\\/\\\/lospoliticosveracruz.com\\\/wp-content\\\/uploads\\\/2024\\\/03\\\/Manolo-Victorio.jpg\",\"contentUrl\":\"https:\\\/\\\/lospoliticosveracruz.com\\\/wp-content\\\/uploads\\\/2024\\\/03\\\/Manolo-Victorio.jpg\",\"width\":1250,\"height\":667},{\"@type\":\"BreadcrumbList\",\"@id\":\"https:\\\/\\\/lospoliticosveracruz.com\\\/?p=137699#breadcrumb\",\"itemListElement\":[{\"@type\":\"ListItem\",\"position\":1,\"name\":\"Portada\",\"item\":\"https:\\\/\\\/lospoliticosveracruz.com\\\/\"},{\"@type\":\"ListItem\",\"position\":2,\"name\":\"FISCAL\u00cdA\u2026 AH\u00cd VIENE EL LOBO\"}]},{\"@type\":\"WebSite\",\"@id\":\"https:\\\/\\\/lospoliticosveracruz.com\\\/#website\",\"url\":\"https:\\\/\\\/lospoliticosveracruz.com\\\/\",\"name\":\"Los pol\u00edticos Veracruz\",\"description\":\"\",\"publisher\":{\"@id\":\"https:\\\/\\\/lospoliticosveracruz.com\\\/#organization\"},\"potentialAction\":[{\"@type\":\"SearchAction\",\"target\":{\"@type\":\"EntryPoint\",\"urlTemplate\":\"https:\\\/\\\/lospoliticosveracruz.com\\\/?s={search_term_string}\"},\"query-input\":{\"@type\":\"PropertyValueSpecification\",\"valueRequired\":true,\"valueName\":\"search_term_string\"}}],\"inLanguage\":\"es\"},{\"@type\":\"Organization\",\"@id\":\"https:\\\/\\\/lospoliticosveracruz.com\\\/#organization\",\"name\":\"Los pol\u00edticos Veracruz\",\"url\":\"https:\\\/\\\/lospoliticosveracruz.com\\\/\",\"logo\":{\"@type\":\"ImageObject\",\"inLanguage\":\"es\",\"@id\":\"https:\\\/\\\/lospoliticosveracruz.com\\\/#\\\/schema\\\/logo\\\/image\\\/\",\"url\":\"https:\\\/\\\/lospoliticosveracruz.com\\\/wp-content\\\/uploads\\\/2025\\\/12\\\/Logo-Nuevo-LOS-POLITICOS-1.jpg\",\"contentUrl\":\"https:\\\/\\\/lospoliticosveracruz.com\\\/wp-content\\\/uploads\\\/2025\\\/12\\\/Logo-Nuevo-LOS-POLITICOS-1.jpg\",\"width\":260,\"height\":70,\"caption\":\"Los pol\u00edticos Veracruz\"},\"image\":{\"@id\":\"https:\\\/\\\/lospoliticosveracruz.com\\\/#\\\/schema\\\/logo\\\/image\\\/\"},\"sameAs\":[\"https:\\\/\\\/www.facebook.com\\\/people\\\/Notimemes-de-los-Polticos\\\/61565672886568\\\/\",\"https:\\\/\\\/x.com\\\/LosPoliticosVer\"]},{\"@type\":\"Person\",\"@id\":\"https:\\\/\\\/lospoliticosveracruz.com\\\/#\\\/schema\\\/person\\\/b8702bb0e538456e6efd07080bf2a4a2\",\"name\":\"Lo viste en Los Pol\u00edticos\",\"image\":{\"@type\":\"ImageObject\",\"inLanguage\":\"es\",\"@id\":\"https:\\\/\\\/secure.gravatar.com\\\/avatar\\\/3a8de04a2656d44082be478bd6c086daa447c4651605818287b9532d3d0bd435?s=96&d=mm&r=g\",\"url\":\"https:\\\/\\\/secure.gravatar.com\\\/avatar\\\/3a8de04a2656d44082be478bd6c086daa447c4651605818287b9532d3d0bd435?s=96&d=mm&r=g\",\"contentUrl\":\"https:\\\/\\\/secure.gravatar.com\\\/avatar\\\/3a8de04a2656d44082be478bd6c086daa447c4651605818287b9532d3d0bd435?s=96&d=mm&r=g\",\"caption\":\"Lo viste en Los Pol\u00edticos\"},\"url\":\"https:\\\/\\\/lospoliticosveracruz.com\\\/?author=2\"}]}<\/script>\n<!-- \/ Yoast SEO plugin. -->","yoast_head_json":{"title":"FISCAL\u00cdA\u2026 AH\u00cd VIENE EL LOBO - Los pol\u00edticos Veracruz","robots":{"index":"index","follow":"follow","max-snippet":"max-snippet:-1","max-image-preview":"max-image-preview:large","max-video-preview":"max-video-preview:-1"},"canonical":"https:\/\/lospoliticosveracruz.com\/?p=137699","og_locale":"es_ES","og_type":"article","og_title":"FISCAL\u00cdA\u2026 AH\u00cd VIENE EL LOBO - Los pol\u00edticos Veracruz","og_description":"S\u00edguenos ahora tambi\u00e9n en WhatsApp.&nbsp;Da clic aqu\u00ed Manolo Victorio Carpe Diem \u200bEl bucle hist\u00f3rico de las salidas intempestivas de los fiscales de justicia, antes de terminar el encargo constitucional de los 9 a\u00f1os al frente de la Fiscal\u00eda General del Estado en Veracruz, vuelve a caer en la casilla de la diputaci\u00f3n permanente. La trillada [&hellip;]","og_url":"https:\/\/lospoliticosveracruz.com\/?p=137699","og_site_name":"Los pol\u00edticos Veracruz","article_publisher":"https:\/\/www.facebook.com\/people\/Notimemes-de-los-Polticos\/61565672886568\/","article_published_time":"2025-02-13T04:31:11+00:00","article_modified_time":"2025-02-13T04:31:19+00:00","og_image":[{"width":1250,"height":667,"url":"https:\/\/lospoliticosveracruz.com\/wp-content\/uploads\/2024\/03\/Manolo-Victorio.jpg","type":"image\/jpeg"}],"author":"Lo viste en Los Pol\u00edticos","twitter_card":"summary_large_image","twitter_creator":"@LosPoliticosVer","twitter_site":"@LosPoliticosVer","twitter_misc":{"Escrito por":"Lo viste en Los Pol\u00edticos","Tiempo de lectura":"6 minutos"},"schema":{"@context":"https:\/\/schema.org","@graph":[{"@type":"Article","@id":"https:\/\/lospoliticosveracruz.com\/?p=137699#article","isPartOf":{"@id":"https:\/\/lospoliticosveracruz.com\/?p=137699"},"author":{"name":"Lo viste en Los Pol\u00edticos","@id":"https:\/\/lospoliticosveracruz.com\/#\/schema\/person\/b8702bb0e538456e6efd07080bf2a4a2"},"headline":"FISCAL\u00cdA\u2026 AH\u00cd VIENE EL LOBO","datePublished":"2025-02-13T04:31:11+00:00","dateModified":"2025-02-13T04:31:19+00:00","mainEntityOfPage":{"@id":"https:\/\/lospoliticosveracruz.com\/?p=137699"},"wordCount":1195,"publisher":{"@id":"https:\/\/lospoliticosveracruz.com\/#organization"},"image":{"@id":"https:\/\/lospoliticosveracruz.com\/?p=137699#primaryimage"},"thumbnailUrl":"https:\/\/lospoliticosveracruz.com\/wp-content\/uploads\/2024\/03\/Manolo-Victorio.jpg","keywords":["Fiscal\u00eda General del Estado en Veracruz","Manolo Victorio"],"articleSection":["De Opini\u00f3n"],"inLanguage":"es"},{"@type":"WebPage","@id":"https:\/\/lospoliticosveracruz.com\/?p=137699","url":"https:\/\/lospoliticosveracruz.com\/?p=137699","name":"FISCAL\u00cdA\u2026 AH\u00cd VIENE EL LOBO - Los pol\u00edticos Veracruz","isPartOf":{"@id":"https:\/\/lospoliticosveracruz.com\/#website"},"primaryImageOfPage":{"@id":"https:\/\/lospoliticosveracruz.com\/?p=137699#primaryimage"},"image":{"@id":"https:\/\/lospoliticosveracruz.com\/?p=137699#primaryimage"},"thumbnailUrl":"https:\/\/lospoliticosveracruz.com\/wp-content\/uploads\/2024\/03\/Manolo-Victorio.jpg","datePublished":"2025-02-13T04:31:11+00:00","dateModified":"2025-02-13T04:31:19+00:00","breadcrumb":{"@id":"https:\/\/lospoliticosveracruz.com\/?p=137699#breadcrumb"},"inLanguage":"es","potentialAction":[{"@type":"ReadAction","target":["https:\/\/lospoliticosveracruz.com\/?p=137699"]}]},{"@type":"ImageObject","inLanguage":"es","@id":"https:\/\/lospoliticosveracruz.com\/?p=137699#primaryimage","url":"https:\/\/lospoliticosveracruz.com\/wp-content\/uploads\/2024\/03\/Manolo-Victorio.jpg","contentUrl":"https:\/\/lospoliticosveracruz.com\/wp-content\/uploads\/2024\/03\/Manolo-Victorio.jpg","width":1250,"height":667},{"@type":"BreadcrumbList","@id":"https:\/\/lospoliticosveracruz.com\/?p=137699#breadcrumb","itemListElement":[{"@type":"ListItem","position":1,"name":"Portada","item":"https:\/\/lospoliticosveracruz.com\/"},{"@type":"ListItem","position":2,"name":"FISCAL\u00cdA\u2026 AH\u00cd VIENE EL LOBO"}]},{"@type":"WebSite","@id":"https:\/\/lospoliticosveracruz.com\/#website","url":"https:\/\/lospoliticosveracruz.com\/","name":"Los pol\u00edticos Veracruz","description":"","publisher":{"@id":"https:\/\/lospoliticosveracruz.com\/#organization"},"potentialAction":[{"@type":"SearchAction","target":{"@type":"EntryPoint","urlTemplate":"https:\/\/lospoliticosveracruz.com\/?s={search_term_string}"},"query-input":{"@type":"PropertyValueSpecification","valueRequired":true,"valueName":"search_term_string"}}],"inLanguage":"es"},{"@type":"Organization","@id":"https:\/\/lospoliticosveracruz.com\/#organization","name":"Los pol\u00edticos Veracruz","url":"https:\/\/lospoliticosveracruz.com\/","logo":{"@type":"ImageObject","inLanguage":"es","@id":"https:\/\/lospoliticosveracruz.com\/#\/schema\/logo\/image\/","url":"https:\/\/lospoliticosveracruz.com\/wp-content\/uploads\/2025\/12\/Logo-Nuevo-LOS-POLITICOS-1.jpg","contentUrl":"https:\/\/lospoliticosveracruz.com\/wp-content\/uploads\/2025\/12\/Logo-Nuevo-LOS-POLITICOS-1.jpg","width":260,"height":70,"caption":"Los pol\u00edticos Veracruz"},"image":{"@id":"https:\/\/lospoliticosveracruz.com\/#\/schema\/logo\/image\/"},"sameAs":["https:\/\/www.facebook.com\/people\/Notimemes-de-los-Polticos\/61565672886568\/","https:\/\/x.com\/LosPoliticosVer"]},{"@type":"Person","@id":"https:\/\/lospoliticosveracruz.com\/#\/schema\/person\/b8702bb0e538456e6efd07080bf2a4a2","name":"Lo viste en Los Pol\u00edticos","image":{"@type":"ImageObject","inLanguage":"es","@id":"https:\/\/secure.gravatar.com\/avatar\/3a8de04a2656d44082be478bd6c086daa447c4651605818287b9532d3d0bd435?s=96&d=mm&r=g","url":"https:\/\/secure.gravatar.com\/avatar\/3a8de04a2656d44082be478bd6c086daa447c4651605818287b9532d3d0bd435?s=96&d=mm&r=g","contentUrl":"https:\/\/secure.gravatar.com\/avatar\/3a8de04a2656d44082be478bd6c086daa447c4651605818287b9532d3d0bd435?s=96&d=mm&r=g","caption":"Lo viste en Los Pol\u00edticos"},"url":"https:\/\/lospoliticosveracruz.com\/?author=2"}]}},"_links":{"self":[{"href":"https:\/\/lospoliticosveracruz.com\/index.php?rest_route=\/wp\/v2\/posts\/137699","targetHints":{"allow":["GET"]}}],"collection":[{"href":"https:\/\/lospoliticosveracruz.com\/index.php?rest_route=\/wp\/v2\/posts"}],"about":[{"href":"https:\/\/lospoliticosveracruz.com\/index.php?rest_route=\/wp\/v2\/types\/post"}],"author":[{"embeddable":true,"href":"https:\/\/lospoliticosveracruz.com\/index.php?rest_route=\/wp\/v2\/users\/2"}],"replies":[{"embeddable":true,"href":"https:\/\/lospoliticosveracruz.com\/index.php?rest_route=%2Fwp%2Fv2%2Fcomments&post=137699"}],"version-history":[{"count":1,"href":"https:\/\/lospoliticosveracruz.com\/index.php?rest_route=\/wp\/v2\/posts\/137699\/revisions"}],"predecessor-version":[{"id":137700,"href":"https:\/\/lospoliticosveracruz.com\/index.php?rest_route=\/wp\/v2\/posts\/137699\/revisions\/137700"}],"wp:featuredmedia":[{"embeddable":true,"href":"https:\/\/lospoliticosveracruz.com\/index.php?rest_route=\/wp\/v2\/media\/119925"}],"wp:attachment":[{"href":"https:\/\/lospoliticosveracruz.com\/index.php?rest_route=%2Fwp%2Fv2%2Fmedia&parent=137699"}],"wp:term":[{"taxonomy":"category","embeddable":true,"href":"https:\/\/lospoliticosveracruz.com\/index.php?rest_route=%2Fwp%2Fv2%2Fcategories&post=137699"},{"taxonomy":"post_tag","embeddable":true,"href":"https:\/\/lospoliticosveracruz.com\/index.php?rest_route=%2Fwp%2Fv2%2Ftags&post=137699"}],"curies":[{"name":"wp","href":"https:\/\/api.w.org\/{rel}","templated":true}]}}