{"id":137701,"date":"2025-02-13T05:35:51","date_gmt":"2025-02-13T11:35:51","guid":{"rendered":"https:\/\/lospoliticosveracruz.com.mx\/?p=137701"},"modified":"2025-02-13T05:36:10","modified_gmt":"2025-02-13T11:36:10","slug":"oposicion-en-veracruz-annus-horribilis","status":"publish","type":"post","link":"https:\/\/lospoliticosveracruz.com\/?p=137701","title":{"rendered":"OPOSICI\u00d3N EN VERACRUZ, \u00abANNUS HORRIBILIS\u00bb"},"content":{"rendered":"\n<p>[S\u00edguenos ahora tambi\u00e9n en WhatsApp.\u00a0<a href=\"https:\/\/whatsapp.com\/channel\/0029Va8zRWlEKyZIP3Z1dF0e\"><strong><em>Da clic aqu\u00ed<\/em><\/strong><\/a>]<br><strong>Ricardo Chua<\/strong><\/p>\n\n\n\n<p><em>Sale y Vale<\/em><\/p>\n\n\n\n<p> Esto es una expresi\u00f3n latina que puede traducirse como un \u00aba\u00f1o terrible\u00bb.. Que se utiliza cuando, despu\u00e9s de un determinado tiempo o al finalizar un a\u00f1o, su balance es negativo.. Sobre todo en un proyecto emprendido.. As\u00ed es como le pas\u00f3 a la oposici\u00f3n pol\u00edtica en Veracruz.. Perdi\u00f3 todo en 2024 en Veracruz: Presidencia, Senado, c\u00e1mara federal y local de diputados, pero sobre todo la gubernatura.. Y todo parece indicar que en la elecci\u00f3n a alcaldes en este 2025.. PRI y PAN van a volver a caer..<\/p>\n\n\n\n<p>Seg\u00fan informaci\u00f3n obtenida por \u00abGarganta Profunda\u00bb en los comit\u00e9s estatales del PAN y PRI en Veracruz.. Las cosas est\u00e1n para \u00abllorar\u00bb y su \u00abAnnus Horribilis\u00bb a\u00fan no termina a pesar de que ya vamos para el primer trimestre del 2025.. Sobre todo cuando iniciar\u00e1 el proceso de renovaci\u00f3n de las 212 alcald\u00edas en Veracruz.. Ya que ambos partidos est\u00e1n CARECIENDO de ASPIRANTES que deseen ser candidatos en estos municipios.. Dato terrible cuando hace apenas unos 8 a\u00f1os.. Lo que sobraba al panismo y al priismo eran aspirantes.. Ahora \u00abbrillan\u00bb por su ausencia..<\/p>\n\n\n\n<p>Los datos obtenidos por \u00abGarganta Profunda\u00bb se\u00f1alan que, al menos, para este proceso electoral.. El PRI s\u00f3lo tendr\u00eda formalmente 73 aspirantes a alcaldes, dispuestos a ser candidatos en municipios.. Pero en su gran mayor\u00eda en zonas rurales.. No urbanas.. 73 aspirantes de 212 municipios.. A d\u00f3nde va a parar el \u00abtricolor\u00bb.. De d\u00f3nde sacar\u00e1 a los otros candidatos que faltan.. Ser\u00e1 que por primera vez en su historia, el PRI no tenga candidato en alg\u00fan ayuntamiento veracruzano.. Nunca ha ocurrido eso.. Pero, quiz\u00e1s, estemos pr\u00f3ximos a ser testigos..<\/p>\n\n\n\n<p>Mientras que el PAN en Veracruz.. Adolece de lo mismo.. Hasta en municipios que son gobierno, tampoco tienen \u00abtiradores\u00bb para ser candidatos.. Los panistas finalmente s\u00ed llevan un tipo de pol\u00edtica de \u00e9lite (hay que recordar que no son un partido de masas, sino de grupos), por lo que al darse cuenta, sus aspirantes que en tal o cual ayuntamiento puedan ser \u00abbarridos\u00bb por MORENA.. Debido a los conflictos internos que tienen y la divisi\u00f3n que hay en sus grupos despu\u00e9s de la elecci\u00f3n del 2024.. Prefieren recular y no lanzarse.. As\u00ed no gastan, ni se desgastan..<\/p>\n\n\n\n<p>De los datos que se saben del PAN en Veracruz.. Es que s\u00f3lo tienen 117 aspirantes que desean ser candidatos a alcaldes.. Le FALTAN como 100 personas m\u00e1s, que deseen ser \u00abungidos\u00bb por Acci\u00f3n Nacional para convertirse en aspirantes oficiales.. Pero repetimos RECULAN.. Ya ahora dicen no.. Y al panismo le pasa lo mismo que al PRI, quieren ser candidatos en municipios rurales o muy peque\u00f1os, que no les representa tanta efectividad pol\u00edtico electoral.. No tienen claro en donde tendr\u00e1n un candidato competitivo.. S\u00f3lo Boca del R\u00edo con Marijose Gamboa y parenle de contar..<\/p>\n\n\n\n<p>OJO.. En medios de comunicaci\u00f3n y redes sociales.. PAN y PRI podr\u00e1n decir que es falso y que est\u00e1n m\u00e1s fuertes.. Pero hay un hecho que delata al PAN y PRI de que carecen de candidatos a alcaldes y que no completan ni la lista de los 212 para cada uno de los ayuntamientos en Veracruz.. Y eso se debe principalmente a que ambos partidos de oposici\u00f3n.. Se han ABIERTO A CANDIDATURAS CIUDADANAS.. De alguna forma tienen que llenar ese \u00abvac\u00edo\u00bb de candidatos y buscan que todo aquel que quiera ser candidato independiente se inscriba por alguno de esos partidos..<\/p>\n\n\n\n<p>Hay que recordar que el OPLE le \u00abcerr\u00f3\u00bb el paso a las candidaturas independientes y ahora el PAN y PRI vieron como un \u00abnicho\u00bb de oportunidades esa situaci\u00f3n.. Y aquel que desee ser candidato independiente y no pueda porque el \u00f3rgano electoral de Veracruz, se lo proh\u00edbe, pues, la oposici\u00f3n est\u00e1 lista para prestarle las siglas a esos personajes.. Y as\u00ed ambos se ayudan.. El que quiere ser candidato, lo ser\u00e1 por un partido pol\u00edtico y el organismo pol\u00edtico opositor, no deja ac\u00e9fala alguna de las alcald\u00edas en disputa por no tener un aspirante oficial.. EST\u00c1 CA\u00d1\u00d3N..<\/p>\n\n\n\n<p>S\u00f3lo como DATO en 2017 y 2021 (Que hubo elecciones a alcaldes) tanto el PRI como el PAN se negaron en la gran mayor\u00eda de los municipios en Veracruz.. Tener candidaturas ciudadanas para que la sociedad civil pudiera participar en estas campa\u00f1as como sus aspirantes.. Esa fue una lucha que despu\u00e9s MORENA encabez\u00f3 y fue como empez\u00f3 a quitarles el poder a la \u00abPartidocracia\u00bb en Veracruz.. Qui\u00e9n dir\u00eda que 4 a\u00f1os despu\u00e9s.. El PAN ande \u00ababri\u00e9ndose\u00bb a la ciudadan\u00eda para que nominen candidatos.. De risa.. Del PRI, ni hablar, ese ya es un partido \u00abmuerto\u00bb con registro..<\/p>\n\n\n\n<p>REFLEXI\u00d3N.. Finalmente, c\u00f3mo se siente el electorado veracruzano.. Si cuando lee la informaci\u00f3n del inicio de registro de candidatos del PAN.. En esa pasarela pol\u00edtica s\u00f3lo ve \u00abPAN con lo mismo\u00bb.. No hay caras nuevas o alg\u00fan l\u00edder que critique al gobierno de Roc\u00edo Nahle o la \u00abherencia\u00bb que dej\u00f3 Cuitl\u00e1huac Garc\u00eda.. Son los mismos rostros, los mismos \u00abcaciques\u00bb azules, que est\u00e1n bajo sospecha de tener \u00abacuerdos\u00bb con MORENA.. As\u00ed como va a revivir la oposici\u00f3n y presentarse como un \u00abatractivo\u00bb para el electorado.. Se la ponen en \u00abbandeja de plata\u00bb para que MORENA arrase las alcald\u00edas de Veracruz.. AMEN..<\/p>\n","protected":false},"excerpt":{"rendered":"<p>[S\u00edguenos ahora tambi\u00e9n en WhatsApp.\u00a0Da clic aqu\u00ed]Ricardo Chua Sale y Vale Esto es una expresi\u00f3n latina que puede traducirse como un \u00aba\u00f1o terrible\u00bb.. Que se utiliza cuando, despu\u00e9s de un determinado tiempo o al finalizar un a\u00f1o, su balance es negativo.. Sobre todo en un proyecto emprendido.. As\u00ed es como le pas\u00f3 a la oposici\u00f3n [&hellip;]<\/p>\n","protected":false},"author":2,"featured_media":119817,"comment_status":"closed","ping_status":"closed","sticky":false,"template":"","format":"standard","meta":{"tdm_status":"","tdm_grid_status":"","footnotes":""},"categories":[70],"tags":[1026,266,251,195],"class_list":{"0":"post-137701","1":"post","2":"type-post","3":"status-publish","4":"format-standard","5":"has-post-thumbnail","7":"category-de-opinion","8":"tag-morena","9":"tag-pan","10":"tag-pri","11":"tag-veracruz"},"yoast_head":"<!-- This site is optimized with the Yoast SEO plugin v27.4 - https:\/\/yoast.com\/product\/yoast-seo-wordpress\/ -->\n<title>OPOSICI\u00d3N EN VERACRUZ, &quot;ANNUS HORRIBILIS&quot; - Los pol\u00edticos Veracruz<\/title>\n<meta name=\"robots\" content=\"index, follow, max-snippet:-1, max-image-preview:large, max-video-preview:-1\" \/>\n<link rel=\"canonical\" href=\"https:\/\/lospoliticosveracruz.com\/?p=137701\" \/>\n<meta property=\"og:locale\" content=\"es_ES\" \/>\n<meta property=\"og:type\" content=\"article\" \/>\n<meta property=\"og:title\" content=\"OPOSICI\u00d3N EN VERACRUZ, &quot;ANNUS HORRIBILIS&quot; - Los pol\u00edticos Veracruz\" \/>\n<meta property=\"og:description\" content=\"[S\u00edguenos ahora tambi\u00e9n en WhatsApp.\u00a0Da clic aqu\u00ed]Ricardo Chua Sale y Vale Esto es una expresi\u00f3n latina que puede traducirse como un \u00aba\u00f1o terrible\u00bb.. Que se utiliza cuando, despu\u00e9s de un determinado tiempo o al finalizar un a\u00f1o, su balance es negativo.. Sobre todo en un proyecto emprendido.. As\u00ed es como le pas\u00f3 a la oposici\u00f3n [&hellip;]\" \/>\n<meta property=\"og:url\" content=\"https:\/\/lospoliticosveracruz.com\/?p=137701\" \/>\n<meta property=\"og:site_name\" content=\"Los pol\u00edticos Veracruz\" \/>\n<meta property=\"article:publisher\" content=\"https:\/\/www.facebook.com\/people\/Notimemes-de-los-Polticos\/61565672886568\/\" \/>\n<meta property=\"article:published_time\" content=\"2025-02-13T11:35:51+00:00\" \/>\n<meta property=\"article:modified_time\" content=\"2025-02-13T11:36:10+00:00\" \/>\n<meta property=\"og:image\" content=\"https:\/\/lospoliticosveracruz.com\/wp-content\/uploads\/2024\/03\/Ricardo-Chua.jpg\" \/>\n\t<meta property=\"og:image:width\" content=\"1250\" \/>\n\t<meta property=\"og:image:height\" content=\"667\" \/>\n\t<meta property=\"og:image:type\" content=\"image\/jpeg\" \/>\n<meta name=\"author\" content=\"Lo viste en Los Pol\u00edticos\" \/>\n<meta name=\"twitter:card\" content=\"summary_large_image\" \/>\n<meta name=\"twitter:creator\" content=\"@LosPoliticosVer\" \/>\n<meta name=\"twitter:site\" content=\"@LosPoliticosVer\" \/>\n<meta name=\"twitter:label1\" content=\"Escrito por\" \/>\n\t<meta name=\"twitter:data1\" content=\"Lo viste en Los Pol\u00edticos\" \/>\n\t<meta name=\"twitter:label2\" content=\"Tiempo de lectura\" \/>\n\t<meta name=\"twitter:data2\" content=\"5 minutos\" \/>\n<script type=\"application\/ld+json\" class=\"yoast-schema-graph\">{\"@context\":\"https:\\\/\\\/schema.org\",\"@graph\":[{\"@type\":\"Article\",\"@id\":\"https:\\\/\\\/lospoliticosveracruz.com\\\/?p=137701#article\",\"isPartOf\":{\"@id\":\"https:\\\/\\\/lospoliticosveracruz.com\\\/?p=137701\"},\"author\":{\"name\":\"Lo viste en Los Pol\u00edticos\",\"@id\":\"https:\\\/\\\/lospoliticosveracruz.com\\\/#\\\/schema\\\/person\\\/b8702bb0e538456e6efd07080bf2a4a2\"},\"headline\":\"OPOSICI\u00d3N EN VERACRUZ, \u00abANNUS HORRIBILIS\u00bb\",\"datePublished\":\"2025-02-13T11:35:51+00:00\",\"dateModified\":\"2025-02-13T11:36:10+00:00\",\"mainEntityOfPage\":{\"@id\":\"https:\\\/\\\/lospoliticosveracruz.com\\\/?p=137701\"},\"wordCount\":933,\"publisher\":{\"@id\":\"https:\\\/\\\/lospoliticosveracruz.com\\\/#organization\"},\"image\":{\"@id\":\"https:\\\/\\\/lospoliticosveracruz.com\\\/?p=137701#primaryimage\"},\"thumbnailUrl\":\"https:\\\/\\\/lospoliticosveracruz.com\\\/wp-content\\\/uploads\\\/2024\\\/03\\\/Ricardo-Chua.jpg\",\"keywords\":[\"Morena\",\"PAN\",\"PRI\",\"Veracruz\"],\"articleSection\":[\"De Opini\u00f3n\"],\"inLanguage\":\"es\"},{\"@type\":\"WebPage\",\"@id\":\"https:\\\/\\\/lospoliticosveracruz.com\\\/?p=137701\",\"url\":\"https:\\\/\\\/lospoliticosveracruz.com\\\/?p=137701\",\"name\":\"OPOSICI\u00d3N EN VERACRUZ, \\\"ANNUS HORRIBILIS\\\" - Los pol\u00edticos Veracruz\",\"isPartOf\":{\"@id\":\"https:\\\/\\\/lospoliticosveracruz.com\\\/#website\"},\"primaryImageOfPage\":{\"@id\":\"https:\\\/\\\/lospoliticosveracruz.com\\\/?p=137701#primaryimage\"},\"image\":{\"@id\":\"https:\\\/\\\/lospoliticosveracruz.com\\\/?p=137701#primaryimage\"},\"thumbnailUrl\":\"https:\\\/\\\/lospoliticosveracruz.com\\\/wp-content\\\/uploads\\\/2024\\\/03\\\/Ricardo-Chua.jpg\",\"datePublished\":\"2025-02-13T11:35:51+00:00\",\"dateModified\":\"2025-02-13T11:36:10+00:00\",\"breadcrumb\":{\"@id\":\"https:\\\/\\\/lospoliticosveracruz.com\\\/?p=137701#breadcrumb\"},\"inLanguage\":\"es\",\"potentialAction\":[{\"@type\":\"ReadAction\",\"target\":[\"https:\\\/\\\/lospoliticosveracruz.com\\\/?p=137701\"]}]},{\"@type\":\"ImageObject\",\"inLanguage\":\"es\",\"@id\":\"https:\\\/\\\/lospoliticosveracruz.com\\\/?p=137701#primaryimage\",\"url\":\"https:\\\/\\\/lospoliticosveracruz.com\\\/wp-content\\\/uploads\\\/2024\\\/03\\\/Ricardo-Chua.jpg\",\"contentUrl\":\"https:\\\/\\\/lospoliticosveracruz.com\\\/wp-content\\\/uploads\\\/2024\\\/03\\\/Ricardo-Chua.jpg\",\"width\":1250,\"height\":667},{\"@type\":\"BreadcrumbList\",\"@id\":\"https:\\\/\\\/lospoliticosveracruz.com\\\/?p=137701#breadcrumb\",\"itemListElement\":[{\"@type\":\"ListItem\",\"position\":1,\"name\":\"Portada\",\"item\":\"https:\\\/\\\/lospoliticosveracruz.com\\\/\"},{\"@type\":\"ListItem\",\"position\":2,\"name\":\"OPOSICI\u00d3N EN VERACRUZ, \u00abANNUS HORRIBILIS\u00bb\"}]},{\"@type\":\"WebSite\",\"@id\":\"https:\\\/\\\/lospoliticosveracruz.com\\\/#website\",\"url\":\"https:\\\/\\\/lospoliticosveracruz.com\\\/\",\"name\":\"Los pol\u00edticos Veracruz\",\"description\":\"\",\"publisher\":{\"@id\":\"https:\\\/\\\/lospoliticosveracruz.com\\\/#organization\"},\"potentialAction\":[{\"@type\":\"SearchAction\",\"target\":{\"@type\":\"EntryPoint\",\"urlTemplate\":\"https:\\\/\\\/lospoliticosveracruz.com\\\/?s={search_term_string}\"},\"query-input\":{\"@type\":\"PropertyValueSpecification\",\"valueRequired\":true,\"valueName\":\"search_term_string\"}}],\"inLanguage\":\"es\"},{\"@type\":\"Organization\",\"@id\":\"https:\\\/\\\/lospoliticosveracruz.com\\\/#organization\",\"name\":\"Los pol\u00edticos Veracruz\",\"url\":\"https:\\\/\\\/lospoliticosveracruz.com\\\/\",\"logo\":{\"@type\":\"ImageObject\",\"inLanguage\":\"es\",\"@id\":\"https:\\\/\\\/lospoliticosveracruz.com\\\/#\\\/schema\\\/logo\\\/image\\\/\",\"url\":\"https:\\\/\\\/lospoliticosveracruz.com\\\/wp-content\\\/uploads\\\/2025\\\/12\\\/Logo-Nuevo-LOS-POLITICOS-1.jpg\",\"contentUrl\":\"https:\\\/\\\/lospoliticosveracruz.com\\\/wp-content\\\/uploads\\\/2025\\\/12\\\/Logo-Nuevo-LOS-POLITICOS-1.jpg\",\"width\":260,\"height\":70,\"caption\":\"Los pol\u00edticos Veracruz\"},\"image\":{\"@id\":\"https:\\\/\\\/lospoliticosveracruz.com\\\/#\\\/schema\\\/logo\\\/image\\\/\"},\"sameAs\":[\"https:\\\/\\\/www.facebook.com\\\/people\\\/Notimemes-de-los-Polticos\\\/61565672886568\\\/\",\"https:\\\/\\\/x.com\\\/LosPoliticosVer\"]},{\"@type\":\"Person\",\"@id\":\"https:\\\/\\\/lospoliticosveracruz.com\\\/#\\\/schema\\\/person\\\/b8702bb0e538456e6efd07080bf2a4a2\",\"name\":\"Lo viste en Los Pol\u00edticos\",\"image\":{\"@type\":\"ImageObject\",\"inLanguage\":\"es\",\"@id\":\"https:\\\/\\\/secure.gravatar.com\\\/avatar\\\/3a8de04a2656d44082be478bd6c086daa447c4651605818287b9532d3d0bd435?s=96&d=mm&r=g\",\"url\":\"https:\\\/\\\/secure.gravatar.com\\\/avatar\\\/3a8de04a2656d44082be478bd6c086daa447c4651605818287b9532d3d0bd435?s=96&d=mm&r=g\",\"contentUrl\":\"https:\\\/\\\/secure.gravatar.com\\\/avatar\\\/3a8de04a2656d44082be478bd6c086daa447c4651605818287b9532d3d0bd435?s=96&d=mm&r=g\",\"caption\":\"Lo viste en Los Pol\u00edticos\"},\"url\":\"https:\\\/\\\/lospoliticosveracruz.com\\\/?author=2\"}]}<\/script>\n<!-- \/ Yoast SEO plugin. -->","yoast_head_json":{"title":"OPOSICI\u00d3N EN VERACRUZ, \"ANNUS HORRIBILIS\" - Los pol\u00edticos Veracruz","robots":{"index":"index","follow":"follow","max-snippet":"max-snippet:-1","max-image-preview":"max-image-preview:large","max-video-preview":"max-video-preview:-1"},"canonical":"https:\/\/lospoliticosveracruz.com\/?p=137701","og_locale":"es_ES","og_type":"article","og_title":"OPOSICI\u00d3N EN VERACRUZ, \"ANNUS HORRIBILIS\" - Los pol\u00edticos Veracruz","og_description":"[S\u00edguenos ahora tambi\u00e9n en WhatsApp.\u00a0Da clic aqu\u00ed]Ricardo Chua Sale y Vale Esto es una expresi\u00f3n latina que puede traducirse como un \u00aba\u00f1o terrible\u00bb.. Que se utiliza cuando, despu\u00e9s de un determinado tiempo o al finalizar un a\u00f1o, su balance es negativo.. Sobre todo en un proyecto emprendido.. As\u00ed es como le pas\u00f3 a la oposici\u00f3n [&hellip;]","og_url":"https:\/\/lospoliticosveracruz.com\/?p=137701","og_site_name":"Los pol\u00edticos Veracruz","article_publisher":"https:\/\/www.facebook.com\/people\/Notimemes-de-los-Polticos\/61565672886568\/","article_published_time":"2025-02-13T11:35:51+00:00","article_modified_time":"2025-02-13T11:36:10+00:00","og_image":[{"width":1250,"height":667,"url":"https:\/\/lospoliticosveracruz.com\/wp-content\/uploads\/2024\/03\/Ricardo-Chua.jpg","type":"image\/jpeg"}],"author":"Lo viste en Los Pol\u00edticos","twitter_card":"summary_large_image","twitter_creator":"@LosPoliticosVer","twitter_site":"@LosPoliticosVer","twitter_misc":{"Escrito por":"Lo viste en Los Pol\u00edticos","Tiempo de lectura":"5 minutos"},"schema":{"@context":"https:\/\/schema.org","@graph":[{"@type":"Article","@id":"https:\/\/lospoliticosveracruz.com\/?p=137701#article","isPartOf":{"@id":"https:\/\/lospoliticosveracruz.com\/?p=137701"},"author":{"name":"Lo viste en Los Pol\u00edticos","@id":"https:\/\/lospoliticosveracruz.com\/#\/schema\/person\/b8702bb0e538456e6efd07080bf2a4a2"},"headline":"OPOSICI\u00d3N EN VERACRUZ, \u00abANNUS HORRIBILIS\u00bb","datePublished":"2025-02-13T11:35:51+00:00","dateModified":"2025-02-13T11:36:10+00:00","mainEntityOfPage":{"@id":"https:\/\/lospoliticosveracruz.com\/?p=137701"},"wordCount":933,"publisher":{"@id":"https:\/\/lospoliticosveracruz.com\/#organization"},"image":{"@id":"https:\/\/lospoliticosveracruz.com\/?p=137701#primaryimage"},"thumbnailUrl":"https:\/\/lospoliticosveracruz.com\/wp-content\/uploads\/2024\/03\/Ricardo-Chua.jpg","keywords":["Morena","PAN","PRI","Veracruz"],"articleSection":["De Opini\u00f3n"],"inLanguage":"es"},{"@type":"WebPage","@id":"https:\/\/lospoliticosveracruz.com\/?p=137701","url":"https:\/\/lospoliticosveracruz.com\/?p=137701","name":"OPOSICI\u00d3N EN VERACRUZ, \"ANNUS HORRIBILIS\" - Los pol\u00edticos Veracruz","isPartOf":{"@id":"https:\/\/lospoliticosveracruz.com\/#website"},"primaryImageOfPage":{"@id":"https:\/\/lospoliticosveracruz.com\/?p=137701#primaryimage"},"image":{"@id":"https:\/\/lospoliticosveracruz.com\/?p=137701#primaryimage"},"thumbnailUrl":"https:\/\/lospoliticosveracruz.com\/wp-content\/uploads\/2024\/03\/Ricardo-Chua.jpg","datePublished":"2025-02-13T11:35:51+00:00","dateModified":"2025-02-13T11:36:10+00:00","breadcrumb":{"@id":"https:\/\/lospoliticosveracruz.com\/?p=137701#breadcrumb"},"inLanguage":"es","potentialAction":[{"@type":"ReadAction","target":["https:\/\/lospoliticosveracruz.com\/?p=137701"]}]},{"@type":"ImageObject","inLanguage":"es","@id":"https:\/\/lospoliticosveracruz.com\/?p=137701#primaryimage","url":"https:\/\/lospoliticosveracruz.com\/wp-content\/uploads\/2024\/03\/Ricardo-Chua.jpg","contentUrl":"https:\/\/lospoliticosveracruz.com\/wp-content\/uploads\/2024\/03\/Ricardo-Chua.jpg","width":1250,"height":667},{"@type":"BreadcrumbList","@id":"https:\/\/lospoliticosveracruz.com\/?p=137701#breadcrumb","itemListElement":[{"@type":"ListItem","position":1,"name":"Portada","item":"https:\/\/lospoliticosveracruz.com\/"},{"@type":"ListItem","position":2,"name":"OPOSICI\u00d3N EN VERACRUZ, \u00abANNUS HORRIBILIS\u00bb"}]},{"@type":"WebSite","@id":"https:\/\/lospoliticosveracruz.com\/#website","url":"https:\/\/lospoliticosveracruz.com\/","name":"Los pol\u00edticos Veracruz","description":"","publisher":{"@id":"https:\/\/lospoliticosveracruz.com\/#organization"},"potentialAction":[{"@type":"SearchAction","target":{"@type":"EntryPoint","urlTemplate":"https:\/\/lospoliticosveracruz.com\/?s={search_term_string}"},"query-input":{"@type":"PropertyValueSpecification","valueRequired":true,"valueName":"search_term_string"}}],"inLanguage":"es"},{"@type":"Organization","@id":"https:\/\/lospoliticosveracruz.com\/#organization","name":"Los pol\u00edticos Veracruz","url":"https:\/\/lospoliticosveracruz.com\/","logo":{"@type":"ImageObject","inLanguage":"es","@id":"https:\/\/lospoliticosveracruz.com\/#\/schema\/logo\/image\/","url":"https:\/\/lospoliticosveracruz.com\/wp-content\/uploads\/2025\/12\/Logo-Nuevo-LOS-POLITICOS-1.jpg","contentUrl":"https:\/\/lospoliticosveracruz.com\/wp-content\/uploads\/2025\/12\/Logo-Nuevo-LOS-POLITICOS-1.jpg","width":260,"height":70,"caption":"Los pol\u00edticos Veracruz"},"image":{"@id":"https:\/\/lospoliticosveracruz.com\/#\/schema\/logo\/image\/"},"sameAs":["https:\/\/www.facebook.com\/people\/Notimemes-de-los-Polticos\/61565672886568\/","https:\/\/x.com\/LosPoliticosVer"]},{"@type":"Person","@id":"https:\/\/lospoliticosveracruz.com\/#\/schema\/person\/b8702bb0e538456e6efd07080bf2a4a2","name":"Lo viste en Los Pol\u00edticos","image":{"@type":"ImageObject","inLanguage":"es","@id":"https:\/\/secure.gravatar.com\/avatar\/3a8de04a2656d44082be478bd6c086daa447c4651605818287b9532d3d0bd435?s=96&d=mm&r=g","url":"https:\/\/secure.gravatar.com\/avatar\/3a8de04a2656d44082be478bd6c086daa447c4651605818287b9532d3d0bd435?s=96&d=mm&r=g","contentUrl":"https:\/\/secure.gravatar.com\/avatar\/3a8de04a2656d44082be478bd6c086daa447c4651605818287b9532d3d0bd435?s=96&d=mm&r=g","caption":"Lo viste en Los Pol\u00edticos"},"url":"https:\/\/lospoliticosveracruz.com\/?author=2"}]}},"_links":{"self":[{"href":"https:\/\/lospoliticosveracruz.com\/index.php?rest_route=\/wp\/v2\/posts\/137701","targetHints":{"allow":["GET"]}}],"collection":[{"href":"https:\/\/lospoliticosveracruz.com\/index.php?rest_route=\/wp\/v2\/posts"}],"about":[{"href":"https:\/\/lospoliticosveracruz.com\/index.php?rest_route=\/wp\/v2\/types\/post"}],"author":[{"embeddable":true,"href":"https:\/\/lospoliticosveracruz.com\/index.php?rest_route=\/wp\/v2\/users\/2"}],"replies":[{"embeddable":true,"href":"https:\/\/lospoliticosveracruz.com\/index.php?rest_route=%2Fwp%2Fv2%2Fcomments&post=137701"}],"version-history":[{"count":2,"href":"https:\/\/lospoliticosveracruz.com\/index.php?rest_route=\/wp\/v2\/posts\/137701\/revisions"}],"predecessor-version":[{"id":137703,"href":"https:\/\/lospoliticosveracruz.com\/index.php?rest_route=\/wp\/v2\/posts\/137701\/revisions\/137703"}],"wp:featuredmedia":[{"embeddable":true,"href":"https:\/\/lospoliticosveracruz.com\/index.php?rest_route=\/wp\/v2\/media\/119817"}],"wp:attachment":[{"href":"https:\/\/lospoliticosveracruz.com\/index.php?rest_route=%2Fwp%2Fv2%2Fmedia&parent=137701"}],"wp:term":[{"taxonomy":"category","embeddable":true,"href":"https:\/\/lospoliticosveracruz.com\/index.php?rest_route=%2Fwp%2Fv2%2Fcategories&post=137701"},{"taxonomy":"post_tag","embeddable":true,"href":"https:\/\/lospoliticosveracruz.com\/index.php?rest_route=%2Fwp%2Fv2%2Ftags&post=137701"}],"curies":[{"name":"wp","href":"https:\/\/api.w.org\/{rel}","templated":true}]}}