{"id":137712,"date":"2025-02-13T08:30:56","date_gmt":"2025-02-13T14:30:56","guid":{"rendered":"https:\/\/lospoliticosveracruz.com.mx\/?p=137712"},"modified":"2025-02-13T08:31:25","modified_gmt":"2025-02-13T14:31:25","slug":"el-cacicazgo-del-chapoton-guzman","status":"publish","type":"post","link":"https:\/\/lospoliticosveracruz.com\/?p=137712","title":{"rendered":"EL CACICAZGO DEL CHAPOT\u00d3N GUZM\u00c1N"},"content":{"rendered":"\n<p>S\u00edguenos ahora tambi\u00e9n en WhatsApp.&nbsp;<a href=\"https:\/\/whatsapp.com\/channel\/0029Va8zRWlEKyZIP3Z1dF0e\"><strong><em>Da clic aqu\u00ed<\/em><\/strong><\/a><\/p>\n\n\n\n<p><strong>Oved Contreras<\/strong><\/p>\n\n\n\n<p><em>Secas Mecas<\/em>\u00a0<\/p>\n\n\n\n<p>Ayer mi\u00e9rcoles inici\u00f3 en la sede estatal del PAN el registro de precandidatos a alcald\u00edas, sindicaturas y regidur\u00edas con aspirantes provenientes de Pajapan, Benito Ju\u00e1rez, Tepetzintla, Atzacan, Paso de Ovejas, Tantoyuca y Boca del R\u00edo, entre otras demarcaciones\u2026los precandidatos y precandidatas deber\u00e1n realizar precampa\u00f1as a partir de que se declare la procedencia de su solicitud hasta el 21 de febrero.<\/p>\n\n\n\n<p>El registro de precandidatos concluye el pr\u00f3ximo domingo y a m\u00e1s tardar el 11 de marzo, la Comisi\u00f3n Permanente aprobar\u00e1 el dictamen de candidaturas y el 14 de ese mes, la Comisi\u00f3n Permanente a nivel nacional har\u00e1 lo mismo\u2026algunas caras conocidas entre los inscritos, entre ellos algunos exalcaldes que la quieren volver a jugar ahora que van solos sin alianza con el PRI.<\/p>\n\n\n\n<p>Entre los documentos que deben presentar los aspirantes est\u00e1 la \u201c3 de 3\u201d en materia de g\u00e9nero, no estar inscrito en el Registro Nacional del Instituto Nacional Electoral (INE) o en el Organismo P\u00fablico Local Electoral (OPLE) por condena o sanci\u00f3n por violencia pol\u00edtica de g\u00e9nero, no haber recibido condena o sanci\u00f3n por violencia familiar o dom\u00e9stica, ni por delitos sexuales, contra la libertad sexual o la intimidad corporal<\/p>\n\n\n\n<p><strong>EL CACICAZGO DEL CHAPOT\u00d3N GUZM\u00c1N<\/strong>\u2026ya fue tres veces alcalde de Tantoyuca, pero no ha sido suficiente y ayer Joaqu\u00edn Rosendo Guzm\u00e1n Avil\u00e9s, present\u00f3 ayer su solicitud de registro como precandidato a la alcald\u00eda nuevamente\u2026Su hermano Jes\u00fas es el actual presidente municipal, quien sucedi\u00f3 en el cargo a su hermano Amado (2017-2021), aunque ya hab\u00eda sido alcalde previamente de 2014 a 2017.<\/p>\n\n\n\n<p>De ganar la Alcald\u00eda en la jornad electoral del pr\u00f3ximo 1 de junio, los 3 hermanos Guzm\u00e1n Avil\u00e9s cumplir\u00edan 5 periodos consecutivos, alcanzando una permanencia familiar en el poder de 17 a\u00f1os seguidos. El \u201cChapot\u00f3n\u201d Guzm\u00e1n, quien a la vieja usanza se trajo aplaudidores de Tantoyuca en autobuses, ofreci\u00f3 rueda de prensa, donde pidi\u00f3 que el proceso de selecci\u00f3n sea apegado a derecho, tranquilo y que los ciudadanos sean quienes decidan los resultados de las nominaciones.<\/p>\n\n\n\n<p>Otro que se inscribi\u00f3 fue Humberto Alonso Morelli como precandidato en Boca del R\u00edo y lleva de suplente a Jes\u00fas Mu\u00f1oz y para s\u00edndica se inscribi\u00f3 Lidia Patricia Haaz&#8230;dicen que nunca segundas partes fueron buenas pero ya dir\u00e1n los panistas si van o no con Morelli\u2026por lo pronto alguien coment\u00f3 en redes ayer: \u201cGracias a Dios, con eso ya es imposible que se vaya por otro partido\u201d.<\/p>\n\n\n\n<p><strong>POR CULPA DEL IMSS<\/strong>\u2026no le qued\u00f3 de otra a la t\u00eda Ch\u00edo que admitir que hubo suspensi\u00f3n de todas las cirug\u00edas programadas en el Hospital Regional de Xalapa \u201cDoctor Luis F. Nach\u00f3n\u201d este martes, debido a la falta de anest\u00e9sicos\u2026la gobernadora atribuy\u00f3 la contingencia a un retraso en el suministro de f\u00e1rmacos por parte del IMSS-Bienestar, lo cual le fue confirmado por el secretario de Salud estatal Valent\u00edn Herrera Alarc\u00f3n.<\/p>\n\n\n\n<p>\u201cMe dijo que se present\u00f3 un problema en la ma\u00f1ana porque no llegaron los f\u00e1rmacos que entrega el IMSS-Bienestar. Sin embargo, nosotros dimos el apoyo a hospitales y ya est\u00e1 solucionado\u201d, sostuvo la t\u00eda Ch\u00edo quien agrega que la emergencia se resolvi\u00f3 hacia las 10 de la noche del mismo martes, cuando arribaron al nosocomio los insumos faltantes\u2026la mandataria sostendr\u00e1 una reuni\u00f3n este jueves con el director general del IMSS-Bienestar, Alejandro Svarch P\u00e9rez, para revisar el funcionamiento de dicho esquema en la entidad y atender cualquier necesidad pendiente en los hospitales.<\/p>\n\n\n\n<p>Lo curioso es que el portal Versiones de Pepe Ortiz subi\u00f3 un video a redes sociales donde se aprecia las afueras del hospital durante la ma\u00f1ana de este mi\u00e9rcoles, y estaba completamente vac\u00edo como no se ve\u00eda en muchos a\u00f1os\u2026lo cual es indicativo que las operaciones m\u00e9dicas no se hab\u00edan normalizado como le dijeron a la gobernadora.<\/p>\n\n\n\n<p><strong>TODOS QUIETOS<\/strong>\u2026La gobernadora Roc\u00edo Nahle Garc\u00eda tambi\u00e9n sali\u00f3 al paso en su conferencia de prensa sobre supuestas renuncias en su gabinete a dos meses de que inici\u00f3 la administraci\u00f3n estatal\u2026y en particular fue cuestionada sobre las presuntas salidas de las secretarias de Educaci\u00f3n o Turismo, Claudia Tello y Nena de la Reguera.<\/p>\n\n\n\n<p>Un medio aliado de la Cuarta Transformaci\u00f3n public\u00f3 el s\u00e1bado que \u201cen cuesti\u00f3n de horas\u201d iba a renunciar la secretaria de Educaci\u00f3n de Veracruz, Claudia Tello, y este lunes un portal digital dej\u00f3 entrever que la secretaria de Turismo podr\u00eda dimitir.<\/p>\n\n\n\n<p>La t\u00eda Chio fue cuestionada sobre ambos temas, y neg\u00f3 de manera categ\u00f3rica esas versiones publicadas en medios de comunicaci\u00f3n y en redes sociales\u2026afirma que hasta el momento no tiene sobre su escritorio ninguna solicitud de renuncia de ninguno de sus colaboradores, que todos est\u00e1n trabajando muy bien, que \u201cest\u00e1n al cien\u201d.<\/p>\n\n\n\n<p><strong>SE LE CAY\u00d3 A CORRO<\/strong>\u2026algunos plum\u00edferos daban por hecho que la candidatura de Morena a la alcald\u00eda de Tierra Blanca ya estaba dada a la diputada federal Margarita Corro, que ya los dem\u00e1s aspirantes ni se ocuparan en armar los recorridos de precampa\u00f1a, que esa plaza ya ten\u00eda due\u00f1o, y otras linduras, pero al parecer no hay nada cierto en esas versiones.<\/p>\n\n\n\n<p>Del altiplano llega el dato de que Margarita Corro, anda que no la calienta ni el sol porque no fue incluida en la encuesta morenista por la alcald\u00eda de Tierra Blanca, que la diputada se ha mostrado incr\u00e9dula con la decisi\u00f3n de su partido pero ya habr\u00eda aceptado la decisi\u00f3n y se quedar\u00eda en San L\u00e1zaro, para cumplir con su responsabilidad para lo cual fue votada.<\/p>\n\n\n\n<p>La ex diputada local que prob\u00f3 las mieles del poder en el sexenio de Cuitl\u00e1huac Garc\u00eda, con su cercan\u00eda con el ex secretario de gobierno, Patros\u00edsmico Cisneros, ir\u00eda en ca\u00edda libre en cuanto a sus aspiraciones pol\u00edticas\u2026con esa diputaci\u00f3n federal que se de por bien servida.<\/p>\n\n\n\n<p>@ovedcontreras<\/p>\n","protected":false},"excerpt":{"rendered":"<p>S\u00edguenos ahora tambi\u00e9n en WhatsApp.&nbsp;Da clic aqu\u00ed Oved Contreras Secas Mecas\u00a0 Ayer mi\u00e9rcoles inici\u00f3 en la sede estatal del PAN el registro de precandidatos a alcald\u00edas, sindicaturas y regidur\u00edas con aspirantes provenientes de Pajapan, Benito Ju\u00e1rez, Tepetzintla, Atzacan, Paso de Ovejas, Tantoyuca y Boca del R\u00edo, entre otras demarcaciones\u2026los precandidatos y precandidatas deber\u00e1n realizar precampa\u00f1as [&hellip;]<\/p>\n","protected":false},"author":2,"featured_media":119816,"comment_status":"closed","ping_status":"closed","sticky":false,"template":"","format":"standard","meta":{"tdm_status":"","tdm_grid_status":"","footnotes":""},"categories":[70],"tags":[2814,1026,3578,195],"class_list":{"0":"post-137712","1":"post","2":"type-post","3":"status-publish","4":"format-standard","5":"has-post-thumbnail","7":"category-de-opinion","8":"tag-joaquin-rosendo-guzman-aviles","9":"tag-morena","10":"tag-rocio-nahle","11":"tag-veracruz"},"yoast_head":"<!-- This site is optimized with the Yoast SEO plugin v27.4 - https:\/\/yoast.com\/product\/yoast-seo-wordpress\/ -->\n<title>EL CACICAZGO DEL CHAPOT\u00d3N GUZM\u00c1N - Los pol\u00edticos Veracruz<\/title>\n<meta name=\"robots\" content=\"index, follow, max-snippet:-1, max-image-preview:large, max-video-preview:-1\" \/>\n<link rel=\"canonical\" href=\"https:\/\/lospoliticosveracruz.com\/?p=137712\" \/>\n<meta property=\"og:locale\" content=\"es_ES\" \/>\n<meta property=\"og:type\" content=\"article\" \/>\n<meta property=\"og:title\" content=\"EL CACICAZGO DEL CHAPOT\u00d3N GUZM\u00c1N - Los pol\u00edticos Veracruz\" \/>\n<meta property=\"og:description\" content=\"S\u00edguenos ahora tambi\u00e9n en WhatsApp.&nbsp;Da clic aqu\u00ed Oved Contreras Secas Mecas\u00a0 Ayer mi\u00e9rcoles inici\u00f3 en la sede estatal del PAN el registro de precandidatos a alcald\u00edas, sindicaturas y regidur\u00edas con aspirantes provenientes de Pajapan, Benito Ju\u00e1rez, Tepetzintla, Atzacan, Paso de Ovejas, Tantoyuca y Boca del R\u00edo, entre otras demarcaciones\u2026los precandidatos y precandidatas deber\u00e1n realizar precampa\u00f1as [&hellip;]\" \/>\n<meta property=\"og:url\" content=\"https:\/\/lospoliticosveracruz.com\/?p=137712\" \/>\n<meta property=\"og:site_name\" content=\"Los pol\u00edticos Veracruz\" \/>\n<meta property=\"article:publisher\" content=\"https:\/\/www.facebook.com\/people\/Notimemes-de-los-Polticos\/61565672886568\/\" \/>\n<meta property=\"article:published_time\" content=\"2025-02-13T14:30:56+00:00\" \/>\n<meta property=\"article:modified_time\" content=\"2025-02-13T14:31:25+00:00\" \/>\n<meta property=\"og:image\" content=\"https:\/\/lospoliticosveracruz.com\/wp-content\/uploads\/2024\/03\/Oved-Contreras.jpg\" \/>\n\t<meta property=\"og:image:width\" content=\"1250\" \/>\n\t<meta property=\"og:image:height\" content=\"667\" \/>\n\t<meta property=\"og:image:type\" content=\"image\/jpeg\" \/>\n<meta name=\"author\" content=\"Lo viste en Los Pol\u00edticos\" \/>\n<meta name=\"twitter:card\" content=\"summary_large_image\" \/>\n<meta name=\"twitter:creator\" content=\"@LosPoliticosVer\" \/>\n<meta name=\"twitter:site\" content=\"@LosPoliticosVer\" \/>\n<meta name=\"twitter:label1\" content=\"Escrito por\" \/>\n\t<meta name=\"twitter:data1\" content=\"Lo viste en Los Pol\u00edticos\" \/>\n\t<meta name=\"twitter:label2\" content=\"Tiempo de lectura\" \/>\n\t<meta name=\"twitter:data2\" content=\"5 minutos\" \/>\n<script type=\"application\/ld+json\" class=\"yoast-schema-graph\">{\"@context\":\"https:\\\/\\\/schema.org\",\"@graph\":[{\"@type\":\"Article\",\"@id\":\"https:\\\/\\\/lospoliticosveracruz.com\\\/?p=137712#article\",\"isPartOf\":{\"@id\":\"https:\\\/\\\/lospoliticosveracruz.com\\\/?p=137712\"},\"author\":{\"name\":\"Lo viste en Los Pol\u00edticos\",\"@id\":\"https:\\\/\\\/lospoliticosveracruz.com\\\/#\\\/schema\\\/person\\\/b8702bb0e538456e6efd07080bf2a4a2\"},\"headline\":\"EL CACICAZGO DEL CHAPOT\u00d3N GUZM\u00c1N\",\"datePublished\":\"2025-02-13T14:30:56+00:00\",\"dateModified\":\"2025-02-13T14:31:25+00:00\",\"mainEntityOfPage\":{\"@id\":\"https:\\\/\\\/lospoliticosveracruz.com\\\/?p=137712\"},\"wordCount\":1057,\"publisher\":{\"@id\":\"https:\\\/\\\/lospoliticosveracruz.com\\\/#organization\"},\"image\":{\"@id\":\"https:\\\/\\\/lospoliticosveracruz.com\\\/?p=137712#primaryimage\"},\"thumbnailUrl\":\"https:\\\/\\\/lospoliticosveracruz.com\\\/wp-content\\\/uploads\\\/2024\\\/03\\\/Oved-Contreras.jpg\",\"keywords\":[\"Joaqu\u00edn Rosendo Guzm\u00e1n Avil\u00e9s\",\"Morena\",\"Roc\u00edo Nahle\",\"Veracruz\"],\"articleSection\":[\"De Opini\u00f3n\"],\"inLanguage\":\"es\"},{\"@type\":\"WebPage\",\"@id\":\"https:\\\/\\\/lospoliticosveracruz.com\\\/?p=137712\",\"url\":\"https:\\\/\\\/lospoliticosveracruz.com\\\/?p=137712\",\"name\":\"EL CACICAZGO DEL CHAPOT\u00d3N GUZM\u00c1N - Los pol\u00edticos Veracruz\",\"isPartOf\":{\"@id\":\"https:\\\/\\\/lospoliticosveracruz.com\\\/#website\"},\"primaryImageOfPage\":{\"@id\":\"https:\\\/\\\/lospoliticosveracruz.com\\\/?p=137712#primaryimage\"},\"image\":{\"@id\":\"https:\\\/\\\/lospoliticosveracruz.com\\\/?p=137712#primaryimage\"},\"thumbnailUrl\":\"https:\\\/\\\/lospoliticosveracruz.com\\\/wp-content\\\/uploads\\\/2024\\\/03\\\/Oved-Contreras.jpg\",\"datePublished\":\"2025-02-13T14:30:56+00:00\",\"dateModified\":\"2025-02-13T14:31:25+00:00\",\"breadcrumb\":{\"@id\":\"https:\\\/\\\/lospoliticosveracruz.com\\\/?p=137712#breadcrumb\"},\"inLanguage\":\"es\",\"potentialAction\":[{\"@type\":\"ReadAction\",\"target\":[\"https:\\\/\\\/lospoliticosveracruz.com\\\/?p=137712\"]}]},{\"@type\":\"ImageObject\",\"inLanguage\":\"es\",\"@id\":\"https:\\\/\\\/lospoliticosveracruz.com\\\/?p=137712#primaryimage\",\"url\":\"https:\\\/\\\/lospoliticosveracruz.com\\\/wp-content\\\/uploads\\\/2024\\\/03\\\/Oved-Contreras.jpg\",\"contentUrl\":\"https:\\\/\\\/lospoliticosveracruz.com\\\/wp-content\\\/uploads\\\/2024\\\/03\\\/Oved-Contreras.jpg\",\"width\":1250,\"height\":667},{\"@type\":\"BreadcrumbList\",\"@id\":\"https:\\\/\\\/lospoliticosveracruz.com\\\/?p=137712#breadcrumb\",\"itemListElement\":[{\"@type\":\"ListItem\",\"position\":1,\"name\":\"Portada\",\"item\":\"https:\\\/\\\/lospoliticosveracruz.com\\\/\"},{\"@type\":\"ListItem\",\"position\":2,\"name\":\"EL CACICAZGO DEL CHAPOT\u00d3N GUZM\u00c1N\"}]},{\"@type\":\"WebSite\",\"@id\":\"https:\\\/\\\/lospoliticosveracruz.com\\\/#website\",\"url\":\"https:\\\/\\\/lospoliticosveracruz.com\\\/\",\"name\":\"Los pol\u00edticos Veracruz\",\"description\":\"\",\"publisher\":{\"@id\":\"https:\\\/\\\/lospoliticosveracruz.com\\\/#organization\"},\"potentialAction\":[{\"@type\":\"SearchAction\",\"target\":{\"@type\":\"EntryPoint\",\"urlTemplate\":\"https:\\\/\\\/lospoliticosveracruz.com\\\/?s={search_term_string}\"},\"query-input\":{\"@type\":\"PropertyValueSpecification\",\"valueRequired\":true,\"valueName\":\"search_term_string\"}}],\"inLanguage\":\"es\"},{\"@type\":\"Organization\",\"@id\":\"https:\\\/\\\/lospoliticosveracruz.com\\\/#organization\",\"name\":\"Los pol\u00edticos Veracruz\",\"url\":\"https:\\\/\\\/lospoliticosveracruz.com\\\/\",\"logo\":{\"@type\":\"ImageObject\",\"inLanguage\":\"es\",\"@id\":\"https:\\\/\\\/lospoliticosveracruz.com\\\/#\\\/schema\\\/logo\\\/image\\\/\",\"url\":\"https:\\\/\\\/lospoliticosveracruz.com\\\/wp-content\\\/uploads\\\/2025\\\/12\\\/Logo-Nuevo-LOS-POLITICOS-1.jpg\",\"contentUrl\":\"https:\\\/\\\/lospoliticosveracruz.com\\\/wp-content\\\/uploads\\\/2025\\\/12\\\/Logo-Nuevo-LOS-POLITICOS-1.jpg\",\"width\":260,\"height\":70,\"caption\":\"Los pol\u00edticos Veracruz\"},\"image\":{\"@id\":\"https:\\\/\\\/lospoliticosveracruz.com\\\/#\\\/schema\\\/logo\\\/image\\\/\"},\"sameAs\":[\"https:\\\/\\\/www.facebook.com\\\/people\\\/Notimemes-de-los-Polticos\\\/61565672886568\\\/\",\"https:\\\/\\\/x.com\\\/LosPoliticosVer\"]},{\"@type\":\"Person\",\"@id\":\"https:\\\/\\\/lospoliticosveracruz.com\\\/#\\\/schema\\\/person\\\/b8702bb0e538456e6efd07080bf2a4a2\",\"name\":\"Lo viste en Los Pol\u00edticos\",\"image\":{\"@type\":\"ImageObject\",\"inLanguage\":\"es\",\"@id\":\"https:\\\/\\\/secure.gravatar.com\\\/avatar\\\/3a8de04a2656d44082be478bd6c086daa447c4651605818287b9532d3d0bd435?s=96&d=mm&r=g\",\"url\":\"https:\\\/\\\/secure.gravatar.com\\\/avatar\\\/3a8de04a2656d44082be478bd6c086daa447c4651605818287b9532d3d0bd435?s=96&d=mm&r=g\",\"contentUrl\":\"https:\\\/\\\/secure.gravatar.com\\\/avatar\\\/3a8de04a2656d44082be478bd6c086daa447c4651605818287b9532d3d0bd435?s=96&d=mm&r=g\",\"caption\":\"Lo viste en Los Pol\u00edticos\"},\"url\":\"https:\\\/\\\/lospoliticosveracruz.com\\\/?author=2\"}]}<\/script>\n<!-- \/ Yoast SEO plugin. -->","yoast_head_json":{"title":"EL CACICAZGO DEL CHAPOT\u00d3N GUZM\u00c1N - Los pol\u00edticos Veracruz","robots":{"index":"index","follow":"follow","max-snippet":"max-snippet:-1","max-image-preview":"max-image-preview:large","max-video-preview":"max-video-preview:-1"},"canonical":"https:\/\/lospoliticosveracruz.com\/?p=137712","og_locale":"es_ES","og_type":"article","og_title":"EL CACICAZGO DEL CHAPOT\u00d3N GUZM\u00c1N - Los pol\u00edticos Veracruz","og_description":"S\u00edguenos ahora tambi\u00e9n en WhatsApp.&nbsp;Da clic aqu\u00ed Oved Contreras Secas Mecas\u00a0 Ayer mi\u00e9rcoles inici\u00f3 en la sede estatal del PAN el registro de precandidatos a alcald\u00edas, sindicaturas y regidur\u00edas con aspirantes provenientes de Pajapan, Benito Ju\u00e1rez, Tepetzintla, Atzacan, Paso de Ovejas, Tantoyuca y Boca del R\u00edo, entre otras demarcaciones\u2026los precandidatos y precandidatas deber\u00e1n realizar precampa\u00f1as [&hellip;]","og_url":"https:\/\/lospoliticosveracruz.com\/?p=137712","og_site_name":"Los pol\u00edticos Veracruz","article_publisher":"https:\/\/www.facebook.com\/people\/Notimemes-de-los-Polticos\/61565672886568\/","article_published_time":"2025-02-13T14:30:56+00:00","article_modified_time":"2025-02-13T14:31:25+00:00","og_image":[{"width":1250,"height":667,"url":"https:\/\/lospoliticosveracruz.com\/wp-content\/uploads\/2024\/03\/Oved-Contreras.jpg","type":"image\/jpeg"}],"author":"Lo viste en Los Pol\u00edticos","twitter_card":"summary_large_image","twitter_creator":"@LosPoliticosVer","twitter_site":"@LosPoliticosVer","twitter_misc":{"Escrito por":"Lo viste en Los Pol\u00edticos","Tiempo de lectura":"5 minutos"},"schema":{"@context":"https:\/\/schema.org","@graph":[{"@type":"Article","@id":"https:\/\/lospoliticosveracruz.com\/?p=137712#article","isPartOf":{"@id":"https:\/\/lospoliticosveracruz.com\/?p=137712"},"author":{"name":"Lo viste en Los Pol\u00edticos","@id":"https:\/\/lospoliticosveracruz.com\/#\/schema\/person\/b8702bb0e538456e6efd07080bf2a4a2"},"headline":"EL CACICAZGO DEL CHAPOT\u00d3N GUZM\u00c1N","datePublished":"2025-02-13T14:30:56+00:00","dateModified":"2025-02-13T14:31:25+00:00","mainEntityOfPage":{"@id":"https:\/\/lospoliticosveracruz.com\/?p=137712"},"wordCount":1057,"publisher":{"@id":"https:\/\/lospoliticosveracruz.com\/#organization"},"image":{"@id":"https:\/\/lospoliticosveracruz.com\/?p=137712#primaryimage"},"thumbnailUrl":"https:\/\/lospoliticosveracruz.com\/wp-content\/uploads\/2024\/03\/Oved-Contreras.jpg","keywords":["Joaqu\u00edn Rosendo Guzm\u00e1n Avil\u00e9s","Morena","Roc\u00edo Nahle","Veracruz"],"articleSection":["De Opini\u00f3n"],"inLanguage":"es"},{"@type":"WebPage","@id":"https:\/\/lospoliticosveracruz.com\/?p=137712","url":"https:\/\/lospoliticosveracruz.com\/?p=137712","name":"EL CACICAZGO DEL CHAPOT\u00d3N GUZM\u00c1N - Los pol\u00edticos Veracruz","isPartOf":{"@id":"https:\/\/lospoliticosveracruz.com\/#website"},"primaryImageOfPage":{"@id":"https:\/\/lospoliticosveracruz.com\/?p=137712#primaryimage"},"image":{"@id":"https:\/\/lospoliticosveracruz.com\/?p=137712#primaryimage"},"thumbnailUrl":"https:\/\/lospoliticosveracruz.com\/wp-content\/uploads\/2024\/03\/Oved-Contreras.jpg","datePublished":"2025-02-13T14:30:56+00:00","dateModified":"2025-02-13T14:31:25+00:00","breadcrumb":{"@id":"https:\/\/lospoliticosveracruz.com\/?p=137712#breadcrumb"},"inLanguage":"es","potentialAction":[{"@type":"ReadAction","target":["https:\/\/lospoliticosveracruz.com\/?p=137712"]}]},{"@type":"ImageObject","inLanguage":"es","@id":"https:\/\/lospoliticosveracruz.com\/?p=137712#primaryimage","url":"https:\/\/lospoliticosveracruz.com\/wp-content\/uploads\/2024\/03\/Oved-Contreras.jpg","contentUrl":"https:\/\/lospoliticosveracruz.com\/wp-content\/uploads\/2024\/03\/Oved-Contreras.jpg","width":1250,"height":667},{"@type":"BreadcrumbList","@id":"https:\/\/lospoliticosveracruz.com\/?p=137712#breadcrumb","itemListElement":[{"@type":"ListItem","position":1,"name":"Portada","item":"https:\/\/lospoliticosveracruz.com\/"},{"@type":"ListItem","position":2,"name":"EL CACICAZGO DEL CHAPOT\u00d3N GUZM\u00c1N"}]},{"@type":"WebSite","@id":"https:\/\/lospoliticosveracruz.com\/#website","url":"https:\/\/lospoliticosveracruz.com\/","name":"Los pol\u00edticos Veracruz","description":"","publisher":{"@id":"https:\/\/lospoliticosveracruz.com\/#organization"},"potentialAction":[{"@type":"SearchAction","target":{"@type":"EntryPoint","urlTemplate":"https:\/\/lospoliticosveracruz.com\/?s={search_term_string}"},"query-input":{"@type":"PropertyValueSpecification","valueRequired":true,"valueName":"search_term_string"}}],"inLanguage":"es"},{"@type":"Organization","@id":"https:\/\/lospoliticosveracruz.com\/#organization","name":"Los pol\u00edticos Veracruz","url":"https:\/\/lospoliticosveracruz.com\/","logo":{"@type":"ImageObject","inLanguage":"es","@id":"https:\/\/lospoliticosveracruz.com\/#\/schema\/logo\/image\/","url":"https:\/\/lospoliticosveracruz.com\/wp-content\/uploads\/2025\/12\/Logo-Nuevo-LOS-POLITICOS-1.jpg","contentUrl":"https:\/\/lospoliticosveracruz.com\/wp-content\/uploads\/2025\/12\/Logo-Nuevo-LOS-POLITICOS-1.jpg","width":260,"height":70,"caption":"Los pol\u00edticos Veracruz"},"image":{"@id":"https:\/\/lospoliticosveracruz.com\/#\/schema\/logo\/image\/"},"sameAs":["https:\/\/www.facebook.com\/people\/Notimemes-de-los-Polticos\/61565672886568\/","https:\/\/x.com\/LosPoliticosVer"]},{"@type":"Person","@id":"https:\/\/lospoliticosveracruz.com\/#\/schema\/person\/b8702bb0e538456e6efd07080bf2a4a2","name":"Lo viste en Los Pol\u00edticos","image":{"@type":"ImageObject","inLanguage":"es","@id":"https:\/\/secure.gravatar.com\/avatar\/3a8de04a2656d44082be478bd6c086daa447c4651605818287b9532d3d0bd435?s=96&d=mm&r=g","url":"https:\/\/secure.gravatar.com\/avatar\/3a8de04a2656d44082be478bd6c086daa447c4651605818287b9532d3d0bd435?s=96&d=mm&r=g","contentUrl":"https:\/\/secure.gravatar.com\/avatar\/3a8de04a2656d44082be478bd6c086daa447c4651605818287b9532d3d0bd435?s=96&d=mm&r=g","caption":"Lo viste en Los Pol\u00edticos"},"url":"https:\/\/lospoliticosveracruz.com\/?author=2"}]}},"_links":{"self":[{"href":"https:\/\/lospoliticosveracruz.com\/index.php?rest_route=\/wp\/v2\/posts\/137712","targetHints":{"allow":["GET"]}}],"collection":[{"href":"https:\/\/lospoliticosveracruz.com\/index.php?rest_route=\/wp\/v2\/posts"}],"about":[{"href":"https:\/\/lospoliticosveracruz.com\/index.php?rest_route=\/wp\/v2\/types\/post"}],"author":[{"embeddable":true,"href":"https:\/\/lospoliticosveracruz.com\/index.php?rest_route=\/wp\/v2\/users\/2"}],"replies":[{"embeddable":true,"href":"https:\/\/lospoliticosveracruz.com\/index.php?rest_route=%2Fwp%2Fv2%2Fcomments&post=137712"}],"version-history":[{"count":2,"href":"https:\/\/lospoliticosveracruz.com\/index.php?rest_route=\/wp\/v2\/posts\/137712\/revisions"}],"predecessor-version":[{"id":137714,"href":"https:\/\/lospoliticosveracruz.com\/index.php?rest_route=\/wp\/v2\/posts\/137712\/revisions\/137714"}],"wp:featuredmedia":[{"embeddable":true,"href":"https:\/\/lospoliticosveracruz.com\/index.php?rest_route=\/wp\/v2\/media\/119816"}],"wp:attachment":[{"href":"https:\/\/lospoliticosveracruz.com\/index.php?rest_route=%2Fwp%2Fv2%2Fmedia&parent=137712"}],"wp:term":[{"taxonomy":"category","embeddable":true,"href":"https:\/\/lospoliticosveracruz.com\/index.php?rest_route=%2Fwp%2Fv2%2Fcategories&post=137712"},{"taxonomy":"post_tag","embeddable":true,"href":"https:\/\/lospoliticosveracruz.com\/index.php?rest_route=%2Fwp%2Fv2%2Ftags&post=137712"}],"curies":[{"name":"wp","href":"https:\/\/api.w.org\/{rel}","templated":true}]}}