{"id":137720,"date":"2025-02-13T10:05:12","date_gmt":"2025-02-13T16:05:12","guid":{"rendered":"https:\/\/lospoliticosveracruz.com.mx\/?p=137720"},"modified":"2025-02-13T10:14:50","modified_gmt":"2025-02-13T16:14:50","slug":"insabi-un-fracaso-ivonne","status":"publish","type":"post","link":"https:\/\/lospoliticosveracruz.com\/?p=137720","title":{"rendered":"INSABI, UN FRACASO: IVONNE"},"content":{"rendered":"\n<p>S\u00edguenos ahora tambi\u00e9n en WhatsApp.\u00a0<a href=\"https:\/\/whatsapp.com\/channel\/0029Va8zRWlEKyZIP3Z1dF0e\"><em><strong>Da clic aqu\u00ed<\/strong><\/em><\/a><\/p>\n\n\n\n<p><strong>Luis Bustos<\/strong><\/p>\n\n\n\n<p><em>EnEstaHora <\/em><\/p>\n\n\n\n<p>Innegable, acumula una extensa experiencia en la administraci\u00f3n p\u00fablica, habiendo pasado por la Universidad Veracruzana en donde de 1995 a 1997, fue directora general de Recursos Humanos y m\u00e1s tarde, se incrust\u00f3 en la vida pol\u00edtica partidista, en las filas del PRD.<br>Para las elecciones de 2017, fue candidata de Morena, a s\u00edndica del ayuntamiento de Xalapa, en la planilla que encabez\u00f3 Hip\u00f3lito Rodr\u00edguez Herrero, entrando en funciones el 1 de enero de 2018.<\/p>\n\n\n<div class=\"wp-block-image\">\n<figure class=\"alignleft size-thumbnail\"><a href=\"https:\/\/lospoliticosveracruz.com.mx\/wp-content\/uploads\/2025\/02\/Acover.jpg\"><img loading=\"lazy\" decoding=\"async\" width=\"150\" height=\"150\" src=\"https:\/\/lospoliticosveracruz.com.mx\/wp-content\/uploads\/2025\/02\/Acover-150x150.jpg\" alt=\"\" class=\"wp-image-137721\" srcset=\"https:\/\/lospoliticosveracruz.com\/wp-content\/uploads\/2025\/02\/Acover-150x150.jpg 150w, https:\/\/lospoliticosveracruz.com\/wp-content\/uploads\/2025\/02\/Acover-125x125.jpg 125w\" sizes=\"auto, (max-width: 150px) 100vw, 150px\" \/><\/a><\/figure>\n<\/div>\n\n\n<p><br>El 26 de noviembre del mismo a\u00f1o solicit\u00f3 licencia ante el Cabildo municipal, para aceptar el nombramiento del presidente L\u00f3pez Obrador como Comisionada Nacional de Protecci\u00f3n Social de Salud , es decir, titular del Seguro Popular, en donde le toc\u00f3 bajar la persiana para dar paso al Instituto de Salud para el Bienestar (INSABI), que inici\u00f3 operaciones el 1 de enero de 2020, concluyendo su cargo.<br>Luego fue directora general de Administraci\u00f3n de la Secretar\u00eda de Salud, renunci\u00f3 al cargo en 2020, para incorporarse a la Comisi\u00f3n Nacional de Encuestas de Morena.<br>En 2021 fue elegida diputada federal por representaci\u00f3n proporcional a la LXV Legislatura que tuvo t\u00e9rmino en 2024 y en la que fue presidenta de la comisi\u00f3n de Seguridad Social; e integrante de las comisiones de Federalismo y Desarrollo Municipal, y de Salud.<br>Hasta aqu\u00ed algunos datos de los que nos comparti\u00f3 esta ma\u00f1ana la ex sindica y ex diputada Ivonne Cisneros, aspirante a la candidatura por Morena para la presidencia municipal de nuestra ciudad capital, Xalapa.<br>En su exposici\u00f3n, cu\u00e1ndo menos en 20 ocasiones mencion\u00f3 al expresidente L\u00f3pez Obrador, como queriendo colgarse de su nombre y popularidad, por lo que alg\u00fan compa\u00f1ero director de un importante medio expres\u00f3 que AMLO no aparecer\u00e1 en la boleta este 2025.<br>No falt\u00f3 quien le cuestionara su paso por la administraci\u00f3n municipal que encabez\u00f3 Hip\u00f3lito Rodr\u00edguez, de quien no se guarda buena memoria en el conglomerado ciudadano capitalino.<br>Trat\u00f3 de defender los resultados de la administraci\u00f3n de la que fue s\u00edndica por espacio de casi un a\u00f1o, pero, de parte de los compa\u00f1eros de los medios, casi se generaliz\u00f3 la opini\u00f3n negativa.<br>Luego surgi\u00f3 un \u201ctel\u00e9fono descompuesto\u201d con el tema de los periodistas a quienes dijo respetar, pero m\u00e1s tarde dijo que hab\u00eda algunos que escrib\u00edan o dec\u00edan mentiras, por lo que un compa\u00f1ero columnista toc\u00f3 el tema dejando en claro que existe libertad de expresi\u00f3n y de prensa.<br>Cuando hizo referencia al INSABI, se le cuestion\u00f3 su opini\u00f3n sobre ese instituto y su respuesta fue breve y contundente: \u201cfue un fracaso, no se puede negar\u2026 el mismo presidente L\u00f3pez Obrador lo reconoci\u00f3, por eso se creo el IMSS Bienestar\u201d.<br>As\u00ed las cosas, se puede resumir como una reuni\u00f3n enriquecedora en la que invitada y anfitriones, escuchamos, preguntamos y nos retroalimentamos, en un ejercicio democr\u00e1tico con absoluta libertad para la manifestaci\u00f3n de las ideas, de parte y parte.<br>Y, hasta la pr\u00f3xima, si la pr\u00f3xima reuni\u00f3n de ACOVER en este ciclo de encuentros con los actores pol\u00edticos que se est\u00e1n aventando al ruedo en este proceso electoral 2025.<\/p>\n","protected":false},"excerpt":{"rendered":"<p>S\u00edguenos ahora tambi\u00e9n en WhatsApp.\u00a0Da clic aqu\u00ed Luis Bustos EnEstaHora Innegable, acumula una extensa experiencia en la administraci\u00f3n p\u00fablica, habiendo pasado por la Universidad Veracruzana en donde de 1995 a 1997, fue directora general de Recursos Humanos y m\u00e1s tarde, se incrust\u00f3 en la vida pol\u00edtica partidista, en las filas del PRD.Para las elecciones de [&hellip;]<\/p>\n","protected":false},"author":2,"featured_media":127607,"comment_status":"closed","ping_status":"closed","sticky":false,"template":"","format":"standard","meta":{"tdm_status":"","tdm_grid_status":"","footnotes":""},"categories":[70],"tags":[15530,16759],"class_list":{"0":"post-137720","1":"post","2":"type-post","3":"status-publish","4":"format-standard","5":"has-post-thumbnail","7":"category-de-opinion","8":"tag-insabi","9":"tag-luis-bustos"},"yoast_head":"<!-- This site is optimized with the Yoast SEO plugin v27.4 - https:\/\/yoast.com\/product\/yoast-seo-wordpress\/ -->\n<title>INSABI, UN FRACASO: IVONNE - Los pol\u00edticos Veracruz<\/title>\n<meta name=\"robots\" content=\"index, follow, max-snippet:-1, max-image-preview:large, max-video-preview:-1\" \/>\n<link rel=\"canonical\" href=\"https:\/\/lospoliticosveracruz.com\/?p=137720\" \/>\n<meta property=\"og:locale\" content=\"es_ES\" \/>\n<meta property=\"og:type\" content=\"article\" \/>\n<meta property=\"og:title\" content=\"INSABI, UN FRACASO: IVONNE - Los pol\u00edticos Veracruz\" \/>\n<meta property=\"og:description\" content=\"S\u00edguenos ahora tambi\u00e9n en WhatsApp.\u00a0Da clic aqu\u00ed Luis Bustos EnEstaHora Innegable, acumula una extensa experiencia en la administraci\u00f3n p\u00fablica, habiendo pasado por la Universidad Veracruzana en donde de 1995 a 1997, fue directora general de Recursos Humanos y m\u00e1s tarde, se incrust\u00f3 en la vida pol\u00edtica partidista, en las filas del PRD.Para las elecciones de [&hellip;]\" \/>\n<meta property=\"og:url\" content=\"https:\/\/lospoliticosveracruz.com\/?p=137720\" \/>\n<meta property=\"og:site_name\" content=\"Los pol\u00edticos Veracruz\" \/>\n<meta property=\"article:publisher\" content=\"https:\/\/www.facebook.com\/people\/Notimemes-de-los-Polticos\/61565672886568\/\" \/>\n<meta property=\"article:published_time\" content=\"2025-02-13T16:05:12+00:00\" \/>\n<meta property=\"article:modified_time\" content=\"2025-02-13T16:14:50+00:00\" \/>\n<meta property=\"og:image\" content=\"https:\/\/lospoliticosveracruz.com\/wp-content\/uploads\/2024\/07\/Luis-Bustos-1.jpg\" \/>\n\t<meta property=\"og:image:width\" content=\"1250\" \/>\n\t<meta property=\"og:image:height\" content=\"667\" \/>\n\t<meta property=\"og:image:type\" content=\"image\/jpeg\" \/>\n<meta name=\"author\" content=\"Lo viste en Los Pol\u00edticos\" \/>\n<meta name=\"twitter:card\" content=\"summary_large_image\" \/>\n<meta name=\"twitter:creator\" content=\"@LosPoliticosVer\" \/>\n<meta name=\"twitter:site\" content=\"@LosPoliticosVer\" \/>\n<meta name=\"twitter:label1\" content=\"Escrito por\" \/>\n\t<meta name=\"twitter:data1\" content=\"Lo viste en Los Pol\u00edticos\" \/>\n\t<meta name=\"twitter:label2\" content=\"Tiempo de lectura\" \/>\n\t<meta name=\"twitter:data2\" content=\"3 minutos\" \/>\n<script type=\"application\/ld+json\" class=\"yoast-schema-graph\">{\"@context\":\"https:\\\/\\\/schema.org\",\"@graph\":[{\"@type\":\"Article\",\"@id\":\"https:\\\/\\\/lospoliticosveracruz.com\\\/?p=137720#article\",\"isPartOf\":{\"@id\":\"https:\\\/\\\/lospoliticosveracruz.com\\\/?p=137720\"},\"author\":{\"name\":\"Lo viste en Los Pol\u00edticos\",\"@id\":\"https:\\\/\\\/lospoliticosveracruz.com\\\/#\\\/schema\\\/person\\\/b8702bb0e538456e6efd07080bf2a4a2\"},\"headline\":\"INSABI, UN FRACASO: IVONNE\",\"datePublished\":\"2025-02-13T16:05:12+00:00\",\"dateModified\":\"2025-02-13T16:14:50+00:00\",\"mainEntityOfPage\":{\"@id\":\"https:\\\/\\\/lospoliticosveracruz.com\\\/?p=137720\"},\"wordCount\":550,\"publisher\":{\"@id\":\"https:\\\/\\\/lospoliticosveracruz.com\\\/#organization\"},\"image\":{\"@id\":\"https:\\\/\\\/lospoliticosveracruz.com\\\/?p=137720#primaryimage\"},\"thumbnailUrl\":\"https:\\\/\\\/lospoliticosveracruz.com\\\/wp-content\\\/uploads\\\/2024\\\/07\\\/Luis-Bustos-1.jpg\",\"keywords\":[\"Insabi\",\"Luis Bustos\"],\"articleSection\":[\"De Opini\u00f3n\"],\"inLanguage\":\"es\"},{\"@type\":\"WebPage\",\"@id\":\"https:\\\/\\\/lospoliticosveracruz.com\\\/?p=137720\",\"url\":\"https:\\\/\\\/lospoliticosveracruz.com\\\/?p=137720\",\"name\":\"INSABI, UN FRACASO: IVONNE - Los pol\u00edticos Veracruz\",\"isPartOf\":{\"@id\":\"https:\\\/\\\/lospoliticosveracruz.com\\\/#website\"},\"primaryImageOfPage\":{\"@id\":\"https:\\\/\\\/lospoliticosveracruz.com\\\/?p=137720#primaryimage\"},\"image\":{\"@id\":\"https:\\\/\\\/lospoliticosveracruz.com\\\/?p=137720#primaryimage\"},\"thumbnailUrl\":\"https:\\\/\\\/lospoliticosveracruz.com\\\/wp-content\\\/uploads\\\/2024\\\/07\\\/Luis-Bustos-1.jpg\",\"datePublished\":\"2025-02-13T16:05:12+00:00\",\"dateModified\":\"2025-02-13T16:14:50+00:00\",\"breadcrumb\":{\"@id\":\"https:\\\/\\\/lospoliticosveracruz.com\\\/?p=137720#breadcrumb\"},\"inLanguage\":\"es\",\"potentialAction\":[{\"@type\":\"ReadAction\",\"target\":[\"https:\\\/\\\/lospoliticosveracruz.com\\\/?p=137720\"]}]},{\"@type\":\"ImageObject\",\"inLanguage\":\"es\",\"@id\":\"https:\\\/\\\/lospoliticosveracruz.com\\\/?p=137720#primaryimage\",\"url\":\"https:\\\/\\\/lospoliticosveracruz.com\\\/wp-content\\\/uploads\\\/2024\\\/07\\\/Luis-Bustos-1.jpg\",\"contentUrl\":\"https:\\\/\\\/lospoliticosveracruz.com\\\/wp-content\\\/uploads\\\/2024\\\/07\\\/Luis-Bustos-1.jpg\",\"width\":1250,\"height\":667},{\"@type\":\"BreadcrumbList\",\"@id\":\"https:\\\/\\\/lospoliticosveracruz.com\\\/?p=137720#breadcrumb\",\"itemListElement\":[{\"@type\":\"ListItem\",\"position\":1,\"name\":\"Portada\",\"item\":\"https:\\\/\\\/lospoliticosveracruz.com\\\/\"},{\"@type\":\"ListItem\",\"position\":2,\"name\":\"INSABI, UN FRACASO: IVONNE\"}]},{\"@type\":\"WebSite\",\"@id\":\"https:\\\/\\\/lospoliticosveracruz.com\\\/#website\",\"url\":\"https:\\\/\\\/lospoliticosveracruz.com\\\/\",\"name\":\"Los pol\u00edticos Veracruz\",\"description\":\"\",\"publisher\":{\"@id\":\"https:\\\/\\\/lospoliticosveracruz.com\\\/#organization\"},\"potentialAction\":[{\"@type\":\"SearchAction\",\"target\":{\"@type\":\"EntryPoint\",\"urlTemplate\":\"https:\\\/\\\/lospoliticosveracruz.com\\\/?s={search_term_string}\"},\"query-input\":{\"@type\":\"PropertyValueSpecification\",\"valueRequired\":true,\"valueName\":\"search_term_string\"}}],\"inLanguage\":\"es\"},{\"@type\":\"Organization\",\"@id\":\"https:\\\/\\\/lospoliticosveracruz.com\\\/#organization\",\"name\":\"Los pol\u00edticos Veracruz\",\"url\":\"https:\\\/\\\/lospoliticosveracruz.com\\\/\",\"logo\":{\"@type\":\"ImageObject\",\"inLanguage\":\"es\",\"@id\":\"https:\\\/\\\/lospoliticosveracruz.com\\\/#\\\/schema\\\/logo\\\/image\\\/\",\"url\":\"https:\\\/\\\/lospoliticosveracruz.com\\\/wp-content\\\/uploads\\\/2025\\\/12\\\/Logo-Nuevo-LOS-POLITICOS-1.jpg\",\"contentUrl\":\"https:\\\/\\\/lospoliticosveracruz.com\\\/wp-content\\\/uploads\\\/2025\\\/12\\\/Logo-Nuevo-LOS-POLITICOS-1.jpg\",\"width\":260,\"height\":70,\"caption\":\"Los pol\u00edticos Veracruz\"},\"image\":{\"@id\":\"https:\\\/\\\/lospoliticosveracruz.com\\\/#\\\/schema\\\/logo\\\/image\\\/\"},\"sameAs\":[\"https:\\\/\\\/www.facebook.com\\\/people\\\/Notimemes-de-los-Polticos\\\/61565672886568\\\/\",\"https:\\\/\\\/x.com\\\/LosPoliticosVer\"]},{\"@type\":\"Person\",\"@id\":\"https:\\\/\\\/lospoliticosveracruz.com\\\/#\\\/schema\\\/person\\\/b8702bb0e538456e6efd07080bf2a4a2\",\"name\":\"Lo viste en Los Pol\u00edticos\",\"image\":{\"@type\":\"ImageObject\",\"inLanguage\":\"es\",\"@id\":\"https:\\\/\\\/secure.gravatar.com\\\/avatar\\\/3a8de04a2656d44082be478bd6c086daa447c4651605818287b9532d3d0bd435?s=96&d=mm&r=g\",\"url\":\"https:\\\/\\\/secure.gravatar.com\\\/avatar\\\/3a8de04a2656d44082be478bd6c086daa447c4651605818287b9532d3d0bd435?s=96&d=mm&r=g\",\"contentUrl\":\"https:\\\/\\\/secure.gravatar.com\\\/avatar\\\/3a8de04a2656d44082be478bd6c086daa447c4651605818287b9532d3d0bd435?s=96&d=mm&r=g\",\"caption\":\"Lo viste en Los Pol\u00edticos\"},\"url\":\"https:\\\/\\\/lospoliticosveracruz.com\\\/?author=2\"}]}<\/script>\n<!-- \/ Yoast SEO plugin. -->","yoast_head_json":{"title":"INSABI, UN FRACASO: IVONNE - Los pol\u00edticos Veracruz","robots":{"index":"index","follow":"follow","max-snippet":"max-snippet:-1","max-image-preview":"max-image-preview:large","max-video-preview":"max-video-preview:-1"},"canonical":"https:\/\/lospoliticosveracruz.com\/?p=137720","og_locale":"es_ES","og_type":"article","og_title":"INSABI, UN FRACASO: IVONNE - Los pol\u00edticos Veracruz","og_description":"S\u00edguenos ahora tambi\u00e9n en WhatsApp.\u00a0Da clic aqu\u00ed Luis Bustos EnEstaHora Innegable, acumula una extensa experiencia en la administraci\u00f3n p\u00fablica, habiendo pasado por la Universidad Veracruzana en donde de 1995 a 1997, fue directora general de Recursos Humanos y m\u00e1s tarde, se incrust\u00f3 en la vida pol\u00edtica partidista, en las filas del PRD.Para las elecciones de [&hellip;]","og_url":"https:\/\/lospoliticosveracruz.com\/?p=137720","og_site_name":"Los pol\u00edticos Veracruz","article_publisher":"https:\/\/www.facebook.com\/people\/Notimemes-de-los-Polticos\/61565672886568\/","article_published_time":"2025-02-13T16:05:12+00:00","article_modified_time":"2025-02-13T16:14:50+00:00","og_image":[{"width":1250,"height":667,"url":"https:\/\/lospoliticosveracruz.com\/wp-content\/uploads\/2024\/07\/Luis-Bustos-1.jpg","type":"image\/jpeg"}],"author":"Lo viste en Los Pol\u00edticos","twitter_card":"summary_large_image","twitter_creator":"@LosPoliticosVer","twitter_site":"@LosPoliticosVer","twitter_misc":{"Escrito por":"Lo viste en Los Pol\u00edticos","Tiempo de lectura":"3 minutos"},"schema":{"@context":"https:\/\/schema.org","@graph":[{"@type":"Article","@id":"https:\/\/lospoliticosveracruz.com\/?p=137720#article","isPartOf":{"@id":"https:\/\/lospoliticosveracruz.com\/?p=137720"},"author":{"name":"Lo viste en Los Pol\u00edticos","@id":"https:\/\/lospoliticosveracruz.com\/#\/schema\/person\/b8702bb0e538456e6efd07080bf2a4a2"},"headline":"INSABI, UN FRACASO: IVONNE","datePublished":"2025-02-13T16:05:12+00:00","dateModified":"2025-02-13T16:14:50+00:00","mainEntityOfPage":{"@id":"https:\/\/lospoliticosveracruz.com\/?p=137720"},"wordCount":550,"publisher":{"@id":"https:\/\/lospoliticosveracruz.com\/#organization"},"image":{"@id":"https:\/\/lospoliticosveracruz.com\/?p=137720#primaryimage"},"thumbnailUrl":"https:\/\/lospoliticosveracruz.com\/wp-content\/uploads\/2024\/07\/Luis-Bustos-1.jpg","keywords":["Insabi","Luis Bustos"],"articleSection":["De Opini\u00f3n"],"inLanguage":"es"},{"@type":"WebPage","@id":"https:\/\/lospoliticosveracruz.com\/?p=137720","url":"https:\/\/lospoliticosveracruz.com\/?p=137720","name":"INSABI, UN FRACASO: IVONNE - Los pol\u00edticos Veracruz","isPartOf":{"@id":"https:\/\/lospoliticosveracruz.com\/#website"},"primaryImageOfPage":{"@id":"https:\/\/lospoliticosveracruz.com\/?p=137720#primaryimage"},"image":{"@id":"https:\/\/lospoliticosveracruz.com\/?p=137720#primaryimage"},"thumbnailUrl":"https:\/\/lospoliticosveracruz.com\/wp-content\/uploads\/2024\/07\/Luis-Bustos-1.jpg","datePublished":"2025-02-13T16:05:12+00:00","dateModified":"2025-02-13T16:14:50+00:00","breadcrumb":{"@id":"https:\/\/lospoliticosveracruz.com\/?p=137720#breadcrumb"},"inLanguage":"es","potentialAction":[{"@type":"ReadAction","target":["https:\/\/lospoliticosveracruz.com\/?p=137720"]}]},{"@type":"ImageObject","inLanguage":"es","@id":"https:\/\/lospoliticosveracruz.com\/?p=137720#primaryimage","url":"https:\/\/lospoliticosveracruz.com\/wp-content\/uploads\/2024\/07\/Luis-Bustos-1.jpg","contentUrl":"https:\/\/lospoliticosveracruz.com\/wp-content\/uploads\/2024\/07\/Luis-Bustos-1.jpg","width":1250,"height":667},{"@type":"BreadcrumbList","@id":"https:\/\/lospoliticosveracruz.com\/?p=137720#breadcrumb","itemListElement":[{"@type":"ListItem","position":1,"name":"Portada","item":"https:\/\/lospoliticosveracruz.com\/"},{"@type":"ListItem","position":2,"name":"INSABI, UN FRACASO: IVONNE"}]},{"@type":"WebSite","@id":"https:\/\/lospoliticosveracruz.com\/#website","url":"https:\/\/lospoliticosveracruz.com\/","name":"Los pol\u00edticos Veracruz","description":"","publisher":{"@id":"https:\/\/lospoliticosveracruz.com\/#organization"},"potentialAction":[{"@type":"SearchAction","target":{"@type":"EntryPoint","urlTemplate":"https:\/\/lospoliticosveracruz.com\/?s={search_term_string}"},"query-input":{"@type":"PropertyValueSpecification","valueRequired":true,"valueName":"search_term_string"}}],"inLanguage":"es"},{"@type":"Organization","@id":"https:\/\/lospoliticosveracruz.com\/#organization","name":"Los pol\u00edticos Veracruz","url":"https:\/\/lospoliticosveracruz.com\/","logo":{"@type":"ImageObject","inLanguage":"es","@id":"https:\/\/lospoliticosveracruz.com\/#\/schema\/logo\/image\/","url":"https:\/\/lospoliticosveracruz.com\/wp-content\/uploads\/2025\/12\/Logo-Nuevo-LOS-POLITICOS-1.jpg","contentUrl":"https:\/\/lospoliticosveracruz.com\/wp-content\/uploads\/2025\/12\/Logo-Nuevo-LOS-POLITICOS-1.jpg","width":260,"height":70,"caption":"Los pol\u00edticos Veracruz"},"image":{"@id":"https:\/\/lospoliticosveracruz.com\/#\/schema\/logo\/image\/"},"sameAs":["https:\/\/www.facebook.com\/people\/Notimemes-de-los-Polticos\/61565672886568\/","https:\/\/x.com\/LosPoliticosVer"]},{"@type":"Person","@id":"https:\/\/lospoliticosveracruz.com\/#\/schema\/person\/b8702bb0e538456e6efd07080bf2a4a2","name":"Lo viste en Los Pol\u00edticos","image":{"@type":"ImageObject","inLanguage":"es","@id":"https:\/\/secure.gravatar.com\/avatar\/3a8de04a2656d44082be478bd6c086daa447c4651605818287b9532d3d0bd435?s=96&d=mm&r=g","url":"https:\/\/secure.gravatar.com\/avatar\/3a8de04a2656d44082be478bd6c086daa447c4651605818287b9532d3d0bd435?s=96&d=mm&r=g","contentUrl":"https:\/\/secure.gravatar.com\/avatar\/3a8de04a2656d44082be478bd6c086daa447c4651605818287b9532d3d0bd435?s=96&d=mm&r=g","caption":"Lo viste en Los Pol\u00edticos"},"url":"https:\/\/lospoliticosveracruz.com\/?author=2"}]}},"_links":{"self":[{"href":"https:\/\/lospoliticosveracruz.com\/index.php?rest_route=\/wp\/v2\/posts\/137720","targetHints":{"allow":["GET"]}}],"collection":[{"href":"https:\/\/lospoliticosveracruz.com\/index.php?rest_route=\/wp\/v2\/posts"}],"about":[{"href":"https:\/\/lospoliticosveracruz.com\/index.php?rest_route=\/wp\/v2\/types\/post"}],"author":[{"embeddable":true,"href":"https:\/\/lospoliticosveracruz.com\/index.php?rest_route=\/wp\/v2\/users\/2"}],"replies":[{"embeddable":true,"href":"https:\/\/lospoliticosveracruz.com\/index.php?rest_route=%2Fwp%2Fv2%2Fcomments&post=137720"}],"version-history":[{"count":3,"href":"https:\/\/lospoliticosveracruz.com\/index.php?rest_route=\/wp\/v2\/posts\/137720\/revisions"}],"predecessor-version":[{"id":137727,"href":"https:\/\/lospoliticosveracruz.com\/index.php?rest_route=\/wp\/v2\/posts\/137720\/revisions\/137727"}],"wp:featuredmedia":[{"embeddable":true,"href":"https:\/\/lospoliticosveracruz.com\/index.php?rest_route=\/wp\/v2\/media\/127607"}],"wp:attachment":[{"href":"https:\/\/lospoliticosveracruz.com\/index.php?rest_route=%2Fwp%2Fv2%2Fmedia&parent=137720"}],"wp:term":[{"taxonomy":"category","embeddable":true,"href":"https:\/\/lospoliticosveracruz.com\/index.php?rest_route=%2Fwp%2Fv2%2Fcategories&post=137720"},{"taxonomy":"post_tag","embeddable":true,"href":"https:\/\/lospoliticosveracruz.com\/index.php?rest_route=%2Fwp%2Fv2%2Ftags&post=137720"}],"curies":[{"name":"wp","href":"https:\/\/api.w.org\/{rel}","templated":true}]}}