{"id":137740,"date":"2025-02-13T13:04:17","date_gmt":"2025-02-13T19:04:17","guid":{"rendered":"https:\/\/lospoliticosveracruz.com.mx\/?p=137740"},"modified":"2025-02-13T13:04:32","modified_gmt":"2025-02-13T19:04:32","slug":"cuiden-sus-carteras-viene-claudia","status":"publish","type":"post","link":"https:\/\/lospoliticosveracruz.com\/?p=137740","title":{"rendered":"CUIDEN SUS CARTERAS\u2026 VIENE CLAUDIA"},"content":{"rendered":"\n<p>S\u00edguenos ahora tambi\u00e9n en WhatsApp.\u00a0<a href=\"https:\/\/whatsapp.com\/channel\/0029Va8zRWlEKyZIP3Z1dF0e\"><em><strong>Da clic aqu\u00ed<\/strong><\/em><\/a><\/p>\n\n\n\n<p><strong>Inocencio Y\u00e1\u00f1ez Vicencio<\/strong><\/p>\n\n\n\n<p><strong><br><\/strong>La porra de Claudia Sheinbaum, nos quiere convencer que este fin de semana estar\u00e1 en Veracruz, para entregar apoyos de bienestar, que bien sabemos que venga o no ser\u00e1n entregados. M\u00e1s cre\u00edble ser\u00eda si nos dijeran que viene a entregar las licencias permanentes.<br>Cuando una persona nos visita siempre es conveniente saber qui\u00e9n es y a qu\u00e9 se dedica.<br>Veamos su ficha curricular:<\/p>\n\n\n<div class=\"wp-block-image\">\n<figure class=\"alignleft size-medium\"><a href=\"https:\/\/lospoliticosveracruz.com.mx\/wp-content\/uploads\/2021\/10\/Zacauilt.jpg\"><img decoding=\"async\" src=\"https:\/\/lospoliticosveracruz.com.mx\/wp-content\/uploads\/2021\/10\/Zacauilt-150x300.jpg\" alt=\"\" class=\"wp-image-80558\"\/><\/a><\/figure>\n<\/div>\n\n\n<ol class=\"wp-block-list\">\n<li>Que sea atea y de sangre jud\u00eda, puede girar a su favor si act\u00faa en consecuencia.<\/li>\n\n\n\n<li>Era esposa de Carlos Imaz, cuando este fue pillado recibiendo pacas de billetes del argentino Carlos Ahumada. Ella no era agena a estas transa desde el momento que formaba parte del mismo proyecto pol\u00edtico.<\/li>\n\n\n\n<li>Siendo Jefa delegacional extendi\u00f3 la licencia de construcci\u00f3n de la ampliaci\u00f3n de la escuela Rebsamen, que al caerse mat\u00f3 a ni\u00f1os que enlutaron varias familias y que parad\u00f3jicamente llev\u00f3 a la c\u00e1rcel a la due\u00f1a del plantel pero no a la responsable que autoriza la obra.<\/li>\n\n\n\n<li>Es la persona que AMLO, escogi\u00f3 como su corcholata o tapadera para contender por Morena en las elecciones del 2024.<\/li>\n\n\n\n<li>Es la que utiliz\u00f3 en Poza Rica el ej\u00e9rcito para acarrear contingentes a sus m\u00edtines.<\/li>\n\n\n\n<li>Es la que fue se\u00f1alada por la morenista directora de Notimex, de apoyar su campa\u00f1a con dinero del gobierno.<\/li>\n\n\n\n<li>Que tuvieron que pactarle una derechista vern\u00e1cula como X\u00f3chilt, para que se viera gigante y de izquierda.<\/li>\n\n\n\n<li>Que dado los recursos y apoyos de la Guardia Nacional, la Asamblea de Barrios, ambulantes, porros, brigadistas, siervos de la naci\u00f3n, vagoneros, grupos de choque, burocracia, bandas delictivas y , sobre todo, los programas sociales y su manipulaci\u00f3n de que Morena era la \u00fanica que garantizaba su continuidad, le condujo a declarar, toda vez que hab\u00edan asaltado con Guadalupe Taddei, el INE y todo el Tribunal Electoral Federal, que las elecciones, donde adem\u00e1s de ella surgieron gobernadores in\u00fatiles y serviles como Roc\u00edo Nahle, diputados y senadores lacayos, que las votaciones eran un mero tr\u00e1mite.<\/li>\n\n\n\n<li>Es la encargada de tapar la corrupci\u00f3n de AMLO y sus secuaces.<\/li>\n\n\n\n<li>Nada nos ha dicho de los dinero del INSABE, que sustituy\u00f3 al Seguro Popular, que lo desaparecieron para borrar sus tropel\u00edas.<\/li>\n\n\n\n<li>Nada nos dice de los 15 mil millones de pesos que la Auditor\u00eda Superior de la Federaci\u00f3n, se\u00f1al\u00f3 como faltantes de SAGALMEX, que el mismo Andr\u00e9s Manuel L\u00f3pez Obrador, reconoci\u00f3 que se los hab\u00edan robado. Ahora tambi\u00e9n lo desaparece para borrar todo rastro.<\/li>\n\n\n\n<li>Las sinverg\u00fcenzadas que el director del Instituto para Devolverle al Pueblo lo Robado, Jaime C\u00e1rdenas Gracia, hizo p\u00fablicas , siguen impunes.<\/li>\n\n\n\n<li>Los dineros de los fideicomisos que se pasaron a partidas sin reglas de operaci\u00f3n para gastarse a discreci\u00f3n, contin\u00faa en la opocidad.<\/li>\n\n\n\n<li>Los ahorros fiscales se dilapidaron, sin que hasta ahora nadie sepa su real destino.<\/li>\n\n\n\n<li>Los 321 mil millones tirados a la basura con la cancelaci\u00f3n del aeropuerto por simple capricho, nunca tendr\u00e1n sanci\u00f3n.<\/li>\n\n\n\n<li>Los terrenos del aeropuerto cancelado de la CDMX, est\u00e1n siendo manejados con mucho sigilo para ir a parar a manos amigas.<\/li>\n\n\n\n<li>La persecusi\u00f3n de Alonso Ancira, hasta llevar a la quiebra su empresa Altos Hornos de M\u00e9xico ( AHMSA ) , por el \u00fanico delito de expresar su preferencia por el PRI, ilustra su pol\u00edtica de limpieza partidista, semejante a la limpieza \u00e9tnica de Hitler.<\/li>\n\n\n\n<li>Estamos esperando que las denuncias que present\u00f3 Scherer contra el fiscal Gertz Manero, procedan.<\/li>\n\n\n\n<li>Hasta cu\u00e1ndo vamos a ver qu\u00e9 las denuncias que se presentaron ante la Fiscal\u00eda General de la Rep\u00fablica contra Roc\u00edo Nahle, tomen el curso normal en Estado de derecho.<\/li>\n\n\n\n<li>Cuando nos va a explicar el por qu\u00e9 siendo que el presupuesto original del proyecto total, incluidos tubos e instalaciones de transporte, todo, como aparece en las p\u00e1ginas de Pemex y Hacienda, importaba, a precios alzados 8 mil millones de d\u00f3lares, la Refiner\u00eda de Dos Bocas,ahora resulta que se dispar\u00f3 a m\u00e1s de lo doble. D\u00f3nde est\u00e1 ese excedente. Las propiedades e inversiones de ella y de su familia y amigos, apuntan en esa direcci\u00f3n.<\/li>\n\n\n\n<li>El huachicol, termin\u00f3 en manos oficiales, es decir, de privado pas\u00f3 al Estado. Los hermanos Carmona, oportunamente fueron se\u00f1alados de utilizarlo para financiar a Villarreal y a Rocha Moya.<\/li>\n\n\n\n<li>En Tabasco se ha puesto en evidencia la relaci\u00f3n de Ad\u00e1n Augusto con el C\u00e1rtel la Barredora, sin que hasta la fecha se deslinde la actual administraci\u00f3n de ella, por lo que ya vemos en qu\u00e9 consiste el segundo piso de Morena.<\/li>\n\n\n\n<li>Claudia viene como la Jefa de la banda, que instrumenta y da los \u00faltimos toques a una contrarreforma del Infonavit para robarle todos sus ahorros a los trabajadores. Nada la detendr\u00e1. Recuerden que su progenitor pol\u00edtico le inculc\u00f3 eso de que a m\u00ed no vengan con eso de que la ley es la ley. Palabras propias de cualquier cuatrero.<\/li>\n\n\n\n<li>Desmantel\u00f3 el poder judicial, para remplazar jueces profesionales por jueces de t\u00f3mbola, con lo que quedamos a merced del humor de una s\u00f3la voluntad.<\/li>\n\n\n\n<li>Sin ning\u00fan recato, al acto republicano del pasado 5 de febrero, no invita a la titular del Poder Judicial, con lo que sepulta formalmente la Rep\u00fablica, ya que no existe sin los tres poderes y su respectiva independencia y de paso el festejo de una Constituci\u00f3n, lo convierte en festejo de una ley facciosa, dado que no hay Constituci\u00f3n sin divisi\u00f3n de poderes y derechos individuales, pero adem\u00e1s es un festejo faccioso, porque el homenaje es a una \u00ab;constitucion &#8216; de los morenistas, de una parte, de una facci\u00f3n.<br>Podr\u00edamos especular si Claudia viene a discutir con Roc\u00edo, su mentado derecho de admisi\u00f3n, los moches, el agua que pretende llevarse del P\u00e1nuco, al Norte, si sigue vacilando con eso de combatir la no reelecci\u00f3n y el nepotismo, que primero sali\u00f3 con que no abarcaba a todos, ahora que se aplicar\u00e1 hasta el 2027\u2026<br>En un momento en que las calificadoras amagan con bajar su dictamen de pa\u00eds confiable, de que descendimos al lugar 140 en la percepci\u00f3n de corrupci\u00f3n, que est\u00e1 siendo arrinconada por Donald Trump, al grado que hace unos d\u00edas ya dijo que defender\u00e1 la soberan\u00eda, no a los narcos, sin percatarse que la soberan\u00eda, antes que otra cosa es hacer la ley y declarar la guerra, sin capacidad para juzgar a nuestros nacionales y si capacidad para declarles la guera, no somos soberanos y menos actuando por decisi\u00f3n de un mandatario extranjero, como lo hace ella: trasladando 10 soldados de la Guardia Nacional a la frontera con Estados Unidos, cancelando apoyos a migrantes o combatiendo a los criminales a pedido de norteamericano. Esa si traici\u00f3n se\u00f1or Taibo, Qu\u00e9 hacemos con ella? Usted diga.<br>No, no viene Claudia, a vigilar o pedir que se vigile el cumplimiento del Estado de derecho, porque ese ya lo mand\u00f3 al diablo, tampoco viene a sumarse a la lucha contra el cobro de piso, porque Roc\u00edo, ni siquiera desea enterarse que existe, menos parar trazar una estrategia contra la extorsi\u00f3n y el crimen.<br>Dentro de la nota del peri\u00f3dico El Sol de M\u00e9xico de este d\u00eda, que da cuenta que somos el pa\u00eds con m\u00e1s asesinatos de periodistas en Am\u00e9rica Latina, se inscribe el grito de auxilio de Aldair Nardica Arcos, Director Ejecutivo de Decisi\u00f3n Digital y colaborador de NBC Noticias Diario, en Orizaba, v\u00edctima de amenazas e intimidaci\u00f3nes, que como todos los que hacen p\u00fablicas ideas o acciones, que no son del agrado de los gobiernos morenistas, son perseguidos, en su af\u00e1n de purgar de los medios a cr\u00edticos o de nuestro pa\u00eds.<br>Porque est\u00e1 muy claro, como en todo gobierno de una sola voluntad o dictatorial, que si usted agacha la cabeza o se suma a los paleros, no tiene problemas, los problemas empiezan cuando usted externa su inconformidad con los abusos del poder o hace suyos ideales que chocan con la realidad impuesta.<br>Lo \u00faltimo que podemos dejar de defender es la libertad de pensar y expresar las ideas, sea quien sea la v\u00edctima.<br>No es posible atender el llamado de unidad de quienes conciben una Rep\u00fablica de un s\u00f3lo poder y una sola voluntad.<br>Nada positivo podemos esperar de la Jefa de una banda que hace una denuncia penal por traici\u00f3n a sus compa\u00f1eras diputados por votar en contra de una iniciativa presidencial, que pone al descubierto el estado de indefensi\u00f3n a los ciudadanos de a pie, a los que no tenemos fuero.<br>No basta una ciudadan\u00eda como estatus, queremos una ciudadan\u00eda como poder de acci\u00f3n. No ser\u00e1 concesion graciosa, tenemos que luchar por ella.<\/li>\n<\/ol>\n","protected":false},"excerpt":{"rendered":"<p>S\u00edguenos ahora tambi\u00e9n en WhatsApp.\u00a0Da clic aqu\u00ed Inocencio Y\u00e1\u00f1ez Vicencio La porra de Claudia Sheinbaum, nos quiere convencer que este fin de semana estar\u00e1 en Veracruz, para entregar apoyos de bienestar, que bien sabemos que venga o no ser\u00e1n entregados. M\u00e1s cre\u00edble ser\u00eda si nos dijeran que viene a entregar las licencias permanentes.Cuando una persona [&hellip;]<\/p>\n","protected":false},"author":2,"featured_media":120033,"comment_status":"closed","ping_status":"closed","sticky":false,"template":"","format":"standard","meta":{"tdm_status":"","tdm_grid_status":"","footnotes":""},"categories":[70],"tags":[9627,8256],"class_list":{"0":"post-137740","1":"post","2":"type-post","3":"status-publish","4":"format-standard","5":"has-post-thumbnail","7":"category-de-opinion","8":"tag-claudia-sheinbaum","9":"tag-inocencio-yanez-vicencio"},"yoast_head":"<!-- This site is optimized with the Yoast SEO plugin v27.4 - https:\/\/yoast.com\/product\/yoast-seo-wordpress\/ -->\n<title>CUIDEN SUS CARTERAS\u2026 VIENE CLAUDIA - Los pol\u00edticos Veracruz<\/title>\n<meta name=\"robots\" content=\"index, follow, max-snippet:-1, max-image-preview:large, max-video-preview:-1\" \/>\n<link rel=\"canonical\" href=\"https:\/\/lospoliticosveracruz.com\/?p=137740\" \/>\n<meta property=\"og:locale\" content=\"es_ES\" \/>\n<meta property=\"og:type\" content=\"article\" \/>\n<meta property=\"og:title\" content=\"CUIDEN SUS CARTERAS\u2026 VIENE CLAUDIA - Los pol\u00edticos Veracruz\" \/>\n<meta property=\"og:description\" content=\"S\u00edguenos ahora tambi\u00e9n en WhatsApp.\u00a0Da clic aqu\u00ed Inocencio Y\u00e1\u00f1ez Vicencio La porra de Claudia Sheinbaum, nos quiere convencer que este fin de semana estar\u00e1 en Veracruz, para entregar apoyos de bienestar, que bien sabemos que venga o no ser\u00e1n entregados. M\u00e1s cre\u00edble ser\u00eda si nos dijeran que viene a entregar las licencias permanentes.Cuando una persona [&hellip;]\" \/>\n<meta property=\"og:url\" content=\"https:\/\/lospoliticosveracruz.com\/?p=137740\" \/>\n<meta property=\"og:site_name\" content=\"Los pol\u00edticos Veracruz\" \/>\n<meta property=\"article:publisher\" content=\"https:\/\/www.facebook.com\/people\/Notimemes-de-los-Polticos\/61565672886568\/\" \/>\n<meta property=\"article:published_time\" content=\"2025-02-13T19:04:17+00:00\" \/>\n<meta property=\"article:modified_time\" content=\"2025-02-13T19:04:32+00:00\" \/>\n<meta property=\"og:image\" content=\"https:\/\/lospoliticosveracruz.com\/wp-content\/uploads\/2024\/03\/Inocencio-Yanez-Vicencio.jpg\" \/>\n\t<meta property=\"og:image:width\" content=\"1250\" \/>\n\t<meta property=\"og:image:height\" content=\"667\" \/>\n\t<meta property=\"og:image:type\" content=\"image\/jpeg\" \/>\n<meta name=\"author\" content=\"Lo viste en Los Pol\u00edticos\" \/>\n<meta name=\"twitter:card\" content=\"summary_large_image\" \/>\n<meta name=\"twitter:creator\" content=\"@LosPoliticosVer\" \/>\n<meta name=\"twitter:site\" content=\"@LosPoliticosVer\" \/>\n<meta name=\"twitter:label1\" content=\"Escrito por\" \/>\n\t<meta name=\"twitter:data1\" content=\"Lo viste en Los Pol\u00edticos\" \/>\n\t<meta name=\"twitter:label2\" content=\"Tiempo de lectura\" \/>\n\t<meta name=\"twitter:data2\" content=\"8 minutos\" \/>\n<script type=\"application\/ld+json\" class=\"yoast-schema-graph\">{\"@context\":\"https:\\\/\\\/schema.org\",\"@graph\":[{\"@type\":\"Article\",\"@id\":\"https:\\\/\\\/lospoliticosveracruz.com\\\/?p=137740#article\",\"isPartOf\":{\"@id\":\"https:\\\/\\\/lospoliticosveracruz.com\\\/?p=137740\"},\"author\":{\"name\":\"Lo viste en Los Pol\u00edticos\",\"@id\":\"https:\\\/\\\/lospoliticosveracruz.com\\\/#\\\/schema\\\/person\\\/b8702bb0e538456e6efd07080bf2a4a2\"},\"headline\":\"CUIDEN SUS CARTERAS\u2026 VIENE CLAUDIA\",\"datePublished\":\"2025-02-13T19:04:17+00:00\",\"dateModified\":\"2025-02-13T19:04:32+00:00\",\"mainEntityOfPage\":{\"@id\":\"https:\\\/\\\/lospoliticosveracruz.com\\\/?p=137740\"},\"wordCount\":1518,\"publisher\":{\"@id\":\"https:\\\/\\\/lospoliticosveracruz.com\\\/#organization\"},\"image\":{\"@id\":\"https:\\\/\\\/lospoliticosveracruz.com\\\/?p=137740#primaryimage\"},\"thumbnailUrl\":\"https:\\\/\\\/lospoliticosveracruz.com\\\/wp-content\\\/uploads\\\/2024\\\/03\\\/Inocencio-Yanez-Vicencio.jpg\",\"keywords\":[\"Claudia Sheinbaum\",\"Inocencio Y\u00e1\u00f1ez Vicencio\"],\"articleSection\":[\"De Opini\u00f3n\"],\"inLanguage\":\"es\"},{\"@type\":\"WebPage\",\"@id\":\"https:\\\/\\\/lospoliticosveracruz.com\\\/?p=137740\",\"url\":\"https:\\\/\\\/lospoliticosveracruz.com\\\/?p=137740\",\"name\":\"CUIDEN SUS CARTERAS\u2026 VIENE CLAUDIA - Los pol\u00edticos Veracruz\",\"isPartOf\":{\"@id\":\"https:\\\/\\\/lospoliticosveracruz.com\\\/#website\"},\"primaryImageOfPage\":{\"@id\":\"https:\\\/\\\/lospoliticosveracruz.com\\\/?p=137740#primaryimage\"},\"image\":{\"@id\":\"https:\\\/\\\/lospoliticosveracruz.com\\\/?p=137740#primaryimage\"},\"thumbnailUrl\":\"https:\\\/\\\/lospoliticosveracruz.com\\\/wp-content\\\/uploads\\\/2024\\\/03\\\/Inocencio-Yanez-Vicencio.jpg\",\"datePublished\":\"2025-02-13T19:04:17+00:00\",\"dateModified\":\"2025-02-13T19:04:32+00:00\",\"breadcrumb\":{\"@id\":\"https:\\\/\\\/lospoliticosveracruz.com\\\/?p=137740#breadcrumb\"},\"inLanguage\":\"es\",\"potentialAction\":[{\"@type\":\"ReadAction\",\"target\":[\"https:\\\/\\\/lospoliticosveracruz.com\\\/?p=137740\"]}]},{\"@type\":\"ImageObject\",\"inLanguage\":\"es\",\"@id\":\"https:\\\/\\\/lospoliticosveracruz.com\\\/?p=137740#primaryimage\",\"url\":\"https:\\\/\\\/lospoliticosveracruz.com\\\/wp-content\\\/uploads\\\/2024\\\/03\\\/Inocencio-Yanez-Vicencio.jpg\",\"contentUrl\":\"https:\\\/\\\/lospoliticosveracruz.com\\\/wp-content\\\/uploads\\\/2024\\\/03\\\/Inocencio-Yanez-Vicencio.jpg\",\"width\":1250,\"height\":667},{\"@type\":\"BreadcrumbList\",\"@id\":\"https:\\\/\\\/lospoliticosveracruz.com\\\/?p=137740#breadcrumb\",\"itemListElement\":[{\"@type\":\"ListItem\",\"position\":1,\"name\":\"Portada\",\"item\":\"https:\\\/\\\/lospoliticosveracruz.com\\\/\"},{\"@type\":\"ListItem\",\"position\":2,\"name\":\"CUIDEN SUS CARTERAS\u2026 VIENE CLAUDIA\"}]},{\"@type\":\"WebSite\",\"@id\":\"https:\\\/\\\/lospoliticosveracruz.com\\\/#website\",\"url\":\"https:\\\/\\\/lospoliticosveracruz.com\\\/\",\"name\":\"Los pol\u00edticos Veracruz\",\"description\":\"\",\"publisher\":{\"@id\":\"https:\\\/\\\/lospoliticosveracruz.com\\\/#organization\"},\"potentialAction\":[{\"@type\":\"SearchAction\",\"target\":{\"@type\":\"EntryPoint\",\"urlTemplate\":\"https:\\\/\\\/lospoliticosveracruz.com\\\/?s={search_term_string}\"},\"query-input\":{\"@type\":\"PropertyValueSpecification\",\"valueRequired\":true,\"valueName\":\"search_term_string\"}}],\"inLanguage\":\"es\"},{\"@type\":\"Organization\",\"@id\":\"https:\\\/\\\/lospoliticosveracruz.com\\\/#organization\",\"name\":\"Los pol\u00edticos Veracruz\",\"url\":\"https:\\\/\\\/lospoliticosveracruz.com\\\/\",\"logo\":{\"@type\":\"ImageObject\",\"inLanguage\":\"es\",\"@id\":\"https:\\\/\\\/lospoliticosveracruz.com\\\/#\\\/schema\\\/logo\\\/image\\\/\",\"url\":\"https:\\\/\\\/lospoliticosveracruz.com\\\/wp-content\\\/uploads\\\/2025\\\/12\\\/Logo-Nuevo-LOS-POLITICOS-1.jpg\",\"contentUrl\":\"https:\\\/\\\/lospoliticosveracruz.com\\\/wp-content\\\/uploads\\\/2025\\\/12\\\/Logo-Nuevo-LOS-POLITICOS-1.jpg\",\"width\":260,\"height\":70,\"caption\":\"Los pol\u00edticos Veracruz\"},\"image\":{\"@id\":\"https:\\\/\\\/lospoliticosveracruz.com\\\/#\\\/schema\\\/logo\\\/image\\\/\"},\"sameAs\":[\"https:\\\/\\\/www.facebook.com\\\/people\\\/Notimemes-de-los-Polticos\\\/61565672886568\\\/\",\"https:\\\/\\\/x.com\\\/LosPoliticosVer\"]},{\"@type\":\"Person\",\"@id\":\"https:\\\/\\\/lospoliticosveracruz.com\\\/#\\\/schema\\\/person\\\/b8702bb0e538456e6efd07080bf2a4a2\",\"name\":\"Lo viste en Los Pol\u00edticos\",\"image\":{\"@type\":\"ImageObject\",\"inLanguage\":\"es\",\"@id\":\"https:\\\/\\\/secure.gravatar.com\\\/avatar\\\/3a8de04a2656d44082be478bd6c086daa447c4651605818287b9532d3d0bd435?s=96&d=mm&r=g\",\"url\":\"https:\\\/\\\/secure.gravatar.com\\\/avatar\\\/3a8de04a2656d44082be478bd6c086daa447c4651605818287b9532d3d0bd435?s=96&d=mm&r=g\",\"contentUrl\":\"https:\\\/\\\/secure.gravatar.com\\\/avatar\\\/3a8de04a2656d44082be478bd6c086daa447c4651605818287b9532d3d0bd435?s=96&d=mm&r=g\",\"caption\":\"Lo viste en Los Pol\u00edticos\"},\"url\":\"https:\\\/\\\/lospoliticosveracruz.com\\\/?author=2\"}]}<\/script>\n<!-- \/ Yoast SEO plugin. -->","yoast_head_json":{"title":"CUIDEN SUS CARTERAS\u2026 VIENE CLAUDIA - Los pol\u00edticos Veracruz","robots":{"index":"index","follow":"follow","max-snippet":"max-snippet:-1","max-image-preview":"max-image-preview:large","max-video-preview":"max-video-preview:-1"},"canonical":"https:\/\/lospoliticosveracruz.com\/?p=137740","og_locale":"es_ES","og_type":"article","og_title":"CUIDEN SUS CARTERAS\u2026 VIENE CLAUDIA - Los pol\u00edticos Veracruz","og_description":"S\u00edguenos ahora tambi\u00e9n en WhatsApp.\u00a0Da clic aqu\u00ed Inocencio Y\u00e1\u00f1ez Vicencio La porra de Claudia Sheinbaum, nos quiere convencer que este fin de semana estar\u00e1 en Veracruz, para entregar apoyos de bienestar, que bien sabemos que venga o no ser\u00e1n entregados. M\u00e1s cre\u00edble ser\u00eda si nos dijeran que viene a entregar las licencias permanentes.Cuando una persona [&hellip;]","og_url":"https:\/\/lospoliticosveracruz.com\/?p=137740","og_site_name":"Los pol\u00edticos Veracruz","article_publisher":"https:\/\/www.facebook.com\/people\/Notimemes-de-los-Polticos\/61565672886568\/","article_published_time":"2025-02-13T19:04:17+00:00","article_modified_time":"2025-02-13T19:04:32+00:00","og_image":[{"width":1250,"height":667,"url":"https:\/\/lospoliticosveracruz.com\/wp-content\/uploads\/2024\/03\/Inocencio-Yanez-Vicencio.jpg","type":"image\/jpeg"}],"author":"Lo viste en Los Pol\u00edticos","twitter_card":"summary_large_image","twitter_creator":"@LosPoliticosVer","twitter_site":"@LosPoliticosVer","twitter_misc":{"Escrito por":"Lo viste en Los Pol\u00edticos","Tiempo de lectura":"8 minutos"},"schema":{"@context":"https:\/\/schema.org","@graph":[{"@type":"Article","@id":"https:\/\/lospoliticosveracruz.com\/?p=137740#article","isPartOf":{"@id":"https:\/\/lospoliticosveracruz.com\/?p=137740"},"author":{"name":"Lo viste en Los Pol\u00edticos","@id":"https:\/\/lospoliticosveracruz.com\/#\/schema\/person\/b8702bb0e538456e6efd07080bf2a4a2"},"headline":"CUIDEN SUS CARTERAS\u2026 VIENE CLAUDIA","datePublished":"2025-02-13T19:04:17+00:00","dateModified":"2025-02-13T19:04:32+00:00","mainEntityOfPage":{"@id":"https:\/\/lospoliticosveracruz.com\/?p=137740"},"wordCount":1518,"publisher":{"@id":"https:\/\/lospoliticosveracruz.com\/#organization"},"image":{"@id":"https:\/\/lospoliticosveracruz.com\/?p=137740#primaryimage"},"thumbnailUrl":"https:\/\/lospoliticosveracruz.com\/wp-content\/uploads\/2024\/03\/Inocencio-Yanez-Vicencio.jpg","keywords":["Claudia Sheinbaum","Inocencio Y\u00e1\u00f1ez Vicencio"],"articleSection":["De Opini\u00f3n"],"inLanguage":"es"},{"@type":"WebPage","@id":"https:\/\/lospoliticosveracruz.com\/?p=137740","url":"https:\/\/lospoliticosveracruz.com\/?p=137740","name":"CUIDEN SUS CARTERAS\u2026 VIENE CLAUDIA - Los pol\u00edticos Veracruz","isPartOf":{"@id":"https:\/\/lospoliticosveracruz.com\/#website"},"primaryImageOfPage":{"@id":"https:\/\/lospoliticosveracruz.com\/?p=137740#primaryimage"},"image":{"@id":"https:\/\/lospoliticosveracruz.com\/?p=137740#primaryimage"},"thumbnailUrl":"https:\/\/lospoliticosveracruz.com\/wp-content\/uploads\/2024\/03\/Inocencio-Yanez-Vicencio.jpg","datePublished":"2025-02-13T19:04:17+00:00","dateModified":"2025-02-13T19:04:32+00:00","breadcrumb":{"@id":"https:\/\/lospoliticosveracruz.com\/?p=137740#breadcrumb"},"inLanguage":"es","potentialAction":[{"@type":"ReadAction","target":["https:\/\/lospoliticosveracruz.com\/?p=137740"]}]},{"@type":"ImageObject","inLanguage":"es","@id":"https:\/\/lospoliticosveracruz.com\/?p=137740#primaryimage","url":"https:\/\/lospoliticosveracruz.com\/wp-content\/uploads\/2024\/03\/Inocencio-Yanez-Vicencio.jpg","contentUrl":"https:\/\/lospoliticosveracruz.com\/wp-content\/uploads\/2024\/03\/Inocencio-Yanez-Vicencio.jpg","width":1250,"height":667},{"@type":"BreadcrumbList","@id":"https:\/\/lospoliticosveracruz.com\/?p=137740#breadcrumb","itemListElement":[{"@type":"ListItem","position":1,"name":"Portada","item":"https:\/\/lospoliticosveracruz.com\/"},{"@type":"ListItem","position":2,"name":"CUIDEN SUS CARTERAS\u2026 VIENE CLAUDIA"}]},{"@type":"WebSite","@id":"https:\/\/lospoliticosveracruz.com\/#website","url":"https:\/\/lospoliticosveracruz.com\/","name":"Los pol\u00edticos Veracruz","description":"","publisher":{"@id":"https:\/\/lospoliticosveracruz.com\/#organization"},"potentialAction":[{"@type":"SearchAction","target":{"@type":"EntryPoint","urlTemplate":"https:\/\/lospoliticosveracruz.com\/?s={search_term_string}"},"query-input":{"@type":"PropertyValueSpecification","valueRequired":true,"valueName":"search_term_string"}}],"inLanguage":"es"},{"@type":"Organization","@id":"https:\/\/lospoliticosveracruz.com\/#organization","name":"Los pol\u00edticos Veracruz","url":"https:\/\/lospoliticosveracruz.com\/","logo":{"@type":"ImageObject","inLanguage":"es","@id":"https:\/\/lospoliticosveracruz.com\/#\/schema\/logo\/image\/","url":"https:\/\/lospoliticosveracruz.com\/wp-content\/uploads\/2025\/12\/Logo-Nuevo-LOS-POLITICOS-1.jpg","contentUrl":"https:\/\/lospoliticosveracruz.com\/wp-content\/uploads\/2025\/12\/Logo-Nuevo-LOS-POLITICOS-1.jpg","width":260,"height":70,"caption":"Los pol\u00edticos Veracruz"},"image":{"@id":"https:\/\/lospoliticosveracruz.com\/#\/schema\/logo\/image\/"},"sameAs":["https:\/\/www.facebook.com\/people\/Notimemes-de-los-Polticos\/61565672886568\/","https:\/\/x.com\/LosPoliticosVer"]},{"@type":"Person","@id":"https:\/\/lospoliticosveracruz.com\/#\/schema\/person\/b8702bb0e538456e6efd07080bf2a4a2","name":"Lo viste en Los Pol\u00edticos","image":{"@type":"ImageObject","inLanguage":"es","@id":"https:\/\/secure.gravatar.com\/avatar\/3a8de04a2656d44082be478bd6c086daa447c4651605818287b9532d3d0bd435?s=96&d=mm&r=g","url":"https:\/\/secure.gravatar.com\/avatar\/3a8de04a2656d44082be478bd6c086daa447c4651605818287b9532d3d0bd435?s=96&d=mm&r=g","contentUrl":"https:\/\/secure.gravatar.com\/avatar\/3a8de04a2656d44082be478bd6c086daa447c4651605818287b9532d3d0bd435?s=96&d=mm&r=g","caption":"Lo viste en Los Pol\u00edticos"},"url":"https:\/\/lospoliticosveracruz.com\/?author=2"}]}},"_links":{"self":[{"href":"https:\/\/lospoliticosveracruz.com\/index.php?rest_route=\/wp\/v2\/posts\/137740","targetHints":{"allow":["GET"]}}],"collection":[{"href":"https:\/\/lospoliticosveracruz.com\/index.php?rest_route=\/wp\/v2\/posts"}],"about":[{"href":"https:\/\/lospoliticosveracruz.com\/index.php?rest_route=\/wp\/v2\/types\/post"}],"author":[{"embeddable":true,"href":"https:\/\/lospoliticosveracruz.com\/index.php?rest_route=\/wp\/v2\/users\/2"}],"replies":[{"embeddable":true,"href":"https:\/\/lospoliticosveracruz.com\/index.php?rest_route=%2Fwp%2Fv2%2Fcomments&post=137740"}],"version-history":[{"count":1,"href":"https:\/\/lospoliticosveracruz.com\/index.php?rest_route=\/wp\/v2\/posts\/137740\/revisions"}],"predecessor-version":[{"id":137741,"href":"https:\/\/lospoliticosveracruz.com\/index.php?rest_route=\/wp\/v2\/posts\/137740\/revisions\/137741"}],"wp:featuredmedia":[{"embeddable":true,"href":"https:\/\/lospoliticosveracruz.com\/index.php?rest_route=\/wp\/v2\/media\/120033"}],"wp:attachment":[{"href":"https:\/\/lospoliticosveracruz.com\/index.php?rest_route=%2Fwp%2Fv2%2Fmedia&parent=137740"}],"wp:term":[{"taxonomy":"category","embeddable":true,"href":"https:\/\/lospoliticosveracruz.com\/index.php?rest_route=%2Fwp%2Fv2%2Fcategories&post=137740"},{"taxonomy":"post_tag","embeddable":true,"href":"https:\/\/lospoliticosveracruz.com\/index.php?rest_route=%2Fwp%2Fv2%2Ftags&post=137740"}],"curies":[{"name":"wp","href":"https:\/\/api.w.org\/{rel}","templated":true}]}}