{"id":137815,"date":"2025-02-14T06:41:00","date_gmt":"2025-02-14T12:41:00","guid":{"rendered":"https:\/\/lospoliticosveracruz.com.mx\/?p=137815"},"modified":"2025-02-14T06:47:02","modified_gmt":"2025-02-14T12:47:02","slug":"chiquiyunes-lutero","status":"publish","type":"post","link":"https:\/\/lospoliticosveracruz.com\/?p=137815","title":{"rendered":"CHIQUIYUNES, LUTERO"},"content":{"rendered":"\n<p>[S\u00edguenos ahora tambi\u00e9n en WhatsApp.&nbsp;<a href=\"https:\/\/whatsapp.com\/channel\/0029Va8zRWlEKyZIP3Z1dF0e\"><strong><em>Da clic aqu\u00ed<\/em><\/strong><\/a>]<br><strong>Fanny Y\u00e9pez<\/strong><br><em>La Columna<\/em><\/p>\n\n\n\n<p><\/p>\n\n\n\n<p>La Iglesia en manos de Lutero, esta expresi\u00f3n no es nueva. Ha sido usada para referirse a momentos en que una instituci\u00f3n se pone en manos de sus ap\u00f3statas (renegados-falsos-traidores-corruptos) y es precisamente la que una connotada morenista expreso, cuando le solicite su opini\u00f3n sobre la designaci\u00f3n de Miguel \u00c1ngel Yunes M\u00e1rquez como Presidente de la Comisi\u00f3n de Hacienda del Senado de la Republica.<br>Se trata de un convenenciero que no tiene ideolog\u00eda porque del PRI se fue al PAN y ahora comulga con Morena. Acerca de su afiliaci\u00f3n a este partido todav\u00eda responde \u201cya veremos, ya veremos\u2026\u201d<br>Para refrescar un poco la memoria nos remontamos al a\u00f1o pasado e inmediatamente recordamos que, en septiembre del a\u00f1o anterior, la Fiscal\u00eda de Veracruz gir\u00f3 una orden de aprehensi\u00f3n en contra del senador electo Miguel \u00c1ngel Yunes M\u00e1rquez, para que con este motivo fuera considerado sustra\u00eddo de la justicia y fugado del pa\u00eds a Estados Unidos.<br>Asimismo, la dependencia solicit\u00f3 a la Unidad de Asuntos Policiales Internacionales e Interpol M\u00e9xico, una alerta migratoria y notificaci\u00f3n roja para su b\u00fasqueda, localizaci\u00f3n y detenci\u00f3n.<br>Desde antes de las elecciones del 2 de junio, la Fiscal\u00eda General del Veracruz, con el respaldo de un juez en Pacho Viejo, emiti\u00f3 m\u00faltiples citatorios al candidato Miguel \u00c1ngel Yunes M\u00e1rquez.<br>Se le acusa de uso de documento falso, falsedad ante la autoridad y fraude procesal, delitos supuestamente cometidos durante su campa\u00f1a para la alcald\u00eda de Veracruz en 2021, sin cumplir con el requisito de residencia m\u00ednima.<br>El hoy senador, en contubernio con funcionarios de esa alcald\u00eda \u2014gobernada entonces por su hermano Fernando\u2014, se hizo con la candidatura usando papeles falsos que supuestamente demostraban que ten\u00eda su residencia en el puerto de Veracruz, como requer\u00eda la ley electoral. La Fiscal\u00eda document\u00f3 que el pol\u00edtico nunca hab\u00eda vivido all\u00ed con base en documentos y declaraciones de testigos.<br>Por ello, Yunes M\u00e1rquez enfrent\u00f3 una acusaci\u00f3n por el presunto delito de falsificaci\u00f3n de documentos para acreditar su residencia durante su registro hace m\u00e1s de tres a\u00f1os, como candidato a la alcald\u00eda de Veracruz. En palabras llanas minti\u00f3 a la autoridad electoral para obtener la candidatura a la presidencia municipal del puerto de Veracruz.<br>Al senador Miguel \u00c1ngel Yunes M\u00e1rquez un juez de Veracruz lo ayudo y le cancel\u00f3 la orden de captura, que \u00e9l mismo hab\u00eda ordenado recientemente en contra del pol\u00edtico, por los delitos de falsificaci\u00f3n de documentos y fraude procesal. La resoluci\u00f3n llega luego de que Yunes M\u00e1rquez rompiese con el PAN y diese a Morena el voto decisivo para aprobar en el Senado la pol\u00e9mica reforma judicial, en septiembre. Desde entonces, el acercamiento entre Yunes M\u00e1rquez y el oficialismo no ha hecho m\u00e1s que afianzarse.<br>Yunes M\u00e1rquez es el vivo ejemplo de la impunidad y la anarqu\u00eda.<br>El expediente que se abri\u00f3 a Yunes M\u00e1rquez estuvo en pausa tres a\u00f1os. La Fiscal\u00eda lo desempolv\u00f3 en el contexto de las pasadas elecciones, cuando Yunes M\u00e1rquez apuntaba al Senado de la mano del PAN.<br>El juez veracruzano Oscar Luis Lozada Hern\u00e1ndez concedi\u00f3 a la Fiscal\u00eda estatal la orden de captura contra el pol\u00edtico el 12 de julio. Adem\u00e1s, la Fiscal\u00eda General de la Rep\u00fablica (FGR) solicit\u00f3 a la Interpol la emisi\u00f3n de una ficha roja para capturarle y extraditarle a M\u00e9xico. D\u00edas antes Yunes M\u00e1rquez se hab\u00eda puesto a resguardo en Estados Unidos, con el argumento de tomar un tratamiento m\u00e9dico.<br>Sin embargo, este expediente se cerr\u00f3 y se dio paso a la impunidad y a la burla del pueblo veracruzano, que confiaba que ahora si se aplicar\u00eda la justicia al personaje nefasto, hijo de otro funesto pol\u00edtico, Miguel \u00c1ngel Yunes Linares, quien ha sido acusado de corrupci\u00f3n y saqueo cuando fue titular del ISSSTE.<br>Esta era la \u00fanica causa penal abierta contra el senador de Morena. Sobre su hermano, Fernando Yunes, existe todav\u00eda una investigaci\u00f3n por un presunto desfalco millonario a las arcas del municipio de Veracruz, del que fue alcalde. En tanto, el padre del clan, Yunes Linares, es investigado por enriquecimiento il\u00edcito, blanqueo de activos y pederastia. La acorralada familia Yunes ahora es aliada clave del oficialismo.<br>Juez Clemente Zorrilla liber\u00f3 violadores y secuestradores, ahora quiere ser fiscal<br>El juez Jos\u00e9 Clemente Zorrilla Rostro, quien a su paso como juez penal en el distrito de Jalacingo, liber\u00f3 a una banda de secuestradores que operaba en esa regi\u00f3n y que liber\u00f3 a un representante de j\u00f3venes jugadores de los Tiburones Rojos, por el delito de violaci\u00f3n, ahora pretende ser el pr\u00f3ximo fiscal general del Estado.<br>El cuestionado juez ha buscado al senador Ad\u00e1n Augusto L\u00f3pez Hern\u00e1ndez para obtener el apoyo, para que ahora sea el fiscal.<br>Jos\u00e9 Clemente Zorrilla Rostro es socio de un despacho de abogados junto con Jessica Aguirre Garc\u00eda, actual subdirectora del DIF Estatal.<br>Mientras tanto, intentan ocular que, hace un par de a\u00f1os, liber\u00f3 a una banda de secuestradores que manten\u00eda asolada a la regi\u00f3n de Jalacingo y Mart\u00ednez de la Torre.<br>De igual forma, se hizo muy conocido el caso donde el juez Jos\u00e9 Clemente Zorrilla Rostro en el a\u00f1o 2019, tuvo la oportunidad de condenar a una larga sentencia al representante deportivo, \u00c1ngel Fuentes Olivares, quien abus\u00f3 de varios j\u00f3venes futbolistas que quer\u00edan iniciar carrera dentro de los Tiburones Rojos de Veracruz, sin embargo, s\u00f3lo le dict\u00f3 que fuera a firmar peri\u00f3dicamente cada 15 d\u00edas a un juzgado, hasta archivar el caso.<br>En el a\u00f1o 2018, un joven futbolista de nombre Bernardo \u201cN\u201d, denunci\u00f3 como \u00c1ngel Fuentes abus\u00f3 de \u00e9l, y luego otros deportistas m\u00e1s lo hicieron, e incluso el tema lleg\u00f3 a una de las conferencias ma\u00f1aneras del entonces presidente Andr\u00e9s Manuel L\u00f3pez Obrador.<br>Entonces, la Fiscal\u00eda General del Estado investig\u00f3 e imput\u00f3 los delitos al representante de futbolistas, pero para el juez Jos\u00e9 Clemente Zorrilla Rostro todas las pruebas presentadas como los audios, mensajes, fotograf\u00edas y videos que se recuperaron de los celulares de los implicados, as\u00ed como los testimonios fueron insuficientes.<\/p>\n","protected":false},"excerpt":{"rendered":"<p>[S\u00edguenos ahora tambi\u00e9n en WhatsApp.&nbsp;Da clic aqu\u00ed]Fanny Y\u00e9pezLa Columna La Iglesia en manos de Lutero, esta expresi\u00f3n no es nueva. Ha sido usada para referirse a momentos en que una instituci\u00f3n se pone en manos de sus ap\u00f3statas (renegados-falsos-traidores-corruptos) y es precisamente la que una connotada morenista expreso, cuando le solicite su opini\u00f3n sobre la [&hellip;]<\/p>\n","protected":false},"author":2,"featured_media":126076,"comment_status":"closed","ping_status":"closed","sticky":false,"template":"","format":"standard","meta":{"tdm_status":"","tdm_grid_status":"","footnotes":""},"categories":[70],"tags":[536,1026,266,195],"class_list":{"0":"post-137815","1":"post","2":"type-post","3":"status-publish","4":"format-standard","5":"has-post-thumbnail","7":"category-de-opinion","8":"tag-miguel-angel-yunes-marquez","9":"tag-morena","10":"tag-pan","11":"tag-veracruz"},"yoast_head":"<!-- This site is optimized with the Yoast SEO plugin v27.4 - https:\/\/yoast.com\/product\/yoast-seo-wordpress\/ -->\n<title>CHIQUIYUNES, LUTERO - Los pol\u00edticos Veracruz<\/title>\n<meta name=\"robots\" content=\"index, follow, max-snippet:-1, max-image-preview:large, max-video-preview:-1\" \/>\n<link rel=\"canonical\" href=\"https:\/\/lospoliticosveracruz.com\/?p=137815\" \/>\n<meta property=\"og:locale\" content=\"es_ES\" \/>\n<meta property=\"og:type\" content=\"article\" \/>\n<meta property=\"og:title\" content=\"CHIQUIYUNES, LUTERO - Los pol\u00edticos Veracruz\" \/>\n<meta property=\"og:description\" content=\"[S\u00edguenos ahora tambi\u00e9n en WhatsApp.&nbsp;Da clic aqu\u00ed]Fanny Y\u00e9pezLa Columna La Iglesia en manos de Lutero, esta expresi\u00f3n no es nueva. Ha sido usada para referirse a momentos en que una instituci\u00f3n se pone en manos de sus ap\u00f3statas (renegados-falsos-traidores-corruptos) y es precisamente la que una connotada morenista expreso, cuando le solicite su opini\u00f3n sobre la [&hellip;]\" \/>\n<meta property=\"og:url\" content=\"https:\/\/lospoliticosveracruz.com\/?p=137815\" \/>\n<meta property=\"og:site_name\" content=\"Los pol\u00edticos Veracruz\" \/>\n<meta property=\"article:publisher\" content=\"https:\/\/www.facebook.com\/people\/Notimemes-de-los-Polticos\/61565672886568\/\" \/>\n<meta property=\"article:published_time\" content=\"2025-02-14T12:41:00+00:00\" \/>\n<meta property=\"article:modified_time\" content=\"2025-02-14T12:47:02+00:00\" \/>\n<meta property=\"og:image\" content=\"https:\/\/lospoliticosveracruz.com\/wp-content\/uploads\/2024\/06\/Fanny-Yepez.jpg\" \/>\n\t<meta property=\"og:image:width\" content=\"1250\" \/>\n\t<meta property=\"og:image:height\" content=\"667\" \/>\n\t<meta property=\"og:image:type\" content=\"image\/jpeg\" \/>\n<meta name=\"author\" content=\"Lo viste en Los Pol\u00edticos\" \/>\n<meta name=\"twitter:card\" content=\"summary_large_image\" \/>\n<meta name=\"twitter:creator\" content=\"@LosPoliticosVer\" \/>\n<meta name=\"twitter:site\" content=\"@LosPoliticosVer\" \/>\n<meta name=\"twitter:label1\" content=\"Escrito por\" \/>\n\t<meta name=\"twitter:data1\" content=\"Lo viste en Los Pol\u00edticos\" \/>\n\t<meta name=\"twitter:label2\" content=\"Tiempo de lectura\" \/>\n\t<meta name=\"twitter:data2\" content=\"5 minutos\" \/>\n<script type=\"application\/ld+json\" class=\"yoast-schema-graph\">{\"@context\":\"https:\\\/\\\/schema.org\",\"@graph\":[{\"@type\":\"Article\",\"@id\":\"https:\\\/\\\/lospoliticosveracruz.com\\\/?p=137815#article\",\"isPartOf\":{\"@id\":\"https:\\\/\\\/lospoliticosveracruz.com\\\/?p=137815\"},\"author\":{\"name\":\"Lo viste en Los Pol\u00edticos\",\"@id\":\"https:\\\/\\\/lospoliticosveracruz.com\\\/#\\\/schema\\\/person\\\/b8702bb0e538456e6efd07080bf2a4a2\"},\"headline\":\"CHIQUIYUNES, LUTERO\",\"datePublished\":\"2025-02-14T12:41:00+00:00\",\"dateModified\":\"2025-02-14T12:47:02+00:00\",\"mainEntityOfPage\":{\"@id\":\"https:\\\/\\\/lospoliticosveracruz.com\\\/?p=137815\"},\"wordCount\":1090,\"publisher\":{\"@id\":\"https:\\\/\\\/lospoliticosveracruz.com\\\/#organization\"},\"image\":{\"@id\":\"https:\\\/\\\/lospoliticosveracruz.com\\\/?p=137815#primaryimage\"},\"thumbnailUrl\":\"https:\\\/\\\/lospoliticosveracruz.com\\\/wp-content\\\/uploads\\\/2024\\\/06\\\/Fanny-Yepez.jpg\",\"keywords\":[\"Miguel \u00c1ngel Yunes M\u00e1rquez\",\"Morena\",\"PAN\",\"Veracruz\"],\"articleSection\":[\"De Opini\u00f3n\"],\"inLanguage\":\"es\"},{\"@type\":\"WebPage\",\"@id\":\"https:\\\/\\\/lospoliticosveracruz.com\\\/?p=137815\",\"url\":\"https:\\\/\\\/lospoliticosveracruz.com\\\/?p=137815\",\"name\":\"CHIQUIYUNES, LUTERO - Los pol\u00edticos Veracruz\",\"isPartOf\":{\"@id\":\"https:\\\/\\\/lospoliticosveracruz.com\\\/#website\"},\"primaryImageOfPage\":{\"@id\":\"https:\\\/\\\/lospoliticosveracruz.com\\\/?p=137815#primaryimage\"},\"image\":{\"@id\":\"https:\\\/\\\/lospoliticosveracruz.com\\\/?p=137815#primaryimage\"},\"thumbnailUrl\":\"https:\\\/\\\/lospoliticosveracruz.com\\\/wp-content\\\/uploads\\\/2024\\\/06\\\/Fanny-Yepez.jpg\",\"datePublished\":\"2025-02-14T12:41:00+00:00\",\"dateModified\":\"2025-02-14T12:47:02+00:00\",\"breadcrumb\":{\"@id\":\"https:\\\/\\\/lospoliticosveracruz.com\\\/?p=137815#breadcrumb\"},\"inLanguage\":\"es\",\"potentialAction\":[{\"@type\":\"ReadAction\",\"target\":[\"https:\\\/\\\/lospoliticosveracruz.com\\\/?p=137815\"]}]},{\"@type\":\"ImageObject\",\"inLanguage\":\"es\",\"@id\":\"https:\\\/\\\/lospoliticosveracruz.com\\\/?p=137815#primaryimage\",\"url\":\"https:\\\/\\\/lospoliticosveracruz.com\\\/wp-content\\\/uploads\\\/2024\\\/06\\\/Fanny-Yepez.jpg\",\"contentUrl\":\"https:\\\/\\\/lospoliticosveracruz.com\\\/wp-content\\\/uploads\\\/2024\\\/06\\\/Fanny-Yepez.jpg\",\"width\":1250,\"height\":667},{\"@type\":\"BreadcrumbList\",\"@id\":\"https:\\\/\\\/lospoliticosveracruz.com\\\/?p=137815#breadcrumb\",\"itemListElement\":[{\"@type\":\"ListItem\",\"position\":1,\"name\":\"Portada\",\"item\":\"https:\\\/\\\/lospoliticosveracruz.com\\\/\"},{\"@type\":\"ListItem\",\"position\":2,\"name\":\"CHIQUIYUNES, LUTERO\"}]},{\"@type\":\"WebSite\",\"@id\":\"https:\\\/\\\/lospoliticosveracruz.com\\\/#website\",\"url\":\"https:\\\/\\\/lospoliticosveracruz.com\\\/\",\"name\":\"Los pol\u00edticos Veracruz\",\"description\":\"\",\"publisher\":{\"@id\":\"https:\\\/\\\/lospoliticosveracruz.com\\\/#organization\"},\"potentialAction\":[{\"@type\":\"SearchAction\",\"target\":{\"@type\":\"EntryPoint\",\"urlTemplate\":\"https:\\\/\\\/lospoliticosveracruz.com\\\/?s={search_term_string}\"},\"query-input\":{\"@type\":\"PropertyValueSpecification\",\"valueRequired\":true,\"valueName\":\"search_term_string\"}}],\"inLanguage\":\"es\"},{\"@type\":\"Organization\",\"@id\":\"https:\\\/\\\/lospoliticosveracruz.com\\\/#organization\",\"name\":\"Los pol\u00edticos Veracruz\",\"url\":\"https:\\\/\\\/lospoliticosveracruz.com\\\/\",\"logo\":{\"@type\":\"ImageObject\",\"inLanguage\":\"es\",\"@id\":\"https:\\\/\\\/lospoliticosveracruz.com\\\/#\\\/schema\\\/logo\\\/image\\\/\",\"url\":\"https:\\\/\\\/lospoliticosveracruz.com\\\/wp-content\\\/uploads\\\/2025\\\/12\\\/Logo-Nuevo-LOS-POLITICOS-1.jpg\",\"contentUrl\":\"https:\\\/\\\/lospoliticosveracruz.com\\\/wp-content\\\/uploads\\\/2025\\\/12\\\/Logo-Nuevo-LOS-POLITICOS-1.jpg\",\"width\":260,\"height\":70,\"caption\":\"Los pol\u00edticos Veracruz\"},\"image\":{\"@id\":\"https:\\\/\\\/lospoliticosveracruz.com\\\/#\\\/schema\\\/logo\\\/image\\\/\"},\"sameAs\":[\"https:\\\/\\\/www.facebook.com\\\/people\\\/Notimemes-de-los-Polticos\\\/61565672886568\\\/\",\"https:\\\/\\\/x.com\\\/LosPoliticosVer\"]},{\"@type\":\"Person\",\"@id\":\"https:\\\/\\\/lospoliticosveracruz.com\\\/#\\\/schema\\\/person\\\/b8702bb0e538456e6efd07080bf2a4a2\",\"name\":\"Lo viste en Los Pol\u00edticos\",\"image\":{\"@type\":\"ImageObject\",\"inLanguage\":\"es\",\"@id\":\"https:\\\/\\\/secure.gravatar.com\\\/avatar\\\/3a8de04a2656d44082be478bd6c086daa447c4651605818287b9532d3d0bd435?s=96&d=mm&r=g\",\"url\":\"https:\\\/\\\/secure.gravatar.com\\\/avatar\\\/3a8de04a2656d44082be478bd6c086daa447c4651605818287b9532d3d0bd435?s=96&d=mm&r=g\",\"contentUrl\":\"https:\\\/\\\/secure.gravatar.com\\\/avatar\\\/3a8de04a2656d44082be478bd6c086daa447c4651605818287b9532d3d0bd435?s=96&d=mm&r=g\",\"caption\":\"Lo viste en Los Pol\u00edticos\"},\"url\":\"https:\\\/\\\/lospoliticosveracruz.com\\\/?author=2\"}]}<\/script>\n<!-- \/ Yoast SEO plugin. -->","yoast_head_json":{"title":"CHIQUIYUNES, LUTERO - Los pol\u00edticos Veracruz","robots":{"index":"index","follow":"follow","max-snippet":"max-snippet:-1","max-image-preview":"max-image-preview:large","max-video-preview":"max-video-preview:-1"},"canonical":"https:\/\/lospoliticosveracruz.com\/?p=137815","og_locale":"es_ES","og_type":"article","og_title":"CHIQUIYUNES, LUTERO - Los pol\u00edticos Veracruz","og_description":"[S\u00edguenos ahora tambi\u00e9n en WhatsApp.&nbsp;Da clic aqu\u00ed]Fanny Y\u00e9pezLa Columna La Iglesia en manos de Lutero, esta expresi\u00f3n no es nueva. Ha sido usada para referirse a momentos en que una instituci\u00f3n se pone en manos de sus ap\u00f3statas (renegados-falsos-traidores-corruptos) y es precisamente la que una connotada morenista expreso, cuando le solicite su opini\u00f3n sobre la [&hellip;]","og_url":"https:\/\/lospoliticosveracruz.com\/?p=137815","og_site_name":"Los pol\u00edticos Veracruz","article_publisher":"https:\/\/www.facebook.com\/people\/Notimemes-de-los-Polticos\/61565672886568\/","article_published_time":"2025-02-14T12:41:00+00:00","article_modified_time":"2025-02-14T12:47:02+00:00","og_image":[{"width":1250,"height":667,"url":"https:\/\/lospoliticosveracruz.com\/wp-content\/uploads\/2024\/06\/Fanny-Yepez.jpg","type":"image\/jpeg"}],"author":"Lo viste en Los Pol\u00edticos","twitter_card":"summary_large_image","twitter_creator":"@LosPoliticosVer","twitter_site":"@LosPoliticosVer","twitter_misc":{"Escrito por":"Lo viste en Los Pol\u00edticos","Tiempo de lectura":"5 minutos"},"schema":{"@context":"https:\/\/schema.org","@graph":[{"@type":"Article","@id":"https:\/\/lospoliticosveracruz.com\/?p=137815#article","isPartOf":{"@id":"https:\/\/lospoliticosveracruz.com\/?p=137815"},"author":{"name":"Lo viste en Los Pol\u00edticos","@id":"https:\/\/lospoliticosveracruz.com\/#\/schema\/person\/b8702bb0e538456e6efd07080bf2a4a2"},"headline":"CHIQUIYUNES, LUTERO","datePublished":"2025-02-14T12:41:00+00:00","dateModified":"2025-02-14T12:47:02+00:00","mainEntityOfPage":{"@id":"https:\/\/lospoliticosveracruz.com\/?p=137815"},"wordCount":1090,"publisher":{"@id":"https:\/\/lospoliticosveracruz.com\/#organization"},"image":{"@id":"https:\/\/lospoliticosveracruz.com\/?p=137815#primaryimage"},"thumbnailUrl":"https:\/\/lospoliticosveracruz.com\/wp-content\/uploads\/2024\/06\/Fanny-Yepez.jpg","keywords":["Miguel \u00c1ngel Yunes M\u00e1rquez","Morena","PAN","Veracruz"],"articleSection":["De Opini\u00f3n"],"inLanguage":"es"},{"@type":"WebPage","@id":"https:\/\/lospoliticosveracruz.com\/?p=137815","url":"https:\/\/lospoliticosveracruz.com\/?p=137815","name":"CHIQUIYUNES, LUTERO - Los pol\u00edticos Veracruz","isPartOf":{"@id":"https:\/\/lospoliticosveracruz.com\/#website"},"primaryImageOfPage":{"@id":"https:\/\/lospoliticosveracruz.com\/?p=137815#primaryimage"},"image":{"@id":"https:\/\/lospoliticosveracruz.com\/?p=137815#primaryimage"},"thumbnailUrl":"https:\/\/lospoliticosveracruz.com\/wp-content\/uploads\/2024\/06\/Fanny-Yepez.jpg","datePublished":"2025-02-14T12:41:00+00:00","dateModified":"2025-02-14T12:47:02+00:00","breadcrumb":{"@id":"https:\/\/lospoliticosveracruz.com\/?p=137815#breadcrumb"},"inLanguage":"es","potentialAction":[{"@type":"ReadAction","target":["https:\/\/lospoliticosveracruz.com\/?p=137815"]}]},{"@type":"ImageObject","inLanguage":"es","@id":"https:\/\/lospoliticosveracruz.com\/?p=137815#primaryimage","url":"https:\/\/lospoliticosveracruz.com\/wp-content\/uploads\/2024\/06\/Fanny-Yepez.jpg","contentUrl":"https:\/\/lospoliticosveracruz.com\/wp-content\/uploads\/2024\/06\/Fanny-Yepez.jpg","width":1250,"height":667},{"@type":"BreadcrumbList","@id":"https:\/\/lospoliticosveracruz.com\/?p=137815#breadcrumb","itemListElement":[{"@type":"ListItem","position":1,"name":"Portada","item":"https:\/\/lospoliticosveracruz.com\/"},{"@type":"ListItem","position":2,"name":"CHIQUIYUNES, LUTERO"}]},{"@type":"WebSite","@id":"https:\/\/lospoliticosveracruz.com\/#website","url":"https:\/\/lospoliticosveracruz.com\/","name":"Los pol\u00edticos Veracruz","description":"","publisher":{"@id":"https:\/\/lospoliticosveracruz.com\/#organization"},"potentialAction":[{"@type":"SearchAction","target":{"@type":"EntryPoint","urlTemplate":"https:\/\/lospoliticosveracruz.com\/?s={search_term_string}"},"query-input":{"@type":"PropertyValueSpecification","valueRequired":true,"valueName":"search_term_string"}}],"inLanguage":"es"},{"@type":"Organization","@id":"https:\/\/lospoliticosveracruz.com\/#organization","name":"Los pol\u00edticos Veracruz","url":"https:\/\/lospoliticosveracruz.com\/","logo":{"@type":"ImageObject","inLanguage":"es","@id":"https:\/\/lospoliticosveracruz.com\/#\/schema\/logo\/image\/","url":"https:\/\/lospoliticosveracruz.com\/wp-content\/uploads\/2025\/12\/Logo-Nuevo-LOS-POLITICOS-1.jpg","contentUrl":"https:\/\/lospoliticosveracruz.com\/wp-content\/uploads\/2025\/12\/Logo-Nuevo-LOS-POLITICOS-1.jpg","width":260,"height":70,"caption":"Los pol\u00edticos Veracruz"},"image":{"@id":"https:\/\/lospoliticosveracruz.com\/#\/schema\/logo\/image\/"},"sameAs":["https:\/\/www.facebook.com\/people\/Notimemes-de-los-Polticos\/61565672886568\/","https:\/\/x.com\/LosPoliticosVer"]},{"@type":"Person","@id":"https:\/\/lospoliticosveracruz.com\/#\/schema\/person\/b8702bb0e538456e6efd07080bf2a4a2","name":"Lo viste en Los Pol\u00edticos","image":{"@type":"ImageObject","inLanguage":"es","@id":"https:\/\/secure.gravatar.com\/avatar\/3a8de04a2656d44082be478bd6c086daa447c4651605818287b9532d3d0bd435?s=96&d=mm&r=g","url":"https:\/\/secure.gravatar.com\/avatar\/3a8de04a2656d44082be478bd6c086daa447c4651605818287b9532d3d0bd435?s=96&d=mm&r=g","contentUrl":"https:\/\/secure.gravatar.com\/avatar\/3a8de04a2656d44082be478bd6c086daa447c4651605818287b9532d3d0bd435?s=96&d=mm&r=g","caption":"Lo viste en Los Pol\u00edticos"},"url":"https:\/\/lospoliticosveracruz.com\/?author=2"}]}},"_links":{"self":[{"href":"https:\/\/lospoliticosveracruz.com\/index.php?rest_route=\/wp\/v2\/posts\/137815","targetHints":{"allow":["GET"]}}],"collection":[{"href":"https:\/\/lospoliticosveracruz.com\/index.php?rest_route=\/wp\/v2\/posts"}],"about":[{"href":"https:\/\/lospoliticosveracruz.com\/index.php?rest_route=\/wp\/v2\/types\/post"}],"author":[{"embeddable":true,"href":"https:\/\/lospoliticosveracruz.com\/index.php?rest_route=\/wp\/v2\/users\/2"}],"replies":[{"embeddable":true,"href":"https:\/\/lospoliticosveracruz.com\/index.php?rest_route=%2Fwp%2Fv2%2Fcomments&post=137815"}],"version-history":[{"count":2,"href":"https:\/\/lospoliticosveracruz.com\/index.php?rest_route=\/wp\/v2\/posts\/137815\/revisions"}],"predecessor-version":[{"id":137818,"href":"https:\/\/lospoliticosveracruz.com\/index.php?rest_route=\/wp\/v2\/posts\/137815\/revisions\/137818"}],"wp:featuredmedia":[{"embeddable":true,"href":"https:\/\/lospoliticosveracruz.com\/index.php?rest_route=\/wp\/v2\/media\/126076"}],"wp:attachment":[{"href":"https:\/\/lospoliticosveracruz.com\/index.php?rest_route=%2Fwp%2Fv2%2Fmedia&parent=137815"}],"wp:term":[{"taxonomy":"category","embeddable":true,"href":"https:\/\/lospoliticosveracruz.com\/index.php?rest_route=%2Fwp%2Fv2%2Fcategories&post=137815"},{"taxonomy":"post_tag","embeddable":true,"href":"https:\/\/lospoliticosveracruz.com\/index.php?rest_route=%2Fwp%2Fv2%2Ftags&post=137815"}],"curies":[{"name":"wp","href":"https:\/\/api.w.org\/{rel}","templated":true}]}}