{"id":137827,"date":"2025-02-14T08:09:17","date_gmt":"2025-02-14T14:09:17","guid":{"rendered":"https:\/\/lospoliticosveracruz.com.mx\/?p=137827"},"modified":"2025-02-14T08:09:35","modified_gmt":"2025-02-14T14:09:35","slug":"ahora-es-el-sea","status":"publish","type":"post","link":"https:\/\/lospoliticosveracruz.com\/?p=137827","title":{"rendered":"AHORA ES EL SEA"},"content":{"rendered":"\n<p><\/p>\n\n\n\n<p>S\u00edguenos ahora tambi\u00e9n en WhatsApp.\u00a0<a href=\"https:\/\/whatsapp.com\/channel\/0029Va8zRWlEKyZIP3Z1dF0e\"><em><strong>Da clic aqu\u00ed<\/strong><\/em><\/a><\/p>\n\n\n\n<p><\/p>\n\n\n\n<p><strong>Omar Z\u00fa\u00f1iga<br><\/strong><em>De Primera Mano<\/em><\/p>\n\n\n\n<p>Con tu mediocridad tu orgullo herido<br>la pesadilla de valer lo que vales:<br>comparativamente poco si te mides<br>con \u00e9l en los diversos niveles del oficio:<br>director, reportero; el reportero que no ser\u00e1s<br>jam\u00e1s hagas lo que hagas: lo sabes porque<br>lo has intentado desde que eras un<br>aprendiz de redactor, en el principio (\u2026).<br>Conf\u00f3rmate con \u00e9l. Deber\u00edas conformarte.<br>Cada quien tiene un l\u00edmite. No es posible alterar<br>lo inalterable ni reordenar iq\u00fas, talentos,<br>obsesiones de cuya suma y resta se conforma<br>el destino de este o de aquel, tal vez de un genio.<br>No le puedes calcar su biograf\u00eda ni copiar como har\u00edas en la escuela<\/p>\n\n\n\n<p><strong>Los Periodistas<br><\/strong>Vicente Le\u00f1ero<\/p>\n\n\n\n<p>Dos sucesos relevantes han acontecido esta semana en la Universidad Veracruzana.<br>El lunes 20 de febrero reiniciaron las clases en la M\u00e1xima Casa de estudios de Veracruz.<br>Y este jueves, previo al famos\u00edmimo Valentine\u2019s, D\u00eda del Amor y la Amistad o lo que lo es lo mismo, el 13 de febrero, tambi\u00e9n conocido como d\u00eda de los amantes (y no lo digo yo), se \u201crenov\u00f3\u201d la Junta de Gobierno de la UV, esa misma \u201cjunta de notables\u201d que habr\u00e1 de decidir qui\u00e9n ser\u00e1 \u00e9l o la rectora, que habr\u00e1 de tomar protesta la primera semana de septiembre pr\u00f3ximo y ese cuerpo colegiado reeligi\u00f3 como su presidente a Juan Manuel Pinos, quien a su vez tom\u00f3 protesta a dos nuevos consejeros.<br>Pues bueno, en este contexto, los problemas no dejan de aparecerle al recorcito.<br>Ahora se trata de una denuncia sobre posible fraude acad\u00e9mico en el Sistema de Ense\u00f1anza Abierta (SEA), sistema donde a pesar de las m\u00faltiples quejas que por varios semestres el estudiantado de la licenciatura en Derecho le ha externado a la Direcci\u00f3n General del este subsistema y a la Coordinaci\u00f3n Acad\u00e9mica Regional del SEA Veracruz, las autoridades prefieren hacer o\u00eddos sordos a las denuncias de presunta extorsi\u00f3n que una profesora, de nombre Guadalupe Madero Valencia, ejerce sobre los estudiantes.<br>Esta denuncia se da porque la acad\u00e9mica en cuesti\u00f3n, obligar\u00eda a sus alumnos a inscribirse en un curso que les vende por cinco mil pesos, esto a cambio de entregarles una copia de las preguntas del Examen General para el Egreso de la Licenciatura (EGEL).<br>Por si fuera poco, a trav\u00e9s de un documento hecho llegar a quien esto escribe, se denuncia como un caso de probable fraude acad\u00e9mico, viajes de excursi\u00f3n que la misma acad\u00e9mica organiza y que tambi\u00e9n obligar\u00eda a sus alumnos a comprarle boletos, a cambio de obtener calificaci\u00f3n aprobatoria.<br>Con estas pr\u00e1cticas, alejadas de toda \u00e9tica profesional, y contrarias a los criterios de calidad de la normativa de la Universidad Veracruzana, se alienta un fraude y se permite la corrupci\u00f3n galopante en detrimento de los estudiantes.<br>Por otra parte, en el mismo documento denuncian el caso de Gabriela Levet Remes, quien gozar\u00eda de inmunidad institucional por ser familiar del l\u00edder sindical de FESAPAUV, y por esa raz\u00f3n -sostiene el documento- nadie del SEA Veracruz la ha visto, y aseguran que nunca se ha presentado a trabajar, ni frente a grupo y mucho menos en atenci\u00f3n a los alumnos que cursan con ella el Servicio Social, \u201cque es la \u00fanica actividad que tiene asignada como personal con plaza de tiempo completo\u201d.<br>Debe entonces Martincillo lidiar con todas estas situaciones circundantes, que le han crecido por olvidarse de atender su trabajo como Rector. Uuuuuff.<\/p>\n\n\n\n<hr class=\"wp-block-separator has-alpha-channel-opacity\"\/>\n\n\n\n<p>Sobre el caso de los dos compa\u00f1eros reporteros en Ciudad Isla y Orizaba, sin defender ni denostar a nadie lo \u00fanico que podemos hacer, es se\u00f1alar nuestra solidaridad.<br>Cada quien sabe lo que carga encima.<\/p>\n\n\n\n<p>\u00a1Qu\u00e9 barbaridad!<br>deprimera.mano2020@gmail.com<\/p>\n","protected":false},"excerpt":{"rendered":"<p>S\u00edguenos ahora tambi\u00e9n en WhatsApp.\u00a0Da clic aqu\u00ed Omar Z\u00fa\u00f1igaDe Primera Mano Con tu mediocridad tu orgullo heridola pesadilla de valer lo que vales:comparativamente poco si te midescon \u00e9l en los diversos niveles del oficio:director, reportero; el reportero que no ser\u00e1sjam\u00e1s hagas lo que hagas: lo sabes porquelo has intentado desde que eras unaprendiz de redactor, [&hellip;]<\/p>\n","protected":false},"author":2,"featured_media":119918,"comment_status":"closed","ping_status":"closed","sticky":false,"template":"","format":"standard","meta":{"tdm_status":"","tdm_grid_status":"","footnotes":""},"categories":[70],"tags":[1721,1312,567],"class_list":{"0":"post-137827","1":"post","2":"type-post","3":"status-publish","4":"format-standard","5":"has-post-thumbnail","7":"category-de-opinion","8":"tag-dia-del-amor-y-la-amistad","9":"tag-periodistas","10":"tag-reportero"},"yoast_head":"<!-- This site is optimized with the Yoast SEO plugin v27.4 - https:\/\/yoast.com\/product\/yoast-seo-wordpress\/ -->\n<title>AHORA ES EL SEA - Los pol\u00edticos Veracruz<\/title>\n<meta name=\"robots\" content=\"index, follow, max-snippet:-1, max-image-preview:large, max-video-preview:-1\" \/>\n<link rel=\"canonical\" href=\"https:\/\/lospoliticosveracruz.com\/?p=137827\" \/>\n<meta property=\"og:locale\" content=\"es_ES\" \/>\n<meta property=\"og:type\" content=\"article\" \/>\n<meta property=\"og:title\" content=\"AHORA ES EL SEA - Los pol\u00edticos Veracruz\" \/>\n<meta property=\"og:description\" content=\"S\u00edguenos ahora tambi\u00e9n en WhatsApp.\u00a0Da clic aqu\u00ed Omar Z\u00fa\u00f1igaDe Primera Mano Con tu mediocridad tu orgullo heridola pesadilla de valer lo que vales:comparativamente poco si te midescon \u00e9l en los diversos niveles del oficio:director, reportero; el reportero que no ser\u00e1sjam\u00e1s hagas lo que hagas: lo sabes porquelo has intentado desde que eras unaprendiz de redactor, [&hellip;]\" \/>\n<meta property=\"og:url\" content=\"https:\/\/lospoliticosveracruz.com\/?p=137827\" \/>\n<meta property=\"og:site_name\" content=\"Los pol\u00edticos Veracruz\" \/>\n<meta property=\"article:publisher\" content=\"https:\/\/www.facebook.com\/people\/Notimemes-de-los-Polticos\/61565672886568\/\" \/>\n<meta property=\"article:published_time\" content=\"2025-02-14T14:09:17+00:00\" \/>\n<meta property=\"article:modified_time\" content=\"2025-02-14T14:09:35+00:00\" \/>\n<meta property=\"og:image\" content=\"https:\/\/lospoliticosveracruz.com\/wp-content\/uploads\/2024\/03\/Omar-Zuniga.jpg\" \/>\n\t<meta property=\"og:image:width\" content=\"1250\" \/>\n\t<meta property=\"og:image:height\" content=\"667\" \/>\n\t<meta property=\"og:image:type\" content=\"image\/jpeg\" \/>\n<meta name=\"author\" content=\"Lo viste en Los Pol\u00edticos\" \/>\n<meta name=\"twitter:card\" content=\"summary_large_image\" \/>\n<meta name=\"twitter:creator\" content=\"@LosPoliticosVer\" \/>\n<meta name=\"twitter:site\" content=\"@LosPoliticosVer\" \/>\n<meta name=\"twitter:label1\" content=\"Escrito por\" \/>\n\t<meta name=\"twitter:data1\" content=\"Lo viste en Los Pol\u00edticos\" \/>\n\t<meta name=\"twitter:label2\" content=\"Tiempo de lectura\" \/>\n\t<meta name=\"twitter:data2\" content=\"3 minutos\" \/>\n<script type=\"application\/ld+json\" class=\"yoast-schema-graph\">{\"@context\":\"https:\\\/\\\/schema.org\",\"@graph\":[{\"@type\":\"Article\",\"@id\":\"https:\\\/\\\/lospoliticosveracruz.com\\\/?p=137827#article\",\"isPartOf\":{\"@id\":\"https:\\\/\\\/lospoliticosveracruz.com\\\/?p=137827\"},\"author\":{\"name\":\"Lo viste en Los Pol\u00edticos\",\"@id\":\"https:\\\/\\\/lospoliticosveracruz.com\\\/#\\\/schema\\\/person\\\/b8702bb0e538456e6efd07080bf2a4a2\"},\"headline\":\"AHORA ES EL SEA\",\"datePublished\":\"2025-02-14T14:09:17+00:00\",\"dateModified\":\"2025-02-14T14:09:35+00:00\",\"mainEntityOfPage\":{\"@id\":\"https:\\\/\\\/lospoliticosveracruz.com\\\/?p=137827\"},\"wordCount\":654,\"publisher\":{\"@id\":\"https:\\\/\\\/lospoliticosveracruz.com\\\/#organization\"},\"image\":{\"@id\":\"https:\\\/\\\/lospoliticosveracruz.com\\\/?p=137827#primaryimage\"},\"thumbnailUrl\":\"https:\\\/\\\/lospoliticosveracruz.com\\\/wp-content\\\/uploads\\\/2024\\\/03\\\/Omar-Zuniga.jpg\",\"keywords\":[\"D\u00eda del Amor y la Amistad\",\"periodistas\",\"reportero\"],\"articleSection\":[\"De Opini\u00f3n\"],\"inLanguage\":\"es\"},{\"@type\":\"WebPage\",\"@id\":\"https:\\\/\\\/lospoliticosveracruz.com\\\/?p=137827\",\"url\":\"https:\\\/\\\/lospoliticosveracruz.com\\\/?p=137827\",\"name\":\"AHORA ES EL SEA - Los pol\u00edticos Veracruz\",\"isPartOf\":{\"@id\":\"https:\\\/\\\/lospoliticosveracruz.com\\\/#website\"},\"primaryImageOfPage\":{\"@id\":\"https:\\\/\\\/lospoliticosveracruz.com\\\/?p=137827#primaryimage\"},\"image\":{\"@id\":\"https:\\\/\\\/lospoliticosveracruz.com\\\/?p=137827#primaryimage\"},\"thumbnailUrl\":\"https:\\\/\\\/lospoliticosveracruz.com\\\/wp-content\\\/uploads\\\/2024\\\/03\\\/Omar-Zuniga.jpg\",\"datePublished\":\"2025-02-14T14:09:17+00:00\",\"dateModified\":\"2025-02-14T14:09:35+00:00\",\"breadcrumb\":{\"@id\":\"https:\\\/\\\/lospoliticosveracruz.com\\\/?p=137827#breadcrumb\"},\"inLanguage\":\"es\",\"potentialAction\":[{\"@type\":\"ReadAction\",\"target\":[\"https:\\\/\\\/lospoliticosveracruz.com\\\/?p=137827\"]}]},{\"@type\":\"ImageObject\",\"inLanguage\":\"es\",\"@id\":\"https:\\\/\\\/lospoliticosveracruz.com\\\/?p=137827#primaryimage\",\"url\":\"https:\\\/\\\/lospoliticosveracruz.com\\\/wp-content\\\/uploads\\\/2024\\\/03\\\/Omar-Zuniga.jpg\",\"contentUrl\":\"https:\\\/\\\/lospoliticosveracruz.com\\\/wp-content\\\/uploads\\\/2024\\\/03\\\/Omar-Zuniga.jpg\",\"width\":1250,\"height\":667},{\"@type\":\"BreadcrumbList\",\"@id\":\"https:\\\/\\\/lospoliticosveracruz.com\\\/?p=137827#breadcrumb\",\"itemListElement\":[{\"@type\":\"ListItem\",\"position\":1,\"name\":\"Portada\",\"item\":\"https:\\\/\\\/lospoliticosveracruz.com\\\/\"},{\"@type\":\"ListItem\",\"position\":2,\"name\":\"AHORA ES EL SEA\"}]},{\"@type\":\"WebSite\",\"@id\":\"https:\\\/\\\/lospoliticosveracruz.com\\\/#website\",\"url\":\"https:\\\/\\\/lospoliticosveracruz.com\\\/\",\"name\":\"Los pol\u00edticos Veracruz\",\"description\":\"\",\"publisher\":{\"@id\":\"https:\\\/\\\/lospoliticosveracruz.com\\\/#organization\"},\"potentialAction\":[{\"@type\":\"SearchAction\",\"target\":{\"@type\":\"EntryPoint\",\"urlTemplate\":\"https:\\\/\\\/lospoliticosveracruz.com\\\/?s={search_term_string}\"},\"query-input\":{\"@type\":\"PropertyValueSpecification\",\"valueRequired\":true,\"valueName\":\"search_term_string\"}}],\"inLanguage\":\"es\"},{\"@type\":\"Organization\",\"@id\":\"https:\\\/\\\/lospoliticosveracruz.com\\\/#organization\",\"name\":\"Los pol\u00edticos Veracruz\",\"url\":\"https:\\\/\\\/lospoliticosveracruz.com\\\/\",\"logo\":{\"@type\":\"ImageObject\",\"inLanguage\":\"es\",\"@id\":\"https:\\\/\\\/lospoliticosveracruz.com\\\/#\\\/schema\\\/logo\\\/image\\\/\",\"url\":\"https:\\\/\\\/lospoliticosveracruz.com\\\/wp-content\\\/uploads\\\/2025\\\/12\\\/Logo-Nuevo-LOS-POLITICOS-1.jpg\",\"contentUrl\":\"https:\\\/\\\/lospoliticosveracruz.com\\\/wp-content\\\/uploads\\\/2025\\\/12\\\/Logo-Nuevo-LOS-POLITICOS-1.jpg\",\"width\":260,\"height\":70,\"caption\":\"Los pol\u00edticos Veracruz\"},\"image\":{\"@id\":\"https:\\\/\\\/lospoliticosveracruz.com\\\/#\\\/schema\\\/logo\\\/image\\\/\"},\"sameAs\":[\"https:\\\/\\\/www.facebook.com\\\/people\\\/Notimemes-de-los-Polticos\\\/61565672886568\\\/\",\"https:\\\/\\\/x.com\\\/LosPoliticosVer\"]},{\"@type\":\"Person\",\"@id\":\"https:\\\/\\\/lospoliticosveracruz.com\\\/#\\\/schema\\\/person\\\/b8702bb0e538456e6efd07080bf2a4a2\",\"name\":\"Lo viste en Los Pol\u00edticos\",\"image\":{\"@type\":\"ImageObject\",\"inLanguage\":\"es\",\"@id\":\"https:\\\/\\\/secure.gravatar.com\\\/avatar\\\/3a8de04a2656d44082be478bd6c086daa447c4651605818287b9532d3d0bd435?s=96&d=mm&r=g\",\"url\":\"https:\\\/\\\/secure.gravatar.com\\\/avatar\\\/3a8de04a2656d44082be478bd6c086daa447c4651605818287b9532d3d0bd435?s=96&d=mm&r=g\",\"contentUrl\":\"https:\\\/\\\/secure.gravatar.com\\\/avatar\\\/3a8de04a2656d44082be478bd6c086daa447c4651605818287b9532d3d0bd435?s=96&d=mm&r=g\",\"caption\":\"Lo viste en Los Pol\u00edticos\"},\"url\":\"https:\\\/\\\/lospoliticosveracruz.com\\\/?author=2\"}]}<\/script>\n<!-- \/ Yoast SEO plugin. -->","yoast_head_json":{"title":"AHORA ES EL SEA - Los pol\u00edticos Veracruz","robots":{"index":"index","follow":"follow","max-snippet":"max-snippet:-1","max-image-preview":"max-image-preview:large","max-video-preview":"max-video-preview:-1"},"canonical":"https:\/\/lospoliticosveracruz.com\/?p=137827","og_locale":"es_ES","og_type":"article","og_title":"AHORA ES EL SEA - Los pol\u00edticos Veracruz","og_description":"S\u00edguenos ahora tambi\u00e9n en WhatsApp.\u00a0Da clic aqu\u00ed Omar Z\u00fa\u00f1igaDe Primera Mano Con tu mediocridad tu orgullo heridola pesadilla de valer lo que vales:comparativamente poco si te midescon \u00e9l en los diversos niveles del oficio:director, reportero; el reportero que no ser\u00e1sjam\u00e1s hagas lo que hagas: lo sabes porquelo has intentado desde que eras unaprendiz de redactor, [&hellip;]","og_url":"https:\/\/lospoliticosveracruz.com\/?p=137827","og_site_name":"Los pol\u00edticos Veracruz","article_publisher":"https:\/\/www.facebook.com\/people\/Notimemes-de-los-Polticos\/61565672886568\/","article_published_time":"2025-02-14T14:09:17+00:00","article_modified_time":"2025-02-14T14:09:35+00:00","og_image":[{"width":1250,"height":667,"url":"https:\/\/lospoliticosveracruz.com\/wp-content\/uploads\/2024\/03\/Omar-Zuniga.jpg","type":"image\/jpeg"}],"author":"Lo viste en Los Pol\u00edticos","twitter_card":"summary_large_image","twitter_creator":"@LosPoliticosVer","twitter_site":"@LosPoliticosVer","twitter_misc":{"Escrito por":"Lo viste en Los Pol\u00edticos","Tiempo de lectura":"3 minutos"},"schema":{"@context":"https:\/\/schema.org","@graph":[{"@type":"Article","@id":"https:\/\/lospoliticosveracruz.com\/?p=137827#article","isPartOf":{"@id":"https:\/\/lospoliticosveracruz.com\/?p=137827"},"author":{"name":"Lo viste en Los Pol\u00edticos","@id":"https:\/\/lospoliticosveracruz.com\/#\/schema\/person\/b8702bb0e538456e6efd07080bf2a4a2"},"headline":"AHORA ES EL SEA","datePublished":"2025-02-14T14:09:17+00:00","dateModified":"2025-02-14T14:09:35+00:00","mainEntityOfPage":{"@id":"https:\/\/lospoliticosveracruz.com\/?p=137827"},"wordCount":654,"publisher":{"@id":"https:\/\/lospoliticosveracruz.com\/#organization"},"image":{"@id":"https:\/\/lospoliticosveracruz.com\/?p=137827#primaryimage"},"thumbnailUrl":"https:\/\/lospoliticosveracruz.com\/wp-content\/uploads\/2024\/03\/Omar-Zuniga.jpg","keywords":["D\u00eda del Amor y la Amistad","periodistas","reportero"],"articleSection":["De Opini\u00f3n"],"inLanguage":"es"},{"@type":"WebPage","@id":"https:\/\/lospoliticosveracruz.com\/?p=137827","url":"https:\/\/lospoliticosveracruz.com\/?p=137827","name":"AHORA ES EL SEA - Los pol\u00edticos Veracruz","isPartOf":{"@id":"https:\/\/lospoliticosveracruz.com\/#website"},"primaryImageOfPage":{"@id":"https:\/\/lospoliticosveracruz.com\/?p=137827#primaryimage"},"image":{"@id":"https:\/\/lospoliticosveracruz.com\/?p=137827#primaryimage"},"thumbnailUrl":"https:\/\/lospoliticosveracruz.com\/wp-content\/uploads\/2024\/03\/Omar-Zuniga.jpg","datePublished":"2025-02-14T14:09:17+00:00","dateModified":"2025-02-14T14:09:35+00:00","breadcrumb":{"@id":"https:\/\/lospoliticosveracruz.com\/?p=137827#breadcrumb"},"inLanguage":"es","potentialAction":[{"@type":"ReadAction","target":["https:\/\/lospoliticosveracruz.com\/?p=137827"]}]},{"@type":"ImageObject","inLanguage":"es","@id":"https:\/\/lospoliticosveracruz.com\/?p=137827#primaryimage","url":"https:\/\/lospoliticosveracruz.com\/wp-content\/uploads\/2024\/03\/Omar-Zuniga.jpg","contentUrl":"https:\/\/lospoliticosveracruz.com\/wp-content\/uploads\/2024\/03\/Omar-Zuniga.jpg","width":1250,"height":667},{"@type":"BreadcrumbList","@id":"https:\/\/lospoliticosveracruz.com\/?p=137827#breadcrumb","itemListElement":[{"@type":"ListItem","position":1,"name":"Portada","item":"https:\/\/lospoliticosveracruz.com\/"},{"@type":"ListItem","position":2,"name":"AHORA ES EL SEA"}]},{"@type":"WebSite","@id":"https:\/\/lospoliticosveracruz.com\/#website","url":"https:\/\/lospoliticosveracruz.com\/","name":"Los pol\u00edticos Veracruz","description":"","publisher":{"@id":"https:\/\/lospoliticosveracruz.com\/#organization"},"potentialAction":[{"@type":"SearchAction","target":{"@type":"EntryPoint","urlTemplate":"https:\/\/lospoliticosveracruz.com\/?s={search_term_string}"},"query-input":{"@type":"PropertyValueSpecification","valueRequired":true,"valueName":"search_term_string"}}],"inLanguage":"es"},{"@type":"Organization","@id":"https:\/\/lospoliticosveracruz.com\/#organization","name":"Los pol\u00edticos Veracruz","url":"https:\/\/lospoliticosveracruz.com\/","logo":{"@type":"ImageObject","inLanguage":"es","@id":"https:\/\/lospoliticosveracruz.com\/#\/schema\/logo\/image\/","url":"https:\/\/lospoliticosveracruz.com\/wp-content\/uploads\/2025\/12\/Logo-Nuevo-LOS-POLITICOS-1.jpg","contentUrl":"https:\/\/lospoliticosveracruz.com\/wp-content\/uploads\/2025\/12\/Logo-Nuevo-LOS-POLITICOS-1.jpg","width":260,"height":70,"caption":"Los pol\u00edticos Veracruz"},"image":{"@id":"https:\/\/lospoliticosveracruz.com\/#\/schema\/logo\/image\/"},"sameAs":["https:\/\/www.facebook.com\/people\/Notimemes-de-los-Polticos\/61565672886568\/","https:\/\/x.com\/LosPoliticosVer"]},{"@type":"Person","@id":"https:\/\/lospoliticosveracruz.com\/#\/schema\/person\/b8702bb0e538456e6efd07080bf2a4a2","name":"Lo viste en Los Pol\u00edticos","image":{"@type":"ImageObject","inLanguage":"es","@id":"https:\/\/secure.gravatar.com\/avatar\/3a8de04a2656d44082be478bd6c086daa447c4651605818287b9532d3d0bd435?s=96&d=mm&r=g","url":"https:\/\/secure.gravatar.com\/avatar\/3a8de04a2656d44082be478bd6c086daa447c4651605818287b9532d3d0bd435?s=96&d=mm&r=g","contentUrl":"https:\/\/secure.gravatar.com\/avatar\/3a8de04a2656d44082be478bd6c086daa447c4651605818287b9532d3d0bd435?s=96&d=mm&r=g","caption":"Lo viste en Los Pol\u00edticos"},"url":"https:\/\/lospoliticosveracruz.com\/?author=2"}]}},"_links":{"self":[{"href":"https:\/\/lospoliticosveracruz.com\/index.php?rest_route=\/wp\/v2\/posts\/137827","targetHints":{"allow":["GET"]}}],"collection":[{"href":"https:\/\/lospoliticosveracruz.com\/index.php?rest_route=\/wp\/v2\/posts"}],"about":[{"href":"https:\/\/lospoliticosveracruz.com\/index.php?rest_route=\/wp\/v2\/types\/post"}],"author":[{"embeddable":true,"href":"https:\/\/lospoliticosveracruz.com\/index.php?rest_route=\/wp\/v2\/users\/2"}],"replies":[{"embeddable":true,"href":"https:\/\/lospoliticosveracruz.com\/index.php?rest_route=%2Fwp%2Fv2%2Fcomments&post=137827"}],"version-history":[{"count":2,"href":"https:\/\/lospoliticosveracruz.com\/index.php?rest_route=\/wp\/v2\/posts\/137827\/revisions"}],"predecessor-version":[{"id":137829,"href":"https:\/\/lospoliticosveracruz.com\/index.php?rest_route=\/wp\/v2\/posts\/137827\/revisions\/137829"}],"wp:featuredmedia":[{"embeddable":true,"href":"https:\/\/lospoliticosveracruz.com\/index.php?rest_route=\/wp\/v2\/media\/119918"}],"wp:attachment":[{"href":"https:\/\/lospoliticosveracruz.com\/index.php?rest_route=%2Fwp%2Fv2%2Fmedia&parent=137827"}],"wp:term":[{"taxonomy":"category","embeddable":true,"href":"https:\/\/lospoliticosveracruz.com\/index.php?rest_route=%2Fwp%2Fv2%2Fcategories&post=137827"},{"taxonomy":"post_tag","embeddable":true,"href":"https:\/\/lospoliticosveracruz.com\/index.php?rest_route=%2Fwp%2Fv2%2Ftags&post=137827"}],"curies":[{"name":"wp","href":"https:\/\/api.w.org\/{rel}","templated":true}]}}