{"id":137832,"date":"2025-02-14T09:00:32","date_gmt":"2025-02-14T15:00:32","guid":{"rendered":"https:\/\/lospoliticosveracruz.com.mx\/?p=137832"},"modified":"2025-02-14T09:00:45","modified_gmt":"2025-02-14T15:00:45","slug":"la-libra-marcelo","status":"publish","type":"post","link":"https:\/\/lospoliticosveracruz.com\/?p=137832","title":{"rendered":"LA LIBRA MARCELO!"},"content":{"rendered":"\n<p><\/p>\n\n\n\n<p><strong>Alejandro \u00c1vila<br><\/strong><em>Veracruz<\/em><br>La Sala Regional del Tribunal Electoral determin\u00f3 que el Comit\u00e9 Estatal del Partido Verde no incurri\u00f3 en malversaci\u00f3n de recursos p\u00fablicos en el Ejercicio Fiscal 2018, sin embargo, deber\u00e1 cubrir el 200 por ciento de la sanci\u00f3n de 16 millones de pesos, impuesta por el Instituto Nacional Electoral (INE) por insuficiencias en la comprobaci\u00f3n de gastos con las empresas que impartieron cursos de capacitaci\u00f3n durante ese a\u00f1o.<\/p>\n\n\n\n<p>El Tribunal resolvi\u00f3 revocar las vistas a la Unidad de Inteligencia Financiera y a la Fiscal\u00eda Especializada, en virtud de que el INE, no aport\u00f3 pruebas suficientes para soportar la responsabilidad legal que acus\u00f3; adem\u00e1s, violent\u00f3 el derecho de Presunci\u00f3n de Inocencia de los involucrados.<\/p>\n\n\n\n<p>La Sala Regional Xalapa del Tribunal Electoral del Poder Judicial de la Federaci\u00f3n, confirm\u00f3 la sanci\u00f3n administrativa del 200 por ciento de los m\u00e1s de 16 millones de pesos con observaci\u00f3n administrativa y reconoci\u00f3 que el PVEM incumpli\u00f3 su obligaci\u00f3n de acreditar debidamente el uso de recursos p\u00fablicos, por lo que se considera legal la infracci\u00f3n del INE.<\/p>\n\n\n\n<p>En sesi\u00f3n del 5 de febrero, dirimi\u00f3 el expediente SX-RAP-1\/2025, expuesto por el Magistrado, Jos\u00e9 Antonio Troncoso \u00c1vila que gener\u00f3 la resoluci\u00f3n que avala la facultad del INE para aplicar una sanci\u00f3n administrativa porque demostr\u00f3 que el Partido Verde tuvo insuficiencia para demostrar el uso de recursos p\u00fablicos para la realizaci\u00f3n de cursos, pero no se encontraron indicios de una malversaci\u00f3n o fraude de parte de quienes ejercieron esos recursos.<\/p>\n\n\n\n<p>La Magistrada Presidenta, Eva Barrientos, expuso que el INE impuso la multa por omitir comprobaci\u00f3n de operaciones con personas morales relacionadas con asesor\u00edas y capacitaciones durante la fiscalizaci\u00f3n de sus gastos, es decir, no aport\u00f3 las comprobaciones suficientes.<\/p>\n\n\n\n<p>El Tribunal Electoral determin\u00f3 que el partido pol\u00edtico ten\u00eda fundamento al argumentar una violaci\u00f3n a su derecho de presunci\u00f3n de inocencia, ya que el INE no present\u00f3 pruebas contundentes de su culpabilidad en conductas il\u00edcitas, por lo que eximi\u00f3 a los involucrados en hechos al margen de la ley durante el periodo 2018, que estuvo a cargo del entonces dirigente estatal y ahora, diputado local del PVEM, Carlos Marcelo Ruiz S\u00e1nchez.<\/p>\n\n\n\n<p>En conclusi\u00f3n, se revocaron las vistas del expediente a la Fiscal\u00eda Especializada y a la Unidad de Inteligencia Financiera, lo que no exime al Comit\u00e9 Estatal del Partido Verde de pagar la sanci\u00f3n administrativa impuesta por el INE.<\/p>\n","protected":false},"excerpt":{"rendered":"<p>Alejandro \u00c1vilaVeracruzLa Sala Regional del Tribunal Electoral determin\u00f3 que el Comit\u00e9 Estatal del Partido Verde no incurri\u00f3 en malversaci\u00f3n de recursos p\u00fablicos en el Ejercicio Fiscal 2018, sin embargo, deber\u00e1 cubrir el 200 por ciento de la sanci\u00f3n de 16 millones de pesos, impuesta por el Instituto Nacional Electoral (INE) por insuficiencias en la comprobaci\u00f3n [&hellip;]<\/p>\n","protected":false},"author":2,"featured_media":137833,"comment_status":"closed","ping_status":"closed","sticky":false,"template":"","format":"standard","meta":{"tdm_status":"","tdm_grid_status":"","footnotes":""},"categories":[6446],"tags":[965],"class_list":{"0":"post-137832","1":"post","2":"type-post","3":"status-publish","4":"format-standard","5":"has-post-thumbnail","7":"category-la-nota","8":"tag-partido-verde"},"yoast_head":"<!-- This site is optimized with the Yoast SEO plugin v27.4 - https:\/\/yoast.com\/product\/yoast-seo-wordpress\/ -->\n<title>LA LIBRA MARCELO! - Los pol\u00edticos Veracruz<\/title>\n<meta name=\"robots\" content=\"index, follow, max-snippet:-1, max-image-preview:large, max-video-preview:-1\" \/>\n<link rel=\"canonical\" href=\"https:\/\/lospoliticosveracruz.com\/?p=137832\" \/>\n<meta property=\"og:locale\" content=\"es_ES\" \/>\n<meta property=\"og:type\" content=\"article\" \/>\n<meta property=\"og:title\" content=\"LA LIBRA MARCELO! - Los pol\u00edticos Veracruz\" \/>\n<meta property=\"og:description\" content=\"Alejandro \u00c1vilaVeracruzLa Sala Regional del Tribunal Electoral determin\u00f3 que el Comit\u00e9 Estatal del Partido Verde no incurri\u00f3 en malversaci\u00f3n de recursos p\u00fablicos en el Ejercicio Fiscal 2018, sin embargo, deber\u00e1 cubrir el 200 por ciento de la sanci\u00f3n de 16 millones de pesos, impuesta por el Instituto Nacional Electoral (INE) por insuficiencias en la comprobaci\u00f3n [&hellip;]\" \/>\n<meta property=\"og:url\" content=\"https:\/\/lospoliticosveracruz.com\/?p=137832\" \/>\n<meta property=\"og:site_name\" content=\"Los pol\u00edticos Veracruz\" \/>\n<meta property=\"article:publisher\" content=\"https:\/\/www.facebook.com\/people\/Notimemes-de-los-Polticos\/61565672886568\/\" \/>\n<meta property=\"article:published_time\" content=\"2025-02-14T15:00:32+00:00\" \/>\n<meta property=\"article:modified_time\" content=\"2025-02-14T15:00:45+00:00\" \/>\n<meta property=\"og:image\" content=\"https:\/\/lospoliticosveracruz.com\/wp-content\/uploads\/2025\/02\/Eva-Barrientos.jpg\" \/>\n\t<meta property=\"og:image:width\" content=\"600\" \/>\n\t<meta property=\"og:image:height\" content=\"320\" \/>\n\t<meta property=\"og:image:type\" content=\"image\/jpeg\" \/>\n<meta name=\"author\" content=\"Lo viste en Los Pol\u00edticos\" \/>\n<meta name=\"twitter:card\" content=\"summary_large_image\" \/>\n<meta name=\"twitter:creator\" content=\"@LosPoliticosVer\" \/>\n<meta name=\"twitter:site\" content=\"@LosPoliticosVer\" \/>\n<meta name=\"twitter:label1\" content=\"Escrito por\" \/>\n\t<meta name=\"twitter:data1\" content=\"Lo viste en Los Pol\u00edticos\" \/>\n\t<meta name=\"twitter:label2\" content=\"Tiempo de lectura\" \/>\n\t<meta name=\"twitter:data2\" content=\"2 minutos\" \/>\n<script type=\"application\/ld+json\" class=\"yoast-schema-graph\">{\"@context\":\"https:\\\/\\\/schema.org\",\"@graph\":[{\"@type\":\"Article\",\"@id\":\"https:\\\/\\\/lospoliticosveracruz.com\\\/?p=137832#article\",\"isPartOf\":{\"@id\":\"https:\\\/\\\/lospoliticosveracruz.com\\\/?p=137832\"},\"author\":{\"name\":\"Lo viste en Los Pol\u00edticos\",\"@id\":\"https:\\\/\\\/lospoliticosveracruz.com\\\/#\\\/schema\\\/person\\\/b8702bb0e538456e6efd07080bf2a4a2\"},\"headline\":\"LA LIBRA MARCELO!\",\"datePublished\":\"2025-02-14T15:00:32+00:00\",\"dateModified\":\"2025-02-14T15:00:45+00:00\",\"mainEntityOfPage\":{\"@id\":\"https:\\\/\\\/lospoliticosveracruz.com\\\/?p=137832\"},\"wordCount\":420,\"publisher\":{\"@id\":\"https:\\\/\\\/lospoliticosveracruz.com\\\/#organization\"},\"image\":{\"@id\":\"https:\\\/\\\/lospoliticosveracruz.com\\\/?p=137832#primaryimage\"},\"thumbnailUrl\":\"https:\\\/\\\/lospoliticosveracruz.com\\\/wp-content\\\/uploads\\\/2025\\\/02\\\/Eva-Barrientos.jpg\",\"keywords\":[\"Partido Verde\"],\"articleSection\":[\"La Nota\"],\"inLanguage\":\"es\"},{\"@type\":\"WebPage\",\"@id\":\"https:\\\/\\\/lospoliticosveracruz.com\\\/?p=137832\",\"url\":\"https:\\\/\\\/lospoliticosveracruz.com\\\/?p=137832\",\"name\":\"LA LIBRA MARCELO! - Los pol\u00edticos Veracruz\",\"isPartOf\":{\"@id\":\"https:\\\/\\\/lospoliticosveracruz.com\\\/#website\"},\"primaryImageOfPage\":{\"@id\":\"https:\\\/\\\/lospoliticosveracruz.com\\\/?p=137832#primaryimage\"},\"image\":{\"@id\":\"https:\\\/\\\/lospoliticosveracruz.com\\\/?p=137832#primaryimage\"},\"thumbnailUrl\":\"https:\\\/\\\/lospoliticosveracruz.com\\\/wp-content\\\/uploads\\\/2025\\\/02\\\/Eva-Barrientos.jpg\",\"datePublished\":\"2025-02-14T15:00:32+00:00\",\"dateModified\":\"2025-02-14T15:00:45+00:00\",\"breadcrumb\":{\"@id\":\"https:\\\/\\\/lospoliticosveracruz.com\\\/?p=137832#breadcrumb\"},\"inLanguage\":\"es\",\"potentialAction\":[{\"@type\":\"ReadAction\",\"target\":[\"https:\\\/\\\/lospoliticosveracruz.com\\\/?p=137832\"]}]},{\"@type\":\"ImageObject\",\"inLanguage\":\"es\",\"@id\":\"https:\\\/\\\/lospoliticosveracruz.com\\\/?p=137832#primaryimage\",\"url\":\"https:\\\/\\\/lospoliticosveracruz.com\\\/wp-content\\\/uploads\\\/2025\\\/02\\\/Eva-Barrientos.jpg\",\"contentUrl\":\"https:\\\/\\\/lospoliticosveracruz.com\\\/wp-content\\\/uploads\\\/2025\\\/02\\\/Eva-Barrientos.jpg\",\"width\":600,\"height\":320},{\"@type\":\"BreadcrumbList\",\"@id\":\"https:\\\/\\\/lospoliticosveracruz.com\\\/?p=137832#breadcrumb\",\"itemListElement\":[{\"@type\":\"ListItem\",\"position\":1,\"name\":\"Portada\",\"item\":\"https:\\\/\\\/lospoliticosveracruz.com\\\/\"},{\"@type\":\"ListItem\",\"position\":2,\"name\":\"LA LIBRA MARCELO!\"}]},{\"@type\":\"WebSite\",\"@id\":\"https:\\\/\\\/lospoliticosveracruz.com\\\/#website\",\"url\":\"https:\\\/\\\/lospoliticosveracruz.com\\\/\",\"name\":\"Los pol\u00edticos Veracruz\",\"description\":\"\",\"publisher\":{\"@id\":\"https:\\\/\\\/lospoliticosveracruz.com\\\/#organization\"},\"potentialAction\":[{\"@type\":\"SearchAction\",\"target\":{\"@type\":\"EntryPoint\",\"urlTemplate\":\"https:\\\/\\\/lospoliticosveracruz.com\\\/?s={search_term_string}\"},\"query-input\":{\"@type\":\"PropertyValueSpecification\",\"valueRequired\":true,\"valueName\":\"search_term_string\"}}],\"inLanguage\":\"es\"},{\"@type\":\"Organization\",\"@id\":\"https:\\\/\\\/lospoliticosveracruz.com\\\/#organization\",\"name\":\"Los pol\u00edticos Veracruz\",\"url\":\"https:\\\/\\\/lospoliticosveracruz.com\\\/\",\"logo\":{\"@type\":\"ImageObject\",\"inLanguage\":\"es\",\"@id\":\"https:\\\/\\\/lospoliticosveracruz.com\\\/#\\\/schema\\\/logo\\\/image\\\/\",\"url\":\"https:\\\/\\\/lospoliticosveracruz.com\\\/wp-content\\\/uploads\\\/2025\\\/12\\\/Logo-Nuevo-LOS-POLITICOS-1.jpg\",\"contentUrl\":\"https:\\\/\\\/lospoliticosveracruz.com\\\/wp-content\\\/uploads\\\/2025\\\/12\\\/Logo-Nuevo-LOS-POLITICOS-1.jpg\",\"width\":260,\"height\":70,\"caption\":\"Los pol\u00edticos Veracruz\"},\"image\":{\"@id\":\"https:\\\/\\\/lospoliticosveracruz.com\\\/#\\\/schema\\\/logo\\\/image\\\/\"},\"sameAs\":[\"https:\\\/\\\/www.facebook.com\\\/people\\\/Notimemes-de-los-Polticos\\\/61565672886568\\\/\",\"https:\\\/\\\/x.com\\\/LosPoliticosVer\"]},{\"@type\":\"Person\",\"@id\":\"https:\\\/\\\/lospoliticosveracruz.com\\\/#\\\/schema\\\/person\\\/b8702bb0e538456e6efd07080bf2a4a2\",\"name\":\"Lo viste en Los Pol\u00edticos\",\"image\":{\"@type\":\"ImageObject\",\"inLanguage\":\"es\",\"@id\":\"https:\\\/\\\/secure.gravatar.com\\\/avatar\\\/3a8de04a2656d44082be478bd6c086daa447c4651605818287b9532d3d0bd435?s=96&d=mm&r=g\",\"url\":\"https:\\\/\\\/secure.gravatar.com\\\/avatar\\\/3a8de04a2656d44082be478bd6c086daa447c4651605818287b9532d3d0bd435?s=96&d=mm&r=g\",\"contentUrl\":\"https:\\\/\\\/secure.gravatar.com\\\/avatar\\\/3a8de04a2656d44082be478bd6c086daa447c4651605818287b9532d3d0bd435?s=96&d=mm&r=g\",\"caption\":\"Lo viste en Los Pol\u00edticos\"},\"url\":\"https:\\\/\\\/lospoliticosveracruz.com\\\/?author=2\"}]}<\/script>\n<!-- \/ Yoast SEO plugin. -->","yoast_head_json":{"title":"LA LIBRA MARCELO! - Los pol\u00edticos Veracruz","robots":{"index":"index","follow":"follow","max-snippet":"max-snippet:-1","max-image-preview":"max-image-preview:large","max-video-preview":"max-video-preview:-1"},"canonical":"https:\/\/lospoliticosveracruz.com\/?p=137832","og_locale":"es_ES","og_type":"article","og_title":"LA LIBRA MARCELO! - Los pol\u00edticos Veracruz","og_description":"Alejandro \u00c1vilaVeracruzLa Sala Regional del Tribunal Electoral determin\u00f3 que el Comit\u00e9 Estatal del Partido Verde no incurri\u00f3 en malversaci\u00f3n de recursos p\u00fablicos en el Ejercicio Fiscal 2018, sin embargo, deber\u00e1 cubrir el 200 por ciento de la sanci\u00f3n de 16 millones de pesos, impuesta por el Instituto Nacional Electoral (INE) por insuficiencias en la comprobaci\u00f3n [&hellip;]","og_url":"https:\/\/lospoliticosveracruz.com\/?p=137832","og_site_name":"Los pol\u00edticos Veracruz","article_publisher":"https:\/\/www.facebook.com\/people\/Notimemes-de-los-Polticos\/61565672886568\/","article_published_time":"2025-02-14T15:00:32+00:00","article_modified_time":"2025-02-14T15:00:45+00:00","og_image":[{"width":600,"height":320,"url":"https:\/\/lospoliticosveracruz.com\/wp-content\/uploads\/2025\/02\/Eva-Barrientos.jpg","type":"image\/jpeg"}],"author":"Lo viste en Los Pol\u00edticos","twitter_card":"summary_large_image","twitter_creator":"@LosPoliticosVer","twitter_site":"@LosPoliticosVer","twitter_misc":{"Escrito por":"Lo viste en Los Pol\u00edticos","Tiempo de lectura":"2 minutos"},"schema":{"@context":"https:\/\/schema.org","@graph":[{"@type":"Article","@id":"https:\/\/lospoliticosveracruz.com\/?p=137832#article","isPartOf":{"@id":"https:\/\/lospoliticosveracruz.com\/?p=137832"},"author":{"name":"Lo viste en Los Pol\u00edticos","@id":"https:\/\/lospoliticosveracruz.com\/#\/schema\/person\/b8702bb0e538456e6efd07080bf2a4a2"},"headline":"LA LIBRA MARCELO!","datePublished":"2025-02-14T15:00:32+00:00","dateModified":"2025-02-14T15:00:45+00:00","mainEntityOfPage":{"@id":"https:\/\/lospoliticosveracruz.com\/?p=137832"},"wordCount":420,"publisher":{"@id":"https:\/\/lospoliticosveracruz.com\/#organization"},"image":{"@id":"https:\/\/lospoliticosveracruz.com\/?p=137832#primaryimage"},"thumbnailUrl":"https:\/\/lospoliticosveracruz.com\/wp-content\/uploads\/2025\/02\/Eva-Barrientos.jpg","keywords":["Partido Verde"],"articleSection":["La Nota"],"inLanguage":"es"},{"@type":"WebPage","@id":"https:\/\/lospoliticosveracruz.com\/?p=137832","url":"https:\/\/lospoliticosveracruz.com\/?p=137832","name":"LA LIBRA MARCELO! - Los pol\u00edticos Veracruz","isPartOf":{"@id":"https:\/\/lospoliticosveracruz.com\/#website"},"primaryImageOfPage":{"@id":"https:\/\/lospoliticosveracruz.com\/?p=137832#primaryimage"},"image":{"@id":"https:\/\/lospoliticosveracruz.com\/?p=137832#primaryimage"},"thumbnailUrl":"https:\/\/lospoliticosveracruz.com\/wp-content\/uploads\/2025\/02\/Eva-Barrientos.jpg","datePublished":"2025-02-14T15:00:32+00:00","dateModified":"2025-02-14T15:00:45+00:00","breadcrumb":{"@id":"https:\/\/lospoliticosveracruz.com\/?p=137832#breadcrumb"},"inLanguage":"es","potentialAction":[{"@type":"ReadAction","target":["https:\/\/lospoliticosveracruz.com\/?p=137832"]}]},{"@type":"ImageObject","inLanguage":"es","@id":"https:\/\/lospoliticosveracruz.com\/?p=137832#primaryimage","url":"https:\/\/lospoliticosveracruz.com\/wp-content\/uploads\/2025\/02\/Eva-Barrientos.jpg","contentUrl":"https:\/\/lospoliticosveracruz.com\/wp-content\/uploads\/2025\/02\/Eva-Barrientos.jpg","width":600,"height":320},{"@type":"BreadcrumbList","@id":"https:\/\/lospoliticosveracruz.com\/?p=137832#breadcrumb","itemListElement":[{"@type":"ListItem","position":1,"name":"Portada","item":"https:\/\/lospoliticosveracruz.com\/"},{"@type":"ListItem","position":2,"name":"LA LIBRA MARCELO!"}]},{"@type":"WebSite","@id":"https:\/\/lospoliticosveracruz.com\/#website","url":"https:\/\/lospoliticosveracruz.com\/","name":"Los pol\u00edticos Veracruz","description":"","publisher":{"@id":"https:\/\/lospoliticosveracruz.com\/#organization"},"potentialAction":[{"@type":"SearchAction","target":{"@type":"EntryPoint","urlTemplate":"https:\/\/lospoliticosveracruz.com\/?s={search_term_string}"},"query-input":{"@type":"PropertyValueSpecification","valueRequired":true,"valueName":"search_term_string"}}],"inLanguage":"es"},{"@type":"Organization","@id":"https:\/\/lospoliticosveracruz.com\/#organization","name":"Los pol\u00edticos Veracruz","url":"https:\/\/lospoliticosveracruz.com\/","logo":{"@type":"ImageObject","inLanguage":"es","@id":"https:\/\/lospoliticosveracruz.com\/#\/schema\/logo\/image\/","url":"https:\/\/lospoliticosveracruz.com\/wp-content\/uploads\/2025\/12\/Logo-Nuevo-LOS-POLITICOS-1.jpg","contentUrl":"https:\/\/lospoliticosveracruz.com\/wp-content\/uploads\/2025\/12\/Logo-Nuevo-LOS-POLITICOS-1.jpg","width":260,"height":70,"caption":"Los pol\u00edticos Veracruz"},"image":{"@id":"https:\/\/lospoliticosveracruz.com\/#\/schema\/logo\/image\/"},"sameAs":["https:\/\/www.facebook.com\/people\/Notimemes-de-los-Polticos\/61565672886568\/","https:\/\/x.com\/LosPoliticosVer"]},{"@type":"Person","@id":"https:\/\/lospoliticosveracruz.com\/#\/schema\/person\/b8702bb0e538456e6efd07080bf2a4a2","name":"Lo viste en Los Pol\u00edticos","image":{"@type":"ImageObject","inLanguage":"es","@id":"https:\/\/secure.gravatar.com\/avatar\/3a8de04a2656d44082be478bd6c086daa447c4651605818287b9532d3d0bd435?s=96&d=mm&r=g","url":"https:\/\/secure.gravatar.com\/avatar\/3a8de04a2656d44082be478bd6c086daa447c4651605818287b9532d3d0bd435?s=96&d=mm&r=g","contentUrl":"https:\/\/secure.gravatar.com\/avatar\/3a8de04a2656d44082be478bd6c086daa447c4651605818287b9532d3d0bd435?s=96&d=mm&r=g","caption":"Lo viste en Los Pol\u00edticos"},"url":"https:\/\/lospoliticosveracruz.com\/?author=2"}]}},"_links":{"self":[{"href":"https:\/\/lospoliticosveracruz.com\/index.php?rest_route=\/wp\/v2\/posts\/137832","targetHints":{"allow":["GET"]}}],"collection":[{"href":"https:\/\/lospoliticosveracruz.com\/index.php?rest_route=\/wp\/v2\/posts"}],"about":[{"href":"https:\/\/lospoliticosveracruz.com\/index.php?rest_route=\/wp\/v2\/types\/post"}],"author":[{"embeddable":true,"href":"https:\/\/lospoliticosveracruz.com\/index.php?rest_route=\/wp\/v2\/users\/2"}],"replies":[{"embeddable":true,"href":"https:\/\/lospoliticosveracruz.com\/index.php?rest_route=%2Fwp%2Fv2%2Fcomments&post=137832"}],"version-history":[{"count":2,"href":"https:\/\/lospoliticosveracruz.com\/index.php?rest_route=\/wp\/v2\/posts\/137832\/revisions"}],"predecessor-version":[{"id":137835,"href":"https:\/\/lospoliticosveracruz.com\/index.php?rest_route=\/wp\/v2\/posts\/137832\/revisions\/137835"}],"wp:featuredmedia":[{"embeddable":true,"href":"https:\/\/lospoliticosveracruz.com\/index.php?rest_route=\/wp\/v2\/media\/137833"}],"wp:attachment":[{"href":"https:\/\/lospoliticosveracruz.com\/index.php?rest_route=%2Fwp%2Fv2%2Fmedia&parent=137832"}],"wp:term":[{"taxonomy":"category","embeddable":true,"href":"https:\/\/lospoliticosveracruz.com\/index.php?rest_route=%2Fwp%2Fv2%2Fcategories&post=137832"},{"taxonomy":"post_tag","embeddable":true,"href":"https:\/\/lospoliticosveracruz.com\/index.php?rest_route=%2Fwp%2Fv2%2Ftags&post=137832"}],"curies":[{"name":"wp","href":"https:\/\/api.w.org\/{rel}","templated":true}]}}