{"id":138118,"date":"2025-02-18T19:51:54","date_gmt":"2025-02-19T01:51:54","guid":{"rendered":"https:\/\/lospoliticosveracruz.com.mx\/?p=138118"},"modified":"2025-02-18T19:52:34","modified_gmt":"2025-02-19T01:52:34","slug":"nahle-vs-los-yunes","status":"publish","type":"post","link":"https:\/\/lospoliticosveracruz.com\/?p=138118","title":{"rendered":"NAHLE VS LOS YUNES"},"content":{"rendered":"\n<p>S\u00edguenos ahora tambi\u00e9n en WhatsApp.\u00a0<a href=\"https:\/\/whatsapp.com\/channel\/0029Va8zRWlEKyZIP3Z1dF0e\"><strong>Da clic aqu\u00ed<\/strong><\/a><\/p>\n\n\n\n<p><\/p>\n\n\n\n<p><strong>Jos\u00e9 Luis Ortega Vidal<br><\/strong><em>Claroscuros<br><\/em>(1)<br>Somos testigos de una divisi\u00f3n de MORENA en el estado de Veracruz que no termina de estallar por el peso pol\u00edtico de la gobernadora Roc\u00edo Nahle y -desde luego- por el poder de Andr\u00e9s Manuel L\u00f3pez Obrador\u2026y Claudia Sheinbaum.<br>El caso m\u00e1s conocido al respecto se ubica en la lucha -desde ayer m\u00e1s abierta y cruenta- entre los Yunes Linares y Yunes M\u00e1rquez frente a Roc\u00edo Nahle, quien hora con hora, d\u00eda tras d\u00eda, demuestra la gran diferencia entre su personalidad de poder y la del tristemente c\u00e9lebre ex gobernador Cuitl\u00e1huac Garc\u00eda Jim\u00e9nez.<br>El comparativo entre Roc\u00edo y Cuitl\u00e1huac, por el momento, s\u00f3lo remite al escenario pol\u00edtico, dado que el sexenio en curso apenas rebasa los dos meses y medio; de modo que no conocemos resultados o fallas en el resto de \u00e1reas del Estado.<br>No ser\u00e1 dif\u00edcil, eso s\u00ed, que el gobierno de Nahle rebase lo hecho por Garc\u00eda debido a la p\u00e9sima gesti\u00f3n y entrega de resultados en materia de obra, seguridad p\u00fablica, salud, educaci\u00f3n, econom\u00eda, infraestructura, de quien pasar\u00e1 a la historia como el segundo peor gobernador de Veracruz; apenas superado por Javier Duarte de Ochoa.<br>Ahora bien, volvamos al tema de Nahle y los Yunes del corredor Veracruz-Boca del R\u00edo\u2026<br>Si bien Roc\u00edo no es Cuitl\u00e1huac, los senadores -titular y suplente- y el diputado local no var\u00edan un \u00e1pice su estilo rudo, agresivo, de luchar por mantenerse en espacios de poder al m\u00e1s alto nivel\u2026<br>Pactan a costa del \u00faltimo gramo de dignidad; mienten con una capacidad histri\u00f3nica digna de Cantinflas, pero sin su talento y gracia; manipulan y se apoyan en redes pol\u00edticas a\u00f1ejas tejidas a lo largo de d\u00e9cadas en las ca\u00f1er\u00edas oficiales y no oficiales; son resistentes a miasmas con las cuales saben d\u00f3nde y c\u00f3mo enfermar al enemigo.<br>Hay dos puntos que surgen de inmediato en torno a la pugna entre la mujer m\u00e1s poderosa de Veracruz y el clan m\u00e1s poderoso entre sus rivales -en este caso enemigos abiertos- en la entidad.<br>Si Roc\u00edo cuenta con el respaldo de Claudia, los Yunes han pactado con Ad\u00e1n.<br>Si Nahle pelea por cerrar espacios de poder a los Yunes del estero, el senador titular es nombrado presidente de la Comisi\u00f3n de Hacienda; se acerca a la dirigencia nacional de MORENA; acude a la ceremonia de afiliaci\u00f3n del partido guinda en la c\u00e1mara alta y se afilia al partido fundado por AMLO\u2026<br>A Lopez Obrador los Yunes Linares y M\u00e1rquez lo insultaron, le dijeron loco y viejo guango; as\u00ed se las gastan\u2026<br>Y hoy son morenos porque as\u00ed act\u00faa MORENA\u2026<br>Todo, desde luego, con el visto bueno desde Palenque\u2026<br>Porque en pol\u00edtica la moral es un \u00e1rbol que da moras; el que se enoja pierde; y, si a los amigos hay que tenerlos cerca, a los enemigos hay que tenerlos a\u00fan m\u00e1s cerca\u2026<\/p>\n\n\n\n<p>(2)<br>Si algo saben hacer los Yunes Linares y M\u00e1rquez es traicionar.<br>Son expertos en dividir para controlar; lo hicieron en el PRI y luego en el PAN; no ser\u00e1 extra\u00f1o que lo apliquen en MORENA.<\/p>\n\n\n\n<p>(3)<br>Ganar 160, 180 o m\u00e1s alcald\u00edas durante los comicios de junio pr\u00f3ximo es muy importante para Roc\u00edo Nahle\u2026<br>Pero ganar Veracruz y Boca del R\u00edo resulta fundamental para el reforzamiento de un liderazgo pol\u00edtico firme, que debe evolucionar a liderazgo estructural en Veracruz; esto es, mantener bajo las alas de su confianza y alianzas las principales cabeceras municipales de norte, centro y sur de la entidad: Coatzacoalcos, Minatitl\u00e1n, Boca del R\u00edo, Veracruz, C\u00f3rdoba, Orizaba, Poza Rica, Tuxpan, Xalapa.<br>Rosa Mar\u00eda Hern\u00e1ndez Espejo y Bertha Ahued Malpica son las id\u00f3neas para conformar cabezas de playa en el corredor tur\u00edstico e industrial m\u00e1s importante en suelo veracruzano: Veracruz y Boca del R\u00edo.<br>Para ello se debe evitar la llegada, hasta ese punto nodal, del tenebroso Ad\u00e1n Augusto L\u00f3pez Hern\u00e1ndez.<br>Roc\u00edo Nahle Garc\u00eda necesita recuperar el par de plazas pintadas hist\u00f3ricamente de azul.<br>Ello, sin descuidar el resto del escenario donde se mueve la estructura referida l\u00edneas atr\u00e1s: la econom\u00eda en sus sectores primario, secundario y terciario; el campo, la industria y los servicios de un Veracruz abandonado durante d\u00e9cadas y hoy v\u00edctima -como ha ocurrido en muchos momentos- de luchas de poder por el poder mismo.<br>CONTINUAR\u00c1\u2026<\/p>\n","protected":false},"excerpt":{"rendered":"<p>S\u00edguenos ahora tambi\u00e9n en WhatsApp.\u00a0Da clic aqu\u00ed Jos\u00e9 Luis Ortega VidalClaroscuros(1)Somos testigos de una divisi\u00f3n de MORENA en el estado de Veracruz que no termina de estallar por el peso pol\u00edtico de la gobernadora Roc\u00edo Nahle y -desde luego- por el poder de Andr\u00e9s Manuel L\u00f3pez Obrador\u2026y Claudia Sheinbaum.El caso m\u00e1s conocido al respecto se [&hellip;]<\/p>\n","protected":false},"author":2,"featured_media":119931,"comment_status":"closed","ping_status":"closed","sticky":false,"template":"","format":"standard","meta":{"tdm_status":"","tdm_grid_status":"","footnotes":""},"categories":[70],"tags":[2769,1026,3578,195],"class_list":{"0":"post-138118","1":"post","2":"type-post","3":"status-publish","4":"format-standard","5":"has-post-thumbnail","7":"category-de-opinion","8":"tag-jose-luis-ortega-vidal","9":"tag-morena","10":"tag-rocio-nahle","11":"tag-veracruz"},"yoast_head":"<!-- This site is optimized with the Yoast SEO plugin v27.4 - https:\/\/yoast.com\/product\/yoast-seo-wordpress\/ -->\n<title>NAHLE VS LOS YUNES - Los pol\u00edticos Veracruz<\/title>\n<meta name=\"robots\" content=\"index, follow, max-snippet:-1, max-image-preview:large, max-video-preview:-1\" \/>\n<link rel=\"canonical\" href=\"https:\/\/lospoliticosveracruz.com\/?p=138118\" \/>\n<meta property=\"og:locale\" content=\"es_ES\" \/>\n<meta property=\"og:type\" content=\"article\" \/>\n<meta property=\"og:title\" content=\"NAHLE VS LOS YUNES - Los pol\u00edticos Veracruz\" \/>\n<meta property=\"og:description\" content=\"S\u00edguenos ahora tambi\u00e9n en WhatsApp.\u00a0Da clic aqu\u00ed Jos\u00e9 Luis Ortega VidalClaroscuros(1)Somos testigos de una divisi\u00f3n de MORENA en el estado de Veracruz que no termina de estallar por el peso pol\u00edtico de la gobernadora Roc\u00edo Nahle y -desde luego- por el poder de Andr\u00e9s Manuel L\u00f3pez Obrador\u2026y Claudia Sheinbaum.El caso m\u00e1s conocido al respecto se [&hellip;]\" \/>\n<meta property=\"og:url\" content=\"https:\/\/lospoliticosveracruz.com\/?p=138118\" \/>\n<meta property=\"og:site_name\" content=\"Los pol\u00edticos Veracruz\" \/>\n<meta property=\"article:publisher\" content=\"https:\/\/www.facebook.com\/people\/Notimemes-de-los-Polticos\/61565672886568\/\" \/>\n<meta property=\"article:published_time\" content=\"2025-02-19T01:51:54+00:00\" \/>\n<meta property=\"article:modified_time\" content=\"2025-02-19T01:52:34+00:00\" \/>\n<meta property=\"og:image\" content=\"https:\/\/lospoliticosveracruz.com\/wp-content\/uploads\/2024\/03\/Jose-Luis-Ortega-Vidal.jpg\" \/>\n\t<meta property=\"og:image:width\" content=\"1250\" \/>\n\t<meta property=\"og:image:height\" content=\"667\" \/>\n\t<meta property=\"og:image:type\" content=\"image\/jpeg\" \/>\n<meta name=\"author\" content=\"Lo viste en Los Pol\u00edticos\" \/>\n<meta name=\"twitter:card\" content=\"summary_large_image\" \/>\n<meta name=\"twitter:creator\" content=\"@LosPoliticosVer\" \/>\n<meta name=\"twitter:site\" content=\"@LosPoliticosVer\" \/>\n<meta name=\"twitter:label1\" content=\"Escrito por\" \/>\n\t<meta name=\"twitter:data1\" content=\"Lo viste en Los Pol\u00edticos\" \/>\n\t<meta name=\"twitter:label2\" content=\"Tiempo de lectura\" \/>\n\t<meta name=\"twitter:data2\" content=\"4 minutos\" \/>\n<script type=\"application\/ld+json\" class=\"yoast-schema-graph\">{\"@context\":\"https:\\\/\\\/schema.org\",\"@graph\":[{\"@type\":\"Article\",\"@id\":\"https:\\\/\\\/lospoliticosveracruz.com\\\/?p=138118#article\",\"isPartOf\":{\"@id\":\"https:\\\/\\\/lospoliticosveracruz.com\\\/?p=138118\"},\"author\":{\"name\":\"Lo viste en Los Pol\u00edticos\",\"@id\":\"https:\\\/\\\/lospoliticosveracruz.com\\\/#\\\/schema\\\/person\\\/b8702bb0e538456e6efd07080bf2a4a2\"},\"headline\":\"NAHLE VS LOS YUNES\",\"datePublished\":\"2025-02-19T01:51:54+00:00\",\"dateModified\":\"2025-02-19T01:52:34+00:00\",\"mainEntityOfPage\":{\"@id\":\"https:\\\/\\\/lospoliticosveracruz.com\\\/?p=138118\"},\"wordCount\":796,\"publisher\":{\"@id\":\"https:\\\/\\\/lospoliticosveracruz.com\\\/#organization\"},\"image\":{\"@id\":\"https:\\\/\\\/lospoliticosveracruz.com\\\/?p=138118#primaryimage\"},\"thumbnailUrl\":\"https:\\\/\\\/lospoliticosveracruz.com\\\/wp-content\\\/uploads\\\/2024\\\/03\\\/Jose-Luis-Ortega-Vidal.jpg\",\"keywords\":[\"Jos\u00e9 Luis Ortega Vidal\",\"Morena\",\"Roc\u00edo Nahle\",\"Veracruz\"],\"articleSection\":[\"De Opini\u00f3n\"],\"inLanguage\":\"es\"},{\"@type\":\"WebPage\",\"@id\":\"https:\\\/\\\/lospoliticosveracruz.com\\\/?p=138118\",\"url\":\"https:\\\/\\\/lospoliticosveracruz.com\\\/?p=138118\",\"name\":\"NAHLE VS LOS YUNES - Los pol\u00edticos Veracruz\",\"isPartOf\":{\"@id\":\"https:\\\/\\\/lospoliticosveracruz.com\\\/#website\"},\"primaryImageOfPage\":{\"@id\":\"https:\\\/\\\/lospoliticosveracruz.com\\\/?p=138118#primaryimage\"},\"image\":{\"@id\":\"https:\\\/\\\/lospoliticosveracruz.com\\\/?p=138118#primaryimage\"},\"thumbnailUrl\":\"https:\\\/\\\/lospoliticosveracruz.com\\\/wp-content\\\/uploads\\\/2024\\\/03\\\/Jose-Luis-Ortega-Vidal.jpg\",\"datePublished\":\"2025-02-19T01:51:54+00:00\",\"dateModified\":\"2025-02-19T01:52:34+00:00\",\"breadcrumb\":{\"@id\":\"https:\\\/\\\/lospoliticosveracruz.com\\\/?p=138118#breadcrumb\"},\"inLanguage\":\"es\",\"potentialAction\":[{\"@type\":\"ReadAction\",\"target\":[\"https:\\\/\\\/lospoliticosveracruz.com\\\/?p=138118\"]}]},{\"@type\":\"ImageObject\",\"inLanguage\":\"es\",\"@id\":\"https:\\\/\\\/lospoliticosveracruz.com\\\/?p=138118#primaryimage\",\"url\":\"https:\\\/\\\/lospoliticosveracruz.com\\\/wp-content\\\/uploads\\\/2024\\\/03\\\/Jose-Luis-Ortega-Vidal.jpg\",\"contentUrl\":\"https:\\\/\\\/lospoliticosveracruz.com\\\/wp-content\\\/uploads\\\/2024\\\/03\\\/Jose-Luis-Ortega-Vidal.jpg\",\"width\":1250,\"height\":667},{\"@type\":\"BreadcrumbList\",\"@id\":\"https:\\\/\\\/lospoliticosveracruz.com\\\/?p=138118#breadcrumb\",\"itemListElement\":[{\"@type\":\"ListItem\",\"position\":1,\"name\":\"Portada\",\"item\":\"https:\\\/\\\/lospoliticosveracruz.com\\\/\"},{\"@type\":\"ListItem\",\"position\":2,\"name\":\"NAHLE VS LOS YUNES\"}]},{\"@type\":\"WebSite\",\"@id\":\"https:\\\/\\\/lospoliticosveracruz.com\\\/#website\",\"url\":\"https:\\\/\\\/lospoliticosveracruz.com\\\/\",\"name\":\"Los pol\u00edticos Veracruz\",\"description\":\"\",\"publisher\":{\"@id\":\"https:\\\/\\\/lospoliticosveracruz.com\\\/#organization\"},\"potentialAction\":[{\"@type\":\"SearchAction\",\"target\":{\"@type\":\"EntryPoint\",\"urlTemplate\":\"https:\\\/\\\/lospoliticosveracruz.com\\\/?s={search_term_string}\"},\"query-input\":{\"@type\":\"PropertyValueSpecification\",\"valueRequired\":true,\"valueName\":\"search_term_string\"}}],\"inLanguage\":\"es\"},{\"@type\":\"Organization\",\"@id\":\"https:\\\/\\\/lospoliticosveracruz.com\\\/#organization\",\"name\":\"Los pol\u00edticos Veracruz\",\"url\":\"https:\\\/\\\/lospoliticosveracruz.com\\\/\",\"logo\":{\"@type\":\"ImageObject\",\"inLanguage\":\"es\",\"@id\":\"https:\\\/\\\/lospoliticosveracruz.com\\\/#\\\/schema\\\/logo\\\/image\\\/\",\"url\":\"https:\\\/\\\/lospoliticosveracruz.com\\\/wp-content\\\/uploads\\\/2025\\\/12\\\/Logo-Nuevo-LOS-POLITICOS-1.jpg\",\"contentUrl\":\"https:\\\/\\\/lospoliticosveracruz.com\\\/wp-content\\\/uploads\\\/2025\\\/12\\\/Logo-Nuevo-LOS-POLITICOS-1.jpg\",\"width\":260,\"height\":70,\"caption\":\"Los pol\u00edticos Veracruz\"},\"image\":{\"@id\":\"https:\\\/\\\/lospoliticosveracruz.com\\\/#\\\/schema\\\/logo\\\/image\\\/\"},\"sameAs\":[\"https:\\\/\\\/www.facebook.com\\\/people\\\/Notimemes-de-los-Polticos\\\/61565672886568\\\/\",\"https:\\\/\\\/x.com\\\/LosPoliticosVer\"]},{\"@type\":\"Person\",\"@id\":\"https:\\\/\\\/lospoliticosveracruz.com\\\/#\\\/schema\\\/person\\\/b8702bb0e538456e6efd07080bf2a4a2\",\"name\":\"Lo viste en Los Pol\u00edticos\",\"image\":{\"@type\":\"ImageObject\",\"inLanguage\":\"es\",\"@id\":\"https:\\\/\\\/secure.gravatar.com\\\/avatar\\\/3a8de04a2656d44082be478bd6c086daa447c4651605818287b9532d3d0bd435?s=96&d=mm&r=g\",\"url\":\"https:\\\/\\\/secure.gravatar.com\\\/avatar\\\/3a8de04a2656d44082be478bd6c086daa447c4651605818287b9532d3d0bd435?s=96&d=mm&r=g\",\"contentUrl\":\"https:\\\/\\\/secure.gravatar.com\\\/avatar\\\/3a8de04a2656d44082be478bd6c086daa447c4651605818287b9532d3d0bd435?s=96&d=mm&r=g\",\"caption\":\"Lo viste en Los Pol\u00edticos\"},\"url\":\"https:\\\/\\\/lospoliticosveracruz.com\\\/?author=2\"}]}<\/script>\n<!-- \/ Yoast SEO plugin. -->","yoast_head_json":{"title":"NAHLE VS LOS YUNES - Los pol\u00edticos Veracruz","robots":{"index":"index","follow":"follow","max-snippet":"max-snippet:-1","max-image-preview":"max-image-preview:large","max-video-preview":"max-video-preview:-1"},"canonical":"https:\/\/lospoliticosveracruz.com\/?p=138118","og_locale":"es_ES","og_type":"article","og_title":"NAHLE VS LOS YUNES - Los pol\u00edticos Veracruz","og_description":"S\u00edguenos ahora tambi\u00e9n en WhatsApp.\u00a0Da clic aqu\u00ed Jos\u00e9 Luis Ortega VidalClaroscuros(1)Somos testigos de una divisi\u00f3n de MORENA en el estado de Veracruz que no termina de estallar por el peso pol\u00edtico de la gobernadora Roc\u00edo Nahle y -desde luego- por el poder de Andr\u00e9s Manuel L\u00f3pez Obrador\u2026y Claudia Sheinbaum.El caso m\u00e1s conocido al respecto se [&hellip;]","og_url":"https:\/\/lospoliticosveracruz.com\/?p=138118","og_site_name":"Los pol\u00edticos Veracruz","article_publisher":"https:\/\/www.facebook.com\/people\/Notimemes-de-los-Polticos\/61565672886568\/","article_published_time":"2025-02-19T01:51:54+00:00","article_modified_time":"2025-02-19T01:52:34+00:00","og_image":[{"width":1250,"height":667,"url":"https:\/\/lospoliticosveracruz.com\/wp-content\/uploads\/2024\/03\/Jose-Luis-Ortega-Vidal.jpg","type":"image\/jpeg"}],"author":"Lo viste en Los Pol\u00edticos","twitter_card":"summary_large_image","twitter_creator":"@LosPoliticosVer","twitter_site":"@LosPoliticosVer","twitter_misc":{"Escrito por":"Lo viste en Los Pol\u00edticos","Tiempo de lectura":"4 minutos"},"schema":{"@context":"https:\/\/schema.org","@graph":[{"@type":"Article","@id":"https:\/\/lospoliticosveracruz.com\/?p=138118#article","isPartOf":{"@id":"https:\/\/lospoliticosveracruz.com\/?p=138118"},"author":{"name":"Lo viste en Los Pol\u00edticos","@id":"https:\/\/lospoliticosveracruz.com\/#\/schema\/person\/b8702bb0e538456e6efd07080bf2a4a2"},"headline":"NAHLE VS LOS YUNES","datePublished":"2025-02-19T01:51:54+00:00","dateModified":"2025-02-19T01:52:34+00:00","mainEntityOfPage":{"@id":"https:\/\/lospoliticosveracruz.com\/?p=138118"},"wordCount":796,"publisher":{"@id":"https:\/\/lospoliticosveracruz.com\/#organization"},"image":{"@id":"https:\/\/lospoliticosveracruz.com\/?p=138118#primaryimage"},"thumbnailUrl":"https:\/\/lospoliticosveracruz.com\/wp-content\/uploads\/2024\/03\/Jose-Luis-Ortega-Vidal.jpg","keywords":["Jos\u00e9 Luis Ortega Vidal","Morena","Roc\u00edo Nahle","Veracruz"],"articleSection":["De Opini\u00f3n"],"inLanguage":"es"},{"@type":"WebPage","@id":"https:\/\/lospoliticosveracruz.com\/?p=138118","url":"https:\/\/lospoliticosveracruz.com\/?p=138118","name":"NAHLE VS LOS YUNES - Los pol\u00edticos Veracruz","isPartOf":{"@id":"https:\/\/lospoliticosveracruz.com\/#website"},"primaryImageOfPage":{"@id":"https:\/\/lospoliticosveracruz.com\/?p=138118#primaryimage"},"image":{"@id":"https:\/\/lospoliticosveracruz.com\/?p=138118#primaryimage"},"thumbnailUrl":"https:\/\/lospoliticosveracruz.com\/wp-content\/uploads\/2024\/03\/Jose-Luis-Ortega-Vidal.jpg","datePublished":"2025-02-19T01:51:54+00:00","dateModified":"2025-02-19T01:52:34+00:00","breadcrumb":{"@id":"https:\/\/lospoliticosveracruz.com\/?p=138118#breadcrumb"},"inLanguage":"es","potentialAction":[{"@type":"ReadAction","target":["https:\/\/lospoliticosveracruz.com\/?p=138118"]}]},{"@type":"ImageObject","inLanguage":"es","@id":"https:\/\/lospoliticosveracruz.com\/?p=138118#primaryimage","url":"https:\/\/lospoliticosveracruz.com\/wp-content\/uploads\/2024\/03\/Jose-Luis-Ortega-Vidal.jpg","contentUrl":"https:\/\/lospoliticosveracruz.com\/wp-content\/uploads\/2024\/03\/Jose-Luis-Ortega-Vidal.jpg","width":1250,"height":667},{"@type":"BreadcrumbList","@id":"https:\/\/lospoliticosveracruz.com\/?p=138118#breadcrumb","itemListElement":[{"@type":"ListItem","position":1,"name":"Portada","item":"https:\/\/lospoliticosveracruz.com\/"},{"@type":"ListItem","position":2,"name":"NAHLE VS LOS YUNES"}]},{"@type":"WebSite","@id":"https:\/\/lospoliticosveracruz.com\/#website","url":"https:\/\/lospoliticosveracruz.com\/","name":"Los pol\u00edticos Veracruz","description":"","publisher":{"@id":"https:\/\/lospoliticosveracruz.com\/#organization"},"potentialAction":[{"@type":"SearchAction","target":{"@type":"EntryPoint","urlTemplate":"https:\/\/lospoliticosveracruz.com\/?s={search_term_string}"},"query-input":{"@type":"PropertyValueSpecification","valueRequired":true,"valueName":"search_term_string"}}],"inLanguage":"es"},{"@type":"Organization","@id":"https:\/\/lospoliticosveracruz.com\/#organization","name":"Los pol\u00edticos Veracruz","url":"https:\/\/lospoliticosveracruz.com\/","logo":{"@type":"ImageObject","inLanguage":"es","@id":"https:\/\/lospoliticosveracruz.com\/#\/schema\/logo\/image\/","url":"https:\/\/lospoliticosveracruz.com\/wp-content\/uploads\/2025\/12\/Logo-Nuevo-LOS-POLITICOS-1.jpg","contentUrl":"https:\/\/lospoliticosveracruz.com\/wp-content\/uploads\/2025\/12\/Logo-Nuevo-LOS-POLITICOS-1.jpg","width":260,"height":70,"caption":"Los pol\u00edticos Veracruz"},"image":{"@id":"https:\/\/lospoliticosveracruz.com\/#\/schema\/logo\/image\/"},"sameAs":["https:\/\/www.facebook.com\/people\/Notimemes-de-los-Polticos\/61565672886568\/","https:\/\/x.com\/LosPoliticosVer"]},{"@type":"Person","@id":"https:\/\/lospoliticosveracruz.com\/#\/schema\/person\/b8702bb0e538456e6efd07080bf2a4a2","name":"Lo viste en Los Pol\u00edticos","image":{"@type":"ImageObject","inLanguage":"es","@id":"https:\/\/secure.gravatar.com\/avatar\/3a8de04a2656d44082be478bd6c086daa447c4651605818287b9532d3d0bd435?s=96&d=mm&r=g","url":"https:\/\/secure.gravatar.com\/avatar\/3a8de04a2656d44082be478bd6c086daa447c4651605818287b9532d3d0bd435?s=96&d=mm&r=g","contentUrl":"https:\/\/secure.gravatar.com\/avatar\/3a8de04a2656d44082be478bd6c086daa447c4651605818287b9532d3d0bd435?s=96&d=mm&r=g","caption":"Lo viste en Los Pol\u00edticos"},"url":"https:\/\/lospoliticosveracruz.com\/?author=2"}]}},"_links":{"self":[{"href":"https:\/\/lospoliticosveracruz.com\/index.php?rest_route=\/wp\/v2\/posts\/138118","targetHints":{"allow":["GET"]}}],"collection":[{"href":"https:\/\/lospoliticosveracruz.com\/index.php?rest_route=\/wp\/v2\/posts"}],"about":[{"href":"https:\/\/lospoliticosveracruz.com\/index.php?rest_route=\/wp\/v2\/types\/post"}],"author":[{"embeddable":true,"href":"https:\/\/lospoliticosveracruz.com\/index.php?rest_route=\/wp\/v2\/users\/2"}],"replies":[{"embeddable":true,"href":"https:\/\/lospoliticosveracruz.com\/index.php?rest_route=%2Fwp%2Fv2%2Fcomments&post=138118"}],"version-history":[{"count":1,"href":"https:\/\/lospoliticosveracruz.com\/index.php?rest_route=\/wp\/v2\/posts\/138118\/revisions"}],"predecessor-version":[{"id":138120,"href":"https:\/\/lospoliticosveracruz.com\/index.php?rest_route=\/wp\/v2\/posts\/138118\/revisions\/138120"}],"wp:featuredmedia":[{"embeddable":true,"href":"https:\/\/lospoliticosveracruz.com\/index.php?rest_route=\/wp\/v2\/media\/119931"}],"wp:attachment":[{"href":"https:\/\/lospoliticosveracruz.com\/index.php?rest_route=%2Fwp%2Fv2%2Fmedia&parent=138118"}],"wp:term":[{"taxonomy":"category","embeddable":true,"href":"https:\/\/lospoliticosveracruz.com\/index.php?rest_route=%2Fwp%2Fv2%2Fcategories&post=138118"},{"taxonomy":"post_tag","embeddable":true,"href":"https:\/\/lospoliticosveracruz.com\/index.php?rest_route=%2Fwp%2Fv2%2Ftags&post=138118"}],"curies":[{"name":"wp","href":"https:\/\/api.w.org\/{rel}","templated":true}]}}