{"id":138241,"date":"2025-02-20T08:12:28","date_gmt":"2025-02-20T14:12:28","guid":{"rendered":"https:\/\/lospoliticosveracruz.com.mx\/?p=138241"},"modified":"2025-02-20T08:13:12","modified_gmt":"2025-02-20T14:13:12","slug":"trump-nos-copia","status":"publish","type":"post","link":"https:\/\/lospoliticosveracruz.com\/?p=138241","title":{"rendered":"TRUMP NOS COPIA"},"content":{"rendered":"\n<p><br><br>[S\u00edguenos ahora tambi\u00e9n en WhatsApp.\u00a0<a href=\"https:\/\/whatsapp.com\/channel\/0029Va8zRWlEKyZIP3Z1dF0e\"><strong><em>Da clic aqu\u00ed<\/em><\/strong><\/a>]\u00a0<br><strong>Fanny Y\u00e9pez<\/strong><br><em>La Columna<\/em><\/p>\n\n\n\n<p>Es un mensaje alentador en las relaciones bilaterales M\u00e9xico EEUU, que el presidente de Estados Unidos, Donald Trump, anunciara el lanzamiento de nuevas campa\u00f1as publicitarias para prevenir el consumo de drogas, inspiradas en las estrategias implementadas en M\u00e9xico. La decisi\u00f3n surgi\u00f3 tras una conversaci\u00f3n con su hom\u00f3loga mexicana, Claudia Sheinbaum, a quien elogi\u00f3 como una mujer \u201cmaravillosa\u201d durante su intervenci\u00f3n en una cumbre de inversi\u00f3n en Miami.<br>Trump, conocido por su postura firme contra la migraci\u00f3n ilegal y el tr\u00e1fico de fentanilo, revel\u00f3 detalles del intercambio que mantuvo con Sheinbaum. Durante la charla, el republicano expres\u00f3 su sorpresa al saber que M\u00e9xico no enfrenta un alto consumo de drogas como Estados Unidos.<br>Recordamos que el 7 de enero de este a\u00f1o, la Presidenta Claudia Sheinbaum Pardo presenta campa\u00f1a preventiva, nacional y permanente \u00abAl\u00e9jate de las drogas. El fentanilo te mata\u00bb<br>Se compone de dos pilares: Preventivo, a trav\u00e9s de la SEP y de la Secretar\u00eda de Cultura; as\u00ed como de Atenci\u00f3n, por parte del Sector Salud.<br>En la conferencia ma\u00f1anera, Claudia Sheinbaum explico que \u201cesta campa\u00f1a tiene el objetivo de evitar el consumo (\u2026) A nosotros nos corresponde, s\u00ed, combatir lo que tiene que ver con lo ilegal, pero tambi\u00e9n informar y educar. Primero, nos van a ayudar a medir los impactos de la campa\u00f1a. Y, segundo, va a las escuelas. O sea, la idea es que los maestros, padres y madres de familia tengan informaci\u00f3n, sepan cu\u00e1l es la conducta que cambia con un hijo o una hija, y si se est\u00e1 acercando o no a las drogas, o pudo haber probado alguna droga; que haya comunicaci\u00f3n en la familia y sobre todo a los j\u00f3venes\u201d, destac\u00f3.<br>Reconoci\u00f3 que en M\u00e9xico no existe un problema de consumo de fentanilo, como lo hay en Estados Unidos, \u2014donde este opioide sint\u00e9tico causa alrededor de 100 mil muertes al a\u00f1o\u2014, dado los valores de la sociedad, el cuidado entre familias y la campa\u00f1a contra esta droga, que ahora se retoma con mayor fuerza.<br>Sin embargo, el consumo de metanfetaminas se ha convertido en un problema de salud p\u00fablica, esto se debe principalmente al crecimiento exponencial que ha tenido en los \u00faltimos a\u00f1os. Entre el 2017 y 2022 creci\u00f3 en 218% y los j\u00f3venes son los principales consumidores; el pico est\u00e1 en la poblaci\u00f3n de 15 a\u00f1os, justamente durante la adolescencia, por lo que ha sido considerado el principal problema de atenci\u00f3n de la poblaci\u00f3n recomendado por Naciones Unidas y la Organizaci\u00f3n Mundial de la Salud.<br>En el caso del estado de Veracruz, el uso de cualquier droga \u201calguna vez en la vida\u201d se identifica por debajo de la media nacional; 9.2% en el estado, (hombres 15.0% y 3.9% mujeres).<br>\u00bfCu\u00e1les son las estad\u00edsticas del consumo de drogas en M\u00e9xico?<br>La edad de inicio en el consumo de drogas fue de 13 a\u00f1os, edad similar entre hombres y mujeres (13 a\u00f1os cada uno respectivamente). La prevalencia anual de cualquier droga es de 12.2% (13.2% en hombres y 11.2% en mujeres), en secundaria es de 8.9% y para bachillerato el porcentaje se incrementa a 17.6%.<br>Puntos fundamentales para la prevenci\u00f3n del consumo en adolescentes<br>Fomentar la autoestima. \u2026<br>Mantener una buena comunicaci\u00f3n. \u2026<br>Estimular que tengan una conducta responsable. \u2026<br>Conocer las actividades que realiza tu hijo y fomentar actividades de ocio. \u2026<br>Hablar sobre las drogas.<br>En el a\u00f1o 2022, en el pa\u00eds se registraron 3288 muertes relacionadas directamente con el consumo de sustancias psicoactivas, que representan una tasa de 2.6 por cada cien mil habitantes.<br>\u00bfCu\u00e1l es la droga m\u00e1s consumida en 2024?<br>La Secretar\u00eda de Salud detalla en su informe sobre la situaci\u00f3n mental y el consumo de sustancias en M\u00e9xico 2024 que, en la \u00faltima d\u00e9cada, comprendida entre 2013 y 2023, el consumo de las sustancias psicoactivas que mayor tratamiento han demandado al sector salud son los Estimulantes de Tipo Anfetam\u00ednico (ETA.<br>La prevenci\u00f3n para no caer en la adicci\u00f3n<br>Concienciaci\u00f3n sobre los riesgos de las drogas. \u2026<br>Disponer de herramientas emocionales. \u2026<br>Vivir y convivir dentro de un buen ambiente. \u2026<br>Promover la comunicaci\u00f3n asertiva. \u2026<br>Tener h\u00e1bitos de vida saludables. \u2026<br>Identificar se\u00f1ales de alarma. \u2026<br>Ser un buen ejemplo.<\/p>\n","protected":false},"excerpt":{"rendered":"<p>[S\u00edguenos ahora tambi\u00e9n en WhatsApp.\u00a0Da clic aqu\u00ed]\u00a0Fanny Y\u00e9pezLa Columna Es un mensaje alentador en las relaciones bilaterales M\u00e9xico EEUU, que el presidente de Estados Unidos, Donald Trump, anunciara el lanzamiento de nuevas campa\u00f1as publicitarias para prevenir el consumo de drogas, inspiradas en las estrategias implementadas en M\u00e9xico. La decisi\u00f3n surgi\u00f3 tras una conversaci\u00f3n con su [&hellip;]<\/p>\n","protected":false},"author":2,"featured_media":126076,"comment_status":"closed","ping_status":"closed","sticky":false,"template":"","format":"standard","meta":{"tdm_status":"","tdm_grid_status":"","footnotes":""},"categories":[70],"tags":[9627,2846,1026,195],"class_list":{"0":"post-138241","1":"post","2":"type-post","3":"status-publish","4":"format-standard","5":"has-post-thumbnail","7":"category-de-opinion","8":"tag-claudia-sheinbaum","9":"tag-donald-trump","10":"tag-morena","11":"tag-veracruz"},"yoast_head":"<!-- This site is optimized with the Yoast SEO plugin v27.4 - https:\/\/yoast.com\/product\/yoast-seo-wordpress\/ -->\n<title>TRUMP NOS COPIA - Los pol\u00edticos Veracruz<\/title>\n<meta name=\"robots\" content=\"index, follow, max-snippet:-1, max-image-preview:large, max-video-preview:-1\" \/>\n<link rel=\"canonical\" href=\"https:\/\/lospoliticosveracruz.com\/?p=138241\" \/>\n<meta property=\"og:locale\" content=\"es_ES\" \/>\n<meta property=\"og:type\" content=\"article\" \/>\n<meta property=\"og:title\" content=\"TRUMP NOS COPIA - Los pol\u00edticos Veracruz\" \/>\n<meta property=\"og:description\" content=\"[S\u00edguenos ahora tambi\u00e9n en WhatsApp.\u00a0Da clic aqu\u00ed]\u00a0Fanny Y\u00e9pezLa Columna Es un mensaje alentador en las relaciones bilaterales M\u00e9xico EEUU, que el presidente de Estados Unidos, Donald Trump, anunciara el lanzamiento de nuevas campa\u00f1as publicitarias para prevenir el consumo de drogas, inspiradas en las estrategias implementadas en M\u00e9xico. La decisi\u00f3n surgi\u00f3 tras una conversaci\u00f3n con su [&hellip;]\" \/>\n<meta property=\"og:url\" content=\"https:\/\/lospoliticosveracruz.com\/?p=138241\" \/>\n<meta property=\"og:site_name\" content=\"Los pol\u00edticos Veracruz\" \/>\n<meta property=\"article:publisher\" content=\"https:\/\/www.facebook.com\/people\/Notimemes-de-los-Polticos\/61565672886568\/\" \/>\n<meta property=\"article:published_time\" content=\"2025-02-20T14:12:28+00:00\" \/>\n<meta property=\"article:modified_time\" content=\"2025-02-20T14:13:12+00:00\" \/>\n<meta property=\"og:image\" content=\"https:\/\/lospoliticosveracruz.com\/wp-content\/uploads\/2024\/06\/Fanny-Yepez.jpg\" \/>\n\t<meta property=\"og:image:width\" content=\"1250\" \/>\n\t<meta property=\"og:image:height\" content=\"667\" \/>\n\t<meta property=\"og:image:type\" content=\"image\/jpeg\" \/>\n<meta name=\"author\" content=\"Lo viste en Los Pol\u00edticos\" \/>\n<meta name=\"twitter:card\" content=\"summary_large_image\" \/>\n<meta name=\"twitter:creator\" content=\"@LosPoliticosVer\" \/>\n<meta name=\"twitter:site\" content=\"@LosPoliticosVer\" \/>\n<meta name=\"twitter:label1\" content=\"Escrito por\" \/>\n\t<meta name=\"twitter:data1\" content=\"Lo viste en Los Pol\u00edticos\" \/>\n\t<meta name=\"twitter:label2\" content=\"Tiempo de lectura\" \/>\n\t<meta name=\"twitter:data2\" content=\"4 minutos\" \/>\n<script type=\"application\/ld+json\" class=\"yoast-schema-graph\">{\"@context\":\"https:\\\/\\\/schema.org\",\"@graph\":[{\"@type\":\"Article\",\"@id\":\"https:\\\/\\\/lospoliticosveracruz.com\\\/?p=138241#article\",\"isPartOf\":{\"@id\":\"https:\\\/\\\/lospoliticosveracruz.com\\\/?p=138241\"},\"author\":{\"name\":\"Lo viste en Los Pol\u00edticos\",\"@id\":\"https:\\\/\\\/lospoliticosveracruz.com\\\/#\\\/schema\\\/person\\\/b8702bb0e538456e6efd07080bf2a4a2\"},\"headline\":\"TRUMP NOS COPIA\",\"datePublished\":\"2025-02-20T14:12:28+00:00\",\"dateModified\":\"2025-02-20T14:13:12+00:00\",\"mainEntityOfPage\":{\"@id\":\"https:\\\/\\\/lospoliticosveracruz.com\\\/?p=138241\"},\"wordCount\":733,\"publisher\":{\"@id\":\"https:\\\/\\\/lospoliticosveracruz.com\\\/#organization\"},\"image\":{\"@id\":\"https:\\\/\\\/lospoliticosveracruz.com\\\/?p=138241#primaryimage\"},\"thumbnailUrl\":\"https:\\\/\\\/lospoliticosveracruz.com\\\/wp-content\\\/uploads\\\/2024\\\/06\\\/Fanny-Yepez.jpg\",\"keywords\":[\"Claudia Sheinbaum\",\"Donald Trump\",\"Morena\",\"Veracruz\"],\"articleSection\":[\"De Opini\u00f3n\"],\"inLanguage\":\"es\"},{\"@type\":\"WebPage\",\"@id\":\"https:\\\/\\\/lospoliticosveracruz.com\\\/?p=138241\",\"url\":\"https:\\\/\\\/lospoliticosveracruz.com\\\/?p=138241\",\"name\":\"TRUMP NOS COPIA - Los pol\u00edticos Veracruz\",\"isPartOf\":{\"@id\":\"https:\\\/\\\/lospoliticosveracruz.com\\\/#website\"},\"primaryImageOfPage\":{\"@id\":\"https:\\\/\\\/lospoliticosveracruz.com\\\/?p=138241#primaryimage\"},\"image\":{\"@id\":\"https:\\\/\\\/lospoliticosveracruz.com\\\/?p=138241#primaryimage\"},\"thumbnailUrl\":\"https:\\\/\\\/lospoliticosveracruz.com\\\/wp-content\\\/uploads\\\/2024\\\/06\\\/Fanny-Yepez.jpg\",\"datePublished\":\"2025-02-20T14:12:28+00:00\",\"dateModified\":\"2025-02-20T14:13:12+00:00\",\"breadcrumb\":{\"@id\":\"https:\\\/\\\/lospoliticosveracruz.com\\\/?p=138241#breadcrumb\"},\"inLanguage\":\"es\",\"potentialAction\":[{\"@type\":\"ReadAction\",\"target\":[\"https:\\\/\\\/lospoliticosveracruz.com\\\/?p=138241\"]}]},{\"@type\":\"ImageObject\",\"inLanguage\":\"es\",\"@id\":\"https:\\\/\\\/lospoliticosveracruz.com\\\/?p=138241#primaryimage\",\"url\":\"https:\\\/\\\/lospoliticosveracruz.com\\\/wp-content\\\/uploads\\\/2024\\\/06\\\/Fanny-Yepez.jpg\",\"contentUrl\":\"https:\\\/\\\/lospoliticosveracruz.com\\\/wp-content\\\/uploads\\\/2024\\\/06\\\/Fanny-Yepez.jpg\",\"width\":1250,\"height\":667},{\"@type\":\"BreadcrumbList\",\"@id\":\"https:\\\/\\\/lospoliticosveracruz.com\\\/?p=138241#breadcrumb\",\"itemListElement\":[{\"@type\":\"ListItem\",\"position\":1,\"name\":\"Portada\",\"item\":\"https:\\\/\\\/lospoliticosveracruz.com\\\/\"},{\"@type\":\"ListItem\",\"position\":2,\"name\":\"TRUMP NOS COPIA\"}]},{\"@type\":\"WebSite\",\"@id\":\"https:\\\/\\\/lospoliticosveracruz.com\\\/#website\",\"url\":\"https:\\\/\\\/lospoliticosveracruz.com\\\/\",\"name\":\"Los pol\u00edticos Veracruz\",\"description\":\"\",\"publisher\":{\"@id\":\"https:\\\/\\\/lospoliticosveracruz.com\\\/#organization\"},\"potentialAction\":[{\"@type\":\"SearchAction\",\"target\":{\"@type\":\"EntryPoint\",\"urlTemplate\":\"https:\\\/\\\/lospoliticosveracruz.com\\\/?s={search_term_string}\"},\"query-input\":{\"@type\":\"PropertyValueSpecification\",\"valueRequired\":true,\"valueName\":\"search_term_string\"}}],\"inLanguage\":\"es\"},{\"@type\":\"Organization\",\"@id\":\"https:\\\/\\\/lospoliticosveracruz.com\\\/#organization\",\"name\":\"Los pol\u00edticos Veracruz\",\"url\":\"https:\\\/\\\/lospoliticosveracruz.com\\\/\",\"logo\":{\"@type\":\"ImageObject\",\"inLanguage\":\"es\",\"@id\":\"https:\\\/\\\/lospoliticosveracruz.com\\\/#\\\/schema\\\/logo\\\/image\\\/\",\"url\":\"https:\\\/\\\/lospoliticosveracruz.com\\\/wp-content\\\/uploads\\\/2025\\\/12\\\/Logo-Nuevo-LOS-POLITICOS-1.jpg\",\"contentUrl\":\"https:\\\/\\\/lospoliticosveracruz.com\\\/wp-content\\\/uploads\\\/2025\\\/12\\\/Logo-Nuevo-LOS-POLITICOS-1.jpg\",\"width\":260,\"height\":70,\"caption\":\"Los pol\u00edticos Veracruz\"},\"image\":{\"@id\":\"https:\\\/\\\/lospoliticosveracruz.com\\\/#\\\/schema\\\/logo\\\/image\\\/\"},\"sameAs\":[\"https:\\\/\\\/www.facebook.com\\\/people\\\/Notimemes-de-los-Polticos\\\/61565672886568\\\/\",\"https:\\\/\\\/x.com\\\/LosPoliticosVer\"]},{\"@type\":\"Person\",\"@id\":\"https:\\\/\\\/lospoliticosveracruz.com\\\/#\\\/schema\\\/person\\\/b8702bb0e538456e6efd07080bf2a4a2\",\"name\":\"Lo viste en Los Pol\u00edticos\",\"image\":{\"@type\":\"ImageObject\",\"inLanguage\":\"es\",\"@id\":\"https:\\\/\\\/secure.gravatar.com\\\/avatar\\\/3a8de04a2656d44082be478bd6c086daa447c4651605818287b9532d3d0bd435?s=96&d=mm&r=g\",\"url\":\"https:\\\/\\\/secure.gravatar.com\\\/avatar\\\/3a8de04a2656d44082be478bd6c086daa447c4651605818287b9532d3d0bd435?s=96&d=mm&r=g\",\"contentUrl\":\"https:\\\/\\\/secure.gravatar.com\\\/avatar\\\/3a8de04a2656d44082be478bd6c086daa447c4651605818287b9532d3d0bd435?s=96&d=mm&r=g\",\"caption\":\"Lo viste en Los Pol\u00edticos\"},\"url\":\"https:\\\/\\\/lospoliticosveracruz.com\\\/?author=2\"}]}<\/script>\n<!-- \/ Yoast SEO plugin. -->","yoast_head_json":{"title":"TRUMP NOS COPIA - Los pol\u00edticos Veracruz","robots":{"index":"index","follow":"follow","max-snippet":"max-snippet:-1","max-image-preview":"max-image-preview:large","max-video-preview":"max-video-preview:-1"},"canonical":"https:\/\/lospoliticosveracruz.com\/?p=138241","og_locale":"es_ES","og_type":"article","og_title":"TRUMP NOS COPIA - Los pol\u00edticos Veracruz","og_description":"[S\u00edguenos ahora tambi\u00e9n en WhatsApp.\u00a0Da clic aqu\u00ed]\u00a0Fanny Y\u00e9pezLa Columna Es un mensaje alentador en las relaciones bilaterales M\u00e9xico EEUU, que el presidente de Estados Unidos, Donald Trump, anunciara el lanzamiento de nuevas campa\u00f1as publicitarias para prevenir el consumo de drogas, inspiradas en las estrategias implementadas en M\u00e9xico. La decisi\u00f3n surgi\u00f3 tras una conversaci\u00f3n con su [&hellip;]","og_url":"https:\/\/lospoliticosveracruz.com\/?p=138241","og_site_name":"Los pol\u00edticos Veracruz","article_publisher":"https:\/\/www.facebook.com\/people\/Notimemes-de-los-Polticos\/61565672886568\/","article_published_time":"2025-02-20T14:12:28+00:00","article_modified_time":"2025-02-20T14:13:12+00:00","og_image":[{"width":1250,"height":667,"url":"https:\/\/lospoliticosveracruz.com\/wp-content\/uploads\/2024\/06\/Fanny-Yepez.jpg","type":"image\/jpeg"}],"author":"Lo viste en Los Pol\u00edticos","twitter_card":"summary_large_image","twitter_creator":"@LosPoliticosVer","twitter_site":"@LosPoliticosVer","twitter_misc":{"Escrito por":"Lo viste en Los Pol\u00edticos","Tiempo de lectura":"4 minutos"},"schema":{"@context":"https:\/\/schema.org","@graph":[{"@type":"Article","@id":"https:\/\/lospoliticosveracruz.com\/?p=138241#article","isPartOf":{"@id":"https:\/\/lospoliticosveracruz.com\/?p=138241"},"author":{"name":"Lo viste en Los Pol\u00edticos","@id":"https:\/\/lospoliticosveracruz.com\/#\/schema\/person\/b8702bb0e538456e6efd07080bf2a4a2"},"headline":"TRUMP NOS COPIA","datePublished":"2025-02-20T14:12:28+00:00","dateModified":"2025-02-20T14:13:12+00:00","mainEntityOfPage":{"@id":"https:\/\/lospoliticosveracruz.com\/?p=138241"},"wordCount":733,"publisher":{"@id":"https:\/\/lospoliticosveracruz.com\/#organization"},"image":{"@id":"https:\/\/lospoliticosveracruz.com\/?p=138241#primaryimage"},"thumbnailUrl":"https:\/\/lospoliticosveracruz.com\/wp-content\/uploads\/2024\/06\/Fanny-Yepez.jpg","keywords":["Claudia Sheinbaum","Donald Trump","Morena","Veracruz"],"articleSection":["De Opini\u00f3n"],"inLanguage":"es"},{"@type":"WebPage","@id":"https:\/\/lospoliticosveracruz.com\/?p=138241","url":"https:\/\/lospoliticosveracruz.com\/?p=138241","name":"TRUMP NOS COPIA - Los pol\u00edticos Veracruz","isPartOf":{"@id":"https:\/\/lospoliticosveracruz.com\/#website"},"primaryImageOfPage":{"@id":"https:\/\/lospoliticosveracruz.com\/?p=138241#primaryimage"},"image":{"@id":"https:\/\/lospoliticosveracruz.com\/?p=138241#primaryimage"},"thumbnailUrl":"https:\/\/lospoliticosveracruz.com\/wp-content\/uploads\/2024\/06\/Fanny-Yepez.jpg","datePublished":"2025-02-20T14:12:28+00:00","dateModified":"2025-02-20T14:13:12+00:00","breadcrumb":{"@id":"https:\/\/lospoliticosveracruz.com\/?p=138241#breadcrumb"},"inLanguage":"es","potentialAction":[{"@type":"ReadAction","target":["https:\/\/lospoliticosveracruz.com\/?p=138241"]}]},{"@type":"ImageObject","inLanguage":"es","@id":"https:\/\/lospoliticosveracruz.com\/?p=138241#primaryimage","url":"https:\/\/lospoliticosveracruz.com\/wp-content\/uploads\/2024\/06\/Fanny-Yepez.jpg","contentUrl":"https:\/\/lospoliticosveracruz.com\/wp-content\/uploads\/2024\/06\/Fanny-Yepez.jpg","width":1250,"height":667},{"@type":"BreadcrumbList","@id":"https:\/\/lospoliticosveracruz.com\/?p=138241#breadcrumb","itemListElement":[{"@type":"ListItem","position":1,"name":"Portada","item":"https:\/\/lospoliticosveracruz.com\/"},{"@type":"ListItem","position":2,"name":"TRUMP NOS COPIA"}]},{"@type":"WebSite","@id":"https:\/\/lospoliticosveracruz.com\/#website","url":"https:\/\/lospoliticosveracruz.com\/","name":"Los pol\u00edticos Veracruz","description":"","publisher":{"@id":"https:\/\/lospoliticosveracruz.com\/#organization"},"potentialAction":[{"@type":"SearchAction","target":{"@type":"EntryPoint","urlTemplate":"https:\/\/lospoliticosveracruz.com\/?s={search_term_string}"},"query-input":{"@type":"PropertyValueSpecification","valueRequired":true,"valueName":"search_term_string"}}],"inLanguage":"es"},{"@type":"Organization","@id":"https:\/\/lospoliticosveracruz.com\/#organization","name":"Los pol\u00edticos Veracruz","url":"https:\/\/lospoliticosveracruz.com\/","logo":{"@type":"ImageObject","inLanguage":"es","@id":"https:\/\/lospoliticosveracruz.com\/#\/schema\/logo\/image\/","url":"https:\/\/lospoliticosveracruz.com\/wp-content\/uploads\/2025\/12\/Logo-Nuevo-LOS-POLITICOS-1.jpg","contentUrl":"https:\/\/lospoliticosveracruz.com\/wp-content\/uploads\/2025\/12\/Logo-Nuevo-LOS-POLITICOS-1.jpg","width":260,"height":70,"caption":"Los pol\u00edticos Veracruz"},"image":{"@id":"https:\/\/lospoliticosveracruz.com\/#\/schema\/logo\/image\/"},"sameAs":["https:\/\/www.facebook.com\/people\/Notimemes-de-los-Polticos\/61565672886568\/","https:\/\/x.com\/LosPoliticosVer"]},{"@type":"Person","@id":"https:\/\/lospoliticosveracruz.com\/#\/schema\/person\/b8702bb0e538456e6efd07080bf2a4a2","name":"Lo viste en Los Pol\u00edticos","image":{"@type":"ImageObject","inLanguage":"es","@id":"https:\/\/secure.gravatar.com\/avatar\/3a8de04a2656d44082be478bd6c086daa447c4651605818287b9532d3d0bd435?s=96&d=mm&r=g","url":"https:\/\/secure.gravatar.com\/avatar\/3a8de04a2656d44082be478bd6c086daa447c4651605818287b9532d3d0bd435?s=96&d=mm&r=g","contentUrl":"https:\/\/secure.gravatar.com\/avatar\/3a8de04a2656d44082be478bd6c086daa447c4651605818287b9532d3d0bd435?s=96&d=mm&r=g","caption":"Lo viste en Los Pol\u00edticos"},"url":"https:\/\/lospoliticosveracruz.com\/?author=2"}]}},"_links":{"self":[{"href":"https:\/\/lospoliticosveracruz.com\/index.php?rest_route=\/wp\/v2\/posts\/138241","targetHints":{"allow":["GET"]}}],"collection":[{"href":"https:\/\/lospoliticosveracruz.com\/index.php?rest_route=\/wp\/v2\/posts"}],"about":[{"href":"https:\/\/lospoliticosveracruz.com\/index.php?rest_route=\/wp\/v2\/types\/post"}],"author":[{"embeddable":true,"href":"https:\/\/lospoliticosveracruz.com\/index.php?rest_route=\/wp\/v2\/users\/2"}],"replies":[{"embeddable":true,"href":"https:\/\/lospoliticosveracruz.com\/index.php?rest_route=%2Fwp%2Fv2%2Fcomments&post=138241"}],"version-history":[{"count":2,"href":"https:\/\/lospoliticosveracruz.com\/index.php?rest_route=\/wp\/v2\/posts\/138241\/revisions"}],"predecessor-version":[{"id":138247,"href":"https:\/\/lospoliticosveracruz.com\/index.php?rest_route=\/wp\/v2\/posts\/138241\/revisions\/138247"}],"wp:featuredmedia":[{"embeddable":true,"href":"https:\/\/lospoliticosveracruz.com\/index.php?rest_route=\/wp\/v2\/media\/126076"}],"wp:attachment":[{"href":"https:\/\/lospoliticosveracruz.com\/index.php?rest_route=%2Fwp%2Fv2%2Fmedia&parent=138241"}],"wp:term":[{"taxonomy":"category","embeddable":true,"href":"https:\/\/lospoliticosveracruz.com\/index.php?rest_route=%2Fwp%2Fv2%2Fcategories&post=138241"},{"taxonomy":"post_tag","embeddable":true,"href":"https:\/\/lospoliticosveracruz.com\/index.php?rest_route=%2Fwp%2Fv2%2Ftags&post=138241"}],"curies":[{"name":"wp","href":"https:\/\/api.w.org\/{rel}","templated":true}]}}