{"id":138245,"date":"2025-02-20T08:14:58","date_gmt":"2025-02-20T14:14:58","guid":{"rendered":"https:\/\/lospoliticosveracruz.com.mx\/?p=138245"},"modified":"2025-02-20T08:15:37","modified_gmt":"2025-02-20T14:15:37","slug":"no-se-mete","status":"publish","type":"post","link":"https:\/\/lospoliticosveracruz.com\/?p=138245","title":{"rendered":"NO SE METE\u2026"},"content":{"rendered":"\n<p>S\u00edguenos ahora tambi\u00e9n en WhatsApp.&nbsp;<a href=\"https:\/\/whatsapp.com\/channel\/0029Va8zRWlEKyZIP3Z1dF0e\"><strong>Da clic aqu<\/strong><strong>\u00ed<\/strong><\/a><\/p>\n\n\n\n<p><strong>Oved Contreras<\/strong><\/p>\n\n\n\n<p><em>Secas Mecas<\/em><\/p>\n\n\n\n<p><strong>NO SE METE\u2026<\/strong>no debi\u00f3 quedarse nada contenta la t\u00eda Ch\u00edo con la postura asumida por la presidenta Claudia Sheinbaum con respecto a la afiliaci\u00f3n de Chikiyunes a Morena\u2026mientras ac\u00e1 la gobernadora azuz\u00f3 al linchamiento p\u00fablico de la militancia morenista contra el ex panista y el clan Yunes, la presidenta prefiri\u00f3 mantenerse al margen y dejarlo todo en manos de los \u00f3rganos internos del partido.<\/p>\n\n\n\n<p>La mandataria nacional fue cuestionada sobre el alboroto que se arm\u00f3 tanto en Veracruz como en Oaxaca por las afiliaciones de Chikiyunes y Jos\u00e9 Murat a Morena\u2026ambos personajes fueron declarados por los morenismos locales como enemigos p\u00fablicos: \u201cPues tiene que resolverlo las instancias de Morena\u2026 tienen sus propias instancias de honestidad, de justicia para dirimir cualquier problema que haya interno\u201d, asegur\u00f3 la presidenta Sheinbaum.<\/p>\n\n\n\n<p>\u00bfCu\u00e1l es su opini\u00f3n sobre estas afiliaciones?, se le pregunt\u00f3 en la conferencia matutina de este mi\u00e9rcoles. \u201cSe lo dejo a la presidenta de Morena (Luisa Mar\u00eda Alcalde). A m\u00ed me toca desde la Presidencia fortalecer a nuestro movimiento y que no se entienda nuestro movimiento como un partido pol\u00edtico, porque eso evidentemente no. Sino lo que representa nuestro gobierno, que finalmente es el anhelo del pueblo de M\u00e9xico por la justicia. A quien est\u00e1 hoy a cargo del partido le corresponde tambi\u00e9n mantener la unidad del partido y tambi\u00e9n los principios del partido\u201c.<\/p>\n\n\n\n<p>La mandataria nacional prosigui\u00f3: \u201cMiren qu\u00e9 bueno que haya debate. No hay pensamiento \u00fanico al interior de Morena. Y eso tambi\u00e9n es bueno. Y que en todo caso haya debate y que se defina en esa discusi\u00f3n qu\u00e9 es lo que le conviene a Morena\u201d\u2026o sea que no se sum\u00f3 a las exigencias de Roc\u00edo Nahle\u2026no es su papel adoptar una postura que corresponde al partido.<\/p>\n\n\n\n<p>Ac\u00e1 en la aldea siguen furiosos porque Ad\u00e1n Augusto y Gerardo Fern\u00e1ndez Noro\u00f1a llevaron a Chikiyunes a registrarse como militante de Morena y con padrinos de lujo: Luisa Alcalde y Andy L\u00f3pez, dirigentes nacionales de Morena\u2026ser\u00eda ingenuo pensar que estos movimientos se hicieron sin el consentimiento de la Presidenta Claudia Sheinbaum o del l\u00edder moral de la 4T, Andr\u00e9s Manuel L\u00f3pez Obrador, que hoy se presume se mantiene alejado de la vida p\u00fablica del pa\u00eds\u2026estos acuerdos vienen del primer c\u00edrculo del poder\u2026no se entiende de otra manera que le hayan entregado a Chikiyunes la presidencia de la comisi\u00f3n de Hacienda del Senado\u2026todo esto los trae muy molestos ac\u00e1 en el estado.<\/p>\n\n\n\n<p>Por lo pronto, la insurgencia de la t\u00eda Ch\u00edo contra las decisiones de la c\u00fapula morenista y la afiliaci\u00f3n de Chikiyunes empez\u00f3 a darle forma a un movimiento para arropar a la gobernadora que se siente traicionada\u2026circula en redes hasta una convocatoria para acudir a una dizque \u201casamblea de respaldo a la gobernadora Nahle\u201d este jueves por la tarde en la Plaza Lerdo de Xalapa\u2026\u00bfy despu\u00e9s qu\u00e9 sigue? \u00bfdeclararla gobernadora independiente? No van a echar abajo la afiliaci\u00f3n del Chikiyunes, son acuerdos del m\u00e1s alto nivel y, les guste o no, los Yunes ahora son \u00fatiles al sistema.<\/p>\n\n\n\n<p><strong>SE MOFA<\/strong>\u2026el senador Gerardo Fern\u00e1ndez Noro\u00f1a, presidente de la Mesa Directiva del Senado, defendi\u00f3 la afiliaci\u00f3n de Chikiyunes y de Alejandro Murat a Morena tras las cr\u00edticas hechas por la gobernadora de Veracruz Roc\u00edo Nahle y el mandatario de Oaxaca, Salom\u00f3n Jara, y pidi\u00f3 \u201cseguir para adelante\u201d\u2026aclara que tampoco tiene que convencer a la gobernadora Roc\u00edo Nahle de nada: \u201cCada quien tiene su punto de vista y santas pascuas\u201d.<\/p>\n\n\n\n<p>Fern\u00e1ndez Noro\u00f1a se\u00f1al\u00f3 tajante: \u201cNo pasa nada\u2026\u201d, sobre las cr\u00edticas de los gobernadores de Veracruz y Oaxaca quienes fustigaron la afiliaci\u00f3n de Yunes y Murat, adem\u00e1s insiste en que \u201cMorena es un movimiento muy amplio, que tiene desde la derecha hasta la izquierda, es un gran movimiento y puede siempre generarse pol\u00e9mica por diversos temas, no pasa nada\u201d.<\/p>\n\n\n\n<p>&nbsp;El senador morenista desestim\u00f3 esta crisis interna y confi\u00f3 en que se mantenga la unidad no solo en la bancada sino en el partido pese a la inconformidad de la t\u00eda Ch\u00edo, y descart\u00f3 que la afiliaci\u00f3n de Yunes M\u00e1rquez y Murat se convierta en un factor de divisi\u00f3n en la bancada mayoritaria de Morena: \u201cAl contrario, yo si insistiera que su aportaci\u00f3n es evidente, todo un parteaguas el momento en que \u00e9l decide sumarse al movimiento, sin ese voto no habr\u00eda salido la reforma que dio cambio a la Constituci\u00f3n para la elecci\u00f3n de la personas juzgadoras y las catorce reformas, o sea, es un m\u00e9rito colectivo, pero su aportaci\u00f3n es indiscutible\u201d.<\/p>\n\n\n\n<p><strong>ORGULLO DE SU NEPOTISMO<\/strong>\u2026El alcalde de Misantla, Javier Hern\u00e1ndez Candanedo, hace lo mismo que otros varones de la pol\u00edtica en Morena: ignoran a sus gu\u00edas actuales. Hace unos d\u00edas la presidenta anunci\u00f3 reformas para impedir que se siga dando el nepotismo, pero el mun\u00edcipe hace como que no se entera y promueve en los eventos a su hija Marlene Hern\u00e1ndez Castillo. Busca prolongar su poder\u00edo a trav\u00e9s de la hija.<\/p>\n\n\n\n<p>Ah\u00ed en Misantla los Hern\u00e1ndez Candanedo no le pierden, buscan seguir gobernando a como d\u00e9 lugar, as\u00ed tengan que poner a las mujeres de su familia como parapetos. Por cierto, do\u00f1a Ch\u00edo ya podr\u00eda andar aplicando aquella frase de la candidatura de Mandibul\u00edn: \u00abYa nadie me respeta\u00bb, porque le orden\u00f3 a Javier Hern\u00e1ndez cumplir con la ley y pagarles a los agentes municipales a los que les adeuda salarios. \u00a1Paga! Le dijo el d\u00eda que estuvo la presidenta Sheinbaum en Misantla, pero ni caso le hizo.<\/p>\n\n\n\n<p><strong>TRIUNF\u00d3 EL AMOR&#8230;<\/strong>Con el respaldo del Ayuntamiento de Boca del R\u00edo, 150 parejas unieron su amor por la v\u00eda legal, gracias al programa de \u201cBodas Colectivas 2025\u201d que encabez\u00f3 el Presidente Municipal, Juan Manuel Un\u00e1nue Abascal. A trav\u00e9s del DIF Municipal y el Registro Civil, mediante este tr\u00e1mite legal, las parejas a partir de esta fecha ya obtienen certeza jur\u00eddica a la familia y garantiza el respeto a los derechos de cada c\u00f3nyuge y de sus hijos.<\/p>\n\n\n\n<p>Es la cuarta ocasi\u00f3n que se celebran estas Boas Colectivas en el municipio de Boca del R\u00edo y hasta el momento, han contra\u00eddo matrimonio casi 700 parejas&#8230;este a\u00f1o el evento se reali\u00f3 en en el sal\u00f3n principal del hotel Holiday Inn&#8230;las parejas oscilaron entre los 18 a\u00f1os de dad y parejas que llevan viviendo j40 a\u00f1os juntos, quienes confiando en la administraci\u00f3n municipal de Boca del R\u00edo, dieron el paso para oficializar su uni\u00f3n de pareja.<\/p>\n\n\n\n<p>Por su parte, la Presidenta del DIF de Boca del R\u00edo, Melina Rivera de Un\u00e1nue, felicit\u00f3 a todos los contrayentes por unir sus vidas ante la Ley. En tanto, el oficial del Registro Civil, Edgar Cancino Far\u00edas, agradeci\u00f3 al alcalde de Boca del R\u00edo y a la Presidenta del DIF boque\u00f1o, por su total respaldo en esta campa\u00f1a de Bodas Colectivas 2025.<\/p>\n","protected":false},"excerpt":{"rendered":"<p>S\u00edguenos ahora tambi\u00e9n en WhatsApp.&nbsp;Da clic aqu\u00ed Oved Contreras Secas Mecas NO SE METE\u2026no debi\u00f3 quedarse nada contenta la t\u00eda Ch\u00edo con la postura asumida por la presidenta Claudia Sheinbaum con respecto a la afiliaci\u00f3n de Chikiyunes a Morena\u2026mientras ac\u00e1 la gobernadora azuz\u00f3 al linchamiento p\u00fablico de la militancia morenista contra el ex panista y [&hellip;]<\/p>\n","protected":false},"author":2,"featured_media":119816,"comment_status":"closed","ping_status":"closed","sticky":false,"template":"","format":"standard","meta":{"tdm_status":"","tdm_grid_status":"","footnotes":""},"categories":[70],"tags":[],"class_list":{"0":"post-138245","1":"post","2":"type-post","3":"status-publish","4":"format-standard","5":"has-post-thumbnail","7":"category-de-opinion"},"yoast_head":"<!-- This site is optimized with the Yoast SEO plugin v27.4 - https:\/\/yoast.com\/product\/yoast-seo-wordpress\/ -->\n<title>NO SE METE\u2026 - Los pol\u00edticos Veracruz<\/title>\n<meta name=\"robots\" content=\"index, follow, max-snippet:-1, max-image-preview:large, max-video-preview:-1\" \/>\n<link rel=\"canonical\" href=\"https:\/\/lospoliticosveracruz.com\/?p=138245\" \/>\n<meta property=\"og:locale\" content=\"es_ES\" \/>\n<meta property=\"og:type\" content=\"article\" \/>\n<meta property=\"og:title\" content=\"NO SE METE\u2026 - Los pol\u00edticos Veracruz\" \/>\n<meta property=\"og:description\" content=\"S\u00edguenos ahora tambi\u00e9n en WhatsApp.&nbsp;Da clic aqu\u00ed Oved Contreras Secas Mecas NO SE METE\u2026no debi\u00f3 quedarse nada contenta la t\u00eda Ch\u00edo con la postura asumida por la presidenta Claudia Sheinbaum con respecto a la afiliaci\u00f3n de Chikiyunes a Morena\u2026mientras ac\u00e1 la gobernadora azuz\u00f3 al linchamiento p\u00fablico de la militancia morenista contra el ex panista y [&hellip;]\" \/>\n<meta property=\"og:url\" content=\"https:\/\/lospoliticosveracruz.com\/?p=138245\" \/>\n<meta property=\"og:site_name\" content=\"Los pol\u00edticos Veracruz\" \/>\n<meta property=\"article:publisher\" content=\"https:\/\/www.facebook.com\/people\/Notimemes-de-los-Polticos\/61565672886568\/\" \/>\n<meta property=\"article:published_time\" content=\"2025-02-20T14:14:58+00:00\" \/>\n<meta property=\"article:modified_time\" content=\"2025-02-20T14:15:37+00:00\" \/>\n<meta property=\"og:image\" content=\"https:\/\/lospoliticosveracruz.com\/wp-content\/uploads\/2024\/03\/Oved-Contreras.jpg\" \/>\n\t<meta property=\"og:image:width\" content=\"1250\" \/>\n\t<meta property=\"og:image:height\" content=\"667\" \/>\n\t<meta property=\"og:image:type\" content=\"image\/jpeg\" \/>\n<meta name=\"author\" content=\"Lo viste en Los Pol\u00edticos\" \/>\n<meta name=\"twitter:card\" content=\"summary_large_image\" \/>\n<meta name=\"twitter:creator\" content=\"@LosPoliticosVer\" \/>\n<meta name=\"twitter:site\" content=\"@LosPoliticosVer\" \/>\n<meta name=\"twitter:label1\" content=\"Escrito por\" \/>\n\t<meta name=\"twitter:data1\" content=\"Lo viste en Los Pol\u00edticos\" \/>\n\t<meta name=\"twitter:label2\" content=\"Tiempo de lectura\" \/>\n\t<meta name=\"twitter:data2\" content=\"6 minutos\" \/>\n<script type=\"application\/ld+json\" class=\"yoast-schema-graph\">{\"@context\":\"https:\\\/\\\/schema.org\",\"@graph\":[{\"@type\":\"Article\",\"@id\":\"https:\\\/\\\/lospoliticosveracruz.com\\\/?p=138245#article\",\"isPartOf\":{\"@id\":\"https:\\\/\\\/lospoliticosveracruz.com\\\/?p=138245\"},\"author\":{\"name\":\"Lo viste en Los Pol\u00edticos\",\"@id\":\"https:\\\/\\\/lospoliticosveracruz.com\\\/#\\\/schema\\\/person\\\/b8702bb0e538456e6efd07080bf2a4a2\"},\"headline\":\"NO SE METE\u2026\",\"datePublished\":\"2025-02-20T14:14:58+00:00\",\"dateModified\":\"2025-02-20T14:15:37+00:00\",\"mainEntityOfPage\":{\"@id\":\"https:\\\/\\\/lospoliticosveracruz.com\\\/?p=138245\"},\"wordCount\":1237,\"publisher\":{\"@id\":\"https:\\\/\\\/lospoliticosveracruz.com\\\/#organization\"},\"image\":{\"@id\":\"https:\\\/\\\/lospoliticosveracruz.com\\\/?p=138245#primaryimage\"},\"thumbnailUrl\":\"https:\\\/\\\/lospoliticosveracruz.com\\\/wp-content\\\/uploads\\\/2024\\\/03\\\/Oved-Contreras.jpg\",\"articleSection\":[\"De Opini\u00f3n\"],\"inLanguage\":\"es\"},{\"@type\":\"WebPage\",\"@id\":\"https:\\\/\\\/lospoliticosveracruz.com\\\/?p=138245\",\"url\":\"https:\\\/\\\/lospoliticosveracruz.com\\\/?p=138245\",\"name\":\"NO SE METE\u2026 - Los pol\u00edticos Veracruz\",\"isPartOf\":{\"@id\":\"https:\\\/\\\/lospoliticosveracruz.com\\\/#website\"},\"primaryImageOfPage\":{\"@id\":\"https:\\\/\\\/lospoliticosveracruz.com\\\/?p=138245#primaryimage\"},\"image\":{\"@id\":\"https:\\\/\\\/lospoliticosveracruz.com\\\/?p=138245#primaryimage\"},\"thumbnailUrl\":\"https:\\\/\\\/lospoliticosveracruz.com\\\/wp-content\\\/uploads\\\/2024\\\/03\\\/Oved-Contreras.jpg\",\"datePublished\":\"2025-02-20T14:14:58+00:00\",\"dateModified\":\"2025-02-20T14:15:37+00:00\",\"breadcrumb\":{\"@id\":\"https:\\\/\\\/lospoliticosveracruz.com\\\/?p=138245#breadcrumb\"},\"inLanguage\":\"es\",\"potentialAction\":[{\"@type\":\"ReadAction\",\"target\":[\"https:\\\/\\\/lospoliticosveracruz.com\\\/?p=138245\"]}]},{\"@type\":\"ImageObject\",\"inLanguage\":\"es\",\"@id\":\"https:\\\/\\\/lospoliticosveracruz.com\\\/?p=138245#primaryimage\",\"url\":\"https:\\\/\\\/lospoliticosveracruz.com\\\/wp-content\\\/uploads\\\/2024\\\/03\\\/Oved-Contreras.jpg\",\"contentUrl\":\"https:\\\/\\\/lospoliticosveracruz.com\\\/wp-content\\\/uploads\\\/2024\\\/03\\\/Oved-Contreras.jpg\",\"width\":1250,\"height\":667},{\"@type\":\"BreadcrumbList\",\"@id\":\"https:\\\/\\\/lospoliticosveracruz.com\\\/?p=138245#breadcrumb\",\"itemListElement\":[{\"@type\":\"ListItem\",\"position\":1,\"name\":\"Portada\",\"item\":\"https:\\\/\\\/lospoliticosveracruz.com\\\/\"},{\"@type\":\"ListItem\",\"position\":2,\"name\":\"NO SE METE\u2026\"}]},{\"@type\":\"WebSite\",\"@id\":\"https:\\\/\\\/lospoliticosveracruz.com\\\/#website\",\"url\":\"https:\\\/\\\/lospoliticosveracruz.com\\\/\",\"name\":\"Los pol\u00edticos Veracruz\",\"description\":\"\",\"publisher\":{\"@id\":\"https:\\\/\\\/lospoliticosveracruz.com\\\/#organization\"},\"potentialAction\":[{\"@type\":\"SearchAction\",\"target\":{\"@type\":\"EntryPoint\",\"urlTemplate\":\"https:\\\/\\\/lospoliticosveracruz.com\\\/?s={search_term_string}\"},\"query-input\":{\"@type\":\"PropertyValueSpecification\",\"valueRequired\":true,\"valueName\":\"search_term_string\"}}],\"inLanguage\":\"es\"},{\"@type\":\"Organization\",\"@id\":\"https:\\\/\\\/lospoliticosveracruz.com\\\/#organization\",\"name\":\"Los pol\u00edticos Veracruz\",\"url\":\"https:\\\/\\\/lospoliticosveracruz.com\\\/\",\"logo\":{\"@type\":\"ImageObject\",\"inLanguage\":\"es\",\"@id\":\"https:\\\/\\\/lospoliticosveracruz.com\\\/#\\\/schema\\\/logo\\\/image\\\/\",\"url\":\"https:\\\/\\\/lospoliticosveracruz.com\\\/wp-content\\\/uploads\\\/2025\\\/12\\\/Logo-Nuevo-LOS-POLITICOS-1.jpg\",\"contentUrl\":\"https:\\\/\\\/lospoliticosveracruz.com\\\/wp-content\\\/uploads\\\/2025\\\/12\\\/Logo-Nuevo-LOS-POLITICOS-1.jpg\",\"width\":260,\"height\":70,\"caption\":\"Los pol\u00edticos Veracruz\"},\"image\":{\"@id\":\"https:\\\/\\\/lospoliticosveracruz.com\\\/#\\\/schema\\\/logo\\\/image\\\/\"},\"sameAs\":[\"https:\\\/\\\/www.facebook.com\\\/people\\\/Notimemes-de-los-Polticos\\\/61565672886568\\\/\",\"https:\\\/\\\/x.com\\\/LosPoliticosVer\"]},{\"@type\":\"Person\",\"@id\":\"https:\\\/\\\/lospoliticosveracruz.com\\\/#\\\/schema\\\/person\\\/b8702bb0e538456e6efd07080bf2a4a2\",\"name\":\"Lo viste en Los Pol\u00edticos\",\"image\":{\"@type\":\"ImageObject\",\"inLanguage\":\"es\",\"@id\":\"https:\\\/\\\/secure.gravatar.com\\\/avatar\\\/3a8de04a2656d44082be478bd6c086daa447c4651605818287b9532d3d0bd435?s=96&d=mm&r=g\",\"url\":\"https:\\\/\\\/secure.gravatar.com\\\/avatar\\\/3a8de04a2656d44082be478bd6c086daa447c4651605818287b9532d3d0bd435?s=96&d=mm&r=g\",\"contentUrl\":\"https:\\\/\\\/secure.gravatar.com\\\/avatar\\\/3a8de04a2656d44082be478bd6c086daa447c4651605818287b9532d3d0bd435?s=96&d=mm&r=g\",\"caption\":\"Lo viste en Los Pol\u00edticos\"},\"url\":\"https:\\\/\\\/lospoliticosveracruz.com\\\/?author=2\"}]}<\/script>\n<!-- \/ Yoast SEO plugin. -->","yoast_head_json":{"title":"NO SE METE\u2026 - Los pol\u00edticos Veracruz","robots":{"index":"index","follow":"follow","max-snippet":"max-snippet:-1","max-image-preview":"max-image-preview:large","max-video-preview":"max-video-preview:-1"},"canonical":"https:\/\/lospoliticosveracruz.com\/?p=138245","og_locale":"es_ES","og_type":"article","og_title":"NO SE METE\u2026 - Los pol\u00edticos Veracruz","og_description":"S\u00edguenos ahora tambi\u00e9n en WhatsApp.&nbsp;Da clic aqu\u00ed Oved Contreras Secas Mecas NO SE METE\u2026no debi\u00f3 quedarse nada contenta la t\u00eda Ch\u00edo con la postura asumida por la presidenta Claudia Sheinbaum con respecto a la afiliaci\u00f3n de Chikiyunes a Morena\u2026mientras ac\u00e1 la gobernadora azuz\u00f3 al linchamiento p\u00fablico de la militancia morenista contra el ex panista y [&hellip;]","og_url":"https:\/\/lospoliticosveracruz.com\/?p=138245","og_site_name":"Los pol\u00edticos Veracruz","article_publisher":"https:\/\/www.facebook.com\/people\/Notimemes-de-los-Polticos\/61565672886568\/","article_published_time":"2025-02-20T14:14:58+00:00","article_modified_time":"2025-02-20T14:15:37+00:00","og_image":[{"width":1250,"height":667,"url":"https:\/\/lospoliticosveracruz.com\/wp-content\/uploads\/2024\/03\/Oved-Contreras.jpg","type":"image\/jpeg"}],"author":"Lo viste en Los Pol\u00edticos","twitter_card":"summary_large_image","twitter_creator":"@LosPoliticosVer","twitter_site":"@LosPoliticosVer","twitter_misc":{"Escrito por":"Lo viste en Los Pol\u00edticos","Tiempo de lectura":"6 minutos"},"schema":{"@context":"https:\/\/schema.org","@graph":[{"@type":"Article","@id":"https:\/\/lospoliticosveracruz.com\/?p=138245#article","isPartOf":{"@id":"https:\/\/lospoliticosveracruz.com\/?p=138245"},"author":{"name":"Lo viste en Los Pol\u00edticos","@id":"https:\/\/lospoliticosveracruz.com\/#\/schema\/person\/b8702bb0e538456e6efd07080bf2a4a2"},"headline":"NO SE METE\u2026","datePublished":"2025-02-20T14:14:58+00:00","dateModified":"2025-02-20T14:15:37+00:00","mainEntityOfPage":{"@id":"https:\/\/lospoliticosveracruz.com\/?p=138245"},"wordCount":1237,"publisher":{"@id":"https:\/\/lospoliticosveracruz.com\/#organization"},"image":{"@id":"https:\/\/lospoliticosveracruz.com\/?p=138245#primaryimage"},"thumbnailUrl":"https:\/\/lospoliticosveracruz.com\/wp-content\/uploads\/2024\/03\/Oved-Contreras.jpg","articleSection":["De Opini\u00f3n"],"inLanguage":"es"},{"@type":"WebPage","@id":"https:\/\/lospoliticosveracruz.com\/?p=138245","url":"https:\/\/lospoliticosveracruz.com\/?p=138245","name":"NO SE METE\u2026 - Los pol\u00edticos Veracruz","isPartOf":{"@id":"https:\/\/lospoliticosveracruz.com\/#website"},"primaryImageOfPage":{"@id":"https:\/\/lospoliticosveracruz.com\/?p=138245#primaryimage"},"image":{"@id":"https:\/\/lospoliticosveracruz.com\/?p=138245#primaryimage"},"thumbnailUrl":"https:\/\/lospoliticosveracruz.com\/wp-content\/uploads\/2024\/03\/Oved-Contreras.jpg","datePublished":"2025-02-20T14:14:58+00:00","dateModified":"2025-02-20T14:15:37+00:00","breadcrumb":{"@id":"https:\/\/lospoliticosveracruz.com\/?p=138245#breadcrumb"},"inLanguage":"es","potentialAction":[{"@type":"ReadAction","target":["https:\/\/lospoliticosveracruz.com\/?p=138245"]}]},{"@type":"ImageObject","inLanguage":"es","@id":"https:\/\/lospoliticosveracruz.com\/?p=138245#primaryimage","url":"https:\/\/lospoliticosveracruz.com\/wp-content\/uploads\/2024\/03\/Oved-Contreras.jpg","contentUrl":"https:\/\/lospoliticosveracruz.com\/wp-content\/uploads\/2024\/03\/Oved-Contreras.jpg","width":1250,"height":667},{"@type":"BreadcrumbList","@id":"https:\/\/lospoliticosveracruz.com\/?p=138245#breadcrumb","itemListElement":[{"@type":"ListItem","position":1,"name":"Portada","item":"https:\/\/lospoliticosveracruz.com\/"},{"@type":"ListItem","position":2,"name":"NO SE METE\u2026"}]},{"@type":"WebSite","@id":"https:\/\/lospoliticosveracruz.com\/#website","url":"https:\/\/lospoliticosveracruz.com\/","name":"Los pol\u00edticos Veracruz","description":"","publisher":{"@id":"https:\/\/lospoliticosveracruz.com\/#organization"},"potentialAction":[{"@type":"SearchAction","target":{"@type":"EntryPoint","urlTemplate":"https:\/\/lospoliticosveracruz.com\/?s={search_term_string}"},"query-input":{"@type":"PropertyValueSpecification","valueRequired":true,"valueName":"search_term_string"}}],"inLanguage":"es"},{"@type":"Organization","@id":"https:\/\/lospoliticosveracruz.com\/#organization","name":"Los pol\u00edticos Veracruz","url":"https:\/\/lospoliticosveracruz.com\/","logo":{"@type":"ImageObject","inLanguage":"es","@id":"https:\/\/lospoliticosveracruz.com\/#\/schema\/logo\/image\/","url":"https:\/\/lospoliticosveracruz.com\/wp-content\/uploads\/2025\/12\/Logo-Nuevo-LOS-POLITICOS-1.jpg","contentUrl":"https:\/\/lospoliticosveracruz.com\/wp-content\/uploads\/2025\/12\/Logo-Nuevo-LOS-POLITICOS-1.jpg","width":260,"height":70,"caption":"Los pol\u00edticos Veracruz"},"image":{"@id":"https:\/\/lospoliticosveracruz.com\/#\/schema\/logo\/image\/"},"sameAs":["https:\/\/www.facebook.com\/people\/Notimemes-de-los-Polticos\/61565672886568\/","https:\/\/x.com\/LosPoliticosVer"]},{"@type":"Person","@id":"https:\/\/lospoliticosveracruz.com\/#\/schema\/person\/b8702bb0e538456e6efd07080bf2a4a2","name":"Lo viste en Los Pol\u00edticos","image":{"@type":"ImageObject","inLanguage":"es","@id":"https:\/\/secure.gravatar.com\/avatar\/3a8de04a2656d44082be478bd6c086daa447c4651605818287b9532d3d0bd435?s=96&d=mm&r=g","url":"https:\/\/secure.gravatar.com\/avatar\/3a8de04a2656d44082be478bd6c086daa447c4651605818287b9532d3d0bd435?s=96&d=mm&r=g","contentUrl":"https:\/\/secure.gravatar.com\/avatar\/3a8de04a2656d44082be478bd6c086daa447c4651605818287b9532d3d0bd435?s=96&d=mm&r=g","caption":"Lo viste en Los Pol\u00edticos"},"url":"https:\/\/lospoliticosveracruz.com\/?author=2"}]}},"_links":{"self":[{"href":"https:\/\/lospoliticosveracruz.com\/index.php?rest_route=\/wp\/v2\/posts\/138245","targetHints":{"allow":["GET"]}}],"collection":[{"href":"https:\/\/lospoliticosveracruz.com\/index.php?rest_route=\/wp\/v2\/posts"}],"about":[{"href":"https:\/\/lospoliticosveracruz.com\/index.php?rest_route=\/wp\/v2\/types\/post"}],"author":[{"embeddable":true,"href":"https:\/\/lospoliticosveracruz.com\/index.php?rest_route=\/wp\/v2\/users\/2"}],"replies":[{"embeddable":true,"href":"https:\/\/lospoliticosveracruz.com\/index.php?rest_route=%2Fwp%2Fv2%2Fcomments&post=138245"}],"version-history":[{"count":1,"href":"https:\/\/lospoliticosveracruz.com\/index.php?rest_route=\/wp\/v2\/posts\/138245\/revisions"}],"predecessor-version":[{"id":138248,"href":"https:\/\/lospoliticosveracruz.com\/index.php?rest_route=\/wp\/v2\/posts\/138245\/revisions\/138248"}],"wp:featuredmedia":[{"embeddable":true,"href":"https:\/\/lospoliticosveracruz.com\/index.php?rest_route=\/wp\/v2\/media\/119816"}],"wp:attachment":[{"href":"https:\/\/lospoliticosveracruz.com\/index.php?rest_route=%2Fwp%2Fv2%2Fmedia&parent=138245"}],"wp:term":[{"taxonomy":"category","embeddable":true,"href":"https:\/\/lospoliticosveracruz.com\/index.php?rest_route=%2Fwp%2Fv2%2Fcategories&post=138245"},{"taxonomy":"post_tag","embeddable":true,"href":"https:\/\/lospoliticosveracruz.com\/index.php?rest_route=%2Fwp%2Fv2%2Ftags&post=138245"}],"curies":[{"name":"wp","href":"https:\/\/api.w.org\/{rel}","templated":true}]}}