{"id":138324,"date":"2025-02-21T07:25:20","date_gmt":"2025-02-21T13:25:20","guid":{"rendered":"https:\/\/lospoliticosveracruz.com.mx\/?p=138324"},"modified":"2025-02-21T07:25:42","modified_gmt":"2025-02-21T13:25:42","slug":"candidatos-panistas-no-yunistas","status":"publish","type":"post","link":"https:\/\/lospoliticosveracruz.com\/?p=138324","title":{"rendered":"CANDIDATOS PANISTAS, NO YUNISTAS!"},"content":{"rendered":"\n<p>S\u00edguenos ahora tambi\u00e9n en WhatsApp.&nbsp;<a href=\"https:\/\/whatsapp.com\/channel\/0029Va8zRWlEKyZIP3Z1dF0e\"><strong><em>Da clic aqu\u00ed<\/em><\/strong><\/a><\/p>\n\n\n\n<p>La exdiputada federal y local, Mariana Dunyaska Garc\u00eda Rojas, hizo una fuerte denuncia ante los medios de comunicaci\u00f3n, exigiendo que los candidatos del Partido Acci\u00f3n Nacional (PAN) no sean de la corriente de los Yunes. En sus palabras:<\/p>\n\n\n\n<p>&gt; \u00abSoy panista desde hace m\u00e1s de 32 a\u00f1os, inici\u00e9 en Acci\u00f3n Juvenil; fui secretaria de promoci\u00f3n pol\u00edtica de la mujer, consejera nacional, capacitadora nacional, representante de casilla, integrante del comit\u00e9 estatal, consejera estatal y he visto llegar a muchos e irse a otros tantos\u2026 y a pesar de eso el Panismo ha continuado trabajando por la ciudadan\u00eda.\u00bb<\/p>\n\n\n\n<p>La estructura del PAN naci\u00f3 con la suma de muchos ciudadanos libres que nos sumamos a la pol\u00edtica desde 1990 y muchos seguimos hasta la fecha a pesar de los triunfos y las derrotas. El PAN NUNCA HA TENIDO DUE\u00d1O, Y MENOS ES PROPIEDAD DE UN APELLIDO. Es una pena que los Yunes no respeten al Partido que les ha dado la oportunidad de ocupar los puestos p\u00fablicos. Cuando los Yunes llegaron al PAN ya hab\u00edamos ganado sin ellos municipios como Veracruz y Boca del R\u00edo.<\/p>\n\n\n\n<p>En un video que circula en redes sociales, YUNES MARQUEZ dice que aqu\u00ed somos YUNISTAS no PANISTAS. Se equivoca el senador ahora MORENISTA, NOSOTROS SOMOS panistas desde antes que \u00e9l llegara al PAN. Cuando sumamos votos con Luis Pazos, y fuimos sumando la esperanza de quienes buscaron tener los mejores gobiernos, GRACIAS A LA CIUDADANIA DE LA ZONA CONURBADA VERACRUZ BOCA DEL RIO FUIMOS GANANDO CASILLA A CASILLA. Hoy quiere imponer dos candidaturas: una en Veracruz y otra en Boca del R\u00edo, con quienes p\u00fablicamente reconocen que su patr\u00f3n es MIGUEL ANGEL YUNES. La militancia del PAN que ha trabajado hace m\u00e1s de tres d\u00e9cadas estar\u00e1 trabajando con nuestra gente con la estructura que no es de YUNES.<\/p>\n\n\n\n<p>EXIGIMOS AL PRESIDENTE DEL CEN DEL PAN JORGE ROMERO, AL PRESIDENTE DEL CDE DEL PAN FEDERICO SALOMON, A LOS INTEGRANTES DEL CEN, A LA COMISI\u00d3N PERMANENTE NACIONAL, AL CONSEJO NACIONAL DEL PAN, AL COMIT\u00c9 ESTATAL, AL CONSEJO ESTATAL DEL PAN Y A LA COMISI\u00d3N PERMANENTE ESTATAL QUE LA DESIGNACI\u00d3N DE CANDIDATURAS EN EL ESTADO DE VERACRUZ Y EN ESPECIAL EN LA ZONA CONURBADA VERACRUZ-BOCA DEL R\u00cdO, EXCLUYA A TODAS Y TODOS LOS YUNISTAS, PARA CUALQUIER ESPACIO COMO CANDIDATOS O CANDIDATAS A PRESIDENCIAS MUNICIPALES, SINDICATURAS, REGIDUR\u00cdAS Y CUALQUIER ESPACIO AL INTERIOR DEL PARTIDO ACCI\u00d3N NACIONAL.<\/p>\n\n\n\n<p>No queremos que se repita lo que se vivi\u00f3 en el Senado, un senador que gana por las siglas de Acci\u00f3n Nacional y que a la primera oportunidad se afilia a MORENA. No queremos como Candidatas a Mary Jos\u00e9 Gamboa, ni a Indira Rosales (QUIEN ABANDON\u00d3 LA SECRETAR\u00cdA GENERAL DEL CDE PANISTA); ya que ellas p\u00fablicamente han manifestado ser TOTALMENTE YUNISTAS.<\/p>\n\n\n\n<p>EL PAN DEBE CERRARLE LA PUERTA A ENTREGAR EL MUNICIPIO DE BOCA DEL R\u00cdO Y VERACRUZ A MORENA.<\/p>\n\n\n\n<p>ES TIEMPO DE HACER FRENTE A QUIENES HAN LLEGADO AL PAN SOLO A SERVIRSE Y CUANDO OBTIENEN SU COMETIDO HUYEN POR LA PUERTA DE ATR\u00c1S.<\/p>\n","protected":false},"excerpt":{"rendered":"<p>S\u00edguenos ahora tambi\u00e9n en WhatsApp.&nbsp;Da clic aqu\u00ed La exdiputada federal y local, Mariana Dunyaska Garc\u00eda Rojas, hizo una fuerte denuncia ante los medios de comunicaci\u00f3n, exigiendo que los candidatos del Partido Acci\u00f3n Nacional (PAN) no sean de la corriente de los Yunes. En sus palabras: &gt; \u00abSoy panista desde hace m\u00e1s de 32 a\u00f1os, inici\u00e9 [&hellip;]<\/p>\n","protected":false},"author":2,"featured_media":138325,"comment_status":"closed","ping_status":"closed","sticky":false,"template":"","format":"standard","meta":{"tdm_status":"","tdm_grid_status":"","footnotes":""},"categories":[73],"tags":[266,195],"class_list":{"0":"post-138324","1":"post","2":"type-post","3":"status-publish","4":"format-standard","5":"has-post-thumbnail","7":"category-de-boleto","8":"tag-pan","9":"tag-veracruz"},"yoast_head":"<!-- This site is optimized with the Yoast SEO plugin v27.4 - https:\/\/yoast.com\/product\/yoast-seo-wordpress\/ -->\n<title>CANDIDATOS PANISTAS, NO YUNISTAS! - Los pol\u00edticos Veracruz<\/title>\n<meta name=\"robots\" content=\"index, follow, max-snippet:-1, max-image-preview:large, max-video-preview:-1\" \/>\n<link rel=\"canonical\" href=\"https:\/\/lospoliticosveracruz.com\/?p=138324\" \/>\n<meta property=\"og:locale\" content=\"es_ES\" \/>\n<meta property=\"og:type\" content=\"article\" \/>\n<meta property=\"og:title\" content=\"CANDIDATOS PANISTAS, NO YUNISTAS! - Los pol\u00edticos Veracruz\" \/>\n<meta property=\"og:description\" content=\"S\u00edguenos ahora tambi\u00e9n en WhatsApp.&nbsp;Da clic aqu\u00ed La exdiputada federal y local, Mariana Dunyaska Garc\u00eda Rojas, hizo una fuerte denuncia ante los medios de comunicaci\u00f3n, exigiendo que los candidatos del Partido Acci\u00f3n Nacional (PAN) no sean de la corriente de los Yunes. En sus palabras: &gt; \u00abSoy panista desde hace m\u00e1s de 32 a\u00f1os, inici\u00e9 [&hellip;]\" \/>\n<meta property=\"og:url\" content=\"https:\/\/lospoliticosveracruz.com\/?p=138324\" \/>\n<meta property=\"og:site_name\" content=\"Los pol\u00edticos Veracruz\" \/>\n<meta property=\"article:publisher\" content=\"https:\/\/www.facebook.com\/people\/Notimemes-de-los-Polticos\/61565672886568\/\" \/>\n<meta property=\"article:published_time\" content=\"2025-02-21T13:25:20+00:00\" \/>\n<meta property=\"article:modified_time\" content=\"2025-02-21T13:25:42+00:00\" \/>\n<meta property=\"og:image\" content=\"https:\/\/lospoliticosveracruz.com\/wp-content\/uploads\/2025\/02\/Mariana-Dunyaska-Garcia-Rojas.jpg\" \/>\n\t<meta property=\"og:image:width\" content=\"600\" \/>\n\t<meta property=\"og:image:height\" content=\"320\" \/>\n\t<meta property=\"og:image:type\" content=\"image\/jpeg\" \/>\n<meta name=\"author\" content=\"Lo viste en Los Pol\u00edticos\" \/>\n<meta name=\"twitter:card\" content=\"summary_large_image\" \/>\n<meta name=\"twitter:creator\" content=\"@LosPoliticosVer\" \/>\n<meta name=\"twitter:site\" content=\"@LosPoliticosVer\" \/>\n<meta name=\"twitter:label1\" content=\"Escrito por\" \/>\n\t<meta name=\"twitter:data1\" content=\"Lo viste en Los Pol\u00edticos\" \/>\n\t<meta name=\"twitter:label2\" content=\"Tiempo de lectura\" \/>\n\t<meta name=\"twitter:data2\" content=\"3 minutos\" \/>\n<script type=\"application\/ld+json\" class=\"yoast-schema-graph\">{\"@context\":\"https:\\\/\\\/schema.org\",\"@graph\":[{\"@type\":\"Article\",\"@id\":\"https:\\\/\\\/lospoliticosveracruz.com\\\/?p=138324#article\",\"isPartOf\":{\"@id\":\"https:\\\/\\\/lospoliticosveracruz.com\\\/?p=138324\"},\"author\":{\"name\":\"Lo viste en Los Pol\u00edticos\",\"@id\":\"https:\\\/\\\/lospoliticosveracruz.com\\\/#\\\/schema\\\/person\\\/b8702bb0e538456e6efd07080bf2a4a2\"},\"headline\":\"CANDIDATOS PANISTAS, NO YUNISTAS!\",\"datePublished\":\"2025-02-21T13:25:20+00:00\",\"dateModified\":\"2025-02-21T13:25:42+00:00\",\"mainEntityOfPage\":{\"@id\":\"https:\\\/\\\/lospoliticosveracruz.com\\\/?p=138324\"},\"wordCount\":541,\"publisher\":{\"@id\":\"https:\\\/\\\/lospoliticosveracruz.com\\\/#organization\"},\"image\":{\"@id\":\"https:\\\/\\\/lospoliticosveracruz.com\\\/?p=138324#primaryimage\"},\"thumbnailUrl\":\"https:\\\/\\\/lospoliticosveracruz.com\\\/wp-content\\\/uploads\\\/2025\\\/02\\\/Mariana-Dunyaska-Garcia-Rojas.jpg\",\"keywords\":[\"PAN\",\"Veracruz\"],\"articleSection\":[\"De Boleto\"],\"inLanguage\":\"es\"},{\"@type\":\"WebPage\",\"@id\":\"https:\\\/\\\/lospoliticosveracruz.com\\\/?p=138324\",\"url\":\"https:\\\/\\\/lospoliticosveracruz.com\\\/?p=138324\",\"name\":\"CANDIDATOS PANISTAS, NO YUNISTAS! - Los pol\u00edticos Veracruz\",\"isPartOf\":{\"@id\":\"https:\\\/\\\/lospoliticosveracruz.com\\\/#website\"},\"primaryImageOfPage\":{\"@id\":\"https:\\\/\\\/lospoliticosveracruz.com\\\/?p=138324#primaryimage\"},\"image\":{\"@id\":\"https:\\\/\\\/lospoliticosveracruz.com\\\/?p=138324#primaryimage\"},\"thumbnailUrl\":\"https:\\\/\\\/lospoliticosveracruz.com\\\/wp-content\\\/uploads\\\/2025\\\/02\\\/Mariana-Dunyaska-Garcia-Rojas.jpg\",\"datePublished\":\"2025-02-21T13:25:20+00:00\",\"dateModified\":\"2025-02-21T13:25:42+00:00\",\"breadcrumb\":{\"@id\":\"https:\\\/\\\/lospoliticosveracruz.com\\\/?p=138324#breadcrumb\"},\"inLanguage\":\"es\",\"potentialAction\":[{\"@type\":\"ReadAction\",\"target\":[\"https:\\\/\\\/lospoliticosveracruz.com\\\/?p=138324\"]}]},{\"@type\":\"ImageObject\",\"inLanguage\":\"es\",\"@id\":\"https:\\\/\\\/lospoliticosveracruz.com\\\/?p=138324#primaryimage\",\"url\":\"https:\\\/\\\/lospoliticosveracruz.com\\\/wp-content\\\/uploads\\\/2025\\\/02\\\/Mariana-Dunyaska-Garcia-Rojas.jpg\",\"contentUrl\":\"https:\\\/\\\/lospoliticosveracruz.com\\\/wp-content\\\/uploads\\\/2025\\\/02\\\/Mariana-Dunyaska-Garcia-Rojas.jpg\",\"width\":600,\"height\":320},{\"@type\":\"BreadcrumbList\",\"@id\":\"https:\\\/\\\/lospoliticosveracruz.com\\\/?p=138324#breadcrumb\",\"itemListElement\":[{\"@type\":\"ListItem\",\"position\":1,\"name\":\"Portada\",\"item\":\"https:\\\/\\\/lospoliticosveracruz.com\\\/\"},{\"@type\":\"ListItem\",\"position\":2,\"name\":\"CANDIDATOS PANISTAS, NO YUNISTAS!\"}]},{\"@type\":\"WebSite\",\"@id\":\"https:\\\/\\\/lospoliticosveracruz.com\\\/#website\",\"url\":\"https:\\\/\\\/lospoliticosveracruz.com\\\/\",\"name\":\"Los pol\u00edticos Veracruz\",\"description\":\"\",\"publisher\":{\"@id\":\"https:\\\/\\\/lospoliticosveracruz.com\\\/#organization\"},\"potentialAction\":[{\"@type\":\"SearchAction\",\"target\":{\"@type\":\"EntryPoint\",\"urlTemplate\":\"https:\\\/\\\/lospoliticosveracruz.com\\\/?s={search_term_string}\"},\"query-input\":{\"@type\":\"PropertyValueSpecification\",\"valueRequired\":true,\"valueName\":\"search_term_string\"}}],\"inLanguage\":\"es\"},{\"@type\":\"Organization\",\"@id\":\"https:\\\/\\\/lospoliticosveracruz.com\\\/#organization\",\"name\":\"Los pol\u00edticos Veracruz\",\"url\":\"https:\\\/\\\/lospoliticosveracruz.com\\\/\",\"logo\":{\"@type\":\"ImageObject\",\"inLanguage\":\"es\",\"@id\":\"https:\\\/\\\/lospoliticosveracruz.com\\\/#\\\/schema\\\/logo\\\/image\\\/\",\"url\":\"https:\\\/\\\/lospoliticosveracruz.com\\\/wp-content\\\/uploads\\\/2025\\\/12\\\/Logo-Nuevo-LOS-POLITICOS-1.jpg\",\"contentUrl\":\"https:\\\/\\\/lospoliticosveracruz.com\\\/wp-content\\\/uploads\\\/2025\\\/12\\\/Logo-Nuevo-LOS-POLITICOS-1.jpg\",\"width\":260,\"height\":70,\"caption\":\"Los pol\u00edticos Veracruz\"},\"image\":{\"@id\":\"https:\\\/\\\/lospoliticosveracruz.com\\\/#\\\/schema\\\/logo\\\/image\\\/\"},\"sameAs\":[\"https:\\\/\\\/www.facebook.com\\\/people\\\/Notimemes-de-los-Polticos\\\/61565672886568\\\/\",\"https:\\\/\\\/x.com\\\/LosPoliticosVer\"]},{\"@type\":\"Person\",\"@id\":\"https:\\\/\\\/lospoliticosveracruz.com\\\/#\\\/schema\\\/person\\\/b8702bb0e538456e6efd07080bf2a4a2\",\"name\":\"Lo viste en Los Pol\u00edticos\",\"image\":{\"@type\":\"ImageObject\",\"inLanguage\":\"es\",\"@id\":\"https:\\\/\\\/secure.gravatar.com\\\/avatar\\\/3a8de04a2656d44082be478bd6c086daa447c4651605818287b9532d3d0bd435?s=96&d=mm&r=g\",\"url\":\"https:\\\/\\\/secure.gravatar.com\\\/avatar\\\/3a8de04a2656d44082be478bd6c086daa447c4651605818287b9532d3d0bd435?s=96&d=mm&r=g\",\"contentUrl\":\"https:\\\/\\\/secure.gravatar.com\\\/avatar\\\/3a8de04a2656d44082be478bd6c086daa447c4651605818287b9532d3d0bd435?s=96&d=mm&r=g\",\"caption\":\"Lo viste en Los Pol\u00edticos\"},\"url\":\"https:\\\/\\\/lospoliticosveracruz.com\\\/?author=2\"}]}<\/script>\n<!-- \/ Yoast SEO plugin. -->","yoast_head_json":{"title":"CANDIDATOS PANISTAS, NO YUNISTAS! - Los pol\u00edticos Veracruz","robots":{"index":"index","follow":"follow","max-snippet":"max-snippet:-1","max-image-preview":"max-image-preview:large","max-video-preview":"max-video-preview:-1"},"canonical":"https:\/\/lospoliticosveracruz.com\/?p=138324","og_locale":"es_ES","og_type":"article","og_title":"CANDIDATOS PANISTAS, NO YUNISTAS! - Los pol\u00edticos Veracruz","og_description":"S\u00edguenos ahora tambi\u00e9n en WhatsApp.&nbsp;Da clic aqu\u00ed La exdiputada federal y local, Mariana Dunyaska Garc\u00eda Rojas, hizo una fuerte denuncia ante los medios de comunicaci\u00f3n, exigiendo que los candidatos del Partido Acci\u00f3n Nacional (PAN) no sean de la corriente de los Yunes. En sus palabras: &gt; \u00abSoy panista desde hace m\u00e1s de 32 a\u00f1os, inici\u00e9 [&hellip;]","og_url":"https:\/\/lospoliticosveracruz.com\/?p=138324","og_site_name":"Los pol\u00edticos Veracruz","article_publisher":"https:\/\/www.facebook.com\/people\/Notimemes-de-los-Polticos\/61565672886568\/","article_published_time":"2025-02-21T13:25:20+00:00","article_modified_time":"2025-02-21T13:25:42+00:00","og_image":[{"width":600,"height":320,"url":"https:\/\/lospoliticosveracruz.com\/wp-content\/uploads\/2025\/02\/Mariana-Dunyaska-Garcia-Rojas.jpg","type":"image\/jpeg"}],"author":"Lo viste en Los Pol\u00edticos","twitter_card":"summary_large_image","twitter_creator":"@LosPoliticosVer","twitter_site":"@LosPoliticosVer","twitter_misc":{"Escrito por":"Lo viste en Los Pol\u00edticos","Tiempo de lectura":"3 minutos"},"schema":{"@context":"https:\/\/schema.org","@graph":[{"@type":"Article","@id":"https:\/\/lospoliticosveracruz.com\/?p=138324#article","isPartOf":{"@id":"https:\/\/lospoliticosveracruz.com\/?p=138324"},"author":{"name":"Lo viste en Los Pol\u00edticos","@id":"https:\/\/lospoliticosveracruz.com\/#\/schema\/person\/b8702bb0e538456e6efd07080bf2a4a2"},"headline":"CANDIDATOS PANISTAS, NO YUNISTAS!","datePublished":"2025-02-21T13:25:20+00:00","dateModified":"2025-02-21T13:25:42+00:00","mainEntityOfPage":{"@id":"https:\/\/lospoliticosveracruz.com\/?p=138324"},"wordCount":541,"publisher":{"@id":"https:\/\/lospoliticosveracruz.com\/#organization"},"image":{"@id":"https:\/\/lospoliticosveracruz.com\/?p=138324#primaryimage"},"thumbnailUrl":"https:\/\/lospoliticosveracruz.com\/wp-content\/uploads\/2025\/02\/Mariana-Dunyaska-Garcia-Rojas.jpg","keywords":["PAN","Veracruz"],"articleSection":["De Boleto"],"inLanguage":"es"},{"@type":"WebPage","@id":"https:\/\/lospoliticosveracruz.com\/?p=138324","url":"https:\/\/lospoliticosveracruz.com\/?p=138324","name":"CANDIDATOS PANISTAS, NO YUNISTAS! - Los pol\u00edticos Veracruz","isPartOf":{"@id":"https:\/\/lospoliticosveracruz.com\/#website"},"primaryImageOfPage":{"@id":"https:\/\/lospoliticosveracruz.com\/?p=138324#primaryimage"},"image":{"@id":"https:\/\/lospoliticosveracruz.com\/?p=138324#primaryimage"},"thumbnailUrl":"https:\/\/lospoliticosveracruz.com\/wp-content\/uploads\/2025\/02\/Mariana-Dunyaska-Garcia-Rojas.jpg","datePublished":"2025-02-21T13:25:20+00:00","dateModified":"2025-02-21T13:25:42+00:00","breadcrumb":{"@id":"https:\/\/lospoliticosveracruz.com\/?p=138324#breadcrumb"},"inLanguage":"es","potentialAction":[{"@type":"ReadAction","target":["https:\/\/lospoliticosveracruz.com\/?p=138324"]}]},{"@type":"ImageObject","inLanguage":"es","@id":"https:\/\/lospoliticosveracruz.com\/?p=138324#primaryimage","url":"https:\/\/lospoliticosveracruz.com\/wp-content\/uploads\/2025\/02\/Mariana-Dunyaska-Garcia-Rojas.jpg","contentUrl":"https:\/\/lospoliticosveracruz.com\/wp-content\/uploads\/2025\/02\/Mariana-Dunyaska-Garcia-Rojas.jpg","width":600,"height":320},{"@type":"BreadcrumbList","@id":"https:\/\/lospoliticosveracruz.com\/?p=138324#breadcrumb","itemListElement":[{"@type":"ListItem","position":1,"name":"Portada","item":"https:\/\/lospoliticosveracruz.com\/"},{"@type":"ListItem","position":2,"name":"CANDIDATOS PANISTAS, NO YUNISTAS!"}]},{"@type":"WebSite","@id":"https:\/\/lospoliticosveracruz.com\/#website","url":"https:\/\/lospoliticosveracruz.com\/","name":"Los pol\u00edticos Veracruz","description":"","publisher":{"@id":"https:\/\/lospoliticosveracruz.com\/#organization"},"potentialAction":[{"@type":"SearchAction","target":{"@type":"EntryPoint","urlTemplate":"https:\/\/lospoliticosveracruz.com\/?s={search_term_string}"},"query-input":{"@type":"PropertyValueSpecification","valueRequired":true,"valueName":"search_term_string"}}],"inLanguage":"es"},{"@type":"Organization","@id":"https:\/\/lospoliticosveracruz.com\/#organization","name":"Los pol\u00edticos Veracruz","url":"https:\/\/lospoliticosveracruz.com\/","logo":{"@type":"ImageObject","inLanguage":"es","@id":"https:\/\/lospoliticosveracruz.com\/#\/schema\/logo\/image\/","url":"https:\/\/lospoliticosveracruz.com\/wp-content\/uploads\/2025\/12\/Logo-Nuevo-LOS-POLITICOS-1.jpg","contentUrl":"https:\/\/lospoliticosveracruz.com\/wp-content\/uploads\/2025\/12\/Logo-Nuevo-LOS-POLITICOS-1.jpg","width":260,"height":70,"caption":"Los pol\u00edticos Veracruz"},"image":{"@id":"https:\/\/lospoliticosveracruz.com\/#\/schema\/logo\/image\/"},"sameAs":["https:\/\/www.facebook.com\/people\/Notimemes-de-los-Polticos\/61565672886568\/","https:\/\/x.com\/LosPoliticosVer"]},{"@type":"Person","@id":"https:\/\/lospoliticosveracruz.com\/#\/schema\/person\/b8702bb0e538456e6efd07080bf2a4a2","name":"Lo viste en Los Pol\u00edticos","image":{"@type":"ImageObject","inLanguage":"es","@id":"https:\/\/secure.gravatar.com\/avatar\/3a8de04a2656d44082be478bd6c086daa447c4651605818287b9532d3d0bd435?s=96&d=mm&r=g","url":"https:\/\/secure.gravatar.com\/avatar\/3a8de04a2656d44082be478bd6c086daa447c4651605818287b9532d3d0bd435?s=96&d=mm&r=g","contentUrl":"https:\/\/secure.gravatar.com\/avatar\/3a8de04a2656d44082be478bd6c086daa447c4651605818287b9532d3d0bd435?s=96&d=mm&r=g","caption":"Lo viste en Los Pol\u00edticos"},"url":"https:\/\/lospoliticosveracruz.com\/?author=2"}]}},"_links":{"self":[{"href":"https:\/\/lospoliticosveracruz.com\/index.php?rest_route=\/wp\/v2\/posts\/138324","targetHints":{"allow":["GET"]}}],"collection":[{"href":"https:\/\/lospoliticosveracruz.com\/index.php?rest_route=\/wp\/v2\/posts"}],"about":[{"href":"https:\/\/lospoliticosveracruz.com\/index.php?rest_route=\/wp\/v2\/types\/post"}],"author":[{"embeddable":true,"href":"https:\/\/lospoliticosveracruz.com\/index.php?rest_route=\/wp\/v2\/users\/2"}],"replies":[{"embeddable":true,"href":"https:\/\/lospoliticosveracruz.com\/index.php?rest_route=%2Fwp%2Fv2%2Fcomments&post=138324"}],"version-history":[{"count":2,"href":"https:\/\/lospoliticosveracruz.com\/index.php?rest_route=\/wp\/v2\/posts\/138324\/revisions"}],"predecessor-version":[{"id":138327,"href":"https:\/\/lospoliticosveracruz.com\/index.php?rest_route=\/wp\/v2\/posts\/138324\/revisions\/138327"}],"wp:featuredmedia":[{"embeddable":true,"href":"https:\/\/lospoliticosveracruz.com\/index.php?rest_route=\/wp\/v2\/media\/138325"}],"wp:attachment":[{"href":"https:\/\/lospoliticosveracruz.com\/index.php?rest_route=%2Fwp%2Fv2%2Fmedia&parent=138324"}],"wp:term":[{"taxonomy":"category","embeddable":true,"href":"https:\/\/lospoliticosveracruz.com\/index.php?rest_route=%2Fwp%2Fv2%2Fcategories&post=138324"},{"taxonomy":"post_tag","embeddable":true,"href":"https:\/\/lospoliticosveracruz.com\/index.php?rest_route=%2Fwp%2Fv2%2Ftags&post=138324"}],"curies":[{"name":"wp","href":"https:\/\/api.w.org\/{rel}","templated":true}]}}