{"id":13838,"date":"2014-12-02T12:10:04","date_gmt":"2014-12-02T18:10:04","guid":{"rendered":"http:\/\/www.lospoliticosveracruz.com.mx\/?p=13838"},"modified":"2014-12-02T12:10:04","modified_gmt":"2014-12-02T18:10:04","slug":"memoria-contra-el-olvido","status":"publish","type":"post","link":"https:\/\/lospoliticosveracruz.com\/?p=13838","title":{"rendered":"Memoria contra el olvido"},"content":{"rendered":"<p><a href=\"http:\/\/www.lospoliticosveracruz.com.mx\/wp-content\/uploads\/2014\/12\/Ayotzinapa.jpg\"><img loading=\"lazy\" decoding=\"async\" class=\"alignnone size-medium wp-image-13840\" src=\"http:\/\/www.lospoliticosveracruz.com.mx\/wp-content\/uploads\/2014\/12\/Ayotzinapa-300x158.jpg\" alt=\"Ayotzinapa\" width=\"300\" height=\"158\" \/><\/a><\/p>\n<p><strong>Jorge Arturo Rodr\u00edguez<\/strong><\/p>\n<p><em>Tierra de Babel<\/em><\/p>\n<p>&nbsp;<\/p>\n<p>\u201cM\u00e9xico est\u00e1 perdiendo todo, empezando por su identidad\u201d, me comenta un amigo, quien agrega: \u201cY lo peor es que no hacemos nada, somos muchos los quejosos pero pocos los que se indignan realmente en pensamiento, palabra, obra y omisi\u00f3n\u201d. Se carcajea mi amigo y, entre broma y broma, me pregunta por el n\u00famero de cubanos que desertaron en los Juegos Centroamericanos y del Caribe 2014, y se contesta \u00e9l mismo: \u201cLos que hayan sido, \u00bfPor qu\u00e9 desertaron? \u00bfPor qu\u00e9 abandonar su pa\u00eds? Hay muchas razones, pero a veces a m\u00ed me da por abandonar, por mandar a la chingada a mi pa\u00eds, este pa\u00eds que huele a fosa\u201d. Vuelve a carcajearse y cita a Emerso: \u201cAbandonar puede tener justificaci\u00f3n; abandonarse, no la tiene jam\u00e1s\u201d. Le digo: \u201cAh\u00ed est\u00e1, amigo, la soluci\u00f3n de M\u00e9xico, no hay que abandonarse, hay que seguir luchando, porque como dijo Napole\u00f3n Bonaparte: \u201cAbandonarse al dolor sin resistir, suicidarse para sustraerse de \u00e9l, es abandonar el campo de batalla sin haber luchado\u201d.<br \/>\nCosas que tiene la vida. Es tan corto el amor y tan largo el olvido, escribiera Pablo Neruda. Y eso, precisamente, hay que evitar: el olvido. Milan Kundera dijo que la lucha del hombre contra el poder es la lucha de la memoria contra el olvido. Y mi tocayo Arthur Miller dec\u00eda que el paso del tiempo condena al olvido la memoria de un pa\u00eds. \u00a1Ay, g\u00fcey!<br \/>\nAqu\u00ed nos toc\u00f3 vivir. Por eso no hay que olvidar. Todos somos M\u00e9xico y hay que luchar. Williams Deer escribi\u00f3 \u201cEl loco\u201d: \u201cLo recluyeron en el manicomio, no sin antes golpearlo inhumanamente. Gritaba, desesperado, que al mundo le faltaba libertad y amor\u201d.<br \/>\nY pa\u2019 no olvidar, a prop\u00f3sito de Ayotzinapa, en el relato ficci\u00f3n \u201c\u00bfAs\u00ed fue?\u201d, de Diego Latorre L\u00f3pez, leo (ojal\u00e1 lo lean completo en Confabulario No.77, de El Universal, 23 de noviembre de 2014): \u201cMe asust\u00e9 mucho y teniendo el tel\u00e9fono de Sebasti\u00e1n en la mano, mi viejo contest\u00f3. Oy\u00f3 la balacera, me dijo s\u00e1cate de all\u00ed. Se cort\u00f3 la llamada. Ca\u00ed al piso del cami\u00f3n sin querer, empujado por una fuerza de fuera y empec\u00e9 a sangrar. Me reventaron el cachete de un balazo y segu\u00eda vivo. Salt\u00e9 del cami\u00f3n por la ventana contraria a donde estaba. Azot\u00e9 en el pavimento y me arrastr\u00e9 para meterme por debajo del cami\u00f3n. A Julio C\u00e9sar lo estaban machacando. Sus gritos era lo \u00fanico que yo o\u00eda. Se ensa\u00f1aron con \u00e9l y aunque suplicaba, los malditos lo hicieron sufrir. Lo pelaron vivo como una mandarina, mientras le gritaban que as\u00ed de pinche feo no lo iba a reconocer ni su puta madre. Pero Julio Cesar los mir\u00f3, todo desollado y con desprecio les clav\u00f3 los ojos para que supieran que esa cara humana desangrante, sin piel, los iba a mirar siempre, los seguir\u00eda siempre a d\u00f3nde fueran. Por eso uno le dijo a otro, -qu\u00edtale los ojos para que ya no nos mire-; y as\u00ed sin ojos todav\u00eda tuvo la fuerza, Julio, para mandarlos al diablo, hasta que un bala le parti\u00f3 el cr\u00e1neo en dos\u201d.<\/p>\n<p>&nbsp;<\/p>\n<p><strong>De cinismo y anexas<\/strong><\/p>\n<p>Pilar del R\u00edo, en entrevista con motivo de la presentaci\u00f3n del libro\u00a0Alabardas, de Jos\u00e9 Saramago, dice que para el escritor \u201cla violencia le parec\u00eda que era la vejaci\u00f3n \u00faltima de lo que entendemos por humanidad, es decir, el ser humano se distingue porque usa la raz\u00f3n, y la violencia es no usarla, es un instinto depredador enfermizo. La violencia es una enfermedad de la sociedad. Eso es el\u00a0Alabardas,\u00a0de Saramago: que la violencia no se puede producir en la sociedad y en los estados si no hay connivencia de los ciudadanos.\u201d<br \/>\nPor lo pronto, ah\u00ed se ven.<\/p>\n","protected":false},"excerpt":{"rendered":"<p>Jorge Arturo Rodr\u00edguez Tierra de Babel &nbsp; \u201cM\u00e9xico est\u00e1 perdiendo todo, empezando por su identidad\u201d, me comenta un amigo, quien agrega: \u201cY lo peor es que no hacemos nada, somos muchos los quejosos pero pocos los que se indignan realmente en pensamiento, palabra, obra y omisi\u00f3n\u201d. Se carcajea mi amigo y, entre broma y broma, [&hellip;]<\/p>\n","protected":false},"author":2,"featured_media":0,"comment_status":"open","ping_status":"open","sticky":false,"template":"","format":"standard","meta":{"tdm_status":"","tdm_grid_status":"","footnotes":""},"categories":[70],"tags":[101,1071],"class_list":{"0":"post-13838","1":"post","2":"type-post","3":"status-publish","4":"format-standard","6":"category-de-opinion","7":"tag-ayotzinapa","8":"tag-diego-latorre-lopez"},"yoast_head":"<!-- This site is optimized with the Yoast SEO plugin v27.4 - https:\/\/yoast.com\/product\/yoast-seo-wordpress\/ -->\n<title>Memoria contra el olvido - Los pol\u00edticos Veracruz<\/title>\n<meta name=\"robots\" content=\"index, follow, max-snippet:-1, max-image-preview:large, max-video-preview:-1\" \/>\n<link rel=\"canonical\" href=\"https:\/\/lospoliticosveracruz.com\/?p=13838\" \/>\n<meta property=\"og:locale\" content=\"es_ES\" \/>\n<meta property=\"og:type\" content=\"article\" \/>\n<meta property=\"og:title\" content=\"Memoria contra el olvido - Los pol\u00edticos Veracruz\" \/>\n<meta property=\"og:description\" content=\"Jorge Arturo Rodr\u00edguez Tierra de Babel &nbsp; \u201cM\u00e9xico est\u00e1 perdiendo todo, empezando por su identidad\u201d, me comenta un amigo, quien agrega: \u201cY lo peor es que no hacemos nada, somos muchos los quejosos pero pocos los que se indignan realmente en pensamiento, palabra, obra y omisi\u00f3n\u201d. Se carcajea mi amigo y, entre broma y broma, [&hellip;]\" \/>\n<meta property=\"og:url\" content=\"https:\/\/lospoliticosveracruz.com\/?p=13838\" \/>\n<meta property=\"og:site_name\" content=\"Los pol\u00edticos Veracruz\" \/>\n<meta property=\"article:publisher\" content=\"https:\/\/www.facebook.com\/people\/Notimemes-de-los-Polticos\/61565672886568\/\" \/>\n<meta property=\"article:published_time\" content=\"2014-12-02T18:10:04+00:00\" \/>\n<meta property=\"og:image\" content=\"http:\/\/www.lospoliticosveracruz.com.mx\/wp-content\/uploads\/2014\/12\/Ayotzinapa-300x158.jpg\" \/>\n<meta name=\"author\" content=\"Lo viste en Los Pol\u00edticos\" \/>\n<meta name=\"twitter:card\" content=\"summary_large_image\" \/>\n<meta name=\"twitter:creator\" content=\"@LosPoliticosVer\" \/>\n<meta name=\"twitter:site\" content=\"@LosPoliticosVer\" \/>\n<meta name=\"twitter:label1\" content=\"Escrito por\" \/>\n\t<meta name=\"twitter:data1\" content=\"Lo viste en Los Pol\u00edticos\" \/>\n\t<meta name=\"twitter:label2\" content=\"Tiempo de lectura\" \/>\n\t<meta name=\"twitter:data2\" content=\"3 minutos\" \/>\n<script type=\"application\/ld+json\" class=\"yoast-schema-graph\">{\"@context\":\"https:\\\/\\\/schema.org\",\"@graph\":[{\"@type\":\"Article\",\"@id\":\"https:\\\/\\\/lospoliticosveracruz.com\\\/?p=13838#article\",\"isPartOf\":{\"@id\":\"https:\\\/\\\/lospoliticosveracruz.com\\\/?p=13838\"},\"author\":{\"name\":\"Lo viste en Los Pol\u00edticos\",\"@id\":\"https:\\\/\\\/lospoliticosveracruz.com\\\/#\\\/schema\\\/person\\\/b8702bb0e538456e6efd07080bf2a4a2\"},\"headline\":\"Memoria contra el olvido\",\"datePublished\":\"2014-12-02T18:10:04+00:00\",\"mainEntityOfPage\":{\"@id\":\"https:\\\/\\\/lospoliticosveracruz.com\\\/?p=13838\"},\"wordCount\":659,\"commentCount\":0,\"publisher\":{\"@id\":\"https:\\\/\\\/lospoliticosveracruz.com\\\/#organization\"},\"image\":{\"@id\":\"https:\\\/\\\/lospoliticosveracruz.com\\\/?p=13838#primaryimage\"},\"thumbnailUrl\":\"http:\\\/\\\/www.lospoliticosveracruz.com.mx\\\/wp-content\\\/uploads\\\/2014\\\/12\\\/Ayotzinapa-300x158.jpg\",\"keywords\":[\"Ayotzinapa\",\"Diego Latorre L\u00f3pez\"],\"articleSection\":[\"De Opini\u00f3n\"],\"inLanguage\":\"es\",\"potentialAction\":[{\"@type\":\"CommentAction\",\"name\":\"Comment\",\"target\":[\"https:\\\/\\\/lospoliticosveracruz.com\\\/?p=13838#respond\"]}]},{\"@type\":\"WebPage\",\"@id\":\"https:\\\/\\\/lospoliticosveracruz.com\\\/?p=13838\",\"url\":\"https:\\\/\\\/lospoliticosveracruz.com\\\/?p=13838\",\"name\":\"Memoria contra el olvido - Los pol\u00edticos Veracruz\",\"isPartOf\":{\"@id\":\"https:\\\/\\\/lospoliticosveracruz.com\\\/#website\"},\"primaryImageOfPage\":{\"@id\":\"https:\\\/\\\/lospoliticosveracruz.com\\\/?p=13838#primaryimage\"},\"image\":{\"@id\":\"https:\\\/\\\/lospoliticosveracruz.com\\\/?p=13838#primaryimage\"},\"thumbnailUrl\":\"http:\\\/\\\/www.lospoliticosveracruz.com.mx\\\/wp-content\\\/uploads\\\/2014\\\/12\\\/Ayotzinapa-300x158.jpg\",\"datePublished\":\"2014-12-02T18:10:04+00:00\",\"breadcrumb\":{\"@id\":\"https:\\\/\\\/lospoliticosveracruz.com\\\/?p=13838#breadcrumb\"},\"inLanguage\":\"es\",\"potentialAction\":[{\"@type\":\"ReadAction\",\"target\":[\"https:\\\/\\\/lospoliticosveracruz.com\\\/?p=13838\"]}]},{\"@type\":\"ImageObject\",\"inLanguage\":\"es\",\"@id\":\"https:\\\/\\\/lospoliticosveracruz.com\\\/?p=13838#primaryimage\",\"url\":\"http:\\\/\\\/www.lospoliticosveracruz.com.mx\\\/wp-content\\\/uploads\\\/2014\\\/12\\\/Ayotzinapa-300x158.jpg\",\"contentUrl\":\"http:\\\/\\\/www.lospoliticosveracruz.com.mx\\\/wp-content\\\/uploads\\\/2014\\\/12\\\/Ayotzinapa-300x158.jpg\"},{\"@type\":\"BreadcrumbList\",\"@id\":\"https:\\\/\\\/lospoliticosveracruz.com\\\/?p=13838#breadcrumb\",\"itemListElement\":[{\"@type\":\"ListItem\",\"position\":1,\"name\":\"Portada\",\"item\":\"https:\\\/\\\/lospoliticosveracruz.com\\\/\"},{\"@type\":\"ListItem\",\"position\":2,\"name\":\"Memoria contra el olvido\"}]},{\"@type\":\"WebSite\",\"@id\":\"https:\\\/\\\/lospoliticosveracruz.com\\\/#website\",\"url\":\"https:\\\/\\\/lospoliticosveracruz.com\\\/\",\"name\":\"Los pol\u00edticos Veracruz\",\"description\":\"\",\"publisher\":{\"@id\":\"https:\\\/\\\/lospoliticosveracruz.com\\\/#organization\"},\"potentialAction\":[{\"@type\":\"SearchAction\",\"target\":{\"@type\":\"EntryPoint\",\"urlTemplate\":\"https:\\\/\\\/lospoliticosveracruz.com\\\/?s={search_term_string}\"},\"query-input\":{\"@type\":\"PropertyValueSpecification\",\"valueRequired\":true,\"valueName\":\"search_term_string\"}}],\"inLanguage\":\"es\"},{\"@type\":\"Organization\",\"@id\":\"https:\\\/\\\/lospoliticosveracruz.com\\\/#organization\",\"name\":\"Los pol\u00edticos Veracruz\",\"url\":\"https:\\\/\\\/lospoliticosveracruz.com\\\/\",\"logo\":{\"@type\":\"ImageObject\",\"inLanguage\":\"es\",\"@id\":\"https:\\\/\\\/lospoliticosveracruz.com\\\/#\\\/schema\\\/logo\\\/image\\\/\",\"url\":\"https:\\\/\\\/lospoliticosveracruz.com\\\/wp-content\\\/uploads\\\/2025\\\/12\\\/Logo-Nuevo-LOS-POLITICOS-1.jpg\",\"contentUrl\":\"https:\\\/\\\/lospoliticosveracruz.com\\\/wp-content\\\/uploads\\\/2025\\\/12\\\/Logo-Nuevo-LOS-POLITICOS-1.jpg\",\"width\":260,\"height\":70,\"caption\":\"Los pol\u00edticos Veracruz\"},\"image\":{\"@id\":\"https:\\\/\\\/lospoliticosveracruz.com\\\/#\\\/schema\\\/logo\\\/image\\\/\"},\"sameAs\":[\"https:\\\/\\\/www.facebook.com\\\/people\\\/Notimemes-de-los-Polticos\\\/61565672886568\\\/\",\"https:\\\/\\\/x.com\\\/LosPoliticosVer\"]},{\"@type\":\"Person\",\"@id\":\"https:\\\/\\\/lospoliticosveracruz.com\\\/#\\\/schema\\\/person\\\/b8702bb0e538456e6efd07080bf2a4a2\",\"name\":\"Lo viste en Los Pol\u00edticos\",\"image\":{\"@type\":\"ImageObject\",\"inLanguage\":\"es\",\"@id\":\"https:\\\/\\\/secure.gravatar.com\\\/avatar\\\/3a8de04a2656d44082be478bd6c086daa447c4651605818287b9532d3d0bd435?s=96&d=mm&r=g\",\"url\":\"https:\\\/\\\/secure.gravatar.com\\\/avatar\\\/3a8de04a2656d44082be478bd6c086daa447c4651605818287b9532d3d0bd435?s=96&d=mm&r=g\",\"contentUrl\":\"https:\\\/\\\/secure.gravatar.com\\\/avatar\\\/3a8de04a2656d44082be478bd6c086daa447c4651605818287b9532d3d0bd435?s=96&d=mm&r=g\",\"caption\":\"Lo viste en Los Pol\u00edticos\"},\"url\":\"https:\\\/\\\/lospoliticosveracruz.com\\\/?author=2\"}]}<\/script>\n<!-- \/ Yoast SEO plugin. -->","yoast_head_json":{"title":"Memoria contra el olvido - Los pol\u00edticos Veracruz","robots":{"index":"index","follow":"follow","max-snippet":"max-snippet:-1","max-image-preview":"max-image-preview:large","max-video-preview":"max-video-preview:-1"},"canonical":"https:\/\/lospoliticosveracruz.com\/?p=13838","og_locale":"es_ES","og_type":"article","og_title":"Memoria contra el olvido - Los pol\u00edticos Veracruz","og_description":"Jorge Arturo Rodr\u00edguez Tierra de Babel &nbsp; \u201cM\u00e9xico est\u00e1 perdiendo todo, empezando por su identidad\u201d, me comenta un amigo, quien agrega: \u201cY lo peor es que no hacemos nada, somos muchos los quejosos pero pocos los que se indignan realmente en pensamiento, palabra, obra y omisi\u00f3n\u201d. Se carcajea mi amigo y, entre broma y broma, [&hellip;]","og_url":"https:\/\/lospoliticosveracruz.com\/?p=13838","og_site_name":"Los pol\u00edticos Veracruz","article_publisher":"https:\/\/www.facebook.com\/people\/Notimemes-de-los-Polticos\/61565672886568\/","article_published_time":"2014-12-02T18:10:04+00:00","og_image":[{"url":"http:\/\/www.lospoliticosveracruz.com.mx\/wp-content\/uploads\/2014\/12\/Ayotzinapa-300x158.jpg","type":"","width":"","height":""}],"author":"Lo viste en Los Pol\u00edticos","twitter_card":"summary_large_image","twitter_creator":"@LosPoliticosVer","twitter_site":"@LosPoliticosVer","twitter_misc":{"Escrito por":"Lo viste en Los Pol\u00edticos","Tiempo de lectura":"3 minutos"},"schema":{"@context":"https:\/\/schema.org","@graph":[{"@type":"Article","@id":"https:\/\/lospoliticosveracruz.com\/?p=13838#article","isPartOf":{"@id":"https:\/\/lospoliticosveracruz.com\/?p=13838"},"author":{"name":"Lo viste en Los Pol\u00edticos","@id":"https:\/\/lospoliticosveracruz.com\/#\/schema\/person\/b8702bb0e538456e6efd07080bf2a4a2"},"headline":"Memoria contra el olvido","datePublished":"2014-12-02T18:10:04+00:00","mainEntityOfPage":{"@id":"https:\/\/lospoliticosveracruz.com\/?p=13838"},"wordCount":659,"commentCount":0,"publisher":{"@id":"https:\/\/lospoliticosveracruz.com\/#organization"},"image":{"@id":"https:\/\/lospoliticosveracruz.com\/?p=13838#primaryimage"},"thumbnailUrl":"http:\/\/www.lospoliticosveracruz.com.mx\/wp-content\/uploads\/2014\/12\/Ayotzinapa-300x158.jpg","keywords":["Ayotzinapa","Diego Latorre L\u00f3pez"],"articleSection":["De Opini\u00f3n"],"inLanguage":"es","potentialAction":[{"@type":"CommentAction","name":"Comment","target":["https:\/\/lospoliticosveracruz.com\/?p=13838#respond"]}]},{"@type":"WebPage","@id":"https:\/\/lospoliticosveracruz.com\/?p=13838","url":"https:\/\/lospoliticosveracruz.com\/?p=13838","name":"Memoria contra el olvido - Los pol\u00edticos Veracruz","isPartOf":{"@id":"https:\/\/lospoliticosveracruz.com\/#website"},"primaryImageOfPage":{"@id":"https:\/\/lospoliticosveracruz.com\/?p=13838#primaryimage"},"image":{"@id":"https:\/\/lospoliticosveracruz.com\/?p=13838#primaryimage"},"thumbnailUrl":"http:\/\/www.lospoliticosveracruz.com.mx\/wp-content\/uploads\/2014\/12\/Ayotzinapa-300x158.jpg","datePublished":"2014-12-02T18:10:04+00:00","breadcrumb":{"@id":"https:\/\/lospoliticosveracruz.com\/?p=13838#breadcrumb"},"inLanguage":"es","potentialAction":[{"@type":"ReadAction","target":["https:\/\/lospoliticosveracruz.com\/?p=13838"]}]},{"@type":"ImageObject","inLanguage":"es","@id":"https:\/\/lospoliticosveracruz.com\/?p=13838#primaryimage","url":"http:\/\/www.lospoliticosveracruz.com.mx\/wp-content\/uploads\/2014\/12\/Ayotzinapa-300x158.jpg","contentUrl":"http:\/\/www.lospoliticosveracruz.com.mx\/wp-content\/uploads\/2014\/12\/Ayotzinapa-300x158.jpg"},{"@type":"BreadcrumbList","@id":"https:\/\/lospoliticosveracruz.com\/?p=13838#breadcrumb","itemListElement":[{"@type":"ListItem","position":1,"name":"Portada","item":"https:\/\/lospoliticosveracruz.com\/"},{"@type":"ListItem","position":2,"name":"Memoria contra el olvido"}]},{"@type":"WebSite","@id":"https:\/\/lospoliticosveracruz.com\/#website","url":"https:\/\/lospoliticosveracruz.com\/","name":"Los pol\u00edticos Veracruz","description":"","publisher":{"@id":"https:\/\/lospoliticosveracruz.com\/#organization"},"potentialAction":[{"@type":"SearchAction","target":{"@type":"EntryPoint","urlTemplate":"https:\/\/lospoliticosveracruz.com\/?s={search_term_string}"},"query-input":{"@type":"PropertyValueSpecification","valueRequired":true,"valueName":"search_term_string"}}],"inLanguage":"es"},{"@type":"Organization","@id":"https:\/\/lospoliticosveracruz.com\/#organization","name":"Los pol\u00edticos Veracruz","url":"https:\/\/lospoliticosveracruz.com\/","logo":{"@type":"ImageObject","inLanguage":"es","@id":"https:\/\/lospoliticosveracruz.com\/#\/schema\/logo\/image\/","url":"https:\/\/lospoliticosveracruz.com\/wp-content\/uploads\/2025\/12\/Logo-Nuevo-LOS-POLITICOS-1.jpg","contentUrl":"https:\/\/lospoliticosveracruz.com\/wp-content\/uploads\/2025\/12\/Logo-Nuevo-LOS-POLITICOS-1.jpg","width":260,"height":70,"caption":"Los pol\u00edticos Veracruz"},"image":{"@id":"https:\/\/lospoliticosveracruz.com\/#\/schema\/logo\/image\/"},"sameAs":["https:\/\/www.facebook.com\/people\/Notimemes-de-los-Polticos\/61565672886568\/","https:\/\/x.com\/LosPoliticosVer"]},{"@type":"Person","@id":"https:\/\/lospoliticosveracruz.com\/#\/schema\/person\/b8702bb0e538456e6efd07080bf2a4a2","name":"Lo viste en Los Pol\u00edticos","image":{"@type":"ImageObject","inLanguage":"es","@id":"https:\/\/secure.gravatar.com\/avatar\/3a8de04a2656d44082be478bd6c086daa447c4651605818287b9532d3d0bd435?s=96&d=mm&r=g","url":"https:\/\/secure.gravatar.com\/avatar\/3a8de04a2656d44082be478bd6c086daa447c4651605818287b9532d3d0bd435?s=96&d=mm&r=g","contentUrl":"https:\/\/secure.gravatar.com\/avatar\/3a8de04a2656d44082be478bd6c086daa447c4651605818287b9532d3d0bd435?s=96&d=mm&r=g","caption":"Lo viste en Los Pol\u00edticos"},"url":"https:\/\/lospoliticosveracruz.com\/?author=2"}]}},"_links":{"self":[{"href":"https:\/\/lospoliticosveracruz.com\/index.php?rest_route=\/wp\/v2\/posts\/13838","targetHints":{"allow":["GET"]}}],"collection":[{"href":"https:\/\/lospoliticosveracruz.com\/index.php?rest_route=\/wp\/v2\/posts"}],"about":[{"href":"https:\/\/lospoliticosveracruz.com\/index.php?rest_route=\/wp\/v2\/types\/post"}],"author":[{"embeddable":true,"href":"https:\/\/lospoliticosveracruz.com\/index.php?rest_route=\/wp\/v2\/users\/2"}],"replies":[{"embeddable":true,"href":"https:\/\/lospoliticosveracruz.com\/index.php?rest_route=%2Fwp%2Fv2%2Fcomments&post=13838"}],"version-history":[{"count":2,"href":"https:\/\/lospoliticosveracruz.com\/index.php?rest_route=\/wp\/v2\/posts\/13838\/revisions"}],"predecessor-version":[{"id":13841,"href":"https:\/\/lospoliticosveracruz.com\/index.php?rest_route=\/wp\/v2\/posts\/13838\/revisions\/13841"}],"wp:attachment":[{"href":"https:\/\/lospoliticosveracruz.com\/index.php?rest_route=%2Fwp%2Fv2%2Fmedia&parent=13838"}],"wp:term":[{"taxonomy":"category","embeddable":true,"href":"https:\/\/lospoliticosveracruz.com\/index.php?rest_route=%2Fwp%2Fv2%2Fcategories&post=13838"},{"taxonomy":"post_tag","embeddable":true,"href":"https:\/\/lospoliticosveracruz.com\/index.php?rest_route=%2Fwp%2Fv2%2Ftags&post=13838"}],"curies":[{"name":"wp","href":"https:\/\/api.w.org\/{rel}","templated":true}]}}