{"id":13842,"date":"2014-12-02T12:18:54","date_gmt":"2014-12-02T18:18:54","guid":{"rendered":"http:\/\/www.lospoliticosveracruz.com.mx\/?p=13842"},"modified":"2014-12-02T12:18:55","modified_gmt":"2014-12-02T18:18:55","slug":"cual-equidad","status":"publish","type":"post","link":"https:\/\/lospoliticosveracruz.com\/?p=13842","title":{"rendered":"\u00bfCu\u00e1l equidad?"},"content":{"rendered":"<p><a href=\"http:\/\/www.lospoliticosveracruz.com.mx\/wp-content\/uploads\/2014\/12\/Adolfo-Mota-Noem\u00ed-Guzm\u00e1n.jpg\"><img loading=\"lazy\" decoding=\"async\" class=\"alignnone size-medium wp-image-13843\" src=\"http:\/\/www.lospoliticosveracruz.com.mx\/wp-content\/uploads\/2014\/12\/Adolfo-Mota-Noem\u00ed-Guzm\u00e1n-300x169.jpg\" alt=\"Adolfo Mota Noem\u00ed Guzm\u00e1n\" width=\"300\" height=\"169\" \/><\/a><\/p>\n<p><strong>Luis Alberto Romero<\/strong><\/p>\n<p><em>Hora Cero<\/em><\/p>\n<p>&nbsp;<\/p>\n<p>El proceso electoral federal de 2015 ser\u00e1 la primera prueba importante para el recientemente creado Instituto Nacional Electoral.<\/p>\n<p>Previamente, en septiembre, el \u00f3rgano electoral se encarg\u00f3 del proceso interno del Partido de la Revoluci\u00f3n Democr\u00e1tica, que eligi\u00f3 consejeros nacionales, estatales y municipales y renov\u00f3 tambi\u00e9n a su Congreso Nacional; ese mismo mes, ese partido inici\u00f3 la renovaci\u00f3n de sus instancias directivas en todos los niveles, proceso que todav\u00eda contin\u00faa en el \u00e1mbito municipal.<\/p>\n<p>Sin embargo, la prueba importante para el INE no radica en ese ejercicio interno del PRD, sino en el proceso federal constitucional que comenz\u00f3 pasado 7 de octubre y concluir\u00e1 con la declaratoria de validez de la jornada electoral del 7 de junio del pr\u00f3ximo a\u00f1o, cuando se renovar\u00e1n los poderes ejecutivos de Baja California Sur, Campeche, Colima, Guerrero, Michoac\u00e1n, Nuevo Le\u00f3n, Quer\u00e9taro, San Luis Potos\u00ed y Sonora; al igual que ayuntamientos y legislaturas locales en 17 entidades; as\u00ed como la c\u00e1mara baja del Congreso de la Uni\u00f3n.<\/p>\n<p>En este proceso se estrenan las nuevas reglas en materia electoral, que incluyen un mayor control en el gasto de partidos pol\u00edticos y candidatos y una estricta fiscalizaci\u00f3n, a fin de evitar que los ciudadanos que buscan cargos de elecci\u00f3n popular ganen los procesos en condiciones de inequidad.<\/p>\n<p>Ese es un tema en el que los avances del sistema electoral son incuestionables. Antes, por ejemplo, si un partido o candidato violaba los topes de campa\u00f1a; era financiado con recursos de procedencia il\u00edcita; o participaba en un proceso en condiciones ventajosas y de inequidad, las denuncias \u2013en el mejor de los casos\u2013 se resolv\u00edan hasta dos a\u00f1os despu\u00e9s de las campa\u00f1as; hoy se habla de un sistema de fiscalizaci\u00f3n en l\u00ednea y pr\u00e1cticamente inmediato, que busca transparencia, rapidez en las resoluciones y, sobre todo, procesos electorales equitativos.<\/p>\n<p>Precisamente, la equidad en las contiendas es uno de los temas medulares de las recientes reformas en materia pol\u00edtico electoral de nuestro pa\u00eds, porque se trata de evitar las sospechas sobre contiendas injustas y en condici\u00f3n de desigualdad entre las diferentes fuerzas.<\/p>\n<p>Es un asunto que incluye fiscalizaci\u00f3n, investigaci\u00f3n de los recursos usados en campa\u00f1as y precampa\u00f1as, as\u00ed como el monitoreo a tiempos y espacios en medios de comunicaci\u00f3n; en ese sentido, el Instituto Nacional Electoral da seguimiento a las denuncias presentadas contra los funcionarios de gobierno veracruzano que han sido acusados por actos anticipados de campa\u00f1a, hasta ahora, los secretarios de Educaci\u00f3n, Adolfo Mota Hern\u00e1ndez; Protecci\u00f3n Civil, Noem\u00ed Guzm\u00e1n Lagunes; y el tesorero de la Secretar\u00eda de Finanzas, Antonio Tarek Abdal\u00e1 Saad.<\/p>\n<p>Lo lamentable es que esos y otros funcionarios del gabinete estatal, porque esos tres no son los \u00fanicos, siguen en franca precampa\u00f1a en sus respectivos distritos, pasando por alto el principio de equidad en la contienda.<\/p>\n<p>El secretario de educaci\u00f3n, por ejemplo, concentra su atenci\u00f3n en el distrito de Xalapa Rural, mientras que la titular de Protecci\u00f3n Civil no sale de los municipios del distrito de Coatepec, con el pretexto de que sus recorridos, visitas y eventos son acciones de gobierno y no de promoci\u00f3n pol\u00edtica; sin embargo, esos actos anticipados de campa\u00f1a, que son disfrazados, ponen en desventaja a los partidos de oposici\u00f3n, lo que tendr\u00eda que ser observado por el \u00f3rgano electoral. @luisromero85<\/p>\n","protected":false},"excerpt":{"rendered":"<p>Luis Alberto Romero Hora Cero &nbsp; El proceso electoral federal de 2015 ser\u00e1 la primera prueba importante para el recientemente creado Instituto Nacional Electoral. Previamente, en septiembre, el \u00f3rgano electoral se encarg\u00f3 del proceso interno del Partido de la Revoluci\u00f3n Democr\u00e1tica, que eligi\u00f3 consejeros nacionales, estatales y municipales y renov\u00f3 tambi\u00e9n a su Congreso Nacional; [&hellip;]<\/p>\n","protected":false},"author":2,"featured_media":0,"comment_status":"open","ping_status":"open","sticky":false,"template":"","format":"standard","meta":{"tdm_status":"","tdm_grid_status":"","footnotes":""},"categories":[1],"tags":[554,1072,1073,850],"class_list":{"0":"post-13842","1":"post","2":"type-post","3":"status-publish","4":"format-standard","6":"category-sin-categoria","7":"tag-ine","8":"tag-noemi-guzman","9":"tag-precampanas","10":"tag-tarek-abdala-saad"},"yoast_head":"<!-- This site is optimized with the Yoast SEO plugin v27.4 - https:\/\/yoast.com\/product\/yoast-seo-wordpress\/ -->\n<title>\u00bfCu\u00e1l equidad? - Los pol\u00edticos Veracruz<\/title>\n<meta name=\"robots\" content=\"index, follow, max-snippet:-1, max-image-preview:large, max-video-preview:-1\" \/>\n<link rel=\"canonical\" href=\"https:\/\/lospoliticosveracruz.com\/?p=13842\" \/>\n<meta property=\"og:locale\" content=\"es_ES\" \/>\n<meta property=\"og:type\" content=\"article\" \/>\n<meta property=\"og:title\" content=\"\u00bfCu\u00e1l equidad? - Los pol\u00edticos Veracruz\" \/>\n<meta property=\"og:description\" content=\"Luis Alberto Romero Hora Cero &nbsp; El proceso electoral federal de 2015 ser\u00e1 la primera prueba importante para el recientemente creado Instituto Nacional Electoral. Previamente, en septiembre, el \u00f3rgano electoral se encarg\u00f3 del proceso interno del Partido de la Revoluci\u00f3n Democr\u00e1tica, que eligi\u00f3 consejeros nacionales, estatales y municipales y renov\u00f3 tambi\u00e9n a su Congreso Nacional; [&hellip;]\" \/>\n<meta property=\"og:url\" content=\"https:\/\/lospoliticosveracruz.com\/?p=13842\" \/>\n<meta property=\"og:site_name\" content=\"Los pol\u00edticos Veracruz\" \/>\n<meta property=\"article:publisher\" content=\"https:\/\/www.facebook.com\/people\/Notimemes-de-los-Polticos\/61565672886568\/\" \/>\n<meta property=\"article:published_time\" content=\"2014-12-02T18:18:54+00:00\" \/>\n<meta property=\"article:modified_time\" content=\"2014-12-02T18:18:55+00:00\" \/>\n<meta property=\"og:image\" content=\"https:\/\/lospoliticosveracruz.com\/wp-content\/uploads\/2016\/07\/Logo-Dor.jpg\" \/>\n\t<meta property=\"og:image:width\" content=\"200\" \/>\n\t<meta property=\"og:image:height\" content=\"200\" \/>\n\t<meta property=\"og:image:type\" content=\"image\/jpeg\" \/>\n<meta name=\"author\" content=\"Lo viste en Los Pol\u00edticos\" \/>\n<meta name=\"twitter:card\" content=\"summary_large_image\" \/>\n<meta name=\"twitter:creator\" content=\"@LosPoliticosVer\" \/>\n<meta name=\"twitter:site\" content=\"@LosPoliticosVer\" \/>\n<meta name=\"twitter:label1\" content=\"Escrito por\" \/>\n\t<meta name=\"twitter:data1\" content=\"Lo viste en Los Pol\u00edticos\" \/>\n\t<meta name=\"twitter:label2\" content=\"Tiempo de lectura\" \/>\n\t<meta name=\"twitter:data2\" content=\"3 minutos\" \/>\n<script type=\"application\/ld+json\" class=\"yoast-schema-graph\">{\"@context\":\"https:\\\/\\\/schema.org\",\"@graph\":[{\"@type\":\"Article\",\"@id\":\"https:\\\/\\\/lospoliticosveracruz.com\\\/?p=13842#article\",\"isPartOf\":{\"@id\":\"https:\\\/\\\/lospoliticosveracruz.com\\\/?p=13842\"},\"author\":{\"name\":\"Lo viste en Los Pol\u00edticos\",\"@id\":\"https:\\\/\\\/lospoliticosveracruz.com\\\/#\\\/schema\\\/person\\\/b8702bb0e538456e6efd07080bf2a4a2\"},\"headline\":\"\u00bfCu\u00e1l equidad?\",\"datePublished\":\"2014-12-02T18:18:54+00:00\",\"dateModified\":\"2014-12-02T18:18:55+00:00\",\"mainEntityOfPage\":{\"@id\":\"https:\\\/\\\/lospoliticosveracruz.com\\\/?p=13842\"},\"wordCount\":589,\"commentCount\":0,\"publisher\":{\"@id\":\"https:\\\/\\\/lospoliticosveracruz.com\\\/#organization\"},\"keywords\":[\"INE\",\"Noem\u00ed Guzm\u00e1n\",\"precampa\u00f1as\",\"Tarek Abdal\u00e1 Saad\"],\"inLanguage\":\"es\",\"potentialAction\":[{\"@type\":\"CommentAction\",\"name\":\"Comment\",\"target\":[\"https:\\\/\\\/lospoliticosveracruz.com\\\/?p=13842#respond\"]}]},{\"@type\":\"WebPage\",\"@id\":\"https:\\\/\\\/lospoliticosveracruz.com\\\/?p=13842\",\"url\":\"https:\\\/\\\/lospoliticosveracruz.com\\\/?p=13842\",\"name\":\"\u00bfCu\u00e1l equidad? - Los pol\u00edticos Veracruz\",\"isPartOf\":{\"@id\":\"https:\\\/\\\/lospoliticosveracruz.com\\\/#website\"},\"datePublished\":\"2014-12-02T18:18:54+00:00\",\"dateModified\":\"2014-12-02T18:18:55+00:00\",\"breadcrumb\":{\"@id\":\"https:\\\/\\\/lospoliticosveracruz.com\\\/?p=13842#breadcrumb\"},\"inLanguage\":\"es\",\"potentialAction\":[{\"@type\":\"ReadAction\",\"target\":[\"https:\\\/\\\/lospoliticosveracruz.com\\\/?p=13842\"]}]},{\"@type\":\"BreadcrumbList\",\"@id\":\"https:\\\/\\\/lospoliticosveracruz.com\\\/?p=13842#breadcrumb\",\"itemListElement\":[{\"@type\":\"ListItem\",\"position\":1,\"name\":\"Portada\",\"item\":\"https:\\\/\\\/lospoliticosveracruz.com\\\/\"},{\"@type\":\"ListItem\",\"position\":2,\"name\":\"\u00bfCu\u00e1l equidad?\"}]},{\"@type\":\"WebSite\",\"@id\":\"https:\\\/\\\/lospoliticosveracruz.com\\\/#website\",\"url\":\"https:\\\/\\\/lospoliticosveracruz.com\\\/\",\"name\":\"Los pol\u00edticos Veracruz\",\"description\":\"\",\"publisher\":{\"@id\":\"https:\\\/\\\/lospoliticosveracruz.com\\\/#organization\"},\"potentialAction\":[{\"@type\":\"SearchAction\",\"target\":{\"@type\":\"EntryPoint\",\"urlTemplate\":\"https:\\\/\\\/lospoliticosveracruz.com\\\/?s={search_term_string}\"},\"query-input\":{\"@type\":\"PropertyValueSpecification\",\"valueRequired\":true,\"valueName\":\"search_term_string\"}}],\"inLanguage\":\"es\"},{\"@type\":\"Organization\",\"@id\":\"https:\\\/\\\/lospoliticosveracruz.com\\\/#organization\",\"name\":\"Los pol\u00edticos Veracruz\",\"url\":\"https:\\\/\\\/lospoliticosveracruz.com\\\/\",\"logo\":{\"@type\":\"ImageObject\",\"inLanguage\":\"es\",\"@id\":\"https:\\\/\\\/lospoliticosveracruz.com\\\/#\\\/schema\\\/logo\\\/image\\\/\",\"url\":\"https:\\\/\\\/lospoliticosveracruz.com\\\/wp-content\\\/uploads\\\/2025\\\/12\\\/Logo-Nuevo-LOS-POLITICOS-1.jpg\",\"contentUrl\":\"https:\\\/\\\/lospoliticosveracruz.com\\\/wp-content\\\/uploads\\\/2025\\\/12\\\/Logo-Nuevo-LOS-POLITICOS-1.jpg\",\"width\":260,\"height\":70,\"caption\":\"Los pol\u00edticos Veracruz\"},\"image\":{\"@id\":\"https:\\\/\\\/lospoliticosveracruz.com\\\/#\\\/schema\\\/logo\\\/image\\\/\"},\"sameAs\":[\"https:\\\/\\\/www.facebook.com\\\/people\\\/Notimemes-de-los-Polticos\\\/61565672886568\\\/\",\"https:\\\/\\\/x.com\\\/LosPoliticosVer\"]},{\"@type\":\"Person\",\"@id\":\"https:\\\/\\\/lospoliticosveracruz.com\\\/#\\\/schema\\\/person\\\/b8702bb0e538456e6efd07080bf2a4a2\",\"name\":\"Lo viste en Los Pol\u00edticos\",\"image\":{\"@type\":\"ImageObject\",\"inLanguage\":\"es\",\"@id\":\"https:\\\/\\\/secure.gravatar.com\\\/avatar\\\/3a8de04a2656d44082be478bd6c086daa447c4651605818287b9532d3d0bd435?s=96&d=mm&r=g\",\"url\":\"https:\\\/\\\/secure.gravatar.com\\\/avatar\\\/3a8de04a2656d44082be478bd6c086daa447c4651605818287b9532d3d0bd435?s=96&d=mm&r=g\",\"contentUrl\":\"https:\\\/\\\/secure.gravatar.com\\\/avatar\\\/3a8de04a2656d44082be478bd6c086daa447c4651605818287b9532d3d0bd435?s=96&d=mm&r=g\",\"caption\":\"Lo viste en Los Pol\u00edticos\"},\"url\":\"https:\\\/\\\/lospoliticosveracruz.com\\\/?author=2\"}]}<\/script>\n<!-- \/ Yoast SEO plugin. -->","yoast_head_json":{"title":"\u00bfCu\u00e1l equidad? - Los pol\u00edticos Veracruz","robots":{"index":"index","follow":"follow","max-snippet":"max-snippet:-1","max-image-preview":"max-image-preview:large","max-video-preview":"max-video-preview:-1"},"canonical":"https:\/\/lospoliticosveracruz.com\/?p=13842","og_locale":"es_ES","og_type":"article","og_title":"\u00bfCu\u00e1l equidad? - Los pol\u00edticos Veracruz","og_description":"Luis Alberto Romero Hora Cero &nbsp; El proceso electoral federal de 2015 ser\u00e1 la primera prueba importante para el recientemente creado Instituto Nacional Electoral. Previamente, en septiembre, el \u00f3rgano electoral se encarg\u00f3 del proceso interno del Partido de la Revoluci\u00f3n Democr\u00e1tica, que eligi\u00f3 consejeros nacionales, estatales y municipales y renov\u00f3 tambi\u00e9n a su Congreso Nacional; [&hellip;]","og_url":"https:\/\/lospoliticosveracruz.com\/?p=13842","og_site_name":"Los pol\u00edticos Veracruz","article_publisher":"https:\/\/www.facebook.com\/people\/Notimemes-de-los-Polticos\/61565672886568\/","article_published_time":"2014-12-02T18:18:54+00:00","article_modified_time":"2014-12-02T18:18:55+00:00","og_image":[{"width":200,"height":200,"url":"https:\/\/lospoliticosveracruz.com\/wp-content\/uploads\/2016\/07\/Logo-Dor.jpg","type":"image\/jpeg"}],"author":"Lo viste en Los Pol\u00edticos","twitter_card":"summary_large_image","twitter_creator":"@LosPoliticosVer","twitter_site":"@LosPoliticosVer","twitter_misc":{"Escrito por":"Lo viste en Los Pol\u00edticos","Tiempo de lectura":"3 minutos"},"schema":{"@context":"https:\/\/schema.org","@graph":[{"@type":"Article","@id":"https:\/\/lospoliticosveracruz.com\/?p=13842#article","isPartOf":{"@id":"https:\/\/lospoliticosveracruz.com\/?p=13842"},"author":{"name":"Lo viste en Los Pol\u00edticos","@id":"https:\/\/lospoliticosveracruz.com\/#\/schema\/person\/b8702bb0e538456e6efd07080bf2a4a2"},"headline":"\u00bfCu\u00e1l equidad?","datePublished":"2014-12-02T18:18:54+00:00","dateModified":"2014-12-02T18:18:55+00:00","mainEntityOfPage":{"@id":"https:\/\/lospoliticosveracruz.com\/?p=13842"},"wordCount":589,"commentCount":0,"publisher":{"@id":"https:\/\/lospoliticosveracruz.com\/#organization"},"keywords":["INE","Noem\u00ed Guzm\u00e1n","precampa\u00f1as","Tarek Abdal\u00e1 Saad"],"inLanguage":"es","potentialAction":[{"@type":"CommentAction","name":"Comment","target":["https:\/\/lospoliticosveracruz.com\/?p=13842#respond"]}]},{"@type":"WebPage","@id":"https:\/\/lospoliticosveracruz.com\/?p=13842","url":"https:\/\/lospoliticosveracruz.com\/?p=13842","name":"\u00bfCu\u00e1l equidad? - Los pol\u00edticos Veracruz","isPartOf":{"@id":"https:\/\/lospoliticosveracruz.com\/#website"},"datePublished":"2014-12-02T18:18:54+00:00","dateModified":"2014-12-02T18:18:55+00:00","breadcrumb":{"@id":"https:\/\/lospoliticosveracruz.com\/?p=13842#breadcrumb"},"inLanguage":"es","potentialAction":[{"@type":"ReadAction","target":["https:\/\/lospoliticosveracruz.com\/?p=13842"]}]},{"@type":"BreadcrumbList","@id":"https:\/\/lospoliticosveracruz.com\/?p=13842#breadcrumb","itemListElement":[{"@type":"ListItem","position":1,"name":"Portada","item":"https:\/\/lospoliticosveracruz.com\/"},{"@type":"ListItem","position":2,"name":"\u00bfCu\u00e1l equidad?"}]},{"@type":"WebSite","@id":"https:\/\/lospoliticosveracruz.com\/#website","url":"https:\/\/lospoliticosveracruz.com\/","name":"Los pol\u00edticos Veracruz","description":"","publisher":{"@id":"https:\/\/lospoliticosveracruz.com\/#organization"},"potentialAction":[{"@type":"SearchAction","target":{"@type":"EntryPoint","urlTemplate":"https:\/\/lospoliticosveracruz.com\/?s={search_term_string}"},"query-input":{"@type":"PropertyValueSpecification","valueRequired":true,"valueName":"search_term_string"}}],"inLanguage":"es"},{"@type":"Organization","@id":"https:\/\/lospoliticosveracruz.com\/#organization","name":"Los pol\u00edticos Veracruz","url":"https:\/\/lospoliticosveracruz.com\/","logo":{"@type":"ImageObject","inLanguage":"es","@id":"https:\/\/lospoliticosveracruz.com\/#\/schema\/logo\/image\/","url":"https:\/\/lospoliticosveracruz.com\/wp-content\/uploads\/2025\/12\/Logo-Nuevo-LOS-POLITICOS-1.jpg","contentUrl":"https:\/\/lospoliticosveracruz.com\/wp-content\/uploads\/2025\/12\/Logo-Nuevo-LOS-POLITICOS-1.jpg","width":260,"height":70,"caption":"Los pol\u00edticos Veracruz"},"image":{"@id":"https:\/\/lospoliticosveracruz.com\/#\/schema\/logo\/image\/"},"sameAs":["https:\/\/www.facebook.com\/people\/Notimemes-de-los-Polticos\/61565672886568\/","https:\/\/x.com\/LosPoliticosVer"]},{"@type":"Person","@id":"https:\/\/lospoliticosveracruz.com\/#\/schema\/person\/b8702bb0e538456e6efd07080bf2a4a2","name":"Lo viste en Los Pol\u00edticos","image":{"@type":"ImageObject","inLanguage":"es","@id":"https:\/\/secure.gravatar.com\/avatar\/3a8de04a2656d44082be478bd6c086daa447c4651605818287b9532d3d0bd435?s=96&d=mm&r=g","url":"https:\/\/secure.gravatar.com\/avatar\/3a8de04a2656d44082be478bd6c086daa447c4651605818287b9532d3d0bd435?s=96&d=mm&r=g","contentUrl":"https:\/\/secure.gravatar.com\/avatar\/3a8de04a2656d44082be478bd6c086daa447c4651605818287b9532d3d0bd435?s=96&d=mm&r=g","caption":"Lo viste en Los Pol\u00edticos"},"url":"https:\/\/lospoliticosveracruz.com\/?author=2"}]}},"_links":{"self":[{"href":"https:\/\/lospoliticosveracruz.com\/index.php?rest_route=\/wp\/v2\/posts\/13842","targetHints":{"allow":["GET"]}}],"collection":[{"href":"https:\/\/lospoliticosveracruz.com\/index.php?rest_route=\/wp\/v2\/posts"}],"about":[{"href":"https:\/\/lospoliticosveracruz.com\/index.php?rest_route=\/wp\/v2\/types\/post"}],"author":[{"embeddable":true,"href":"https:\/\/lospoliticosveracruz.com\/index.php?rest_route=\/wp\/v2\/users\/2"}],"replies":[{"embeddable":true,"href":"https:\/\/lospoliticosveracruz.com\/index.php?rest_route=%2Fwp%2Fv2%2Fcomments&post=13842"}],"version-history":[{"count":1,"href":"https:\/\/lospoliticosveracruz.com\/index.php?rest_route=\/wp\/v2\/posts\/13842\/revisions"}],"predecessor-version":[{"id":13844,"href":"https:\/\/lospoliticosveracruz.com\/index.php?rest_route=\/wp\/v2\/posts\/13842\/revisions\/13844"}],"wp:attachment":[{"href":"https:\/\/lospoliticosveracruz.com\/index.php?rest_route=%2Fwp%2Fv2%2Fmedia&parent=13842"}],"wp:term":[{"taxonomy":"category","embeddable":true,"href":"https:\/\/lospoliticosveracruz.com\/index.php?rest_route=%2Fwp%2Fv2%2Fcategories&post=13842"},{"taxonomy":"post_tag","embeddable":true,"href":"https:\/\/lospoliticosveracruz.com\/index.php?rest_route=%2Fwp%2Fv2%2Ftags&post=13842"}],"curies":[{"name":"wp","href":"https:\/\/api.w.org\/{rel}","templated":true}]}}