{"id":138469,"date":"2025-02-24T07:25:38","date_gmt":"2025-02-24T13:25:38","guid":{"rendered":"https:\/\/lospoliticosveracruz.com.mx\/?p=138469"},"modified":"2025-02-24T07:26:06","modified_gmt":"2025-02-24T13:26:06","slug":"la-eleccion-judicial-en-veracruz","status":"publish","type":"post","link":"https:\/\/lospoliticosveracruz.com\/?p=138469","title":{"rendered":"LA ELECCI\u00d3N JUDICIAL EN VERACRUZ"},"content":{"rendered":"\n<p><em>[S\u00edguenos ahora tambi\u00e9n en WhatsApp.\u00a0<a href=\"https:\/\/whatsapp.com\/channel\/0029Va8zRWlEKyZIP3Z1dF0e\">Da clic aqu\u00ed<\/a>]\u00a0<\/em><\/p>\n\n\n\n<p><strong>Yamiri Rodr\u00edguez Madrid<\/strong><\/p>\n\n\n\n<p><em>La vuelta a Veracruz en un\u00a0teclazo<\/em><\/p>\n\n\n\n<p>El Comit\u00e9 de Evaluaci\u00f3n del Poder Legislativo present\u00f3 la lista de los 42 aspirantes a magistradas y magistrados del Estado de Veracruz que cumplen con los requisitos de elegibilidad. &nbsp; Hay de todo, pero, sobre todo, abogados con buenas trayectorias que ir\u00e1n&nbsp;ahora a una etapa de evaluaci\u00f3n para determinar su \u201cidoneidad\u201d;&nbsp;sabremos qui\u00e9nes ser\u00e1n a m\u00e1s tardar el pr\u00f3ximo 12 de marzo.<\/p>\n\n\n\n<p>De acuerdo con el calendario, posteriormente se&nbsp;realizar\u00e1 una depuraci\u00f3n p\u00fablica para ajustar el n\u00famero de candidatos de acuerdo con los cargos disponibles, con resultados publicados el 14 de marzo. &nbsp;Luego, el Tribunal Superior de Justicia aprobar\u00e1 el listado definitivo a m\u00e1s tardar el 17 de marzo y lo remitir\u00e1 al Congreso del Estado, en un plazo final de hasta el 19 de marzo. Las y los seleccionados ser\u00e1n los que&nbsp;ser\u00e1n incluidos&nbsp;en la boleta que votaremos el pr\u00f3ximo domingo 1 de junio, junto con las candidaturas judiciales federales y, por supuesto, las presidencias municipales.<\/p>\n\n\n\n<p>Esta elecci\u00f3n forma parte de una iniciativa m\u00e1s amplia para fortalecer el sistema judicial en Veracruz, asegurando que los candidatos cumplan con rigurosos requisitos de idoneidad, integridad y trayectoria profesional; por eso es importante conocer qui\u00e9nes son los que se inscribieron en este proceso.<\/p>\n\n\n\n<p>Por ejemplo, entre los nombres destaca el de Geiser Caso&nbsp;Molinari, quien se desempe\u00f1\u00f3&nbsp;en la&nbsp;Comisi\u00f3n Nacional de Derechos Humanos (CNDH)&nbsp;y&nbsp;como&nbsp;Secretario Ejecutivo&nbsp;de la Comisi\u00f3n Estatal para la Atenci\u00f3n y Protecci\u00f3n a Periodistas (CEAPP);&nbsp;y actualmente, como delegado regional de la Comisi\u00f3n Estatal de Derechos Humanos (CEDH). Es doctor en Derecho&nbsp;con especialidad en Derechos Humanos.<\/p>\n\n\n\n<p>Otro nombre es el de Mario&nbsp;d\u00b4Abbadie&nbsp;Reyes. Cuenta con dos maestr\u00edas: una en Relaciones Internacionales y, la otra, en Pol\u00edticas P\u00fablicas y G\u00e9nero.&nbsp;Tiene una amplia trayectoria laboral, pues ha sido visitador General de la Fiscal\u00eda General del Estado de Puebla; jefe de Servicios de Asuntos Fiscales&nbsp;en el Instituto de Seguridad y&nbsp;Servicios Sociales de los Trabajadores del Estado (ISSSTE); secretario T\u00e9cnico de la Subprocuradur\u00eda de Control Regional,&nbsp;Procedimientos Penales y Amparo en la entonces Procuradur\u00eda&nbsp;General de la Rep\u00fablica (PGR)&nbsp;y director&nbsp;general Jur\u00eddico de la Secretar\u00eda de Seguridad P\u00fablica del&nbsp;Estado de Veracruz, por mencionar solo algunos de sus cargos.<\/p>\n\n\n\n<p>En total, en la elecci\u00f3n judicial en la entidad se&nbsp;renovar\u00e1n 98 puestos que se dividen en&nbsp;21 magistraturas&nbsp;para integrar el Tribunal Superior de Justicia&nbsp;y&nbsp;77 cargos de juecescorrespondientes a los juzgados de primera instancia.&nbsp;&nbsp;Son&nbsp;8 Magistradas y 7 Magistrados distribuidos en&nbsp;6 magistraturas para la materia Penal (3 para mujeres y 3 para hombres);&nbsp;4 magistraturas para la materia Familiar (2 para mujeres y 2 para hombres);&nbsp;3 magistraturas&nbsp;para la materia Civil (2 para mujeres y 1 para hombre);&nbsp;2 magistraturas para la materia Constitucional (1 para mujer y 1 para hombre).<\/p>\n\n\n\n<p>En el&nbsp;Tribunal de Disciplina Judicial&nbsp;ser\u00e1n&nbsp;3 Magistradas y 2 Magistrados. En el &nbsp;Tribunal de Conciliaci\u00f3n y Arbitraje,&nbsp;1 Magistrada o Magistrado&nbsp;y, en lo que hace a&nbsp;Juezas y Jueces de Primera Instancia,&nbsp;39 Juezas y 38 Jueces, distribuidos en43 Juzgados para la materia Penal (22 para mujeres y 21 para hombres);&nbsp;10 Juzgados para la materia Civil (5 para mujeres y 5 para hombres);&nbsp;12 Juzgados para la materia Familiar (6 para mujeres y 6 para hombres);&nbsp;5 Juzgados para la materia Laboral (3 para mujeres y 2 para hombres)&nbsp;y&nbsp;7 Juzgados Mixtos para las materias penal, civil y familiar (3 para mujeres y 4 para hombres).<\/p>\n\n\n\n<p>No es un tema menor: hay que salir a votar por nuestros magistrados y jueces el domingo 1 de junio.<\/p>\n\n\n\n<p>@YamiriRodriguez<\/p>\n","protected":false},"excerpt":{"rendered":"<p>[S\u00edguenos ahora tambi\u00e9n en WhatsApp.\u00a0Da clic aqu\u00ed]\u00a0 Yamiri Rodr\u00edguez Madrid La vuelta a Veracruz en un\u00a0teclazo El Comit\u00e9 de Evaluaci\u00f3n del Poder Legislativo present\u00f3 la lista de los 42 aspirantes a magistradas y magistrados del Estado de Veracruz que cumplen con los requisitos de elegibilidad. &nbsp; Hay de todo, pero, sobre todo, abogados con buenas [&hellip;]<\/p>\n","protected":false},"author":2,"featured_media":133405,"comment_status":"closed","ping_status":"closed","sticky":false,"template":"","format":"standard","meta":{"tdm_status":"","tdm_grid_status":"","footnotes":""},"categories":[70],"tags":[721,19476,10796,1026,195],"class_list":{"0":"post-138469","1":"post","2":"type-post","3":"status-publish","4":"format-standard","5":"has-post-thumbnail","7":"category-de-opinion","8":"tag-elecciones","9":"tag-jueces","10":"tag-magistrados","11":"tag-morena","12":"tag-veracruz"},"yoast_head":"<!-- This site is optimized with the Yoast SEO plugin v27.4 - https:\/\/yoast.com\/product\/yoast-seo-wordpress\/ -->\n<title>LA ELECCI\u00d3N JUDICIAL EN VERACRUZ - Los pol\u00edticos Veracruz<\/title>\n<meta name=\"robots\" content=\"index, follow, max-snippet:-1, max-image-preview:large, max-video-preview:-1\" \/>\n<link rel=\"canonical\" href=\"https:\/\/lospoliticosveracruz.com\/?p=138469\" \/>\n<meta property=\"og:locale\" content=\"es_ES\" \/>\n<meta property=\"og:type\" content=\"article\" \/>\n<meta property=\"og:title\" content=\"LA ELECCI\u00d3N JUDICIAL EN VERACRUZ - Los pol\u00edticos Veracruz\" \/>\n<meta property=\"og:description\" content=\"[S\u00edguenos ahora tambi\u00e9n en WhatsApp.\u00a0Da clic aqu\u00ed]\u00a0 Yamiri Rodr\u00edguez Madrid La vuelta a Veracruz en un\u00a0teclazo El Comit\u00e9 de Evaluaci\u00f3n del Poder Legislativo present\u00f3 la lista de los 42 aspirantes a magistradas y magistrados del Estado de Veracruz que cumplen con los requisitos de elegibilidad. &nbsp; Hay de todo, pero, sobre todo, abogados con buenas [&hellip;]\" \/>\n<meta property=\"og:url\" content=\"https:\/\/lospoliticosveracruz.com\/?p=138469\" \/>\n<meta property=\"og:site_name\" content=\"Los pol\u00edticos Veracruz\" \/>\n<meta property=\"article:publisher\" content=\"https:\/\/www.facebook.com\/people\/Notimemes-de-los-Polticos\/61565672886568\/\" \/>\n<meta property=\"article:published_time\" content=\"2025-02-24T13:25:38+00:00\" \/>\n<meta property=\"article:modified_time\" content=\"2025-02-24T13:26:06+00:00\" \/>\n<meta property=\"og:image\" content=\"https:\/\/lospoliticosveracruz.com\/wp-content\/uploads\/2024\/12\/Yamiri.jpg\" \/>\n\t<meta property=\"og:image:width\" content=\"1250\" \/>\n\t<meta property=\"og:image:height\" content=\"667\" \/>\n\t<meta property=\"og:image:type\" content=\"image\/jpeg\" \/>\n<meta name=\"author\" content=\"Lo viste en Los Pol\u00edticos\" \/>\n<meta name=\"twitter:card\" content=\"summary_large_image\" \/>\n<meta name=\"twitter:creator\" content=\"@LosPoliticosVer\" \/>\n<meta name=\"twitter:site\" content=\"@LosPoliticosVer\" \/>\n<meta name=\"twitter:label1\" content=\"Escrito por\" \/>\n\t<meta name=\"twitter:data1\" content=\"Lo viste en Los Pol\u00edticos\" \/>\n\t<meta name=\"twitter:label2\" content=\"Tiempo de lectura\" \/>\n\t<meta name=\"twitter:data2\" content=\"3 minutos\" \/>\n<script type=\"application\/ld+json\" class=\"yoast-schema-graph\">{\"@context\":\"https:\\\/\\\/schema.org\",\"@graph\":[{\"@type\":\"Article\",\"@id\":\"https:\\\/\\\/lospoliticosveracruz.com\\\/?p=138469#article\",\"isPartOf\":{\"@id\":\"https:\\\/\\\/lospoliticosveracruz.com\\\/?p=138469\"},\"author\":{\"name\":\"Lo viste en Los Pol\u00edticos\",\"@id\":\"https:\\\/\\\/lospoliticosveracruz.com\\\/#\\\/schema\\\/person\\\/b8702bb0e538456e6efd07080bf2a4a2\"},\"headline\":\"LA ELECCI\u00d3N JUDICIAL EN VERACRUZ\",\"datePublished\":\"2025-02-24T13:25:38+00:00\",\"dateModified\":\"2025-02-24T13:26:06+00:00\",\"mainEntityOfPage\":{\"@id\":\"https:\\\/\\\/lospoliticosveracruz.com\\\/?p=138469\"},\"wordCount\":670,\"publisher\":{\"@id\":\"https:\\\/\\\/lospoliticosveracruz.com\\\/#organization\"},\"image\":{\"@id\":\"https:\\\/\\\/lospoliticosveracruz.com\\\/?p=138469#primaryimage\"},\"thumbnailUrl\":\"https:\\\/\\\/lospoliticosveracruz.com\\\/wp-content\\\/uploads\\\/2024\\\/12\\\/Yamiri.jpg\",\"keywords\":[\"elecciones\",\"jueces\",\"Magistrados\",\"Morena\",\"Veracruz\"],\"articleSection\":[\"De Opini\u00f3n\"],\"inLanguage\":\"es\"},{\"@type\":\"WebPage\",\"@id\":\"https:\\\/\\\/lospoliticosveracruz.com\\\/?p=138469\",\"url\":\"https:\\\/\\\/lospoliticosveracruz.com\\\/?p=138469\",\"name\":\"LA ELECCI\u00d3N JUDICIAL EN VERACRUZ - Los pol\u00edticos Veracruz\",\"isPartOf\":{\"@id\":\"https:\\\/\\\/lospoliticosveracruz.com\\\/#website\"},\"primaryImageOfPage\":{\"@id\":\"https:\\\/\\\/lospoliticosveracruz.com\\\/?p=138469#primaryimage\"},\"image\":{\"@id\":\"https:\\\/\\\/lospoliticosveracruz.com\\\/?p=138469#primaryimage\"},\"thumbnailUrl\":\"https:\\\/\\\/lospoliticosveracruz.com\\\/wp-content\\\/uploads\\\/2024\\\/12\\\/Yamiri.jpg\",\"datePublished\":\"2025-02-24T13:25:38+00:00\",\"dateModified\":\"2025-02-24T13:26:06+00:00\",\"breadcrumb\":{\"@id\":\"https:\\\/\\\/lospoliticosveracruz.com\\\/?p=138469#breadcrumb\"},\"inLanguage\":\"es\",\"potentialAction\":[{\"@type\":\"ReadAction\",\"target\":[\"https:\\\/\\\/lospoliticosveracruz.com\\\/?p=138469\"]}]},{\"@type\":\"ImageObject\",\"inLanguage\":\"es\",\"@id\":\"https:\\\/\\\/lospoliticosveracruz.com\\\/?p=138469#primaryimage\",\"url\":\"https:\\\/\\\/lospoliticosveracruz.com\\\/wp-content\\\/uploads\\\/2024\\\/12\\\/Yamiri.jpg\",\"contentUrl\":\"https:\\\/\\\/lospoliticosveracruz.com\\\/wp-content\\\/uploads\\\/2024\\\/12\\\/Yamiri.jpg\",\"width\":1250,\"height\":667},{\"@type\":\"BreadcrumbList\",\"@id\":\"https:\\\/\\\/lospoliticosveracruz.com\\\/?p=138469#breadcrumb\",\"itemListElement\":[{\"@type\":\"ListItem\",\"position\":1,\"name\":\"Portada\",\"item\":\"https:\\\/\\\/lospoliticosveracruz.com\\\/\"},{\"@type\":\"ListItem\",\"position\":2,\"name\":\"LA ELECCI\u00d3N JUDICIAL EN VERACRUZ\"}]},{\"@type\":\"WebSite\",\"@id\":\"https:\\\/\\\/lospoliticosveracruz.com\\\/#website\",\"url\":\"https:\\\/\\\/lospoliticosveracruz.com\\\/\",\"name\":\"Los pol\u00edticos Veracruz\",\"description\":\"\",\"publisher\":{\"@id\":\"https:\\\/\\\/lospoliticosveracruz.com\\\/#organization\"},\"potentialAction\":[{\"@type\":\"SearchAction\",\"target\":{\"@type\":\"EntryPoint\",\"urlTemplate\":\"https:\\\/\\\/lospoliticosveracruz.com\\\/?s={search_term_string}\"},\"query-input\":{\"@type\":\"PropertyValueSpecification\",\"valueRequired\":true,\"valueName\":\"search_term_string\"}}],\"inLanguage\":\"es\"},{\"@type\":\"Organization\",\"@id\":\"https:\\\/\\\/lospoliticosveracruz.com\\\/#organization\",\"name\":\"Los pol\u00edticos Veracruz\",\"url\":\"https:\\\/\\\/lospoliticosveracruz.com\\\/\",\"logo\":{\"@type\":\"ImageObject\",\"inLanguage\":\"es\",\"@id\":\"https:\\\/\\\/lospoliticosveracruz.com\\\/#\\\/schema\\\/logo\\\/image\\\/\",\"url\":\"https:\\\/\\\/lospoliticosveracruz.com\\\/wp-content\\\/uploads\\\/2025\\\/12\\\/Logo-Nuevo-LOS-POLITICOS-1.jpg\",\"contentUrl\":\"https:\\\/\\\/lospoliticosveracruz.com\\\/wp-content\\\/uploads\\\/2025\\\/12\\\/Logo-Nuevo-LOS-POLITICOS-1.jpg\",\"width\":260,\"height\":70,\"caption\":\"Los pol\u00edticos Veracruz\"},\"image\":{\"@id\":\"https:\\\/\\\/lospoliticosveracruz.com\\\/#\\\/schema\\\/logo\\\/image\\\/\"},\"sameAs\":[\"https:\\\/\\\/www.facebook.com\\\/people\\\/Notimemes-de-los-Polticos\\\/61565672886568\\\/\",\"https:\\\/\\\/x.com\\\/LosPoliticosVer\"]},{\"@type\":\"Person\",\"@id\":\"https:\\\/\\\/lospoliticosveracruz.com\\\/#\\\/schema\\\/person\\\/b8702bb0e538456e6efd07080bf2a4a2\",\"name\":\"Lo viste en Los Pol\u00edticos\",\"image\":{\"@type\":\"ImageObject\",\"inLanguage\":\"es\",\"@id\":\"https:\\\/\\\/secure.gravatar.com\\\/avatar\\\/3a8de04a2656d44082be478bd6c086daa447c4651605818287b9532d3d0bd435?s=96&d=mm&r=g\",\"url\":\"https:\\\/\\\/secure.gravatar.com\\\/avatar\\\/3a8de04a2656d44082be478bd6c086daa447c4651605818287b9532d3d0bd435?s=96&d=mm&r=g\",\"contentUrl\":\"https:\\\/\\\/secure.gravatar.com\\\/avatar\\\/3a8de04a2656d44082be478bd6c086daa447c4651605818287b9532d3d0bd435?s=96&d=mm&r=g\",\"caption\":\"Lo viste en Los Pol\u00edticos\"},\"url\":\"https:\\\/\\\/lospoliticosveracruz.com\\\/?author=2\"}]}<\/script>\n<!-- \/ Yoast SEO plugin. -->","yoast_head_json":{"title":"LA ELECCI\u00d3N JUDICIAL EN VERACRUZ - Los pol\u00edticos Veracruz","robots":{"index":"index","follow":"follow","max-snippet":"max-snippet:-1","max-image-preview":"max-image-preview:large","max-video-preview":"max-video-preview:-1"},"canonical":"https:\/\/lospoliticosveracruz.com\/?p=138469","og_locale":"es_ES","og_type":"article","og_title":"LA ELECCI\u00d3N JUDICIAL EN VERACRUZ - Los pol\u00edticos Veracruz","og_description":"[S\u00edguenos ahora tambi\u00e9n en WhatsApp.\u00a0Da clic aqu\u00ed]\u00a0 Yamiri Rodr\u00edguez Madrid La vuelta a Veracruz en un\u00a0teclazo El Comit\u00e9 de Evaluaci\u00f3n del Poder Legislativo present\u00f3 la lista de los 42 aspirantes a magistradas y magistrados del Estado de Veracruz que cumplen con los requisitos de elegibilidad. &nbsp; Hay de todo, pero, sobre todo, abogados con buenas [&hellip;]","og_url":"https:\/\/lospoliticosveracruz.com\/?p=138469","og_site_name":"Los pol\u00edticos Veracruz","article_publisher":"https:\/\/www.facebook.com\/people\/Notimemes-de-los-Polticos\/61565672886568\/","article_published_time":"2025-02-24T13:25:38+00:00","article_modified_time":"2025-02-24T13:26:06+00:00","og_image":[{"width":1250,"height":667,"url":"https:\/\/lospoliticosveracruz.com\/wp-content\/uploads\/2024\/12\/Yamiri.jpg","type":"image\/jpeg"}],"author":"Lo viste en Los Pol\u00edticos","twitter_card":"summary_large_image","twitter_creator":"@LosPoliticosVer","twitter_site":"@LosPoliticosVer","twitter_misc":{"Escrito por":"Lo viste en Los Pol\u00edticos","Tiempo de lectura":"3 minutos"},"schema":{"@context":"https:\/\/schema.org","@graph":[{"@type":"Article","@id":"https:\/\/lospoliticosveracruz.com\/?p=138469#article","isPartOf":{"@id":"https:\/\/lospoliticosveracruz.com\/?p=138469"},"author":{"name":"Lo viste en Los Pol\u00edticos","@id":"https:\/\/lospoliticosveracruz.com\/#\/schema\/person\/b8702bb0e538456e6efd07080bf2a4a2"},"headline":"LA ELECCI\u00d3N JUDICIAL EN VERACRUZ","datePublished":"2025-02-24T13:25:38+00:00","dateModified":"2025-02-24T13:26:06+00:00","mainEntityOfPage":{"@id":"https:\/\/lospoliticosveracruz.com\/?p=138469"},"wordCount":670,"publisher":{"@id":"https:\/\/lospoliticosveracruz.com\/#organization"},"image":{"@id":"https:\/\/lospoliticosveracruz.com\/?p=138469#primaryimage"},"thumbnailUrl":"https:\/\/lospoliticosveracruz.com\/wp-content\/uploads\/2024\/12\/Yamiri.jpg","keywords":["elecciones","jueces","Magistrados","Morena","Veracruz"],"articleSection":["De Opini\u00f3n"],"inLanguage":"es"},{"@type":"WebPage","@id":"https:\/\/lospoliticosveracruz.com\/?p=138469","url":"https:\/\/lospoliticosveracruz.com\/?p=138469","name":"LA ELECCI\u00d3N JUDICIAL EN VERACRUZ - Los pol\u00edticos Veracruz","isPartOf":{"@id":"https:\/\/lospoliticosveracruz.com\/#website"},"primaryImageOfPage":{"@id":"https:\/\/lospoliticosveracruz.com\/?p=138469#primaryimage"},"image":{"@id":"https:\/\/lospoliticosveracruz.com\/?p=138469#primaryimage"},"thumbnailUrl":"https:\/\/lospoliticosveracruz.com\/wp-content\/uploads\/2024\/12\/Yamiri.jpg","datePublished":"2025-02-24T13:25:38+00:00","dateModified":"2025-02-24T13:26:06+00:00","breadcrumb":{"@id":"https:\/\/lospoliticosveracruz.com\/?p=138469#breadcrumb"},"inLanguage":"es","potentialAction":[{"@type":"ReadAction","target":["https:\/\/lospoliticosveracruz.com\/?p=138469"]}]},{"@type":"ImageObject","inLanguage":"es","@id":"https:\/\/lospoliticosveracruz.com\/?p=138469#primaryimage","url":"https:\/\/lospoliticosveracruz.com\/wp-content\/uploads\/2024\/12\/Yamiri.jpg","contentUrl":"https:\/\/lospoliticosveracruz.com\/wp-content\/uploads\/2024\/12\/Yamiri.jpg","width":1250,"height":667},{"@type":"BreadcrumbList","@id":"https:\/\/lospoliticosveracruz.com\/?p=138469#breadcrumb","itemListElement":[{"@type":"ListItem","position":1,"name":"Portada","item":"https:\/\/lospoliticosveracruz.com\/"},{"@type":"ListItem","position":2,"name":"LA ELECCI\u00d3N JUDICIAL EN VERACRUZ"}]},{"@type":"WebSite","@id":"https:\/\/lospoliticosveracruz.com\/#website","url":"https:\/\/lospoliticosveracruz.com\/","name":"Los pol\u00edticos Veracruz","description":"","publisher":{"@id":"https:\/\/lospoliticosveracruz.com\/#organization"},"potentialAction":[{"@type":"SearchAction","target":{"@type":"EntryPoint","urlTemplate":"https:\/\/lospoliticosveracruz.com\/?s={search_term_string}"},"query-input":{"@type":"PropertyValueSpecification","valueRequired":true,"valueName":"search_term_string"}}],"inLanguage":"es"},{"@type":"Organization","@id":"https:\/\/lospoliticosveracruz.com\/#organization","name":"Los pol\u00edticos Veracruz","url":"https:\/\/lospoliticosveracruz.com\/","logo":{"@type":"ImageObject","inLanguage":"es","@id":"https:\/\/lospoliticosveracruz.com\/#\/schema\/logo\/image\/","url":"https:\/\/lospoliticosveracruz.com\/wp-content\/uploads\/2025\/12\/Logo-Nuevo-LOS-POLITICOS-1.jpg","contentUrl":"https:\/\/lospoliticosveracruz.com\/wp-content\/uploads\/2025\/12\/Logo-Nuevo-LOS-POLITICOS-1.jpg","width":260,"height":70,"caption":"Los pol\u00edticos Veracruz"},"image":{"@id":"https:\/\/lospoliticosveracruz.com\/#\/schema\/logo\/image\/"},"sameAs":["https:\/\/www.facebook.com\/people\/Notimemes-de-los-Polticos\/61565672886568\/","https:\/\/x.com\/LosPoliticosVer"]},{"@type":"Person","@id":"https:\/\/lospoliticosveracruz.com\/#\/schema\/person\/b8702bb0e538456e6efd07080bf2a4a2","name":"Lo viste en Los Pol\u00edticos","image":{"@type":"ImageObject","inLanguage":"es","@id":"https:\/\/secure.gravatar.com\/avatar\/3a8de04a2656d44082be478bd6c086daa447c4651605818287b9532d3d0bd435?s=96&d=mm&r=g","url":"https:\/\/secure.gravatar.com\/avatar\/3a8de04a2656d44082be478bd6c086daa447c4651605818287b9532d3d0bd435?s=96&d=mm&r=g","contentUrl":"https:\/\/secure.gravatar.com\/avatar\/3a8de04a2656d44082be478bd6c086daa447c4651605818287b9532d3d0bd435?s=96&d=mm&r=g","caption":"Lo viste en Los Pol\u00edticos"},"url":"https:\/\/lospoliticosveracruz.com\/?author=2"}]}},"_links":{"self":[{"href":"https:\/\/lospoliticosveracruz.com\/index.php?rest_route=\/wp\/v2\/posts\/138469","targetHints":{"allow":["GET"]}}],"collection":[{"href":"https:\/\/lospoliticosveracruz.com\/index.php?rest_route=\/wp\/v2\/posts"}],"about":[{"href":"https:\/\/lospoliticosveracruz.com\/index.php?rest_route=\/wp\/v2\/types\/post"}],"author":[{"embeddable":true,"href":"https:\/\/lospoliticosveracruz.com\/index.php?rest_route=\/wp\/v2\/users\/2"}],"replies":[{"embeddable":true,"href":"https:\/\/lospoliticosveracruz.com\/index.php?rest_route=%2Fwp%2Fv2%2Fcomments&post=138469"}],"version-history":[{"count":1,"href":"https:\/\/lospoliticosveracruz.com\/index.php?rest_route=\/wp\/v2\/posts\/138469\/revisions"}],"predecessor-version":[{"id":138470,"href":"https:\/\/lospoliticosveracruz.com\/index.php?rest_route=\/wp\/v2\/posts\/138469\/revisions\/138470"}],"wp:featuredmedia":[{"embeddable":true,"href":"https:\/\/lospoliticosveracruz.com\/index.php?rest_route=\/wp\/v2\/media\/133405"}],"wp:attachment":[{"href":"https:\/\/lospoliticosveracruz.com\/index.php?rest_route=%2Fwp%2Fv2%2Fmedia&parent=138469"}],"wp:term":[{"taxonomy":"category","embeddable":true,"href":"https:\/\/lospoliticosveracruz.com\/index.php?rest_route=%2Fwp%2Fv2%2Fcategories&post=138469"},{"taxonomy":"post_tag","embeddable":true,"href":"https:\/\/lospoliticosveracruz.com\/index.php?rest_route=%2Fwp%2Fv2%2Ftags&post=138469"}],"curies":[{"name":"wp","href":"https:\/\/api.w.org\/{rel}","templated":true}]}}