{"id":138500,"date":"2025-02-24T09:59:43","date_gmt":"2025-02-24T15:59:43","guid":{"rendered":"https:\/\/lospoliticosveracruz.com.mx\/?p=138500"},"modified":"2025-02-24T10:04:01","modified_gmt":"2025-02-24T16:04:01","slug":"en-terapia-intensiva-2","status":"publish","type":"post","link":"https:\/\/lospoliticosveracruz.com\/?p=138500","title":{"rendered":"EN TERAPIA INTENSIVA"},"content":{"rendered":"\n<p>S\u00edguenos ahora tambi\u00e9n en WhatsApp.\u00a0<a href=\"https:\/\/whatsapp.com\/channel\/0029Va8zRWlEKyZIP3Z1dF0e\"><strong>Da clic aqu\u00ed<\/strong><\/a><\/p>\n\n\n\n<p><\/p>\n\n\n\n<p><strong>Fanny Y\u00e9pez<\/strong><\/p>\n\n\n\n<p><em>La Columna<br><\/em><\/p>\n\n\n\n<p>Uno de los principales retos que tienen cumplir en la actualidad los gobiernos federal y estatal, son mejorar esencialmente los servicios de salud, principalmente est\u00e1n obligados a consolidar el IMSS-Bienestar que se convirti\u00f3 en el tercer brazo de la atenci\u00f3n m\u00e9dica principalmente para la poblaci\u00f3n que no tiene ni IMSS ni ISSSTE.<br>Sin embargo, este nuevo esquema de protecci\u00f3n social hered\u00f3 los problemas que tuvo en su momento el Seguro Popular y luego el Instituto de Salud para el Bienestar, organismo que enfrenta rezagos en equipos m\u00e9dicos, falta de personal, saturaci\u00f3n de pacientes, falta de abasto de medicamentos y cubrir las plazas de especialistas.<br>Ante tal situaci\u00f3n, la Presidenta Claudia Sheinbaum prometi\u00f3 mejorar las condiciones de las instalaciones de los hospitales y cl\u00ednicas del IMSS, ISSSTE y el IMSS-Bienestar.<br>La mandataria federal asegur\u00f3 que este a\u00f1o se est\u00e1 realizando una compra importante de medicamentos, y reiter\u00f3 que los 10 mil millones de pesos de fideicomisos de la Corte ser\u00e1n destinados al ISSSTE.<br>\u00abLes quiero decir algo muy importante: este a\u00f1o vamos a dedicarle muchos recursos al ISSSTE, tom\u00e9 una decisi\u00f3n, el a\u00f1o pasado se cambi\u00f3 la Constituci\u00f3n para que unos fideicomisos que ten\u00eda la Corte, guardado para sus privilegios de Ministros, se regresaran para ayudar a la gente\u00bb, dijo Sheinbaum Pardo.<br>\u00abTodo ese recurso ser\u00e1 para fortalecer al ISSSTE, este a\u00f1o vamos a igualar los salarios de trabajadores de la Salud del ISSSTE, igual que los del IMSS e IMSS-Bienestar, y vamos a dar recursos para que centros de salud y hospitales del ISSSTE est\u00e9n en buenas condiciones, igual IMSS e IMSS-Bienestar\u00bb, agreg\u00f3 la mandataria federal.<br>En agosto del a\u00f1o pasado el Consejo Nacional de Evaluaci\u00f3n de la Pol\u00edtica de Desarrollo Social (Coneval), inform\u00f3 que los mexicanos con carencias en acceso a los servicios de salud pasaron de 20.1 millones a 50.4 millones, es decir, 39% no tienen servicios m\u00e9dicos, cifra alarmante que debe prender los focos rojos a los dos niveles de gobierno.<br>El n\u00famero de personas sin acceso a la seguridad social es de 64.7 millones, lo cual, destac\u00f3 el organismo, sigue siendo la carencia con mayor incidencia en pobreza.<br>De acuerdo con la medici\u00f3n multidimensional de la pobreza en M\u00e9xico, en 2022 el mayor porcentaje de personas con acceso a los servicios de salud corresponde al 38.3% que report\u00f3 estar afiliado al IMSS, en segundo t\u00e9rmino, declar\u00f3 tener derecho a los servicios del Insabi, con 13.1%, este \u00faltimo componente estaba dirigido a brindar servicios de salud a las personas sin seguridad social.<br>En salud y bienestar, los indicadores en el 2024 tambi\u00e9n colocan entre los estados con peores desempe\u00f1os, al estado de Veracruz, entidad que ocupa el lugar 29 en esperanza de vida, que es de apenas 73.5 a\u00f1os; el \u00faltimo lugar (32) en mortalidad por enfermedades circulatorias y diabetes, reflejando fallas graves en la prevenci\u00f3n y atenci\u00f3n m\u00e9dica.<br>En 2023, el Consejo Nacional de Evaluaci\u00f3n de la Pol\u00edtica de Desarrollo Social (Coneval) inform\u00f3 que en Veracruz aument\u00f3 el n\u00famero de personas que no tienen acceso a los servicios de salud.<br>Tan solo en Veracruz<br>En 2020, el porcentaje de poblaci\u00f3n vulnerable por carencias sociales en Veracruz fue de 21.1%.<br>Los datos que report\u00f3 el Coneval confirman que Veracruz pas\u00f3 de 2 millones 508 mil personas con carencias de salud que hab\u00eda en 2020 y, para el 2022, se reportaron 4 millones 38 mil veracruzanos.<br>A partir de un an\u00e1lisis a las bases de datos oficiales m\u00e1s actualizadas (2022), concluyen que Veracruz cuenta con 9 mil 974 m\u00e9dicos, 19 mil 041 enfermeras, 750 odont\u00f3logos, 732 qu\u00edmicos cl\u00ednicos, y un n\u00famero menor de psic\u00f3logos, t\u00e9cnicos y nutri\u00f3logos. Para el a\u00f1o de referencia, contabilizaron 2 mil 008 establecimientos en los tres niveles de atenci\u00f3n.<br>Algunos de los datos hallados en el documento son los siguientes: En total, la entidad tiene mil 905 unidades de primer nivel de atenci\u00f3n, que pertenecen al IMSS-Bienestar, Servicios de Salud de Veracruz (Sesver) o al Desarrollo Integral de la Familia (DIF).<br>El clamor de la poblaci\u00f3n es que se dote de suficientes m\u00e9dicos, enfermeras y medicamentos a todas las unidades m\u00e9dicas que existen en todo el territorio veracruzano, principalmente en las zonas rurales, ares donde se concentra el mayor n\u00famero de poblaci\u00f3n de escasos recursos econ\u00f3micos.<\/p>\n","protected":false},"excerpt":{"rendered":"<p>S\u00edguenos ahora tambi\u00e9n en WhatsApp.\u00a0Da clic aqu\u00ed Fanny Y\u00e9pez La Columna Uno de los principales retos que tienen cumplir en la actualidad los gobiernos federal y estatal, son mejorar esencialmente los servicios de salud, principalmente est\u00e1n obligados a consolidar el IMSS-Bienestar que se convirti\u00f3 en el tercer brazo de la atenci\u00f3n m\u00e9dica principalmente para la [&hellip;]<\/p>\n","protected":false},"author":2,"featured_media":126076,"comment_status":"closed","ping_status":"closed","sticky":false,"template":"","format":"standard","meta":{"tdm_status":"","tdm_grid_status":"","footnotes":""},"categories":[70],"tags":[17020,9627,3398,1208,895],"class_list":{"0":"post-138500","1":"post","2":"type-post","3":"status-publish","4":"format-standard","5":"has-post-thumbnail","7":"category-de-opinion","8":"tag-bienestar","9":"tag-claudia-sheinbaum","10":"tag-fanny-yepez","11":"tag-imss","12":"tag-issste"},"yoast_head":"<!-- This site is optimized with the Yoast SEO plugin v27.4 - https:\/\/yoast.com\/product\/yoast-seo-wordpress\/ -->\n<title>EN TERAPIA INTENSIVA - Los pol\u00edticos Veracruz<\/title>\n<meta name=\"robots\" content=\"index, follow, max-snippet:-1, max-image-preview:large, max-video-preview:-1\" \/>\n<link rel=\"canonical\" href=\"https:\/\/lospoliticosveracruz.com\/?p=138500\" \/>\n<meta property=\"og:locale\" content=\"es_ES\" \/>\n<meta property=\"og:type\" content=\"article\" \/>\n<meta property=\"og:title\" content=\"EN TERAPIA INTENSIVA - Los pol\u00edticos Veracruz\" \/>\n<meta property=\"og:description\" content=\"S\u00edguenos ahora tambi\u00e9n en WhatsApp.\u00a0Da clic aqu\u00ed Fanny Y\u00e9pez La Columna Uno de los principales retos que tienen cumplir en la actualidad los gobiernos federal y estatal, son mejorar esencialmente los servicios de salud, principalmente est\u00e1n obligados a consolidar el IMSS-Bienestar que se convirti\u00f3 en el tercer brazo de la atenci\u00f3n m\u00e9dica principalmente para la [&hellip;]\" \/>\n<meta property=\"og:url\" content=\"https:\/\/lospoliticosveracruz.com\/?p=138500\" \/>\n<meta property=\"og:site_name\" content=\"Los pol\u00edticos Veracruz\" \/>\n<meta property=\"article:publisher\" content=\"https:\/\/www.facebook.com\/people\/Notimemes-de-los-Polticos\/61565672886568\/\" \/>\n<meta property=\"article:published_time\" content=\"2025-02-24T15:59:43+00:00\" \/>\n<meta property=\"article:modified_time\" content=\"2025-02-24T16:04:01+00:00\" \/>\n<meta property=\"og:image\" content=\"https:\/\/lospoliticosveracruz.com\/wp-content\/uploads\/2024\/06\/Fanny-Yepez.jpg\" \/>\n\t<meta property=\"og:image:width\" content=\"1250\" \/>\n\t<meta property=\"og:image:height\" content=\"667\" \/>\n\t<meta property=\"og:image:type\" content=\"image\/jpeg\" \/>\n<meta name=\"author\" content=\"Lo viste en Los Pol\u00edticos\" \/>\n<meta name=\"twitter:card\" content=\"summary_large_image\" \/>\n<meta name=\"twitter:creator\" content=\"@LosPoliticosVer\" \/>\n<meta name=\"twitter:site\" content=\"@LosPoliticosVer\" \/>\n<meta name=\"twitter:label1\" content=\"Escrito por\" \/>\n\t<meta name=\"twitter:data1\" content=\"Lo viste en Los Pol\u00edticos\" \/>\n\t<meta name=\"twitter:label2\" content=\"Tiempo de lectura\" \/>\n\t<meta name=\"twitter:data2\" content=\"4 minutos\" \/>\n<script type=\"application\/ld+json\" class=\"yoast-schema-graph\">{\"@context\":\"https:\\\/\\\/schema.org\",\"@graph\":[{\"@type\":\"Article\",\"@id\":\"https:\\\/\\\/lospoliticosveracruz.com\\\/?p=138500#article\",\"isPartOf\":{\"@id\":\"https:\\\/\\\/lospoliticosveracruz.com\\\/?p=138500\"},\"author\":{\"name\":\"Lo viste en Los Pol\u00edticos\",\"@id\":\"https:\\\/\\\/lospoliticosveracruz.com\\\/#\\\/schema\\\/person\\\/b8702bb0e538456e6efd07080bf2a4a2\"},\"headline\":\"EN TERAPIA INTENSIVA\",\"datePublished\":\"2025-02-24T15:59:43+00:00\",\"dateModified\":\"2025-02-24T16:04:01+00:00\",\"mainEntityOfPage\":{\"@id\":\"https:\\\/\\\/lospoliticosveracruz.com\\\/?p=138500\"},\"wordCount\":744,\"publisher\":{\"@id\":\"https:\\\/\\\/lospoliticosveracruz.com\\\/#organization\"},\"image\":{\"@id\":\"https:\\\/\\\/lospoliticosveracruz.com\\\/?p=138500#primaryimage\"},\"thumbnailUrl\":\"https:\\\/\\\/lospoliticosveracruz.com\\\/wp-content\\\/uploads\\\/2024\\\/06\\\/Fanny-Yepez.jpg\",\"keywords\":[\"Bienestar\",\"Claudia Sheinbaum\",\"Fanny Y\u00e9pez\",\"IMSS\",\"Issste\"],\"articleSection\":[\"De Opini\u00f3n\"],\"inLanguage\":\"es\"},{\"@type\":\"WebPage\",\"@id\":\"https:\\\/\\\/lospoliticosveracruz.com\\\/?p=138500\",\"url\":\"https:\\\/\\\/lospoliticosveracruz.com\\\/?p=138500\",\"name\":\"EN TERAPIA INTENSIVA - Los pol\u00edticos Veracruz\",\"isPartOf\":{\"@id\":\"https:\\\/\\\/lospoliticosveracruz.com\\\/#website\"},\"primaryImageOfPage\":{\"@id\":\"https:\\\/\\\/lospoliticosveracruz.com\\\/?p=138500#primaryimage\"},\"image\":{\"@id\":\"https:\\\/\\\/lospoliticosveracruz.com\\\/?p=138500#primaryimage\"},\"thumbnailUrl\":\"https:\\\/\\\/lospoliticosveracruz.com\\\/wp-content\\\/uploads\\\/2024\\\/06\\\/Fanny-Yepez.jpg\",\"datePublished\":\"2025-02-24T15:59:43+00:00\",\"dateModified\":\"2025-02-24T16:04:01+00:00\",\"breadcrumb\":{\"@id\":\"https:\\\/\\\/lospoliticosveracruz.com\\\/?p=138500#breadcrumb\"},\"inLanguage\":\"es\",\"potentialAction\":[{\"@type\":\"ReadAction\",\"target\":[\"https:\\\/\\\/lospoliticosveracruz.com\\\/?p=138500\"]}]},{\"@type\":\"ImageObject\",\"inLanguage\":\"es\",\"@id\":\"https:\\\/\\\/lospoliticosveracruz.com\\\/?p=138500#primaryimage\",\"url\":\"https:\\\/\\\/lospoliticosveracruz.com\\\/wp-content\\\/uploads\\\/2024\\\/06\\\/Fanny-Yepez.jpg\",\"contentUrl\":\"https:\\\/\\\/lospoliticosveracruz.com\\\/wp-content\\\/uploads\\\/2024\\\/06\\\/Fanny-Yepez.jpg\",\"width\":1250,\"height\":667},{\"@type\":\"BreadcrumbList\",\"@id\":\"https:\\\/\\\/lospoliticosveracruz.com\\\/?p=138500#breadcrumb\",\"itemListElement\":[{\"@type\":\"ListItem\",\"position\":1,\"name\":\"Portada\",\"item\":\"https:\\\/\\\/lospoliticosveracruz.com\\\/\"},{\"@type\":\"ListItem\",\"position\":2,\"name\":\"EN TERAPIA INTENSIVA\"}]},{\"@type\":\"WebSite\",\"@id\":\"https:\\\/\\\/lospoliticosveracruz.com\\\/#website\",\"url\":\"https:\\\/\\\/lospoliticosveracruz.com\\\/\",\"name\":\"Los pol\u00edticos Veracruz\",\"description\":\"\",\"publisher\":{\"@id\":\"https:\\\/\\\/lospoliticosveracruz.com\\\/#organization\"},\"potentialAction\":[{\"@type\":\"SearchAction\",\"target\":{\"@type\":\"EntryPoint\",\"urlTemplate\":\"https:\\\/\\\/lospoliticosveracruz.com\\\/?s={search_term_string}\"},\"query-input\":{\"@type\":\"PropertyValueSpecification\",\"valueRequired\":true,\"valueName\":\"search_term_string\"}}],\"inLanguage\":\"es\"},{\"@type\":\"Organization\",\"@id\":\"https:\\\/\\\/lospoliticosveracruz.com\\\/#organization\",\"name\":\"Los pol\u00edticos Veracruz\",\"url\":\"https:\\\/\\\/lospoliticosveracruz.com\\\/\",\"logo\":{\"@type\":\"ImageObject\",\"inLanguage\":\"es\",\"@id\":\"https:\\\/\\\/lospoliticosveracruz.com\\\/#\\\/schema\\\/logo\\\/image\\\/\",\"url\":\"https:\\\/\\\/lospoliticosveracruz.com\\\/wp-content\\\/uploads\\\/2025\\\/12\\\/Logo-Nuevo-LOS-POLITICOS-1.jpg\",\"contentUrl\":\"https:\\\/\\\/lospoliticosveracruz.com\\\/wp-content\\\/uploads\\\/2025\\\/12\\\/Logo-Nuevo-LOS-POLITICOS-1.jpg\",\"width\":260,\"height\":70,\"caption\":\"Los pol\u00edticos Veracruz\"},\"image\":{\"@id\":\"https:\\\/\\\/lospoliticosveracruz.com\\\/#\\\/schema\\\/logo\\\/image\\\/\"},\"sameAs\":[\"https:\\\/\\\/www.facebook.com\\\/people\\\/Notimemes-de-los-Polticos\\\/61565672886568\\\/\",\"https:\\\/\\\/x.com\\\/LosPoliticosVer\"]},{\"@type\":\"Person\",\"@id\":\"https:\\\/\\\/lospoliticosveracruz.com\\\/#\\\/schema\\\/person\\\/b8702bb0e538456e6efd07080bf2a4a2\",\"name\":\"Lo viste en Los Pol\u00edticos\",\"image\":{\"@type\":\"ImageObject\",\"inLanguage\":\"es\",\"@id\":\"https:\\\/\\\/secure.gravatar.com\\\/avatar\\\/3a8de04a2656d44082be478bd6c086daa447c4651605818287b9532d3d0bd435?s=96&d=mm&r=g\",\"url\":\"https:\\\/\\\/secure.gravatar.com\\\/avatar\\\/3a8de04a2656d44082be478bd6c086daa447c4651605818287b9532d3d0bd435?s=96&d=mm&r=g\",\"contentUrl\":\"https:\\\/\\\/secure.gravatar.com\\\/avatar\\\/3a8de04a2656d44082be478bd6c086daa447c4651605818287b9532d3d0bd435?s=96&d=mm&r=g\",\"caption\":\"Lo viste en Los Pol\u00edticos\"},\"url\":\"https:\\\/\\\/lospoliticosveracruz.com\\\/?author=2\"}]}<\/script>\n<!-- \/ Yoast SEO plugin. -->","yoast_head_json":{"title":"EN TERAPIA INTENSIVA - Los pol\u00edticos Veracruz","robots":{"index":"index","follow":"follow","max-snippet":"max-snippet:-1","max-image-preview":"max-image-preview:large","max-video-preview":"max-video-preview:-1"},"canonical":"https:\/\/lospoliticosveracruz.com\/?p=138500","og_locale":"es_ES","og_type":"article","og_title":"EN TERAPIA INTENSIVA - Los pol\u00edticos Veracruz","og_description":"S\u00edguenos ahora tambi\u00e9n en WhatsApp.\u00a0Da clic aqu\u00ed Fanny Y\u00e9pez La Columna Uno de los principales retos que tienen cumplir en la actualidad los gobiernos federal y estatal, son mejorar esencialmente los servicios de salud, principalmente est\u00e1n obligados a consolidar el IMSS-Bienestar que se convirti\u00f3 en el tercer brazo de la atenci\u00f3n m\u00e9dica principalmente para la [&hellip;]","og_url":"https:\/\/lospoliticosveracruz.com\/?p=138500","og_site_name":"Los pol\u00edticos Veracruz","article_publisher":"https:\/\/www.facebook.com\/people\/Notimemes-de-los-Polticos\/61565672886568\/","article_published_time":"2025-02-24T15:59:43+00:00","article_modified_time":"2025-02-24T16:04:01+00:00","og_image":[{"width":1250,"height":667,"url":"https:\/\/lospoliticosveracruz.com\/wp-content\/uploads\/2024\/06\/Fanny-Yepez.jpg","type":"image\/jpeg"}],"author":"Lo viste en Los Pol\u00edticos","twitter_card":"summary_large_image","twitter_creator":"@LosPoliticosVer","twitter_site":"@LosPoliticosVer","twitter_misc":{"Escrito por":"Lo viste en Los Pol\u00edticos","Tiempo de lectura":"4 minutos"},"schema":{"@context":"https:\/\/schema.org","@graph":[{"@type":"Article","@id":"https:\/\/lospoliticosveracruz.com\/?p=138500#article","isPartOf":{"@id":"https:\/\/lospoliticosveracruz.com\/?p=138500"},"author":{"name":"Lo viste en Los Pol\u00edticos","@id":"https:\/\/lospoliticosveracruz.com\/#\/schema\/person\/b8702bb0e538456e6efd07080bf2a4a2"},"headline":"EN TERAPIA INTENSIVA","datePublished":"2025-02-24T15:59:43+00:00","dateModified":"2025-02-24T16:04:01+00:00","mainEntityOfPage":{"@id":"https:\/\/lospoliticosveracruz.com\/?p=138500"},"wordCount":744,"publisher":{"@id":"https:\/\/lospoliticosveracruz.com\/#organization"},"image":{"@id":"https:\/\/lospoliticosveracruz.com\/?p=138500#primaryimage"},"thumbnailUrl":"https:\/\/lospoliticosveracruz.com\/wp-content\/uploads\/2024\/06\/Fanny-Yepez.jpg","keywords":["Bienestar","Claudia Sheinbaum","Fanny Y\u00e9pez","IMSS","Issste"],"articleSection":["De Opini\u00f3n"],"inLanguage":"es"},{"@type":"WebPage","@id":"https:\/\/lospoliticosveracruz.com\/?p=138500","url":"https:\/\/lospoliticosveracruz.com\/?p=138500","name":"EN TERAPIA INTENSIVA - Los pol\u00edticos Veracruz","isPartOf":{"@id":"https:\/\/lospoliticosveracruz.com\/#website"},"primaryImageOfPage":{"@id":"https:\/\/lospoliticosveracruz.com\/?p=138500#primaryimage"},"image":{"@id":"https:\/\/lospoliticosveracruz.com\/?p=138500#primaryimage"},"thumbnailUrl":"https:\/\/lospoliticosveracruz.com\/wp-content\/uploads\/2024\/06\/Fanny-Yepez.jpg","datePublished":"2025-02-24T15:59:43+00:00","dateModified":"2025-02-24T16:04:01+00:00","breadcrumb":{"@id":"https:\/\/lospoliticosveracruz.com\/?p=138500#breadcrumb"},"inLanguage":"es","potentialAction":[{"@type":"ReadAction","target":["https:\/\/lospoliticosveracruz.com\/?p=138500"]}]},{"@type":"ImageObject","inLanguage":"es","@id":"https:\/\/lospoliticosveracruz.com\/?p=138500#primaryimage","url":"https:\/\/lospoliticosveracruz.com\/wp-content\/uploads\/2024\/06\/Fanny-Yepez.jpg","contentUrl":"https:\/\/lospoliticosveracruz.com\/wp-content\/uploads\/2024\/06\/Fanny-Yepez.jpg","width":1250,"height":667},{"@type":"BreadcrumbList","@id":"https:\/\/lospoliticosveracruz.com\/?p=138500#breadcrumb","itemListElement":[{"@type":"ListItem","position":1,"name":"Portada","item":"https:\/\/lospoliticosveracruz.com\/"},{"@type":"ListItem","position":2,"name":"EN TERAPIA INTENSIVA"}]},{"@type":"WebSite","@id":"https:\/\/lospoliticosveracruz.com\/#website","url":"https:\/\/lospoliticosveracruz.com\/","name":"Los pol\u00edticos Veracruz","description":"","publisher":{"@id":"https:\/\/lospoliticosveracruz.com\/#organization"},"potentialAction":[{"@type":"SearchAction","target":{"@type":"EntryPoint","urlTemplate":"https:\/\/lospoliticosveracruz.com\/?s={search_term_string}"},"query-input":{"@type":"PropertyValueSpecification","valueRequired":true,"valueName":"search_term_string"}}],"inLanguage":"es"},{"@type":"Organization","@id":"https:\/\/lospoliticosveracruz.com\/#organization","name":"Los pol\u00edticos Veracruz","url":"https:\/\/lospoliticosveracruz.com\/","logo":{"@type":"ImageObject","inLanguage":"es","@id":"https:\/\/lospoliticosveracruz.com\/#\/schema\/logo\/image\/","url":"https:\/\/lospoliticosveracruz.com\/wp-content\/uploads\/2025\/12\/Logo-Nuevo-LOS-POLITICOS-1.jpg","contentUrl":"https:\/\/lospoliticosveracruz.com\/wp-content\/uploads\/2025\/12\/Logo-Nuevo-LOS-POLITICOS-1.jpg","width":260,"height":70,"caption":"Los pol\u00edticos Veracruz"},"image":{"@id":"https:\/\/lospoliticosveracruz.com\/#\/schema\/logo\/image\/"},"sameAs":["https:\/\/www.facebook.com\/people\/Notimemes-de-los-Polticos\/61565672886568\/","https:\/\/x.com\/LosPoliticosVer"]},{"@type":"Person","@id":"https:\/\/lospoliticosveracruz.com\/#\/schema\/person\/b8702bb0e538456e6efd07080bf2a4a2","name":"Lo viste en Los Pol\u00edticos","image":{"@type":"ImageObject","inLanguage":"es","@id":"https:\/\/secure.gravatar.com\/avatar\/3a8de04a2656d44082be478bd6c086daa447c4651605818287b9532d3d0bd435?s=96&d=mm&r=g","url":"https:\/\/secure.gravatar.com\/avatar\/3a8de04a2656d44082be478bd6c086daa447c4651605818287b9532d3d0bd435?s=96&d=mm&r=g","contentUrl":"https:\/\/secure.gravatar.com\/avatar\/3a8de04a2656d44082be478bd6c086daa447c4651605818287b9532d3d0bd435?s=96&d=mm&r=g","caption":"Lo viste en Los Pol\u00edticos"},"url":"https:\/\/lospoliticosveracruz.com\/?author=2"}]}},"_links":{"self":[{"href":"https:\/\/lospoliticosveracruz.com\/index.php?rest_route=\/wp\/v2\/posts\/138500","targetHints":{"allow":["GET"]}}],"collection":[{"href":"https:\/\/lospoliticosveracruz.com\/index.php?rest_route=\/wp\/v2\/posts"}],"about":[{"href":"https:\/\/lospoliticosveracruz.com\/index.php?rest_route=\/wp\/v2\/types\/post"}],"author":[{"embeddable":true,"href":"https:\/\/lospoliticosveracruz.com\/index.php?rest_route=\/wp\/v2\/users\/2"}],"replies":[{"embeddable":true,"href":"https:\/\/lospoliticosveracruz.com\/index.php?rest_route=%2Fwp%2Fv2%2Fcomments&post=138500"}],"version-history":[{"count":1,"href":"https:\/\/lospoliticosveracruz.com\/index.php?rest_route=\/wp\/v2\/posts\/138500\/revisions"}],"predecessor-version":[{"id":138501,"href":"https:\/\/lospoliticosveracruz.com\/index.php?rest_route=\/wp\/v2\/posts\/138500\/revisions\/138501"}],"wp:featuredmedia":[{"embeddable":true,"href":"https:\/\/lospoliticosveracruz.com\/index.php?rest_route=\/wp\/v2\/media\/126076"}],"wp:attachment":[{"href":"https:\/\/lospoliticosveracruz.com\/index.php?rest_route=%2Fwp%2Fv2%2Fmedia&parent=138500"}],"wp:term":[{"taxonomy":"category","embeddable":true,"href":"https:\/\/lospoliticosveracruz.com\/index.php?rest_route=%2Fwp%2Fv2%2Fcategories&post=138500"},{"taxonomy":"post_tag","embeddable":true,"href":"https:\/\/lospoliticosveracruz.com\/index.php?rest_route=%2Fwp%2Fv2%2Ftags&post=138500"}],"curies":[{"name":"wp","href":"https:\/\/api.w.org\/{rel}","templated":true}]}}