{"id":138577,"date":"2025-02-25T06:11:51","date_gmt":"2025-02-25T12:11:51","guid":{"rendered":"https:\/\/lospoliticosveracruz.com.mx\/?p=138577"},"modified":"2025-02-25T06:12:28","modified_gmt":"2025-02-25T12:12:28","slug":"es-tiempo-de-mujeres","status":"publish","type":"post","link":"https:\/\/lospoliticosveracruz.com\/?p=138577","title":{"rendered":"ES TIEMPO DE MUJERES"},"content":{"rendered":"\n<p>[S\u00edguenos ahora tambi\u00e9n en WhatsApp.\u00a0<a href=\"https:\/\/whatsapp.com\/channel\/0029Va8zRWlEKyZIP3Z1dF0e\"><strong><em>Da clic aqu\u00ed<\/em><\/strong><\/a>]\u00a0<br><strong>Fanny Y\u00e9pez<\/strong><br><em>La Columna<\/em><br><br>Dos mujeres destacadas por el trabajo y el compromiso profesional, al inicio de la presente administraci\u00f3n fueron ratificadas en los cargos que ya ven\u00edan desempe\u00f1ando, ellas son Guadalupe Osorno Maldonado y Daniela Griego Ceballos, en la direcci\u00f3n de Protecci\u00f3n Civil y el Instituto de Pensiones del Estado, respectivamente.<br>En el caso del poder legislativo hay otra mujer que preside la mesa directiva, es el caso de Tanya Carola Viveros Ch\u00e1zaro, su trabajo, acciones y sobre todo los resultados la anteceden. Sigue demostrando capacidad.<br>Bajo la m\u00edstica de m\u00e1s territorio, menos escritorio sigue reuni\u00e9ndose con grupos representativos del estado, les ayuda a solucionar la problem\u00e1tica que afecta a sus respectivas comunidades y sobre todo sabe escuchar.<br>No se intimida con las acciones machistas, por el contrario de esto saca energ\u00eda y valor para superar estos obst\u00e1culos.<br>Cada una ha hecho lo propio, se han mantenido reservadas, trabajando sin horario ni calendario y eso habla bien de las dos.<br>En el caso de Daniela Griego, el comentario generalizado de los jubilados y pensionados es muy positivo por la eficiencia y la esmerada atenci\u00f3n que ofrecen a los derechohabientes, en su mayor\u00eda personas de la tercera edad.<br>Resulta que desde el 17 de febrero dio inicio el primer periodo del Programa de Revista de Supervivencia, con la participaci\u00f3n de 36 mil 648 derechohabientes programa que concluir\u00e1 el 4 de abril, es decir, tienen un amplio plazo para cumplir con este requisito o de lo contrario podr\u00edan ver retenido su pago a partir del mes de abril.<br>Se colocaron mesas de atenci\u00f3n en el Gran Hotel Xalapa, Estancia Garnica y las oficinas del IPE, 32 itinerantes en distintas regiones del estado y ocho de acreditaci\u00f3n virtual, disponibles a trav\u00e9s de la aplicaci\u00f3n IPE M\u00f3vil y video llamadas por WhatsApp.<br>Tan solo en las instalaciones del IPE el procedimiento es muy \u00e1gil, porque a la llegada de los interesados les entregan un turno impreso que marca el n\u00famero que les corresponde, en una peque\u00f1a pantalla aparece el avance que se tiene de los turnos de tal forma que en menos de cinco minutos es atendida cada persona.<br>Los empleados que realizan esa atenci\u00f3n merecen nuestro reconocimiento, pero evidentemente hay liderazgo, hay direcci\u00f3n y es por eso que las cosas marchan como relojito.<br>\u201cChamba mata grilla\u201d es una frase coloquial que se ha hecho popular y que en este caso aplica, el trabajo serio y responsable de Daniela Griego le ha elevado sus bonos muy alto, entonces nada extra\u00f1o ser\u00eda que fuera nominada candidata por Morena para contender para la alcald\u00eda de Xalapa.<br>La posibilidad de triunfo para Daniela Griego es evidente, porque el prestigio que ha logrado ante la opini\u00f3n p\u00fablica la ubica como una ejecutiva, que no anda con medias tintas, y eso es lo que realmente necesita la ciudad capital.<br>En el a\u00f1o 2016 fue diputada local por el Distrito X de Xalapa y tuvo la oportunidad de conocer la problem\u00e1tica que enfrentan los habitantes de los diversos asentamientos humanos, adem\u00e1s de que su actitud humanitaria la tiene perfectamente ubicada la poblaci\u00f3n, que no dudar\u00eda en votar por esta joven mujer que donde se ha desempe\u00f1ado ha dejado huella por sus conocimientos y adem\u00e1s porque tiene visi\u00f3n de c\u00f3mo se pueden desempe\u00f1ar esos cargos.<br>Ella no es de las reci\u00e9n desempacadas para buscar la alcald\u00eda, ha sido militante de Morena desde hace muchos a\u00f1os y su desempe\u00f1o en la vida pol\u00edtica ha sido de un alto nivel por lo que seguramente tendr\u00e1 el apoyo necesario.<br>Alguien se preocup\u00f3 por crear un grupo de chat diciendo que ella lo encabezaba, pero de inmediato este lunes ataj\u00f3 esa versi\u00f3n, desechando cualquier intento de provocarle problemas e hizo un llamado para que desechen la invitaci\u00f3n que les llegue.<\/p>\n","protected":false},"excerpt":{"rendered":"<p>[S\u00edguenos ahora tambi\u00e9n en WhatsApp.\u00a0Da clic aqu\u00ed]\u00a0Fanny Y\u00e9pezLa Columna Dos mujeres destacadas por el trabajo y el compromiso profesional, al inicio de la presente administraci\u00f3n fueron ratificadas en los cargos que ya ven\u00edan desempe\u00f1ando, ellas son Guadalupe Osorno Maldonado y Daniela Griego Ceballos, en la direcci\u00f3n de Protecci\u00f3n Civil y el Instituto de Pensiones del [&hellip;]<\/p>\n","protected":false},"author":2,"featured_media":126076,"comment_status":"closed","ping_status":"closed","sticky":false,"template":"","format":"standard","meta":{"tdm_status":"","tdm_grid_status":"","footnotes":""},"categories":[70],"tags":[6657,11408,1026,3578,6666,195],"class_list":{"0":"post-138577","1":"post","2":"type-post","3":"status-publish","4":"format-standard","5":"has-post-thumbnail","7":"category-de-opinion","8":"tag-daniela-griego-ceballos","9":"tag-guadalupe-osorno-maldonado","10":"tag-morena","11":"tag-rocio-nahle","12":"tag-tanya-carola-viveros-chazaro","13":"tag-veracruz"},"yoast_head":"<!-- This site is optimized with the Yoast SEO plugin v27.4 - https:\/\/yoast.com\/product\/yoast-seo-wordpress\/ -->\n<title>ES TIEMPO DE MUJERES - Los pol\u00edticos Veracruz<\/title>\n<meta name=\"robots\" content=\"index, follow, max-snippet:-1, max-image-preview:large, max-video-preview:-1\" \/>\n<link rel=\"canonical\" href=\"https:\/\/lospoliticosveracruz.com\/?p=138577\" \/>\n<meta property=\"og:locale\" content=\"es_ES\" \/>\n<meta property=\"og:type\" content=\"article\" \/>\n<meta property=\"og:title\" content=\"ES TIEMPO DE MUJERES - Los pol\u00edticos Veracruz\" \/>\n<meta property=\"og:description\" content=\"[S\u00edguenos ahora tambi\u00e9n en WhatsApp.\u00a0Da clic aqu\u00ed]\u00a0Fanny Y\u00e9pezLa Columna Dos mujeres destacadas por el trabajo y el compromiso profesional, al inicio de la presente administraci\u00f3n fueron ratificadas en los cargos que ya ven\u00edan desempe\u00f1ando, ellas son Guadalupe Osorno Maldonado y Daniela Griego Ceballos, en la direcci\u00f3n de Protecci\u00f3n Civil y el Instituto de Pensiones del [&hellip;]\" \/>\n<meta property=\"og:url\" content=\"https:\/\/lospoliticosveracruz.com\/?p=138577\" \/>\n<meta property=\"og:site_name\" content=\"Los pol\u00edticos Veracruz\" \/>\n<meta property=\"article:publisher\" content=\"https:\/\/www.facebook.com\/people\/Notimemes-de-los-Polticos\/61565672886568\/\" \/>\n<meta property=\"article:published_time\" content=\"2025-02-25T12:11:51+00:00\" \/>\n<meta property=\"article:modified_time\" content=\"2025-02-25T12:12:28+00:00\" \/>\n<meta property=\"og:image\" content=\"https:\/\/lospoliticosveracruz.com\/wp-content\/uploads\/2024\/06\/Fanny-Yepez.jpg\" \/>\n\t<meta property=\"og:image:width\" content=\"1250\" \/>\n\t<meta property=\"og:image:height\" content=\"667\" \/>\n\t<meta property=\"og:image:type\" content=\"image\/jpeg\" \/>\n<meta name=\"author\" content=\"Lo viste en Los Pol\u00edticos\" \/>\n<meta name=\"twitter:card\" content=\"summary_large_image\" \/>\n<meta name=\"twitter:creator\" content=\"@LosPoliticosVer\" \/>\n<meta name=\"twitter:site\" content=\"@LosPoliticosVer\" \/>\n<meta name=\"twitter:label1\" content=\"Escrito por\" \/>\n\t<meta name=\"twitter:data1\" content=\"Lo viste en Los Pol\u00edticos\" \/>\n\t<meta name=\"twitter:label2\" content=\"Tiempo de lectura\" \/>\n\t<meta name=\"twitter:data2\" content=\"3 minutos\" \/>\n<script type=\"application\/ld+json\" class=\"yoast-schema-graph\">{\"@context\":\"https:\\\/\\\/schema.org\",\"@graph\":[{\"@type\":\"Article\",\"@id\":\"https:\\\/\\\/lospoliticosveracruz.com\\\/?p=138577#article\",\"isPartOf\":{\"@id\":\"https:\\\/\\\/lospoliticosveracruz.com\\\/?p=138577\"},\"author\":{\"name\":\"Lo viste en Los Pol\u00edticos\",\"@id\":\"https:\\\/\\\/lospoliticosveracruz.com\\\/#\\\/schema\\\/person\\\/b8702bb0e538456e6efd07080bf2a4a2\"},\"headline\":\"ES TIEMPO DE MUJERES\",\"datePublished\":\"2025-02-25T12:11:51+00:00\",\"dateModified\":\"2025-02-25T12:12:28+00:00\",\"mainEntityOfPage\":{\"@id\":\"https:\\\/\\\/lospoliticosveracruz.com\\\/?p=138577\"},\"wordCount\":682,\"publisher\":{\"@id\":\"https:\\\/\\\/lospoliticosveracruz.com\\\/#organization\"},\"image\":{\"@id\":\"https:\\\/\\\/lospoliticosveracruz.com\\\/?p=138577#primaryimage\"},\"thumbnailUrl\":\"https:\\\/\\\/lospoliticosveracruz.com\\\/wp-content\\\/uploads\\\/2024\\\/06\\\/Fanny-Yepez.jpg\",\"keywords\":[\"Daniela Griego Ceballos\",\"Guadalupe Osorno Maldonado\",\"Morena\",\"Roc\u00edo Nahle\",\"Tanya Carola Viveros Ch\u00e1zaro\",\"Veracruz\"],\"articleSection\":[\"De Opini\u00f3n\"],\"inLanguage\":\"es\"},{\"@type\":\"WebPage\",\"@id\":\"https:\\\/\\\/lospoliticosveracruz.com\\\/?p=138577\",\"url\":\"https:\\\/\\\/lospoliticosveracruz.com\\\/?p=138577\",\"name\":\"ES TIEMPO DE MUJERES - Los pol\u00edticos Veracruz\",\"isPartOf\":{\"@id\":\"https:\\\/\\\/lospoliticosveracruz.com\\\/#website\"},\"primaryImageOfPage\":{\"@id\":\"https:\\\/\\\/lospoliticosveracruz.com\\\/?p=138577#primaryimage\"},\"image\":{\"@id\":\"https:\\\/\\\/lospoliticosveracruz.com\\\/?p=138577#primaryimage\"},\"thumbnailUrl\":\"https:\\\/\\\/lospoliticosveracruz.com\\\/wp-content\\\/uploads\\\/2024\\\/06\\\/Fanny-Yepez.jpg\",\"datePublished\":\"2025-02-25T12:11:51+00:00\",\"dateModified\":\"2025-02-25T12:12:28+00:00\",\"breadcrumb\":{\"@id\":\"https:\\\/\\\/lospoliticosveracruz.com\\\/?p=138577#breadcrumb\"},\"inLanguage\":\"es\",\"potentialAction\":[{\"@type\":\"ReadAction\",\"target\":[\"https:\\\/\\\/lospoliticosveracruz.com\\\/?p=138577\"]}]},{\"@type\":\"ImageObject\",\"inLanguage\":\"es\",\"@id\":\"https:\\\/\\\/lospoliticosveracruz.com\\\/?p=138577#primaryimage\",\"url\":\"https:\\\/\\\/lospoliticosveracruz.com\\\/wp-content\\\/uploads\\\/2024\\\/06\\\/Fanny-Yepez.jpg\",\"contentUrl\":\"https:\\\/\\\/lospoliticosveracruz.com\\\/wp-content\\\/uploads\\\/2024\\\/06\\\/Fanny-Yepez.jpg\",\"width\":1250,\"height\":667},{\"@type\":\"BreadcrumbList\",\"@id\":\"https:\\\/\\\/lospoliticosveracruz.com\\\/?p=138577#breadcrumb\",\"itemListElement\":[{\"@type\":\"ListItem\",\"position\":1,\"name\":\"Portada\",\"item\":\"https:\\\/\\\/lospoliticosveracruz.com\\\/\"},{\"@type\":\"ListItem\",\"position\":2,\"name\":\"ES TIEMPO DE MUJERES\"}]},{\"@type\":\"WebSite\",\"@id\":\"https:\\\/\\\/lospoliticosveracruz.com\\\/#website\",\"url\":\"https:\\\/\\\/lospoliticosveracruz.com\\\/\",\"name\":\"Los pol\u00edticos Veracruz\",\"description\":\"\",\"publisher\":{\"@id\":\"https:\\\/\\\/lospoliticosveracruz.com\\\/#organization\"},\"potentialAction\":[{\"@type\":\"SearchAction\",\"target\":{\"@type\":\"EntryPoint\",\"urlTemplate\":\"https:\\\/\\\/lospoliticosveracruz.com\\\/?s={search_term_string}\"},\"query-input\":{\"@type\":\"PropertyValueSpecification\",\"valueRequired\":true,\"valueName\":\"search_term_string\"}}],\"inLanguage\":\"es\"},{\"@type\":\"Organization\",\"@id\":\"https:\\\/\\\/lospoliticosveracruz.com\\\/#organization\",\"name\":\"Los pol\u00edticos Veracruz\",\"url\":\"https:\\\/\\\/lospoliticosveracruz.com\\\/\",\"logo\":{\"@type\":\"ImageObject\",\"inLanguage\":\"es\",\"@id\":\"https:\\\/\\\/lospoliticosveracruz.com\\\/#\\\/schema\\\/logo\\\/image\\\/\",\"url\":\"https:\\\/\\\/lospoliticosveracruz.com\\\/wp-content\\\/uploads\\\/2025\\\/12\\\/Logo-Nuevo-LOS-POLITICOS-1.jpg\",\"contentUrl\":\"https:\\\/\\\/lospoliticosveracruz.com\\\/wp-content\\\/uploads\\\/2025\\\/12\\\/Logo-Nuevo-LOS-POLITICOS-1.jpg\",\"width\":260,\"height\":70,\"caption\":\"Los pol\u00edticos Veracruz\"},\"image\":{\"@id\":\"https:\\\/\\\/lospoliticosveracruz.com\\\/#\\\/schema\\\/logo\\\/image\\\/\"},\"sameAs\":[\"https:\\\/\\\/www.facebook.com\\\/people\\\/Notimemes-de-los-Polticos\\\/61565672886568\\\/\",\"https:\\\/\\\/x.com\\\/LosPoliticosVer\"]},{\"@type\":\"Person\",\"@id\":\"https:\\\/\\\/lospoliticosveracruz.com\\\/#\\\/schema\\\/person\\\/b8702bb0e538456e6efd07080bf2a4a2\",\"name\":\"Lo viste en Los Pol\u00edticos\",\"image\":{\"@type\":\"ImageObject\",\"inLanguage\":\"es\",\"@id\":\"https:\\\/\\\/secure.gravatar.com\\\/avatar\\\/3a8de04a2656d44082be478bd6c086daa447c4651605818287b9532d3d0bd435?s=96&d=mm&r=g\",\"url\":\"https:\\\/\\\/secure.gravatar.com\\\/avatar\\\/3a8de04a2656d44082be478bd6c086daa447c4651605818287b9532d3d0bd435?s=96&d=mm&r=g\",\"contentUrl\":\"https:\\\/\\\/secure.gravatar.com\\\/avatar\\\/3a8de04a2656d44082be478bd6c086daa447c4651605818287b9532d3d0bd435?s=96&d=mm&r=g\",\"caption\":\"Lo viste en Los Pol\u00edticos\"},\"url\":\"https:\\\/\\\/lospoliticosveracruz.com\\\/?author=2\"}]}<\/script>\n<!-- \/ Yoast SEO plugin. -->","yoast_head_json":{"title":"ES TIEMPO DE MUJERES - Los pol\u00edticos Veracruz","robots":{"index":"index","follow":"follow","max-snippet":"max-snippet:-1","max-image-preview":"max-image-preview:large","max-video-preview":"max-video-preview:-1"},"canonical":"https:\/\/lospoliticosveracruz.com\/?p=138577","og_locale":"es_ES","og_type":"article","og_title":"ES TIEMPO DE MUJERES - Los pol\u00edticos Veracruz","og_description":"[S\u00edguenos ahora tambi\u00e9n en WhatsApp.\u00a0Da clic aqu\u00ed]\u00a0Fanny Y\u00e9pezLa Columna Dos mujeres destacadas por el trabajo y el compromiso profesional, al inicio de la presente administraci\u00f3n fueron ratificadas en los cargos que ya ven\u00edan desempe\u00f1ando, ellas son Guadalupe Osorno Maldonado y Daniela Griego Ceballos, en la direcci\u00f3n de Protecci\u00f3n Civil y el Instituto de Pensiones del [&hellip;]","og_url":"https:\/\/lospoliticosveracruz.com\/?p=138577","og_site_name":"Los pol\u00edticos Veracruz","article_publisher":"https:\/\/www.facebook.com\/people\/Notimemes-de-los-Polticos\/61565672886568\/","article_published_time":"2025-02-25T12:11:51+00:00","article_modified_time":"2025-02-25T12:12:28+00:00","og_image":[{"width":1250,"height":667,"url":"https:\/\/lospoliticosveracruz.com\/wp-content\/uploads\/2024\/06\/Fanny-Yepez.jpg","type":"image\/jpeg"}],"author":"Lo viste en Los Pol\u00edticos","twitter_card":"summary_large_image","twitter_creator":"@LosPoliticosVer","twitter_site":"@LosPoliticosVer","twitter_misc":{"Escrito por":"Lo viste en Los Pol\u00edticos","Tiempo de lectura":"3 minutos"},"schema":{"@context":"https:\/\/schema.org","@graph":[{"@type":"Article","@id":"https:\/\/lospoliticosveracruz.com\/?p=138577#article","isPartOf":{"@id":"https:\/\/lospoliticosveracruz.com\/?p=138577"},"author":{"name":"Lo viste en Los Pol\u00edticos","@id":"https:\/\/lospoliticosveracruz.com\/#\/schema\/person\/b8702bb0e538456e6efd07080bf2a4a2"},"headline":"ES TIEMPO DE MUJERES","datePublished":"2025-02-25T12:11:51+00:00","dateModified":"2025-02-25T12:12:28+00:00","mainEntityOfPage":{"@id":"https:\/\/lospoliticosveracruz.com\/?p=138577"},"wordCount":682,"publisher":{"@id":"https:\/\/lospoliticosveracruz.com\/#organization"},"image":{"@id":"https:\/\/lospoliticosveracruz.com\/?p=138577#primaryimage"},"thumbnailUrl":"https:\/\/lospoliticosveracruz.com\/wp-content\/uploads\/2024\/06\/Fanny-Yepez.jpg","keywords":["Daniela Griego Ceballos","Guadalupe Osorno Maldonado","Morena","Roc\u00edo Nahle","Tanya Carola Viveros Ch\u00e1zaro","Veracruz"],"articleSection":["De Opini\u00f3n"],"inLanguage":"es"},{"@type":"WebPage","@id":"https:\/\/lospoliticosveracruz.com\/?p=138577","url":"https:\/\/lospoliticosveracruz.com\/?p=138577","name":"ES TIEMPO DE MUJERES - Los pol\u00edticos Veracruz","isPartOf":{"@id":"https:\/\/lospoliticosveracruz.com\/#website"},"primaryImageOfPage":{"@id":"https:\/\/lospoliticosveracruz.com\/?p=138577#primaryimage"},"image":{"@id":"https:\/\/lospoliticosveracruz.com\/?p=138577#primaryimage"},"thumbnailUrl":"https:\/\/lospoliticosveracruz.com\/wp-content\/uploads\/2024\/06\/Fanny-Yepez.jpg","datePublished":"2025-02-25T12:11:51+00:00","dateModified":"2025-02-25T12:12:28+00:00","breadcrumb":{"@id":"https:\/\/lospoliticosveracruz.com\/?p=138577#breadcrumb"},"inLanguage":"es","potentialAction":[{"@type":"ReadAction","target":["https:\/\/lospoliticosveracruz.com\/?p=138577"]}]},{"@type":"ImageObject","inLanguage":"es","@id":"https:\/\/lospoliticosveracruz.com\/?p=138577#primaryimage","url":"https:\/\/lospoliticosveracruz.com\/wp-content\/uploads\/2024\/06\/Fanny-Yepez.jpg","contentUrl":"https:\/\/lospoliticosveracruz.com\/wp-content\/uploads\/2024\/06\/Fanny-Yepez.jpg","width":1250,"height":667},{"@type":"BreadcrumbList","@id":"https:\/\/lospoliticosveracruz.com\/?p=138577#breadcrumb","itemListElement":[{"@type":"ListItem","position":1,"name":"Portada","item":"https:\/\/lospoliticosveracruz.com\/"},{"@type":"ListItem","position":2,"name":"ES TIEMPO DE MUJERES"}]},{"@type":"WebSite","@id":"https:\/\/lospoliticosveracruz.com\/#website","url":"https:\/\/lospoliticosveracruz.com\/","name":"Los pol\u00edticos Veracruz","description":"","publisher":{"@id":"https:\/\/lospoliticosveracruz.com\/#organization"},"potentialAction":[{"@type":"SearchAction","target":{"@type":"EntryPoint","urlTemplate":"https:\/\/lospoliticosveracruz.com\/?s={search_term_string}"},"query-input":{"@type":"PropertyValueSpecification","valueRequired":true,"valueName":"search_term_string"}}],"inLanguage":"es"},{"@type":"Organization","@id":"https:\/\/lospoliticosveracruz.com\/#organization","name":"Los pol\u00edticos Veracruz","url":"https:\/\/lospoliticosveracruz.com\/","logo":{"@type":"ImageObject","inLanguage":"es","@id":"https:\/\/lospoliticosveracruz.com\/#\/schema\/logo\/image\/","url":"https:\/\/lospoliticosveracruz.com\/wp-content\/uploads\/2025\/12\/Logo-Nuevo-LOS-POLITICOS-1.jpg","contentUrl":"https:\/\/lospoliticosveracruz.com\/wp-content\/uploads\/2025\/12\/Logo-Nuevo-LOS-POLITICOS-1.jpg","width":260,"height":70,"caption":"Los pol\u00edticos Veracruz"},"image":{"@id":"https:\/\/lospoliticosveracruz.com\/#\/schema\/logo\/image\/"},"sameAs":["https:\/\/www.facebook.com\/people\/Notimemes-de-los-Polticos\/61565672886568\/","https:\/\/x.com\/LosPoliticosVer"]},{"@type":"Person","@id":"https:\/\/lospoliticosveracruz.com\/#\/schema\/person\/b8702bb0e538456e6efd07080bf2a4a2","name":"Lo viste en Los Pol\u00edticos","image":{"@type":"ImageObject","inLanguage":"es","@id":"https:\/\/secure.gravatar.com\/avatar\/3a8de04a2656d44082be478bd6c086daa447c4651605818287b9532d3d0bd435?s=96&d=mm&r=g","url":"https:\/\/secure.gravatar.com\/avatar\/3a8de04a2656d44082be478bd6c086daa447c4651605818287b9532d3d0bd435?s=96&d=mm&r=g","contentUrl":"https:\/\/secure.gravatar.com\/avatar\/3a8de04a2656d44082be478bd6c086daa447c4651605818287b9532d3d0bd435?s=96&d=mm&r=g","caption":"Lo viste en Los Pol\u00edticos"},"url":"https:\/\/lospoliticosveracruz.com\/?author=2"}]}},"_links":{"self":[{"href":"https:\/\/lospoliticosveracruz.com\/index.php?rest_route=\/wp\/v2\/posts\/138577","targetHints":{"allow":["GET"]}}],"collection":[{"href":"https:\/\/lospoliticosveracruz.com\/index.php?rest_route=\/wp\/v2\/posts"}],"about":[{"href":"https:\/\/lospoliticosveracruz.com\/index.php?rest_route=\/wp\/v2\/types\/post"}],"author":[{"embeddable":true,"href":"https:\/\/lospoliticosveracruz.com\/index.php?rest_route=\/wp\/v2\/users\/2"}],"replies":[{"embeddable":true,"href":"https:\/\/lospoliticosveracruz.com\/index.php?rest_route=%2Fwp%2Fv2%2Fcomments&post=138577"}],"version-history":[{"count":1,"href":"https:\/\/lospoliticosveracruz.com\/index.php?rest_route=\/wp\/v2\/posts\/138577\/revisions"}],"predecessor-version":[{"id":138578,"href":"https:\/\/lospoliticosveracruz.com\/index.php?rest_route=\/wp\/v2\/posts\/138577\/revisions\/138578"}],"wp:featuredmedia":[{"embeddable":true,"href":"https:\/\/lospoliticosveracruz.com\/index.php?rest_route=\/wp\/v2\/media\/126076"}],"wp:attachment":[{"href":"https:\/\/lospoliticosveracruz.com\/index.php?rest_route=%2Fwp%2Fv2%2Fmedia&parent=138577"}],"wp:term":[{"taxonomy":"category","embeddable":true,"href":"https:\/\/lospoliticosveracruz.com\/index.php?rest_route=%2Fwp%2Fv2%2Fcategories&post=138577"},{"taxonomy":"post_tag","embeddable":true,"href":"https:\/\/lospoliticosveracruz.com\/index.php?rest_route=%2Fwp%2Fv2%2Ftags&post=138577"}],"curies":[{"name":"wp","href":"https:\/\/api.w.org\/{rel}","templated":true}]}}