{"id":138579,"date":"2025-02-25T07:27:52","date_gmt":"2025-02-25T13:27:52","guid":{"rendered":"https:\/\/lospoliticosveracruz.com.mx\/?p=138579"},"modified":"2025-02-25T07:28:12","modified_gmt":"2025-02-25T13:28:12","slug":"toman-la-sev","status":"publish","type":"post","link":"https:\/\/lospoliticosveracruz.com\/?p=138579","title":{"rendered":"TOMAN LA SEV\u2026"},"content":{"rendered":"\n<p>[S\u00edguenos ahora tambi\u00e9n en WhatsApp.\u00a0<a href=\"https:\/\/whatsapp.com\/channel\/0029Va8zRWlEKyZIP3Z1dF0e\"><strong><em>Da clic aqu\u00ed<\/em><\/strong><\/a>]\u00a0<br><strong>Oved Contreras<\/strong><\/p>\n\n\n\n<p><em>Secas Mecas<\/em><\/p>\n\n\n\n<p>Se calentaron los \u00e1nimos entre sindicatos magisteriales y la Secretar\u00eda de Educaci\u00f3n de Veracruz, y ayer a temprana hora tomaron las instalaciones donde despacha la comadrita Claudia Tello\u2026los ocho sindicatos que conforman la Uni\u00f3n de Sindicatos Magisteriales del Estado de Veracruz (USMEV) relacionados y manejados por el mu\u00f1ecote Zenyazen Escobar Garc\u00eda, tomaron las oficinas centrales de la SEV para exigir les cumplan con todo lo pendiente.<\/p>\n\n\n\n<p>Se viene un buen agarre, no con la comadrita, sino con la gobernadora que ya peg\u00f3 el manotazo en la mesa y asegura que no va acceder a las presiones de los protegidos del Zenyi, que los sindicatos magisteriales que hicieron la revuelta no tienen ni Contrato Colectivo de Trabajo y que aparentemente fueron creados para lucrar con el presupuesto p\u00fablico del sector educativo.<\/p>\n\n\n\n<p>Los l\u00edderes sindicales juran y perjuran que no dejar\u00e1n las \u201ccomisiones sindicales\u201d porque ese es su derecho, a pesar de que la SEV por instrucci\u00f3n directa de la t\u00eda Ch\u00edo, ha implementado el programa \u201cMaestros al Aula\u201d, para que los maestros comisionados regresen a las aulas y atiendan la demanda educativa\u2026.este grupo de maestros que se resisten a regresar a las aulas tienen personal comisionado para funciones sindicales y docentes comisionados que realizan funciones de otra \u00edndole, que nada tiene que ver con la educaci\u00f3n.<\/p>\n\n\n\n<p>Por si fuera poco, se les autorizaron plazas en la \u00e9poca de Zenyazen Escobar, para sus agremiados, y hay casos de maestros del Sindicato Veracruzano de Trabajadores del Sector Educativo (SIVETSE), que cobran mensual 49 mil 108.62 pesos y el mismo sindicato tiene, adem\u00e1s, seis comisionados que le cuestan al estado casi 200 mil pesos cada mes.<\/p>\n\n\n\n<p>En el Sindicato Independiente de Regeneraci\u00f3n Magisterial (SIRMA), no cantan mal las rancheras, hay casos de maestros comisionados con sueldo mensual neto de 45 mil 897.82 pesos, y hay un caso en particular de un docente que meti\u00f3 en la n\u00f3mina a su hija, a su esposa y a un hermano\u2026la familia cobra casi medio mill\u00f3n de pesos mensuales\u2026otro caso del Gremio Nacional de Trabajadores de la Educaci\u00f3n (GNTE), donde un maestro gana sin trabajar en el aula 41 mil 453.92 pesos cada mes, adem\u00e1s de que dicho sindicato tiene a nueve personas comisionadas de su sindicato y obtuvo una plaza en la administraci\u00f3n de Zenyazen Escobar en la UPV sin estar titulado.<\/p>\n\n\n\n<p>Todos estos maestros pretenden seguir lucrando con el recurso p\u00fablico de los veracruzanos destinados para la educaci\u00f3n, se oponen a regresar al aula, y recurren a la misma media de tomar las instalaciones de la SEV.<\/p>\n\n\n\n<p>SE LAS PONE F\u00c1CIL\u2026la responsable de la Secretar\u00eda de Educaci\u00f3n de Veracruz, Claudia Tello Espinosa, tiene una soluci\u00f3n f\u00e1cil ante la \u00abpresi\u00f3n\u00bb que est\u00e1n intentando hacer las huestes de Zenyazen ante la iniciativa de ponerlos a trabajar con \u00abEl Maestro al Aula\u00bb, y que dejen de estar de holgazanes\u2026correr a los aviadores que hay en la SEV desde hace d\u00e9cadas y que todos los maestros comisionados regresen frente a grupo.<\/p>\n\n\n\n<p>En el 2020, el exgobernante Cuitl\u00e1huac Garc\u00eda reconoci\u00f3 que hab\u00edan detectado m\u00e1s de 500 aviadores aunque, dijo, apenas estaba en curso la revisi\u00f3n de la n\u00f3mina, la cual nunca concluy\u00f3 y, al contrario, su secretario Zenyazen Escobar la infl\u00f3 todav\u00eda m\u00e1s para dejarles una bomba de tiempo a la t\u00eda Ch\u00edo y a la comadrita Tello.<\/p>\n\n\n\n<p>Por cierto, la comadre Tello reconoci\u00f3 que hay muchas plazas vacantes de docentes, sin embargo, no se pueden asignar a nuevos maestros, ya que los due\u00f1os est\u00e1n supuestamente de \u201cpermiso\u201d\u2026 que hay personas que pidieron permiso para estar en sindicatos o incluso en la pol\u00edtica y tienen las plazas sin ejercer\u2026y para quienes le andan tirando kkykas que ella hace lo mismo con su plaza, les aclara que ella s\u00ed renunci\u00f3 a su plaza para meterse a la pol\u00edtica.<\/p>\n\n\n\n<p>RESPALDO A LA COMADRE\u2026El presidente de la Asociaci\u00f3n de Padres de Familia (APF) del Estado de Veracruz, Esteban Rodr\u00edguez Ortega, respald\u00f3 el anuncio de la secretaria de Educaci\u00f3n, Claudia Tello Espinosa, de cancelar las comisiones administrativas otorgadas a docentes al considerar que su funci\u00f3n principal debe ser impartir clases en las aulas y no desempe\u00f1ar labores administrativas.<\/p>\n\n\n\n<p>Rodr\u00edguez Ortega se\u00f1ala que los maestros comisionados en la Secretar\u00eda de Educaci\u00f3n deben regresar a las aulas, porque la educaci\u00f3n no se imparte desde una oficina, sino en las escuelas, con los alumnos, y critic\u00f3 que algunos l\u00edderes sindicales busquen desacreditar la medida mediante ataques medi\u00e1ticos, cuando su objetivo es mejorar la calidad educativa al garantizar la presencia de docentes en las aulas.<\/p>\n\n\n\n<p>Mientras los sindicatos magisteriales se mantienen en su plant\u00f3n frente a la SEV, la Asociaci\u00f3n de Padres de Familia reiter\u00f3 que respalda completamente las acciones de la Secretar\u00eda de Educaci\u00f3n de Veracruz, y refiere que no se puede permitir que la educaci\u00f3n de los ni\u00f1os y j\u00f3venes se vea afectada por la falta de maestros en las escuelas.<\/p>\n\n\n\n<p>YA TIENEN PLAZO\u2026la t\u00eda Ch\u00edo se pronunci\u00f3 sobre los tres mil millones de pesos que andan volando de la administraci\u00f3n de Cuitl\u00e1huac Garc\u00eda y que aparecieron en el Informe de Fiscalizaci\u00f3n Superior e Informe General Ejecutivo de la Cuenta P\u00fablica 2023, que dicho sea de paso es el m\u00e1s alto registrado en todos los estados del pa\u00eds en el ejercicio fiscal en revisi\u00f3n.<\/p>\n\n\n\n<p>La gobernadora expuso que como parte del proceso establecido por la Auditor\u00eda Superior de la Federaci\u00f3n (ASF), corresponde a los ex funcionarios estatal subsanar cualquier observaci\u00f3n relacionada con el presunto da\u00f1o patrimonial detectado en la revisi\u00f3n del a\u00f1o 2023\u2026se da un plazo a los funcionarios o ex funcionarios para subsanar las irregularidades, que en este caso es de 180 d\u00edas, y tendr\u00e1n que aclarar lo que sea necesario y presentar la informaci\u00f3n pertinente para corregir cualquier error.<\/p>\n\n\n\n<p>Al concluir dicho plazo, la Auditor\u00eda realizar\u00e1 un nuevo an\u00e1lisis para verificar si las irregularidades fueron subsanadas, y en caso de que no se haya resuelto adecuadamente, ser\u00e1 la propia ASF quien determine las acciones legales y denuncias penales correspondientes\u2026las principales observaciones por da\u00f1o patrimonial en la cuenta p\u00fablica 2023 en Veracruz corresponden a la Secretar\u00eda de Salud (SSA), Secretar\u00eda de Educaci\u00f3n (SEV), a la Secretar\u00eda de Finanzas (SEFIPLAN) y a la Secretar\u00eda de Infraestructura y Obra P\u00fablica.<\/p>\n","protected":false},"excerpt":{"rendered":"<p>[S\u00edguenos ahora tambi\u00e9n en WhatsApp.\u00a0Da clic aqu\u00ed]\u00a0Oved Contreras Secas Mecas Se calentaron los \u00e1nimos entre sindicatos magisteriales y la Secretar\u00eda de Educaci\u00f3n de Veracruz, y ayer a temprana hora tomaron las instalaciones donde despacha la comadrita Claudia Tello\u2026los ocho sindicatos que conforman la Uni\u00f3n de Sindicatos Magisteriales del Estado de Veracruz (USMEV) relacionados y manejados [&hellip;]<\/p>\n","protected":false},"author":2,"featured_media":119816,"comment_status":"closed","ping_status":"closed","sticky":false,"template":"","format":"standard","meta":{"tdm_status":"","tdm_grid_status":"","footnotes":""},"categories":[70],"tags":[19961,1026,3578,88,5821,195],"class_list":{"0":"post-138579","1":"post","2":"type-post","3":"status-publish","4":"format-standard","5":"has-post-thumbnail","7":"category-de-opinion","8":"tag-claudia-tello","9":"tag-morena","10":"tag-rocio-nahle","11":"tag-sev","12":"tag-sindicatos","13":"tag-veracruz"},"yoast_head":"<!-- This site is optimized with the Yoast SEO plugin v27.4 - https:\/\/yoast.com\/product\/yoast-seo-wordpress\/ -->\n<title>TOMAN LA SEV\u2026 - Los pol\u00edticos Veracruz<\/title>\n<meta name=\"robots\" content=\"index, follow, max-snippet:-1, max-image-preview:large, max-video-preview:-1\" \/>\n<link rel=\"canonical\" href=\"https:\/\/lospoliticosveracruz.com\/?p=138579\" \/>\n<meta property=\"og:locale\" content=\"es_ES\" \/>\n<meta property=\"og:type\" content=\"article\" \/>\n<meta property=\"og:title\" content=\"TOMAN LA SEV\u2026 - Los pol\u00edticos Veracruz\" \/>\n<meta property=\"og:description\" content=\"[S\u00edguenos ahora tambi\u00e9n en WhatsApp.\u00a0Da clic aqu\u00ed]\u00a0Oved Contreras Secas Mecas Se calentaron los \u00e1nimos entre sindicatos magisteriales y la Secretar\u00eda de Educaci\u00f3n de Veracruz, y ayer a temprana hora tomaron las instalaciones donde despacha la comadrita Claudia Tello\u2026los ocho sindicatos que conforman la Uni\u00f3n de Sindicatos Magisteriales del Estado de Veracruz (USMEV) relacionados y manejados [&hellip;]\" \/>\n<meta property=\"og:url\" content=\"https:\/\/lospoliticosveracruz.com\/?p=138579\" \/>\n<meta property=\"og:site_name\" content=\"Los pol\u00edticos Veracruz\" \/>\n<meta property=\"article:publisher\" content=\"https:\/\/www.facebook.com\/people\/Notimemes-de-los-Polticos\/61565672886568\/\" \/>\n<meta property=\"article:published_time\" content=\"2025-02-25T13:27:52+00:00\" \/>\n<meta property=\"article:modified_time\" content=\"2025-02-25T13:28:12+00:00\" \/>\n<meta property=\"og:image\" content=\"https:\/\/lospoliticosveracruz.com\/wp-content\/uploads\/2024\/03\/Oved-Contreras.jpg\" \/>\n\t<meta property=\"og:image:width\" content=\"1250\" \/>\n\t<meta property=\"og:image:height\" content=\"667\" \/>\n\t<meta property=\"og:image:type\" content=\"image\/jpeg\" \/>\n<meta name=\"author\" content=\"Lo viste en Los Pol\u00edticos\" \/>\n<meta name=\"twitter:card\" content=\"summary_large_image\" \/>\n<meta name=\"twitter:creator\" content=\"@LosPoliticosVer\" \/>\n<meta name=\"twitter:site\" content=\"@LosPoliticosVer\" \/>\n<meta name=\"twitter:label1\" content=\"Escrito por\" \/>\n\t<meta name=\"twitter:data1\" content=\"Lo viste en Los Pol\u00edticos\" \/>\n\t<meta name=\"twitter:label2\" content=\"Tiempo de lectura\" \/>\n\t<meta name=\"twitter:data2\" content=\"6 minutos\" \/>\n<script type=\"application\/ld+json\" class=\"yoast-schema-graph\">{\"@context\":\"https:\\\/\\\/schema.org\",\"@graph\":[{\"@type\":\"Article\",\"@id\":\"https:\\\/\\\/lospoliticosveracruz.com\\\/?p=138579#article\",\"isPartOf\":{\"@id\":\"https:\\\/\\\/lospoliticosveracruz.com\\\/?p=138579\"},\"author\":{\"name\":\"Lo viste en Los Pol\u00edticos\",\"@id\":\"https:\\\/\\\/lospoliticosveracruz.com\\\/#\\\/schema\\\/person\\\/b8702bb0e538456e6efd07080bf2a4a2\"},\"headline\":\"TOMAN LA SEV\u2026\",\"datePublished\":\"2025-02-25T13:27:52+00:00\",\"dateModified\":\"2025-02-25T13:28:12+00:00\",\"mainEntityOfPage\":{\"@id\":\"https:\\\/\\\/lospoliticosveracruz.com\\\/?p=138579\"},\"wordCount\":1128,\"publisher\":{\"@id\":\"https:\\\/\\\/lospoliticosveracruz.com\\\/#organization\"},\"image\":{\"@id\":\"https:\\\/\\\/lospoliticosveracruz.com\\\/?p=138579#primaryimage\"},\"thumbnailUrl\":\"https:\\\/\\\/lospoliticosveracruz.com\\\/wp-content\\\/uploads\\\/2024\\\/03\\\/Oved-Contreras.jpg\",\"keywords\":[\"Claudia Tello\",\"Morena\",\"Roc\u00edo Nahle\",\"SEV\",\"sindicatos\",\"Veracruz\"],\"articleSection\":[\"De Opini\u00f3n\"],\"inLanguage\":\"es\"},{\"@type\":\"WebPage\",\"@id\":\"https:\\\/\\\/lospoliticosveracruz.com\\\/?p=138579\",\"url\":\"https:\\\/\\\/lospoliticosveracruz.com\\\/?p=138579\",\"name\":\"TOMAN LA SEV\u2026 - Los pol\u00edticos Veracruz\",\"isPartOf\":{\"@id\":\"https:\\\/\\\/lospoliticosveracruz.com\\\/#website\"},\"primaryImageOfPage\":{\"@id\":\"https:\\\/\\\/lospoliticosveracruz.com\\\/?p=138579#primaryimage\"},\"image\":{\"@id\":\"https:\\\/\\\/lospoliticosveracruz.com\\\/?p=138579#primaryimage\"},\"thumbnailUrl\":\"https:\\\/\\\/lospoliticosveracruz.com\\\/wp-content\\\/uploads\\\/2024\\\/03\\\/Oved-Contreras.jpg\",\"datePublished\":\"2025-02-25T13:27:52+00:00\",\"dateModified\":\"2025-02-25T13:28:12+00:00\",\"breadcrumb\":{\"@id\":\"https:\\\/\\\/lospoliticosveracruz.com\\\/?p=138579#breadcrumb\"},\"inLanguage\":\"es\",\"potentialAction\":[{\"@type\":\"ReadAction\",\"target\":[\"https:\\\/\\\/lospoliticosveracruz.com\\\/?p=138579\"]}]},{\"@type\":\"ImageObject\",\"inLanguage\":\"es\",\"@id\":\"https:\\\/\\\/lospoliticosveracruz.com\\\/?p=138579#primaryimage\",\"url\":\"https:\\\/\\\/lospoliticosveracruz.com\\\/wp-content\\\/uploads\\\/2024\\\/03\\\/Oved-Contreras.jpg\",\"contentUrl\":\"https:\\\/\\\/lospoliticosveracruz.com\\\/wp-content\\\/uploads\\\/2024\\\/03\\\/Oved-Contreras.jpg\",\"width\":1250,\"height\":667},{\"@type\":\"BreadcrumbList\",\"@id\":\"https:\\\/\\\/lospoliticosveracruz.com\\\/?p=138579#breadcrumb\",\"itemListElement\":[{\"@type\":\"ListItem\",\"position\":1,\"name\":\"Portada\",\"item\":\"https:\\\/\\\/lospoliticosveracruz.com\\\/\"},{\"@type\":\"ListItem\",\"position\":2,\"name\":\"TOMAN LA SEV\u2026\"}]},{\"@type\":\"WebSite\",\"@id\":\"https:\\\/\\\/lospoliticosveracruz.com\\\/#website\",\"url\":\"https:\\\/\\\/lospoliticosveracruz.com\\\/\",\"name\":\"Los pol\u00edticos Veracruz\",\"description\":\"\",\"publisher\":{\"@id\":\"https:\\\/\\\/lospoliticosveracruz.com\\\/#organization\"},\"potentialAction\":[{\"@type\":\"SearchAction\",\"target\":{\"@type\":\"EntryPoint\",\"urlTemplate\":\"https:\\\/\\\/lospoliticosveracruz.com\\\/?s={search_term_string}\"},\"query-input\":{\"@type\":\"PropertyValueSpecification\",\"valueRequired\":true,\"valueName\":\"search_term_string\"}}],\"inLanguage\":\"es\"},{\"@type\":\"Organization\",\"@id\":\"https:\\\/\\\/lospoliticosveracruz.com\\\/#organization\",\"name\":\"Los pol\u00edticos Veracruz\",\"url\":\"https:\\\/\\\/lospoliticosveracruz.com\\\/\",\"logo\":{\"@type\":\"ImageObject\",\"inLanguage\":\"es\",\"@id\":\"https:\\\/\\\/lospoliticosveracruz.com\\\/#\\\/schema\\\/logo\\\/image\\\/\",\"url\":\"https:\\\/\\\/lospoliticosveracruz.com\\\/wp-content\\\/uploads\\\/2025\\\/12\\\/Logo-Nuevo-LOS-POLITICOS-1.jpg\",\"contentUrl\":\"https:\\\/\\\/lospoliticosveracruz.com\\\/wp-content\\\/uploads\\\/2025\\\/12\\\/Logo-Nuevo-LOS-POLITICOS-1.jpg\",\"width\":260,\"height\":70,\"caption\":\"Los pol\u00edticos Veracruz\"},\"image\":{\"@id\":\"https:\\\/\\\/lospoliticosveracruz.com\\\/#\\\/schema\\\/logo\\\/image\\\/\"},\"sameAs\":[\"https:\\\/\\\/www.facebook.com\\\/people\\\/Notimemes-de-los-Polticos\\\/61565672886568\\\/\",\"https:\\\/\\\/x.com\\\/LosPoliticosVer\"]},{\"@type\":\"Person\",\"@id\":\"https:\\\/\\\/lospoliticosveracruz.com\\\/#\\\/schema\\\/person\\\/b8702bb0e538456e6efd07080bf2a4a2\",\"name\":\"Lo viste en Los Pol\u00edticos\",\"image\":{\"@type\":\"ImageObject\",\"inLanguage\":\"es\",\"@id\":\"https:\\\/\\\/secure.gravatar.com\\\/avatar\\\/3a8de04a2656d44082be478bd6c086daa447c4651605818287b9532d3d0bd435?s=96&d=mm&r=g\",\"url\":\"https:\\\/\\\/secure.gravatar.com\\\/avatar\\\/3a8de04a2656d44082be478bd6c086daa447c4651605818287b9532d3d0bd435?s=96&d=mm&r=g\",\"contentUrl\":\"https:\\\/\\\/secure.gravatar.com\\\/avatar\\\/3a8de04a2656d44082be478bd6c086daa447c4651605818287b9532d3d0bd435?s=96&d=mm&r=g\",\"caption\":\"Lo viste en Los Pol\u00edticos\"},\"url\":\"https:\\\/\\\/lospoliticosveracruz.com\\\/?author=2\"}]}<\/script>\n<!-- \/ Yoast SEO plugin. -->","yoast_head_json":{"title":"TOMAN LA SEV\u2026 - Los pol\u00edticos Veracruz","robots":{"index":"index","follow":"follow","max-snippet":"max-snippet:-1","max-image-preview":"max-image-preview:large","max-video-preview":"max-video-preview:-1"},"canonical":"https:\/\/lospoliticosveracruz.com\/?p=138579","og_locale":"es_ES","og_type":"article","og_title":"TOMAN LA SEV\u2026 - Los pol\u00edticos Veracruz","og_description":"[S\u00edguenos ahora tambi\u00e9n en WhatsApp.\u00a0Da clic aqu\u00ed]\u00a0Oved Contreras Secas Mecas Se calentaron los \u00e1nimos entre sindicatos magisteriales y la Secretar\u00eda de Educaci\u00f3n de Veracruz, y ayer a temprana hora tomaron las instalaciones donde despacha la comadrita Claudia Tello\u2026los ocho sindicatos que conforman la Uni\u00f3n de Sindicatos Magisteriales del Estado de Veracruz (USMEV) relacionados y manejados [&hellip;]","og_url":"https:\/\/lospoliticosveracruz.com\/?p=138579","og_site_name":"Los pol\u00edticos Veracruz","article_publisher":"https:\/\/www.facebook.com\/people\/Notimemes-de-los-Polticos\/61565672886568\/","article_published_time":"2025-02-25T13:27:52+00:00","article_modified_time":"2025-02-25T13:28:12+00:00","og_image":[{"width":1250,"height":667,"url":"https:\/\/lospoliticosveracruz.com\/wp-content\/uploads\/2024\/03\/Oved-Contreras.jpg","type":"image\/jpeg"}],"author":"Lo viste en Los Pol\u00edticos","twitter_card":"summary_large_image","twitter_creator":"@LosPoliticosVer","twitter_site":"@LosPoliticosVer","twitter_misc":{"Escrito por":"Lo viste en Los Pol\u00edticos","Tiempo de lectura":"6 minutos"},"schema":{"@context":"https:\/\/schema.org","@graph":[{"@type":"Article","@id":"https:\/\/lospoliticosveracruz.com\/?p=138579#article","isPartOf":{"@id":"https:\/\/lospoliticosveracruz.com\/?p=138579"},"author":{"name":"Lo viste en Los Pol\u00edticos","@id":"https:\/\/lospoliticosveracruz.com\/#\/schema\/person\/b8702bb0e538456e6efd07080bf2a4a2"},"headline":"TOMAN LA SEV\u2026","datePublished":"2025-02-25T13:27:52+00:00","dateModified":"2025-02-25T13:28:12+00:00","mainEntityOfPage":{"@id":"https:\/\/lospoliticosveracruz.com\/?p=138579"},"wordCount":1128,"publisher":{"@id":"https:\/\/lospoliticosveracruz.com\/#organization"},"image":{"@id":"https:\/\/lospoliticosveracruz.com\/?p=138579#primaryimage"},"thumbnailUrl":"https:\/\/lospoliticosveracruz.com\/wp-content\/uploads\/2024\/03\/Oved-Contreras.jpg","keywords":["Claudia Tello","Morena","Roc\u00edo Nahle","SEV","sindicatos","Veracruz"],"articleSection":["De Opini\u00f3n"],"inLanguage":"es"},{"@type":"WebPage","@id":"https:\/\/lospoliticosveracruz.com\/?p=138579","url":"https:\/\/lospoliticosveracruz.com\/?p=138579","name":"TOMAN LA SEV\u2026 - Los pol\u00edticos Veracruz","isPartOf":{"@id":"https:\/\/lospoliticosveracruz.com\/#website"},"primaryImageOfPage":{"@id":"https:\/\/lospoliticosveracruz.com\/?p=138579#primaryimage"},"image":{"@id":"https:\/\/lospoliticosveracruz.com\/?p=138579#primaryimage"},"thumbnailUrl":"https:\/\/lospoliticosveracruz.com\/wp-content\/uploads\/2024\/03\/Oved-Contreras.jpg","datePublished":"2025-02-25T13:27:52+00:00","dateModified":"2025-02-25T13:28:12+00:00","breadcrumb":{"@id":"https:\/\/lospoliticosveracruz.com\/?p=138579#breadcrumb"},"inLanguage":"es","potentialAction":[{"@type":"ReadAction","target":["https:\/\/lospoliticosveracruz.com\/?p=138579"]}]},{"@type":"ImageObject","inLanguage":"es","@id":"https:\/\/lospoliticosveracruz.com\/?p=138579#primaryimage","url":"https:\/\/lospoliticosveracruz.com\/wp-content\/uploads\/2024\/03\/Oved-Contreras.jpg","contentUrl":"https:\/\/lospoliticosveracruz.com\/wp-content\/uploads\/2024\/03\/Oved-Contreras.jpg","width":1250,"height":667},{"@type":"BreadcrumbList","@id":"https:\/\/lospoliticosveracruz.com\/?p=138579#breadcrumb","itemListElement":[{"@type":"ListItem","position":1,"name":"Portada","item":"https:\/\/lospoliticosveracruz.com\/"},{"@type":"ListItem","position":2,"name":"TOMAN LA SEV\u2026"}]},{"@type":"WebSite","@id":"https:\/\/lospoliticosveracruz.com\/#website","url":"https:\/\/lospoliticosveracruz.com\/","name":"Los pol\u00edticos Veracruz","description":"","publisher":{"@id":"https:\/\/lospoliticosveracruz.com\/#organization"},"potentialAction":[{"@type":"SearchAction","target":{"@type":"EntryPoint","urlTemplate":"https:\/\/lospoliticosveracruz.com\/?s={search_term_string}"},"query-input":{"@type":"PropertyValueSpecification","valueRequired":true,"valueName":"search_term_string"}}],"inLanguage":"es"},{"@type":"Organization","@id":"https:\/\/lospoliticosveracruz.com\/#organization","name":"Los pol\u00edticos Veracruz","url":"https:\/\/lospoliticosveracruz.com\/","logo":{"@type":"ImageObject","inLanguage":"es","@id":"https:\/\/lospoliticosveracruz.com\/#\/schema\/logo\/image\/","url":"https:\/\/lospoliticosveracruz.com\/wp-content\/uploads\/2025\/12\/Logo-Nuevo-LOS-POLITICOS-1.jpg","contentUrl":"https:\/\/lospoliticosveracruz.com\/wp-content\/uploads\/2025\/12\/Logo-Nuevo-LOS-POLITICOS-1.jpg","width":260,"height":70,"caption":"Los pol\u00edticos Veracruz"},"image":{"@id":"https:\/\/lospoliticosveracruz.com\/#\/schema\/logo\/image\/"},"sameAs":["https:\/\/www.facebook.com\/people\/Notimemes-de-los-Polticos\/61565672886568\/","https:\/\/x.com\/LosPoliticosVer"]},{"@type":"Person","@id":"https:\/\/lospoliticosveracruz.com\/#\/schema\/person\/b8702bb0e538456e6efd07080bf2a4a2","name":"Lo viste en Los Pol\u00edticos","image":{"@type":"ImageObject","inLanguage":"es","@id":"https:\/\/secure.gravatar.com\/avatar\/3a8de04a2656d44082be478bd6c086daa447c4651605818287b9532d3d0bd435?s=96&d=mm&r=g","url":"https:\/\/secure.gravatar.com\/avatar\/3a8de04a2656d44082be478bd6c086daa447c4651605818287b9532d3d0bd435?s=96&d=mm&r=g","contentUrl":"https:\/\/secure.gravatar.com\/avatar\/3a8de04a2656d44082be478bd6c086daa447c4651605818287b9532d3d0bd435?s=96&d=mm&r=g","caption":"Lo viste en Los Pol\u00edticos"},"url":"https:\/\/lospoliticosveracruz.com\/?author=2"}]}},"_links":{"self":[{"href":"https:\/\/lospoliticosveracruz.com\/index.php?rest_route=\/wp\/v2\/posts\/138579","targetHints":{"allow":["GET"]}}],"collection":[{"href":"https:\/\/lospoliticosveracruz.com\/index.php?rest_route=\/wp\/v2\/posts"}],"about":[{"href":"https:\/\/lospoliticosveracruz.com\/index.php?rest_route=\/wp\/v2\/types\/post"}],"author":[{"embeddable":true,"href":"https:\/\/lospoliticosveracruz.com\/index.php?rest_route=\/wp\/v2\/users\/2"}],"replies":[{"embeddable":true,"href":"https:\/\/lospoliticosveracruz.com\/index.php?rest_route=%2Fwp%2Fv2%2Fcomments&post=138579"}],"version-history":[{"count":1,"href":"https:\/\/lospoliticosveracruz.com\/index.php?rest_route=\/wp\/v2\/posts\/138579\/revisions"}],"predecessor-version":[{"id":138582,"href":"https:\/\/lospoliticosveracruz.com\/index.php?rest_route=\/wp\/v2\/posts\/138579\/revisions\/138582"}],"wp:featuredmedia":[{"embeddable":true,"href":"https:\/\/lospoliticosveracruz.com\/index.php?rest_route=\/wp\/v2\/media\/119816"}],"wp:attachment":[{"href":"https:\/\/lospoliticosveracruz.com\/index.php?rest_route=%2Fwp%2Fv2%2Fmedia&parent=138579"}],"wp:term":[{"taxonomy":"category","embeddable":true,"href":"https:\/\/lospoliticosveracruz.com\/index.php?rest_route=%2Fwp%2Fv2%2Fcategories&post=138579"},{"taxonomy":"post_tag","embeddable":true,"href":"https:\/\/lospoliticosveracruz.com\/index.php?rest_route=%2Fwp%2Fv2%2Ftags&post=138579"}],"curies":[{"name":"wp","href":"https:\/\/api.w.org\/{rel}","templated":true}]}}