{"id":138673,"date":"2025-02-26T12:41:58","date_gmt":"2025-02-26T18:41:58","guid":{"rendered":"https:\/\/lospoliticosveracruz.com.mx\/?p=138673"},"modified":"2025-02-26T12:42:25","modified_gmt":"2025-02-26T18:42:25","slug":"veracruz-en-la-encrucijada","status":"publish","type":"post","link":"https:\/\/lospoliticosveracruz.com\/?p=138673","title":{"rendered":"VERACRUZ, EN LA ENCRUCIJADA"},"content":{"rendered":"\n<p><br><br><strong>Mara Iliana Cruz Pastrana<\/strong><\/p>\n\n\n\n<p><\/p>\n\n\n\n<p><\/p>\n\n\n\n<p>Es importante que para lograr un cambio en nuestro Estado en cuanto a la corrupci\u00f3n en la econom\u00eda y la sociedad veracruzana tengamos claras cuales son las consecuencias; la p\u00e9rdida de inversi\u00f3n y empleo, el desv\u00edo de recursos p\u00fablicos, la ineficiencia en la gesti\u00f3n p\u00fablica que se ha observado en los \u00faltimos a\u00f1os, la p\u00e9rdida de confianza en las instituciones por parte de la ciudadan\u00eda y el impacto en la salud y la educaci\u00f3n, por mencionar algunas.<br>La corrupci\u00f3n disuade a los inversionistas y a las empresas para establecerse en el estado, lo que ha llevado a una clara disminuci\u00f3n en el crecimiento econ\u00f3mico y la creaci\u00f3n de empleos; decir lo contrario, es opinar con los ojos cerrados y para solucionarlo necesitamos dejar de vernos el ombligo, que los funcionarios responsables de coordinar los enlaces con las empresas nacionales y extranjeras sean capaces y sin historiales de corrupci\u00f3n.<\/p>\n\n\n<div class=\"wp-block-image\">\n<figure class=\"alignleft size-thumbnail\"><a href=\"https:\/\/lospoliticosveracruz.com.mx\/wp-content\/uploads\/2025\/02\/Mastografia.jpeg\"><img loading=\"lazy\" decoding=\"async\" width=\"150\" height=\"150\" src=\"https:\/\/lospoliticosveracruz.com.mx\/wp-content\/uploads\/2025\/02\/Mastografia-150x150.jpeg\" alt=\"\" class=\"wp-image-138625\" srcset=\"https:\/\/lospoliticosveracruz.com\/wp-content\/uploads\/2025\/02\/Mastografia-150x150.jpeg 150w, https:\/\/lospoliticosveracruz.com\/wp-content\/uploads\/2025\/02\/Mastografia-125x125.jpeg 125w\" sizes=\"auto, (max-width: 150px) 100vw, 150px\" \/><\/a><\/figure>\n<\/div>\n\n\n<p><br>Hablar de desv\u00edo de recursos p\u00fablicos es recordar tiempos lejanos y cercanos, administraciones anteriores donde la corrupci\u00f3n permiti\u00f3 que los funcionarios p\u00fablicos desviaran fondos destinados a proyectos de infraestructura, educaci\u00f3n y salud, lo cual afecta la calidad de vida de la ciudadan\u00eda veracruzana.<br>La corrupci\u00f3n lleva a la ineficiencia en la gesti\u00f3n p\u00fablica y no es cuestiones de colores de corbatas sino de calidad de personas en cargos de gobierno y representaci\u00f3n popular; hemos visto durante a\u00f1os que los funcionarios priorizan sus inter\u00e9s personales, econ\u00f3micos y pol\u00edticos sobre las necesidades de la poblaci\u00f3n.<br>La corrupci\u00f3n erosiona la confianza de las y los ciudadanos en las instituciones de gobierno, esto conlleva a una disminuci\u00f3n en la participaci\u00f3n ciudadana y resta legitimidad al gobierno en todos sus niveles.<br>Se necesita una Unidad de Inteligencia Financiera que tenga como objetivo prevenir e investigar el lavado de dinero y otros delitos financieros relacionados con la corrupci\u00f3n. La Ley de Transparencia y Acceso a la Informaci\u00f3n debe ser un tema que no puede guardarse en un caj\u00f3n derivado de la desaparici\u00f3n del IVAI; los veracruzanos tenemos el derecho humano a estar informados, a que permanezca el sistema de transparencia, que sea ver\u00eddica la rendici\u00f3n de cuentas y no una utop\u00eda como hasta ahora.<br>No hay ninguna plataforma eficaz donde podamos acceder al sistema de transparencia sin un largo y sinuoso camino, con recovecos que impiden conocer la informaci\u00f3n sobre la gesti\u00f3n p\u00fablica; ni que decir de las respuestas a las denuncias por corrupci\u00f3n, eso no existe, no funciona.<br>La Fiscal\u00eda General del Estado debe fortalecerse, pero de verdad, para que puedan investigarse y sancionarse los casos de corrupci\u00f3n de manera efectiva; que la Fiscal\u00eda Anticorrupci\u00f3n deje de ser un elefante blanco. Es momento de que el cohecho, el peculado, el uso il\u00edcito de atribuciones y facultades, la simulaci\u00f3n de reintegro de recursos p\u00fablicos, el abuso de autoridad, la intimidaci\u00f3n, el tr\u00e1fico de influencias y el enriquecimiento il\u00edcito, entre otros, realmente sean investigados y sancionados conforme a lo que marca el C\u00f3digo Penal del Estado de Veracruz. Los servidores p\u00fablicos que cometan dichos il\u00edcitos deben ser inhabilitados para desempe\u00f1ar cualquier otro cargo y que no se guarden las investigaciones entre periodos de gobierno en cajas de archivo muerto de la fiscal\u00eda.<br>Queremos participaci\u00f3n ciudadana no apat\u00eda social, que la sociedad civil y los medios de comunicaci\u00f3n jueguen un papel importante en la lucha contra la corrupci\u00f3n en Veracruz, mediante la denuncia abierta y sin riesgo. Es importante destacar que la lucha contra la corrupci\u00f3n debe ser un proceso continuo y para ello se requiere de la participaci\u00f3n de la sociedad civil, de los medios de comunicaci\u00f3n y de las instituciones gubernamentales.<br>Es momento de analizar el cambio pol\u00edtico en Veracruz, incluyendo la alternancia pol\u00edtica y el impacto en las pol\u00edticas p\u00fablicas. Es hora de que nos unamos para exigir un cambio pol\u00edtico en Veracruz, es hora de que nos comprometamos a trabajar juntos y construir un mundo justo, como dijo el Dalai Lama: \u201cla corrupci\u00f3n es un c\u00e1ncer que debe ser erradicado y afecta a todos los pa\u00edses\u201d. Es hora de construir un futuro m\u00e1s brillante, de que nos unamos y construyamos un futuro equitativo.<\/p>\n","protected":false},"excerpt":{"rendered":"<p>Mara Iliana Cruz Pastrana Es importante que para lograr un cambio en nuestro Estado en cuanto a la corrupci\u00f3n en la econom\u00eda y la sociedad veracruzana tengamos claras cuales son las consecuencias; la p\u00e9rdida de inversi\u00f3n y empleo, el desv\u00edo de recursos p\u00fablicos, la ineficiencia en la gesti\u00f3n p\u00fablica que se ha observado en los [&hellip;]<\/p>\n","protected":false},"author":2,"featured_media":138216,"comment_status":"closed","ping_status":"closed","sticky":false,"template":"","format":"standard","meta":{"tdm_status":"","tdm_grid_status":"","footnotes":""},"categories":[70],"tags":[],"class_list":{"0":"post-138673","1":"post","2":"type-post","3":"status-publish","4":"format-standard","5":"has-post-thumbnail","7":"category-de-opinion"},"yoast_head":"<!-- This site is optimized with the Yoast SEO plugin v27.4 - https:\/\/yoast.com\/product\/yoast-seo-wordpress\/ -->\n<title>VERACRUZ, EN LA ENCRUCIJADA - Los pol\u00edticos Veracruz<\/title>\n<meta name=\"robots\" content=\"index, follow, max-snippet:-1, max-image-preview:large, max-video-preview:-1\" \/>\n<link rel=\"canonical\" href=\"https:\/\/lospoliticosveracruz.com\/?p=138673\" \/>\n<meta property=\"og:locale\" content=\"es_ES\" \/>\n<meta property=\"og:type\" content=\"article\" \/>\n<meta property=\"og:title\" content=\"VERACRUZ, EN LA ENCRUCIJADA - Los pol\u00edticos Veracruz\" \/>\n<meta property=\"og:description\" content=\"Mara Iliana Cruz Pastrana Es importante que para lograr un cambio en nuestro Estado en cuanto a la corrupci\u00f3n en la econom\u00eda y la sociedad veracruzana tengamos claras cuales son las consecuencias; la p\u00e9rdida de inversi\u00f3n y empleo, el desv\u00edo de recursos p\u00fablicos, la ineficiencia en la gesti\u00f3n p\u00fablica que se ha observado en los [&hellip;]\" \/>\n<meta property=\"og:url\" content=\"https:\/\/lospoliticosveracruz.com\/?p=138673\" \/>\n<meta property=\"og:site_name\" content=\"Los pol\u00edticos Veracruz\" \/>\n<meta property=\"article:publisher\" content=\"https:\/\/www.facebook.com\/people\/Notimemes-de-los-Polticos\/61565672886568\/\" \/>\n<meta property=\"article:published_time\" content=\"2025-02-26T18:41:58+00:00\" \/>\n<meta property=\"article:modified_time\" content=\"2025-02-26T18:42:25+00:00\" \/>\n<meta property=\"og:image\" content=\"https:\/\/lospoliticosveracruz.com\/wp-content\/uploads\/2025\/02\/Mara-Cruz.jpg\" \/>\n\t<meta property=\"og:image:width\" content=\"1250\" \/>\n\t<meta property=\"og:image:height\" content=\"667\" \/>\n\t<meta property=\"og:image:type\" content=\"image\/jpeg\" \/>\n<meta name=\"author\" content=\"Lo viste en Los Pol\u00edticos\" \/>\n<meta name=\"twitter:card\" content=\"summary_large_image\" \/>\n<meta name=\"twitter:creator\" content=\"@LosPoliticosVer\" \/>\n<meta name=\"twitter:site\" content=\"@LosPoliticosVer\" \/>\n<meta name=\"twitter:label1\" content=\"Escrito por\" \/>\n\t<meta name=\"twitter:data1\" content=\"Lo viste en Los Pol\u00edticos\" \/>\n\t<meta name=\"twitter:label2\" content=\"Tiempo de lectura\" \/>\n\t<meta name=\"twitter:data2\" content=\"4 minutos\" \/>\n<script type=\"application\/ld+json\" class=\"yoast-schema-graph\">{\"@context\":\"https:\\\/\\\/schema.org\",\"@graph\":[{\"@type\":\"Article\",\"@id\":\"https:\\\/\\\/lospoliticosveracruz.com\\\/?p=138673#article\",\"isPartOf\":{\"@id\":\"https:\\\/\\\/lospoliticosveracruz.com\\\/?p=138673\"},\"author\":{\"name\":\"Lo viste en Los Pol\u00edticos\",\"@id\":\"https:\\\/\\\/lospoliticosveracruz.com\\\/#\\\/schema\\\/person\\\/b8702bb0e538456e6efd07080bf2a4a2\"},\"headline\":\"VERACRUZ, EN LA ENCRUCIJADA\",\"datePublished\":\"2025-02-26T18:41:58+00:00\",\"dateModified\":\"2025-02-26T18:42:25+00:00\",\"mainEntityOfPage\":{\"@id\":\"https:\\\/\\\/lospoliticosveracruz.com\\\/?p=138673\"},\"wordCount\":762,\"publisher\":{\"@id\":\"https:\\\/\\\/lospoliticosveracruz.com\\\/#organization\"},\"image\":{\"@id\":\"https:\\\/\\\/lospoliticosveracruz.com\\\/?p=138673#primaryimage\"},\"thumbnailUrl\":\"https:\\\/\\\/lospoliticosveracruz.com\\\/wp-content\\\/uploads\\\/2025\\\/02\\\/Mara-Cruz.jpg\",\"articleSection\":[\"De Opini\u00f3n\"],\"inLanguage\":\"es\"},{\"@type\":\"WebPage\",\"@id\":\"https:\\\/\\\/lospoliticosveracruz.com\\\/?p=138673\",\"url\":\"https:\\\/\\\/lospoliticosveracruz.com\\\/?p=138673\",\"name\":\"VERACRUZ, EN LA ENCRUCIJADA - Los pol\u00edticos Veracruz\",\"isPartOf\":{\"@id\":\"https:\\\/\\\/lospoliticosveracruz.com\\\/#website\"},\"primaryImageOfPage\":{\"@id\":\"https:\\\/\\\/lospoliticosveracruz.com\\\/?p=138673#primaryimage\"},\"image\":{\"@id\":\"https:\\\/\\\/lospoliticosveracruz.com\\\/?p=138673#primaryimage\"},\"thumbnailUrl\":\"https:\\\/\\\/lospoliticosveracruz.com\\\/wp-content\\\/uploads\\\/2025\\\/02\\\/Mara-Cruz.jpg\",\"datePublished\":\"2025-02-26T18:41:58+00:00\",\"dateModified\":\"2025-02-26T18:42:25+00:00\",\"breadcrumb\":{\"@id\":\"https:\\\/\\\/lospoliticosveracruz.com\\\/?p=138673#breadcrumb\"},\"inLanguage\":\"es\",\"potentialAction\":[{\"@type\":\"ReadAction\",\"target\":[\"https:\\\/\\\/lospoliticosveracruz.com\\\/?p=138673\"]}]},{\"@type\":\"ImageObject\",\"inLanguage\":\"es\",\"@id\":\"https:\\\/\\\/lospoliticosveracruz.com\\\/?p=138673#primaryimage\",\"url\":\"https:\\\/\\\/lospoliticosveracruz.com\\\/wp-content\\\/uploads\\\/2025\\\/02\\\/Mara-Cruz.jpg\",\"contentUrl\":\"https:\\\/\\\/lospoliticosveracruz.com\\\/wp-content\\\/uploads\\\/2025\\\/02\\\/Mara-Cruz.jpg\",\"width\":1250,\"height\":667},{\"@type\":\"BreadcrumbList\",\"@id\":\"https:\\\/\\\/lospoliticosveracruz.com\\\/?p=138673#breadcrumb\",\"itemListElement\":[{\"@type\":\"ListItem\",\"position\":1,\"name\":\"Portada\",\"item\":\"https:\\\/\\\/lospoliticosveracruz.com\\\/\"},{\"@type\":\"ListItem\",\"position\":2,\"name\":\"VERACRUZ, EN LA ENCRUCIJADA\"}]},{\"@type\":\"WebSite\",\"@id\":\"https:\\\/\\\/lospoliticosveracruz.com\\\/#website\",\"url\":\"https:\\\/\\\/lospoliticosveracruz.com\\\/\",\"name\":\"Los pol\u00edticos Veracruz\",\"description\":\"\",\"publisher\":{\"@id\":\"https:\\\/\\\/lospoliticosveracruz.com\\\/#organization\"},\"potentialAction\":[{\"@type\":\"SearchAction\",\"target\":{\"@type\":\"EntryPoint\",\"urlTemplate\":\"https:\\\/\\\/lospoliticosveracruz.com\\\/?s={search_term_string}\"},\"query-input\":{\"@type\":\"PropertyValueSpecification\",\"valueRequired\":true,\"valueName\":\"search_term_string\"}}],\"inLanguage\":\"es\"},{\"@type\":\"Organization\",\"@id\":\"https:\\\/\\\/lospoliticosveracruz.com\\\/#organization\",\"name\":\"Los pol\u00edticos Veracruz\",\"url\":\"https:\\\/\\\/lospoliticosveracruz.com\\\/\",\"logo\":{\"@type\":\"ImageObject\",\"inLanguage\":\"es\",\"@id\":\"https:\\\/\\\/lospoliticosveracruz.com\\\/#\\\/schema\\\/logo\\\/image\\\/\",\"url\":\"https:\\\/\\\/lospoliticosveracruz.com\\\/wp-content\\\/uploads\\\/2025\\\/12\\\/Logo-Nuevo-LOS-POLITICOS-1.jpg\",\"contentUrl\":\"https:\\\/\\\/lospoliticosveracruz.com\\\/wp-content\\\/uploads\\\/2025\\\/12\\\/Logo-Nuevo-LOS-POLITICOS-1.jpg\",\"width\":260,\"height\":70,\"caption\":\"Los pol\u00edticos Veracruz\"},\"image\":{\"@id\":\"https:\\\/\\\/lospoliticosveracruz.com\\\/#\\\/schema\\\/logo\\\/image\\\/\"},\"sameAs\":[\"https:\\\/\\\/www.facebook.com\\\/people\\\/Notimemes-de-los-Polticos\\\/61565672886568\\\/\",\"https:\\\/\\\/x.com\\\/LosPoliticosVer\"]},{\"@type\":\"Person\",\"@id\":\"https:\\\/\\\/lospoliticosveracruz.com\\\/#\\\/schema\\\/person\\\/b8702bb0e538456e6efd07080bf2a4a2\",\"name\":\"Lo viste en Los Pol\u00edticos\",\"image\":{\"@type\":\"ImageObject\",\"inLanguage\":\"es\",\"@id\":\"https:\\\/\\\/secure.gravatar.com\\\/avatar\\\/3a8de04a2656d44082be478bd6c086daa447c4651605818287b9532d3d0bd435?s=96&d=mm&r=g\",\"url\":\"https:\\\/\\\/secure.gravatar.com\\\/avatar\\\/3a8de04a2656d44082be478bd6c086daa447c4651605818287b9532d3d0bd435?s=96&d=mm&r=g\",\"contentUrl\":\"https:\\\/\\\/secure.gravatar.com\\\/avatar\\\/3a8de04a2656d44082be478bd6c086daa447c4651605818287b9532d3d0bd435?s=96&d=mm&r=g\",\"caption\":\"Lo viste en Los Pol\u00edticos\"},\"url\":\"https:\\\/\\\/lospoliticosveracruz.com\\\/?author=2\"}]}<\/script>\n<!-- \/ Yoast SEO plugin. -->","yoast_head_json":{"title":"VERACRUZ, EN LA ENCRUCIJADA - Los pol\u00edticos Veracruz","robots":{"index":"index","follow":"follow","max-snippet":"max-snippet:-1","max-image-preview":"max-image-preview:large","max-video-preview":"max-video-preview:-1"},"canonical":"https:\/\/lospoliticosveracruz.com\/?p=138673","og_locale":"es_ES","og_type":"article","og_title":"VERACRUZ, EN LA ENCRUCIJADA - Los pol\u00edticos Veracruz","og_description":"Mara Iliana Cruz Pastrana Es importante que para lograr un cambio en nuestro Estado en cuanto a la corrupci\u00f3n en la econom\u00eda y la sociedad veracruzana tengamos claras cuales son las consecuencias; la p\u00e9rdida de inversi\u00f3n y empleo, el desv\u00edo de recursos p\u00fablicos, la ineficiencia en la gesti\u00f3n p\u00fablica que se ha observado en los [&hellip;]","og_url":"https:\/\/lospoliticosveracruz.com\/?p=138673","og_site_name":"Los pol\u00edticos Veracruz","article_publisher":"https:\/\/www.facebook.com\/people\/Notimemes-de-los-Polticos\/61565672886568\/","article_published_time":"2025-02-26T18:41:58+00:00","article_modified_time":"2025-02-26T18:42:25+00:00","og_image":[{"width":1250,"height":667,"url":"https:\/\/lospoliticosveracruz.com\/wp-content\/uploads\/2025\/02\/Mara-Cruz.jpg","type":"image\/jpeg"}],"author":"Lo viste en Los Pol\u00edticos","twitter_card":"summary_large_image","twitter_creator":"@LosPoliticosVer","twitter_site":"@LosPoliticosVer","twitter_misc":{"Escrito por":"Lo viste en Los Pol\u00edticos","Tiempo de lectura":"4 minutos"},"schema":{"@context":"https:\/\/schema.org","@graph":[{"@type":"Article","@id":"https:\/\/lospoliticosveracruz.com\/?p=138673#article","isPartOf":{"@id":"https:\/\/lospoliticosveracruz.com\/?p=138673"},"author":{"name":"Lo viste en Los Pol\u00edticos","@id":"https:\/\/lospoliticosveracruz.com\/#\/schema\/person\/b8702bb0e538456e6efd07080bf2a4a2"},"headline":"VERACRUZ, EN LA ENCRUCIJADA","datePublished":"2025-02-26T18:41:58+00:00","dateModified":"2025-02-26T18:42:25+00:00","mainEntityOfPage":{"@id":"https:\/\/lospoliticosveracruz.com\/?p=138673"},"wordCount":762,"publisher":{"@id":"https:\/\/lospoliticosveracruz.com\/#organization"},"image":{"@id":"https:\/\/lospoliticosveracruz.com\/?p=138673#primaryimage"},"thumbnailUrl":"https:\/\/lospoliticosveracruz.com\/wp-content\/uploads\/2025\/02\/Mara-Cruz.jpg","articleSection":["De Opini\u00f3n"],"inLanguage":"es"},{"@type":"WebPage","@id":"https:\/\/lospoliticosveracruz.com\/?p=138673","url":"https:\/\/lospoliticosveracruz.com\/?p=138673","name":"VERACRUZ, EN LA ENCRUCIJADA - Los pol\u00edticos Veracruz","isPartOf":{"@id":"https:\/\/lospoliticosveracruz.com\/#website"},"primaryImageOfPage":{"@id":"https:\/\/lospoliticosveracruz.com\/?p=138673#primaryimage"},"image":{"@id":"https:\/\/lospoliticosveracruz.com\/?p=138673#primaryimage"},"thumbnailUrl":"https:\/\/lospoliticosveracruz.com\/wp-content\/uploads\/2025\/02\/Mara-Cruz.jpg","datePublished":"2025-02-26T18:41:58+00:00","dateModified":"2025-02-26T18:42:25+00:00","breadcrumb":{"@id":"https:\/\/lospoliticosveracruz.com\/?p=138673#breadcrumb"},"inLanguage":"es","potentialAction":[{"@type":"ReadAction","target":["https:\/\/lospoliticosveracruz.com\/?p=138673"]}]},{"@type":"ImageObject","inLanguage":"es","@id":"https:\/\/lospoliticosveracruz.com\/?p=138673#primaryimage","url":"https:\/\/lospoliticosveracruz.com\/wp-content\/uploads\/2025\/02\/Mara-Cruz.jpg","contentUrl":"https:\/\/lospoliticosveracruz.com\/wp-content\/uploads\/2025\/02\/Mara-Cruz.jpg","width":1250,"height":667},{"@type":"BreadcrumbList","@id":"https:\/\/lospoliticosveracruz.com\/?p=138673#breadcrumb","itemListElement":[{"@type":"ListItem","position":1,"name":"Portada","item":"https:\/\/lospoliticosveracruz.com\/"},{"@type":"ListItem","position":2,"name":"VERACRUZ, EN LA ENCRUCIJADA"}]},{"@type":"WebSite","@id":"https:\/\/lospoliticosveracruz.com\/#website","url":"https:\/\/lospoliticosveracruz.com\/","name":"Los pol\u00edticos Veracruz","description":"","publisher":{"@id":"https:\/\/lospoliticosveracruz.com\/#organization"},"potentialAction":[{"@type":"SearchAction","target":{"@type":"EntryPoint","urlTemplate":"https:\/\/lospoliticosveracruz.com\/?s={search_term_string}"},"query-input":{"@type":"PropertyValueSpecification","valueRequired":true,"valueName":"search_term_string"}}],"inLanguage":"es"},{"@type":"Organization","@id":"https:\/\/lospoliticosveracruz.com\/#organization","name":"Los pol\u00edticos Veracruz","url":"https:\/\/lospoliticosveracruz.com\/","logo":{"@type":"ImageObject","inLanguage":"es","@id":"https:\/\/lospoliticosveracruz.com\/#\/schema\/logo\/image\/","url":"https:\/\/lospoliticosveracruz.com\/wp-content\/uploads\/2025\/12\/Logo-Nuevo-LOS-POLITICOS-1.jpg","contentUrl":"https:\/\/lospoliticosveracruz.com\/wp-content\/uploads\/2025\/12\/Logo-Nuevo-LOS-POLITICOS-1.jpg","width":260,"height":70,"caption":"Los pol\u00edticos Veracruz"},"image":{"@id":"https:\/\/lospoliticosveracruz.com\/#\/schema\/logo\/image\/"},"sameAs":["https:\/\/www.facebook.com\/people\/Notimemes-de-los-Polticos\/61565672886568\/","https:\/\/x.com\/LosPoliticosVer"]},{"@type":"Person","@id":"https:\/\/lospoliticosveracruz.com\/#\/schema\/person\/b8702bb0e538456e6efd07080bf2a4a2","name":"Lo viste en Los Pol\u00edticos","image":{"@type":"ImageObject","inLanguage":"es","@id":"https:\/\/secure.gravatar.com\/avatar\/3a8de04a2656d44082be478bd6c086daa447c4651605818287b9532d3d0bd435?s=96&d=mm&r=g","url":"https:\/\/secure.gravatar.com\/avatar\/3a8de04a2656d44082be478bd6c086daa447c4651605818287b9532d3d0bd435?s=96&d=mm&r=g","contentUrl":"https:\/\/secure.gravatar.com\/avatar\/3a8de04a2656d44082be478bd6c086daa447c4651605818287b9532d3d0bd435?s=96&d=mm&r=g","caption":"Lo viste en Los Pol\u00edticos"},"url":"https:\/\/lospoliticosveracruz.com\/?author=2"}]}},"_links":{"self":[{"href":"https:\/\/lospoliticosveracruz.com\/index.php?rest_route=\/wp\/v2\/posts\/138673","targetHints":{"allow":["GET"]}}],"collection":[{"href":"https:\/\/lospoliticosveracruz.com\/index.php?rest_route=\/wp\/v2\/posts"}],"about":[{"href":"https:\/\/lospoliticosveracruz.com\/index.php?rest_route=\/wp\/v2\/types\/post"}],"author":[{"embeddable":true,"href":"https:\/\/lospoliticosveracruz.com\/index.php?rest_route=\/wp\/v2\/users\/2"}],"replies":[{"embeddable":true,"href":"https:\/\/lospoliticosveracruz.com\/index.php?rest_route=%2Fwp%2Fv2%2Fcomments&post=138673"}],"version-history":[{"count":2,"href":"https:\/\/lospoliticosveracruz.com\/index.php?rest_route=\/wp\/v2\/posts\/138673\/revisions"}],"predecessor-version":[{"id":138675,"href":"https:\/\/lospoliticosveracruz.com\/index.php?rest_route=\/wp\/v2\/posts\/138673\/revisions\/138675"}],"wp:featuredmedia":[{"embeddable":true,"href":"https:\/\/lospoliticosveracruz.com\/index.php?rest_route=\/wp\/v2\/media\/138216"}],"wp:attachment":[{"href":"https:\/\/lospoliticosveracruz.com\/index.php?rest_route=%2Fwp%2Fv2%2Fmedia&parent=138673"}],"wp:term":[{"taxonomy":"category","embeddable":true,"href":"https:\/\/lospoliticosveracruz.com\/index.php?rest_route=%2Fwp%2Fv2%2Fcategories&post=138673"},{"taxonomy":"post_tag","embeddable":true,"href":"https:\/\/lospoliticosveracruz.com\/index.php?rest_route=%2Fwp%2Fv2%2Ftags&post=138673"}],"curies":[{"name":"wp","href":"https:\/\/api.w.org\/{rel}","templated":true}]}}