{"id":138676,"date":"2025-02-26T12:54:28","date_gmt":"2025-02-26T18:54:28","guid":{"rendered":"https:\/\/lospoliticosveracruz.com.mx\/?p=138676"},"modified":"2025-02-26T12:54:47","modified_gmt":"2025-02-26T18:54:47","slug":"el-efecto-maynez-en-papantla","status":"publish","type":"post","link":"https:\/\/lospoliticosveracruz.com\/?p=138676","title":{"rendered":"EL EFECTO M\u00c1YNEZ EN PAPANTLA"},"content":{"rendered":"\n<p>S\u00edguenos ahora tambi\u00e9n en WhatsApp.\u00a0<a href=\"https:\/\/whatsapp.com\/channel\/0029Va8zRWlEKyZIP3Z1dF0e\"><em><strong>Da clic aqu\u00ed<\/strong><\/em><\/a><\/p>\n\n\n\n<p><strong>Arturo Reyes Gonz\u00e1lez<br><\/strong><em>Burladero<\/em><\/p>\n\n\n\n<p>El pasado 15 de febrero el Coordinador Nacional de Movimiento Ciudadano (MC), Jorge \u00c1lvarez M\u00e1ynez, aterriz\u00f3 en el norte\u00f1o municipio de Papantla de Olarte para acompa\u00f1ar al candidato naranja a la alcald\u00eda, Mariano Romero y a otras personalidades de la regi\u00f3n, entre ellas estuvieron presentes Jos\u00e9 Manuel del R\u00edo Virgen y la diputada suplente Mayra Amador.<\/p>\n\n\n<div class=\"wp-block-image\">\n<figure class=\"alignleft size-thumbnail\"><a href=\"https:\/\/lospoliticosveracruz.com.mx\/wp-content\/uploads\/2025\/02\/Mastografia.jpeg\"><img loading=\"lazy\" decoding=\"async\" width=\"150\" height=\"150\" src=\"https:\/\/lospoliticosveracruz.com.mx\/wp-content\/uploads\/2025\/02\/Mastografia-150x150.jpeg\" alt=\"\" class=\"wp-image-138625\" srcset=\"https:\/\/lospoliticosveracruz.com\/wp-content\/uploads\/2025\/02\/Mastografia-150x150.jpeg 150w, https:\/\/lospoliticosveracruz.com\/wp-content\/uploads\/2025\/02\/Mastografia-125x125.jpeg 125w\" sizes=\"auto, (max-width: 150px) 100vw, 150px\" \/><\/a><\/figure>\n<\/div>\n\n\n<p><br>Es de llamar la atenci\u00f3n que los encuentros programados para ese d\u00eda estuvieron abarrotados por cientos y cientos de j\u00f3venes que simpatizan con el Movimiento, me atrevo a afirmar m\u00e1s \u201cfresco\u201d del escenario polaco en la entidad y en el pa\u00eds, donde el ambiente fue de fiesta y las porras y gritos de apoyo fueron abundantes y \u201corg\u00e1nicos\u201d.<br>Haga de cuenta que lleg\u00f3 el artista, el \u201crock star\u201d del momento, el protagonista de la pel\u00edcula o la serie de moda de Televisa o de Netflix m\u00e1s all\u00e1 de un pol\u00edtico o dirigente nacional, esto es, cero grilla; usted pod\u00eda ver en los rostros de las y los chavos cierta emoci\u00f3n al formarse para pasar a pedirle que se tomara la foto con ellas y ellos y elles.<br>Tan es as\u00ed que, le dec\u00eda, a diferencia de los otros partidos pol\u00edticos, en lo personal me sorprendi\u00f3 que una vez terminado el primer acto protocolario, se anunci\u00f3 a trav\u00e9s del sonido local que se dispon\u00eda de aproximadamente media hora para que quienes quisieran tomarse la foto con el presidente del partido y excandidato a la presidencia de la rep\u00fablica por MC, o saludarlo y charlar con \u00e9l, pod\u00edan hacerlo si se formaban previamente en una fila destinada para ello.<br>As\u00ed, de inmediato se enfilaron para realizarlo y M\u00e1ynez permaneci\u00f3 arriba en el escenario por supuesto m\u00e1s de 30 minutos, mientras los cientos de j\u00f3venes -y no tan j\u00f3venes- presentes en el auditorio realizaron una fila para tomarse la foto con el personaje.<br>El tiempo le dec\u00eda, rebas\u00f3 por mucho los 30 minutos destinados para el encuentro con \u201cM\u00e1ynez\u201d, quien dej\u00f3 a muchos, muchas y muches satisfechos con solo posar para la selfie, pero tambi\u00e9n le solicitaron grabar mensajes en videos a trav\u00e9s de los celulares de las y los chavos a familiares y amigos, y hasta realizar \u201cboomerangs\u201d, a lo que no dijo que no.<br>\u00bfMensajes en videos? S\u00ed, y es que las solicitudes que le expresaron eran que pidiera a trav\u00e9s de un video grabado que apoyaran a la candidata de alguna escuela local en una campa\u00f1a espec\u00edfica, que enviara un mensaje de aliento a la amiga enferma de quien se lo solicit\u00f3, felicitaciones por cumplea\u00f1os, entre otros.<br>Todos, todos, dirigidos a j\u00f3venes de la regi\u00f3n, lo que confirma que el sector joven del electorado est\u00e1 con el partido naranja.<br>Lejos qued\u00f3 el viejo discurso acartonado<br>Lo que tambi\u00e9n llama la atenci\u00f3n es que el discurso planteado ante cientos de militantes y simpatizantes dej\u00f3 atr\u00e1s la vieja ret\u00f3rica, lo que permiti\u00f3 a las huestes naranjas concretar la jornada y consolidar adeptos.<br>Lejos qued\u00f3 el rollo acartonado, M\u00e1ynez en todo momento fue claro, sin palabras rebuscadas, modul\u00f3 el tono de voz para que la gente se animara y sobre todo, fue breve, \u201c\u2026este si vino a lo que vino\u201d, expres\u00f3 do\u00f1a Delia Mart\u00ednez, proveniente de la cabecera, quien era perredista pero hoy se volvi\u00f3 Naranja.<br>Es un hecho, y un acierto estrat\u00e9gico, que Jorge \u00c1lvarez M\u00e1ynez est\u00e1 dando seguimiento a lo que logr\u00f3 construir en su pasada y fallida campa\u00f1a a la presidencia de la rep\u00fablica.<br>Dec\u00eda l\u00edneas arriba, cientos de j\u00f3venes, pero tambi\u00e9n muchos ni\u00f1os y ni\u00f1as se acercaron para verlo, seguramente influenciados por las canciones que present\u00f3 en su campa\u00f1a y que hoy volvieron a sonar cerca de donde estuvo, en las calles y colonias de Papantla.<br>Presidente nacional de su partido con cero poses, m\u00fasica alegre, disposici\u00f3n a la foto y al di\u00e1logo, atendi\u00f3 a todos los que quer\u00edan foto y preguntare algo, \u00a1no!, \u00a1definitivamente no era Alito Moreno!<br>\u00bfSe imagina a otro dirigente nacional en esta din\u00e1mica?<br>\u00bfY atrayendo as\u00ed a j\u00f3venes y ni\u00f1os de todas las regiones donde se aparece?<br>Morena trae \u201ctodo\u201d en este a\u00f1o 2025, en la entidad, todo, el gobierno, los recursos, la fuerza p\u00fablica, el personal, el aparato, pero sin duda, la simpat\u00eda natural que despierta Movimiento Ciudadano en la entidad le permitir\u00e1 estar en las primeras l\u00edneas de la batalla electoral.<br>El \u00e1nimo, el fulgor, la simpat\u00eda, le insisto, org\u00e1nicos, le permite ser opci\u00f3n.<br>Faltan afinar detalles que le permitan a la direcci\u00f3n estatal estar a la altura de la campa\u00f1a, si lo logran, el ob\u00fas har\u00e1 mella y les brindar\u00e1 enormes resultados.<br>Mientras tanto, el factor M\u00e1ynez sigue levantando el \u00e1nimo en Veracruz.<\/p>\n","protected":false},"excerpt":{"rendered":"<p>S\u00edguenos ahora tambi\u00e9n en WhatsApp.\u00a0Da clic aqu\u00ed Arturo Reyes Gonz\u00e1lezBurladero El pasado 15 de febrero el Coordinador Nacional de Movimiento Ciudadano (MC), Jorge \u00c1lvarez M\u00e1ynez, aterriz\u00f3 en el norte\u00f1o municipio de Papantla de Olarte para acompa\u00f1ar al candidato naranja a la alcald\u00eda, Mariano Romero y a otras personalidades de la regi\u00f3n, entre ellas estuvieron presentes [&hellip;]<\/p>\n","protected":false},"author":2,"featured_media":128464,"comment_status":"closed","ping_status":"closed","sticky":false,"template":"","format":"standard","meta":{"tdm_status":"","tdm_grid_status":"","footnotes":""},"categories":[70],"tags":[5337,30633,43044],"class_list":{"0":"post-138676","1":"post","2":"type-post","3":"status-publish","4":"format-standard","5":"has-post-thumbnail","7":"category-de-opinion","8":"tag-arturo-reyes-gonzalez","9":"tag-jorge-alvarez-maynez-2","10":"tag-movimiento-ciudadano-mc"},"yoast_head":"<!-- This site is optimized with the Yoast SEO plugin v27.4 - https:\/\/yoast.com\/product\/yoast-seo-wordpress\/ -->\n<title>EL EFECTO M\u00c1YNEZ EN PAPANTLA - Los pol\u00edticos Veracruz<\/title>\n<meta name=\"robots\" content=\"index, follow, max-snippet:-1, max-image-preview:large, max-video-preview:-1\" \/>\n<link rel=\"canonical\" href=\"https:\/\/lospoliticosveracruz.com\/?p=138676\" \/>\n<meta property=\"og:locale\" content=\"es_ES\" \/>\n<meta property=\"og:type\" content=\"article\" \/>\n<meta property=\"og:title\" content=\"EL EFECTO M\u00c1YNEZ EN PAPANTLA - Los pol\u00edticos Veracruz\" \/>\n<meta property=\"og:description\" content=\"S\u00edguenos ahora tambi\u00e9n en WhatsApp.\u00a0Da clic aqu\u00ed Arturo Reyes Gonz\u00e1lezBurladero El pasado 15 de febrero el Coordinador Nacional de Movimiento Ciudadano (MC), Jorge \u00c1lvarez M\u00e1ynez, aterriz\u00f3 en el norte\u00f1o municipio de Papantla de Olarte para acompa\u00f1ar al candidato naranja a la alcald\u00eda, Mariano Romero y a otras personalidades de la regi\u00f3n, entre ellas estuvieron presentes [&hellip;]\" \/>\n<meta property=\"og:url\" content=\"https:\/\/lospoliticosveracruz.com\/?p=138676\" \/>\n<meta property=\"og:site_name\" content=\"Los pol\u00edticos Veracruz\" \/>\n<meta property=\"article:publisher\" content=\"https:\/\/www.facebook.com\/people\/Notimemes-de-los-Polticos\/61565672886568\/\" \/>\n<meta property=\"article:published_time\" content=\"2025-02-26T18:54:28+00:00\" \/>\n<meta property=\"article:modified_time\" content=\"2025-02-26T18:54:47+00:00\" \/>\n<meta property=\"og:image\" content=\"https:\/\/lospoliticosveracruz.com\/wp-content\/uploads\/2024\/08\/Arturo-Reyes.jpg\" \/>\n\t<meta property=\"og:image:width\" content=\"1250\" \/>\n\t<meta property=\"og:image:height\" content=\"667\" \/>\n\t<meta property=\"og:image:type\" content=\"image\/jpeg\" \/>\n<meta name=\"author\" content=\"Lo viste en Los Pol\u00edticos\" \/>\n<meta name=\"twitter:card\" content=\"summary_large_image\" \/>\n<meta name=\"twitter:creator\" content=\"@LosPoliticosVer\" \/>\n<meta name=\"twitter:site\" content=\"@LosPoliticosVer\" \/>\n<meta name=\"twitter:label1\" content=\"Escrito por\" \/>\n\t<meta name=\"twitter:data1\" content=\"Lo viste en Los Pol\u00edticos\" \/>\n\t<meta name=\"twitter:label2\" content=\"Tiempo de lectura\" \/>\n\t<meta name=\"twitter:data2\" content=\"4 minutos\" \/>\n<script type=\"application\/ld+json\" class=\"yoast-schema-graph\">{\"@context\":\"https:\\\/\\\/schema.org\",\"@graph\":[{\"@type\":\"Article\",\"@id\":\"https:\\\/\\\/lospoliticosveracruz.com\\\/?p=138676#article\",\"isPartOf\":{\"@id\":\"https:\\\/\\\/lospoliticosveracruz.com\\\/?p=138676\"},\"author\":{\"name\":\"Lo viste en Los Pol\u00edticos\",\"@id\":\"https:\\\/\\\/lospoliticosveracruz.com\\\/#\\\/schema\\\/person\\\/b8702bb0e538456e6efd07080bf2a4a2\"},\"headline\":\"EL EFECTO M\u00c1YNEZ EN PAPANTLA\",\"datePublished\":\"2025-02-26T18:54:28+00:00\",\"dateModified\":\"2025-02-26T18:54:47+00:00\",\"mainEntityOfPage\":{\"@id\":\"https:\\\/\\\/lospoliticosveracruz.com\\\/?p=138676\"},\"wordCount\":857,\"publisher\":{\"@id\":\"https:\\\/\\\/lospoliticosveracruz.com\\\/#organization\"},\"image\":{\"@id\":\"https:\\\/\\\/lospoliticosveracruz.com\\\/?p=138676#primaryimage\"},\"thumbnailUrl\":\"https:\\\/\\\/lospoliticosveracruz.com\\\/wp-content\\\/uploads\\\/2024\\\/08\\\/Arturo-Reyes.jpg\",\"keywords\":[\"Arturo Reyes Gonz\u00e1lez\",\"Jorge \u00c1lvarez M\u00e1ynez\",\"Movimiento Ciudadano (MC)\"],\"articleSection\":[\"De Opini\u00f3n\"],\"inLanguage\":\"es\"},{\"@type\":\"WebPage\",\"@id\":\"https:\\\/\\\/lospoliticosveracruz.com\\\/?p=138676\",\"url\":\"https:\\\/\\\/lospoliticosveracruz.com\\\/?p=138676\",\"name\":\"EL EFECTO M\u00c1YNEZ EN PAPANTLA - Los pol\u00edticos Veracruz\",\"isPartOf\":{\"@id\":\"https:\\\/\\\/lospoliticosveracruz.com\\\/#website\"},\"primaryImageOfPage\":{\"@id\":\"https:\\\/\\\/lospoliticosveracruz.com\\\/?p=138676#primaryimage\"},\"image\":{\"@id\":\"https:\\\/\\\/lospoliticosveracruz.com\\\/?p=138676#primaryimage\"},\"thumbnailUrl\":\"https:\\\/\\\/lospoliticosveracruz.com\\\/wp-content\\\/uploads\\\/2024\\\/08\\\/Arturo-Reyes.jpg\",\"datePublished\":\"2025-02-26T18:54:28+00:00\",\"dateModified\":\"2025-02-26T18:54:47+00:00\",\"breadcrumb\":{\"@id\":\"https:\\\/\\\/lospoliticosveracruz.com\\\/?p=138676#breadcrumb\"},\"inLanguage\":\"es\",\"potentialAction\":[{\"@type\":\"ReadAction\",\"target\":[\"https:\\\/\\\/lospoliticosveracruz.com\\\/?p=138676\"]}]},{\"@type\":\"ImageObject\",\"inLanguage\":\"es\",\"@id\":\"https:\\\/\\\/lospoliticosveracruz.com\\\/?p=138676#primaryimage\",\"url\":\"https:\\\/\\\/lospoliticosveracruz.com\\\/wp-content\\\/uploads\\\/2024\\\/08\\\/Arturo-Reyes.jpg\",\"contentUrl\":\"https:\\\/\\\/lospoliticosveracruz.com\\\/wp-content\\\/uploads\\\/2024\\\/08\\\/Arturo-Reyes.jpg\",\"width\":1250,\"height\":667},{\"@type\":\"BreadcrumbList\",\"@id\":\"https:\\\/\\\/lospoliticosveracruz.com\\\/?p=138676#breadcrumb\",\"itemListElement\":[{\"@type\":\"ListItem\",\"position\":1,\"name\":\"Portada\",\"item\":\"https:\\\/\\\/lospoliticosveracruz.com\\\/\"},{\"@type\":\"ListItem\",\"position\":2,\"name\":\"EL EFECTO M\u00c1YNEZ EN PAPANTLA\"}]},{\"@type\":\"WebSite\",\"@id\":\"https:\\\/\\\/lospoliticosveracruz.com\\\/#website\",\"url\":\"https:\\\/\\\/lospoliticosveracruz.com\\\/\",\"name\":\"Los pol\u00edticos Veracruz\",\"description\":\"\",\"publisher\":{\"@id\":\"https:\\\/\\\/lospoliticosveracruz.com\\\/#organization\"},\"potentialAction\":[{\"@type\":\"SearchAction\",\"target\":{\"@type\":\"EntryPoint\",\"urlTemplate\":\"https:\\\/\\\/lospoliticosveracruz.com\\\/?s={search_term_string}\"},\"query-input\":{\"@type\":\"PropertyValueSpecification\",\"valueRequired\":true,\"valueName\":\"search_term_string\"}}],\"inLanguage\":\"es\"},{\"@type\":\"Organization\",\"@id\":\"https:\\\/\\\/lospoliticosveracruz.com\\\/#organization\",\"name\":\"Los pol\u00edticos Veracruz\",\"url\":\"https:\\\/\\\/lospoliticosveracruz.com\\\/\",\"logo\":{\"@type\":\"ImageObject\",\"inLanguage\":\"es\",\"@id\":\"https:\\\/\\\/lospoliticosveracruz.com\\\/#\\\/schema\\\/logo\\\/image\\\/\",\"url\":\"https:\\\/\\\/lospoliticosveracruz.com\\\/wp-content\\\/uploads\\\/2025\\\/12\\\/Logo-Nuevo-LOS-POLITICOS-1.jpg\",\"contentUrl\":\"https:\\\/\\\/lospoliticosveracruz.com\\\/wp-content\\\/uploads\\\/2025\\\/12\\\/Logo-Nuevo-LOS-POLITICOS-1.jpg\",\"width\":260,\"height\":70,\"caption\":\"Los pol\u00edticos Veracruz\"},\"image\":{\"@id\":\"https:\\\/\\\/lospoliticosveracruz.com\\\/#\\\/schema\\\/logo\\\/image\\\/\"},\"sameAs\":[\"https:\\\/\\\/www.facebook.com\\\/people\\\/Notimemes-de-los-Polticos\\\/61565672886568\\\/\",\"https:\\\/\\\/x.com\\\/LosPoliticosVer\"]},{\"@type\":\"Person\",\"@id\":\"https:\\\/\\\/lospoliticosveracruz.com\\\/#\\\/schema\\\/person\\\/b8702bb0e538456e6efd07080bf2a4a2\",\"name\":\"Lo viste en Los Pol\u00edticos\",\"image\":{\"@type\":\"ImageObject\",\"inLanguage\":\"es\",\"@id\":\"https:\\\/\\\/secure.gravatar.com\\\/avatar\\\/3a8de04a2656d44082be478bd6c086daa447c4651605818287b9532d3d0bd435?s=96&d=mm&r=g\",\"url\":\"https:\\\/\\\/secure.gravatar.com\\\/avatar\\\/3a8de04a2656d44082be478bd6c086daa447c4651605818287b9532d3d0bd435?s=96&d=mm&r=g\",\"contentUrl\":\"https:\\\/\\\/secure.gravatar.com\\\/avatar\\\/3a8de04a2656d44082be478bd6c086daa447c4651605818287b9532d3d0bd435?s=96&d=mm&r=g\",\"caption\":\"Lo viste en Los Pol\u00edticos\"},\"url\":\"https:\\\/\\\/lospoliticosveracruz.com\\\/?author=2\"}]}<\/script>\n<!-- \/ Yoast SEO plugin. -->","yoast_head_json":{"title":"EL EFECTO M\u00c1YNEZ EN PAPANTLA - Los pol\u00edticos Veracruz","robots":{"index":"index","follow":"follow","max-snippet":"max-snippet:-1","max-image-preview":"max-image-preview:large","max-video-preview":"max-video-preview:-1"},"canonical":"https:\/\/lospoliticosveracruz.com\/?p=138676","og_locale":"es_ES","og_type":"article","og_title":"EL EFECTO M\u00c1YNEZ EN PAPANTLA - Los pol\u00edticos Veracruz","og_description":"S\u00edguenos ahora tambi\u00e9n en WhatsApp.\u00a0Da clic aqu\u00ed Arturo Reyes Gonz\u00e1lezBurladero El pasado 15 de febrero el Coordinador Nacional de Movimiento Ciudadano (MC), Jorge \u00c1lvarez M\u00e1ynez, aterriz\u00f3 en el norte\u00f1o municipio de Papantla de Olarte para acompa\u00f1ar al candidato naranja a la alcald\u00eda, Mariano Romero y a otras personalidades de la regi\u00f3n, entre ellas estuvieron presentes [&hellip;]","og_url":"https:\/\/lospoliticosveracruz.com\/?p=138676","og_site_name":"Los pol\u00edticos Veracruz","article_publisher":"https:\/\/www.facebook.com\/people\/Notimemes-de-los-Polticos\/61565672886568\/","article_published_time":"2025-02-26T18:54:28+00:00","article_modified_time":"2025-02-26T18:54:47+00:00","og_image":[{"width":1250,"height":667,"url":"https:\/\/lospoliticosveracruz.com\/wp-content\/uploads\/2024\/08\/Arturo-Reyes.jpg","type":"image\/jpeg"}],"author":"Lo viste en Los Pol\u00edticos","twitter_card":"summary_large_image","twitter_creator":"@LosPoliticosVer","twitter_site":"@LosPoliticosVer","twitter_misc":{"Escrito por":"Lo viste en Los Pol\u00edticos","Tiempo de lectura":"4 minutos"},"schema":{"@context":"https:\/\/schema.org","@graph":[{"@type":"Article","@id":"https:\/\/lospoliticosveracruz.com\/?p=138676#article","isPartOf":{"@id":"https:\/\/lospoliticosveracruz.com\/?p=138676"},"author":{"name":"Lo viste en Los Pol\u00edticos","@id":"https:\/\/lospoliticosveracruz.com\/#\/schema\/person\/b8702bb0e538456e6efd07080bf2a4a2"},"headline":"EL EFECTO M\u00c1YNEZ EN PAPANTLA","datePublished":"2025-02-26T18:54:28+00:00","dateModified":"2025-02-26T18:54:47+00:00","mainEntityOfPage":{"@id":"https:\/\/lospoliticosveracruz.com\/?p=138676"},"wordCount":857,"publisher":{"@id":"https:\/\/lospoliticosveracruz.com\/#organization"},"image":{"@id":"https:\/\/lospoliticosveracruz.com\/?p=138676#primaryimage"},"thumbnailUrl":"https:\/\/lospoliticosveracruz.com\/wp-content\/uploads\/2024\/08\/Arturo-Reyes.jpg","keywords":["Arturo Reyes Gonz\u00e1lez","Jorge \u00c1lvarez M\u00e1ynez","Movimiento Ciudadano (MC)"],"articleSection":["De Opini\u00f3n"],"inLanguage":"es"},{"@type":"WebPage","@id":"https:\/\/lospoliticosveracruz.com\/?p=138676","url":"https:\/\/lospoliticosveracruz.com\/?p=138676","name":"EL EFECTO M\u00c1YNEZ EN PAPANTLA - Los pol\u00edticos Veracruz","isPartOf":{"@id":"https:\/\/lospoliticosveracruz.com\/#website"},"primaryImageOfPage":{"@id":"https:\/\/lospoliticosveracruz.com\/?p=138676#primaryimage"},"image":{"@id":"https:\/\/lospoliticosveracruz.com\/?p=138676#primaryimage"},"thumbnailUrl":"https:\/\/lospoliticosveracruz.com\/wp-content\/uploads\/2024\/08\/Arturo-Reyes.jpg","datePublished":"2025-02-26T18:54:28+00:00","dateModified":"2025-02-26T18:54:47+00:00","breadcrumb":{"@id":"https:\/\/lospoliticosveracruz.com\/?p=138676#breadcrumb"},"inLanguage":"es","potentialAction":[{"@type":"ReadAction","target":["https:\/\/lospoliticosveracruz.com\/?p=138676"]}]},{"@type":"ImageObject","inLanguage":"es","@id":"https:\/\/lospoliticosveracruz.com\/?p=138676#primaryimage","url":"https:\/\/lospoliticosveracruz.com\/wp-content\/uploads\/2024\/08\/Arturo-Reyes.jpg","contentUrl":"https:\/\/lospoliticosveracruz.com\/wp-content\/uploads\/2024\/08\/Arturo-Reyes.jpg","width":1250,"height":667},{"@type":"BreadcrumbList","@id":"https:\/\/lospoliticosveracruz.com\/?p=138676#breadcrumb","itemListElement":[{"@type":"ListItem","position":1,"name":"Portada","item":"https:\/\/lospoliticosveracruz.com\/"},{"@type":"ListItem","position":2,"name":"EL EFECTO M\u00c1YNEZ EN PAPANTLA"}]},{"@type":"WebSite","@id":"https:\/\/lospoliticosveracruz.com\/#website","url":"https:\/\/lospoliticosveracruz.com\/","name":"Los pol\u00edticos Veracruz","description":"","publisher":{"@id":"https:\/\/lospoliticosveracruz.com\/#organization"},"potentialAction":[{"@type":"SearchAction","target":{"@type":"EntryPoint","urlTemplate":"https:\/\/lospoliticosveracruz.com\/?s={search_term_string}"},"query-input":{"@type":"PropertyValueSpecification","valueRequired":true,"valueName":"search_term_string"}}],"inLanguage":"es"},{"@type":"Organization","@id":"https:\/\/lospoliticosveracruz.com\/#organization","name":"Los pol\u00edticos Veracruz","url":"https:\/\/lospoliticosveracruz.com\/","logo":{"@type":"ImageObject","inLanguage":"es","@id":"https:\/\/lospoliticosveracruz.com\/#\/schema\/logo\/image\/","url":"https:\/\/lospoliticosveracruz.com\/wp-content\/uploads\/2025\/12\/Logo-Nuevo-LOS-POLITICOS-1.jpg","contentUrl":"https:\/\/lospoliticosveracruz.com\/wp-content\/uploads\/2025\/12\/Logo-Nuevo-LOS-POLITICOS-1.jpg","width":260,"height":70,"caption":"Los pol\u00edticos Veracruz"},"image":{"@id":"https:\/\/lospoliticosveracruz.com\/#\/schema\/logo\/image\/"},"sameAs":["https:\/\/www.facebook.com\/people\/Notimemes-de-los-Polticos\/61565672886568\/","https:\/\/x.com\/LosPoliticosVer"]},{"@type":"Person","@id":"https:\/\/lospoliticosveracruz.com\/#\/schema\/person\/b8702bb0e538456e6efd07080bf2a4a2","name":"Lo viste en Los Pol\u00edticos","image":{"@type":"ImageObject","inLanguage":"es","@id":"https:\/\/secure.gravatar.com\/avatar\/3a8de04a2656d44082be478bd6c086daa447c4651605818287b9532d3d0bd435?s=96&d=mm&r=g","url":"https:\/\/secure.gravatar.com\/avatar\/3a8de04a2656d44082be478bd6c086daa447c4651605818287b9532d3d0bd435?s=96&d=mm&r=g","contentUrl":"https:\/\/secure.gravatar.com\/avatar\/3a8de04a2656d44082be478bd6c086daa447c4651605818287b9532d3d0bd435?s=96&d=mm&r=g","caption":"Lo viste en Los Pol\u00edticos"},"url":"https:\/\/lospoliticosveracruz.com\/?author=2"}]}},"_links":{"self":[{"href":"https:\/\/lospoliticosveracruz.com\/index.php?rest_route=\/wp\/v2\/posts\/138676","targetHints":{"allow":["GET"]}}],"collection":[{"href":"https:\/\/lospoliticosveracruz.com\/index.php?rest_route=\/wp\/v2\/posts"}],"about":[{"href":"https:\/\/lospoliticosveracruz.com\/index.php?rest_route=\/wp\/v2\/types\/post"}],"author":[{"embeddable":true,"href":"https:\/\/lospoliticosveracruz.com\/index.php?rest_route=\/wp\/v2\/users\/2"}],"replies":[{"embeddable":true,"href":"https:\/\/lospoliticosveracruz.com\/index.php?rest_route=%2Fwp%2Fv2%2Fcomments&post=138676"}],"version-history":[{"count":1,"href":"https:\/\/lospoliticosveracruz.com\/index.php?rest_route=\/wp\/v2\/posts\/138676\/revisions"}],"predecessor-version":[{"id":138677,"href":"https:\/\/lospoliticosveracruz.com\/index.php?rest_route=\/wp\/v2\/posts\/138676\/revisions\/138677"}],"wp:featuredmedia":[{"embeddable":true,"href":"https:\/\/lospoliticosveracruz.com\/index.php?rest_route=\/wp\/v2\/media\/128464"}],"wp:attachment":[{"href":"https:\/\/lospoliticosveracruz.com\/index.php?rest_route=%2Fwp%2Fv2%2Fmedia&parent=138676"}],"wp:term":[{"taxonomy":"category","embeddable":true,"href":"https:\/\/lospoliticosveracruz.com\/index.php?rest_route=%2Fwp%2Fv2%2Fcategories&post=138676"},{"taxonomy":"post_tag","embeddable":true,"href":"https:\/\/lospoliticosveracruz.com\/index.php?rest_route=%2Fwp%2Fv2%2Ftags&post=138676"}],"curies":[{"name":"wp","href":"https:\/\/api.w.org\/{rel}","templated":true}]}}