{"id":138678,"date":"2025-02-26T13:00:58","date_gmt":"2025-02-26T19:00:58","guid":{"rendered":"https:\/\/lospoliticosveracruz.com.mx\/?p=138678"},"modified":"2025-02-26T13:01:16","modified_gmt":"2025-02-26T19:01:16","slug":"hagase-senor-tu-voluntad-en-los-bueyes-de-mi-compadre","status":"publish","type":"post","link":"https:\/\/lospoliticosveracruz.com\/?p=138678","title":{"rendered":"H\u00c1GASE SE\u00d1OR TU VOLUNTAD\u2026. EN LOS BUEYES DE MI COMPADRE"},"content":{"rendered":"\n<p>S\u00edguenos ahora tambi\u00e9n en WhatsApp.\u00a0<a href=\"https:\/\/whatsapp.com\/channel\/0029Va8zRWlEKyZIP3Z1dF0e\"><em><strong>Da clic aqu\u00ed<\/strong><\/em><\/a><\/p>\n\n\n\n<p><\/p>\n\n\n\n<p><strong>Manolo Victorio<\/strong><\/p>\n\n\n\n<p><em>Carpe Diem<br><\/em><\/p>\n\n\n\n<p><\/p>\n\n\n\n<p>El voto de 97 senadores de la rep\u00fablica sac\u00f3 adelante la iniciativa enviada por la presidenta Sheinbaum que evitar\u00e1 la perniciosa pr\u00e1ctica del nepotismo\u2026 hasta 2030.<br>Bajo un rasero sustentado en el sentido com\u00fan, la ley propuesta por la presidenta ni siquiera debi\u00f3 discutirse en la tribuna m\u00e1s alta de la naci\u00f3n mexicana.<\/p>\n\n\n<div class=\"wp-block-image\">\n<figure class=\"alignleft size-thumbnail\"><a href=\"https:\/\/lospoliticosveracruz.com.mx\/wp-content\/uploads\/2025\/02\/Mastografia.jpeg\"><img loading=\"lazy\" decoding=\"async\" width=\"150\" height=\"150\" src=\"https:\/\/lospoliticosveracruz.com.mx\/wp-content\/uploads\/2025\/02\/Mastografia-150x150.jpeg\" alt=\"\" class=\"wp-image-138625\" srcset=\"https:\/\/lospoliticosveracruz.com\/wp-content\/uploads\/2025\/02\/Mastografia-150x150.jpeg 150w, https:\/\/lospoliticosveracruz.com\/wp-content\/uploads\/2025\/02\/Mastografia-125x125.jpeg 125w\" sizes=\"auto, (max-width: 150px) 100vw, 150px\" \/><\/a><\/figure>\n<\/div>\n\n\n<p><br>El principio b\u00e1sico de la \u00e9tica pol\u00edtica comprende intr\u00ednsecamente que ning\u00fan gobernante, ninguna mujer empoderada con un cargo p\u00fablico de elecci\u00f3n popular debe maniobrar para heredar el cargo que detenta a un familiar cercano.<br>\u00abEn el Senado, ir\u00f3nicamente. pas\u00f3 la ley contra el nepotismo, pero triunf\u00f3 el nepotismo\u00bb, resumi\u00f3 la entradilla \u00abBajo Reserva\u00bb de la columna colectiva de El Universal.<br>Os\u00e9ase, el mandato de la presidenta fue obviado ol\u00edmpicamente por los santones del poder legislativos, cuyos coordinadores son una clase pol\u00edtica privilegiada que practica el nepotismo como herramienta pol\u00edtica para alcanzar cargos de elecci\u00f3n popular.<br>Que desverg\u00fcenza.<br>Las practicas legislativas se enchalecan en la filosof\u00eda pol\u00edtica popular del \u00abh\u00e1gase Se\u00f1or tu voluntad\u2026 pero en los bueyes de mi compadre\u00bb.<br>Una lecci\u00f3n de cinismo pol\u00edtico al m\u00e1s puro estilo del M\u00e9xico profundo, b\u00e1rbaro, caciquil, chicharronero, de hacendados de horca y cuchillo que no puede superar el nuevo humanismo mexicano.<br>En este manoseo mis\u00f3gino, la iniciativa enviada por la presidenta Claudia Sheinbaum contemplaba poner un bozal a la voracidad de hombres y mujeres que detentan una posici\u00f3n de poder en las elecciones de 2027, que impedir\u00eda la participaci\u00f3n de familiares de gobernadores y alcaldes salientes de entregarle el cargo su esposa, padres, hijos, hermanos, entre otros parientes del primer c\u00edrculo de consanguinidad.<br>Los aliados, lavaderos donde Morena restriega la ropa sucia, en el traspatio de la moralidad y la \u00e9tica, el Partido Verde y el Partido del Trabajo, presionaron hasta doblar en las formas los morenos, al conseguir que la reforma entre en vigor hasta 2030.<br>Los ejemplos de este cinismo lo representan la senadora Ruth Gonz\u00e1lez Silva, depositaria del orgullo nepotista de su esposo, el gobernador de San Luis Potos\u00ed, Ricardo Gallardo, quien la sembr\u00f3 como puntera en el ranking morenista para sucederlo.<br>El caso mas oscuro es del guerrerense F\u00e9lix Salgado Macedonio, quien gobierna de facto en Guerrero; pero que anhela vengarse desea del Instituto Nacional Electoral, que le sancion\u00f3 en la elecci\u00f3n pasada y ahora contender\u00e1 para suceder a su hija, la gobernadora Evelyn Salgado Pineda.<br>La gema representativa del descarado e insano nepotismo se ha desenrollado en Zacatecas. En ese estado Ricardo Monreal \u00c1vila fue gobernador y hoy coordina a los diputados morenos, su hermano David fue senador y es el gobernador zacatecano y pretende dejar como candidato de la alianza Seguimos Haciendo Historia a la gubernatura a un tercer hermano, Saul Monreal \u00c1vila.<br>En este gatopardismo puro, duro, preciso, conciso y macizo, el Movimiento de Regeneraci\u00f3n Nacional y el bestiario faldero reunido en el Partido Verde Ecologista de M\u00e9xico y el Partido del Trabajo, cambiaron -en la faramalla legislativa- el orden de las cosas para que todo siga igual.<br>H\u00e1gase la voluntad de dios, en los bueyes de mi compadre<br>La disonancia cognitiva es un concepto de la sicolog\u00eda que parte de la contradicci\u00f3n entre dos conceptos o dos actitudes dis\u00edmiles o contrapuestas entre s\u00ed, lo que genera un nivel de estr\u00e9s en la conducta de la persona (La Silla Rota 26\/1\/2014).<br>\u00abSerenidad y paciencia\u2026 mucha paciencia\u00bb, le dec\u00eda el superh\u00e9roe Kaliman a su fiel disc\u00edpulo Sol\u00edn cuando el d\u00fao profesional que nutri\u00f3 nuestra imaginaci\u00f3n en la infancia, en las radionovelas mexicanas.<br>Habr\u00e1 que echar mano de estas primeras lecciones involuntarias de \u00e9tica popular para entender la nueva realidad pol\u00edtica mexicana.<br>El primer ensayo respecto a la moralidad publica, se dar\u00e1, para dimensionar la importancia de Veracruz en la geopol\u00edtica nacional, en las elecciones del primer domingo de junio, donde se elegir\u00e1n mil 54 cargos de elecci\u00f3n popular.<br>Aqu\u00ed la gobernadora Nahle ha dicho que no se permitir\u00e1n las practicas de nepotismo que se cocinan a priori en los 212 palacios municipales donde -seg\u00fan denuncia de saliva del senador Huerta- los alcaldes y alcaldesas salientes quieren imponer a la esposa, esposo, c\u00f3nyuge o concubina, hija, hijo, padre o madre en la sucesi\u00f3n municipal.<br>\u00ab\u00a1No pasar\u00e1n!\u00bb, dir\u00e1 la \u2018La Pasionaria\u2019 Nahle, investida en el discurso hist\u00f3rico de Dolores Ib\u00e1rruri.<br>La gobernadora ha dicho hasta la saciedad que no se incurrir\u00e1 este tipo de conductas, aunque la ley no sea retroactiva para el proceso veracruzano, la \u00e9tica es inmanente, perenne, en la percepci\u00f3n del colectivo diseccionado en 6 millones 133 mil 078 de electores potenciales.<br>En Veracruz no se permitir\u00e1n estas practicas perniciosas, ofensivas a la cultura pol\u00edtica de las veracruzanas (son mayor\u00eda en el padr\u00f3n), de los veracruzanos.<br>\u2026 de otro costal.<br>La ecuaci\u00f3n es simple: maestros al aula. No hay m\u00e1s.<br>La toma de las instalaciones de la Secretaria de Educaci\u00f3n de Veracruz es una maniobra pol\u00edtica que busca socavar la autoridad de Claudia Tello Espinoza.<br>Los maestros de los 8 sindicatos, una minor\u00eda de las 57 organizaciones sindicales que tienen relaciones contractuales con la SEV, apedrean la casa magisterial donde despacha la maestra Tello.<br>Le est\u00e1n testeando el agua a los tamales.<br>columnacarpediem@gmail.com<\/p>\n","protected":false},"excerpt":{"rendered":"<p>S\u00edguenos ahora tambi\u00e9n en WhatsApp.\u00a0Da clic aqu\u00ed Manolo Victorio Carpe Diem El voto de 97 senadores de la rep\u00fablica sac\u00f3 adelante la iniciativa enviada por la presidenta Sheinbaum que evitar\u00e1 la perniciosa pr\u00e1ctica del nepotismo\u2026 hasta 2030.Bajo un rasero sustentado en el sentido com\u00fan, la ley propuesta por la presidenta ni siquiera debi\u00f3 discutirse en [&hellip;]<\/p>\n","protected":false},"author":2,"featured_media":119925,"comment_status":"closed","ping_status":"closed","sticky":false,"template":"","format":"standard","meta":{"tdm_status":"","tdm_grid_status":"","footnotes":""},"categories":[70],"tags":[9627],"class_list":{"0":"post-138678","1":"post","2":"type-post","3":"status-publish","4":"format-standard","5":"has-post-thumbnail","7":"category-de-opinion","8":"tag-claudia-sheinbaum"},"yoast_head":"<!-- This site is optimized with the Yoast SEO plugin v27.4 - https:\/\/yoast.com\/product\/yoast-seo-wordpress\/ -->\n<title>H\u00c1GASE SE\u00d1OR TU VOLUNTAD\u2026. EN LOS BUEYES DE MI COMPADRE - Los pol\u00edticos Veracruz<\/title>\n<meta name=\"robots\" content=\"index, follow, max-snippet:-1, max-image-preview:large, max-video-preview:-1\" \/>\n<link rel=\"canonical\" href=\"https:\/\/lospoliticosveracruz.com\/?p=138678\" \/>\n<meta property=\"og:locale\" content=\"es_ES\" \/>\n<meta property=\"og:type\" content=\"article\" \/>\n<meta property=\"og:title\" content=\"H\u00c1GASE SE\u00d1OR TU VOLUNTAD\u2026. EN LOS BUEYES DE MI COMPADRE - Los pol\u00edticos Veracruz\" \/>\n<meta property=\"og:description\" content=\"S\u00edguenos ahora tambi\u00e9n en WhatsApp.\u00a0Da clic aqu\u00ed Manolo Victorio Carpe Diem El voto de 97 senadores de la rep\u00fablica sac\u00f3 adelante la iniciativa enviada por la presidenta Sheinbaum que evitar\u00e1 la perniciosa pr\u00e1ctica del nepotismo\u2026 hasta 2030.Bajo un rasero sustentado en el sentido com\u00fan, la ley propuesta por la presidenta ni siquiera debi\u00f3 discutirse en [&hellip;]\" \/>\n<meta property=\"og:url\" content=\"https:\/\/lospoliticosveracruz.com\/?p=138678\" \/>\n<meta property=\"og:site_name\" content=\"Los pol\u00edticos Veracruz\" \/>\n<meta property=\"article:publisher\" content=\"https:\/\/www.facebook.com\/people\/Notimemes-de-los-Polticos\/61565672886568\/\" \/>\n<meta property=\"article:published_time\" content=\"2025-02-26T19:00:58+00:00\" \/>\n<meta property=\"article:modified_time\" content=\"2025-02-26T19:01:16+00:00\" \/>\n<meta property=\"og:image\" content=\"https:\/\/lospoliticosveracruz.com\/wp-content\/uploads\/2024\/03\/Manolo-Victorio.jpg\" \/>\n\t<meta property=\"og:image:width\" content=\"1250\" \/>\n\t<meta property=\"og:image:height\" content=\"667\" \/>\n\t<meta property=\"og:image:type\" content=\"image\/jpeg\" \/>\n<meta name=\"author\" content=\"Lo viste en Los Pol\u00edticos\" \/>\n<meta name=\"twitter:card\" content=\"summary_large_image\" \/>\n<meta name=\"twitter:creator\" content=\"@LosPoliticosVer\" \/>\n<meta name=\"twitter:site\" content=\"@LosPoliticosVer\" \/>\n<meta name=\"twitter:label1\" content=\"Escrito por\" \/>\n\t<meta name=\"twitter:data1\" content=\"Lo viste en Los Pol\u00edticos\" \/>\n\t<meta name=\"twitter:label2\" content=\"Tiempo de lectura\" \/>\n\t<meta name=\"twitter:data2\" content=\"5 minutos\" \/>\n<script type=\"application\/ld+json\" class=\"yoast-schema-graph\">{\"@context\":\"https:\\\/\\\/schema.org\",\"@graph\":[{\"@type\":\"Article\",\"@id\":\"https:\\\/\\\/lospoliticosveracruz.com\\\/?p=138678#article\",\"isPartOf\":{\"@id\":\"https:\\\/\\\/lospoliticosveracruz.com\\\/?p=138678\"},\"author\":{\"name\":\"Lo viste en Los Pol\u00edticos\",\"@id\":\"https:\\\/\\\/lospoliticosveracruz.com\\\/#\\\/schema\\\/person\\\/b8702bb0e538456e6efd07080bf2a4a2\"},\"headline\":\"H\u00c1GASE SE\u00d1OR TU VOLUNTAD\u2026. EN LOS BUEYES DE MI COMPADRE\",\"datePublished\":\"2025-02-26T19:00:58+00:00\",\"dateModified\":\"2025-02-26T19:01:16+00:00\",\"mainEntityOfPage\":{\"@id\":\"https:\\\/\\\/lospoliticosveracruz.com\\\/?p=138678\"},\"wordCount\":934,\"publisher\":{\"@id\":\"https:\\\/\\\/lospoliticosveracruz.com\\\/#organization\"},\"image\":{\"@id\":\"https:\\\/\\\/lospoliticosveracruz.com\\\/?p=138678#primaryimage\"},\"thumbnailUrl\":\"https:\\\/\\\/lospoliticosveracruz.com\\\/wp-content\\\/uploads\\\/2024\\\/03\\\/Manolo-Victorio.jpg\",\"keywords\":[\"Claudia Sheinbaum\"],\"articleSection\":[\"De Opini\u00f3n\"],\"inLanguage\":\"es\"},{\"@type\":\"WebPage\",\"@id\":\"https:\\\/\\\/lospoliticosveracruz.com\\\/?p=138678\",\"url\":\"https:\\\/\\\/lospoliticosveracruz.com\\\/?p=138678\",\"name\":\"H\u00c1GASE SE\u00d1OR TU VOLUNTAD\u2026. EN LOS BUEYES DE MI COMPADRE - Los pol\u00edticos Veracruz\",\"isPartOf\":{\"@id\":\"https:\\\/\\\/lospoliticosveracruz.com\\\/#website\"},\"primaryImageOfPage\":{\"@id\":\"https:\\\/\\\/lospoliticosveracruz.com\\\/?p=138678#primaryimage\"},\"image\":{\"@id\":\"https:\\\/\\\/lospoliticosveracruz.com\\\/?p=138678#primaryimage\"},\"thumbnailUrl\":\"https:\\\/\\\/lospoliticosveracruz.com\\\/wp-content\\\/uploads\\\/2024\\\/03\\\/Manolo-Victorio.jpg\",\"datePublished\":\"2025-02-26T19:00:58+00:00\",\"dateModified\":\"2025-02-26T19:01:16+00:00\",\"breadcrumb\":{\"@id\":\"https:\\\/\\\/lospoliticosveracruz.com\\\/?p=138678#breadcrumb\"},\"inLanguage\":\"es\",\"potentialAction\":[{\"@type\":\"ReadAction\",\"target\":[\"https:\\\/\\\/lospoliticosveracruz.com\\\/?p=138678\"]}]},{\"@type\":\"ImageObject\",\"inLanguage\":\"es\",\"@id\":\"https:\\\/\\\/lospoliticosveracruz.com\\\/?p=138678#primaryimage\",\"url\":\"https:\\\/\\\/lospoliticosveracruz.com\\\/wp-content\\\/uploads\\\/2024\\\/03\\\/Manolo-Victorio.jpg\",\"contentUrl\":\"https:\\\/\\\/lospoliticosveracruz.com\\\/wp-content\\\/uploads\\\/2024\\\/03\\\/Manolo-Victorio.jpg\",\"width\":1250,\"height\":667},{\"@type\":\"BreadcrumbList\",\"@id\":\"https:\\\/\\\/lospoliticosveracruz.com\\\/?p=138678#breadcrumb\",\"itemListElement\":[{\"@type\":\"ListItem\",\"position\":1,\"name\":\"Portada\",\"item\":\"https:\\\/\\\/lospoliticosveracruz.com\\\/\"},{\"@type\":\"ListItem\",\"position\":2,\"name\":\"H\u00c1GASE SE\u00d1OR TU VOLUNTAD\u2026. EN LOS BUEYES DE MI COMPADRE\"}]},{\"@type\":\"WebSite\",\"@id\":\"https:\\\/\\\/lospoliticosveracruz.com\\\/#website\",\"url\":\"https:\\\/\\\/lospoliticosveracruz.com\\\/\",\"name\":\"Los pol\u00edticos Veracruz\",\"description\":\"\",\"publisher\":{\"@id\":\"https:\\\/\\\/lospoliticosveracruz.com\\\/#organization\"},\"potentialAction\":[{\"@type\":\"SearchAction\",\"target\":{\"@type\":\"EntryPoint\",\"urlTemplate\":\"https:\\\/\\\/lospoliticosveracruz.com\\\/?s={search_term_string}\"},\"query-input\":{\"@type\":\"PropertyValueSpecification\",\"valueRequired\":true,\"valueName\":\"search_term_string\"}}],\"inLanguage\":\"es\"},{\"@type\":\"Organization\",\"@id\":\"https:\\\/\\\/lospoliticosveracruz.com\\\/#organization\",\"name\":\"Los pol\u00edticos Veracruz\",\"url\":\"https:\\\/\\\/lospoliticosveracruz.com\\\/\",\"logo\":{\"@type\":\"ImageObject\",\"inLanguage\":\"es\",\"@id\":\"https:\\\/\\\/lospoliticosveracruz.com\\\/#\\\/schema\\\/logo\\\/image\\\/\",\"url\":\"https:\\\/\\\/lospoliticosveracruz.com\\\/wp-content\\\/uploads\\\/2025\\\/12\\\/Logo-Nuevo-LOS-POLITICOS-1.jpg\",\"contentUrl\":\"https:\\\/\\\/lospoliticosveracruz.com\\\/wp-content\\\/uploads\\\/2025\\\/12\\\/Logo-Nuevo-LOS-POLITICOS-1.jpg\",\"width\":260,\"height\":70,\"caption\":\"Los pol\u00edticos Veracruz\"},\"image\":{\"@id\":\"https:\\\/\\\/lospoliticosveracruz.com\\\/#\\\/schema\\\/logo\\\/image\\\/\"},\"sameAs\":[\"https:\\\/\\\/www.facebook.com\\\/people\\\/Notimemes-de-los-Polticos\\\/61565672886568\\\/\",\"https:\\\/\\\/x.com\\\/LosPoliticosVer\"]},{\"@type\":\"Person\",\"@id\":\"https:\\\/\\\/lospoliticosveracruz.com\\\/#\\\/schema\\\/person\\\/b8702bb0e538456e6efd07080bf2a4a2\",\"name\":\"Lo viste en Los Pol\u00edticos\",\"image\":{\"@type\":\"ImageObject\",\"inLanguage\":\"es\",\"@id\":\"https:\\\/\\\/secure.gravatar.com\\\/avatar\\\/3a8de04a2656d44082be478bd6c086daa447c4651605818287b9532d3d0bd435?s=96&d=mm&r=g\",\"url\":\"https:\\\/\\\/secure.gravatar.com\\\/avatar\\\/3a8de04a2656d44082be478bd6c086daa447c4651605818287b9532d3d0bd435?s=96&d=mm&r=g\",\"contentUrl\":\"https:\\\/\\\/secure.gravatar.com\\\/avatar\\\/3a8de04a2656d44082be478bd6c086daa447c4651605818287b9532d3d0bd435?s=96&d=mm&r=g\",\"caption\":\"Lo viste en Los Pol\u00edticos\"},\"url\":\"https:\\\/\\\/lospoliticosveracruz.com\\\/?author=2\"}]}<\/script>\n<!-- \/ Yoast SEO plugin. -->","yoast_head_json":{"title":"H\u00c1GASE SE\u00d1OR TU VOLUNTAD\u2026. EN LOS BUEYES DE MI COMPADRE - Los pol\u00edticos Veracruz","robots":{"index":"index","follow":"follow","max-snippet":"max-snippet:-1","max-image-preview":"max-image-preview:large","max-video-preview":"max-video-preview:-1"},"canonical":"https:\/\/lospoliticosveracruz.com\/?p=138678","og_locale":"es_ES","og_type":"article","og_title":"H\u00c1GASE SE\u00d1OR TU VOLUNTAD\u2026. EN LOS BUEYES DE MI COMPADRE - Los pol\u00edticos Veracruz","og_description":"S\u00edguenos ahora tambi\u00e9n en WhatsApp.\u00a0Da clic aqu\u00ed Manolo Victorio Carpe Diem El voto de 97 senadores de la rep\u00fablica sac\u00f3 adelante la iniciativa enviada por la presidenta Sheinbaum que evitar\u00e1 la perniciosa pr\u00e1ctica del nepotismo\u2026 hasta 2030.Bajo un rasero sustentado en el sentido com\u00fan, la ley propuesta por la presidenta ni siquiera debi\u00f3 discutirse en [&hellip;]","og_url":"https:\/\/lospoliticosveracruz.com\/?p=138678","og_site_name":"Los pol\u00edticos Veracruz","article_publisher":"https:\/\/www.facebook.com\/people\/Notimemes-de-los-Polticos\/61565672886568\/","article_published_time":"2025-02-26T19:00:58+00:00","article_modified_time":"2025-02-26T19:01:16+00:00","og_image":[{"width":1250,"height":667,"url":"https:\/\/lospoliticosveracruz.com\/wp-content\/uploads\/2024\/03\/Manolo-Victorio.jpg","type":"image\/jpeg"}],"author":"Lo viste en Los Pol\u00edticos","twitter_card":"summary_large_image","twitter_creator":"@LosPoliticosVer","twitter_site":"@LosPoliticosVer","twitter_misc":{"Escrito por":"Lo viste en Los Pol\u00edticos","Tiempo de lectura":"5 minutos"},"schema":{"@context":"https:\/\/schema.org","@graph":[{"@type":"Article","@id":"https:\/\/lospoliticosveracruz.com\/?p=138678#article","isPartOf":{"@id":"https:\/\/lospoliticosveracruz.com\/?p=138678"},"author":{"name":"Lo viste en Los Pol\u00edticos","@id":"https:\/\/lospoliticosveracruz.com\/#\/schema\/person\/b8702bb0e538456e6efd07080bf2a4a2"},"headline":"H\u00c1GASE SE\u00d1OR TU VOLUNTAD\u2026. EN LOS BUEYES DE MI COMPADRE","datePublished":"2025-02-26T19:00:58+00:00","dateModified":"2025-02-26T19:01:16+00:00","mainEntityOfPage":{"@id":"https:\/\/lospoliticosveracruz.com\/?p=138678"},"wordCount":934,"publisher":{"@id":"https:\/\/lospoliticosveracruz.com\/#organization"},"image":{"@id":"https:\/\/lospoliticosveracruz.com\/?p=138678#primaryimage"},"thumbnailUrl":"https:\/\/lospoliticosveracruz.com\/wp-content\/uploads\/2024\/03\/Manolo-Victorio.jpg","keywords":["Claudia Sheinbaum"],"articleSection":["De Opini\u00f3n"],"inLanguage":"es"},{"@type":"WebPage","@id":"https:\/\/lospoliticosveracruz.com\/?p=138678","url":"https:\/\/lospoliticosveracruz.com\/?p=138678","name":"H\u00c1GASE SE\u00d1OR TU VOLUNTAD\u2026. EN LOS BUEYES DE MI COMPADRE - Los pol\u00edticos Veracruz","isPartOf":{"@id":"https:\/\/lospoliticosveracruz.com\/#website"},"primaryImageOfPage":{"@id":"https:\/\/lospoliticosveracruz.com\/?p=138678#primaryimage"},"image":{"@id":"https:\/\/lospoliticosveracruz.com\/?p=138678#primaryimage"},"thumbnailUrl":"https:\/\/lospoliticosveracruz.com\/wp-content\/uploads\/2024\/03\/Manolo-Victorio.jpg","datePublished":"2025-02-26T19:00:58+00:00","dateModified":"2025-02-26T19:01:16+00:00","breadcrumb":{"@id":"https:\/\/lospoliticosveracruz.com\/?p=138678#breadcrumb"},"inLanguage":"es","potentialAction":[{"@type":"ReadAction","target":["https:\/\/lospoliticosveracruz.com\/?p=138678"]}]},{"@type":"ImageObject","inLanguage":"es","@id":"https:\/\/lospoliticosveracruz.com\/?p=138678#primaryimage","url":"https:\/\/lospoliticosveracruz.com\/wp-content\/uploads\/2024\/03\/Manolo-Victorio.jpg","contentUrl":"https:\/\/lospoliticosveracruz.com\/wp-content\/uploads\/2024\/03\/Manolo-Victorio.jpg","width":1250,"height":667},{"@type":"BreadcrumbList","@id":"https:\/\/lospoliticosveracruz.com\/?p=138678#breadcrumb","itemListElement":[{"@type":"ListItem","position":1,"name":"Portada","item":"https:\/\/lospoliticosveracruz.com\/"},{"@type":"ListItem","position":2,"name":"H\u00c1GASE SE\u00d1OR TU VOLUNTAD\u2026. EN LOS BUEYES DE MI COMPADRE"}]},{"@type":"WebSite","@id":"https:\/\/lospoliticosveracruz.com\/#website","url":"https:\/\/lospoliticosveracruz.com\/","name":"Los pol\u00edticos Veracruz","description":"","publisher":{"@id":"https:\/\/lospoliticosveracruz.com\/#organization"},"potentialAction":[{"@type":"SearchAction","target":{"@type":"EntryPoint","urlTemplate":"https:\/\/lospoliticosveracruz.com\/?s={search_term_string}"},"query-input":{"@type":"PropertyValueSpecification","valueRequired":true,"valueName":"search_term_string"}}],"inLanguage":"es"},{"@type":"Organization","@id":"https:\/\/lospoliticosveracruz.com\/#organization","name":"Los pol\u00edticos Veracruz","url":"https:\/\/lospoliticosveracruz.com\/","logo":{"@type":"ImageObject","inLanguage":"es","@id":"https:\/\/lospoliticosveracruz.com\/#\/schema\/logo\/image\/","url":"https:\/\/lospoliticosveracruz.com\/wp-content\/uploads\/2025\/12\/Logo-Nuevo-LOS-POLITICOS-1.jpg","contentUrl":"https:\/\/lospoliticosveracruz.com\/wp-content\/uploads\/2025\/12\/Logo-Nuevo-LOS-POLITICOS-1.jpg","width":260,"height":70,"caption":"Los pol\u00edticos Veracruz"},"image":{"@id":"https:\/\/lospoliticosveracruz.com\/#\/schema\/logo\/image\/"},"sameAs":["https:\/\/www.facebook.com\/people\/Notimemes-de-los-Polticos\/61565672886568\/","https:\/\/x.com\/LosPoliticosVer"]},{"@type":"Person","@id":"https:\/\/lospoliticosveracruz.com\/#\/schema\/person\/b8702bb0e538456e6efd07080bf2a4a2","name":"Lo viste en Los Pol\u00edticos","image":{"@type":"ImageObject","inLanguage":"es","@id":"https:\/\/secure.gravatar.com\/avatar\/3a8de04a2656d44082be478bd6c086daa447c4651605818287b9532d3d0bd435?s=96&d=mm&r=g","url":"https:\/\/secure.gravatar.com\/avatar\/3a8de04a2656d44082be478bd6c086daa447c4651605818287b9532d3d0bd435?s=96&d=mm&r=g","contentUrl":"https:\/\/secure.gravatar.com\/avatar\/3a8de04a2656d44082be478bd6c086daa447c4651605818287b9532d3d0bd435?s=96&d=mm&r=g","caption":"Lo viste en Los Pol\u00edticos"},"url":"https:\/\/lospoliticosveracruz.com\/?author=2"}]}},"_links":{"self":[{"href":"https:\/\/lospoliticosveracruz.com\/index.php?rest_route=\/wp\/v2\/posts\/138678","targetHints":{"allow":["GET"]}}],"collection":[{"href":"https:\/\/lospoliticosveracruz.com\/index.php?rest_route=\/wp\/v2\/posts"}],"about":[{"href":"https:\/\/lospoliticosveracruz.com\/index.php?rest_route=\/wp\/v2\/types\/post"}],"author":[{"embeddable":true,"href":"https:\/\/lospoliticosveracruz.com\/index.php?rest_route=\/wp\/v2\/users\/2"}],"replies":[{"embeddable":true,"href":"https:\/\/lospoliticosveracruz.com\/index.php?rest_route=%2Fwp%2Fv2%2Fcomments&post=138678"}],"version-history":[{"count":1,"href":"https:\/\/lospoliticosveracruz.com\/index.php?rest_route=\/wp\/v2\/posts\/138678\/revisions"}],"predecessor-version":[{"id":138679,"href":"https:\/\/lospoliticosveracruz.com\/index.php?rest_route=\/wp\/v2\/posts\/138678\/revisions\/138679"}],"wp:featuredmedia":[{"embeddable":true,"href":"https:\/\/lospoliticosveracruz.com\/index.php?rest_route=\/wp\/v2\/media\/119925"}],"wp:attachment":[{"href":"https:\/\/lospoliticosveracruz.com\/index.php?rest_route=%2Fwp%2Fv2%2Fmedia&parent=138678"}],"wp:term":[{"taxonomy":"category","embeddable":true,"href":"https:\/\/lospoliticosveracruz.com\/index.php?rest_route=%2Fwp%2Fv2%2Fcategories&post=138678"},{"taxonomy":"post_tag","embeddable":true,"href":"https:\/\/lospoliticosveracruz.com\/index.php?rest_route=%2Fwp%2Fv2%2Ftags&post=138678"}],"curies":[{"name":"wp","href":"https:\/\/api.w.org\/{rel}","templated":true}]}}