{"id":13874,"date":"2014-12-03T13:23:56","date_gmt":"2014-12-03T19:23:56","guid":{"rendered":"http:\/\/www.lospoliticosveracruz.com.mx\/?p=13874"},"modified":"2014-12-03T13:23:56","modified_gmt":"2014-12-03T19:23:56","slug":"congreso-de-veracruz-balance-e-improductivos-diputados","status":"publish","type":"post","link":"https:\/\/lospoliticosveracruz.com\/?p=13874","title":{"rendered":"Congreso de Veracruz: Balance e improductivos diputados"},"content":{"rendered":"<p><a href=\"http:\/\/www.lospoliticosveracruz.com.mx\/wp-content\/uploads\/2014\/12\/congreso.png\"><img loading=\"lazy\" decoding=\"async\" class=\"alignnone size-medium wp-image-13876\" src=\"http:\/\/www.lospoliticosveracruz.com.mx\/wp-content\/uploads\/2014\/12\/congreso-300x156.png\" alt=\"congreso\" width=\"300\" height=\"156\" \/><\/a><\/p>\n<p><strong>Claudia Guerrero Mart\u00ednez<\/strong><\/p>\n<p><em>Entre lo ut\u00f3pico y lo verdadero<\/em><\/p>\n<p>&nbsp;<\/p>\n<p>Los primeros d\u00edas de mes de noviembre, los diputados locales de la LXIII Legislatura en el Congreso de Veracruz, cumplieron un a\u00f1o de gesti\u00f3n legislativa y ya se visualizan productivos diputados y tambi\u00e9n, se observan los que s\u00f3lo calientan la curul y son los primeros en cobrar sus cheques de salario\u2026 Para conocer la productividad de nuestros diputados locales, pueden consultar la p\u00e1gina oficial del Congreso de Veracruz, en el apartado y con la liga: http:\/\/www.legisver.gob.mx\/numeralia\/numeraliaLXIII\/iniciativas\/Iniciativas2014121.pdf En ella, ustedes inteligentes lectores, pueden observar cu\u00e1ntas Iniciativas han sido aprobadas o no dictaminadas presentadas por nuestros flamantes diputados locales\u2026<\/p>\n<p>1. Dip. Juan Ren\u00e9 Chiunti Hern\u00e1ndez (Partido Nueva Alianza) con 2 Iniciativas: Con los no. 007 y 314 (Dictaminadas)<br \/>\n2. Dip. Marco Antonio del \u00c1ngel Arroyo (PRI) con 6 Iniciativas: No. 008, 243, 274, 289, 308 y 362 (No dictaminadas)<br \/>\n3. Dip. Edgar Hugo Fern\u00e1ndez Bernal (PAN) con 3 Iniciativas: Con los no. 009, 254 y 297 (No dictaminadas)<br \/>\n4. Dip. M\u00f3nica Robles Barajas (PVEM) con 6 Iniciativas: La no. 010, 260 y 282 (Dictaminadas) y la 315, 333 y 371 (No dictaminadas)<br \/>\n5. Dip. Ana Cristina Ledezma L\u00f3pez (PAN) con 3 Iniciativas: Con los no. 011, 012 y 251(Las tres no dictaminadas)<br \/>\n6. Dip. Jes\u00fas Alberto Vel\u00e1zquez Flores (PRD) con 4 Iniciativas: La no. 014, 331 y 343 (No dictaminadas) y la 271 y 340 (Dictaminadas)<br \/>\n7. Dip. Cuauht\u00e9moc Pola Estrada (MC) con 8 Iniciativas: La no. 015, 247, 268, 290, 332, 339, 363 y 369 (No dictaminadas)<br \/>\n8. Dip. Fidel Robles Guadarrama (PT) con 2 Iniciativas: Las no. 016 y 256 (No dictaminadas)<br \/>\n9. Dip. Ra\u00fal Zarrabal Ferat (PRI) con 2 Iniciativas: Con el no. 18 y 280 (Dictaminadas)<br \/>\n10. Dip. David Velasco Chedraui (PRI) con 3 Iniciativas: Con el no. 19, 279 y 316 (Dictaminadas)<br \/>\n11. Dip. Jorge Vera Hern\u00e1ndez (PRI) con 5 Iniciativas: Con el no. 020, 296, 312 y 375 (No dictaminadas) y la 255 (Dictaminada)<br \/>\n12. Dip. Jacqueline o Jaquel\u00edn Garc\u00eda Hern\u00e1ndez (Antes del PRI y luego PANAL) con 5 Iniciativas: Con los n\u00fameros 234 y 236 (Dictaminadas) y la 278, 319 y 337(No dictaminadas)<br \/>\n13. Dip. Heber Alan Carballo Salazar (PRI) con1 Iniciativa: Con el no. 235 (Dictaminada)<br \/>\n14. Dip. Adolfo Jes\u00fas Ram\u00edrez Arana (PRI) con 3 Iniciativas: La no. 237, 306 y 348 (No dictaminadas)<br \/>\n15. Dip. Jos\u00e9 Ram\u00f3n Guti\u00e9rrez de Velasco Hoyos (PRI) con 1 Iniciativa: Con el no. 238 (Dictaminada)<br \/>\n16. Dip. Ciro Gonzalo F\u00e9lix Porras (PRI) con 8 Iniciativas: Con el no. 239, 244 y 275 (dictaminadas) y otras, la 242, 285, 309, 318 y 370 (No dictaminadas)<br \/>\n17. Dip. Gladys Merl\u00edn Castro (PRI) con 2 Iniciativas: Con los n\u00famero 240 (No dictaminada) y la 245 (Dictaminada)<br \/>\n18.- Dip. Carlos Ernesto Hern\u00e1ndez Hern\u00e1ndez (PRI) con 2 Iniciativas: Con el no. 241 y 329 (No dictaminadas)<br \/>\n19. Dip. Gustavo Gudi\u00f1o Corro (PRI) con 1 Iniciativa: Con el no. 246 (No dictaminada)<br \/>\n20. Dip. Joaqu\u00edn Rosendo Guzm\u00e1n (PAN) con 2 Iniciativas: Con el no.249 (No dictaminada) y la 252 (Dictaminada)<br \/>\n21. Dip. Julen Rementer\u00eda del Puerto (PAN) con 1 Iniciativa: Con el no. 250 (Dictaminada)<br \/>\n22. Dip. Domingo Bahena Corbal\u00e1 (PAN) con 1 Iniciativa: Con el no. 253 (No dictaminada)<br \/>\n23. Dip. Juan Alfredo G\u00e1ndara Andrade (PRI) con 1 Iniciativa: Con el no. 257 (Dictaminada)<br \/>\n24. Dip. Francisco Garrido S\u00e1nchez (AVE) con 1 Iniciativa: Con el no. 258 (No dictaminada)<br \/>\n25. Dip. Ana Guadalupe Ingram Vallines (PRI) con 2 Iniciativas: Con el no. 267 y 347(Dictaminadas)<br \/>\n26. Dip. Juan Nicol\u00e1s Callejas Arroyo (PRI) con 1 Iniciativa: Con el no. 270 (Dictaminada)<br \/>\n27. Dip. Octavio P\u00e9rez Garay (PRI) con 2 Iniciativas: Con el no. 273 y 349 (Dictaminadas)<br \/>\n28. Dip. Juan Eduardo Robles Castellanos (PVEM) con 3 Iniciativas: Con el no. 277, 310 y 341 (No dictaminadas)<br \/>\n29. Dip. Jes\u00fas V\u00e1zquez Gonz\u00e1lez (PVEM) con 2 Iniciativas: Con el no. 294 y 350 (No dictaminadas)<br \/>\n30. Dip. Alejandro Zairick Morante (PAN) con 1 Iniciativa: Con el no. 298 (Dictaminada)<br \/>\n31. Dip. Tonatiuh Pola Estrada (PRI) con 1 Iniciativa: Con el no. 299 (No dictaminada)<br \/>\n32. Dip. Minerva Salcedo Baca (PRI) con 1 Iniciativa: Con el no. 300 (Dictaminada)<br \/>\n33. Dip. Ricardo Ahued Bardahuil (PRI) con 2 Iniciativas: Con el no. 301 y 317 (No dictaminadas)<br \/>\n34. Dip. Antonino Baxzi Mata (PRI) con 1 Iniciativa: Con el no. 326 (No dictaminada)<br \/>\n35. Dip. Juan Manuel Vel\u00e1zquez Yunes (PRI) con 1 Iniciativa: Con el no. de 327 (No dictaminada)<br \/>\n36. Dip. Leandro Rafael Garc\u00eda Bringas (PRI) con 1 Iniciativa: Con el no. de 330 (No dictaminada)<br \/>\n37. Dip. Eduardo S\u00e1nchez Mac\u00edas (Partido Nueva Alianza) con 1 Iniciativa: La no. 001 (Dictaminada)<\/p>\n<p>Y los restantes 13 diputados, \u00bfqu\u00e9 han aportado a \u00e9sta Legislatura Local?&#8230;Si bien las y los arriba descritos presentaron Iniciativas de manera individual, otras han sido grupales, compuestas por legisladores de distintos partidos, as\u00ed como tambi\u00e9n, por todo el Grupo Parlamentario, como es el PAN y PRD\u2026 Y es curioso, en el caso de los diputados panistas, quienes proponen Iniciativas en temas electorales, sanciones y castigos, hasta la creaci\u00f3n de fiscal\u00edas para delitos de estos\u2026 Al final de la sesi\u00f3n, este es retirado de la orden del d\u00eda, como curiosamente ocurri\u00f3 el pasado 27 de noviembre, sin una explicaci\u00f3n l\u00f3gica\u2026<\/p>\n<p>Muchos diputados han presentado una sola Iniciativa, la misma est\u00e1 en estudio o en una congeladora legislativa\u2026 Mientras, no se ve su desempe\u00f1o en el Congreso Local, no asisten a los eventos en el Palacio Legislativo y peor, en las actuales comparecencias, ni por accidente acuden a ellas\u2026 Entonces, para qu\u00e9 los queremos como diputados, cobrando m\u00e1s de 120 mil pesos al mes, m\u00e1s prestaciones, bonos, vi\u00e1ticos y dem\u00e1s gastos, que afectan al buen desempe\u00f1o en la administraci\u00f3n del Poder Legislativo\u2026<\/p>\n<p>En intervenciones, del 5 de noviembre de 2013 al 4 de noviembre de 2014, con la liga: http:\/\/www.legisver.gob.mx\/numeralia\/sumarioLXIII\/participacionesTribuna\/PRIMERO%20AnO%202%20RECESO.pdf aqu\u00ed se dar\u00e1n cuenta, inteligentes lectoras y lectores, qui\u00e9nes son m\u00e1s productivos y otros, lamentablemente, son una pieza decorativa, pero eso s\u00ed, saben muy bien cobrar su salario cada mes: Aguilera Landeta Marcela, PRI, 5 intervenciones; Ahued Bardahuil Ricardo, PRI, 6 intervenciones; Arango Gibb Gabriela, PRI, 1 intervenci\u00f3n; Bahena Corbal\u00e1 Domingo, PAN, 10 intervenciones; Baxzi Mata Antonino, PRI, 3 intervenciones; Callejas Arroyo Juan Nicol\u00e1s, PRI, 2 intervenciones; Carballo Salazar Heber Alan, PRI, 2 intervenciones; Chiunti Hern\u00e1ndez Juan Ren\u00e9, PANAL, 8 intervenciones; Condado Escamilla Ana Mar\u00eda, PRD, 1 intervenci\u00f3n; Cruz Elvira Juan, PVEM, 2 intervenciones; Del \u00c1ngel Arroyo Marco Antonio, PRI, 7 intervenciones; D\u00edaz Fuentes Edgar, PRI, ninguna intervenci\u00f3n; F\u00e9lix Porras Ciro Gonzalo, PRI, 13 intervenciones; Fern\u00e1ndez Bernal Edgar Hugo, PAN, 14 intervenciones; Fuentes Urrutia Carlos Gabriel, PAN, 2 intervenciones; G\u00e1ndara Andrade Alfredo, PRI, 2 intervenciones; Garc\u00eda Bringas Leandro Rafael, PRI, 3 intervenciones; Garc\u00eda Hern\u00e1ndez Jacqueline, PRI, 9 intervenciones; Garrido S\u00e1nchez Francisco, AVE, 11 intervenciones; Grajales Jim\u00e9nez Alfredo Valente, PAN, 2 intervenciones; Gudi\u00f1o Corro Gustavo, PRI, 2 intervenciones; Guti\u00e9rrez de Velasco Hoyos Jos\u00e9 Ram\u00f3n, PRI, 6 intervenciones; Guzm\u00e1n Avil\u00e9s Joaqu\u00edn Rosendo, PAN, 12 intervenciones; Hern\u00e1ndez Hern\u00e1ndez Carlos Ernesto, PRI, 2 intervenciones; Ingram Vallines Ana Guadalupe, PRI, 8 intervenciones; Jim\u00e9nez Rodr\u00edguez V\u00edctor Rom\u00e1n, PAN, 3 intervenciones; Ledezma L\u00f3pez Ana Cristina, PAN, 19 intervenciones; Merl\u00edn Castro Gladys, PRI, 10 intervenciones; Ortega Arteaga Octavia, PRI, 6 intervenciones; P\u00e9rez Garay Octavio, PRI, 3 intervenciones; Pola Estrada Cuauht\u00e9moc, MC, 29 intervenciones; Pola Estrada Tonatiuh, PRI, 2 intervenciones; Pont\u00f3n Villa Mar\u00eda del Carmen, PAN, 7 intervenciones; Ram\u00edrez Arana Adolfo de Jes\u00fas, PRI, 18 intervenciones; Rementer\u00eda del Puerto Julen, PAN, 54 intervenciones; Robles Barajas M\u00f3nica, PVEM, 7 intervenciones; Robles Castellanos Juan Eduardo, PVEM, 8 intervenciones; Robles Guadarrama Fidel, PT, 65 intervenciones; Salcedo Baca Minerva, PRI, 6 intervenciones; S\u00e1nchez Mac\u00edas Eduardo, PANAL, 6 intervenciones; Sedas Castro Miguel, PANAL, ninguna intervenci\u00f3n; Tovar Lorenzo Mariela, PRI, 5 intervenciones; Tronco G\u00f3mez Renato, PVEM, 2 intervenciones; Valencia Morales Ignacio, PRI, 1 intervenci\u00f3n; V\u00e1zquez Gonz\u00e1lez Jos\u00e9 Jes\u00fas, PVEM, 8 intervenciones; Velasco Chedraui David, PRI, 5 intervenciones; Vel\u00e1squez Flores Jes\u00fas Alberto, PRD, 18 intervenciones; Vel\u00e1zquez Yunes Juan Manuel, PRI, 3 intervenciones; Vera Hern\u00e1ndez Jorge, PAN, 20 intervenciones; Zairick Morante Alejandro, PAN, 3 intervenciones; Zarrabal Ferrat Ra\u00fal, PRI, 3 intervenciones\u2026 Total 444 intervenciones en tribuna\u2026<\/p>\n<p>Como vemos, existen muchos legisladores improductivos en el Congreso de Veracruz, como son el caso de Gabriela Arango Gibb, del PRI, sin Iniciativas y escasa intervenci\u00f3n en tribuna, al igual que Carlos Gabriel Fuentes Urrutia, del PAN, es un ejemplo emblem\u00e1tico de improductividad legislativa, sin Iniciativas, s\u00f3lo en Grupo Parlamentario y escasa intervenci\u00f3n en tribuna\u2026 Dos m\u00e1s son Miguel Sedas Castro, del PANAL y Edgar D\u00edaz Fuentes del PRI, sin ninguna intervenci\u00f3n e Iniciativa, en pocas palabras, los m\u00e1s grises de la LXIII Legislatura\u2026Otro, muy medi\u00e1tico, pero improductivo es Tonatiuh Pola Estrada, quien presume del trabajo legislativo y este ha sido escaso, al igual en sus intervenciones en tribuna, pero eso s\u00ed, \u00e9l dice que gracias a su gesti\u00f3n parlamentaria, puede colarse como el \u201cdedo chiquito\u201d de Juan Nicol\u00e1s Callejas Arroyo\u2026<\/p>\n<p>Y para cerrar con broche de oro, si bien hay diputados improductivos en las curules, tambi\u00e9n existen en el administrativo del Congreso de Veracruz\u2026 En el Sindicato del Palacio Legislativo, sus l\u00edderes se despachan como virreyes, como es el caso del l\u00edder Jos\u00e9 de Jes\u00fas Rodr\u00edguez Hern\u00e1ndez, quien cobra como l\u00edder sindical, un sueldo en cerca de 150 mil pesos y adem\u00e1s, durante la gesti\u00f3n del exdiputado y hoy Secretario de SEDESOL Jorge Carvallo Delf\u00edn, este actual servidor p\u00fablico le compr\u00f3 a Rodr\u00edguez Hern\u00e1ndez, una residencia en el Fraccionamiento Monte Magno, con recursos del propio Congreso Local\u2026<\/p>\n<p>Y si a\u00fan no se repone de la indignaci\u00f3n de \u00e9sta informaci\u00f3n, que extra\u00f1amente fue publicada en varios medios oficialistas estatales, lo que no han comentado, son los sueldos de las aliadas y cercanas a Jos\u00e9 de Jes\u00fas Rodr\u00edguez Hern\u00e1ndez y que pertenecen al mismo Sindicato del Congreso de Veracruz, ellas son: Reyna Roa Romero, quien percibe un sueldo de 123, 900 pesos y Silvia Dom\u00ednguez Rodr\u00edguez, con un sueldo de cerca de 150 mil pesos mensuales\u2026 Cabe recordar, que estas tarifas fueron dispuestas desde anteriores Legislaturas y ya es una costumbre de los l\u00edderes sindicales, sacar provecho en cada a\u00f1o para la renovaci\u00f3n del contrato colectivo\u2026Y adem\u00e1s, sacar un plus para el l\u00edder sindical\u2026<\/p>\n<p>Como vemos, un a\u00f1o de gesti\u00f3n como diputados locales y muchos dejan mucho qu\u00e9 desear en su desempe\u00f1o legislativo\u2026 Por eso, como ciudadanos debemos exigir a nuestros diputados m\u00e1s trabajo en el Congreso de Veracruz y menos protagonismo en los distritos, pues aseguran ser cercanos a la gente, pero a la hora de hacer un balance en su desempe\u00f1o, provoca desilusi\u00f3n por su escasa intervenci\u00f3n e Iniciativas\u2026 Y el colmo que algunos aspiran a ser candidatos a diputados federales, para seguir en la ubre legislativa\u2026<\/p>\n<p>Notita importante: Tenemos una cita, inteligentes lectoras y lectores, en las transmisiones de Arena Pol\u00edtica, todos los jueves, en punto de las 19:00 horas, en www.periodicoveraz.com y www.agendamx.org&#8230; Y no olvidemos el mejor programa period\u00edstico C\u00edrculo Rojo del Periodismo Veracruzano, todos los viernes, a las 19:00, transmitidos por www.periodicoveraz.com\u2026 No se los pierdan, pues tendremos muchos comentarios, an\u00e1lisis y entrevista. Los esperamos\u2026<\/p>\n","protected":false},"excerpt":{"rendered":"<p>Claudia Guerrero Mart\u00ednez Entre lo ut\u00f3pico y lo verdadero &nbsp; Los primeros d\u00edas de mes de noviembre, los diputados locales de la LXIII Legislatura en el Congreso de Veracruz, cumplieron un a\u00f1o de gesti\u00f3n legislativa y ya se visualizan productivos diputados y tambi\u00e9n, se observan los que s\u00f3lo calientan la curul y son los primeros [&hellip;]<\/p>\n","protected":false},"author":2,"featured_media":0,"comment_status":"open","ping_status":"open","sticky":false,"template":"","format":"standard","meta":{"tdm_status":"","tdm_grid_status":"","footnotes":""},"categories":[70],"tags":[393,84,1093,1094],"class_list":{"0":"post-13874","1":"post","2":"type-post","3":"status-publish","4":"format-standard","6":"category-de-opinion","7":"tag-congreso-de-veracruz","8":"tag-diputados","9":"tag-iniciativas","10":"tag-productividad"},"yoast_head":"<!-- This site is optimized with the Yoast SEO plugin v27.4 - https:\/\/yoast.com\/product\/yoast-seo-wordpress\/ -->\n<title>Congreso de Veracruz: Balance e improductivos diputados - Los pol\u00edticos Veracruz<\/title>\n<meta name=\"robots\" content=\"index, follow, max-snippet:-1, max-image-preview:large, max-video-preview:-1\" \/>\n<link rel=\"canonical\" href=\"https:\/\/lospoliticosveracruz.com\/?p=13874\" \/>\n<meta property=\"og:locale\" content=\"es_ES\" \/>\n<meta property=\"og:type\" content=\"article\" \/>\n<meta property=\"og:title\" content=\"Congreso de Veracruz: Balance e improductivos diputados - Los pol\u00edticos Veracruz\" \/>\n<meta property=\"og:description\" content=\"Claudia Guerrero Mart\u00ednez Entre lo ut\u00f3pico y lo verdadero &nbsp; Los primeros d\u00edas de mes de noviembre, los diputados locales de la LXIII Legislatura en el Congreso de Veracruz, cumplieron un a\u00f1o de gesti\u00f3n legislativa y ya se visualizan productivos diputados y tambi\u00e9n, se observan los que s\u00f3lo calientan la curul y son los primeros [&hellip;]\" \/>\n<meta property=\"og:url\" content=\"https:\/\/lospoliticosveracruz.com\/?p=13874\" \/>\n<meta property=\"og:site_name\" content=\"Los pol\u00edticos Veracruz\" \/>\n<meta property=\"article:publisher\" content=\"https:\/\/www.facebook.com\/people\/Notimemes-de-los-Polticos\/61565672886568\/\" \/>\n<meta property=\"article:published_time\" content=\"2014-12-03T19:23:56+00:00\" \/>\n<meta property=\"og:image\" content=\"http:\/\/www.lospoliticosveracruz.com.mx\/wp-content\/uploads\/2014\/12\/congreso-300x156.png\" \/>\n<meta name=\"author\" content=\"Lo viste en Los Pol\u00edticos\" \/>\n<meta name=\"twitter:card\" content=\"summary_large_image\" \/>\n<meta name=\"twitter:creator\" content=\"@LosPoliticosVer\" \/>\n<meta name=\"twitter:site\" content=\"@LosPoliticosVer\" \/>\n<meta name=\"twitter:label1\" content=\"Escrito por\" \/>\n\t<meta name=\"twitter:data1\" content=\"Lo viste en Los Pol\u00edticos\" \/>\n\t<meta name=\"twitter:label2\" content=\"Tiempo de lectura\" \/>\n\t<meta name=\"twitter:data2\" content=\"9 minutos\" \/>\n<script type=\"application\/ld+json\" class=\"yoast-schema-graph\">{\"@context\":\"https:\\\/\\\/schema.org\",\"@graph\":[{\"@type\":\"Article\",\"@id\":\"https:\\\/\\\/lospoliticosveracruz.com\\\/?p=13874#article\",\"isPartOf\":{\"@id\":\"https:\\\/\\\/lospoliticosveracruz.com\\\/?p=13874\"},\"author\":{\"name\":\"Lo viste en Los Pol\u00edticos\",\"@id\":\"https:\\\/\\\/lospoliticosveracruz.com\\\/#\\\/schema\\\/person\\\/b8702bb0e538456e6efd07080bf2a4a2\"},\"headline\":\"Congreso de Veracruz: Balance e improductivos diputados\",\"datePublished\":\"2014-12-03T19:23:56+00:00\",\"mainEntityOfPage\":{\"@id\":\"https:\\\/\\\/lospoliticosveracruz.com\\\/?p=13874\"},\"wordCount\":1805,\"commentCount\":0,\"publisher\":{\"@id\":\"https:\\\/\\\/lospoliticosveracruz.com\\\/#organization\"},\"image\":{\"@id\":\"https:\\\/\\\/lospoliticosveracruz.com\\\/?p=13874#primaryimage\"},\"thumbnailUrl\":\"http:\\\/\\\/www.lospoliticosveracruz.com.mx\\\/wp-content\\\/uploads\\\/2014\\\/12\\\/congreso-300x156.png\",\"keywords\":[\"Congreso de Veracruz\",\"Diputados\",\"iniciativas\",\"productividad\"],\"articleSection\":[\"De Opini\u00f3n\"],\"inLanguage\":\"es\",\"potentialAction\":[{\"@type\":\"CommentAction\",\"name\":\"Comment\",\"target\":[\"https:\\\/\\\/lospoliticosveracruz.com\\\/?p=13874#respond\"]}]},{\"@type\":\"WebPage\",\"@id\":\"https:\\\/\\\/lospoliticosveracruz.com\\\/?p=13874\",\"url\":\"https:\\\/\\\/lospoliticosveracruz.com\\\/?p=13874\",\"name\":\"Congreso de Veracruz: Balance e improductivos diputados - Los pol\u00edticos Veracruz\",\"isPartOf\":{\"@id\":\"https:\\\/\\\/lospoliticosveracruz.com\\\/#website\"},\"primaryImageOfPage\":{\"@id\":\"https:\\\/\\\/lospoliticosveracruz.com\\\/?p=13874#primaryimage\"},\"image\":{\"@id\":\"https:\\\/\\\/lospoliticosveracruz.com\\\/?p=13874#primaryimage\"},\"thumbnailUrl\":\"http:\\\/\\\/www.lospoliticosveracruz.com.mx\\\/wp-content\\\/uploads\\\/2014\\\/12\\\/congreso-300x156.png\",\"datePublished\":\"2014-12-03T19:23:56+00:00\",\"breadcrumb\":{\"@id\":\"https:\\\/\\\/lospoliticosveracruz.com\\\/?p=13874#breadcrumb\"},\"inLanguage\":\"es\",\"potentialAction\":[{\"@type\":\"ReadAction\",\"target\":[\"https:\\\/\\\/lospoliticosveracruz.com\\\/?p=13874\"]}]},{\"@type\":\"ImageObject\",\"inLanguage\":\"es\",\"@id\":\"https:\\\/\\\/lospoliticosveracruz.com\\\/?p=13874#primaryimage\",\"url\":\"http:\\\/\\\/www.lospoliticosveracruz.com.mx\\\/wp-content\\\/uploads\\\/2014\\\/12\\\/congreso-300x156.png\",\"contentUrl\":\"http:\\\/\\\/www.lospoliticosveracruz.com.mx\\\/wp-content\\\/uploads\\\/2014\\\/12\\\/congreso-300x156.png\"},{\"@type\":\"BreadcrumbList\",\"@id\":\"https:\\\/\\\/lospoliticosveracruz.com\\\/?p=13874#breadcrumb\",\"itemListElement\":[{\"@type\":\"ListItem\",\"position\":1,\"name\":\"Portada\",\"item\":\"https:\\\/\\\/lospoliticosveracruz.com\\\/\"},{\"@type\":\"ListItem\",\"position\":2,\"name\":\"Congreso de Veracruz: Balance e improductivos diputados\"}]},{\"@type\":\"WebSite\",\"@id\":\"https:\\\/\\\/lospoliticosveracruz.com\\\/#website\",\"url\":\"https:\\\/\\\/lospoliticosveracruz.com\\\/\",\"name\":\"Los pol\u00edticos Veracruz\",\"description\":\"\",\"publisher\":{\"@id\":\"https:\\\/\\\/lospoliticosveracruz.com\\\/#organization\"},\"potentialAction\":[{\"@type\":\"SearchAction\",\"target\":{\"@type\":\"EntryPoint\",\"urlTemplate\":\"https:\\\/\\\/lospoliticosveracruz.com\\\/?s={search_term_string}\"},\"query-input\":{\"@type\":\"PropertyValueSpecification\",\"valueRequired\":true,\"valueName\":\"search_term_string\"}}],\"inLanguage\":\"es\"},{\"@type\":\"Organization\",\"@id\":\"https:\\\/\\\/lospoliticosveracruz.com\\\/#organization\",\"name\":\"Los pol\u00edticos Veracruz\",\"url\":\"https:\\\/\\\/lospoliticosveracruz.com\\\/\",\"logo\":{\"@type\":\"ImageObject\",\"inLanguage\":\"es\",\"@id\":\"https:\\\/\\\/lospoliticosveracruz.com\\\/#\\\/schema\\\/logo\\\/image\\\/\",\"url\":\"https:\\\/\\\/lospoliticosveracruz.com\\\/wp-content\\\/uploads\\\/2025\\\/12\\\/Logo-Nuevo-LOS-POLITICOS-1.jpg\",\"contentUrl\":\"https:\\\/\\\/lospoliticosveracruz.com\\\/wp-content\\\/uploads\\\/2025\\\/12\\\/Logo-Nuevo-LOS-POLITICOS-1.jpg\",\"width\":260,\"height\":70,\"caption\":\"Los pol\u00edticos Veracruz\"},\"image\":{\"@id\":\"https:\\\/\\\/lospoliticosveracruz.com\\\/#\\\/schema\\\/logo\\\/image\\\/\"},\"sameAs\":[\"https:\\\/\\\/www.facebook.com\\\/people\\\/Notimemes-de-los-Polticos\\\/61565672886568\\\/\",\"https:\\\/\\\/x.com\\\/LosPoliticosVer\"]},{\"@type\":\"Person\",\"@id\":\"https:\\\/\\\/lospoliticosveracruz.com\\\/#\\\/schema\\\/person\\\/b8702bb0e538456e6efd07080bf2a4a2\",\"name\":\"Lo viste en Los Pol\u00edticos\",\"image\":{\"@type\":\"ImageObject\",\"inLanguage\":\"es\",\"@id\":\"https:\\\/\\\/secure.gravatar.com\\\/avatar\\\/3a8de04a2656d44082be478bd6c086daa447c4651605818287b9532d3d0bd435?s=96&d=mm&r=g\",\"url\":\"https:\\\/\\\/secure.gravatar.com\\\/avatar\\\/3a8de04a2656d44082be478bd6c086daa447c4651605818287b9532d3d0bd435?s=96&d=mm&r=g\",\"contentUrl\":\"https:\\\/\\\/secure.gravatar.com\\\/avatar\\\/3a8de04a2656d44082be478bd6c086daa447c4651605818287b9532d3d0bd435?s=96&d=mm&r=g\",\"caption\":\"Lo viste en Los Pol\u00edticos\"},\"url\":\"https:\\\/\\\/lospoliticosveracruz.com\\\/?author=2\"}]}<\/script>\n<!-- \/ Yoast SEO plugin. -->","yoast_head_json":{"title":"Congreso de Veracruz: Balance e improductivos diputados - Los pol\u00edticos Veracruz","robots":{"index":"index","follow":"follow","max-snippet":"max-snippet:-1","max-image-preview":"max-image-preview:large","max-video-preview":"max-video-preview:-1"},"canonical":"https:\/\/lospoliticosveracruz.com\/?p=13874","og_locale":"es_ES","og_type":"article","og_title":"Congreso de Veracruz: Balance e improductivos diputados - Los pol\u00edticos Veracruz","og_description":"Claudia Guerrero Mart\u00ednez Entre lo ut\u00f3pico y lo verdadero &nbsp; Los primeros d\u00edas de mes de noviembre, los diputados locales de la LXIII Legislatura en el Congreso de Veracruz, cumplieron un a\u00f1o de gesti\u00f3n legislativa y ya se visualizan productivos diputados y tambi\u00e9n, se observan los que s\u00f3lo calientan la curul y son los primeros [&hellip;]","og_url":"https:\/\/lospoliticosveracruz.com\/?p=13874","og_site_name":"Los pol\u00edticos Veracruz","article_publisher":"https:\/\/www.facebook.com\/people\/Notimemes-de-los-Polticos\/61565672886568\/","article_published_time":"2014-12-03T19:23:56+00:00","og_image":[{"url":"http:\/\/www.lospoliticosveracruz.com.mx\/wp-content\/uploads\/2014\/12\/congreso-300x156.png","type":"","width":"","height":""}],"author":"Lo viste en Los Pol\u00edticos","twitter_card":"summary_large_image","twitter_creator":"@LosPoliticosVer","twitter_site":"@LosPoliticosVer","twitter_misc":{"Escrito por":"Lo viste en Los Pol\u00edticos","Tiempo de lectura":"9 minutos"},"schema":{"@context":"https:\/\/schema.org","@graph":[{"@type":"Article","@id":"https:\/\/lospoliticosveracruz.com\/?p=13874#article","isPartOf":{"@id":"https:\/\/lospoliticosveracruz.com\/?p=13874"},"author":{"name":"Lo viste en Los Pol\u00edticos","@id":"https:\/\/lospoliticosveracruz.com\/#\/schema\/person\/b8702bb0e538456e6efd07080bf2a4a2"},"headline":"Congreso de Veracruz: Balance e improductivos diputados","datePublished":"2014-12-03T19:23:56+00:00","mainEntityOfPage":{"@id":"https:\/\/lospoliticosveracruz.com\/?p=13874"},"wordCount":1805,"commentCount":0,"publisher":{"@id":"https:\/\/lospoliticosveracruz.com\/#organization"},"image":{"@id":"https:\/\/lospoliticosveracruz.com\/?p=13874#primaryimage"},"thumbnailUrl":"http:\/\/www.lospoliticosveracruz.com.mx\/wp-content\/uploads\/2014\/12\/congreso-300x156.png","keywords":["Congreso de Veracruz","Diputados","iniciativas","productividad"],"articleSection":["De Opini\u00f3n"],"inLanguage":"es","potentialAction":[{"@type":"CommentAction","name":"Comment","target":["https:\/\/lospoliticosveracruz.com\/?p=13874#respond"]}]},{"@type":"WebPage","@id":"https:\/\/lospoliticosveracruz.com\/?p=13874","url":"https:\/\/lospoliticosveracruz.com\/?p=13874","name":"Congreso de Veracruz: Balance e improductivos diputados - Los pol\u00edticos Veracruz","isPartOf":{"@id":"https:\/\/lospoliticosveracruz.com\/#website"},"primaryImageOfPage":{"@id":"https:\/\/lospoliticosveracruz.com\/?p=13874#primaryimage"},"image":{"@id":"https:\/\/lospoliticosveracruz.com\/?p=13874#primaryimage"},"thumbnailUrl":"http:\/\/www.lospoliticosveracruz.com.mx\/wp-content\/uploads\/2014\/12\/congreso-300x156.png","datePublished":"2014-12-03T19:23:56+00:00","breadcrumb":{"@id":"https:\/\/lospoliticosveracruz.com\/?p=13874#breadcrumb"},"inLanguage":"es","potentialAction":[{"@type":"ReadAction","target":["https:\/\/lospoliticosveracruz.com\/?p=13874"]}]},{"@type":"ImageObject","inLanguage":"es","@id":"https:\/\/lospoliticosveracruz.com\/?p=13874#primaryimage","url":"http:\/\/www.lospoliticosveracruz.com.mx\/wp-content\/uploads\/2014\/12\/congreso-300x156.png","contentUrl":"http:\/\/www.lospoliticosveracruz.com.mx\/wp-content\/uploads\/2014\/12\/congreso-300x156.png"},{"@type":"BreadcrumbList","@id":"https:\/\/lospoliticosveracruz.com\/?p=13874#breadcrumb","itemListElement":[{"@type":"ListItem","position":1,"name":"Portada","item":"https:\/\/lospoliticosveracruz.com\/"},{"@type":"ListItem","position":2,"name":"Congreso de Veracruz: Balance e improductivos diputados"}]},{"@type":"WebSite","@id":"https:\/\/lospoliticosveracruz.com\/#website","url":"https:\/\/lospoliticosveracruz.com\/","name":"Los pol\u00edticos Veracruz","description":"","publisher":{"@id":"https:\/\/lospoliticosveracruz.com\/#organization"},"potentialAction":[{"@type":"SearchAction","target":{"@type":"EntryPoint","urlTemplate":"https:\/\/lospoliticosveracruz.com\/?s={search_term_string}"},"query-input":{"@type":"PropertyValueSpecification","valueRequired":true,"valueName":"search_term_string"}}],"inLanguage":"es"},{"@type":"Organization","@id":"https:\/\/lospoliticosveracruz.com\/#organization","name":"Los pol\u00edticos Veracruz","url":"https:\/\/lospoliticosveracruz.com\/","logo":{"@type":"ImageObject","inLanguage":"es","@id":"https:\/\/lospoliticosveracruz.com\/#\/schema\/logo\/image\/","url":"https:\/\/lospoliticosveracruz.com\/wp-content\/uploads\/2025\/12\/Logo-Nuevo-LOS-POLITICOS-1.jpg","contentUrl":"https:\/\/lospoliticosveracruz.com\/wp-content\/uploads\/2025\/12\/Logo-Nuevo-LOS-POLITICOS-1.jpg","width":260,"height":70,"caption":"Los pol\u00edticos Veracruz"},"image":{"@id":"https:\/\/lospoliticosveracruz.com\/#\/schema\/logo\/image\/"},"sameAs":["https:\/\/www.facebook.com\/people\/Notimemes-de-los-Polticos\/61565672886568\/","https:\/\/x.com\/LosPoliticosVer"]},{"@type":"Person","@id":"https:\/\/lospoliticosveracruz.com\/#\/schema\/person\/b8702bb0e538456e6efd07080bf2a4a2","name":"Lo viste en Los Pol\u00edticos","image":{"@type":"ImageObject","inLanguage":"es","@id":"https:\/\/secure.gravatar.com\/avatar\/3a8de04a2656d44082be478bd6c086daa447c4651605818287b9532d3d0bd435?s=96&d=mm&r=g","url":"https:\/\/secure.gravatar.com\/avatar\/3a8de04a2656d44082be478bd6c086daa447c4651605818287b9532d3d0bd435?s=96&d=mm&r=g","contentUrl":"https:\/\/secure.gravatar.com\/avatar\/3a8de04a2656d44082be478bd6c086daa447c4651605818287b9532d3d0bd435?s=96&d=mm&r=g","caption":"Lo viste en Los Pol\u00edticos"},"url":"https:\/\/lospoliticosveracruz.com\/?author=2"}]}},"_links":{"self":[{"href":"https:\/\/lospoliticosveracruz.com\/index.php?rest_route=\/wp\/v2\/posts\/13874","targetHints":{"allow":["GET"]}}],"collection":[{"href":"https:\/\/lospoliticosveracruz.com\/index.php?rest_route=\/wp\/v2\/posts"}],"about":[{"href":"https:\/\/lospoliticosveracruz.com\/index.php?rest_route=\/wp\/v2\/types\/post"}],"author":[{"embeddable":true,"href":"https:\/\/lospoliticosveracruz.com\/index.php?rest_route=\/wp\/v2\/users\/2"}],"replies":[{"embeddable":true,"href":"https:\/\/lospoliticosveracruz.com\/index.php?rest_route=%2Fwp%2Fv2%2Fcomments&post=13874"}],"version-history":[{"count":2,"href":"https:\/\/lospoliticosveracruz.com\/index.php?rest_route=\/wp\/v2\/posts\/13874\/revisions"}],"predecessor-version":[{"id":13877,"href":"https:\/\/lospoliticosveracruz.com\/index.php?rest_route=\/wp\/v2\/posts\/13874\/revisions\/13877"}],"wp:attachment":[{"href":"https:\/\/lospoliticosveracruz.com\/index.php?rest_route=%2Fwp%2Fv2%2Fmedia&parent=13874"}],"wp:term":[{"taxonomy":"category","embeddable":true,"href":"https:\/\/lospoliticosveracruz.com\/index.php?rest_route=%2Fwp%2Fv2%2Fcategories&post=13874"},{"taxonomy":"post_tag","embeddable":true,"href":"https:\/\/lospoliticosveracruz.com\/index.php?rest_route=%2Fwp%2Fv2%2Ftags&post=13874"}],"curies":[{"name":"wp","href":"https:\/\/api.w.org\/{rel}","templated":true}]}}