{"id":138985,"date":"2025-03-03T21:43:18","date_gmt":"2025-03-04T03:43:18","guid":{"rendered":"https:\/\/lospoliticosveracruz.com.mx\/?p=138985"},"modified":"2025-03-03T21:46:38","modified_gmt":"2025-03-04T03:46:38","slug":"los-que-faltan","status":"publish","type":"post","link":"https:\/\/lospoliticosveracruz.com\/?p=138985","title":{"rendered":"LOS QUE FALTAN&#8230;"},"content":{"rendered":"\n<p>S\u00edguenos ahora tambi\u00e9n en WhatsApp.\u00a0<a href=\"https:\/\/whatsapp.com\/channel\/0029Va8zRWlEKyZIP3Z1dF0e\"><strong>Da clic aqu\u00ed<\/strong><\/a><\/p>\n\n\n\n<p><strong>Bernardo Guti\u00e9rrez Parra<br><\/strong><em>Desde el Caf\u00e9<\/em><\/p>\n\n\n\n<p>El jueves anterior, cuando trascendi\u00f3 que ser\u00edan extraditados a Estados Unidos varios pesos pesados de la delincuencia organizada, el abogado de uno de ellos dijo en el noticiero de Ciro G\u00f3mez Leyva que eso era \u201cimposible\u201d y explic\u00f3 por qu\u00e9.<\/p>\n\n\n\n<p>Pero horas despu\u00e9s el gobierno norteamericano (y no el mexicano que se tard\u00f3 en informar), confirm\u00f3 que 29 delincuentes entre los que se encontraban Rafael Caro Quintero, los hermanos Miguel \u00c1ngel y Oscar Trevi\u00f1o Morales (Z-40 y Z-42) y Alejandro Oceguera (Tony Montana) hab\u00edan sido extraditados a aquel pa\u00eds.<\/p>\n\n\n<div class=\"wp-block-image\">\n<figure class=\"alignleft size-thumbnail\"><a href=\"https:\/\/lospoliticosveracruz.com.mx\/wp-content\/uploads\/2025\/02\/Mastografia.jpeg\"><img loading=\"lazy\" decoding=\"async\" width=\"150\" height=\"150\" src=\"https:\/\/lospoliticosveracruz.com.mx\/wp-content\/uploads\/2025\/02\/Mastografia-150x150.jpeg\" alt=\"\" class=\"wp-image-138625\" srcset=\"https:\/\/lospoliticosveracruz.com\/wp-content\/uploads\/2025\/02\/Mastografia-150x150.jpeg 150w, https:\/\/lospoliticosveracruz.com\/wp-content\/uploads\/2025\/02\/Mastografia-125x125.jpeg 125w\" sizes=\"auto, (max-width: 150px) 100vw, 150px\" \/><\/a><\/figure>\n<\/div>\n\n\n<p>Como la palabra extradici\u00f3n levant\u00f3 \u00e1mpula y provoc\u00f3 comez\u00f3n, de inmediato la cambiaron por el verbo entregar. \u201cEl gobierno mexicano \u2018entreg\u00f3\u2019 al de Estados Unidos a 29 delincuentes que bla bla bla\u201d.<\/p>\n\n\n\n<p>Pero tecnicismos aparte, lo que hizo el gobierno de Claudia Sheinbaum fue obedecer una orden tajante. Y una versi\u00f3n dice que la cosa estuvo as\u00ed:<\/p>\n\n\n\n<p>Un enviado de Trump lleg\u00f3 a Palacio Nacional con una lista de 30 delincuentes, 29 de los cuales estaban detenidos en c\u00e1rceles mexicanas, y le habr\u00eda dicho a la mandataria mexicana: \u201cEl presidente los quiere en Estados Unidos a la brevedad posible\u201d.<\/p>\n\n\n\n<p>Lo dem\u00e1s ya te lo sabes, lector.<\/p>\n\n\n\n<p>Que si se violaron los tratados internacionales y los derechos humanos de estos sujetos; que si sus abogados agotar\u00e1n todas las instancias para regresarlos, esas son patadas de ahogado. Ya podr\u00e1n decir misa sus defensores que ninguno de los 29 regresar\u00e1 vivo a suelo mexicano. All\u00e1 morir\u00e1n de viejos o ser\u00e1n ejecutados.<\/p>\n\n\n\n<p>Sobre el delincuente n\u00famero 30 casi todo mundo coincide en que se trata de Nemesio \u201cEl Mencho\u201d Oceguera, l\u00edder del CJNG y \u00fanico que no estaba en prisi\u00f3n. Lo mismo que Los Chapitos y Los Mayitos que aunque no est\u00e9n en la lista, tambi\u00e9n son prioridad para el gobierno de aquel pa\u00eds.<\/p>\n\n\n\n<p>Pero hay m\u00e1s en el horizonte de Trump.<\/p>\n\n\n\n<p>En entrevista con la revista brit\u00e1nica \u201cThe Spectator\u201d, dijo que encomendar\u00e1 a la Fiscal General, Pam Bondi, abrir una investigaci\u00f3n a pol\u00edticos mexicanos para indagar sobre sus posibles nexos con el tr\u00e1fico de fentanilo y de personas. Pero eso no ser\u00e1 necesario.<\/p>\n\n\n\n<p>Desde la presidencia de Obama existe una lista de sujetos y sujetas que amparados en un puesto en el gabinete, en una diputaci\u00f3n, senadur\u00eda o gubernatura, tuvieron o tienen nexos con los malosos.<\/p>\n\n\n\n<p>Esa lista, que se ha ido engrosando con el tiempo, la tuvo el propio Trump y la guard\u00f3 en su escritorio. Tambi\u00e9n Joe Biden que no la quiso utilizar \u201cpara no afectar las relaciones con M\u00e9xico\u201d y ahora vuelve a estar en manos de Trump.<\/p>\n\n\n\n<p>\u00bfCu\u00e1ntos est\u00e1n en ella? Qui\u00e9n sabe, pero puedes aportar lector a que la mayor\u00eda de los gobernadores de Morena, principalmente los del llamado Corredor del Pac\u00edfico, que gracias a los delincuentes arrasaron en las elecciones del a\u00f1o anterior, est\u00e1n ah\u00ed y quien la encabeza es Rub\u00e9n Rocha Moya, el gobernador de Sinaloa.<\/p>\n\n\n\n<p>Puedes apostar tambi\u00e9n a que el gobierno de Trump no quedar\u00e1 contento con se\u00f1alar a esos tipos. Exigir\u00e1 que los lleven ante un juez de preferencia norteamericano.<\/p>\n\n\n\n<p>Hay quienes dicen que si esas investigaciones son derechas, tienen que pasar forzosamente por Palenque, por el rancho de un sujeto que nos dej\u00f3 un pa\u00eds m\u00e1s violento y como nunca ensangrentado. Un sujeto que volte\u00f3 para otro lado mientras los malosos inundaban Estados Unidos con fentanilo y que con su pol\u00edtica de abrazos les entreg\u00f3 casi dos tercios del territorio nacional.<\/p>\n\n\n\n<p>Un sujeto que en sus delirios de grandeza quiso estar a la altura de Ju\u00e1rez, Madero y C\u00e1rdenas, pero que pasar\u00e1 a la historia como protector, tapadera, alcahuete y beneficiario de los delincuentes a los que les debe, entre otras cosas, que su partido siga en el poder.<\/p>\n\n\n\n<p>bernardogup@hotmail.com<\/p>\n","protected":false},"excerpt":{"rendered":"<p>S\u00edguenos ahora tambi\u00e9n en WhatsApp.\u00a0Da clic aqu\u00ed Bernardo Guti\u00e9rrez ParraDesde el Caf\u00e9 El jueves anterior, cuando trascendi\u00f3 que ser\u00edan extraditados a Estados Unidos varios pesos pesados de la delincuencia organizada, el abogado de uno de ellos dijo en el noticiero de Ciro G\u00f3mez Leyva que eso era \u201cimposible\u201d y explic\u00f3 por qu\u00e9. Pero horas despu\u00e9s [&hellip;]<\/p>\n","protected":false},"author":2,"featured_media":119914,"comment_status":"closed","ping_status":"closed","sticky":false,"template":"","format":"standard","meta":{"tdm_status":"","tdm_grid_status":"","footnotes":""},"categories":[70],"tags":[],"class_list":{"0":"post-138985","1":"post","2":"type-post","3":"status-publish","4":"format-standard","5":"has-post-thumbnail","7":"category-de-opinion"},"yoast_head":"<!-- This site is optimized with the Yoast SEO plugin v27.4 - https:\/\/yoast.com\/product\/yoast-seo-wordpress\/ -->\n<title>LOS QUE FALTAN... - Los pol\u00edticos Veracruz<\/title>\n<meta name=\"robots\" content=\"index, follow, max-snippet:-1, max-image-preview:large, max-video-preview:-1\" \/>\n<link rel=\"canonical\" href=\"https:\/\/lospoliticosveracruz.com\/?p=138985\" \/>\n<meta property=\"og:locale\" content=\"es_ES\" \/>\n<meta property=\"og:type\" content=\"article\" \/>\n<meta property=\"og:title\" content=\"LOS QUE FALTAN... - Los pol\u00edticos Veracruz\" \/>\n<meta property=\"og:description\" content=\"S\u00edguenos ahora tambi\u00e9n en WhatsApp.\u00a0Da clic aqu\u00ed Bernardo Guti\u00e9rrez ParraDesde el Caf\u00e9 El jueves anterior, cuando trascendi\u00f3 que ser\u00edan extraditados a Estados Unidos varios pesos pesados de la delincuencia organizada, el abogado de uno de ellos dijo en el noticiero de Ciro G\u00f3mez Leyva que eso era \u201cimposible\u201d y explic\u00f3 por qu\u00e9. Pero horas despu\u00e9s [&hellip;]\" \/>\n<meta property=\"og:url\" content=\"https:\/\/lospoliticosveracruz.com\/?p=138985\" \/>\n<meta property=\"og:site_name\" content=\"Los pol\u00edticos Veracruz\" \/>\n<meta property=\"article:publisher\" content=\"https:\/\/www.facebook.com\/people\/Notimemes-de-los-Polticos\/61565672886568\/\" \/>\n<meta property=\"article:published_time\" content=\"2025-03-04T03:43:18+00:00\" \/>\n<meta property=\"article:modified_time\" content=\"2025-03-04T03:46:38+00:00\" \/>\n<meta property=\"og:image\" content=\"https:\/\/lospoliticosveracruz.com\/wp-content\/uploads\/2024\/03\/Bernardo.jpg\" \/>\n\t<meta property=\"og:image:width\" content=\"1250\" \/>\n\t<meta property=\"og:image:height\" content=\"667\" \/>\n\t<meta property=\"og:image:type\" content=\"image\/jpeg\" \/>\n<meta name=\"author\" content=\"Lo viste en Los Pol\u00edticos\" \/>\n<meta name=\"twitter:card\" content=\"summary_large_image\" \/>\n<meta name=\"twitter:creator\" content=\"@LosPoliticosVer\" \/>\n<meta name=\"twitter:site\" content=\"@LosPoliticosVer\" \/>\n<meta name=\"twitter:label1\" content=\"Escrito por\" \/>\n\t<meta name=\"twitter:data1\" content=\"Lo viste en Los Pol\u00edticos\" \/>\n\t<meta name=\"twitter:label2\" content=\"Tiempo de lectura\" \/>\n\t<meta name=\"twitter:data2\" content=\"3 minutos\" \/>\n<script type=\"application\/ld+json\" class=\"yoast-schema-graph\">{\"@context\":\"https:\\\/\\\/schema.org\",\"@graph\":[{\"@type\":\"Article\",\"@id\":\"https:\\\/\\\/lospoliticosveracruz.com\\\/?p=138985#article\",\"isPartOf\":{\"@id\":\"https:\\\/\\\/lospoliticosveracruz.com\\\/?p=138985\"},\"author\":{\"name\":\"Lo viste en Los Pol\u00edticos\",\"@id\":\"https:\\\/\\\/lospoliticosveracruz.com\\\/#\\\/schema\\\/person\\\/b8702bb0e538456e6efd07080bf2a4a2\"},\"headline\":\"LOS QUE FALTAN&#8230;\",\"datePublished\":\"2025-03-04T03:43:18+00:00\",\"dateModified\":\"2025-03-04T03:46:38+00:00\",\"mainEntityOfPage\":{\"@id\":\"https:\\\/\\\/lospoliticosveracruz.com\\\/?p=138985\"},\"wordCount\":679,\"publisher\":{\"@id\":\"https:\\\/\\\/lospoliticosveracruz.com\\\/#organization\"},\"image\":{\"@id\":\"https:\\\/\\\/lospoliticosveracruz.com\\\/?p=138985#primaryimage\"},\"thumbnailUrl\":\"https:\\\/\\\/lospoliticosveracruz.com\\\/wp-content\\\/uploads\\\/2024\\\/03\\\/Bernardo.jpg\",\"articleSection\":[\"De Opini\u00f3n\"],\"inLanguage\":\"es\"},{\"@type\":\"WebPage\",\"@id\":\"https:\\\/\\\/lospoliticosveracruz.com\\\/?p=138985\",\"url\":\"https:\\\/\\\/lospoliticosveracruz.com\\\/?p=138985\",\"name\":\"LOS QUE FALTAN... - Los pol\u00edticos Veracruz\",\"isPartOf\":{\"@id\":\"https:\\\/\\\/lospoliticosveracruz.com\\\/#website\"},\"primaryImageOfPage\":{\"@id\":\"https:\\\/\\\/lospoliticosveracruz.com\\\/?p=138985#primaryimage\"},\"image\":{\"@id\":\"https:\\\/\\\/lospoliticosveracruz.com\\\/?p=138985#primaryimage\"},\"thumbnailUrl\":\"https:\\\/\\\/lospoliticosveracruz.com\\\/wp-content\\\/uploads\\\/2024\\\/03\\\/Bernardo.jpg\",\"datePublished\":\"2025-03-04T03:43:18+00:00\",\"dateModified\":\"2025-03-04T03:46:38+00:00\",\"breadcrumb\":{\"@id\":\"https:\\\/\\\/lospoliticosveracruz.com\\\/?p=138985#breadcrumb\"},\"inLanguage\":\"es\",\"potentialAction\":[{\"@type\":\"ReadAction\",\"target\":[\"https:\\\/\\\/lospoliticosveracruz.com\\\/?p=138985\"]}]},{\"@type\":\"ImageObject\",\"inLanguage\":\"es\",\"@id\":\"https:\\\/\\\/lospoliticosveracruz.com\\\/?p=138985#primaryimage\",\"url\":\"https:\\\/\\\/lospoliticosveracruz.com\\\/wp-content\\\/uploads\\\/2024\\\/03\\\/Bernardo.jpg\",\"contentUrl\":\"https:\\\/\\\/lospoliticosveracruz.com\\\/wp-content\\\/uploads\\\/2024\\\/03\\\/Bernardo.jpg\",\"width\":1250,\"height\":667},{\"@type\":\"BreadcrumbList\",\"@id\":\"https:\\\/\\\/lospoliticosveracruz.com\\\/?p=138985#breadcrumb\",\"itemListElement\":[{\"@type\":\"ListItem\",\"position\":1,\"name\":\"Portada\",\"item\":\"https:\\\/\\\/lospoliticosveracruz.com\\\/\"},{\"@type\":\"ListItem\",\"position\":2,\"name\":\"LOS QUE FALTAN&#8230;\"}]},{\"@type\":\"WebSite\",\"@id\":\"https:\\\/\\\/lospoliticosveracruz.com\\\/#website\",\"url\":\"https:\\\/\\\/lospoliticosveracruz.com\\\/\",\"name\":\"Los pol\u00edticos Veracruz\",\"description\":\"\",\"publisher\":{\"@id\":\"https:\\\/\\\/lospoliticosveracruz.com\\\/#organization\"},\"potentialAction\":[{\"@type\":\"SearchAction\",\"target\":{\"@type\":\"EntryPoint\",\"urlTemplate\":\"https:\\\/\\\/lospoliticosveracruz.com\\\/?s={search_term_string}\"},\"query-input\":{\"@type\":\"PropertyValueSpecification\",\"valueRequired\":true,\"valueName\":\"search_term_string\"}}],\"inLanguage\":\"es\"},{\"@type\":\"Organization\",\"@id\":\"https:\\\/\\\/lospoliticosveracruz.com\\\/#organization\",\"name\":\"Los pol\u00edticos Veracruz\",\"url\":\"https:\\\/\\\/lospoliticosveracruz.com\\\/\",\"logo\":{\"@type\":\"ImageObject\",\"inLanguage\":\"es\",\"@id\":\"https:\\\/\\\/lospoliticosveracruz.com\\\/#\\\/schema\\\/logo\\\/image\\\/\",\"url\":\"https:\\\/\\\/lospoliticosveracruz.com\\\/wp-content\\\/uploads\\\/2025\\\/12\\\/Logo-Nuevo-LOS-POLITICOS-1.jpg\",\"contentUrl\":\"https:\\\/\\\/lospoliticosveracruz.com\\\/wp-content\\\/uploads\\\/2025\\\/12\\\/Logo-Nuevo-LOS-POLITICOS-1.jpg\",\"width\":260,\"height\":70,\"caption\":\"Los pol\u00edticos Veracruz\"},\"image\":{\"@id\":\"https:\\\/\\\/lospoliticosveracruz.com\\\/#\\\/schema\\\/logo\\\/image\\\/\"},\"sameAs\":[\"https:\\\/\\\/www.facebook.com\\\/people\\\/Notimemes-de-los-Polticos\\\/61565672886568\\\/\",\"https:\\\/\\\/x.com\\\/LosPoliticosVer\"]},{\"@type\":\"Person\",\"@id\":\"https:\\\/\\\/lospoliticosveracruz.com\\\/#\\\/schema\\\/person\\\/b8702bb0e538456e6efd07080bf2a4a2\",\"name\":\"Lo viste en Los Pol\u00edticos\",\"image\":{\"@type\":\"ImageObject\",\"inLanguage\":\"es\",\"@id\":\"https:\\\/\\\/secure.gravatar.com\\\/avatar\\\/3a8de04a2656d44082be478bd6c086daa447c4651605818287b9532d3d0bd435?s=96&d=mm&r=g\",\"url\":\"https:\\\/\\\/secure.gravatar.com\\\/avatar\\\/3a8de04a2656d44082be478bd6c086daa447c4651605818287b9532d3d0bd435?s=96&d=mm&r=g\",\"contentUrl\":\"https:\\\/\\\/secure.gravatar.com\\\/avatar\\\/3a8de04a2656d44082be478bd6c086daa447c4651605818287b9532d3d0bd435?s=96&d=mm&r=g\",\"caption\":\"Lo viste en Los Pol\u00edticos\"},\"url\":\"https:\\\/\\\/lospoliticosveracruz.com\\\/?author=2\"}]}<\/script>\n<!-- \/ Yoast SEO plugin. -->","yoast_head_json":{"title":"LOS QUE FALTAN... - Los pol\u00edticos Veracruz","robots":{"index":"index","follow":"follow","max-snippet":"max-snippet:-1","max-image-preview":"max-image-preview:large","max-video-preview":"max-video-preview:-1"},"canonical":"https:\/\/lospoliticosveracruz.com\/?p=138985","og_locale":"es_ES","og_type":"article","og_title":"LOS QUE FALTAN... - Los pol\u00edticos Veracruz","og_description":"S\u00edguenos ahora tambi\u00e9n en WhatsApp.\u00a0Da clic aqu\u00ed Bernardo Guti\u00e9rrez ParraDesde el Caf\u00e9 El jueves anterior, cuando trascendi\u00f3 que ser\u00edan extraditados a Estados Unidos varios pesos pesados de la delincuencia organizada, el abogado de uno de ellos dijo en el noticiero de Ciro G\u00f3mez Leyva que eso era \u201cimposible\u201d y explic\u00f3 por qu\u00e9. Pero horas despu\u00e9s [&hellip;]","og_url":"https:\/\/lospoliticosveracruz.com\/?p=138985","og_site_name":"Los pol\u00edticos Veracruz","article_publisher":"https:\/\/www.facebook.com\/people\/Notimemes-de-los-Polticos\/61565672886568\/","article_published_time":"2025-03-04T03:43:18+00:00","article_modified_time":"2025-03-04T03:46:38+00:00","og_image":[{"width":1250,"height":667,"url":"https:\/\/lospoliticosveracruz.com\/wp-content\/uploads\/2024\/03\/Bernardo.jpg","type":"image\/jpeg"}],"author":"Lo viste en Los Pol\u00edticos","twitter_card":"summary_large_image","twitter_creator":"@LosPoliticosVer","twitter_site":"@LosPoliticosVer","twitter_misc":{"Escrito por":"Lo viste en Los Pol\u00edticos","Tiempo de lectura":"3 minutos"},"schema":{"@context":"https:\/\/schema.org","@graph":[{"@type":"Article","@id":"https:\/\/lospoliticosveracruz.com\/?p=138985#article","isPartOf":{"@id":"https:\/\/lospoliticosveracruz.com\/?p=138985"},"author":{"name":"Lo viste en Los Pol\u00edticos","@id":"https:\/\/lospoliticosveracruz.com\/#\/schema\/person\/b8702bb0e538456e6efd07080bf2a4a2"},"headline":"LOS QUE FALTAN&#8230;","datePublished":"2025-03-04T03:43:18+00:00","dateModified":"2025-03-04T03:46:38+00:00","mainEntityOfPage":{"@id":"https:\/\/lospoliticosveracruz.com\/?p=138985"},"wordCount":679,"publisher":{"@id":"https:\/\/lospoliticosveracruz.com\/#organization"},"image":{"@id":"https:\/\/lospoliticosveracruz.com\/?p=138985#primaryimage"},"thumbnailUrl":"https:\/\/lospoliticosveracruz.com\/wp-content\/uploads\/2024\/03\/Bernardo.jpg","articleSection":["De Opini\u00f3n"],"inLanguage":"es"},{"@type":"WebPage","@id":"https:\/\/lospoliticosveracruz.com\/?p=138985","url":"https:\/\/lospoliticosveracruz.com\/?p=138985","name":"LOS QUE FALTAN... - Los pol\u00edticos Veracruz","isPartOf":{"@id":"https:\/\/lospoliticosveracruz.com\/#website"},"primaryImageOfPage":{"@id":"https:\/\/lospoliticosveracruz.com\/?p=138985#primaryimage"},"image":{"@id":"https:\/\/lospoliticosveracruz.com\/?p=138985#primaryimage"},"thumbnailUrl":"https:\/\/lospoliticosveracruz.com\/wp-content\/uploads\/2024\/03\/Bernardo.jpg","datePublished":"2025-03-04T03:43:18+00:00","dateModified":"2025-03-04T03:46:38+00:00","breadcrumb":{"@id":"https:\/\/lospoliticosveracruz.com\/?p=138985#breadcrumb"},"inLanguage":"es","potentialAction":[{"@type":"ReadAction","target":["https:\/\/lospoliticosveracruz.com\/?p=138985"]}]},{"@type":"ImageObject","inLanguage":"es","@id":"https:\/\/lospoliticosveracruz.com\/?p=138985#primaryimage","url":"https:\/\/lospoliticosveracruz.com\/wp-content\/uploads\/2024\/03\/Bernardo.jpg","contentUrl":"https:\/\/lospoliticosveracruz.com\/wp-content\/uploads\/2024\/03\/Bernardo.jpg","width":1250,"height":667},{"@type":"BreadcrumbList","@id":"https:\/\/lospoliticosveracruz.com\/?p=138985#breadcrumb","itemListElement":[{"@type":"ListItem","position":1,"name":"Portada","item":"https:\/\/lospoliticosveracruz.com\/"},{"@type":"ListItem","position":2,"name":"LOS QUE FALTAN&#8230;"}]},{"@type":"WebSite","@id":"https:\/\/lospoliticosveracruz.com\/#website","url":"https:\/\/lospoliticosveracruz.com\/","name":"Los pol\u00edticos Veracruz","description":"","publisher":{"@id":"https:\/\/lospoliticosveracruz.com\/#organization"},"potentialAction":[{"@type":"SearchAction","target":{"@type":"EntryPoint","urlTemplate":"https:\/\/lospoliticosveracruz.com\/?s={search_term_string}"},"query-input":{"@type":"PropertyValueSpecification","valueRequired":true,"valueName":"search_term_string"}}],"inLanguage":"es"},{"@type":"Organization","@id":"https:\/\/lospoliticosveracruz.com\/#organization","name":"Los pol\u00edticos Veracruz","url":"https:\/\/lospoliticosveracruz.com\/","logo":{"@type":"ImageObject","inLanguage":"es","@id":"https:\/\/lospoliticosveracruz.com\/#\/schema\/logo\/image\/","url":"https:\/\/lospoliticosveracruz.com\/wp-content\/uploads\/2025\/12\/Logo-Nuevo-LOS-POLITICOS-1.jpg","contentUrl":"https:\/\/lospoliticosveracruz.com\/wp-content\/uploads\/2025\/12\/Logo-Nuevo-LOS-POLITICOS-1.jpg","width":260,"height":70,"caption":"Los pol\u00edticos Veracruz"},"image":{"@id":"https:\/\/lospoliticosveracruz.com\/#\/schema\/logo\/image\/"},"sameAs":["https:\/\/www.facebook.com\/people\/Notimemes-de-los-Polticos\/61565672886568\/","https:\/\/x.com\/LosPoliticosVer"]},{"@type":"Person","@id":"https:\/\/lospoliticosveracruz.com\/#\/schema\/person\/b8702bb0e538456e6efd07080bf2a4a2","name":"Lo viste en Los Pol\u00edticos","image":{"@type":"ImageObject","inLanguage":"es","@id":"https:\/\/secure.gravatar.com\/avatar\/3a8de04a2656d44082be478bd6c086daa447c4651605818287b9532d3d0bd435?s=96&d=mm&r=g","url":"https:\/\/secure.gravatar.com\/avatar\/3a8de04a2656d44082be478bd6c086daa447c4651605818287b9532d3d0bd435?s=96&d=mm&r=g","contentUrl":"https:\/\/secure.gravatar.com\/avatar\/3a8de04a2656d44082be478bd6c086daa447c4651605818287b9532d3d0bd435?s=96&d=mm&r=g","caption":"Lo viste en Los Pol\u00edticos"},"url":"https:\/\/lospoliticosveracruz.com\/?author=2"}]}},"_links":{"self":[{"href":"https:\/\/lospoliticosveracruz.com\/index.php?rest_route=\/wp\/v2\/posts\/138985","targetHints":{"allow":["GET"]}}],"collection":[{"href":"https:\/\/lospoliticosveracruz.com\/index.php?rest_route=\/wp\/v2\/posts"}],"about":[{"href":"https:\/\/lospoliticosveracruz.com\/index.php?rest_route=\/wp\/v2\/types\/post"}],"author":[{"embeddable":true,"href":"https:\/\/lospoliticosveracruz.com\/index.php?rest_route=\/wp\/v2\/users\/2"}],"replies":[{"embeddable":true,"href":"https:\/\/lospoliticosveracruz.com\/index.php?rest_route=%2Fwp%2Fv2%2Fcomments&post=138985"}],"version-history":[{"count":2,"href":"https:\/\/lospoliticosveracruz.com\/index.php?rest_route=\/wp\/v2\/posts\/138985\/revisions"}],"predecessor-version":[{"id":138988,"href":"https:\/\/lospoliticosveracruz.com\/index.php?rest_route=\/wp\/v2\/posts\/138985\/revisions\/138988"}],"wp:featuredmedia":[{"embeddable":true,"href":"https:\/\/lospoliticosveracruz.com\/index.php?rest_route=\/wp\/v2\/media\/119914"}],"wp:attachment":[{"href":"https:\/\/lospoliticosveracruz.com\/index.php?rest_route=%2Fwp%2Fv2%2Fmedia&parent=138985"}],"wp:term":[{"taxonomy":"category","embeddable":true,"href":"https:\/\/lospoliticosveracruz.com\/index.php?rest_route=%2Fwp%2Fv2%2Fcategories&post=138985"},{"taxonomy":"post_tag","embeddable":true,"href":"https:\/\/lospoliticosveracruz.com\/index.php?rest_route=%2Fwp%2Fv2%2Ftags&post=138985"}],"curies":[{"name":"wp","href":"https:\/\/api.w.org\/{rel}","templated":true}]}}