{"id":139144,"date":"2025-03-06T10:05:45","date_gmt":"2025-03-06T16:05:45","guid":{"rendered":"https:\/\/lospoliticosveracruz.com.mx\/?p=139144"},"modified":"2025-03-06T10:06:03","modified_gmt":"2025-03-06T16:06:03","slug":"veracruz-con-la-mira-puesta-en-netflix","status":"publish","type":"post","link":"https:\/\/lospoliticosveracruz.com\/?p=139144","title":{"rendered":"VERACRUZ, CON LA MIRA PUESTA EN NETFLIX"},"content":{"rendered":"\n<p>S\u00edguenos ahora tambi\u00e9n en WhatsApp.\u00a0<a href=\"https:\/\/whatsapp.com\/channel\/0029Va8zRWlEKyZIP3Z1dF0e\"><strong>Da clic aqu\u00ed<\/strong><\/a><\/p>\n\n\n\n<p>Veracruz: En entrevista, el delegado para la industria cinematogr\u00e1fica en el estado de Veracruz Aar\u00f3n I. Campos expres\u00f3 su convencimiento de que este estado se encuentra en condiciones \u00f3ptimas para que sus productores puedan convertirse en candidatos a est\u00edmulos significativos para la producci\u00f3n audiovisual, tales como el EFICINE y el Fondo Netflix.<\/p>\n\n\n<div class=\"wp-block-image\">\n<figure class=\"alignleft size-thumbnail\"><a href=\"https:\/\/lospoliticosveracruz.com.mx\/wp-content\/uploads\/2025\/02\/Mastografia.jpeg\"><img loading=\"lazy\" decoding=\"async\" width=\"150\" height=\"150\" src=\"https:\/\/lospoliticosveracruz.com.mx\/wp-content\/uploads\/2025\/02\/Mastografia-150x150.jpeg\" alt=\"\" class=\"wp-image-138625\" srcset=\"https:\/\/lospoliticosveracruz.com\/wp-content\/uploads\/2025\/02\/Mastografia-150x150.jpeg 150w, https:\/\/lospoliticosveracruz.com\/wp-content\/uploads\/2025\/02\/Mastografia-125x125.jpeg 125w\" sizes=\"auto, (max-width: 150px) 100vw, 150px\" \/><\/a><\/figure>\n<\/div>\n\n\n<p>Campos destac\u00f3 el potencial art\u00edstico y cultural de Veracruz, un estado con una rica herencia en tradiciones y narrativas que podr\u00edan ser aprovechadas en proyectos cinematogr\u00e1ficos innovadores. \u201cVeracruz no solo es un lugar de belleza natural, sino que tambi\u00e9n cuenta con una comunidad creativa vibrante. Nuestra gente tiene historias que contar, y el cine es una poderosa herramienta para llevar esas historias al mundo\u201d, declar\u00f3.<\/p>\n\n\n\n<p>EFICINE, que ofrece incentivos fiscales a la producci\u00f3n cinematogr\u00e1fica en M\u00e9xico, y el Fondo Netflix, que busca apoyar proyectos originales de creadores de todo el pa\u00eds, son oportunidades clave que podr\u00edan transformar la industria audiovisual en Veracruz.<\/p>\n\n\n\n<p>Aar\u00f3n I. Campos hace un llamado a las autoridades estatales para que fomenten la participaci\u00f3n de los productores locales en estos programas de capacitaci\u00f3n y fortalecimiento. \u201cEs fundamental que nuestros cineastas y productores tengan acceso a estos recursos. Con el respaldo de CANACINE en el tema de capacitaci\u00f3n especializada a la industria cinematogr\u00e1fica, podemos poner a Veracruz en el mapa del cine nacional e internacional\u201d, a\u00f1adi\u00f3.<\/p>\n\n\n\n<p>Campos tambi\u00e9n subray\u00f3 la importancia de la colaboraci\u00f3n entre CANACINE y la comunidad creativa. \u201cNecesitamos crear un ecosistema capaz en donde productores cinematogr\u00e1ficos tengan las herramientas para poder pugnar por estos est\u00edmulos, esto no solo generar\u00e1 empleos y fortalecer\u00e1 la econom\u00eda local, sino que tambi\u00e9n potenciar\u00e1 el turismo y la visibilidad de Veracruz como un destino econ\u00f3mico y cultural\u201d, enfatiz\u00f3.<\/p>\n\n\n\n<p>Las iniciativas de financiamiento y apoyo son esenciales para impulsar proyectos que reflejen la identidad y diversidad del estado. Campos ejemplific\u00f3 algunos proyectos en los que est\u00e1 trabajando y que podr\u00edan beneficiarse de estos est\u00edmulos, abogando por un enfoque inclusivo que permita el desarrollo de talentos emergentes en la regi\u00f3n.<\/p>\n\n\n\n<p>Aar\u00f3n I. Campos inst\u00f3 a la comunidad veracruzana a unirse en este esfuerzo por hacer crecer la industria audiovisual. \u201cJuntos, podemos demostrar que Veracruz tiene historias valiosas y una voz \u00fanica que merece ser escuchada. Es hora de aprovechar nuestras capacidades y llevar el talento local m\u00e1s all\u00e1 de nuestras fronteras\u201d, concluy\u00f3.<\/p>\n","protected":false},"excerpt":{"rendered":"<p>S\u00edguenos ahora tambi\u00e9n en WhatsApp.\u00a0Da clic aqu\u00ed Veracruz: En entrevista, el delegado para la industria cinematogr\u00e1fica en el estado de Veracruz Aar\u00f3n I. Campos expres\u00f3 su convencimiento de que este estado se encuentra en condiciones \u00f3ptimas para que sus productores puedan convertirse en candidatos a est\u00edmulos significativos para la producci\u00f3n audiovisual, tales como el EFICINE [&hellip;]<\/p>\n","protected":false},"author":2,"featured_media":139145,"comment_status":"closed","ping_status":"closed","sticky":false,"template":"","format":"standard","meta":{"tdm_status":"","tdm_grid_status":"","footnotes":""},"categories":[75],"tags":[43170,43171],"class_list":{"0":"post-139144","1":"post","2":"type-post","3":"status-publish","4":"format-standard","5":"has-post-thumbnail","7":"category-cine-libros-y-mas","8":"tag-eficine","9":"tag-fondo-netflix"},"yoast_head":"<!-- This site is optimized with the Yoast SEO plugin v27.4 - https:\/\/yoast.com\/product\/yoast-seo-wordpress\/ -->\n<title>VERACRUZ, CON LA MIRA PUESTA EN NETFLIX - Los pol\u00edticos Veracruz<\/title>\n<meta name=\"robots\" content=\"index, follow, max-snippet:-1, max-image-preview:large, max-video-preview:-1\" \/>\n<link rel=\"canonical\" href=\"https:\/\/lospoliticosveracruz.com\/?p=139144\" \/>\n<meta property=\"og:locale\" content=\"es_ES\" \/>\n<meta property=\"og:type\" content=\"article\" \/>\n<meta property=\"og:title\" content=\"VERACRUZ, CON LA MIRA PUESTA EN NETFLIX - Los pol\u00edticos Veracruz\" \/>\n<meta property=\"og:description\" content=\"S\u00edguenos ahora tambi\u00e9n en WhatsApp.\u00a0Da clic aqu\u00ed Veracruz: En entrevista, el delegado para la industria cinematogr\u00e1fica en el estado de Veracruz Aar\u00f3n I. Campos expres\u00f3 su convencimiento de que este estado se encuentra en condiciones \u00f3ptimas para que sus productores puedan convertirse en candidatos a est\u00edmulos significativos para la producci\u00f3n audiovisual, tales como el EFICINE [&hellip;]\" \/>\n<meta property=\"og:url\" content=\"https:\/\/lospoliticosveracruz.com\/?p=139144\" \/>\n<meta property=\"og:site_name\" content=\"Los pol\u00edticos Veracruz\" \/>\n<meta property=\"article:publisher\" content=\"https:\/\/www.facebook.com\/people\/Notimemes-de-los-Polticos\/61565672886568\/\" \/>\n<meta property=\"article:published_time\" content=\"2025-03-06T16:05:45+00:00\" \/>\n<meta property=\"article:modified_time\" content=\"2025-03-06T16:06:03+00:00\" \/>\n<meta property=\"og:image\" content=\"https:\/\/lospoliticosveracruz.com\/wp-content\/uploads\/2025\/03\/Aaron-I.-Campos.jpeg\" \/>\n\t<meta property=\"og:image:width\" content=\"600\" \/>\n\t<meta property=\"og:image:height\" content=\"320\" \/>\n\t<meta property=\"og:image:type\" content=\"image\/jpeg\" \/>\n<meta name=\"author\" content=\"Lo viste en Los Pol\u00edticos\" \/>\n<meta name=\"twitter:card\" content=\"summary_large_image\" \/>\n<meta name=\"twitter:creator\" content=\"@LosPoliticosVer\" \/>\n<meta name=\"twitter:site\" content=\"@LosPoliticosVer\" \/>\n<meta name=\"twitter:label1\" content=\"Escrito por\" \/>\n\t<meta name=\"twitter:data1\" content=\"Lo viste en Los Pol\u00edticos\" \/>\n\t<meta name=\"twitter:label2\" content=\"Tiempo de lectura\" \/>\n\t<meta name=\"twitter:data2\" content=\"2 minutos\" \/>\n<script type=\"application\/ld+json\" class=\"yoast-schema-graph\">{\"@context\":\"https:\\\/\\\/schema.org\",\"@graph\":[{\"@type\":\"Article\",\"@id\":\"https:\\\/\\\/lospoliticosveracruz.com\\\/?p=139144#article\",\"isPartOf\":{\"@id\":\"https:\\\/\\\/lospoliticosveracruz.com\\\/?p=139144\"},\"author\":{\"name\":\"Lo viste en Los Pol\u00edticos\",\"@id\":\"https:\\\/\\\/lospoliticosveracruz.com\\\/#\\\/schema\\\/person\\\/b8702bb0e538456e6efd07080bf2a4a2\"},\"headline\":\"VERACRUZ, CON LA MIRA PUESTA EN NETFLIX\",\"datePublished\":\"2025-03-06T16:05:45+00:00\",\"dateModified\":\"2025-03-06T16:06:03+00:00\",\"mainEntityOfPage\":{\"@id\":\"https:\\\/\\\/lospoliticosveracruz.com\\\/?p=139144\"},\"wordCount\":430,\"publisher\":{\"@id\":\"https:\\\/\\\/lospoliticosveracruz.com\\\/#organization\"},\"image\":{\"@id\":\"https:\\\/\\\/lospoliticosveracruz.com\\\/?p=139144#primaryimage\"},\"thumbnailUrl\":\"https:\\\/\\\/lospoliticosveracruz.com\\\/wp-content\\\/uploads\\\/2025\\\/03\\\/Aaron-I.-Campos.jpeg\",\"keywords\":[\"EFICINE\",\"Fondo Netflix\"],\"articleSection\":[\"Cine, Libros y m\u00e1s\"],\"inLanguage\":\"es\"},{\"@type\":\"WebPage\",\"@id\":\"https:\\\/\\\/lospoliticosveracruz.com\\\/?p=139144\",\"url\":\"https:\\\/\\\/lospoliticosveracruz.com\\\/?p=139144\",\"name\":\"VERACRUZ, CON LA MIRA PUESTA EN NETFLIX - Los pol\u00edticos Veracruz\",\"isPartOf\":{\"@id\":\"https:\\\/\\\/lospoliticosveracruz.com\\\/#website\"},\"primaryImageOfPage\":{\"@id\":\"https:\\\/\\\/lospoliticosveracruz.com\\\/?p=139144#primaryimage\"},\"image\":{\"@id\":\"https:\\\/\\\/lospoliticosveracruz.com\\\/?p=139144#primaryimage\"},\"thumbnailUrl\":\"https:\\\/\\\/lospoliticosveracruz.com\\\/wp-content\\\/uploads\\\/2025\\\/03\\\/Aaron-I.-Campos.jpeg\",\"datePublished\":\"2025-03-06T16:05:45+00:00\",\"dateModified\":\"2025-03-06T16:06:03+00:00\",\"breadcrumb\":{\"@id\":\"https:\\\/\\\/lospoliticosveracruz.com\\\/?p=139144#breadcrumb\"},\"inLanguage\":\"es\",\"potentialAction\":[{\"@type\":\"ReadAction\",\"target\":[\"https:\\\/\\\/lospoliticosveracruz.com\\\/?p=139144\"]}]},{\"@type\":\"ImageObject\",\"inLanguage\":\"es\",\"@id\":\"https:\\\/\\\/lospoliticosveracruz.com\\\/?p=139144#primaryimage\",\"url\":\"https:\\\/\\\/lospoliticosveracruz.com\\\/wp-content\\\/uploads\\\/2025\\\/03\\\/Aaron-I.-Campos.jpeg\",\"contentUrl\":\"https:\\\/\\\/lospoliticosveracruz.com\\\/wp-content\\\/uploads\\\/2025\\\/03\\\/Aaron-I.-Campos.jpeg\",\"width\":600,\"height\":320},{\"@type\":\"BreadcrumbList\",\"@id\":\"https:\\\/\\\/lospoliticosveracruz.com\\\/?p=139144#breadcrumb\",\"itemListElement\":[{\"@type\":\"ListItem\",\"position\":1,\"name\":\"Portada\",\"item\":\"https:\\\/\\\/lospoliticosveracruz.com\\\/\"},{\"@type\":\"ListItem\",\"position\":2,\"name\":\"VERACRUZ, CON LA MIRA PUESTA EN NETFLIX\"}]},{\"@type\":\"WebSite\",\"@id\":\"https:\\\/\\\/lospoliticosveracruz.com\\\/#website\",\"url\":\"https:\\\/\\\/lospoliticosveracruz.com\\\/\",\"name\":\"Los pol\u00edticos Veracruz\",\"description\":\"\",\"publisher\":{\"@id\":\"https:\\\/\\\/lospoliticosveracruz.com\\\/#organization\"},\"potentialAction\":[{\"@type\":\"SearchAction\",\"target\":{\"@type\":\"EntryPoint\",\"urlTemplate\":\"https:\\\/\\\/lospoliticosveracruz.com\\\/?s={search_term_string}\"},\"query-input\":{\"@type\":\"PropertyValueSpecification\",\"valueRequired\":true,\"valueName\":\"search_term_string\"}}],\"inLanguage\":\"es\"},{\"@type\":\"Organization\",\"@id\":\"https:\\\/\\\/lospoliticosveracruz.com\\\/#organization\",\"name\":\"Los pol\u00edticos Veracruz\",\"url\":\"https:\\\/\\\/lospoliticosveracruz.com\\\/\",\"logo\":{\"@type\":\"ImageObject\",\"inLanguage\":\"es\",\"@id\":\"https:\\\/\\\/lospoliticosveracruz.com\\\/#\\\/schema\\\/logo\\\/image\\\/\",\"url\":\"https:\\\/\\\/lospoliticosveracruz.com\\\/wp-content\\\/uploads\\\/2025\\\/12\\\/Logo-Nuevo-LOS-POLITICOS-1.jpg\",\"contentUrl\":\"https:\\\/\\\/lospoliticosveracruz.com\\\/wp-content\\\/uploads\\\/2025\\\/12\\\/Logo-Nuevo-LOS-POLITICOS-1.jpg\",\"width\":260,\"height\":70,\"caption\":\"Los pol\u00edticos Veracruz\"},\"image\":{\"@id\":\"https:\\\/\\\/lospoliticosveracruz.com\\\/#\\\/schema\\\/logo\\\/image\\\/\"},\"sameAs\":[\"https:\\\/\\\/www.facebook.com\\\/people\\\/Notimemes-de-los-Polticos\\\/61565672886568\\\/\",\"https:\\\/\\\/x.com\\\/LosPoliticosVer\"]},{\"@type\":\"Person\",\"@id\":\"https:\\\/\\\/lospoliticosveracruz.com\\\/#\\\/schema\\\/person\\\/b8702bb0e538456e6efd07080bf2a4a2\",\"name\":\"Lo viste en Los Pol\u00edticos\",\"image\":{\"@type\":\"ImageObject\",\"inLanguage\":\"es\",\"@id\":\"https:\\\/\\\/secure.gravatar.com\\\/avatar\\\/3a8de04a2656d44082be478bd6c086daa447c4651605818287b9532d3d0bd435?s=96&d=mm&r=g\",\"url\":\"https:\\\/\\\/secure.gravatar.com\\\/avatar\\\/3a8de04a2656d44082be478bd6c086daa447c4651605818287b9532d3d0bd435?s=96&d=mm&r=g\",\"contentUrl\":\"https:\\\/\\\/secure.gravatar.com\\\/avatar\\\/3a8de04a2656d44082be478bd6c086daa447c4651605818287b9532d3d0bd435?s=96&d=mm&r=g\",\"caption\":\"Lo viste en Los Pol\u00edticos\"},\"url\":\"https:\\\/\\\/lospoliticosveracruz.com\\\/?author=2\"}]}<\/script>\n<!-- \/ Yoast SEO plugin. -->","yoast_head_json":{"title":"VERACRUZ, CON LA MIRA PUESTA EN NETFLIX - Los pol\u00edticos Veracruz","robots":{"index":"index","follow":"follow","max-snippet":"max-snippet:-1","max-image-preview":"max-image-preview:large","max-video-preview":"max-video-preview:-1"},"canonical":"https:\/\/lospoliticosveracruz.com\/?p=139144","og_locale":"es_ES","og_type":"article","og_title":"VERACRUZ, CON LA MIRA PUESTA EN NETFLIX - Los pol\u00edticos Veracruz","og_description":"S\u00edguenos ahora tambi\u00e9n en WhatsApp.\u00a0Da clic aqu\u00ed Veracruz: En entrevista, el delegado para la industria cinematogr\u00e1fica en el estado de Veracruz Aar\u00f3n I. Campos expres\u00f3 su convencimiento de que este estado se encuentra en condiciones \u00f3ptimas para que sus productores puedan convertirse en candidatos a est\u00edmulos significativos para la producci\u00f3n audiovisual, tales como el EFICINE [&hellip;]","og_url":"https:\/\/lospoliticosveracruz.com\/?p=139144","og_site_name":"Los pol\u00edticos Veracruz","article_publisher":"https:\/\/www.facebook.com\/people\/Notimemes-de-los-Polticos\/61565672886568\/","article_published_time":"2025-03-06T16:05:45+00:00","article_modified_time":"2025-03-06T16:06:03+00:00","og_image":[{"width":600,"height":320,"url":"https:\/\/lospoliticosveracruz.com\/wp-content\/uploads\/2025\/03\/Aaron-I.-Campos.jpeg","type":"image\/jpeg"}],"author":"Lo viste en Los Pol\u00edticos","twitter_card":"summary_large_image","twitter_creator":"@LosPoliticosVer","twitter_site":"@LosPoliticosVer","twitter_misc":{"Escrito por":"Lo viste en Los Pol\u00edticos","Tiempo de lectura":"2 minutos"},"schema":{"@context":"https:\/\/schema.org","@graph":[{"@type":"Article","@id":"https:\/\/lospoliticosveracruz.com\/?p=139144#article","isPartOf":{"@id":"https:\/\/lospoliticosveracruz.com\/?p=139144"},"author":{"name":"Lo viste en Los Pol\u00edticos","@id":"https:\/\/lospoliticosveracruz.com\/#\/schema\/person\/b8702bb0e538456e6efd07080bf2a4a2"},"headline":"VERACRUZ, CON LA MIRA PUESTA EN NETFLIX","datePublished":"2025-03-06T16:05:45+00:00","dateModified":"2025-03-06T16:06:03+00:00","mainEntityOfPage":{"@id":"https:\/\/lospoliticosveracruz.com\/?p=139144"},"wordCount":430,"publisher":{"@id":"https:\/\/lospoliticosveracruz.com\/#organization"},"image":{"@id":"https:\/\/lospoliticosveracruz.com\/?p=139144#primaryimage"},"thumbnailUrl":"https:\/\/lospoliticosveracruz.com\/wp-content\/uploads\/2025\/03\/Aaron-I.-Campos.jpeg","keywords":["EFICINE","Fondo Netflix"],"articleSection":["Cine, Libros y m\u00e1s"],"inLanguage":"es"},{"@type":"WebPage","@id":"https:\/\/lospoliticosveracruz.com\/?p=139144","url":"https:\/\/lospoliticosveracruz.com\/?p=139144","name":"VERACRUZ, CON LA MIRA PUESTA EN NETFLIX - Los pol\u00edticos Veracruz","isPartOf":{"@id":"https:\/\/lospoliticosveracruz.com\/#website"},"primaryImageOfPage":{"@id":"https:\/\/lospoliticosveracruz.com\/?p=139144#primaryimage"},"image":{"@id":"https:\/\/lospoliticosveracruz.com\/?p=139144#primaryimage"},"thumbnailUrl":"https:\/\/lospoliticosveracruz.com\/wp-content\/uploads\/2025\/03\/Aaron-I.-Campos.jpeg","datePublished":"2025-03-06T16:05:45+00:00","dateModified":"2025-03-06T16:06:03+00:00","breadcrumb":{"@id":"https:\/\/lospoliticosveracruz.com\/?p=139144#breadcrumb"},"inLanguage":"es","potentialAction":[{"@type":"ReadAction","target":["https:\/\/lospoliticosveracruz.com\/?p=139144"]}]},{"@type":"ImageObject","inLanguage":"es","@id":"https:\/\/lospoliticosveracruz.com\/?p=139144#primaryimage","url":"https:\/\/lospoliticosveracruz.com\/wp-content\/uploads\/2025\/03\/Aaron-I.-Campos.jpeg","contentUrl":"https:\/\/lospoliticosveracruz.com\/wp-content\/uploads\/2025\/03\/Aaron-I.-Campos.jpeg","width":600,"height":320},{"@type":"BreadcrumbList","@id":"https:\/\/lospoliticosveracruz.com\/?p=139144#breadcrumb","itemListElement":[{"@type":"ListItem","position":1,"name":"Portada","item":"https:\/\/lospoliticosveracruz.com\/"},{"@type":"ListItem","position":2,"name":"VERACRUZ, CON LA MIRA PUESTA EN NETFLIX"}]},{"@type":"WebSite","@id":"https:\/\/lospoliticosveracruz.com\/#website","url":"https:\/\/lospoliticosveracruz.com\/","name":"Los pol\u00edticos Veracruz","description":"","publisher":{"@id":"https:\/\/lospoliticosveracruz.com\/#organization"},"potentialAction":[{"@type":"SearchAction","target":{"@type":"EntryPoint","urlTemplate":"https:\/\/lospoliticosveracruz.com\/?s={search_term_string}"},"query-input":{"@type":"PropertyValueSpecification","valueRequired":true,"valueName":"search_term_string"}}],"inLanguage":"es"},{"@type":"Organization","@id":"https:\/\/lospoliticosveracruz.com\/#organization","name":"Los pol\u00edticos Veracruz","url":"https:\/\/lospoliticosveracruz.com\/","logo":{"@type":"ImageObject","inLanguage":"es","@id":"https:\/\/lospoliticosveracruz.com\/#\/schema\/logo\/image\/","url":"https:\/\/lospoliticosveracruz.com\/wp-content\/uploads\/2025\/12\/Logo-Nuevo-LOS-POLITICOS-1.jpg","contentUrl":"https:\/\/lospoliticosveracruz.com\/wp-content\/uploads\/2025\/12\/Logo-Nuevo-LOS-POLITICOS-1.jpg","width":260,"height":70,"caption":"Los pol\u00edticos Veracruz"},"image":{"@id":"https:\/\/lospoliticosveracruz.com\/#\/schema\/logo\/image\/"},"sameAs":["https:\/\/www.facebook.com\/people\/Notimemes-de-los-Polticos\/61565672886568\/","https:\/\/x.com\/LosPoliticosVer"]},{"@type":"Person","@id":"https:\/\/lospoliticosveracruz.com\/#\/schema\/person\/b8702bb0e538456e6efd07080bf2a4a2","name":"Lo viste en Los Pol\u00edticos","image":{"@type":"ImageObject","inLanguage":"es","@id":"https:\/\/secure.gravatar.com\/avatar\/3a8de04a2656d44082be478bd6c086daa447c4651605818287b9532d3d0bd435?s=96&d=mm&r=g","url":"https:\/\/secure.gravatar.com\/avatar\/3a8de04a2656d44082be478bd6c086daa447c4651605818287b9532d3d0bd435?s=96&d=mm&r=g","contentUrl":"https:\/\/secure.gravatar.com\/avatar\/3a8de04a2656d44082be478bd6c086daa447c4651605818287b9532d3d0bd435?s=96&d=mm&r=g","caption":"Lo viste en Los Pol\u00edticos"},"url":"https:\/\/lospoliticosveracruz.com\/?author=2"}]}},"_links":{"self":[{"href":"https:\/\/lospoliticosveracruz.com\/index.php?rest_route=\/wp\/v2\/posts\/139144","targetHints":{"allow":["GET"]}}],"collection":[{"href":"https:\/\/lospoliticosveracruz.com\/index.php?rest_route=\/wp\/v2\/posts"}],"about":[{"href":"https:\/\/lospoliticosveracruz.com\/index.php?rest_route=\/wp\/v2\/types\/post"}],"author":[{"embeddable":true,"href":"https:\/\/lospoliticosveracruz.com\/index.php?rest_route=\/wp\/v2\/users\/2"}],"replies":[{"embeddable":true,"href":"https:\/\/lospoliticosveracruz.com\/index.php?rest_route=%2Fwp%2Fv2%2Fcomments&post=139144"}],"version-history":[{"count":1,"href":"https:\/\/lospoliticosveracruz.com\/index.php?rest_route=\/wp\/v2\/posts\/139144\/revisions"}],"predecessor-version":[{"id":139146,"href":"https:\/\/lospoliticosveracruz.com\/index.php?rest_route=\/wp\/v2\/posts\/139144\/revisions\/139146"}],"wp:featuredmedia":[{"embeddable":true,"href":"https:\/\/lospoliticosveracruz.com\/index.php?rest_route=\/wp\/v2\/media\/139145"}],"wp:attachment":[{"href":"https:\/\/lospoliticosveracruz.com\/index.php?rest_route=%2Fwp%2Fv2%2Fmedia&parent=139144"}],"wp:term":[{"taxonomy":"category","embeddable":true,"href":"https:\/\/lospoliticosveracruz.com\/index.php?rest_route=%2Fwp%2Fv2%2Fcategories&post=139144"},{"taxonomy":"post_tag","embeddable":true,"href":"https:\/\/lospoliticosveracruz.com\/index.php?rest_route=%2Fwp%2Fv2%2Ftags&post=139144"}],"curies":[{"name":"wp","href":"https:\/\/api.w.org\/{rel}","templated":true}]}}