{"id":139157,"date":"2025-03-06T10:54:09","date_gmt":"2025-03-06T16:54:09","guid":{"rendered":"https:\/\/lospoliticosveracruz.com.mx\/?p=139157"},"modified":"2025-03-06T10:54:28","modified_gmt":"2025-03-06T16:54:28","slug":"dejen-de-fregar-y-arreglenselas-como-puedan","status":"publish","type":"post","link":"https:\/\/lospoliticosveracruz.com\/?p=139157","title":{"rendered":"DEJEN DE FREGAR Y ARR\u00c9GLENSELAS COMO PUEDAN"},"content":{"rendered":"\n<p>S\u00edguenos ahora tambi\u00e9n en WhatsApp.\u00a0<a href=\"https:\/\/whatsapp.com\/channel\/0029Va8zRWlEKyZIP3Z1dF0e\"><strong>Da clic aqu\u00ed<\/strong><\/a><\/p>\n\n\n\n<p><strong>Bernardo Guti\u00e9rrez Parra<\/strong><\/p>\n\n\n\n<p><em>Desde el Caf\u00e9<br><\/em><br>En junio del 2021 cuando faltaban unas horas para las elecciones municipales en Veracruz, Ren\u00e9 Tovar Tovar, candidato de Movimiento Ciudadano a la alcald\u00eda de Cazones de Herrera y seguro ganador de la contienda (de hecho la gan\u00f3 post mortem), fue asesinado a balazos en la puerta de su casa.<\/p>\n\n\n\n<p>Al d\u00eda siguiente, porque cuando ocurri\u00f3 el asesinato lo agarraron durmiendo, el gobernador Cuitl\u00e1huac Garc\u00eda dijo lo de siempre: \u201cDaremos con los culpables porque no se permitir\u00e1 la impunidad en Veracruz\u201d.<\/p>\n\n\n<div class=\"wp-block-image\">\n<figure class=\"alignleft size-thumbnail\"><a href=\"https:\/\/lospoliticosveracruz.com.mx\/wp-content\/uploads\/2025\/02\/Mastografia.jpeg\"><img loading=\"lazy\" decoding=\"async\" width=\"150\" height=\"150\" src=\"https:\/\/lospoliticosveracruz.com.mx\/wp-content\/uploads\/2025\/02\/Mastografia-150x150.jpeg\" alt=\"\" class=\"wp-image-138625\" srcset=\"https:\/\/lospoliticosveracruz.com\/wp-content\/uploads\/2025\/02\/Mastografia-150x150.jpeg 150w, https:\/\/lospoliticosveracruz.com\/wp-content\/uploads\/2025\/02\/Mastografia-125x125.jpeg 125w\" sizes=\"auto, (max-width: 150px) 100vw, 150px\" \/><\/a><\/figure>\n<\/div>\n\n\n<p>La se\u00f1ora justicia se movi\u00f3 r\u00e1pido y detuvo al alcalde sustituto como responsable de crimen y luego todo qued\u00f3 en suspenso.<\/p>\n\n\n\n<p>Pero el 22 de diciembre fue aprehendido Juan Manuel del R\u00edo Virgen, asesor del senador Ricardo Monreal al que le achacaron el crimen, en uno de los actos m\u00e1s injustos, llenos de sevicia y abuso de poder del gobierno de Cuitl\u00e1huac Garc\u00eda.<\/p>\n\n\n\n<p>Al final, el asesinato no ha sido aclarado pero siguen cayendo a balazos los actores pol\u00edticos. En diciembre del 2024 (ya en la administraci\u00f3n de Roc\u00edo Nahle) fue asesinado el diputado federal Benito Aguas. Y a principios de febrero acribillaron al secretario del Ayuntamiento de Paso del Macho, Carlos Rams\u00e9s Neri Rodr\u00edguez y a su hermano Juan Daniel.<\/p>\n\n\n\n<p>Y las amenazas de muerte siguen vigentes.<\/p>\n\n\n\n<p>Luis Carbonell de la Hoz, l\u00edder de Movimiento Ciudadano en Veracruz, denunci\u00f3 ayer que al menos diez candidatos de su partido a las alcald\u00edas, han sido amenazados de muerte.<\/p>\n\n\n\n<p>Expuso que las amenazas a hombres y mujeres se han generado principalmente en la zona norte y la zona monta\u00f1osa de la entidad.<\/p>\n\n\n\n<p>Y uno esperar\u00eda que las autoridades estatales se pusieran en contacto con el denunciante para ofrecer protecci\u00f3n a los amenazados, pero nada. Cuando Carbonell solicit\u00f3 apoyo a la Secretar\u00eda de Seguridad P\u00fablica le dieron una respuesta inveros\u00edmil: \u201cLa SSP carece de protocolo para vigilar a los candidatos\u201d.<\/p>\n\n\n\n<p>Futa\u2026<\/p>\n\n\n\n<p>Hasta donde me alcanza la memoria, lector, jam\u00e1s hab\u00eda escuchado una respuesta tan supinamente irresponsable de una autoridad judicial. Y es que aunque fuera para taparle el ojo al macho, siempre hab\u00eda una promesa de apoyo o una frase tranquilizadora. Nunca una negaci\u00f3n tan tajante.<\/p>\n\n\n\n<p>Lo bueno es que les avisaron y lo \u00fanico que falta para oficializarlo es el bolet\u00edn: \u201cSe\u00f1oras y se\u00f1ores aspirantes a las alcald\u00edas de la entidad, advertimos a ustedes que la Secretar\u00eda de Seguridad P\u00fablica no cuenta con un protocolo para brindarles apoyo, auxilio y seguridad, as\u00ed que quien ande en ese arguende lo har\u00e1 por su cuenta y riesgo\u201d.<\/p>\n\n\n\n<p>En serio en serio en serio, \u00bfno existe un protocolo de esa naturaleza para los actores pol\u00edticos? \u00bfEso le van a decir a familiares y seguidores del pr\u00f3ximo pol\u00edtico amenazado, golpeado o asesinado?<\/p>\n\n\n\n<p>La falta de un protocolo, pero sobre todo, la respuesta que le dieron al l\u00edder emecista, es una invitaci\u00f3n a que sigan cayendo quienes buscan ser alcaldes o alcaldesas en un estado donde la violencia est\u00e1 a a\u00f1os luz de terminar.<\/p>\n\n\n\n<p>Bueno ser\u00eda que Luis Carbonell diga qui\u00e9n le dio semejante respuesta porque quiero pensar que fue un segund\u00f3n de la SSP.<\/p>\n\n\n\n<p>Me niego a creer que el titular de esa dependencia, Alfonso Reyes Garc\u00e9s, Contralmirante de Infanter\u00eda Marina, Fuerzas Especiales y Diplomado de Estado Mayor haya contestado de esa manera, pues esas palabras son en s\u00ed un criminal atentado.<\/p>\n\n\n\n<p><strong>La lucha por Tlapacoyan<\/strong><\/p>\n\n\n\n<p>Con un conmovedor y emotivo mensaje (uta si) Je\u00fa M\u00e1rquez, cu\u00f1ado del alcalde de Tlapacoyan, Salvador Murrieta Moreno y aspirante a sucederlo en el cargo, anunci\u00f3 que siempre no va en atenci\u00f3n a los \u201clineamientos\u201d de su partido Morena. Es decir, de arriba le dijeron que no se permite que un familiar cercano suceda a otro en el cargo y Je\u00fa recul\u00f3.<\/p>\n\n\n\n<p>Pero Morena tiene a dos aspirantes m\u00e1s: Carlos G\u00e1mez Paredes, conocido por su trabajo en las comunidades y que cuenta con la aceptaci\u00f3n ciudadana. Y V\u00edctor Apolinar, que ya fue mun\u00edcipe por Movimiento Ciudadano pero busca la alcald\u00eda por segunda ocasi\u00f3n.<\/p>\n\n\n\n<p>bernardogup@hotmail.com<\/p>\n","protected":false},"excerpt":{"rendered":"<p>S\u00edguenos ahora tambi\u00e9n en WhatsApp.\u00a0Da clic aqu\u00ed Bernardo Guti\u00e9rrez Parra Desde el Caf\u00e9En junio del 2021 cuando faltaban unas horas para las elecciones municipales en Veracruz, Ren\u00e9 Tovar Tovar, candidato de Movimiento Ciudadano a la alcald\u00eda de Cazones de Herrera y seguro ganador de la contienda (de hecho la gan\u00f3 post mortem), fue asesinado a [&hellip;]<\/p>\n","protected":false},"author":2,"featured_media":119914,"comment_status":"closed","ping_status":"closed","sticky":false,"template":"","format":"standard","meta":{"tdm_status":"","tdm_grid_status":"","footnotes":""},"categories":[70],"tags":[34206,1563,2327],"class_list":{"0":"post-139157","1":"post","2":"type-post","3":"status-publish","4":"format-standard","5":"has-post-thumbnail","7":"category-de-opinion","8":"tag-bernardo-gutierrez-parra","9":"tag-cuitlahuac-garcia-jimenez","10":"tag-movimiento-ciudadano"},"yoast_head":"<!-- This site is optimized with the Yoast SEO plugin v27.4 - https:\/\/yoast.com\/product\/yoast-seo-wordpress\/ -->\n<title>DEJEN DE FREGAR Y ARR\u00c9GLENSELAS COMO PUEDAN - Los pol\u00edticos Veracruz<\/title>\n<meta name=\"robots\" content=\"index, follow, max-snippet:-1, max-image-preview:large, max-video-preview:-1\" \/>\n<link rel=\"canonical\" href=\"https:\/\/lospoliticosveracruz.com\/?p=139157\" \/>\n<meta property=\"og:locale\" content=\"es_ES\" \/>\n<meta property=\"og:type\" content=\"article\" \/>\n<meta property=\"og:title\" content=\"DEJEN DE FREGAR Y ARR\u00c9GLENSELAS COMO PUEDAN - Los pol\u00edticos Veracruz\" \/>\n<meta property=\"og:description\" content=\"S\u00edguenos ahora tambi\u00e9n en WhatsApp.\u00a0Da clic aqu\u00ed Bernardo Guti\u00e9rrez Parra Desde el Caf\u00e9En junio del 2021 cuando faltaban unas horas para las elecciones municipales en Veracruz, Ren\u00e9 Tovar Tovar, candidato de Movimiento Ciudadano a la alcald\u00eda de Cazones de Herrera y seguro ganador de la contienda (de hecho la gan\u00f3 post mortem), fue asesinado a [&hellip;]\" \/>\n<meta property=\"og:url\" content=\"https:\/\/lospoliticosveracruz.com\/?p=139157\" \/>\n<meta property=\"og:site_name\" content=\"Los pol\u00edticos Veracruz\" \/>\n<meta property=\"article:publisher\" content=\"https:\/\/www.facebook.com\/people\/Notimemes-de-los-Polticos\/61565672886568\/\" \/>\n<meta property=\"article:published_time\" content=\"2025-03-06T16:54:09+00:00\" \/>\n<meta property=\"article:modified_time\" content=\"2025-03-06T16:54:28+00:00\" \/>\n<meta property=\"og:image\" content=\"https:\/\/lospoliticosveracruz.com\/wp-content\/uploads\/2024\/03\/Bernardo.jpg\" \/>\n\t<meta property=\"og:image:width\" content=\"1250\" \/>\n\t<meta property=\"og:image:height\" content=\"667\" \/>\n\t<meta property=\"og:image:type\" content=\"image\/jpeg\" \/>\n<meta name=\"author\" content=\"Lo viste en Los Pol\u00edticos\" \/>\n<meta name=\"twitter:card\" content=\"summary_large_image\" \/>\n<meta name=\"twitter:creator\" content=\"@LosPoliticosVer\" \/>\n<meta name=\"twitter:site\" content=\"@LosPoliticosVer\" \/>\n<meta name=\"twitter:label1\" content=\"Escrito por\" \/>\n\t<meta name=\"twitter:data1\" content=\"Lo viste en Los Pol\u00edticos\" \/>\n\t<meta name=\"twitter:label2\" content=\"Tiempo de lectura\" \/>\n\t<meta name=\"twitter:data2\" content=\"4 minutos\" \/>\n<script type=\"application\/ld+json\" class=\"yoast-schema-graph\">{\"@context\":\"https:\\\/\\\/schema.org\",\"@graph\":[{\"@type\":\"Article\",\"@id\":\"https:\\\/\\\/lospoliticosveracruz.com\\\/?p=139157#article\",\"isPartOf\":{\"@id\":\"https:\\\/\\\/lospoliticosveracruz.com\\\/?p=139157\"},\"author\":{\"name\":\"Lo viste en Los Pol\u00edticos\",\"@id\":\"https:\\\/\\\/lospoliticosveracruz.com\\\/#\\\/schema\\\/person\\\/b8702bb0e538456e6efd07080bf2a4a2\"},\"headline\":\"DEJEN DE FREGAR Y ARR\u00c9GLENSELAS COMO PUEDAN\",\"datePublished\":\"2025-03-06T16:54:09+00:00\",\"dateModified\":\"2025-03-06T16:54:28+00:00\",\"mainEntityOfPage\":{\"@id\":\"https:\\\/\\\/lospoliticosveracruz.com\\\/?p=139157\"},\"wordCount\":733,\"publisher\":{\"@id\":\"https:\\\/\\\/lospoliticosveracruz.com\\\/#organization\"},\"image\":{\"@id\":\"https:\\\/\\\/lospoliticosveracruz.com\\\/?p=139157#primaryimage\"},\"thumbnailUrl\":\"https:\\\/\\\/lospoliticosveracruz.com\\\/wp-content\\\/uploads\\\/2024\\\/03\\\/Bernardo.jpg\",\"keywords\":[\"Bernardo Guti\u00e9rrez Parra\",\"Cuitl\u00e1huac Garc\u00eda Jim\u00e9nez\",\"Movimiento Ciudadano\"],\"articleSection\":[\"De Opini\u00f3n\"],\"inLanguage\":\"es\"},{\"@type\":\"WebPage\",\"@id\":\"https:\\\/\\\/lospoliticosveracruz.com\\\/?p=139157\",\"url\":\"https:\\\/\\\/lospoliticosveracruz.com\\\/?p=139157\",\"name\":\"DEJEN DE FREGAR Y ARR\u00c9GLENSELAS COMO PUEDAN - Los pol\u00edticos Veracruz\",\"isPartOf\":{\"@id\":\"https:\\\/\\\/lospoliticosveracruz.com\\\/#website\"},\"primaryImageOfPage\":{\"@id\":\"https:\\\/\\\/lospoliticosveracruz.com\\\/?p=139157#primaryimage\"},\"image\":{\"@id\":\"https:\\\/\\\/lospoliticosveracruz.com\\\/?p=139157#primaryimage\"},\"thumbnailUrl\":\"https:\\\/\\\/lospoliticosveracruz.com\\\/wp-content\\\/uploads\\\/2024\\\/03\\\/Bernardo.jpg\",\"datePublished\":\"2025-03-06T16:54:09+00:00\",\"dateModified\":\"2025-03-06T16:54:28+00:00\",\"breadcrumb\":{\"@id\":\"https:\\\/\\\/lospoliticosveracruz.com\\\/?p=139157#breadcrumb\"},\"inLanguage\":\"es\",\"potentialAction\":[{\"@type\":\"ReadAction\",\"target\":[\"https:\\\/\\\/lospoliticosveracruz.com\\\/?p=139157\"]}]},{\"@type\":\"ImageObject\",\"inLanguage\":\"es\",\"@id\":\"https:\\\/\\\/lospoliticosveracruz.com\\\/?p=139157#primaryimage\",\"url\":\"https:\\\/\\\/lospoliticosveracruz.com\\\/wp-content\\\/uploads\\\/2024\\\/03\\\/Bernardo.jpg\",\"contentUrl\":\"https:\\\/\\\/lospoliticosveracruz.com\\\/wp-content\\\/uploads\\\/2024\\\/03\\\/Bernardo.jpg\",\"width\":1250,\"height\":667},{\"@type\":\"BreadcrumbList\",\"@id\":\"https:\\\/\\\/lospoliticosveracruz.com\\\/?p=139157#breadcrumb\",\"itemListElement\":[{\"@type\":\"ListItem\",\"position\":1,\"name\":\"Portada\",\"item\":\"https:\\\/\\\/lospoliticosveracruz.com\\\/\"},{\"@type\":\"ListItem\",\"position\":2,\"name\":\"DEJEN DE FREGAR Y ARR\u00c9GLENSELAS COMO PUEDAN\"}]},{\"@type\":\"WebSite\",\"@id\":\"https:\\\/\\\/lospoliticosveracruz.com\\\/#website\",\"url\":\"https:\\\/\\\/lospoliticosveracruz.com\\\/\",\"name\":\"Los pol\u00edticos Veracruz\",\"description\":\"\",\"publisher\":{\"@id\":\"https:\\\/\\\/lospoliticosveracruz.com\\\/#organization\"},\"potentialAction\":[{\"@type\":\"SearchAction\",\"target\":{\"@type\":\"EntryPoint\",\"urlTemplate\":\"https:\\\/\\\/lospoliticosveracruz.com\\\/?s={search_term_string}\"},\"query-input\":{\"@type\":\"PropertyValueSpecification\",\"valueRequired\":true,\"valueName\":\"search_term_string\"}}],\"inLanguage\":\"es\"},{\"@type\":\"Organization\",\"@id\":\"https:\\\/\\\/lospoliticosveracruz.com\\\/#organization\",\"name\":\"Los pol\u00edticos Veracruz\",\"url\":\"https:\\\/\\\/lospoliticosveracruz.com\\\/\",\"logo\":{\"@type\":\"ImageObject\",\"inLanguage\":\"es\",\"@id\":\"https:\\\/\\\/lospoliticosveracruz.com\\\/#\\\/schema\\\/logo\\\/image\\\/\",\"url\":\"https:\\\/\\\/lospoliticosveracruz.com\\\/wp-content\\\/uploads\\\/2025\\\/12\\\/Logo-Nuevo-LOS-POLITICOS-1.jpg\",\"contentUrl\":\"https:\\\/\\\/lospoliticosveracruz.com\\\/wp-content\\\/uploads\\\/2025\\\/12\\\/Logo-Nuevo-LOS-POLITICOS-1.jpg\",\"width\":260,\"height\":70,\"caption\":\"Los pol\u00edticos Veracruz\"},\"image\":{\"@id\":\"https:\\\/\\\/lospoliticosveracruz.com\\\/#\\\/schema\\\/logo\\\/image\\\/\"},\"sameAs\":[\"https:\\\/\\\/www.facebook.com\\\/people\\\/Notimemes-de-los-Polticos\\\/61565672886568\\\/\",\"https:\\\/\\\/x.com\\\/LosPoliticosVer\"]},{\"@type\":\"Person\",\"@id\":\"https:\\\/\\\/lospoliticosveracruz.com\\\/#\\\/schema\\\/person\\\/b8702bb0e538456e6efd07080bf2a4a2\",\"name\":\"Lo viste en Los Pol\u00edticos\",\"image\":{\"@type\":\"ImageObject\",\"inLanguage\":\"es\",\"@id\":\"https:\\\/\\\/secure.gravatar.com\\\/avatar\\\/3a8de04a2656d44082be478bd6c086daa447c4651605818287b9532d3d0bd435?s=96&d=mm&r=g\",\"url\":\"https:\\\/\\\/secure.gravatar.com\\\/avatar\\\/3a8de04a2656d44082be478bd6c086daa447c4651605818287b9532d3d0bd435?s=96&d=mm&r=g\",\"contentUrl\":\"https:\\\/\\\/secure.gravatar.com\\\/avatar\\\/3a8de04a2656d44082be478bd6c086daa447c4651605818287b9532d3d0bd435?s=96&d=mm&r=g\",\"caption\":\"Lo viste en Los Pol\u00edticos\"},\"url\":\"https:\\\/\\\/lospoliticosveracruz.com\\\/?author=2\"}]}<\/script>\n<!-- \/ Yoast SEO plugin. -->","yoast_head_json":{"title":"DEJEN DE FREGAR Y ARR\u00c9GLENSELAS COMO PUEDAN - Los pol\u00edticos Veracruz","robots":{"index":"index","follow":"follow","max-snippet":"max-snippet:-1","max-image-preview":"max-image-preview:large","max-video-preview":"max-video-preview:-1"},"canonical":"https:\/\/lospoliticosveracruz.com\/?p=139157","og_locale":"es_ES","og_type":"article","og_title":"DEJEN DE FREGAR Y ARR\u00c9GLENSELAS COMO PUEDAN - Los pol\u00edticos Veracruz","og_description":"S\u00edguenos ahora tambi\u00e9n en WhatsApp.\u00a0Da clic aqu\u00ed Bernardo Guti\u00e9rrez Parra Desde el Caf\u00e9En junio del 2021 cuando faltaban unas horas para las elecciones municipales en Veracruz, Ren\u00e9 Tovar Tovar, candidato de Movimiento Ciudadano a la alcald\u00eda de Cazones de Herrera y seguro ganador de la contienda (de hecho la gan\u00f3 post mortem), fue asesinado a [&hellip;]","og_url":"https:\/\/lospoliticosveracruz.com\/?p=139157","og_site_name":"Los pol\u00edticos Veracruz","article_publisher":"https:\/\/www.facebook.com\/people\/Notimemes-de-los-Polticos\/61565672886568\/","article_published_time":"2025-03-06T16:54:09+00:00","article_modified_time":"2025-03-06T16:54:28+00:00","og_image":[{"width":1250,"height":667,"url":"https:\/\/lospoliticosveracruz.com\/wp-content\/uploads\/2024\/03\/Bernardo.jpg","type":"image\/jpeg"}],"author":"Lo viste en Los Pol\u00edticos","twitter_card":"summary_large_image","twitter_creator":"@LosPoliticosVer","twitter_site":"@LosPoliticosVer","twitter_misc":{"Escrito por":"Lo viste en Los Pol\u00edticos","Tiempo de lectura":"4 minutos"},"schema":{"@context":"https:\/\/schema.org","@graph":[{"@type":"Article","@id":"https:\/\/lospoliticosveracruz.com\/?p=139157#article","isPartOf":{"@id":"https:\/\/lospoliticosveracruz.com\/?p=139157"},"author":{"name":"Lo viste en Los Pol\u00edticos","@id":"https:\/\/lospoliticosveracruz.com\/#\/schema\/person\/b8702bb0e538456e6efd07080bf2a4a2"},"headline":"DEJEN DE FREGAR Y ARR\u00c9GLENSELAS COMO PUEDAN","datePublished":"2025-03-06T16:54:09+00:00","dateModified":"2025-03-06T16:54:28+00:00","mainEntityOfPage":{"@id":"https:\/\/lospoliticosveracruz.com\/?p=139157"},"wordCount":733,"publisher":{"@id":"https:\/\/lospoliticosveracruz.com\/#organization"},"image":{"@id":"https:\/\/lospoliticosveracruz.com\/?p=139157#primaryimage"},"thumbnailUrl":"https:\/\/lospoliticosveracruz.com\/wp-content\/uploads\/2024\/03\/Bernardo.jpg","keywords":["Bernardo Guti\u00e9rrez Parra","Cuitl\u00e1huac Garc\u00eda Jim\u00e9nez","Movimiento Ciudadano"],"articleSection":["De Opini\u00f3n"],"inLanguage":"es"},{"@type":"WebPage","@id":"https:\/\/lospoliticosveracruz.com\/?p=139157","url":"https:\/\/lospoliticosveracruz.com\/?p=139157","name":"DEJEN DE FREGAR Y ARR\u00c9GLENSELAS COMO PUEDAN - Los pol\u00edticos Veracruz","isPartOf":{"@id":"https:\/\/lospoliticosveracruz.com\/#website"},"primaryImageOfPage":{"@id":"https:\/\/lospoliticosveracruz.com\/?p=139157#primaryimage"},"image":{"@id":"https:\/\/lospoliticosveracruz.com\/?p=139157#primaryimage"},"thumbnailUrl":"https:\/\/lospoliticosveracruz.com\/wp-content\/uploads\/2024\/03\/Bernardo.jpg","datePublished":"2025-03-06T16:54:09+00:00","dateModified":"2025-03-06T16:54:28+00:00","breadcrumb":{"@id":"https:\/\/lospoliticosveracruz.com\/?p=139157#breadcrumb"},"inLanguage":"es","potentialAction":[{"@type":"ReadAction","target":["https:\/\/lospoliticosveracruz.com\/?p=139157"]}]},{"@type":"ImageObject","inLanguage":"es","@id":"https:\/\/lospoliticosveracruz.com\/?p=139157#primaryimage","url":"https:\/\/lospoliticosveracruz.com\/wp-content\/uploads\/2024\/03\/Bernardo.jpg","contentUrl":"https:\/\/lospoliticosveracruz.com\/wp-content\/uploads\/2024\/03\/Bernardo.jpg","width":1250,"height":667},{"@type":"BreadcrumbList","@id":"https:\/\/lospoliticosveracruz.com\/?p=139157#breadcrumb","itemListElement":[{"@type":"ListItem","position":1,"name":"Portada","item":"https:\/\/lospoliticosveracruz.com\/"},{"@type":"ListItem","position":2,"name":"DEJEN DE FREGAR Y ARR\u00c9GLENSELAS COMO PUEDAN"}]},{"@type":"WebSite","@id":"https:\/\/lospoliticosveracruz.com\/#website","url":"https:\/\/lospoliticosveracruz.com\/","name":"Los pol\u00edticos Veracruz","description":"","publisher":{"@id":"https:\/\/lospoliticosveracruz.com\/#organization"},"potentialAction":[{"@type":"SearchAction","target":{"@type":"EntryPoint","urlTemplate":"https:\/\/lospoliticosveracruz.com\/?s={search_term_string}"},"query-input":{"@type":"PropertyValueSpecification","valueRequired":true,"valueName":"search_term_string"}}],"inLanguage":"es"},{"@type":"Organization","@id":"https:\/\/lospoliticosveracruz.com\/#organization","name":"Los pol\u00edticos Veracruz","url":"https:\/\/lospoliticosveracruz.com\/","logo":{"@type":"ImageObject","inLanguage":"es","@id":"https:\/\/lospoliticosveracruz.com\/#\/schema\/logo\/image\/","url":"https:\/\/lospoliticosveracruz.com\/wp-content\/uploads\/2025\/12\/Logo-Nuevo-LOS-POLITICOS-1.jpg","contentUrl":"https:\/\/lospoliticosveracruz.com\/wp-content\/uploads\/2025\/12\/Logo-Nuevo-LOS-POLITICOS-1.jpg","width":260,"height":70,"caption":"Los pol\u00edticos Veracruz"},"image":{"@id":"https:\/\/lospoliticosveracruz.com\/#\/schema\/logo\/image\/"},"sameAs":["https:\/\/www.facebook.com\/people\/Notimemes-de-los-Polticos\/61565672886568\/","https:\/\/x.com\/LosPoliticosVer"]},{"@type":"Person","@id":"https:\/\/lospoliticosveracruz.com\/#\/schema\/person\/b8702bb0e538456e6efd07080bf2a4a2","name":"Lo viste en Los Pol\u00edticos","image":{"@type":"ImageObject","inLanguage":"es","@id":"https:\/\/secure.gravatar.com\/avatar\/3a8de04a2656d44082be478bd6c086daa447c4651605818287b9532d3d0bd435?s=96&d=mm&r=g","url":"https:\/\/secure.gravatar.com\/avatar\/3a8de04a2656d44082be478bd6c086daa447c4651605818287b9532d3d0bd435?s=96&d=mm&r=g","contentUrl":"https:\/\/secure.gravatar.com\/avatar\/3a8de04a2656d44082be478bd6c086daa447c4651605818287b9532d3d0bd435?s=96&d=mm&r=g","caption":"Lo viste en Los Pol\u00edticos"},"url":"https:\/\/lospoliticosveracruz.com\/?author=2"}]}},"_links":{"self":[{"href":"https:\/\/lospoliticosveracruz.com\/index.php?rest_route=\/wp\/v2\/posts\/139157","targetHints":{"allow":["GET"]}}],"collection":[{"href":"https:\/\/lospoliticosveracruz.com\/index.php?rest_route=\/wp\/v2\/posts"}],"about":[{"href":"https:\/\/lospoliticosveracruz.com\/index.php?rest_route=\/wp\/v2\/types\/post"}],"author":[{"embeddable":true,"href":"https:\/\/lospoliticosveracruz.com\/index.php?rest_route=\/wp\/v2\/users\/2"}],"replies":[{"embeddable":true,"href":"https:\/\/lospoliticosveracruz.com\/index.php?rest_route=%2Fwp%2Fv2%2Fcomments&post=139157"}],"version-history":[{"count":2,"href":"https:\/\/lospoliticosveracruz.com\/index.php?rest_route=\/wp\/v2\/posts\/139157\/revisions"}],"predecessor-version":[{"id":139159,"href":"https:\/\/lospoliticosveracruz.com\/index.php?rest_route=\/wp\/v2\/posts\/139157\/revisions\/139159"}],"wp:featuredmedia":[{"embeddable":true,"href":"https:\/\/lospoliticosveracruz.com\/index.php?rest_route=\/wp\/v2\/media\/119914"}],"wp:attachment":[{"href":"https:\/\/lospoliticosveracruz.com\/index.php?rest_route=%2Fwp%2Fv2%2Fmedia&parent=139157"}],"wp:term":[{"taxonomy":"category","embeddable":true,"href":"https:\/\/lospoliticosveracruz.com\/index.php?rest_route=%2Fwp%2Fv2%2Fcategories&post=139157"},{"taxonomy":"post_tag","embeddable":true,"href":"https:\/\/lospoliticosveracruz.com\/index.php?rest_route=%2Fwp%2Fv2%2Ftags&post=139157"}],"curies":[{"name":"wp","href":"https:\/\/api.w.org\/{rel}","templated":true}]}}