{"id":139311,"date":"2025-03-09T05:47:13","date_gmt":"2025-03-09T11:47:13","guid":{"rendered":"https:\/\/lospoliticosveracruz.com.mx\/?p=139311"},"modified":"2025-03-09T05:47:39","modified_gmt":"2025-03-09T11:47:39","slug":"los-100-dias-de-nahle-2","status":"publish","type":"post","link":"https:\/\/lospoliticosveracruz.com\/?p=139311","title":{"rendered":"LOS 100 D\u00cdAS DE NAHLE"},"content":{"rendered":"\n<p>[S\u00edguenos ahora tambi\u00e9n en WhatsApp.\u00a0<a href=\"https:\/\/whatsapp.com\/channel\/0029Va8zRWlEKyZIP3Z1dF0e\"><strong><em>Da clic aqu\u00ed<\/em><\/strong><\/a>]\u00a0<br><strong>Ricardo Chua<\/strong><\/p>\n\n\n\n<p><em>Sale y Vale<\/em><\/p>\n\n\n\n<p>Ayer en Coatzacoalcos, la tierra adoptiva, de la gobernadora Roc\u00edo Nahle Garc\u00eda.. Llev\u00f3 a cabo su evento en el Teatro de la Ciudad.. De un informe de los primeros 100 d\u00edas de su gobierno.. Donde agradeci\u00f3 a todos el apoyo que le han dado como mandataria. Tanto al pueblo de Veracruz que vot\u00f3 por ella, sociedad que la respalda y el poder legislativo que ha aprobado todo lo que ha mandado al Congreso Local como la \u00abLey Vicar\u00eda\u00bb.. Hablo de lo que ha hecho como la primera mujer en el gobierno del Estado.. Pero no coment\u00f3 de ninguna de las grandes obras que se esperan para la entidad..<\/p>\n\n\n\n<p>Finalmente 100 d\u00edas son pocos para evaluar su administraci\u00f3n.. Pero ella se arriesg\u00f3 al hacer este de eventos que recuerda a esos actos prominentes que hac\u00edan gobiernos estatales priistas o panistas.. Muy parecido donde todos los que acudieron, aplaudieron a rabiar a la primera gobernadora de Veracruz.. Pero en el sustento no mencion\u00f3 nada que no se supiera.. En Coatzacoalcos dej\u00f3 claro que Cuitl\u00e1huac Garc\u00eda le dej\u00f3 en \u00abcaja\u00bb 7 mil millones de pesos para arrancar su gobierno.. Pero no mencion\u00f3 nada que el ex gobernador la Auditor\u00eda Superior de la Federaci\u00f3n, lo tiene \u00abatorado\u00bb con 3 mil 500 millones de pesos..<\/p>\n\n\n\n<p>As\u00ed que despu\u00e9s de ayer, ahora, si viene el principal reto de Roc\u00edo Nahle.. Ya la sociedad veracruzana (todos no s\u00f3lo los que no votaron por MORENA sino tambi\u00e9n los de su partido) a reclamarle que le de resultados en materia de seguridad y reactivaci\u00f3n econ\u00f3mica.. Qu\u00e9 es lo que m\u00e1s le urge a Veracruz.. Le van a exigir que YA DEDIQUE su agenda de gobierno para resolver las necesidades de la entidad.. Y que se olvide un poco de la agenda pol\u00edtica con el tema Yunes, que ya es un asunto de MORENA.. Ella ahora s\u00ed tiene esa responsabilidad.. Lo otro no es prioridad.. Ella ya es gobernadora, no candidata..<\/p>\n\n\n\n<p>Ella m\u00e1s que nadie, sabe bien para que su proyecto pol\u00edtico y gobierno crezca.. Y sea reconocido.. Tiene que priorizar su agenda y con su trabajo dar a notar que ella es gobernadora de los veracruzanos.. No s\u00f3lo de militantes de MORENA.. Con eso tambi\u00e9n callar\u00eda la boca, de todos aquellos que la critican por ser nativa de Zacatecas y no de la entidad.. Eso est\u00e1 en sus manos.. Del evento en Coatzacoalcos, obvio que sus cr\u00edticos dir\u00e1n que fue un acto de demagog\u00eda pol\u00edtica y sus aplaudidores dir\u00e1n que es un informe del mejor gobernador de Veracruz.. Todo depende del cristal con que se mire.. AMEN..<\/p>\n\n\n\n<p>ZENYAZEN, MONREAL Y C\u00d3RDOBA.. Seg\u00fan versiones que salen de CDMX y del municipio de C\u00f3rdoba.. Se ha creado desde la c\u00e1mara de diputados federales, una operaci\u00f3n llamada \u00abCaballo de Troya\u00bb, la cual pretende EMPODERAR, seg\u00fan los cordobeses, al legislador federal y ex secretario de Educaci\u00f3n de Veracruz, Zenyazen Escobar Garc\u00eda, para que se quede con la candidatura a la alcald\u00eda de esta ciudad por el partido MORENA.. Y que el gestor de esta operaci\u00f3n es nada menos que el coordinador de los diputados federales de MORENA en el Congreso de la Uni\u00f3n, Ricardo Monreal \u00c1vila..<\/p>\n\n\n\n<p>Monreal \u00c1vila que sostiene enfrentamientos pol\u00edticos, en su momento, con la gobernadora Roc\u00edo Nahle y que tambi\u00e9n presuntamente pretend\u00eda vetar a Andr\u00e9s Manuel L\u00f3pez Beltr\u00e1n \u00abAndy\u00bb para ser candidato a la Presidencia de M\u00e9xico por MORENA en 2030.. As\u00ed que los rumores se\u00f1alan que el zacatecano, le pretend\u00eda meter un \u00abgol\u00bb a Nahle Garc\u00eda y L\u00f3pez Beltr\u00e1n.. Al impulsar presuntamente a Zenyazen para ser candidato a la alcald\u00eda de C\u00f3rdoba.. Y que adem\u00e1s el popular \u00abTarz\u00e1n Boy\u00bb cordob\u00e9s.. Ya se hab\u00eda ALINEADO al grupo pol\u00edtico de Los Monreal en CDMX..<\/p>\n\n\n\n<p>Seg\u00fan sus \u00abbi\u00f3grafos\u00bb no autorizados.. Zenyazen Escobar en este momento se encuentra \u00abagazapado\u00bb en CDMX y C\u00f3rdoba.. Ya que este no se ha sumado abiertamente a se\u00f1alar que buscar\u00e1 ser el candidato a la alcald\u00eda de la ciudad de \u00abLos 30 Caballeros\u00bb.. Y que adem\u00e1s est\u00e1 \u00abentrampado\u00bb en los problemas que actualmente vive en la SEV la nueva titular, Claudia Tello, que mantiene serios conflictos con el sector magisterial, presuntamente manipulados por Zenyazen.. Pero en realidad este enfrentamiento, si est\u00e1 \u00abdesgastando\u00bb el gobierno de Roc\u00edo Nahle.. Por eso, le est\u00e1n echando la culpa al diputado..<\/p>\n\n\n\n<p>Sin embargo, en la ciudad de C\u00f3rdoba est\u00e1n aprovechando la \u00abfiltraci\u00f3n\u00bb que se hizo p\u00fablica y se ha viralizado.. Sobre las palabras dichas presuntamente por el diputado federal, Ricardo Monreal \u00c1vila, de esa \u00abnegociaci\u00f3n\u00bb que hab\u00eda entre el PAN y el partido MORENA para vetar a los hijos del ex Presidente, Andr\u00e9s Manuel L\u00f3pez Obrador.. Situaci\u00f3n que est\u00e1n ocupando para se\u00f1alar que Zenyazen era parte de ese \u00abjuego\u00bb pol\u00edtico en el Congreso de la Uni\u00f3n.. Y que supuestamente las revelaciones cayeron como \u00abbalde de agua fr\u00eda\u00bb tanto en las oficinas del comit\u00e9 nacional de MORENA como en Palacio de Gobierno en Veracruz..<\/p>\n\n\n\n<p>Motivo por el cual, est\u00e1n acusando que como parte de esta estrategia.. Era impulsar a Zenyazen como candidato a la alcald\u00eda, y que por ello tuvieron de aliado a la dirigencia estatal de MORENA, que lo inscribi\u00f3 de \u00faltima hora, fuera ya de las reglas establecidas dentro de su partido para ser aspirante a la presidencia municipal.. Por esa raz\u00f3n, buscan la intervenci\u00f3n de la gobernadora Roc\u00edo Nahle para que imponga su autoridad como jefa pol\u00edtica de Veracruz.. Y no permita que un presunto aliado de Ricardo Monreal \u00c1vila logre ser candidato a alcalde.. Y que se violen los procedimientos internos del partido.. Que relajo se traen en MORENA.. AMEN Y DIOS QUE LOS BENDIGA..<\/p>\n","protected":false},"excerpt":{"rendered":"<p>[S\u00edguenos ahora tambi\u00e9n en WhatsApp.\u00a0Da clic aqu\u00ed]\u00a0Ricardo Chua Sale y Vale Ayer en Coatzacoalcos, la tierra adoptiva, de la gobernadora Roc\u00edo Nahle Garc\u00eda.. Llev\u00f3 a cabo su evento en el Teatro de la Ciudad.. De un informe de los primeros 100 d\u00edas de su gobierno.. Donde agradeci\u00f3 a todos el apoyo que le han dado [&hellip;]<\/p>\n","protected":false},"author":2,"featured_media":119817,"comment_status":"closed","ping_status":"closed","sticky":false,"template":"","format":"standard","meta":{"tdm_status":"","tdm_grid_status":"","footnotes":""},"categories":[70],"tags":[1026,3578,195],"class_list":{"0":"post-139311","1":"post","2":"type-post","3":"status-publish","4":"format-standard","5":"has-post-thumbnail","7":"category-de-opinion","8":"tag-morena","9":"tag-rocio-nahle","10":"tag-veracruz"},"yoast_head":"<!-- This site is optimized with the Yoast SEO plugin v27.4 - https:\/\/yoast.com\/product\/yoast-seo-wordpress\/ -->\n<title>LOS 100 D\u00cdAS DE NAHLE - Los pol\u00edticos Veracruz<\/title>\n<meta name=\"robots\" content=\"index, follow, max-snippet:-1, max-image-preview:large, max-video-preview:-1\" \/>\n<link rel=\"canonical\" href=\"https:\/\/lospoliticosveracruz.com\/?p=139311\" \/>\n<meta property=\"og:locale\" content=\"es_ES\" \/>\n<meta property=\"og:type\" content=\"article\" \/>\n<meta property=\"og:title\" content=\"LOS 100 D\u00cdAS DE NAHLE - Los pol\u00edticos Veracruz\" \/>\n<meta property=\"og:description\" content=\"[S\u00edguenos ahora tambi\u00e9n en WhatsApp.\u00a0Da clic aqu\u00ed]\u00a0Ricardo Chua Sale y Vale Ayer en Coatzacoalcos, la tierra adoptiva, de la gobernadora Roc\u00edo Nahle Garc\u00eda.. Llev\u00f3 a cabo su evento en el Teatro de la Ciudad.. De un informe de los primeros 100 d\u00edas de su gobierno.. Donde agradeci\u00f3 a todos el apoyo que le han dado [&hellip;]\" \/>\n<meta property=\"og:url\" content=\"https:\/\/lospoliticosveracruz.com\/?p=139311\" \/>\n<meta property=\"og:site_name\" content=\"Los pol\u00edticos Veracruz\" \/>\n<meta property=\"article:publisher\" content=\"https:\/\/www.facebook.com\/people\/Notimemes-de-los-Polticos\/61565672886568\/\" \/>\n<meta property=\"article:published_time\" content=\"2025-03-09T11:47:13+00:00\" \/>\n<meta property=\"article:modified_time\" content=\"2025-03-09T11:47:39+00:00\" \/>\n<meta property=\"og:image\" content=\"https:\/\/lospoliticosveracruz.com\/wp-content\/uploads\/2024\/03\/Ricardo-Chua.jpg\" \/>\n\t<meta property=\"og:image:width\" content=\"1250\" \/>\n\t<meta property=\"og:image:height\" content=\"667\" \/>\n\t<meta property=\"og:image:type\" content=\"image\/jpeg\" \/>\n<meta name=\"author\" content=\"Lo viste en Los Pol\u00edticos\" \/>\n<meta name=\"twitter:card\" content=\"summary_large_image\" \/>\n<meta name=\"twitter:creator\" content=\"@LosPoliticosVer\" \/>\n<meta name=\"twitter:site\" content=\"@LosPoliticosVer\" \/>\n<meta name=\"twitter:label1\" content=\"Escrito por\" \/>\n\t<meta name=\"twitter:data1\" content=\"Lo viste en Los Pol\u00edticos\" \/>\n\t<meta name=\"twitter:label2\" content=\"Tiempo de lectura\" \/>\n\t<meta name=\"twitter:data2\" content=\"5 minutos\" \/>\n<script type=\"application\/ld+json\" class=\"yoast-schema-graph\">{\"@context\":\"https:\\\/\\\/schema.org\",\"@graph\":[{\"@type\":\"Article\",\"@id\":\"https:\\\/\\\/lospoliticosveracruz.com\\\/?p=139311#article\",\"isPartOf\":{\"@id\":\"https:\\\/\\\/lospoliticosveracruz.com\\\/?p=139311\"},\"author\":{\"name\":\"Lo viste en Los Pol\u00edticos\",\"@id\":\"https:\\\/\\\/lospoliticosveracruz.com\\\/#\\\/schema\\\/person\\\/b8702bb0e538456e6efd07080bf2a4a2\"},\"headline\":\"LOS 100 D\u00cdAS DE NAHLE\",\"datePublished\":\"2025-03-09T11:47:13+00:00\",\"dateModified\":\"2025-03-09T11:47:39+00:00\",\"mainEntityOfPage\":{\"@id\":\"https:\\\/\\\/lospoliticosveracruz.com\\\/?p=139311\"},\"wordCount\":1026,\"publisher\":{\"@id\":\"https:\\\/\\\/lospoliticosveracruz.com\\\/#organization\"},\"image\":{\"@id\":\"https:\\\/\\\/lospoliticosveracruz.com\\\/?p=139311#primaryimage\"},\"thumbnailUrl\":\"https:\\\/\\\/lospoliticosveracruz.com\\\/wp-content\\\/uploads\\\/2024\\\/03\\\/Ricardo-Chua.jpg\",\"keywords\":[\"Morena\",\"Roc\u00edo Nahle\",\"Veracruz\"],\"articleSection\":[\"De Opini\u00f3n\"],\"inLanguage\":\"es\"},{\"@type\":\"WebPage\",\"@id\":\"https:\\\/\\\/lospoliticosveracruz.com\\\/?p=139311\",\"url\":\"https:\\\/\\\/lospoliticosveracruz.com\\\/?p=139311\",\"name\":\"LOS 100 D\u00cdAS DE NAHLE - Los pol\u00edticos Veracruz\",\"isPartOf\":{\"@id\":\"https:\\\/\\\/lospoliticosveracruz.com\\\/#website\"},\"primaryImageOfPage\":{\"@id\":\"https:\\\/\\\/lospoliticosveracruz.com\\\/?p=139311#primaryimage\"},\"image\":{\"@id\":\"https:\\\/\\\/lospoliticosveracruz.com\\\/?p=139311#primaryimage\"},\"thumbnailUrl\":\"https:\\\/\\\/lospoliticosveracruz.com\\\/wp-content\\\/uploads\\\/2024\\\/03\\\/Ricardo-Chua.jpg\",\"datePublished\":\"2025-03-09T11:47:13+00:00\",\"dateModified\":\"2025-03-09T11:47:39+00:00\",\"breadcrumb\":{\"@id\":\"https:\\\/\\\/lospoliticosveracruz.com\\\/?p=139311#breadcrumb\"},\"inLanguage\":\"es\",\"potentialAction\":[{\"@type\":\"ReadAction\",\"target\":[\"https:\\\/\\\/lospoliticosveracruz.com\\\/?p=139311\"]}]},{\"@type\":\"ImageObject\",\"inLanguage\":\"es\",\"@id\":\"https:\\\/\\\/lospoliticosveracruz.com\\\/?p=139311#primaryimage\",\"url\":\"https:\\\/\\\/lospoliticosveracruz.com\\\/wp-content\\\/uploads\\\/2024\\\/03\\\/Ricardo-Chua.jpg\",\"contentUrl\":\"https:\\\/\\\/lospoliticosveracruz.com\\\/wp-content\\\/uploads\\\/2024\\\/03\\\/Ricardo-Chua.jpg\",\"width\":1250,\"height\":667},{\"@type\":\"BreadcrumbList\",\"@id\":\"https:\\\/\\\/lospoliticosveracruz.com\\\/?p=139311#breadcrumb\",\"itemListElement\":[{\"@type\":\"ListItem\",\"position\":1,\"name\":\"Portada\",\"item\":\"https:\\\/\\\/lospoliticosveracruz.com\\\/\"},{\"@type\":\"ListItem\",\"position\":2,\"name\":\"LOS 100 D\u00cdAS DE NAHLE\"}]},{\"@type\":\"WebSite\",\"@id\":\"https:\\\/\\\/lospoliticosveracruz.com\\\/#website\",\"url\":\"https:\\\/\\\/lospoliticosveracruz.com\\\/\",\"name\":\"Los pol\u00edticos Veracruz\",\"description\":\"\",\"publisher\":{\"@id\":\"https:\\\/\\\/lospoliticosveracruz.com\\\/#organization\"},\"potentialAction\":[{\"@type\":\"SearchAction\",\"target\":{\"@type\":\"EntryPoint\",\"urlTemplate\":\"https:\\\/\\\/lospoliticosveracruz.com\\\/?s={search_term_string}\"},\"query-input\":{\"@type\":\"PropertyValueSpecification\",\"valueRequired\":true,\"valueName\":\"search_term_string\"}}],\"inLanguage\":\"es\"},{\"@type\":\"Organization\",\"@id\":\"https:\\\/\\\/lospoliticosveracruz.com\\\/#organization\",\"name\":\"Los pol\u00edticos Veracruz\",\"url\":\"https:\\\/\\\/lospoliticosveracruz.com\\\/\",\"logo\":{\"@type\":\"ImageObject\",\"inLanguage\":\"es\",\"@id\":\"https:\\\/\\\/lospoliticosveracruz.com\\\/#\\\/schema\\\/logo\\\/image\\\/\",\"url\":\"https:\\\/\\\/lospoliticosveracruz.com\\\/wp-content\\\/uploads\\\/2025\\\/12\\\/Logo-Nuevo-LOS-POLITICOS-1.jpg\",\"contentUrl\":\"https:\\\/\\\/lospoliticosveracruz.com\\\/wp-content\\\/uploads\\\/2025\\\/12\\\/Logo-Nuevo-LOS-POLITICOS-1.jpg\",\"width\":260,\"height\":70,\"caption\":\"Los pol\u00edticos Veracruz\"},\"image\":{\"@id\":\"https:\\\/\\\/lospoliticosveracruz.com\\\/#\\\/schema\\\/logo\\\/image\\\/\"},\"sameAs\":[\"https:\\\/\\\/www.facebook.com\\\/people\\\/Notimemes-de-los-Polticos\\\/61565672886568\\\/\",\"https:\\\/\\\/x.com\\\/LosPoliticosVer\"]},{\"@type\":\"Person\",\"@id\":\"https:\\\/\\\/lospoliticosveracruz.com\\\/#\\\/schema\\\/person\\\/b8702bb0e538456e6efd07080bf2a4a2\",\"name\":\"Lo viste en Los Pol\u00edticos\",\"image\":{\"@type\":\"ImageObject\",\"inLanguage\":\"es\",\"@id\":\"https:\\\/\\\/secure.gravatar.com\\\/avatar\\\/3a8de04a2656d44082be478bd6c086daa447c4651605818287b9532d3d0bd435?s=96&d=mm&r=g\",\"url\":\"https:\\\/\\\/secure.gravatar.com\\\/avatar\\\/3a8de04a2656d44082be478bd6c086daa447c4651605818287b9532d3d0bd435?s=96&d=mm&r=g\",\"contentUrl\":\"https:\\\/\\\/secure.gravatar.com\\\/avatar\\\/3a8de04a2656d44082be478bd6c086daa447c4651605818287b9532d3d0bd435?s=96&d=mm&r=g\",\"caption\":\"Lo viste en Los Pol\u00edticos\"},\"url\":\"https:\\\/\\\/lospoliticosveracruz.com\\\/?author=2\"}]}<\/script>\n<!-- \/ Yoast SEO plugin. -->","yoast_head_json":{"title":"LOS 100 D\u00cdAS DE NAHLE - Los pol\u00edticos Veracruz","robots":{"index":"index","follow":"follow","max-snippet":"max-snippet:-1","max-image-preview":"max-image-preview:large","max-video-preview":"max-video-preview:-1"},"canonical":"https:\/\/lospoliticosveracruz.com\/?p=139311","og_locale":"es_ES","og_type":"article","og_title":"LOS 100 D\u00cdAS DE NAHLE - Los pol\u00edticos Veracruz","og_description":"[S\u00edguenos ahora tambi\u00e9n en WhatsApp.\u00a0Da clic aqu\u00ed]\u00a0Ricardo Chua Sale y Vale Ayer en Coatzacoalcos, la tierra adoptiva, de la gobernadora Roc\u00edo Nahle Garc\u00eda.. Llev\u00f3 a cabo su evento en el Teatro de la Ciudad.. De un informe de los primeros 100 d\u00edas de su gobierno.. Donde agradeci\u00f3 a todos el apoyo que le han dado [&hellip;]","og_url":"https:\/\/lospoliticosveracruz.com\/?p=139311","og_site_name":"Los pol\u00edticos Veracruz","article_publisher":"https:\/\/www.facebook.com\/people\/Notimemes-de-los-Polticos\/61565672886568\/","article_published_time":"2025-03-09T11:47:13+00:00","article_modified_time":"2025-03-09T11:47:39+00:00","og_image":[{"width":1250,"height":667,"url":"https:\/\/lospoliticosveracruz.com\/wp-content\/uploads\/2024\/03\/Ricardo-Chua.jpg","type":"image\/jpeg"}],"author":"Lo viste en Los Pol\u00edticos","twitter_card":"summary_large_image","twitter_creator":"@LosPoliticosVer","twitter_site":"@LosPoliticosVer","twitter_misc":{"Escrito por":"Lo viste en Los Pol\u00edticos","Tiempo de lectura":"5 minutos"},"schema":{"@context":"https:\/\/schema.org","@graph":[{"@type":"Article","@id":"https:\/\/lospoliticosveracruz.com\/?p=139311#article","isPartOf":{"@id":"https:\/\/lospoliticosveracruz.com\/?p=139311"},"author":{"name":"Lo viste en Los Pol\u00edticos","@id":"https:\/\/lospoliticosveracruz.com\/#\/schema\/person\/b8702bb0e538456e6efd07080bf2a4a2"},"headline":"LOS 100 D\u00cdAS DE NAHLE","datePublished":"2025-03-09T11:47:13+00:00","dateModified":"2025-03-09T11:47:39+00:00","mainEntityOfPage":{"@id":"https:\/\/lospoliticosveracruz.com\/?p=139311"},"wordCount":1026,"publisher":{"@id":"https:\/\/lospoliticosveracruz.com\/#organization"},"image":{"@id":"https:\/\/lospoliticosveracruz.com\/?p=139311#primaryimage"},"thumbnailUrl":"https:\/\/lospoliticosveracruz.com\/wp-content\/uploads\/2024\/03\/Ricardo-Chua.jpg","keywords":["Morena","Roc\u00edo Nahle","Veracruz"],"articleSection":["De Opini\u00f3n"],"inLanguage":"es"},{"@type":"WebPage","@id":"https:\/\/lospoliticosveracruz.com\/?p=139311","url":"https:\/\/lospoliticosveracruz.com\/?p=139311","name":"LOS 100 D\u00cdAS DE NAHLE - Los pol\u00edticos Veracruz","isPartOf":{"@id":"https:\/\/lospoliticosveracruz.com\/#website"},"primaryImageOfPage":{"@id":"https:\/\/lospoliticosveracruz.com\/?p=139311#primaryimage"},"image":{"@id":"https:\/\/lospoliticosveracruz.com\/?p=139311#primaryimage"},"thumbnailUrl":"https:\/\/lospoliticosveracruz.com\/wp-content\/uploads\/2024\/03\/Ricardo-Chua.jpg","datePublished":"2025-03-09T11:47:13+00:00","dateModified":"2025-03-09T11:47:39+00:00","breadcrumb":{"@id":"https:\/\/lospoliticosveracruz.com\/?p=139311#breadcrumb"},"inLanguage":"es","potentialAction":[{"@type":"ReadAction","target":["https:\/\/lospoliticosveracruz.com\/?p=139311"]}]},{"@type":"ImageObject","inLanguage":"es","@id":"https:\/\/lospoliticosveracruz.com\/?p=139311#primaryimage","url":"https:\/\/lospoliticosveracruz.com\/wp-content\/uploads\/2024\/03\/Ricardo-Chua.jpg","contentUrl":"https:\/\/lospoliticosveracruz.com\/wp-content\/uploads\/2024\/03\/Ricardo-Chua.jpg","width":1250,"height":667},{"@type":"BreadcrumbList","@id":"https:\/\/lospoliticosveracruz.com\/?p=139311#breadcrumb","itemListElement":[{"@type":"ListItem","position":1,"name":"Portada","item":"https:\/\/lospoliticosveracruz.com\/"},{"@type":"ListItem","position":2,"name":"LOS 100 D\u00cdAS DE NAHLE"}]},{"@type":"WebSite","@id":"https:\/\/lospoliticosveracruz.com\/#website","url":"https:\/\/lospoliticosveracruz.com\/","name":"Los pol\u00edticos Veracruz","description":"","publisher":{"@id":"https:\/\/lospoliticosveracruz.com\/#organization"},"potentialAction":[{"@type":"SearchAction","target":{"@type":"EntryPoint","urlTemplate":"https:\/\/lospoliticosveracruz.com\/?s={search_term_string}"},"query-input":{"@type":"PropertyValueSpecification","valueRequired":true,"valueName":"search_term_string"}}],"inLanguage":"es"},{"@type":"Organization","@id":"https:\/\/lospoliticosveracruz.com\/#organization","name":"Los pol\u00edticos Veracruz","url":"https:\/\/lospoliticosveracruz.com\/","logo":{"@type":"ImageObject","inLanguage":"es","@id":"https:\/\/lospoliticosveracruz.com\/#\/schema\/logo\/image\/","url":"https:\/\/lospoliticosveracruz.com\/wp-content\/uploads\/2025\/12\/Logo-Nuevo-LOS-POLITICOS-1.jpg","contentUrl":"https:\/\/lospoliticosveracruz.com\/wp-content\/uploads\/2025\/12\/Logo-Nuevo-LOS-POLITICOS-1.jpg","width":260,"height":70,"caption":"Los pol\u00edticos Veracruz"},"image":{"@id":"https:\/\/lospoliticosveracruz.com\/#\/schema\/logo\/image\/"},"sameAs":["https:\/\/www.facebook.com\/people\/Notimemes-de-los-Polticos\/61565672886568\/","https:\/\/x.com\/LosPoliticosVer"]},{"@type":"Person","@id":"https:\/\/lospoliticosveracruz.com\/#\/schema\/person\/b8702bb0e538456e6efd07080bf2a4a2","name":"Lo viste en Los Pol\u00edticos","image":{"@type":"ImageObject","inLanguage":"es","@id":"https:\/\/secure.gravatar.com\/avatar\/3a8de04a2656d44082be478bd6c086daa447c4651605818287b9532d3d0bd435?s=96&d=mm&r=g","url":"https:\/\/secure.gravatar.com\/avatar\/3a8de04a2656d44082be478bd6c086daa447c4651605818287b9532d3d0bd435?s=96&d=mm&r=g","contentUrl":"https:\/\/secure.gravatar.com\/avatar\/3a8de04a2656d44082be478bd6c086daa447c4651605818287b9532d3d0bd435?s=96&d=mm&r=g","caption":"Lo viste en Los Pol\u00edticos"},"url":"https:\/\/lospoliticosveracruz.com\/?author=2"}]}},"_links":{"self":[{"href":"https:\/\/lospoliticosveracruz.com\/index.php?rest_route=\/wp\/v2\/posts\/139311","targetHints":{"allow":["GET"]}}],"collection":[{"href":"https:\/\/lospoliticosveracruz.com\/index.php?rest_route=\/wp\/v2\/posts"}],"about":[{"href":"https:\/\/lospoliticosveracruz.com\/index.php?rest_route=\/wp\/v2\/types\/post"}],"author":[{"embeddable":true,"href":"https:\/\/lospoliticosveracruz.com\/index.php?rest_route=\/wp\/v2\/users\/2"}],"replies":[{"embeddable":true,"href":"https:\/\/lospoliticosveracruz.com\/index.php?rest_route=%2Fwp%2Fv2%2Fcomments&post=139311"}],"version-history":[{"count":2,"href":"https:\/\/lospoliticosveracruz.com\/index.php?rest_route=\/wp\/v2\/posts\/139311\/revisions"}],"predecessor-version":[{"id":139313,"href":"https:\/\/lospoliticosveracruz.com\/index.php?rest_route=\/wp\/v2\/posts\/139311\/revisions\/139313"}],"wp:featuredmedia":[{"embeddable":true,"href":"https:\/\/lospoliticosveracruz.com\/index.php?rest_route=\/wp\/v2\/media\/119817"}],"wp:attachment":[{"href":"https:\/\/lospoliticosveracruz.com\/index.php?rest_route=%2Fwp%2Fv2%2Fmedia&parent=139311"}],"wp:term":[{"taxonomy":"category","embeddable":true,"href":"https:\/\/lospoliticosveracruz.com\/index.php?rest_route=%2Fwp%2Fv2%2Fcategories&post=139311"},{"taxonomy":"post_tag","embeddable":true,"href":"https:\/\/lospoliticosveracruz.com\/index.php?rest_route=%2Fwp%2Fv2%2Ftags&post=139311"}],"curies":[{"name":"wp","href":"https:\/\/api.w.org\/{rel}","templated":true}]}}