{"id":13933,"date":"2014-12-04T21:53:50","date_gmt":"2014-12-05T03:53:50","guid":{"rendered":"http:\/\/www.lospoliticosveracruz.com.mx\/?p=13933"},"modified":"2014-12-04T21:53:50","modified_gmt":"2014-12-05T03:53:50","slug":"tato-candidato","status":"publish","type":"post","link":"https:\/\/lospoliticosveracruz.com\/?p=13933","title":{"rendered":"Tato, \u00a1candidato!"},"content":{"rendered":"<p><a href=\"http:\/\/www.lospoliticosveracruz.com.mx\/wp-content\/uploads\/2014\/12\/Tato-Vega-Yunes.jpg\"><img loading=\"lazy\" decoding=\"async\" class=\"alignnone size-medium wp-image-13934\" src=\"http:\/\/www.lospoliticosveracruz.com.mx\/wp-content\/uploads\/2014\/12\/Tato-Vega-Yunes-300x199.jpg\" alt=\"Tato Vega Yunes\" width=\"300\" height=\"199\" \/><\/a><br \/>\n<strong>Salvador Mu\u00f1oz<\/strong><\/p>\n<p><em>Los Pol\u00edticos<\/em><\/p>\n<p>&nbsp;<\/p>\n<p>Javier Duarte de Ochoa tuvo un pendiente que ya no pudo realizar durante los Juegos Centroamericanos y del Caribe: Quer\u00eda, si Crisanto Grajales ganaba (como lo hizo), entregarle la medalla de oro para matar dos p\u00e1jaros de un tiro: Uno) Primer evento, primera medalla para M\u00e9xico; dos) Y quien la ganaba, era un xalape\u00f1o. Sin embargo, la agenda del 15 de noviembre estuvo apretada con la entrega al Congreso de su Informe\u2026 y ya no pudo cumplir ese prop\u00f3sito\u2026 aunque quiz\u00e1s pueda hacerlo \u00a1con otro xalape\u00f1o!<br \/>\nII<br \/>\nEn pl\u00e1tica con el Gobernador, habla de la admiraci\u00f3n que tiene por este atleta xalape\u00f1o. Tan es as\u00ed que sus hijos, Carolina y Javier, entrenan con Crisanto Grajales dentro de un grupo de Triatl\u00f3n en Xalapa. Bueno, siendo sinceros, confes\u00f3 Duarte de Ochoa, Carolina tiene preferencia por la equitaci\u00f3n\u2026 como la se\u00f1ora Karime, su mam\u00e1.<br \/>\nIII<br \/>\nAlberto Silva Ramos, el coordinador de Comunicaci\u00f3n Social (todav\u00eda), me contaba que corre 5 km diarios\u2026 me le quedo viendo y corrige: \u201cBueno, corro tres y camino dos\u201d&#8230; como sea, ha bajado de peso, como si se estuviera preparando para hacer campa\u00f1a, giras, recorridos, caminatas y dem\u00e1s\u2026 bueno, y no es el \u00fanico caso\u2026 aclaro: digo que no es el \u00fanico pol\u00edtico o funcionario que gusta de hacer deporte.<br \/>\nAh\u00ed est\u00e1 Ciro F\u00e9lix Porras, a quien le gusta correr, aunque dicen sus \u201ca\/ene-migos\u201d, que tiene pr\u00e1ctica porque siempre corr\u00eda a esconderse bajo las enaguas de su madre.<br \/>\nErik Porres es otro que gusta de correr y \u201cmeterle al Gym\u201d. Me tuvieron que explicar la frase entrecomillada: levantar pesas. Y as\u00ed como lo ven de flaco, dicen que est\u00e1 corrioso, como Bruce Lee. Al igual que a Ciro, sus a\/ene-migos dicen que lo hace para que cuando se case, pueda levantar en sus brazos a la novia. Aunque tambi\u00e9n le gusta el futbol y sabe meter duro \u201cla pata\u201d que no es lo mismo que \u201cmeter la pata\u201d.<br \/>\nTambi\u00e9n est\u00e1 el alcalde Lada de P\u00e1nuco, Ricardo Garc\u00eda Escalante, entre los corredores y levanta-pesas\u2026 aunque siendo sinceros, sus paisanos lamentan que gobierne desde Xalapa, pero es comprensible\u2026 el miedo no anda en burro; si no, recuerden a Zita Pazzi Meza, que con Zetas en su nombre y apellidos le bastaba y por eso se fue de diputada federal.<br \/>\nIV<br \/>\nAunque de todos los atletas pol\u00edticos y funcionarios que hay, son los siguientes los que destacan de cierto modo\u2026<br \/>\nEl primero, Tarek Abdal\u00e1, quien gusta de participar en maratones y cuando puede, sin que interfiera su agenda pol\u00edtica, se va a los mejores eventos deportivos a participar\u2026 no estoy seguro si lo ha hecho en Nueva York o Boston, o en ambos\u2026 o en ninguno&#8230; pero de que corre, corre, y no para la candidatura. Ser\u00eda injusto no citar a Zazil Reyes Contreras, que junto con X\u00f3chitl Tress, al parecer, son las dos \u00fanicas pol\u00edticas que gustan de cuidar su figura y hacer ejercicio\u2026 y tambi\u00e9n est\u00e1 Jes\u00fas V\u00e1zquez Gonz\u00e1lez, diputado federal, de quien desconozco si siga practicando triatl\u00f3n.<br \/>\nV<br \/>\nPero de los pocos pol\u00edticos que le entran a practicar este deporte que le dio el oro a Crisanto Grajales y donde ya empiezan a hacer sus pininos Carolina y Javier Duarte Mac\u00edas, es Eduardo \u201cTato\u201d Vega Yunes.<br \/>\nTato Vega Yunes anda de la Ceca a la Meca recorriendo parte del Estado, as\u00ed como el distrito de Xalapa Urbano y el Rural\u2026 no tiene distinci\u00f3n en estos dos distritos en los cuales igual es bien querido y correspondido por su gente; sin hacer mucho ruido, sube y baja por los municipios del distrito Rural cual si estuviera realmente participando en un Triatl\u00f3n y cuando tiene tiempo, s\u00ed se echa sus 750 metros de nataci\u00f3n, sus 20 kil\u00f3metros pedaleando as\u00ed como sus cinco kil\u00f3metros de carrera para mantener la condici\u00f3n, tanto f\u00edsica como pol\u00edtica&#8230; hay que estar listo cuando as\u00ed lo requiera el Gobernador, ya sea en la Junta de Mejoras\u2026 o el partido, teniendo a la vuelta de la esquina un proceso electoral donde todo puede suceder.<br \/>\n\u00a1Ah! Tambi\u00e9n practic\u00f3 box, sabe moverse en el cuadril\u00e1tero, hacer sombra, pero de sparring \u00a1jam\u00e1s! y al igual que a Carolina Duarte, \u00a1le gusta montar a caballo!<br \/>\nVamos, en pocas palabras, Tato Vega es el perfecto candidato\u2026 s\u00ed, claro, tambi\u00e9n para participar en unos Juegos Centroamericanos y del Caribe, quien quita y ah\u00ed, s\u00ed cumple su prop\u00f3sito el Gober de premiar \u00a1a un xalape\u00f1o!<\/p>\n<p><img loading=\"lazy\" decoding=\"async\" class=\"alignnone size-medium wp-image-13935\" src=\"http:\/\/www.lospoliticosveracruz.com.mx\/wp-content\/uploads\/2014\/12\/Tato-Vega-Yunes-2-300x300.jpg\" alt=\"Tato Vega Yunes 2\" width=\"300\" height=\"300\" \/><\/p>\n<p>smcainito@gmail.com<\/p>\n","protected":false},"excerpt":{"rendered":"<p>Salvador Mu\u00f1oz Los Pol\u00edticos &nbsp; Javier Duarte de Ochoa tuvo un pendiente que ya no pudo realizar durante los Juegos Centroamericanos y del Caribe: Quer\u00eda, si Crisanto Grajales ganaba (como lo hizo), entregarle la medalla de oro para matar dos p\u00e1jaros de un tiro: Uno) Primer evento, primera medalla para M\u00e9xico; dos) Y quien la [&hellip;]<\/p>\n","protected":false},"author":2,"featured_media":0,"comment_status":"open","ping_status":"open","sticky":false,"template":"","format":"standard","meta":{"tdm_status":"","tdm_grid_status":"","footnotes":""},"categories":[70],"tags":[1133,1135,1134,245,260,934,332,249],"class_list":{"0":"post-13933","1":"post","2":"type-post","3":"status-publish","4":"format-standard","6":"category-de-opinion","7":"tag-carolina-duarte-macias","8":"tag-ciro-felix-porras","9":"tag-crisanto-grajales","10":"tag-erik-porres","11":"tag-javier-duarte-de-ochoa","12":"tag-ricardo-garcia-escalante","13":"tag-tarek-abdala","14":"tag-tato-vega-yunes"},"yoast_head":"<!-- This site is optimized with the Yoast SEO plugin v27.4 - https:\/\/yoast.com\/product\/yoast-seo-wordpress\/ -->\n<title>Tato, \u00a1candidato! - Los pol\u00edticos Veracruz<\/title>\n<meta name=\"robots\" content=\"index, follow, max-snippet:-1, max-image-preview:large, max-video-preview:-1\" \/>\n<link rel=\"canonical\" href=\"https:\/\/lospoliticosveracruz.com\/?p=13933\" \/>\n<meta property=\"og:locale\" content=\"es_ES\" \/>\n<meta property=\"og:type\" content=\"article\" \/>\n<meta property=\"og:title\" content=\"Tato, \u00a1candidato! - Los pol\u00edticos Veracruz\" \/>\n<meta property=\"og:description\" content=\"Salvador Mu\u00f1oz Los Pol\u00edticos &nbsp; Javier Duarte de Ochoa tuvo un pendiente que ya no pudo realizar durante los Juegos Centroamericanos y del Caribe: Quer\u00eda, si Crisanto Grajales ganaba (como lo hizo), entregarle la medalla de oro para matar dos p\u00e1jaros de un tiro: Uno) Primer evento, primera medalla para M\u00e9xico; dos) Y quien la [&hellip;]\" \/>\n<meta property=\"og:url\" content=\"https:\/\/lospoliticosveracruz.com\/?p=13933\" \/>\n<meta property=\"og:site_name\" content=\"Los pol\u00edticos Veracruz\" \/>\n<meta property=\"article:publisher\" content=\"https:\/\/www.facebook.com\/people\/Notimemes-de-los-Polticos\/61565672886568\/\" \/>\n<meta property=\"article:published_time\" content=\"2014-12-05T03:53:50+00:00\" \/>\n<meta property=\"og:image\" content=\"http:\/\/www.lospoliticosveracruz.com.mx\/wp-content\/uploads\/2014\/12\/Tato-Vega-Yunes-300x199.jpg\" \/>\n<meta name=\"author\" content=\"Lo viste en Los Pol\u00edticos\" \/>\n<meta name=\"twitter:card\" content=\"summary_large_image\" \/>\n<meta name=\"twitter:creator\" content=\"@LosPoliticosVer\" \/>\n<meta name=\"twitter:site\" content=\"@LosPoliticosVer\" \/>\n<meta name=\"twitter:label1\" content=\"Escrito por\" \/>\n\t<meta name=\"twitter:data1\" content=\"Lo viste en Los Pol\u00edticos\" \/>\n\t<meta name=\"twitter:label2\" content=\"Tiempo de lectura\" \/>\n\t<meta name=\"twitter:data2\" content=\"4 minutos\" \/>\n<script type=\"application\/ld+json\" class=\"yoast-schema-graph\">{\"@context\":\"https:\\\/\\\/schema.org\",\"@graph\":[{\"@type\":\"Article\",\"@id\":\"https:\\\/\\\/lospoliticosveracruz.com\\\/?p=13933#article\",\"isPartOf\":{\"@id\":\"https:\\\/\\\/lospoliticosveracruz.com\\\/?p=13933\"},\"author\":{\"name\":\"Lo viste en Los Pol\u00edticos\",\"@id\":\"https:\\\/\\\/lospoliticosveracruz.com\\\/#\\\/schema\\\/person\\\/b8702bb0e538456e6efd07080bf2a4a2\"},\"headline\":\"Tato, \u00a1candidato!\",\"datePublished\":\"2014-12-05T03:53:50+00:00\",\"mainEntityOfPage\":{\"@id\":\"https:\\\/\\\/lospoliticosveracruz.com\\\/?p=13933\"},\"wordCount\":792,\"commentCount\":0,\"publisher\":{\"@id\":\"https:\\\/\\\/lospoliticosveracruz.com\\\/#organization\"},\"image\":{\"@id\":\"https:\\\/\\\/lospoliticosveracruz.com\\\/?p=13933#primaryimage\"},\"thumbnailUrl\":\"http:\\\/\\\/www.lospoliticosveracruz.com.mx\\\/wp-content\\\/uploads\\\/2014\\\/12\\\/Tato-Vega-Yunes-300x199.jpg\",\"keywords\":[\"Carolina Duarte Mac\u00edas\",\"Ciro F\u00e9lix Porras\",\"Crisanto Grajales\",\"Erik Porres\",\"Javier Duarte de Ochoa\",\"Ricardo Garc\u00eda Escalante\",\"Tarek Abdal\u00e1\",\"Tato Vega Yunes\"],\"articleSection\":[\"De Opini\u00f3n\"],\"inLanguage\":\"es\",\"potentialAction\":[{\"@type\":\"CommentAction\",\"name\":\"Comment\",\"target\":[\"https:\\\/\\\/lospoliticosveracruz.com\\\/?p=13933#respond\"]}]},{\"@type\":\"WebPage\",\"@id\":\"https:\\\/\\\/lospoliticosveracruz.com\\\/?p=13933\",\"url\":\"https:\\\/\\\/lospoliticosveracruz.com\\\/?p=13933\",\"name\":\"Tato, \u00a1candidato! - Los pol\u00edticos Veracruz\",\"isPartOf\":{\"@id\":\"https:\\\/\\\/lospoliticosveracruz.com\\\/#website\"},\"primaryImageOfPage\":{\"@id\":\"https:\\\/\\\/lospoliticosveracruz.com\\\/?p=13933#primaryimage\"},\"image\":{\"@id\":\"https:\\\/\\\/lospoliticosveracruz.com\\\/?p=13933#primaryimage\"},\"thumbnailUrl\":\"http:\\\/\\\/www.lospoliticosveracruz.com.mx\\\/wp-content\\\/uploads\\\/2014\\\/12\\\/Tato-Vega-Yunes-300x199.jpg\",\"datePublished\":\"2014-12-05T03:53:50+00:00\",\"breadcrumb\":{\"@id\":\"https:\\\/\\\/lospoliticosveracruz.com\\\/?p=13933#breadcrumb\"},\"inLanguage\":\"es\",\"potentialAction\":[{\"@type\":\"ReadAction\",\"target\":[\"https:\\\/\\\/lospoliticosveracruz.com\\\/?p=13933\"]}]},{\"@type\":\"ImageObject\",\"inLanguage\":\"es\",\"@id\":\"https:\\\/\\\/lospoliticosveracruz.com\\\/?p=13933#primaryimage\",\"url\":\"http:\\\/\\\/www.lospoliticosveracruz.com.mx\\\/wp-content\\\/uploads\\\/2014\\\/12\\\/Tato-Vega-Yunes-300x199.jpg\",\"contentUrl\":\"http:\\\/\\\/www.lospoliticosveracruz.com.mx\\\/wp-content\\\/uploads\\\/2014\\\/12\\\/Tato-Vega-Yunes-300x199.jpg\"},{\"@type\":\"BreadcrumbList\",\"@id\":\"https:\\\/\\\/lospoliticosveracruz.com\\\/?p=13933#breadcrumb\",\"itemListElement\":[{\"@type\":\"ListItem\",\"position\":1,\"name\":\"Portada\",\"item\":\"https:\\\/\\\/lospoliticosveracruz.com\\\/\"},{\"@type\":\"ListItem\",\"position\":2,\"name\":\"Tato, \u00a1candidato!\"}]},{\"@type\":\"WebSite\",\"@id\":\"https:\\\/\\\/lospoliticosveracruz.com\\\/#website\",\"url\":\"https:\\\/\\\/lospoliticosveracruz.com\\\/\",\"name\":\"Los pol\u00edticos Veracruz\",\"description\":\"\",\"publisher\":{\"@id\":\"https:\\\/\\\/lospoliticosveracruz.com\\\/#organization\"},\"potentialAction\":[{\"@type\":\"SearchAction\",\"target\":{\"@type\":\"EntryPoint\",\"urlTemplate\":\"https:\\\/\\\/lospoliticosveracruz.com\\\/?s={search_term_string}\"},\"query-input\":{\"@type\":\"PropertyValueSpecification\",\"valueRequired\":true,\"valueName\":\"search_term_string\"}}],\"inLanguage\":\"es\"},{\"@type\":\"Organization\",\"@id\":\"https:\\\/\\\/lospoliticosveracruz.com\\\/#organization\",\"name\":\"Los pol\u00edticos Veracruz\",\"url\":\"https:\\\/\\\/lospoliticosveracruz.com\\\/\",\"logo\":{\"@type\":\"ImageObject\",\"inLanguage\":\"es\",\"@id\":\"https:\\\/\\\/lospoliticosveracruz.com\\\/#\\\/schema\\\/logo\\\/image\\\/\",\"url\":\"https:\\\/\\\/lospoliticosveracruz.com\\\/wp-content\\\/uploads\\\/2025\\\/12\\\/Logo-Nuevo-LOS-POLITICOS-1.jpg\",\"contentUrl\":\"https:\\\/\\\/lospoliticosveracruz.com\\\/wp-content\\\/uploads\\\/2025\\\/12\\\/Logo-Nuevo-LOS-POLITICOS-1.jpg\",\"width\":260,\"height\":70,\"caption\":\"Los pol\u00edticos Veracruz\"},\"image\":{\"@id\":\"https:\\\/\\\/lospoliticosveracruz.com\\\/#\\\/schema\\\/logo\\\/image\\\/\"},\"sameAs\":[\"https:\\\/\\\/www.facebook.com\\\/people\\\/Notimemes-de-los-Polticos\\\/61565672886568\\\/\",\"https:\\\/\\\/x.com\\\/LosPoliticosVer\"]},{\"@type\":\"Person\",\"@id\":\"https:\\\/\\\/lospoliticosveracruz.com\\\/#\\\/schema\\\/person\\\/b8702bb0e538456e6efd07080bf2a4a2\",\"name\":\"Lo viste en Los Pol\u00edticos\",\"image\":{\"@type\":\"ImageObject\",\"inLanguage\":\"es\",\"@id\":\"https:\\\/\\\/secure.gravatar.com\\\/avatar\\\/3a8de04a2656d44082be478bd6c086daa447c4651605818287b9532d3d0bd435?s=96&d=mm&r=g\",\"url\":\"https:\\\/\\\/secure.gravatar.com\\\/avatar\\\/3a8de04a2656d44082be478bd6c086daa447c4651605818287b9532d3d0bd435?s=96&d=mm&r=g\",\"contentUrl\":\"https:\\\/\\\/secure.gravatar.com\\\/avatar\\\/3a8de04a2656d44082be478bd6c086daa447c4651605818287b9532d3d0bd435?s=96&d=mm&r=g\",\"caption\":\"Lo viste en Los Pol\u00edticos\"},\"url\":\"https:\\\/\\\/lospoliticosveracruz.com\\\/?author=2\"}]}<\/script>\n<!-- \/ Yoast SEO plugin. -->","yoast_head_json":{"title":"Tato, \u00a1candidato! - Los pol\u00edticos Veracruz","robots":{"index":"index","follow":"follow","max-snippet":"max-snippet:-1","max-image-preview":"max-image-preview:large","max-video-preview":"max-video-preview:-1"},"canonical":"https:\/\/lospoliticosveracruz.com\/?p=13933","og_locale":"es_ES","og_type":"article","og_title":"Tato, \u00a1candidato! - Los pol\u00edticos Veracruz","og_description":"Salvador Mu\u00f1oz Los Pol\u00edticos &nbsp; Javier Duarte de Ochoa tuvo un pendiente que ya no pudo realizar durante los Juegos Centroamericanos y del Caribe: Quer\u00eda, si Crisanto Grajales ganaba (como lo hizo), entregarle la medalla de oro para matar dos p\u00e1jaros de un tiro: Uno) Primer evento, primera medalla para M\u00e9xico; dos) Y quien la [&hellip;]","og_url":"https:\/\/lospoliticosveracruz.com\/?p=13933","og_site_name":"Los pol\u00edticos Veracruz","article_publisher":"https:\/\/www.facebook.com\/people\/Notimemes-de-los-Polticos\/61565672886568\/","article_published_time":"2014-12-05T03:53:50+00:00","og_image":[{"url":"http:\/\/www.lospoliticosveracruz.com.mx\/wp-content\/uploads\/2014\/12\/Tato-Vega-Yunes-300x199.jpg","type":"","width":"","height":""}],"author":"Lo viste en Los Pol\u00edticos","twitter_card":"summary_large_image","twitter_creator":"@LosPoliticosVer","twitter_site":"@LosPoliticosVer","twitter_misc":{"Escrito por":"Lo viste en Los Pol\u00edticos","Tiempo de lectura":"4 minutos"},"schema":{"@context":"https:\/\/schema.org","@graph":[{"@type":"Article","@id":"https:\/\/lospoliticosveracruz.com\/?p=13933#article","isPartOf":{"@id":"https:\/\/lospoliticosveracruz.com\/?p=13933"},"author":{"name":"Lo viste en Los Pol\u00edticos","@id":"https:\/\/lospoliticosveracruz.com\/#\/schema\/person\/b8702bb0e538456e6efd07080bf2a4a2"},"headline":"Tato, \u00a1candidato!","datePublished":"2014-12-05T03:53:50+00:00","mainEntityOfPage":{"@id":"https:\/\/lospoliticosveracruz.com\/?p=13933"},"wordCount":792,"commentCount":0,"publisher":{"@id":"https:\/\/lospoliticosveracruz.com\/#organization"},"image":{"@id":"https:\/\/lospoliticosveracruz.com\/?p=13933#primaryimage"},"thumbnailUrl":"http:\/\/www.lospoliticosveracruz.com.mx\/wp-content\/uploads\/2014\/12\/Tato-Vega-Yunes-300x199.jpg","keywords":["Carolina Duarte Mac\u00edas","Ciro F\u00e9lix Porras","Crisanto Grajales","Erik Porres","Javier Duarte de Ochoa","Ricardo Garc\u00eda Escalante","Tarek Abdal\u00e1","Tato Vega Yunes"],"articleSection":["De Opini\u00f3n"],"inLanguage":"es","potentialAction":[{"@type":"CommentAction","name":"Comment","target":["https:\/\/lospoliticosveracruz.com\/?p=13933#respond"]}]},{"@type":"WebPage","@id":"https:\/\/lospoliticosveracruz.com\/?p=13933","url":"https:\/\/lospoliticosveracruz.com\/?p=13933","name":"Tato, \u00a1candidato! - Los pol\u00edticos Veracruz","isPartOf":{"@id":"https:\/\/lospoliticosveracruz.com\/#website"},"primaryImageOfPage":{"@id":"https:\/\/lospoliticosveracruz.com\/?p=13933#primaryimage"},"image":{"@id":"https:\/\/lospoliticosveracruz.com\/?p=13933#primaryimage"},"thumbnailUrl":"http:\/\/www.lospoliticosveracruz.com.mx\/wp-content\/uploads\/2014\/12\/Tato-Vega-Yunes-300x199.jpg","datePublished":"2014-12-05T03:53:50+00:00","breadcrumb":{"@id":"https:\/\/lospoliticosveracruz.com\/?p=13933#breadcrumb"},"inLanguage":"es","potentialAction":[{"@type":"ReadAction","target":["https:\/\/lospoliticosveracruz.com\/?p=13933"]}]},{"@type":"ImageObject","inLanguage":"es","@id":"https:\/\/lospoliticosveracruz.com\/?p=13933#primaryimage","url":"http:\/\/www.lospoliticosveracruz.com.mx\/wp-content\/uploads\/2014\/12\/Tato-Vega-Yunes-300x199.jpg","contentUrl":"http:\/\/www.lospoliticosveracruz.com.mx\/wp-content\/uploads\/2014\/12\/Tato-Vega-Yunes-300x199.jpg"},{"@type":"BreadcrumbList","@id":"https:\/\/lospoliticosveracruz.com\/?p=13933#breadcrumb","itemListElement":[{"@type":"ListItem","position":1,"name":"Portada","item":"https:\/\/lospoliticosveracruz.com\/"},{"@type":"ListItem","position":2,"name":"Tato, \u00a1candidato!"}]},{"@type":"WebSite","@id":"https:\/\/lospoliticosveracruz.com\/#website","url":"https:\/\/lospoliticosveracruz.com\/","name":"Los pol\u00edticos Veracruz","description":"","publisher":{"@id":"https:\/\/lospoliticosveracruz.com\/#organization"},"potentialAction":[{"@type":"SearchAction","target":{"@type":"EntryPoint","urlTemplate":"https:\/\/lospoliticosveracruz.com\/?s={search_term_string}"},"query-input":{"@type":"PropertyValueSpecification","valueRequired":true,"valueName":"search_term_string"}}],"inLanguage":"es"},{"@type":"Organization","@id":"https:\/\/lospoliticosveracruz.com\/#organization","name":"Los pol\u00edticos Veracruz","url":"https:\/\/lospoliticosveracruz.com\/","logo":{"@type":"ImageObject","inLanguage":"es","@id":"https:\/\/lospoliticosveracruz.com\/#\/schema\/logo\/image\/","url":"https:\/\/lospoliticosveracruz.com\/wp-content\/uploads\/2025\/12\/Logo-Nuevo-LOS-POLITICOS-1.jpg","contentUrl":"https:\/\/lospoliticosveracruz.com\/wp-content\/uploads\/2025\/12\/Logo-Nuevo-LOS-POLITICOS-1.jpg","width":260,"height":70,"caption":"Los pol\u00edticos Veracruz"},"image":{"@id":"https:\/\/lospoliticosveracruz.com\/#\/schema\/logo\/image\/"},"sameAs":["https:\/\/www.facebook.com\/people\/Notimemes-de-los-Polticos\/61565672886568\/","https:\/\/x.com\/LosPoliticosVer"]},{"@type":"Person","@id":"https:\/\/lospoliticosveracruz.com\/#\/schema\/person\/b8702bb0e538456e6efd07080bf2a4a2","name":"Lo viste en Los Pol\u00edticos","image":{"@type":"ImageObject","inLanguage":"es","@id":"https:\/\/secure.gravatar.com\/avatar\/3a8de04a2656d44082be478bd6c086daa447c4651605818287b9532d3d0bd435?s=96&d=mm&r=g","url":"https:\/\/secure.gravatar.com\/avatar\/3a8de04a2656d44082be478bd6c086daa447c4651605818287b9532d3d0bd435?s=96&d=mm&r=g","contentUrl":"https:\/\/secure.gravatar.com\/avatar\/3a8de04a2656d44082be478bd6c086daa447c4651605818287b9532d3d0bd435?s=96&d=mm&r=g","caption":"Lo viste en Los Pol\u00edticos"},"url":"https:\/\/lospoliticosveracruz.com\/?author=2"}]}},"_links":{"self":[{"href":"https:\/\/lospoliticosveracruz.com\/index.php?rest_route=\/wp\/v2\/posts\/13933","targetHints":{"allow":["GET"]}}],"collection":[{"href":"https:\/\/lospoliticosveracruz.com\/index.php?rest_route=\/wp\/v2\/posts"}],"about":[{"href":"https:\/\/lospoliticosveracruz.com\/index.php?rest_route=\/wp\/v2\/types\/post"}],"author":[{"embeddable":true,"href":"https:\/\/lospoliticosveracruz.com\/index.php?rest_route=\/wp\/v2\/users\/2"}],"replies":[{"embeddable":true,"href":"https:\/\/lospoliticosveracruz.com\/index.php?rest_route=%2Fwp%2Fv2%2Fcomments&post=13933"}],"version-history":[{"count":1,"href":"https:\/\/lospoliticosveracruz.com\/index.php?rest_route=\/wp\/v2\/posts\/13933\/revisions"}],"predecessor-version":[{"id":13936,"href":"https:\/\/lospoliticosveracruz.com\/index.php?rest_route=\/wp\/v2\/posts\/13933\/revisions\/13936"}],"wp:attachment":[{"href":"https:\/\/lospoliticosveracruz.com\/index.php?rest_route=%2Fwp%2Fv2%2Fmedia&parent=13933"}],"wp:term":[{"taxonomy":"category","embeddable":true,"href":"https:\/\/lospoliticosveracruz.com\/index.php?rest_route=%2Fwp%2Fv2%2Fcategories&post=13933"},{"taxonomy":"post_tag","embeddable":true,"href":"https:\/\/lospoliticosveracruz.com\/index.php?rest_route=%2Fwp%2Fv2%2Ftags&post=13933"}],"curies":[{"name":"wp","href":"https:\/\/api.w.org\/{rel}","templated":true}]}}