{"id":139331,"date":"2025-03-09T19:32:11","date_gmt":"2025-03-10T01:32:11","guid":{"rendered":"https:\/\/lospoliticosveracruz.com.mx\/?p=139331"},"modified":"2025-03-09T19:32:31","modified_gmt":"2025-03-10T01:32:31","slug":"cambios-ajustes-y-fusiones-en-gobierno-de-nahle","status":"publish","type":"post","link":"https:\/\/lospoliticosveracruz.com\/?p=139331","title":{"rendered":"CAMBIOS, AJUSTES Y FUSIONES EN GOBIERNO DE NAHLE"},"content":{"rendered":"\n<p>S\u00edguenos ahora tambi\u00e9n en WhatsApp.\u00a0<a href=\"https:\/\/whatsapp.com\/channel\/0029Va8zRWlEKyZIP3Z1dF0e\"><strong>Da clic aqu\u00ed<\/strong><\/a><\/p>\n\n\n\n<p><\/p>\n\n\n\n<p><strong>Jos\u00e9 Luis Enr\u00edquez Ambell<br><\/strong><em>Caf\u00e9 de Ma\u00f1ana<\/em><\/p>\n\n\n\n<p><\/p>\n\n\n\n<p>\u00abEn la administraci\u00f3n p\u00fablica ni sobra el que se queda ni falta el que se va\u00bb.<\/p>\n\n\n\n<p>Y es que adem\u00e1s, cuando se producen ajustes, cambios y fusiones en la estructura humana de gobierno que incluye modificaciones en el engranaje de dependencias y entes p\u00fablicos, es inevitable esconder que algo no funciona de manera \u00f3ptima.<\/p>\n\n\n\n<figure class=\"wp-block-image size-large\"><a href=\"https:\/\/lospoliticosveracruz.com.mx\/wp-content\/uploads\/2025\/02\/Mastografia.jpeg\"><img loading=\"lazy\" decoding=\"async\" width=\"1024\" height=\"724\" src=\"https:\/\/lospoliticosveracruz.com.mx\/wp-content\/uploads\/2025\/02\/Mastografia-1024x724.jpeg\" alt=\"\" class=\"wp-image-138625\" srcset=\"https:\/\/lospoliticosveracruz.com\/wp-content\/uploads\/2025\/02\/Mastografia-1024x724.jpeg 1024w, https:\/\/lospoliticosveracruz.com\/wp-content\/uploads\/2025\/02\/Mastografia-300x212.jpeg 300w, https:\/\/lospoliticosveracruz.com\/wp-content\/uploads\/2025\/02\/Mastografia-768x543.jpeg 768w, https:\/\/lospoliticosveracruz.com\/wp-content\/uploads\/2025\/02\/Mastografia-1536x1086.jpeg 1536w, https:\/\/lospoliticosveracruz.com\/wp-content\/uploads\/2025\/02\/Mastografia.jpeg 1600w\" sizes=\"auto, (max-width: 1024px) 100vw, 1024px\" \/><\/a><\/figure>\n\n\n\n<p>Don Alberto Arango de la Huerta (QEPD) fue colaborador y amigo de Don Jes\u00fas Reyes Heroles &#8211; pol\u00edtico y fil\u00f3sofo mexicano, y orgullo de Tuxpan &#8211; y de quien dec\u00eda que expresaba; \u00aben el quehacer institucional si alguien est\u00e1 funcionando bien para que lo quitas y si est\u00e1 trabajando mal para que lo promueves\u00bb.<\/p>\n\n\n\n<p>En ese sentido, creo, que el reacomodo ya anunciado por la Gobernadora Nahle entorno a regresar tareas en materia de cultura a la Secretaria de Turismo, implica el desaparecer una dependencia incluso formada hace unos meses.<\/p>\n\n\n\n<p>Este reacomodo legal y administrativo igual se puede presentar en algunos otros sectores del gabinete de la Ingeniera Nahle.<\/p>\n\n\n\n<p>Los miembros del gabinete legal y ampliado en el Poder Ejecutivo Estatal, algunos se mueven con eficiencia profesional y discrecionalidad institucional, pero otros en su \u00f3rbita de acci\u00f3n no han mostrado durante los primeros cien d\u00edas de gobierno muchas fortalezas, y es que \u00aben el oficio p\u00fablico solo hay aptos y no aptos\u00bb.<\/p>\n\n\n\n<p>As\u00ed pues, se avecinan ajustes en el primer semestre de 2025 que estar\u00eda incluyendo la entrada de nuevos servidores p\u00fablicos y la salida de quienes est\u00e1n, pero igualmente podr\u00edan algunos otros cambiar de puesto y de nivel jer\u00e1rquico, en venideras semanas.<\/p>\n\n\n\n<p>La siempre justificaci\u00f3n de reducir el aparato gubernamental y ahorrar recursos, no es la raz\u00f3n fundamental &#8211; desde mi enfoque &#8211; pero todo para reoxigenar e inyectar aire fresco, pues un ajuste o cambio de piezas en la maquinaria siempre implica cambiar para mejorar, y tratar de ser mejores.<\/p>\n\n\n\n<p>En todo sexenio,- al principio a mediados o al final,- entre la falta de capacidades o p\u00e9rdida de confianza, hay funcionarios faltos de oficio que se convierten en fusibles, llevando a la necesidad en la superioridad de hacer relevos en un claro reconocimiento a homogeneizar m\u00fasculos para aceitar las obras, servicios, acciones y programas de un gobierno m\u00e1s de territorio y menos escritorio.<\/p>\n\n\n\n<p><strong>DE SOBREMESA<\/strong><\/p>\n\n\n\n<p>Los gobiernos actuales cada vez m\u00e1s con frecuencia se van ajustando a la nueva realidad sobre la marcha y con ello a las nuevas pol\u00edticas, donde el desgaste entre sus elementos humanos suele ser de una mayor intensidad y el empujamiento social lo provoca tarde que temprano ante las exigencias de la \u00e9poca, pues la poblaci\u00f3n hoy en d\u00eda al no verse o sentirse atendida, busca arterias directas de comunicaci\u00f3n ante la gobernadora &#8211; es el caso Veracruz &#8211; y se queja o demanda atenci\u00f3n y soluci\u00f3n.<\/p>\n\n\n\n<p><strong>UN CAF\u00c9 LECHERO LIGTH<\/strong><\/p>\n\n\n\n<p>La administraci\u00f3n p\u00fablica ense\u00f1a y fortalece conceptos y deben entenderse desde el inicio del proceso sexenal, por lo que las piezas se van a empezar a reacomodar y tambi\u00e9n a apuntalarse los mejores.<\/p>\n\n\n\n<p><strong>UN CAF\u00c9 CON DOBLE CARGA<br><\/strong>Y es que los cimientos, se vuelven m\u00e1s s\u00f3lidos con el contacto social de servidores p\u00fablicos, pues les evita cualquier erosi\u00f3n.<\/p>\n\n\n\n<p>\u00a1ES CUANTO!<\/p>\n\n\n\n<p>enriquezambell@gmail.com;<br>enamjl62@gmail.com<\/p>\n","protected":false},"excerpt":{"rendered":"<p>S\u00edguenos ahora tambi\u00e9n en WhatsApp.\u00a0Da clic aqu\u00ed Jos\u00e9 Luis Enr\u00edquez AmbellCaf\u00e9 de Ma\u00f1ana \u00abEn la administraci\u00f3n p\u00fablica ni sobra el que se queda ni falta el que se va\u00bb. Y es que adem\u00e1s, cuando se producen ajustes, cambios y fusiones en la estructura humana de gobierno que incluye modificaciones en el engranaje de dependencias y [&hellip;]<\/p>\n","protected":false},"author":2,"featured_media":119814,"comment_status":"closed","ping_status":"closed","sticky":false,"template":"","format":"standard","meta":{"tdm_status":"","tdm_grid_status":"","footnotes":""},"categories":[70],"tags":[8383],"class_list":{"0":"post-139331","1":"post","2":"type-post","3":"status-publish","4":"format-standard","5":"has-post-thumbnail","7":"category-de-opinion","8":"tag-jose-luis-enriquez-ambell"},"yoast_head":"<!-- This site is optimized with the Yoast SEO plugin v27.4 - https:\/\/yoast.com\/product\/yoast-seo-wordpress\/ -->\n<title>CAMBIOS, AJUSTES Y FUSIONES EN GOBIERNO DE NAHLE - Los pol\u00edticos Veracruz<\/title>\n<meta name=\"robots\" content=\"index, follow, max-snippet:-1, max-image-preview:large, max-video-preview:-1\" \/>\n<link rel=\"canonical\" href=\"https:\/\/lospoliticosveracruz.com\/?p=139331\" \/>\n<meta property=\"og:locale\" content=\"es_ES\" \/>\n<meta property=\"og:type\" content=\"article\" \/>\n<meta property=\"og:title\" content=\"CAMBIOS, AJUSTES Y FUSIONES EN GOBIERNO DE NAHLE - Los pol\u00edticos Veracruz\" \/>\n<meta property=\"og:description\" content=\"S\u00edguenos ahora tambi\u00e9n en WhatsApp.\u00a0Da clic aqu\u00ed Jos\u00e9 Luis Enr\u00edquez AmbellCaf\u00e9 de Ma\u00f1ana \u00abEn la administraci\u00f3n p\u00fablica ni sobra el que se queda ni falta el que se va\u00bb. Y es que adem\u00e1s, cuando se producen ajustes, cambios y fusiones en la estructura humana de gobierno que incluye modificaciones en el engranaje de dependencias y [&hellip;]\" \/>\n<meta property=\"og:url\" content=\"https:\/\/lospoliticosveracruz.com\/?p=139331\" \/>\n<meta property=\"og:site_name\" content=\"Los pol\u00edticos Veracruz\" \/>\n<meta property=\"article:publisher\" content=\"https:\/\/www.facebook.com\/people\/Notimemes-de-los-Polticos\/61565672886568\/\" \/>\n<meta property=\"article:published_time\" content=\"2025-03-10T01:32:11+00:00\" \/>\n<meta property=\"article:modified_time\" content=\"2025-03-10T01:32:31+00:00\" \/>\n<meta property=\"og:image\" content=\"https:\/\/lospoliticosveracruz.com\/wp-content\/uploads\/2024\/03\/Ambell.jpg\" \/>\n\t<meta property=\"og:image:width\" content=\"1250\" \/>\n\t<meta property=\"og:image:height\" content=\"667\" \/>\n\t<meta property=\"og:image:type\" content=\"image\/jpeg\" \/>\n<meta name=\"author\" content=\"Lo viste en Los Pol\u00edticos\" \/>\n<meta name=\"twitter:card\" content=\"summary_large_image\" \/>\n<meta name=\"twitter:creator\" content=\"@LosPoliticosVer\" \/>\n<meta name=\"twitter:site\" content=\"@LosPoliticosVer\" \/>\n<meta name=\"twitter:label1\" content=\"Escrito por\" \/>\n\t<meta name=\"twitter:data1\" content=\"Lo viste en Los Pol\u00edticos\" \/>\n\t<meta name=\"twitter:label2\" content=\"Tiempo de lectura\" \/>\n\t<meta name=\"twitter:data2\" content=\"3 minutos\" \/>\n<script type=\"application\/ld+json\" class=\"yoast-schema-graph\">{\"@context\":\"https:\\\/\\\/schema.org\",\"@graph\":[{\"@type\":\"Article\",\"@id\":\"https:\\\/\\\/lospoliticosveracruz.com\\\/?p=139331#article\",\"isPartOf\":{\"@id\":\"https:\\\/\\\/lospoliticosveracruz.com\\\/?p=139331\"},\"author\":{\"name\":\"Lo viste en Los Pol\u00edticos\",\"@id\":\"https:\\\/\\\/lospoliticosveracruz.com\\\/#\\\/schema\\\/person\\\/b8702bb0e538456e6efd07080bf2a4a2\"},\"headline\":\"CAMBIOS, AJUSTES Y FUSIONES EN GOBIERNO DE NAHLE\",\"datePublished\":\"2025-03-10T01:32:11+00:00\",\"dateModified\":\"2025-03-10T01:32:31+00:00\",\"mainEntityOfPage\":{\"@id\":\"https:\\\/\\\/lospoliticosveracruz.com\\\/?p=139331\"},\"wordCount\":593,\"publisher\":{\"@id\":\"https:\\\/\\\/lospoliticosveracruz.com\\\/#organization\"},\"image\":{\"@id\":\"https:\\\/\\\/lospoliticosveracruz.com\\\/?p=139331#primaryimage\"},\"thumbnailUrl\":\"https:\\\/\\\/lospoliticosveracruz.com\\\/wp-content\\\/uploads\\\/2024\\\/03\\\/Ambell.jpg\",\"keywords\":[\"Jos\u00e9 Luis Enr\u00edquez Ambell\"],\"articleSection\":[\"De Opini\u00f3n\"],\"inLanguage\":\"es\"},{\"@type\":\"WebPage\",\"@id\":\"https:\\\/\\\/lospoliticosveracruz.com\\\/?p=139331\",\"url\":\"https:\\\/\\\/lospoliticosveracruz.com\\\/?p=139331\",\"name\":\"CAMBIOS, AJUSTES Y FUSIONES EN GOBIERNO DE NAHLE - Los pol\u00edticos Veracruz\",\"isPartOf\":{\"@id\":\"https:\\\/\\\/lospoliticosveracruz.com\\\/#website\"},\"primaryImageOfPage\":{\"@id\":\"https:\\\/\\\/lospoliticosveracruz.com\\\/?p=139331#primaryimage\"},\"image\":{\"@id\":\"https:\\\/\\\/lospoliticosveracruz.com\\\/?p=139331#primaryimage\"},\"thumbnailUrl\":\"https:\\\/\\\/lospoliticosveracruz.com\\\/wp-content\\\/uploads\\\/2024\\\/03\\\/Ambell.jpg\",\"datePublished\":\"2025-03-10T01:32:11+00:00\",\"dateModified\":\"2025-03-10T01:32:31+00:00\",\"breadcrumb\":{\"@id\":\"https:\\\/\\\/lospoliticosveracruz.com\\\/?p=139331#breadcrumb\"},\"inLanguage\":\"es\",\"potentialAction\":[{\"@type\":\"ReadAction\",\"target\":[\"https:\\\/\\\/lospoliticosveracruz.com\\\/?p=139331\"]}]},{\"@type\":\"ImageObject\",\"inLanguage\":\"es\",\"@id\":\"https:\\\/\\\/lospoliticosveracruz.com\\\/?p=139331#primaryimage\",\"url\":\"https:\\\/\\\/lospoliticosveracruz.com\\\/wp-content\\\/uploads\\\/2024\\\/03\\\/Ambell.jpg\",\"contentUrl\":\"https:\\\/\\\/lospoliticosveracruz.com\\\/wp-content\\\/uploads\\\/2024\\\/03\\\/Ambell.jpg\",\"width\":1250,\"height\":667},{\"@type\":\"BreadcrumbList\",\"@id\":\"https:\\\/\\\/lospoliticosveracruz.com\\\/?p=139331#breadcrumb\",\"itemListElement\":[{\"@type\":\"ListItem\",\"position\":1,\"name\":\"Portada\",\"item\":\"https:\\\/\\\/lospoliticosveracruz.com\\\/\"},{\"@type\":\"ListItem\",\"position\":2,\"name\":\"CAMBIOS, AJUSTES Y FUSIONES EN GOBIERNO DE NAHLE\"}]},{\"@type\":\"WebSite\",\"@id\":\"https:\\\/\\\/lospoliticosveracruz.com\\\/#website\",\"url\":\"https:\\\/\\\/lospoliticosveracruz.com\\\/\",\"name\":\"Los pol\u00edticos Veracruz\",\"description\":\"\",\"publisher\":{\"@id\":\"https:\\\/\\\/lospoliticosveracruz.com\\\/#organization\"},\"potentialAction\":[{\"@type\":\"SearchAction\",\"target\":{\"@type\":\"EntryPoint\",\"urlTemplate\":\"https:\\\/\\\/lospoliticosveracruz.com\\\/?s={search_term_string}\"},\"query-input\":{\"@type\":\"PropertyValueSpecification\",\"valueRequired\":true,\"valueName\":\"search_term_string\"}}],\"inLanguage\":\"es\"},{\"@type\":\"Organization\",\"@id\":\"https:\\\/\\\/lospoliticosveracruz.com\\\/#organization\",\"name\":\"Los pol\u00edticos Veracruz\",\"url\":\"https:\\\/\\\/lospoliticosveracruz.com\\\/\",\"logo\":{\"@type\":\"ImageObject\",\"inLanguage\":\"es\",\"@id\":\"https:\\\/\\\/lospoliticosveracruz.com\\\/#\\\/schema\\\/logo\\\/image\\\/\",\"url\":\"https:\\\/\\\/lospoliticosveracruz.com\\\/wp-content\\\/uploads\\\/2025\\\/12\\\/Logo-Nuevo-LOS-POLITICOS-1.jpg\",\"contentUrl\":\"https:\\\/\\\/lospoliticosveracruz.com\\\/wp-content\\\/uploads\\\/2025\\\/12\\\/Logo-Nuevo-LOS-POLITICOS-1.jpg\",\"width\":260,\"height\":70,\"caption\":\"Los pol\u00edticos Veracruz\"},\"image\":{\"@id\":\"https:\\\/\\\/lospoliticosveracruz.com\\\/#\\\/schema\\\/logo\\\/image\\\/\"},\"sameAs\":[\"https:\\\/\\\/www.facebook.com\\\/people\\\/Notimemes-de-los-Polticos\\\/61565672886568\\\/\",\"https:\\\/\\\/x.com\\\/LosPoliticosVer\"]},{\"@type\":\"Person\",\"@id\":\"https:\\\/\\\/lospoliticosveracruz.com\\\/#\\\/schema\\\/person\\\/b8702bb0e538456e6efd07080bf2a4a2\",\"name\":\"Lo viste en Los Pol\u00edticos\",\"image\":{\"@type\":\"ImageObject\",\"inLanguage\":\"es\",\"@id\":\"https:\\\/\\\/secure.gravatar.com\\\/avatar\\\/3a8de04a2656d44082be478bd6c086daa447c4651605818287b9532d3d0bd435?s=96&d=mm&r=g\",\"url\":\"https:\\\/\\\/secure.gravatar.com\\\/avatar\\\/3a8de04a2656d44082be478bd6c086daa447c4651605818287b9532d3d0bd435?s=96&d=mm&r=g\",\"contentUrl\":\"https:\\\/\\\/secure.gravatar.com\\\/avatar\\\/3a8de04a2656d44082be478bd6c086daa447c4651605818287b9532d3d0bd435?s=96&d=mm&r=g\",\"caption\":\"Lo viste en Los Pol\u00edticos\"},\"url\":\"https:\\\/\\\/lospoliticosveracruz.com\\\/?author=2\"}]}<\/script>\n<!-- \/ Yoast SEO plugin. -->","yoast_head_json":{"title":"CAMBIOS, AJUSTES Y FUSIONES EN GOBIERNO DE NAHLE - Los pol\u00edticos Veracruz","robots":{"index":"index","follow":"follow","max-snippet":"max-snippet:-1","max-image-preview":"max-image-preview:large","max-video-preview":"max-video-preview:-1"},"canonical":"https:\/\/lospoliticosveracruz.com\/?p=139331","og_locale":"es_ES","og_type":"article","og_title":"CAMBIOS, AJUSTES Y FUSIONES EN GOBIERNO DE NAHLE - Los pol\u00edticos Veracruz","og_description":"S\u00edguenos ahora tambi\u00e9n en WhatsApp.\u00a0Da clic aqu\u00ed Jos\u00e9 Luis Enr\u00edquez AmbellCaf\u00e9 de Ma\u00f1ana \u00abEn la administraci\u00f3n p\u00fablica ni sobra el que se queda ni falta el que se va\u00bb. Y es que adem\u00e1s, cuando se producen ajustes, cambios y fusiones en la estructura humana de gobierno que incluye modificaciones en el engranaje de dependencias y [&hellip;]","og_url":"https:\/\/lospoliticosveracruz.com\/?p=139331","og_site_name":"Los pol\u00edticos Veracruz","article_publisher":"https:\/\/www.facebook.com\/people\/Notimemes-de-los-Polticos\/61565672886568\/","article_published_time":"2025-03-10T01:32:11+00:00","article_modified_time":"2025-03-10T01:32:31+00:00","og_image":[{"width":1250,"height":667,"url":"https:\/\/lospoliticosveracruz.com\/wp-content\/uploads\/2024\/03\/Ambell.jpg","type":"image\/jpeg"}],"author":"Lo viste en Los Pol\u00edticos","twitter_card":"summary_large_image","twitter_creator":"@LosPoliticosVer","twitter_site":"@LosPoliticosVer","twitter_misc":{"Escrito por":"Lo viste en Los Pol\u00edticos","Tiempo de lectura":"3 minutos"},"schema":{"@context":"https:\/\/schema.org","@graph":[{"@type":"Article","@id":"https:\/\/lospoliticosveracruz.com\/?p=139331#article","isPartOf":{"@id":"https:\/\/lospoliticosveracruz.com\/?p=139331"},"author":{"name":"Lo viste en Los Pol\u00edticos","@id":"https:\/\/lospoliticosveracruz.com\/#\/schema\/person\/b8702bb0e538456e6efd07080bf2a4a2"},"headline":"CAMBIOS, AJUSTES Y FUSIONES EN GOBIERNO DE NAHLE","datePublished":"2025-03-10T01:32:11+00:00","dateModified":"2025-03-10T01:32:31+00:00","mainEntityOfPage":{"@id":"https:\/\/lospoliticosveracruz.com\/?p=139331"},"wordCount":593,"publisher":{"@id":"https:\/\/lospoliticosveracruz.com\/#organization"},"image":{"@id":"https:\/\/lospoliticosveracruz.com\/?p=139331#primaryimage"},"thumbnailUrl":"https:\/\/lospoliticosveracruz.com\/wp-content\/uploads\/2024\/03\/Ambell.jpg","keywords":["Jos\u00e9 Luis Enr\u00edquez Ambell"],"articleSection":["De Opini\u00f3n"],"inLanguage":"es"},{"@type":"WebPage","@id":"https:\/\/lospoliticosveracruz.com\/?p=139331","url":"https:\/\/lospoliticosveracruz.com\/?p=139331","name":"CAMBIOS, AJUSTES Y FUSIONES EN GOBIERNO DE NAHLE - Los pol\u00edticos Veracruz","isPartOf":{"@id":"https:\/\/lospoliticosveracruz.com\/#website"},"primaryImageOfPage":{"@id":"https:\/\/lospoliticosveracruz.com\/?p=139331#primaryimage"},"image":{"@id":"https:\/\/lospoliticosveracruz.com\/?p=139331#primaryimage"},"thumbnailUrl":"https:\/\/lospoliticosveracruz.com\/wp-content\/uploads\/2024\/03\/Ambell.jpg","datePublished":"2025-03-10T01:32:11+00:00","dateModified":"2025-03-10T01:32:31+00:00","breadcrumb":{"@id":"https:\/\/lospoliticosveracruz.com\/?p=139331#breadcrumb"},"inLanguage":"es","potentialAction":[{"@type":"ReadAction","target":["https:\/\/lospoliticosveracruz.com\/?p=139331"]}]},{"@type":"ImageObject","inLanguage":"es","@id":"https:\/\/lospoliticosveracruz.com\/?p=139331#primaryimage","url":"https:\/\/lospoliticosveracruz.com\/wp-content\/uploads\/2024\/03\/Ambell.jpg","contentUrl":"https:\/\/lospoliticosveracruz.com\/wp-content\/uploads\/2024\/03\/Ambell.jpg","width":1250,"height":667},{"@type":"BreadcrumbList","@id":"https:\/\/lospoliticosveracruz.com\/?p=139331#breadcrumb","itemListElement":[{"@type":"ListItem","position":1,"name":"Portada","item":"https:\/\/lospoliticosveracruz.com\/"},{"@type":"ListItem","position":2,"name":"CAMBIOS, AJUSTES Y FUSIONES EN GOBIERNO DE NAHLE"}]},{"@type":"WebSite","@id":"https:\/\/lospoliticosveracruz.com\/#website","url":"https:\/\/lospoliticosveracruz.com\/","name":"Los pol\u00edticos Veracruz","description":"","publisher":{"@id":"https:\/\/lospoliticosveracruz.com\/#organization"},"potentialAction":[{"@type":"SearchAction","target":{"@type":"EntryPoint","urlTemplate":"https:\/\/lospoliticosveracruz.com\/?s={search_term_string}"},"query-input":{"@type":"PropertyValueSpecification","valueRequired":true,"valueName":"search_term_string"}}],"inLanguage":"es"},{"@type":"Organization","@id":"https:\/\/lospoliticosveracruz.com\/#organization","name":"Los pol\u00edticos Veracruz","url":"https:\/\/lospoliticosveracruz.com\/","logo":{"@type":"ImageObject","inLanguage":"es","@id":"https:\/\/lospoliticosveracruz.com\/#\/schema\/logo\/image\/","url":"https:\/\/lospoliticosveracruz.com\/wp-content\/uploads\/2025\/12\/Logo-Nuevo-LOS-POLITICOS-1.jpg","contentUrl":"https:\/\/lospoliticosveracruz.com\/wp-content\/uploads\/2025\/12\/Logo-Nuevo-LOS-POLITICOS-1.jpg","width":260,"height":70,"caption":"Los pol\u00edticos Veracruz"},"image":{"@id":"https:\/\/lospoliticosveracruz.com\/#\/schema\/logo\/image\/"},"sameAs":["https:\/\/www.facebook.com\/people\/Notimemes-de-los-Polticos\/61565672886568\/","https:\/\/x.com\/LosPoliticosVer"]},{"@type":"Person","@id":"https:\/\/lospoliticosveracruz.com\/#\/schema\/person\/b8702bb0e538456e6efd07080bf2a4a2","name":"Lo viste en Los Pol\u00edticos","image":{"@type":"ImageObject","inLanguage":"es","@id":"https:\/\/secure.gravatar.com\/avatar\/3a8de04a2656d44082be478bd6c086daa447c4651605818287b9532d3d0bd435?s=96&d=mm&r=g","url":"https:\/\/secure.gravatar.com\/avatar\/3a8de04a2656d44082be478bd6c086daa447c4651605818287b9532d3d0bd435?s=96&d=mm&r=g","contentUrl":"https:\/\/secure.gravatar.com\/avatar\/3a8de04a2656d44082be478bd6c086daa447c4651605818287b9532d3d0bd435?s=96&d=mm&r=g","caption":"Lo viste en Los Pol\u00edticos"},"url":"https:\/\/lospoliticosveracruz.com\/?author=2"}]}},"_links":{"self":[{"href":"https:\/\/lospoliticosveracruz.com\/index.php?rest_route=\/wp\/v2\/posts\/139331","targetHints":{"allow":["GET"]}}],"collection":[{"href":"https:\/\/lospoliticosveracruz.com\/index.php?rest_route=\/wp\/v2\/posts"}],"about":[{"href":"https:\/\/lospoliticosveracruz.com\/index.php?rest_route=\/wp\/v2\/types\/post"}],"author":[{"embeddable":true,"href":"https:\/\/lospoliticosveracruz.com\/index.php?rest_route=\/wp\/v2\/users\/2"}],"replies":[{"embeddable":true,"href":"https:\/\/lospoliticosveracruz.com\/index.php?rest_route=%2Fwp%2Fv2%2Fcomments&post=139331"}],"version-history":[{"count":1,"href":"https:\/\/lospoliticosveracruz.com\/index.php?rest_route=\/wp\/v2\/posts\/139331\/revisions"}],"predecessor-version":[{"id":139332,"href":"https:\/\/lospoliticosveracruz.com\/index.php?rest_route=\/wp\/v2\/posts\/139331\/revisions\/139332"}],"wp:featuredmedia":[{"embeddable":true,"href":"https:\/\/lospoliticosveracruz.com\/index.php?rest_route=\/wp\/v2\/media\/119814"}],"wp:attachment":[{"href":"https:\/\/lospoliticosveracruz.com\/index.php?rest_route=%2Fwp%2Fv2%2Fmedia&parent=139331"}],"wp:term":[{"taxonomy":"category","embeddable":true,"href":"https:\/\/lospoliticosveracruz.com\/index.php?rest_route=%2Fwp%2Fv2%2Fcategories&post=139331"},{"taxonomy":"post_tag","embeddable":true,"href":"https:\/\/lospoliticosveracruz.com\/index.php?rest_route=%2Fwp%2Fv2%2Ftags&post=139331"}],"curies":[{"name":"wp","href":"https:\/\/api.w.org\/{rel}","templated":true}]}}