{"id":139344,"date":"2025-03-10T00:41:37","date_gmt":"2025-03-10T06:41:37","guid":{"rendered":"https:\/\/lospoliticosveracruz.com.mx\/?p=139344"},"modified":"2025-03-10T00:41:56","modified_gmt":"2025-03-10T06:41:56","slug":"el-rezago-de-nahle","status":"publish","type":"post","link":"https:\/\/lospoliticosveracruz.com\/?p=139344","title":{"rendered":"EL REZAGO DE NAHLE"},"content":{"rendered":"\n<p>[S\u00edguenos ahora tambi\u00e9n en WhatsApp.\u00a0<a href=\"https:\/\/whatsapp.com\/channel\/0029Va8zRWlEKyZIP3Z1dF0e\"><strong><em>Da clic aqu\u00ed<\/em><\/strong><\/a>]\u00a0<br><strong>Ricardo Chua<\/strong><\/p>\n\n\n\n<p><em>Sale y Vale<\/em><\/p>\n\n\n\n<p>Hay situaciones que fueron muy notorias este pasado s\u00e1bado en Coatzacoalcos.. Ah\u00ed en el Teatro de la Ciudad.. donde Roc\u00edo Nahle present\u00f3 su Informe de sus 100 d\u00edas como gobernadora de Veracruz.. Y fue que Nahle no tuvo tanta \u00abtela de donde cortar\u00bb como para presumir LOGROS de su administraci\u00f3n en sus primeros 3 meses al frente del Gobierno del Estado.. Obvio NO ES CULPA DE ELLA, es la responsabilidad de sus funcionarios del gabinete que no han cumplido o simplemente no est\u00e1n haciendo su trabajo.. Y la que queda mal, es ella..<\/p>\n\n\n\n<p>Cuenta \u00abGarganta Profunda\u00bb que en la principal oficina de Palacio de Gobierno en Xalapa.. Hay serias molestias con algunos personajes, que eran de su ENTERA CONFIANZA pero que no est\u00e1n dando el \u00abancho\u00bb donde los coloc\u00f3 como sus principales operadores de su gobierno..Sobre todo porque en estos 100 d\u00edas, Nahle no tuvo \u00abcarnita\u00bb que presumir de su administraci\u00f3n como ella quer\u00eda.. Y si hasta el cansancio ha dicho que ella es mujer de resultados, pues, estos asuntos la est\u00e1n haciendo quedar mal.. Por eso, los fuertes rumores de cambios en el gabinete estatal en pr\u00f3ximas semanas..<\/p>\n\n\n\n<p>Ella sabe que ya empez\u00f3 la cuenta regresiva como gobernadora.. Y no tiene tiempo ya para argumentar que ten\u00edan que \u00abarrancar el barco\u00bb.. De aqu\u00ed para adelante todo lo que suceda en Veracruz, ya es responsabilidad de ella.. Y ni modo, que est\u00e9 \u00abcargando\u00bb con personajes en su gobierno que no le dan el resultado que esperaba.. Por eso, los RELEVOS est\u00e1n a la vista.. Y lo evidente fue que en Coatzacoalcos en el evento de los 100 d\u00edas de gobierno, NO HUBO TEMA ALGUNO de algunas dependencias del gobierno estatal.. Por eso, el rumor de que no todos est\u00e1n haciendo su trabajo..<\/p>\n\n\n\n<p>El conflicto que tiene Roc\u00edo Nahle y el rezago en sus 100 d\u00edas de su administraci\u00f3n.. Es que muchos secretarios de despacho simplemente no han ATERRIZADO su trabajo.. Y por eso, Nahle no tuvo nada que decir de dependencias como Contralor\u00eda, Turismo, SEDESOL, SEDEMA, CAEV, Protecci\u00f3n Civil y Secretar\u00eda de Gobierno.. Algo que no puede ser y que la misma gobernadora desde su oficina le debe estar dando un seguimiento diario y al no tener los resultados esperados, fue por eso que la misma Nahle no mencion\u00f3 nada de estas dependencias estatales.. \u00bfNo estar\u00e1 molesta?..<\/p>\n\n\n\n<p>OJO en el discurso de Coatzacoalcos.. Roc\u00edo Nahle s\u00f3lo habl\u00f3 de Salud, Seguridad P\u00fablica, Infraestructura y Obras P\u00fablica y un poco de Desarrollo Econ\u00f3mico.. Pero no toco m\u00e1s.. Con lo cual, qued\u00f3 claro quienes le entregaron informaci\u00f3n y resultados para que ella tuviera \u00abcarnita\u00bb para este informe.. Y ah\u00ed tambi\u00e9n qued\u00f3 demostrado qui\u00e9nes fueron los secretarios de despacho que no le entregaron nada.. Porque no han hecho bien su labor como funcionarios p\u00fablicos y la gobernadora sabe bien que su administraci\u00f3n est\u00e1 bajo la \u00ablupa\u00bb a nivel local y federal.. Tiene demasiados adversarios adentro y afuera..<\/p>\n\n\n\n<p>Motivo por el cual, hay muchas voces al interior de su gobierno estatal.. Que se\u00f1alan que Roc\u00edo Nahle est\u00e1 m\u00e1s que enojada por este motivo.. Ya que no pens\u00f3 que muchos de los personajes, en los que ella confi\u00f3 para conformar su primera etapa de su administraci\u00f3n.. Le fueran a quedar as\u00ed de mal.. Y ella est\u00e1 metida en varios temas pol\u00edticos de partido y gobierno en Palacio Nacional.. Como para venirse a dar cuenta que en 100 d\u00edas.. Su funcionarios de confianza tampoco le han cumplido con los encargos que ella les ha pedido.. Mientras atienden otros asuntos de Estado.. No son ni\u00f1os para que los ande \u00abarreando\u00bb..<\/p>\n\n\n\n<p>Obvio que la MOLEST\u00cdA de ella como gobernadora es justificada.. Nahle ha criticado a gobiernos estatales pasados.. Sostiene conflictos pol\u00edticos con grupos pol\u00edticos adversos anta\u00f1os que manejaron en su momento a Veracruz.. Para ella salir con un Informe de los 100 d\u00edas.. Sin mucho que poder informar.. Todo eso provoca que le den argumentos a sus detractores dentro y fuera de MORENA para que hagan se\u00f1alamientos en su contra.. Y muchos sin que ella tenga una responsabilidad directa.. S\u00f3lo que la gente en la que confi\u00f3, no le respondi\u00f3.. Y eso Roc\u00edo Nahle lo sabe y bien..<\/p>\n\n\n\n<p>REFLEXI\u00d3N.. No le queda de otra a Roc\u00edo Nahle que hacer un balance directo.. De que le est\u00e1 funcionando y que no le funciona en su administraci\u00f3n estatal.. A\u00fan est\u00e1 a tiempo y puede hacer los \u00abenroques\u00bb necesarios para cambiarle la cara a su incipiente gobierno.. Se duda que todo quede igual.. Como suced\u00eda con el anterior gobernador, Cuitl\u00e1huac Garc\u00eda, que dejaba pasar y dejaba correr todo lo que suceder\u00eda en su gabinete y al final, todos saben como termin\u00f3 Cuitl\u00e1huac en Veracruz.. Roc\u00edo Nahle no tiene ese car\u00e1cter del xalape\u00f1o y ella sabe que si tiene que hacer cambios.. Lo hace.. Primero el proyecto y luego la persona..<\/p>\n\n\n\n<p>La ventaja que tiene Roc\u00edo Nahle en este momento.. De que Veracruz se ver\u00e1 inmerso en temas electorales y pol\u00edticos por la elecci\u00f3n de las 212 alcald\u00edas en la entidad..Por lo menos, de aqu\u00ed hasta el mes de junio cuando se sepan los resultados preliminares de qui\u00e9n gan\u00f3 estas elecciones.. As\u00ed que tendr\u00e1 m\u00e1s de 90 d\u00edas para hacer un REAJUSTE en su gabinete.. Y como la mayor\u00eda estar\u00e1 inmerso en las elecciones municipales.. Pocos les importar\u00e1 esos cambios.. Pero que para Nahle si le son necesarios para que sus adversarios, no la acusen de que en su gobierno.. Veracruz, no tiene rumbo.. EL QUE ENTENDI\u00d3, LO ENTENDI\u00d3..<\/p>\n","protected":false},"excerpt":{"rendered":"<p>[S\u00edguenos ahora tambi\u00e9n en WhatsApp.\u00a0Da clic aqu\u00ed]\u00a0Ricardo Chua Sale y Vale Hay situaciones que fueron muy notorias este pasado s\u00e1bado en Coatzacoalcos.. Ah\u00ed en el Teatro de la Ciudad.. donde Roc\u00edo Nahle present\u00f3 su Informe de sus 100 d\u00edas como gobernadora de Veracruz.. Y fue que Nahle no tuvo tanta \u00abtela de donde cortar\u00bb como [&hellip;]<\/p>\n","protected":false},"author":2,"featured_media":119817,"comment_status":"closed","ping_status":"closed","sticky":false,"template":"","format":"standard","meta":{"tdm_status":"","tdm_grid_status":"","footnotes":""},"categories":[70],"tags":[371,1563,1026,3578,195],"class_list":{"0":"post-139344","1":"post","2":"type-post","3":"status-publish","4":"format-standard","5":"has-post-thumbnail","7":"category-de-opinion","8":"tag-coatzacoalcos","9":"tag-cuitlahuac-garcia-jimenez","10":"tag-morena","11":"tag-rocio-nahle","12":"tag-veracruz"},"yoast_head":"<!-- This site is optimized with the Yoast SEO plugin v27.4 - https:\/\/yoast.com\/product\/yoast-seo-wordpress\/ -->\n<title>EL REZAGO DE NAHLE - Los pol\u00edticos Veracruz<\/title>\n<meta name=\"robots\" content=\"index, follow, max-snippet:-1, max-image-preview:large, max-video-preview:-1\" \/>\n<link rel=\"canonical\" href=\"https:\/\/lospoliticosveracruz.com\/?p=139344\" \/>\n<meta property=\"og:locale\" content=\"es_ES\" \/>\n<meta property=\"og:type\" content=\"article\" \/>\n<meta property=\"og:title\" content=\"EL REZAGO DE NAHLE - Los pol\u00edticos Veracruz\" \/>\n<meta property=\"og:description\" content=\"[S\u00edguenos ahora tambi\u00e9n en WhatsApp.\u00a0Da clic aqu\u00ed]\u00a0Ricardo Chua Sale y Vale Hay situaciones que fueron muy notorias este pasado s\u00e1bado en Coatzacoalcos.. Ah\u00ed en el Teatro de la Ciudad.. donde Roc\u00edo Nahle present\u00f3 su Informe de sus 100 d\u00edas como gobernadora de Veracruz.. Y fue que Nahle no tuvo tanta \u00abtela de donde cortar\u00bb como [&hellip;]\" \/>\n<meta property=\"og:url\" content=\"https:\/\/lospoliticosveracruz.com\/?p=139344\" \/>\n<meta property=\"og:site_name\" content=\"Los pol\u00edticos Veracruz\" \/>\n<meta property=\"article:publisher\" content=\"https:\/\/www.facebook.com\/people\/Notimemes-de-los-Polticos\/61565672886568\/\" \/>\n<meta property=\"article:published_time\" content=\"2025-03-10T06:41:37+00:00\" \/>\n<meta property=\"article:modified_time\" content=\"2025-03-10T06:41:56+00:00\" \/>\n<meta property=\"og:image\" content=\"https:\/\/lospoliticosveracruz.com\/wp-content\/uploads\/2024\/03\/Ricardo-Chua.jpg\" \/>\n\t<meta property=\"og:image:width\" content=\"1250\" \/>\n\t<meta property=\"og:image:height\" content=\"667\" \/>\n\t<meta property=\"og:image:type\" content=\"image\/jpeg\" \/>\n<meta name=\"author\" content=\"Lo viste en Los Pol\u00edticos\" \/>\n<meta name=\"twitter:card\" content=\"summary_large_image\" \/>\n<meta name=\"twitter:creator\" content=\"@LosPoliticosVer\" \/>\n<meta name=\"twitter:site\" content=\"@LosPoliticosVer\" \/>\n<meta name=\"twitter:label1\" content=\"Escrito por\" \/>\n\t<meta name=\"twitter:data1\" content=\"Lo viste en Los Pol\u00edticos\" \/>\n\t<meta name=\"twitter:label2\" content=\"Tiempo de lectura\" \/>\n\t<meta name=\"twitter:data2\" content=\"5 minutos\" \/>\n<script type=\"application\/ld+json\" class=\"yoast-schema-graph\">{\"@context\":\"https:\\\/\\\/schema.org\",\"@graph\":[{\"@type\":\"Article\",\"@id\":\"https:\\\/\\\/lospoliticosveracruz.com\\\/?p=139344#article\",\"isPartOf\":{\"@id\":\"https:\\\/\\\/lospoliticosveracruz.com\\\/?p=139344\"},\"author\":{\"name\":\"Lo viste en Los Pol\u00edticos\",\"@id\":\"https:\\\/\\\/lospoliticosveracruz.com\\\/#\\\/schema\\\/person\\\/b8702bb0e538456e6efd07080bf2a4a2\"},\"headline\":\"EL REZAGO DE NAHLE\",\"datePublished\":\"2025-03-10T06:41:37+00:00\",\"dateModified\":\"2025-03-10T06:41:56+00:00\",\"mainEntityOfPage\":{\"@id\":\"https:\\\/\\\/lospoliticosveracruz.com\\\/?p=139344\"},\"wordCount\":985,\"publisher\":{\"@id\":\"https:\\\/\\\/lospoliticosveracruz.com\\\/#organization\"},\"image\":{\"@id\":\"https:\\\/\\\/lospoliticosveracruz.com\\\/?p=139344#primaryimage\"},\"thumbnailUrl\":\"https:\\\/\\\/lospoliticosveracruz.com\\\/wp-content\\\/uploads\\\/2024\\\/03\\\/Ricardo-Chua.jpg\",\"keywords\":[\"Coatzacoalcos\",\"Cuitl\u00e1huac Garc\u00eda Jim\u00e9nez\",\"Morena\",\"Roc\u00edo Nahle\",\"Veracruz\"],\"articleSection\":[\"De Opini\u00f3n\"],\"inLanguage\":\"es\"},{\"@type\":\"WebPage\",\"@id\":\"https:\\\/\\\/lospoliticosveracruz.com\\\/?p=139344\",\"url\":\"https:\\\/\\\/lospoliticosveracruz.com\\\/?p=139344\",\"name\":\"EL REZAGO DE NAHLE - Los pol\u00edticos Veracruz\",\"isPartOf\":{\"@id\":\"https:\\\/\\\/lospoliticosveracruz.com\\\/#website\"},\"primaryImageOfPage\":{\"@id\":\"https:\\\/\\\/lospoliticosveracruz.com\\\/?p=139344#primaryimage\"},\"image\":{\"@id\":\"https:\\\/\\\/lospoliticosveracruz.com\\\/?p=139344#primaryimage\"},\"thumbnailUrl\":\"https:\\\/\\\/lospoliticosveracruz.com\\\/wp-content\\\/uploads\\\/2024\\\/03\\\/Ricardo-Chua.jpg\",\"datePublished\":\"2025-03-10T06:41:37+00:00\",\"dateModified\":\"2025-03-10T06:41:56+00:00\",\"breadcrumb\":{\"@id\":\"https:\\\/\\\/lospoliticosveracruz.com\\\/?p=139344#breadcrumb\"},\"inLanguage\":\"es\",\"potentialAction\":[{\"@type\":\"ReadAction\",\"target\":[\"https:\\\/\\\/lospoliticosveracruz.com\\\/?p=139344\"]}]},{\"@type\":\"ImageObject\",\"inLanguage\":\"es\",\"@id\":\"https:\\\/\\\/lospoliticosveracruz.com\\\/?p=139344#primaryimage\",\"url\":\"https:\\\/\\\/lospoliticosveracruz.com\\\/wp-content\\\/uploads\\\/2024\\\/03\\\/Ricardo-Chua.jpg\",\"contentUrl\":\"https:\\\/\\\/lospoliticosveracruz.com\\\/wp-content\\\/uploads\\\/2024\\\/03\\\/Ricardo-Chua.jpg\",\"width\":1250,\"height\":667},{\"@type\":\"BreadcrumbList\",\"@id\":\"https:\\\/\\\/lospoliticosveracruz.com\\\/?p=139344#breadcrumb\",\"itemListElement\":[{\"@type\":\"ListItem\",\"position\":1,\"name\":\"Portada\",\"item\":\"https:\\\/\\\/lospoliticosveracruz.com\\\/\"},{\"@type\":\"ListItem\",\"position\":2,\"name\":\"EL REZAGO DE NAHLE\"}]},{\"@type\":\"WebSite\",\"@id\":\"https:\\\/\\\/lospoliticosveracruz.com\\\/#website\",\"url\":\"https:\\\/\\\/lospoliticosveracruz.com\\\/\",\"name\":\"Los pol\u00edticos Veracruz\",\"description\":\"\",\"publisher\":{\"@id\":\"https:\\\/\\\/lospoliticosveracruz.com\\\/#organization\"},\"potentialAction\":[{\"@type\":\"SearchAction\",\"target\":{\"@type\":\"EntryPoint\",\"urlTemplate\":\"https:\\\/\\\/lospoliticosveracruz.com\\\/?s={search_term_string}\"},\"query-input\":{\"@type\":\"PropertyValueSpecification\",\"valueRequired\":true,\"valueName\":\"search_term_string\"}}],\"inLanguage\":\"es\"},{\"@type\":\"Organization\",\"@id\":\"https:\\\/\\\/lospoliticosveracruz.com\\\/#organization\",\"name\":\"Los pol\u00edticos Veracruz\",\"url\":\"https:\\\/\\\/lospoliticosveracruz.com\\\/\",\"logo\":{\"@type\":\"ImageObject\",\"inLanguage\":\"es\",\"@id\":\"https:\\\/\\\/lospoliticosveracruz.com\\\/#\\\/schema\\\/logo\\\/image\\\/\",\"url\":\"https:\\\/\\\/lospoliticosveracruz.com\\\/wp-content\\\/uploads\\\/2025\\\/12\\\/Logo-Nuevo-LOS-POLITICOS-1.jpg\",\"contentUrl\":\"https:\\\/\\\/lospoliticosveracruz.com\\\/wp-content\\\/uploads\\\/2025\\\/12\\\/Logo-Nuevo-LOS-POLITICOS-1.jpg\",\"width\":260,\"height\":70,\"caption\":\"Los pol\u00edticos Veracruz\"},\"image\":{\"@id\":\"https:\\\/\\\/lospoliticosveracruz.com\\\/#\\\/schema\\\/logo\\\/image\\\/\"},\"sameAs\":[\"https:\\\/\\\/www.facebook.com\\\/people\\\/Notimemes-de-los-Polticos\\\/61565672886568\\\/\",\"https:\\\/\\\/x.com\\\/LosPoliticosVer\"]},{\"@type\":\"Person\",\"@id\":\"https:\\\/\\\/lospoliticosveracruz.com\\\/#\\\/schema\\\/person\\\/b8702bb0e538456e6efd07080bf2a4a2\",\"name\":\"Lo viste en Los Pol\u00edticos\",\"image\":{\"@type\":\"ImageObject\",\"inLanguage\":\"es\",\"@id\":\"https:\\\/\\\/secure.gravatar.com\\\/avatar\\\/3a8de04a2656d44082be478bd6c086daa447c4651605818287b9532d3d0bd435?s=96&d=mm&r=g\",\"url\":\"https:\\\/\\\/secure.gravatar.com\\\/avatar\\\/3a8de04a2656d44082be478bd6c086daa447c4651605818287b9532d3d0bd435?s=96&d=mm&r=g\",\"contentUrl\":\"https:\\\/\\\/secure.gravatar.com\\\/avatar\\\/3a8de04a2656d44082be478bd6c086daa447c4651605818287b9532d3d0bd435?s=96&d=mm&r=g\",\"caption\":\"Lo viste en Los Pol\u00edticos\"},\"url\":\"https:\\\/\\\/lospoliticosveracruz.com\\\/?author=2\"}]}<\/script>\n<!-- \/ Yoast SEO plugin. -->","yoast_head_json":{"title":"EL REZAGO DE NAHLE - Los pol\u00edticos Veracruz","robots":{"index":"index","follow":"follow","max-snippet":"max-snippet:-1","max-image-preview":"max-image-preview:large","max-video-preview":"max-video-preview:-1"},"canonical":"https:\/\/lospoliticosveracruz.com\/?p=139344","og_locale":"es_ES","og_type":"article","og_title":"EL REZAGO DE NAHLE - Los pol\u00edticos Veracruz","og_description":"[S\u00edguenos ahora tambi\u00e9n en WhatsApp.\u00a0Da clic aqu\u00ed]\u00a0Ricardo Chua Sale y Vale Hay situaciones que fueron muy notorias este pasado s\u00e1bado en Coatzacoalcos.. Ah\u00ed en el Teatro de la Ciudad.. donde Roc\u00edo Nahle present\u00f3 su Informe de sus 100 d\u00edas como gobernadora de Veracruz.. Y fue que Nahle no tuvo tanta \u00abtela de donde cortar\u00bb como [&hellip;]","og_url":"https:\/\/lospoliticosveracruz.com\/?p=139344","og_site_name":"Los pol\u00edticos Veracruz","article_publisher":"https:\/\/www.facebook.com\/people\/Notimemes-de-los-Polticos\/61565672886568\/","article_published_time":"2025-03-10T06:41:37+00:00","article_modified_time":"2025-03-10T06:41:56+00:00","og_image":[{"width":1250,"height":667,"url":"https:\/\/lospoliticosveracruz.com\/wp-content\/uploads\/2024\/03\/Ricardo-Chua.jpg","type":"image\/jpeg"}],"author":"Lo viste en Los Pol\u00edticos","twitter_card":"summary_large_image","twitter_creator":"@LosPoliticosVer","twitter_site":"@LosPoliticosVer","twitter_misc":{"Escrito por":"Lo viste en Los Pol\u00edticos","Tiempo de lectura":"5 minutos"},"schema":{"@context":"https:\/\/schema.org","@graph":[{"@type":"Article","@id":"https:\/\/lospoliticosveracruz.com\/?p=139344#article","isPartOf":{"@id":"https:\/\/lospoliticosveracruz.com\/?p=139344"},"author":{"name":"Lo viste en Los Pol\u00edticos","@id":"https:\/\/lospoliticosveracruz.com\/#\/schema\/person\/b8702bb0e538456e6efd07080bf2a4a2"},"headline":"EL REZAGO DE NAHLE","datePublished":"2025-03-10T06:41:37+00:00","dateModified":"2025-03-10T06:41:56+00:00","mainEntityOfPage":{"@id":"https:\/\/lospoliticosveracruz.com\/?p=139344"},"wordCount":985,"publisher":{"@id":"https:\/\/lospoliticosveracruz.com\/#organization"},"image":{"@id":"https:\/\/lospoliticosveracruz.com\/?p=139344#primaryimage"},"thumbnailUrl":"https:\/\/lospoliticosveracruz.com\/wp-content\/uploads\/2024\/03\/Ricardo-Chua.jpg","keywords":["Coatzacoalcos","Cuitl\u00e1huac Garc\u00eda Jim\u00e9nez","Morena","Roc\u00edo Nahle","Veracruz"],"articleSection":["De Opini\u00f3n"],"inLanguage":"es"},{"@type":"WebPage","@id":"https:\/\/lospoliticosveracruz.com\/?p=139344","url":"https:\/\/lospoliticosveracruz.com\/?p=139344","name":"EL REZAGO DE NAHLE - Los pol\u00edticos Veracruz","isPartOf":{"@id":"https:\/\/lospoliticosveracruz.com\/#website"},"primaryImageOfPage":{"@id":"https:\/\/lospoliticosveracruz.com\/?p=139344#primaryimage"},"image":{"@id":"https:\/\/lospoliticosveracruz.com\/?p=139344#primaryimage"},"thumbnailUrl":"https:\/\/lospoliticosveracruz.com\/wp-content\/uploads\/2024\/03\/Ricardo-Chua.jpg","datePublished":"2025-03-10T06:41:37+00:00","dateModified":"2025-03-10T06:41:56+00:00","breadcrumb":{"@id":"https:\/\/lospoliticosveracruz.com\/?p=139344#breadcrumb"},"inLanguage":"es","potentialAction":[{"@type":"ReadAction","target":["https:\/\/lospoliticosveracruz.com\/?p=139344"]}]},{"@type":"ImageObject","inLanguage":"es","@id":"https:\/\/lospoliticosveracruz.com\/?p=139344#primaryimage","url":"https:\/\/lospoliticosveracruz.com\/wp-content\/uploads\/2024\/03\/Ricardo-Chua.jpg","contentUrl":"https:\/\/lospoliticosveracruz.com\/wp-content\/uploads\/2024\/03\/Ricardo-Chua.jpg","width":1250,"height":667},{"@type":"BreadcrumbList","@id":"https:\/\/lospoliticosveracruz.com\/?p=139344#breadcrumb","itemListElement":[{"@type":"ListItem","position":1,"name":"Portada","item":"https:\/\/lospoliticosveracruz.com\/"},{"@type":"ListItem","position":2,"name":"EL REZAGO DE NAHLE"}]},{"@type":"WebSite","@id":"https:\/\/lospoliticosveracruz.com\/#website","url":"https:\/\/lospoliticosveracruz.com\/","name":"Los pol\u00edticos Veracruz","description":"","publisher":{"@id":"https:\/\/lospoliticosveracruz.com\/#organization"},"potentialAction":[{"@type":"SearchAction","target":{"@type":"EntryPoint","urlTemplate":"https:\/\/lospoliticosveracruz.com\/?s={search_term_string}"},"query-input":{"@type":"PropertyValueSpecification","valueRequired":true,"valueName":"search_term_string"}}],"inLanguage":"es"},{"@type":"Organization","@id":"https:\/\/lospoliticosveracruz.com\/#organization","name":"Los pol\u00edticos Veracruz","url":"https:\/\/lospoliticosveracruz.com\/","logo":{"@type":"ImageObject","inLanguage":"es","@id":"https:\/\/lospoliticosveracruz.com\/#\/schema\/logo\/image\/","url":"https:\/\/lospoliticosveracruz.com\/wp-content\/uploads\/2025\/12\/Logo-Nuevo-LOS-POLITICOS-1.jpg","contentUrl":"https:\/\/lospoliticosveracruz.com\/wp-content\/uploads\/2025\/12\/Logo-Nuevo-LOS-POLITICOS-1.jpg","width":260,"height":70,"caption":"Los pol\u00edticos Veracruz"},"image":{"@id":"https:\/\/lospoliticosveracruz.com\/#\/schema\/logo\/image\/"},"sameAs":["https:\/\/www.facebook.com\/people\/Notimemes-de-los-Polticos\/61565672886568\/","https:\/\/x.com\/LosPoliticosVer"]},{"@type":"Person","@id":"https:\/\/lospoliticosveracruz.com\/#\/schema\/person\/b8702bb0e538456e6efd07080bf2a4a2","name":"Lo viste en Los Pol\u00edticos","image":{"@type":"ImageObject","inLanguage":"es","@id":"https:\/\/secure.gravatar.com\/avatar\/3a8de04a2656d44082be478bd6c086daa447c4651605818287b9532d3d0bd435?s=96&d=mm&r=g","url":"https:\/\/secure.gravatar.com\/avatar\/3a8de04a2656d44082be478bd6c086daa447c4651605818287b9532d3d0bd435?s=96&d=mm&r=g","contentUrl":"https:\/\/secure.gravatar.com\/avatar\/3a8de04a2656d44082be478bd6c086daa447c4651605818287b9532d3d0bd435?s=96&d=mm&r=g","caption":"Lo viste en Los Pol\u00edticos"},"url":"https:\/\/lospoliticosveracruz.com\/?author=2"}]}},"_links":{"self":[{"href":"https:\/\/lospoliticosveracruz.com\/index.php?rest_route=\/wp\/v2\/posts\/139344","targetHints":{"allow":["GET"]}}],"collection":[{"href":"https:\/\/lospoliticosveracruz.com\/index.php?rest_route=\/wp\/v2\/posts"}],"about":[{"href":"https:\/\/lospoliticosveracruz.com\/index.php?rest_route=\/wp\/v2\/types\/post"}],"author":[{"embeddable":true,"href":"https:\/\/lospoliticosveracruz.com\/index.php?rest_route=\/wp\/v2\/users\/2"}],"replies":[{"embeddable":true,"href":"https:\/\/lospoliticosveracruz.com\/index.php?rest_route=%2Fwp%2Fv2%2Fcomments&post=139344"}],"version-history":[{"count":1,"href":"https:\/\/lospoliticosveracruz.com\/index.php?rest_route=\/wp\/v2\/posts\/139344\/revisions"}],"predecessor-version":[{"id":139345,"href":"https:\/\/lospoliticosveracruz.com\/index.php?rest_route=\/wp\/v2\/posts\/139344\/revisions\/139345"}],"wp:featuredmedia":[{"embeddable":true,"href":"https:\/\/lospoliticosveracruz.com\/index.php?rest_route=\/wp\/v2\/media\/119817"}],"wp:attachment":[{"href":"https:\/\/lospoliticosveracruz.com\/index.php?rest_route=%2Fwp%2Fv2%2Fmedia&parent=139344"}],"wp:term":[{"taxonomy":"category","embeddable":true,"href":"https:\/\/lospoliticosveracruz.com\/index.php?rest_route=%2Fwp%2Fv2%2Fcategories&post=139344"},{"taxonomy":"post_tag","embeddable":true,"href":"https:\/\/lospoliticosveracruz.com\/index.php?rest_route=%2Fwp%2Fv2%2Ftags&post=139344"}],"curies":[{"name":"wp","href":"https:\/\/api.w.org\/{rel}","templated":true}]}}