{"id":139346,"date":"2025-03-10T06:37:44","date_gmt":"2025-03-10T12:37:44","guid":{"rendered":"https:\/\/lospoliticosveracruz.com.mx\/?p=139346"},"modified":"2025-03-10T06:38:10","modified_gmt":"2025-03-10T12:38:10","slug":"el-desden-a-la-presidenta","status":"publish","type":"post","link":"https:\/\/lospoliticosveracruz.com\/?p=139346","title":{"rendered":"EL DESD\u00c9N A LA PRESIDENTA"},"content":{"rendered":"\n<p>[S\u00edguenos ahora tambi\u00e9n en WhatsApp.\u00a0<a href=\"https:\/\/whatsapp.com\/channel\/0029Va8zRWlEKyZIP3Z1dF0e\"><strong><em>Da clic aqu\u00ed<\/em><\/strong><\/a>]\u00a0<br><strong>Fanny Y\u00e9pez<\/strong><br><em>La Columna<\/em><\/p>\n\n\n\n<p>Vaya para error garrafal de Ricardo Monreal, Ad\u00e1n Augusto, Luisa Mar\u00eda Alcalde, Manuel Velasco y Andr\u00e9s Manuel L\u00f3pez Beltr\u00e1n, quienes en lugar de recibir como el protocolo lo establece, a la Presidenta Claudia Sheinbaum Pardo, prefirieron darle la espalda para tomarse la foto del recuerdo.<\/p>\n\n\n\n<p>Esa equivocada actitud, genero una oleada de comentarios negativos, que van desde el desd\u00e9n a la Presidenta, divisi\u00f3n, falta de sensibilidad, falta de oficio pol\u00edtico y falta de respeto, entre otras observaciones.<\/p>\n\n\n\n<p>Como lo ten\u00eda establecido el equipo de log\u00edstica de la presidencia, la mandataria sali\u00f3 de Palacio Nacional para encabezar un mitin en la Plaza de la Constituci\u00f3n al medio d\u00eda de este domingo.<\/p>\n\n\n\n<p>Antes de subir al templete, decidi\u00f3 saludar a los simpatizantes que estaban en la primera fila y, despu\u00e9s, a familiares, amigos, pol\u00edticos e invitados especiales que se encontraban en la zona preferente.<\/p>\n\n\n\n<p>En ese preciso instante los personajes que estaban \u201cdistra\u00eddos\u201d, mientras posaban para una foto de grupo, l\u00edderes y legisladores de Morena y PVEM, suponemos que no se percataron de la presencia de la mandataria nacional, quien los salud\u00f3 con la mano al aire, mientras le daban la espalda.<\/p>\n\n\n\n<p>Cabe resaltar que el \u00fanico que alcanz\u00f3 a tocar la mano de la presidenta, fue el senador Alejandro Esquer, uno de los hombres m\u00e1s cercanos al ex presidente Andr\u00e9s Manuel L\u00f3pez Obrador.<\/p>\n\n\n\n<p>Al final del acto, la mandataria nuevamente cruz\u00f3 en la zona VIP, pero pas\u00f3 por atr\u00e1s saludando a simpatizantes que se encontraban pegados a las vallas met\u00e1licas, y no se detuvo frente a los dirigentes de la 4T.<\/p>\n\n\n\n<p>En tanto, el Gobierno de la Ciudad de M\u00e9xico, a trav\u00e9s de la Secretar\u00eda de Gobierno (Secgob), inform\u00f3 este domingo que m\u00e1s de 350 mil personas asistieron a la Asamblea Informativa de la Presidenta Claudia Sheinbaum Pardo en el Z\u00f3calo capitalino, la cual concluy\u00f3 con saldo blanco.<\/p>\n\n\n\n<p>Pero retomando la actitud equivocada de los personajes anteriormente citados, seguramente recapacitaron y decidieron hacer p\u00fablicas sus disculpas:<\/p>\n\n\n\n<p>Ad\u00e1n Augusto L\u00f3pez Hern\u00e1ndez posteo en su cuanta de X: Presidenta Claudia Sheinbaum, le ofrezco una disculpa, en la emoci\u00f3n del momento nunca escuchamos que usted ya estaba en el coraz\u00f3n de la Patria.<\/p>\n\n\n\n<p>En tanto que Manuel Velasco en la misma plataforma publico: Estoy reunido con el Senador Ad\u00e1n Augusto L\u00f3pez y con el Diputado Ricardo Monreal. Le ofrecemos una disculpa a nuestra Presidenta @Claudiashein, ya que, en la emoci\u00f3n del evento de unidad en el Z\u00f3calo, no escuchamos cuando lleg\u00f3 y pas\u00f3 junto a nosotros.<\/p>\n\n\n\n<p>Y Ricardo Monreal tambi\u00e9n en la misma red social p\u00fablico: Al inicio del evento en el z\u00f3calo, el entusiasmo que se desbordaba nos contagi\u00f3 y no advertimos que la presidenta @Claudiashein pasaba en ese momento por donde est\u00e1bamos. Le expreso mi disculpa sincera. Su mensaje a la naci\u00f3n fue excepcional y nada ni nadie minimiza su relevancia.<\/p>\n\n\n\n<p>Lo cierto es que el pueblo de M\u00e9xico no le dio la espalda, la gente lleg\u00f3 con entusiasmo y \u00e1nimo por demostrar su reconocimiento a la pol\u00edtica internacional que lleva a cabo Claudia Sheinbaum Pardo. Qu\u00e9 bueno que los mencionados, a tiempo reaccionaron para disculparse.<\/p>\n\n\n\n<p>En medio de un candente sol, la Presidenta destaco \u00abEn esta ocasi\u00f3n, y por la fuerza del pueblo de M\u00e9xico, nos reunimos para congratularnos porque en la relaci\u00f3n con los Estados Unidos, con su Gobierno, prevaleci\u00f3 el di\u00e1logo y el respeto, y fueron levantadas las tarifas o aranceles que se estaban aplicando a productos que exportamos hacia el vecino pa\u00eds. Este, repito, es un logro de todas y de todos\u00bb.<\/p>\n\n\n\n<p>Durante la asamblea informativa en el Z\u00f3calo, la presidenta Claudia Sheinbaum anunci\u00f3 cinco puntos para mantener el fortalecimiento de la econom\u00eda basada en el humanismo mexicano.<\/p>\n\n\n\n<p>Los cinco puntos que propone Sheinbaum<\/p>\n\n\n\n<p>Ante las y los asistentes, la titular del Ejecutivo federal mencion\u00f3 la estrategia con cinco puntos:<\/p>\n\n\n\n<p>Como punto uno, mencion\u00f3 el fortalecimiento del mercado interno, que significa seguir aumentando el salario m\u00ednimo y el bienestar de nuestro pueblo. Tambi\u00e9n ampliar la autosuficiencia en alimentos b\u00e1sicos y en energ\u00e9ticos: \u00abQue se produzca en M\u00e9xico lo que consumimos en M\u00e9xico, lo principal\u00bb.<\/p>\n\n\n\n<p>\u00abPromover la inversi\u00f3n p\u00fablica para impulsar la creaci\u00f3n de empleos. Ya inician este y el pr\u00f3ximo mes la construcci\u00f3n de trenes de M\u00e9xico a Nuevo Laredo, y de M\u00e9xico a Nogales. Carreteras, obras de agua, de beneficio social y en un mill\u00f3n de viviendas para el pueblo de M\u00e9xico al que nos comprometimos\u00bb, dijo como tercer punto.<\/p>\n\n\n\n<p>\u00abPromover la producci\u00f3n nacional para el mercado interno con el Plan M\u00e9xico\u00bb, se\u00f1al\u00f3 como punto cuatro.<\/p>\n\n\n\n<p>Y como quinto punto, se\u00f1al\u00f3 el fortalecer la base del proyecto: Los programas de Bienestar, la Pensi\u00f3n para personas Adultas Mayores, las becas, el apoyo a Personas con Discapacidad, Sembrando Vida, Producci\u00f3n para el Bienestar y Fertilizantes Gratuitos, as\u00ed como Mujeres Bienestar, la Beca Rita Cetina y el Programa Salud Casa por Casa.<\/p>\n","protected":false},"excerpt":{"rendered":"<p>[S\u00edguenos ahora tambi\u00e9n en WhatsApp.\u00a0Da clic aqu\u00ed]\u00a0Fanny Y\u00e9pezLa Columna Vaya para error garrafal de Ricardo Monreal, Ad\u00e1n Augusto, Luisa Mar\u00eda Alcalde, Manuel Velasco y Andr\u00e9s Manuel L\u00f3pez Beltr\u00e1n, quienes en lugar de recibir como el protocolo lo establece, a la Presidenta Claudia Sheinbaum Pardo, prefirieron darle la espalda para tomarse la foto del recuerdo. Esa [&hellip;]<\/p>\n","protected":false},"author":2,"featured_media":126076,"comment_status":"closed","ping_status":"closed","sticky":false,"template":"","format":"standard","meta":{"tdm_status":"","tdm_grid_status":"","footnotes":""},"categories":[70],"tags":[39880,9627,964,1026,195],"class_list":{"0":"post-139346","1":"post","2":"type-post","3":"status-publish","4":"format-standard","5":"has-post-thumbnail","7":"category-de-opinion","8":"tag-andres-lopez-beltran","9":"tag-claudia-sheinbaum","10":"tag-manuel-velasco-coello","11":"tag-morena","12":"tag-veracruz"},"yoast_head":"<!-- This site is optimized with the Yoast SEO plugin v27.4 - https:\/\/yoast.com\/product\/yoast-seo-wordpress\/ -->\n<title>EL DESD\u00c9N A LA PRESIDENTA - Los pol\u00edticos Veracruz<\/title>\n<meta name=\"robots\" content=\"index, follow, max-snippet:-1, max-image-preview:large, max-video-preview:-1\" \/>\n<link rel=\"canonical\" href=\"https:\/\/lospoliticosveracruz.com\/?p=139346\" \/>\n<meta property=\"og:locale\" content=\"es_ES\" \/>\n<meta property=\"og:type\" content=\"article\" \/>\n<meta property=\"og:title\" content=\"EL DESD\u00c9N A LA PRESIDENTA - Los pol\u00edticos Veracruz\" \/>\n<meta property=\"og:description\" content=\"[S\u00edguenos ahora tambi\u00e9n en WhatsApp.\u00a0Da clic aqu\u00ed]\u00a0Fanny Y\u00e9pezLa Columna Vaya para error garrafal de Ricardo Monreal, Ad\u00e1n Augusto, Luisa Mar\u00eda Alcalde, Manuel Velasco y Andr\u00e9s Manuel L\u00f3pez Beltr\u00e1n, quienes en lugar de recibir como el protocolo lo establece, a la Presidenta Claudia Sheinbaum Pardo, prefirieron darle la espalda para tomarse la foto del recuerdo. Esa [&hellip;]\" \/>\n<meta property=\"og:url\" content=\"https:\/\/lospoliticosveracruz.com\/?p=139346\" \/>\n<meta property=\"og:site_name\" content=\"Los pol\u00edticos Veracruz\" \/>\n<meta property=\"article:publisher\" content=\"https:\/\/www.facebook.com\/people\/Notimemes-de-los-Polticos\/61565672886568\/\" \/>\n<meta property=\"article:published_time\" content=\"2025-03-10T12:37:44+00:00\" \/>\n<meta property=\"article:modified_time\" content=\"2025-03-10T12:38:10+00:00\" \/>\n<meta property=\"og:image\" content=\"https:\/\/lospoliticosveracruz.com\/wp-content\/uploads\/2024\/06\/Fanny-Yepez.jpg\" \/>\n\t<meta property=\"og:image:width\" content=\"1250\" \/>\n\t<meta property=\"og:image:height\" content=\"667\" \/>\n\t<meta property=\"og:image:type\" content=\"image\/jpeg\" \/>\n<meta name=\"author\" content=\"Lo viste en Los Pol\u00edticos\" \/>\n<meta name=\"twitter:card\" content=\"summary_large_image\" \/>\n<meta name=\"twitter:creator\" content=\"@LosPoliticosVer\" \/>\n<meta name=\"twitter:site\" content=\"@LosPoliticosVer\" \/>\n<meta name=\"twitter:label1\" content=\"Escrito por\" \/>\n\t<meta name=\"twitter:data1\" content=\"Lo viste en Los Pol\u00edticos\" \/>\n\t<meta name=\"twitter:label2\" content=\"Tiempo de lectura\" \/>\n\t<meta name=\"twitter:data2\" content=\"4 minutos\" \/>\n<script type=\"application\/ld+json\" class=\"yoast-schema-graph\">{\"@context\":\"https:\\\/\\\/schema.org\",\"@graph\":[{\"@type\":\"Article\",\"@id\":\"https:\\\/\\\/lospoliticosveracruz.com\\\/?p=139346#article\",\"isPartOf\":{\"@id\":\"https:\\\/\\\/lospoliticosveracruz.com\\\/?p=139346\"},\"author\":{\"name\":\"Lo viste en Los Pol\u00edticos\",\"@id\":\"https:\\\/\\\/lospoliticosveracruz.com\\\/#\\\/schema\\\/person\\\/b8702bb0e538456e6efd07080bf2a4a2\"},\"headline\":\"EL DESD\u00c9N A LA PRESIDENTA\",\"datePublished\":\"2025-03-10T12:37:44+00:00\",\"dateModified\":\"2025-03-10T12:38:10+00:00\",\"mainEntityOfPage\":{\"@id\":\"https:\\\/\\\/lospoliticosveracruz.com\\\/?p=139346\"},\"wordCount\":893,\"publisher\":{\"@id\":\"https:\\\/\\\/lospoliticosveracruz.com\\\/#organization\"},\"image\":{\"@id\":\"https:\\\/\\\/lospoliticosveracruz.com\\\/?p=139346#primaryimage\"},\"thumbnailUrl\":\"https:\\\/\\\/lospoliticosveracruz.com\\\/wp-content\\\/uploads\\\/2024\\\/06\\\/Fanny-Yepez.jpg\",\"keywords\":[\"Andr\u00e9s L\u00f3pez Beltr\u00e1n\",\"Claudia Sheinbaum\",\"Manuel Velasco Coello\",\"Morena\",\"Veracruz\"],\"articleSection\":[\"De Opini\u00f3n\"],\"inLanguage\":\"es\"},{\"@type\":\"WebPage\",\"@id\":\"https:\\\/\\\/lospoliticosveracruz.com\\\/?p=139346\",\"url\":\"https:\\\/\\\/lospoliticosveracruz.com\\\/?p=139346\",\"name\":\"EL DESD\u00c9N A LA PRESIDENTA - Los pol\u00edticos Veracruz\",\"isPartOf\":{\"@id\":\"https:\\\/\\\/lospoliticosveracruz.com\\\/#website\"},\"primaryImageOfPage\":{\"@id\":\"https:\\\/\\\/lospoliticosveracruz.com\\\/?p=139346#primaryimage\"},\"image\":{\"@id\":\"https:\\\/\\\/lospoliticosveracruz.com\\\/?p=139346#primaryimage\"},\"thumbnailUrl\":\"https:\\\/\\\/lospoliticosveracruz.com\\\/wp-content\\\/uploads\\\/2024\\\/06\\\/Fanny-Yepez.jpg\",\"datePublished\":\"2025-03-10T12:37:44+00:00\",\"dateModified\":\"2025-03-10T12:38:10+00:00\",\"breadcrumb\":{\"@id\":\"https:\\\/\\\/lospoliticosveracruz.com\\\/?p=139346#breadcrumb\"},\"inLanguage\":\"es\",\"potentialAction\":[{\"@type\":\"ReadAction\",\"target\":[\"https:\\\/\\\/lospoliticosveracruz.com\\\/?p=139346\"]}]},{\"@type\":\"ImageObject\",\"inLanguage\":\"es\",\"@id\":\"https:\\\/\\\/lospoliticosveracruz.com\\\/?p=139346#primaryimage\",\"url\":\"https:\\\/\\\/lospoliticosveracruz.com\\\/wp-content\\\/uploads\\\/2024\\\/06\\\/Fanny-Yepez.jpg\",\"contentUrl\":\"https:\\\/\\\/lospoliticosveracruz.com\\\/wp-content\\\/uploads\\\/2024\\\/06\\\/Fanny-Yepez.jpg\",\"width\":1250,\"height\":667},{\"@type\":\"BreadcrumbList\",\"@id\":\"https:\\\/\\\/lospoliticosveracruz.com\\\/?p=139346#breadcrumb\",\"itemListElement\":[{\"@type\":\"ListItem\",\"position\":1,\"name\":\"Portada\",\"item\":\"https:\\\/\\\/lospoliticosveracruz.com\\\/\"},{\"@type\":\"ListItem\",\"position\":2,\"name\":\"EL DESD\u00c9N A LA PRESIDENTA\"}]},{\"@type\":\"WebSite\",\"@id\":\"https:\\\/\\\/lospoliticosveracruz.com\\\/#website\",\"url\":\"https:\\\/\\\/lospoliticosveracruz.com\\\/\",\"name\":\"Los pol\u00edticos Veracruz\",\"description\":\"\",\"publisher\":{\"@id\":\"https:\\\/\\\/lospoliticosveracruz.com\\\/#organization\"},\"potentialAction\":[{\"@type\":\"SearchAction\",\"target\":{\"@type\":\"EntryPoint\",\"urlTemplate\":\"https:\\\/\\\/lospoliticosveracruz.com\\\/?s={search_term_string}\"},\"query-input\":{\"@type\":\"PropertyValueSpecification\",\"valueRequired\":true,\"valueName\":\"search_term_string\"}}],\"inLanguage\":\"es\"},{\"@type\":\"Organization\",\"@id\":\"https:\\\/\\\/lospoliticosveracruz.com\\\/#organization\",\"name\":\"Los pol\u00edticos Veracruz\",\"url\":\"https:\\\/\\\/lospoliticosveracruz.com\\\/\",\"logo\":{\"@type\":\"ImageObject\",\"inLanguage\":\"es\",\"@id\":\"https:\\\/\\\/lospoliticosveracruz.com\\\/#\\\/schema\\\/logo\\\/image\\\/\",\"url\":\"https:\\\/\\\/lospoliticosveracruz.com\\\/wp-content\\\/uploads\\\/2025\\\/12\\\/Logo-Nuevo-LOS-POLITICOS-1.jpg\",\"contentUrl\":\"https:\\\/\\\/lospoliticosveracruz.com\\\/wp-content\\\/uploads\\\/2025\\\/12\\\/Logo-Nuevo-LOS-POLITICOS-1.jpg\",\"width\":260,\"height\":70,\"caption\":\"Los pol\u00edticos Veracruz\"},\"image\":{\"@id\":\"https:\\\/\\\/lospoliticosveracruz.com\\\/#\\\/schema\\\/logo\\\/image\\\/\"},\"sameAs\":[\"https:\\\/\\\/www.facebook.com\\\/people\\\/Notimemes-de-los-Polticos\\\/61565672886568\\\/\",\"https:\\\/\\\/x.com\\\/LosPoliticosVer\"]},{\"@type\":\"Person\",\"@id\":\"https:\\\/\\\/lospoliticosveracruz.com\\\/#\\\/schema\\\/person\\\/b8702bb0e538456e6efd07080bf2a4a2\",\"name\":\"Lo viste en Los Pol\u00edticos\",\"image\":{\"@type\":\"ImageObject\",\"inLanguage\":\"es\",\"@id\":\"https:\\\/\\\/secure.gravatar.com\\\/avatar\\\/3a8de04a2656d44082be478bd6c086daa447c4651605818287b9532d3d0bd435?s=96&d=mm&r=g\",\"url\":\"https:\\\/\\\/secure.gravatar.com\\\/avatar\\\/3a8de04a2656d44082be478bd6c086daa447c4651605818287b9532d3d0bd435?s=96&d=mm&r=g\",\"contentUrl\":\"https:\\\/\\\/secure.gravatar.com\\\/avatar\\\/3a8de04a2656d44082be478bd6c086daa447c4651605818287b9532d3d0bd435?s=96&d=mm&r=g\",\"caption\":\"Lo viste en Los Pol\u00edticos\"},\"url\":\"https:\\\/\\\/lospoliticosveracruz.com\\\/?author=2\"}]}<\/script>\n<!-- \/ Yoast SEO plugin. -->","yoast_head_json":{"title":"EL DESD\u00c9N A LA PRESIDENTA - Los pol\u00edticos Veracruz","robots":{"index":"index","follow":"follow","max-snippet":"max-snippet:-1","max-image-preview":"max-image-preview:large","max-video-preview":"max-video-preview:-1"},"canonical":"https:\/\/lospoliticosveracruz.com\/?p=139346","og_locale":"es_ES","og_type":"article","og_title":"EL DESD\u00c9N A LA PRESIDENTA - Los pol\u00edticos Veracruz","og_description":"[S\u00edguenos ahora tambi\u00e9n en WhatsApp.\u00a0Da clic aqu\u00ed]\u00a0Fanny Y\u00e9pezLa Columna Vaya para error garrafal de Ricardo Monreal, Ad\u00e1n Augusto, Luisa Mar\u00eda Alcalde, Manuel Velasco y Andr\u00e9s Manuel L\u00f3pez Beltr\u00e1n, quienes en lugar de recibir como el protocolo lo establece, a la Presidenta Claudia Sheinbaum Pardo, prefirieron darle la espalda para tomarse la foto del recuerdo. Esa [&hellip;]","og_url":"https:\/\/lospoliticosveracruz.com\/?p=139346","og_site_name":"Los pol\u00edticos Veracruz","article_publisher":"https:\/\/www.facebook.com\/people\/Notimemes-de-los-Polticos\/61565672886568\/","article_published_time":"2025-03-10T12:37:44+00:00","article_modified_time":"2025-03-10T12:38:10+00:00","og_image":[{"width":1250,"height":667,"url":"https:\/\/lospoliticosveracruz.com\/wp-content\/uploads\/2024\/06\/Fanny-Yepez.jpg","type":"image\/jpeg"}],"author":"Lo viste en Los Pol\u00edticos","twitter_card":"summary_large_image","twitter_creator":"@LosPoliticosVer","twitter_site":"@LosPoliticosVer","twitter_misc":{"Escrito por":"Lo viste en Los Pol\u00edticos","Tiempo de lectura":"4 minutos"},"schema":{"@context":"https:\/\/schema.org","@graph":[{"@type":"Article","@id":"https:\/\/lospoliticosveracruz.com\/?p=139346#article","isPartOf":{"@id":"https:\/\/lospoliticosveracruz.com\/?p=139346"},"author":{"name":"Lo viste en Los Pol\u00edticos","@id":"https:\/\/lospoliticosveracruz.com\/#\/schema\/person\/b8702bb0e538456e6efd07080bf2a4a2"},"headline":"EL DESD\u00c9N A LA PRESIDENTA","datePublished":"2025-03-10T12:37:44+00:00","dateModified":"2025-03-10T12:38:10+00:00","mainEntityOfPage":{"@id":"https:\/\/lospoliticosveracruz.com\/?p=139346"},"wordCount":893,"publisher":{"@id":"https:\/\/lospoliticosveracruz.com\/#organization"},"image":{"@id":"https:\/\/lospoliticosveracruz.com\/?p=139346#primaryimage"},"thumbnailUrl":"https:\/\/lospoliticosveracruz.com\/wp-content\/uploads\/2024\/06\/Fanny-Yepez.jpg","keywords":["Andr\u00e9s L\u00f3pez Beltr\u00e1n","Claudia Sheinbaum","Manuel Velasco Coello","Morena","Veracruz"],"articleSection":["De Opini\u00f3n"],"inLanguage":"es"},{"@type":"WebPage","@id":"https:\/\/lospoliticosveracruz.com\/?p=139346","url":"https:\/\/lospoliticosveracruz.com\/?p=139346","name":"EL DESD\u00c9N A LA PRESIDENTA - Los pol\u00edticos Veracruz","isPartOf":{"@id":"https:\/\/lospoliticosveracruz.com\/#website"},"primaryImageOfPage":{"@id":"https:\/\/lospoliticosveracruz.com\/?p=139346#primaryimage"},"image":{"@id":"https:\/\/lospoliticosveracruz.com\/?p=139346#primaryimage"},"thumbnailUrl":"https:\/\/lospoliticosveracruz.com\/wp-content\/uploads\/2024\/06\/Fanny-Yepez.jpg","datePublished":"2025-03-10T12:37:44+00:00","dateModified":"2025-03-10T12:38:10+00:00","breadcrumb":{"@id":"https:\/\/lospoliticosveracruz.com\/?p=139346#breadcrumb"},"inLanguage":"es","potentialAction":[{"@type":"ReadAction","target":["https:\/\/lospoliticosveracruz.com\/?p=139346"]}]},{"@type":"ImageObject","inLanguage":"es","@id":"https:\/\/lospoliticosveracruz.com\/?p=139346#primaryimage","url":"https:\/\/lospoliticosveracruz.com\/wp-content\/uploads\/2024\/06\/Fanny-Yepez.jpg","contentUrl":"https:\/\/lospoliticosveracruz.com\/wp-content\/uploads\/2024\/06\/Fanny-Yepez.jpg","width":1250,"height":667},{"@type":"BreadcrumbList","@id":"https:\/\/lospoliticosveracruz.com\/?p=139346#breadcrumb","itemListElement":[{"@type":"ListItem","position":1,"name":"Portada","item":"https:\/\/lospoliticosveracruz.com\/"},{"@type":"ListItem","position":2,"name":"EL DESD\u00c9N A LA PRESIDENTA"}]},{"@type":"WebSite","@id":"https:\/\/lospoliticosveracruz.com\/#website","url":"https:\/\/lospoliticosveracruz.com\/","name":"Los pol\u00edticos Veracruz","description":"","publisher":{"@id":"https:\/\/lospoliticosveracruz.com\/#organization"},"potentialAction":[{"@type":"SearchAction","target":{"@type":"EntryPoint","urlTemplate":"https:\/\/lospoliticosveracruz.com\/?s={search_term_string}"},"query-input":{"@type":"PropertyValueSpecification","valueRequired":true,"valueName":"search_term_string"}}],"inLanguage":"es"},{"@type":"Organization","@id":"https:\/\/lospoliticosveracruz.com\/#organization","name":"Los pol\u00edticos Veracruz","url":"https:\/\/lospoliticosveracruz.com\/","logo":{"@type":"ImageObject","inLanguage":"es","@id":"https:\/\/lospoliticosveracruz.com\/#\/schema\/logo\/image\/","url":"https:\/\/lospoliticosveracruz.com\/wp-content\/uploads\/2025\/12\/Logo-Nuevo-LOS-POLITICOS-1.jpg","contentUrl":"https:\/\/lospoliticosveracruz.com\/wp-content\/uploads\/2025\/12\/Logo-Nuevo-LOS-POLITICOS-1.jpg","width":260,"height":70,"caption":"Los pol\u00edticos Veracruz"},"image":{"@id":"https:\/\/lospoliticosveracruz.com\/#\/schema\/logo\/image\/"},"sameAs":["https:\/\/www.facebook.com\/people\/Notimemes-de-los-Polticos\/61565672886568\/","https:\/\/x.com\/LosPoliticosVer"]},{"@type":"Person","@id":"https:\/\/lospoliticosveracruz.com\/#\/schema\/person\/b8702bb0e538456e6efd07080bf2a4a2","name":"Lo viste en Los Pol\u00edticos","image":{"@type":"ImageObject","inLanguage":"es","@id":"https:\/\/secure.gravatar.com\/avatar\/3a8de04a2656d44082be478bd6c086daa447c4651605818287b9532d3d0bd435?s=96&d=mm&r=g","url":"https:\/\/secure.gravatar.com\/avatar\/3a8de04a2656d44082be478bd6c086daa447c4651605818287b9532d3d0bd435?s=96&d=mm&r=g","contentUrl":"https:\/\/secure.gravatar.com\/avatar\/3a8de04a2656d44082be478bd6c086daa447c4651605818287b9532d3d0bd435?s=96&d=mm&r=g","caption":"Lo viste en Los Pol\u00edticos"},"url":"https:\/\/lospoliticosveracruz.com\/?author=2"}]}},"_links":{"self":[{"href":"https:\/\/lospoliticosveracruz.com\/index.php?rest_route=\/wp\/v2\/posts\/139346","targetHints":{"allow":["GET"]}}],"collection":[{"href":"https:\/\/lospoliticosveracruz.com\/index.php?rest_route=\/wp\/v2\/posts"}],"about":[{"href":"https:\/\/lospoliticosveracruz.com\/index.php?rest_route=\/wp\/v2\/types\/post"}],"author":[{"embeddable":true,"href":"https:\/\/lospoliticosveracruz.com\/index.php?rest_route=\/wp\/v2\/users\/2"}],"replies":[{"embeddable":true,"href":"https:\/\/lospoliticosveracruz.com\/index.php?rest_route=%2Fwp%2Fv2%2Fcomments&post=139346"}],"version-history":[{"count":1,"href":"https:\/\/lospoliticosveracruz.com\/index.php?rest_route=\/wp\/v2\/posts\/139346\/revisions"}],"predecessor-version":[{"id":139347,"href":"https:\/\/lospoliticosveracruz.com\/index.php?rest_route=\/wp\/v2\/posts\/139346\/revisions\/139347"}],"wp:featuredmedia":[{"embeddable":true,"href":"https:\/\/lospoliticosveracruz.com\/index.php?rest_route=\/wp\/v2\/media\/126076"}],"wp:attachment":[{"href":"https:\/\/lospoliticosveracruz.com\/index.php?rest_route=%2Fwp%2Fv2%2Fmedia&parent=139346"}],"wp:term":[{"taxonomy":"category","embeddable":true,"href":"https:\/\/lospoliticosveracruz.com\/index.php?rest_route=%2Fwp%2Fv2%2Fcategories&post=139346"},{"taxonomy":"post_tag","embeddable":true,"href":"https:\/\/lospoliticosveracruz.com\/index.php?rest_route=%2Fwp%2Fv2%2Ftags&post=139346"}],"curies":[{"name":"wp","href":"https:\/\/api.w.org\/{rel}","templated":true}]}}