{"id":139500,"date":"2025-03-12T07:07:04","date_gmt":"2025-03-12T13:07:04","guid":{"rendered":"https:\/\/lospoliticosveracruz.com.mx\/?p=139500"},"modified":"2025-03-12T07:07:34","modified_gmt":"2025-03-12T13:07:34","slug":"silvio-lagos","status":"publish","type":"post","link":"https:\/\/lospoliticosveracruz.com\/?p=139500","title":{"rendered":"SILVIO LAGOS"},"content":{"rendered":"\n<p>[S\u00edguenos ahora tambi\u00e9n en WhatsApp.\u00a0<a href=\"https:\/\/whatsapp.com\/channel\/0029Va8zRWlEKyZIP3Z1dF0e\"><strong><em>Da clic aqu\u00ed<\/em><\/strong><\/a>]\u00a0<\/p>\n\n\n\n<p><strong>Omar Z\u00fa\u00f1iga<\/strong><\/p>\n\n\n\n<p><em>De Primera Mano<\/em><\/p>\n\n\n\n<p><strong>Silvio Lagos Galindo<\/strong>&nbsp;es uno de los cinco personajes que se registraron por el PRI para buscar la candidatura tricolor a la alcaldia de Xalapa y si no sucede algo extra\u00f1o, \u00e9l deber\u00e1&nbsp;ser ungido el viernes pr\u00f3ximo, 14 de marzo, fecha en que todos los candidatos,&nbsp;de todos los partidos, de todos los municipios,&nbsp;deben estar listos.<\/p>\n\n\n\n<p>Silvio es un personaje que pol\u00edticamente&nbsp;se forj\u00f3,&nbsp;literalmente en el crisol, pues su diputaci\u00f3n, que fue federal, la logr\u00f3 a costa de imponerse, ante un gobernador que ten\u00eda todo el pinche poder en la mano y un candidato a gobernador en contra, a costa de lo que fuere.<\/p>\n\n\n\n<p>As\u00ed lleg\u00f3 a San L\u00e1zaro, con sangre sudor y l\u00e1grimas y adem\u00e1s tuvo tambi\u00e9n que sufrir&nbsp;seis a\u00f1os fuera de la patria chica.<\/p>\n\n\n\n<p>Sin embargo, ese exilio obligado le dieron lo que es hoy su fortaleza: una vasta experiencia para conseguir recursos, nacionales por supuesto, pero tambi\u00e9n sabe d\u00f3nde rascar para obtener dinero de organismos internacionales,&nbsp;en a\u00e9reas como agua, medio ambiente o&nbsp;movilidad.&nbsp;<\/p>\n\n\n\n<p>El dinero nunca est\u00e1 de m\u00e1s.<\/p>\n\n\n\n<p>Sin embargo, Silvio tambi\u00e9n sabe que el PRI es un partido extraordinariamente desgastado, ante lo que plantea la construcci\u00f3n de una plataforma ciudadana para darle credibilidad a ese proyecto.<\/p>\n\n\n\n<p>No es tarea f\u00e1cil.<\/p>\n\n\n\n<p>No son \u201clos tiempos de antes\u201d, ahora deben remar contracorriente, contra un partido en el poder que aprendi\u00f3 todas las ma\u00f1as conocidas y estableci\u00f3 las que quedaban por conocer.<\/p>\n\n\n\n<p>Deber\u00e1 enfrentarse&nbsp;tambi\u00e9n&nbsp;a un partido naranja que crece sin cesar, con quien ser\u00e1 candidato de MC, que se ha revelado como un gran operador.<\/p>\n\n\n\n<p>Pero tambi\u00e9n debe enfrentarse al descr\u00e9dito de un PAN que ante las circunstancias actuales, carga con el estigma de haber dinamitado una coalici\u00f3n opositora con el tricolor, abanderando a \u201ccandidatos ciudadanos\u201d, sin ning\u00fan tipo de arraigo partidista, que dividir\u00e1 el voto.<\/p>\n\n\n\n<p>Silvio no echa las campanas al vuelo ni mucho menos; sabe que su plataforma ciudadana debe empezar a construirse desde la planilla que lo acompa\u00f1ar\u00e1 en esta odisea, evitando la postulaci\u00f3n de \u201ccartuchos quemados\u201d que han sido un lastre.<\/p>\n\n\n\n<p>Por el contrario, gente joven con ideas frescas son la constante, pero que habr\u00e1n de amalgamarse con la experiencia para buscar, en la medida de lo posible, rescatar a su partido.<\/p>\n\n\n\n<p>*****<\/p>\n\n\n\n<p>Las buenas noticas tambi\u00e9n son (y deben ser) noticia.<\/p>\n\n\n\n<p>Es el caso de&nbsp;<strong>Itzel Castro Castillo<\/strong>, xalape\u00f1a de nacimiento y quien se desempe\u00f1a como magistrada presidenta del Tribunal de Conciliaci\u00f3n y Arbitraje del Poder Judicial del estado de Veracruz, desde agosto de 2020y cargo que detentar\u00e1 hasta el 2026, pues fue reelecta en ese cargo.<\/p>\n\n\n\n<p>Pues bien, doctora en Derecho,&nbsp;<strong>Itzel Castro<\/strong>&nbsp;ha sido distinguida por el Comit\u00e9 Directivo de la Asociaci\u00f3n Mexicana de Impartidores de Justicia A.C. (AMIJ), a propuesta de la Asociaci\u00f3n de Tribunales Estatales de Conciliaci\u00f3n y Arbitraje (ATECA), para recibir el galard\u00f3n \u00abPremio AMI] 2025\u201d, en el marco de la Conmemoraci\u00f3n del D\u00eda del Juzgador y la Juzgadora Mexicanos.<\/p>\n\n\n\n<p>La ceremonia se llevar\u00e1 a cabo este jueves 13 de marzo en el legendario edificio de la Suprema Corte de Justicia de la Naci\u00f3n, en el centro de la Ciudad de M\u00e9xico, pegadito a Palacio Nacional.<\/p>\n\n\n\n<p>Itzel Castro fue distinguida con el Premio AMIJ 2025 por su destacada trayectoria y por haber dedicado gran parte de su vida profesional a la noble e important\u00edsima funci\u00f3n de impartir justicia en beneficio de la sociedad mexicana.<\/p>\n\n\n\n<p>Eta ceremonia, que tendr\u00e1 lugar a las 17:00 horas, estar\u00e1 encabezada por \u201cpersonas ministras\u201d del Pleno de la Suprema Corte de Justicia de la Naci\u00f3n y Magistraturas integrantes del Comit\u00e9 Directivo de la AMIJ.<\/p>\n\n\n\n<p>Sin lugar a dudas,&nbsp;<strong>Itzel Castro<\/strong>&nbsp;pone en alto el nombre de Veracruz,y&nbsp;tambi\u00e9n el de Xalapa, en tiempos en que se necesitan de buenas noticias. \u00a1Enhorabuena!<\/p>\n\n\n\n<p>\u00a1Qu\u00e9 barbaridad!<\/p>\n\n\n\n<p>deprimera.mano2020@gmail.com<\/p>\n","protected":false},"excerpt":{"rendered":"<p>[S\u00edguenos ahora tambi\u00e9n en WhatsApp.\u00a0Da clic aqu\u00ed]\u00a0 Omar Z\u00fa\u00f1iga De Primera Mano Silvio Lagos Galindo&nbsp;es uno de los cinco personajes que se registraron por el PRI para buscar la candidatura tricolor a la alcaldia de Xalapa y si no sucede algo extra\u00f1o, \u00e9l deber\u00e1&nbsp;ser ungido el viernes pr\u00f3ximo, 14 de marzo, fecha en que todos [&hellip;]<\/p>\n","protected":false},"author":2,"featured_media":119918,"comment_status":"closed","ping_status":"closed","sticky":false,"template":"","format":"standard","meta":{"tdm_status":"","tdm_grid_status":"","footnotes":""},"categories":[70],"tags":[1026,251,432,96],"class_list":{"0":"post-139500","1":"post","2":"type-post","3":"status-publish","4":"format-standard","5":"has-post-thumbnail","7":"category-de-opinion","8":"tag-morena","9":"tag-pri","10":"tag-silvio-lagos-galindo","11":"tag-xalapa"},"yoast_head":"<!-- This site is optimized with the Yoast SEO plugin v27.4 - https:\/\/yoast.com\/product\/yoast-seo-wordpress\/ -->\n<title>SILVIO LAGOS - Los pol\u00edticos Veracruz<\/title>\n<meta name=\"robots\" content=\"index, follow, max-snippet:-1, max-image-preview:large, max-video-preview:-1\" \/>\n<link rel=\"canonical\" href=\"https:\/\/lospoliticosveracruz.com\/?p=139500\" \/>\n<meta property=\"og:locale\" content=\"es_ES\" \/>\n<meta property=\"og:type\" content=\"article\" \/>\n<meta property=\"og:title\" content=\"SILVIO LAGOS - Los pol\u00edticos Veracruz\" \/>\n<meta property=\"og:description\" content=\"[S\u00edguenos ahora tambi\u00e9n en WhatsApp.\u00a0Da clic aqu\u00ed]\u00a0 Omar Z\u00fa\u00f1iga De Primera Mano Silvio Lagos Galindo&nbsp;es uno de los cinco personajes que se registraron por el PRI para buscar la candidatura tricolor a la alcaldia de Xalapa y si no sucede algo extra\u00f1o, \u00e9l deber\u00e1&nbsp;ser ungido el viernes pr\u00f3ximo, 14 de marzo, fecha en que todos [&hellip;]\" \/>\n<meta property=\"og:url\" content=\"https:\/\/lospoliticosveracruz.com\/?p=139500\" \/>\n<meta property=\"og:site_name\" content=\"Los pol\u00edticos Veracruz\" \/>\n<meta property=\"article:publisher\" content=\"https:\/\/www.facebook.com\/people\/Notimemes-de-los-Polticos\/61565672886568\/\" \/>\n<meta property=\"article:published_time\" content=\"2025-03-12T13:07:04+00:00\" \/>\n<meta property=\"article:modified_time\" content=\"2025-03-12T13:07:34+00:00\" \/>\n<meta property=\"og:image\" content=\"https:\/\/lospoliticosveracruz.com\/wp-content\/uploads\/2024\/03\/Omar-Zuniga.jpg\" \/>\n\t<meta property=\"og:image:width\" content=\"1250\" \/>\n\t<meta property=\"og:image:height\" content=\"667\" \/>\n\t<meta property=\"og:image:type\" content=\"image\/jpeg\" \/>\n<meta name=\"author\" content=\"Lo viste en Los Pol\u00edticos\" \/>\n<meta name=\"twitter:card\" content=\"summary_large_image\" \/>\n<meta name=\"twitter:creator\" content=\"@LosPoliticosVer\" \/>\n<meta name=\"twitter:site\" content=\"@LosPoliticosVer\" \/>\n<meta name=\"twitter:label1\" content=\"Escrito por\" \/>\n\t<meta name=\"twitter:data1\" content=\"Lo viste en Los Pol\u00edticos\" \/>\n\t<meta name=\"twitter:label2\" content=\"Tiempo de lectura\" \/>\n\t<meta name=\"twitter:data2\" content=\"4 minutos\" \/>\n<script type=\"application\/ld+json\" class=\"yoast-schema-graph\">{\"@context\":\"https:\\\/\\\/schema.org\",\"@graph\":[{\"@type\":\"Article\",\"@id\":\"https:\\\/\\\/lospoliticosveracruz.com\\\/?p=139500#article\",\"isPartOf\":{\"@id\":\"https:\\\/\\\/lospoliticosveracruz.com\\\/?p=139500\"},\"author\":{\"name\":\"Lo viste en Los Pol\u00edticos\",\"@id\":\"https:\\\/\\\/lospoliticosveracruz.com\\\/#\\\/schema\\\/person\\\/b8702bb0e538456e6efd07080bf2a4a2\"},\"headline\":\"SILVIO LAGOS\",\"datePublished\":\"2025-03-12T13:07:04+00:00\",\"dateModified\":\"2025-03-12T13:07:34+00:00\",\"mainEntityOfPage\":{\"@id\":\"https:\\\/\\\/lospoliticosveracruz.com\\\/?p=139500\"},\"wordCount\":703,\"publisher\":{\"@id\":\"https:\\\/\\\/lospoliticosveracruz.com\\\/#organization\"},\"image\":{\"@id\":\"https:\\\/\\\/lospoliticosveracruz.com\\\/?p=139500#primaryimage\"},\"thumbnailUrl\":\"https:\\\/\\\/lospoliticosveracruz.com\\\/wp-content\\\/uploads\\\/2024\\\/03\\\/Omar-Zuniga.jpg\",\"keywords\":[\"Morena\",\"PRI\",\"Silvio Lagos Galindo\",\"Xalapa\"],\"articleSection\":[\"De Opini\u00f3n\"],\"inLanguage\":\"es\"},{\"@type\":\"WebPage\",\"@id\":\"https:\\\/\\\/lospoliticosveracruz.com\\\/?p=139500\",\"url\":\"https:\\\/\\\/lospoliticosveracruz.com\\\/?p=139500\",\"name\":\"SILVIO LAGOS - Los pol\u00edticos Veracruz\",\"isPartOf\":{\"@id\":\"https:\\\/\\\/lospoliticosveracruz.com\\\/#website\"},\"primaryImageOfPage\":{\"@id\":\"https:\\\/\\\/lospoliticosveracruz.com\\\/?p=139500#primaryimage\"},\"image\":{\"@id\":\"https:\\\/\\\/lospoliticosveracruz.com\\\/?p=139500#primaryimage\"},\"thumbnailUrl\":\"https:\\\/\\\/lospoliticosveracruz.com\\\/wp-content\\\/uploads\\\/2024\\\/03\\\/Omar-Zuniga.jpg\",\"datePublished\":\"2025-03-12T13:07:04+00:00\",\"dateModified\":\"2025-03-12T13:07:34+00:00\",\"breadcrumb\":{\"@id\":\"https:\\\/\\\/lospoliticosveracruz.com\\\/?p=139500#breadcrumb\"},\"inLanguage\":\"es\",\"potentialAction\":[{\"@type\":\"ReadAction\",\"target\":[\"https:\\\/\\\/lospoliticosveracruz.com\\\/?p=139500\"]}]},{\"@type\":\"ImageObject\",\"inLanguage\":\"es\",\"@id\":\"https:\\\/\\\/lospoliticosveracruz.com\\\/?p=139500#primaryimage\",\"url\":\"https:\\\/\\\/lospoliticosveracruz.com\\\/wp-content\\\/uploads\\\/2024\\\/03\\\/Omar-Zuniga.jpg\",\"contentUrl\":\"https:\\\/\\\/lospoliticosveracruz.com\\\/wp-content\\\/uploads\\\/2024\\\/03\\\/Omar-Zuniga.jpg\",\"width\":1250,\"height\":667},{\"@type\":\"BreadcrumbList\",\"@id\":\"https:\\\/\\\/lospoliticosveracruz.com\\\/?p=139500#breadcrumb\",\"itemListElement\":[{\"@type\":\"ListItem\",\"position\":1,\"name\":\"Portada\",\"item\":\"https:\\\/\\\/lospoliticosveracruz.com\\\/\"},{\"@type\":\"ListItem\",\"position\":2,\"name\":\"SILVIO LAGOS\"}]},{\"@type\":\"WebSite\",\"@id\":\"https:\\\/\\\/lospoliticosveracruz.com\\\/#website\",\"url\":\"https:\\\/\\\/lospoliticosveracruz.com\\\/\",\"name\":\"Los pol\u00edticos Veracruz\",\"description\":\"\",\"publisher\":{\"@id\":\"https:\\\/\\\/lospoliticosveracruz.com\\\/#organization\"},\"potentialAction\":[{\"@type\":\"SearchAction\",\"target\":{\"@type\":\"EntryPoint\",\"urlTemplate\":\"https:\\\/\\\/lospoliticosveracruz.com\\\/?s={search_term_string}\"},\"query-input\":{\"@type\":\"PropertyValueSpecification\",\"valueRequired\":true,\"valueName\":\"search_term_string\"}}],\"inLanguage\":\"es\"},{\"@type\":\"Organization\",\"@id\":\"https:\\\/\\\/lospoliticosveracruz.com\\\/#organization\",\"name\":\"Los pol\u00edticos Veracruz\",\"url\":\"https:\\\/\\\/lospoliticosveracruz.com\\\/\",\"logo\":{\"@type\":\"ImageObject\",\"inLanguage\":\"es\",\"@id\":\"https:\\\/\\\/lospoliticosveracruz.com\\\/#\\\/schema\\\/logo\\\/image\\\/\",\"url\":\"https:\\\/\\\/lospoliticosveracruz.com\\\/wp-content\\\/uploads\\\/2025\\\/12\\\/Logo-Nuevo-LOS-POLITICOS-1.jpg\",\"contentUrl\":\"https:\\\/\\\/lospoliticosveracruz.com\\\/wp-content\\\/uploads\\\/2025\\\/12\\\/Logo-Nuevo-LOS-POLITICOS-1.jpg\",\"width\":260,\"height\":70,\"caption\":\"Los pol\u00edticos Veracruz\"},\"image\":{\"@id\":\"https:\\\/\\\/lospoliticosveracruz.com\\\/#\\\/schema\\\/logo\\\/image\\\/\"},\"sameAs\":[\"https:\\\/\\\/www.facebook.com\\\/people\\\/Notimemes-de-los-Polticos\\\/61565672886568\\\/\",\"https:\\\/\\\/x.com\\\/LosPoliticosVer\"]},{\"@type\":\"Person\",\"@id\":\"https:\\\/\\\/lospoliticosveracruz.com\\\/#\\\/schema\\\/person\\\/b8702bb0e538456e6efd07080bf2a4a2\",\"name\":\"Lo viste en Los Pol\u00edticos\",\"image\":{\"@type\":\"ImageObject\",\"inLanguage\":\"es\",\"@id\":\"https:\\\/\\\/secure.gravatar.com\\\/avatar\\\/3a8de04a2656d44082be478bd6c086daa447c4651605818287b9532d3d0bd435?s=96&d=mm&r=g\",\"url\":\"https:\\\/\\\/secure.gravatar.com\\\/avatar\\\/3a8de04a2656d44082be478bd6c086daa447c4651605818287b9532d3d0bd435?s=96&d=mm&r=g\",\"contentUrl\":\"https:\\\/\\\/secure.gravatar.com\\\/avatar\\\/3a8de04a2656d44082be478bd6c086daa447c4651605818287b9532d3d0bd435?s=96&d=mm&r=g\",\"caption\":\"Lo viste en Los Pol\u00edticos\"},\"url\":\"https:\\\/\\\/lospoliticosveracruz.com\\\/?author=2\"}]}<\/script>\n<!-- \/ Yoast SEO plugin. -->","yoast_head_json":{"title":"SILVIO LAGOS - Los pol\u00edticos Veracruz","robots":{"index":"index","follow":"follow","max-snippet":"max-snippet:-1","max-image-preview":"max-image-preview:large","max-video-preview":"max-video-preview:-1"},"canonical":"https:\/\/lospoliticosveracruz.com\/?p=139500","og_locale":"es_ES","og_type":"article","og_title":"SILVIO LAGOS - Los pol\u00edticos Veracruz","og_description":"[S\u00edguenos ahora tambi\u00e9n en WhatsApp.\u00a0Da clic aqu\u00ed]\u00a0 Omar Z\u00fa\u00f1iga De Primera Mano Silvio Lagos Galindo&nbsp;es uno de los cinco personajes que se registraron por el PRI para buscar la candidatura tricolor a la alcaldia de Xalapa y si no sucede algo extra\u00f1o, \u00e9l deber\u00e1&nbsp;ser ungido el viernes pr\u00f3ximo, 14 de marzo, fecha en que todos [&hellip;]","og_url":"https:\/\/lospoliticosveracruz.com\/?p=139500","og_site_name":"Los pol\u00edticos Veracruz","article_publisher":"https:\/\/www.facebook.com\/people\/Notimemes-de-los-Polticos\/61565672886568\/","article_published_time":"2025-03-12T13:07:04+00:00","article_modified_time":"2025-03-12T13:07:34+00:00","og_image":[{"width":1250,"height":667,"url":"https:\/\/lospoliticosveracruz.com\/wp-content\/uploads\/2024\/03\/Omar-Zuniga.jpg","type":"image\/jpeg"}],"author":"Lo viste en Los Pol\u00edticos","twitter_card":"summary_large_image","twitter_creator":"@LosPoliticosVer","twitter_site":"@LosPoliticosVer","twitter_misc":{"Escrito por":"Lo viste en Los Pol\u00edticos","Tiempo de lectura":"4 minutos"},"schema":{"@context":"https:\/\/schema.org","@graph":[{"@type":"Article","@id":"https:\/\/lospoliticosveracruz.com\/?p=139500#article","isPartOf":{"@id":"https:\/\/lospoliticosveracruz.com\/?p=139500"},"author":{"name":"Lo viste en Los Pol\u00edticos","@id":"https:\/\/lospoliticosveracruz.com\/#\/schema\/person\/b8702bb0e538456e6efd07080bf2a4a2"},"headline":"SILVIO LAGOS","datePublished":"2025-03-12T13:07:04+00:00","dateModified":"2025-03-12T13:07:34+00:00","mainEntityOfPage":{"@id":"https:\/\/lospoliticosveracruz.com\/?p=139500"},"wordCount":703,"publisher":{"@id":"https:\/\/lospoliticosveracruz.com\/#organization"},"image":{"@id":"https:\/\/lospoliticosveracruz.com\/?p=139500#primaryimage"},"thumbnailUrl":"https:\/\/lospoliticosveracruz.com\/wp-content\/uploads\/2024\/03\/Omar-Zuniga.jpg","keywords":["Morena","PRI","Silvio Lagos Galindo","Xalapa"],"articleSection":["De Opini\u00f3n"],"inLanguage":"es"},{"@type":"WebPage","@id":"https:\/\/lospoliticosveracruz.com\/?p=139500","url":"https:\/\/lospoliticosveracruz.com\/?p=139500","name":"SILVIO LAGOS - Los pol\u00edticos Veracruz","isPartOf":{"@id":"https:\/\/lospoliticosveracruz.com\/#website"},"primaryImageOfPage":{"@id":"https:\/\/lospoliticosveracruz.com\/?p=139500#primaryimage"},"image":{"@id":"https:\/\/lospoliticosveracruz.com\/?p=139500#primaryimage"},"thumbnailUrl":"https:\/\/lospoliticosveracruz.com\/wp-content\/uploads\/2024\/03\/Omar-Zuniga.jpg","datePublished":"2025-03-12T13:07:04+00:00","dateModified":"2025-03-12T13:07:34+00:00","breadcrumb":{"@id":"https:\/\/lospoliticosveracruz.com\/?p=139500#breadcrumb"},"inLanguage":"es","potentialAction":[{"@type":"ReadAction","target":["https:\/\/lospoliticosveracruz.com\/?p=139500"]}]},{"@type":"ImageObject","inLanguage":"es","@id":"https:\/\/lospoliticosveracruz.com\/?p=139500#primaryimage","url":"https:\/\/lospoliticosveracruz.com\/wp-content\/uploads\/2024\/03\/Omar-Zuniga.jpg","contentUrl":"https:\/\/lospoliticosveracruz.com\/wp-content\/uploads\/2024\/03\/Omar-Zuniga.jpg","width":1250,"height":667},{"@type":"BreadcrumbList","@id":"https:\/\/lospoliticosveracruz.com\/?p=139500#breadcrumb","itemListElement":[{"@type":"ListItem","position":1,"name":"Portada","item":"https:\/\/lospoliticosveracruz.com\/"},{"@type":"ListItem","position":2,"name":"SILVIO LAGOS"}]},{"@type":"WebSite","@id":"https:\/\/lospoliticosveracruz.com\/#website","url":"https:\/\/lospoliticosveracruz.com\/","name":"Los pol\u00edticos Veracruz","description":"","publisher":{"@id":"https:\/\/lospoliticosveracruz.com\/#organization"},"potentialAction":[{"@type":"SearchAction","target":{"@type":"EntryPoint","urlTemplate":"https:\/\/lospoliticosveracruz.com\/?s={search_term_string}"},"query-input":{"@type":"PropertyValueSpecification","valueRequired":true,"valueName":"search_term_string"}}],"inLanguage":"es"},{"@type":"Organization","@id":"https:\/\/lospoliticosveracruz.com\/#organization","name":"Los pol\u00edticos Veracruz","url":"https:\/\/lospoliticosveracruz.com\/","logo":{"@type":"ImageObject","inLanguage":"es","@id":"https:\/\/lospoliticosveracruz.com\/#\/schema\/logo\/image\/","url":"https:\/\/lospoliticosveracruz.com\/wp-content\/uploads\/2025\/12\/Logo-Nuevo-LOS-POLITICOS-1.jpg","contentUrl":"https:\/\/lospoliticosveracruz.com\/wp-content\/uploads\/2025\/12\/Logo-Nuevo-LOS-POLITICOS-1.jpg","width":260,"height":70,"caption":"Los pol\u00edticos Veracruz"},"image":{"@id":"https:\/\/lospoliticosveracruz.com\/#\/schema\/logo\/image\/"},"sameAs":["https:\/\/www.facebook.com\/people\/Notimemes-de-los-Polticos\/61565672886568\/","https:\/\/x.com\/LosPoliticosVer"]},{"@type":"Person","@id":"https:\/\/lospoliticosveracruz.com\/#\/schema\/person\/b8702bb0e538456e6efd07080bf2a4a2","name":"Lo viste en Los Pol\u00edticos","image":{"@type":"ImageObject","inLanguage":"es","@id":"https:\/\/secure.gravatar.com\/avatar\/3a8de04a2656d44082be478bd6c086daa447c4651605818287b9532d3d0bd435?s=96&d=mm&r=g","url":"https:\/\/secure.gravatar.com\/avatar\/3a8de04a2656d44082be478bd6c086daa447c4651605818287b9532d3d0bd435?s=96&d=mm&r=g","contentUrl":"https:\/\/secure.gravatar.com\/avatar\/3a8de04a2656d44082be478bd6c086daa447c4651605818287b9532d3d0bd435?s=96&d=mm&r=g","caption":"Lo viste en Los Pol\u00edticos"},"url":"https:\/\/lospoliticosveracruz.com\/?author=2"}]}},"_links":{"self":[{"href":"https:\/\/lospoliticosveracruz.com\/index.php?rest_route=\/wp\/v2\/posts\/139500","targetHints":{"allow":["GET"]}}],"collection":[{"href":"https:\/\/lospoliticosveracruz.com\/index.php?rest_route=\/wp\/v2\/posts"}],"about":[{"href":"https:\/\/lospoliticosveracruz.com\/index.php?rest_route=\/wp\/v2\/types\/post"}],"author":[{"embeddable":true,"href":"https:\/\/lospoliticosveracruz.com\/index.php?rest_route=\/wp\/v2\/users\/2"}],"replies":[{"embeddable":true,"href":"https:\/\/lospoliticosveracruz.com\/index.php?rest_route=%2Fwp%2Fv2%2Fcomments&post=139500"}],"version-history":[{"count":1,"href":"https:\/\/lospoliticosveracruz.com\/index.php?rest_route=\/wp\/v2\/posts\/139500\/revisions"}],"predecessor-version":[{"id":139501,"href":"https:\/\/lospoliticosveracruz.com\/index.php?rest_route=\/wp\/v2\/posts\/139500\/revisions\/139501"}],"wp:featuredmedia":[{"embeddable":true,"href":"https:\/\/lospoliticosveracruz.com\/index.php?rest_route=\/wp\/v2\/media\/119918"}],"wp:attachment":[{"href":"https:\/\/lospoliticosveracruz.com\/index.php?rest_route=%2Fwp%2Fv2%2Fmedia&parent=139500"}],"wp:term":[{"taxonomy":"category","embeddable":true,"href":"https:\/\/lospoliticosveracruz.com\/index.php?rest_route=%2Fwp%2Fv2%2Fcategories&post=139500"},{"taxonomy":"post_tag","embeddable":true,"href":"https:\/\/lospoliticosveracruz.com\/index.php?rest_route=%2Fwp%2Fv2%2Ftags&post=139500"}],"curies":[{"name":"wp","href":"https:\/\/api.w.org\/{rel}","templated":true}]}}