{"id":139506,"date":"2025-03-12T07:40:44","date_gmt":"2025-03-12T13:40:44","guid":{"rendered":"https:\/\/lospoliticosveracruz.com.mx\/?p=139506"},"modified":"2025-03-12T07:41:18","modified_gmt":"2025-03-12T13:41:18","slug":"rechazan-fusionar-turismo-y-cultura","status":"publish","type":"post","link":"https:\/\/lospoliticosveracruz.com\/?p=139506","title":{"rendered":"RECHAZAN FUSIONAR TURISMO Y CULTURA\u2026"},"content":{"rendered":"\n<p><strong><a href=\"https:\/\/whatsapp.com\/channel\/0029Va8zRWlEKyZIP3Z1dF0e\">\u2002\u2002<strong>\u00danete a nuestro canal&nbsp;<\/strong>\u2002\u2002\u2002\u2002\u2002\u2002&nbsp;<\/a>\u2002\u2002\u2002\u2002\u2002\u2002&nbsp;<\/strong><\/p>\n\n\n\n<p>\u00a1<strong>LOS POL\u00cdTICOS VERACRUZ<\/strong>&nbsp;ya est\u00e1 en WhatsApp!<\/p>\n\n\n\n<p><\/p>\n\n\n\n<p><strong>Oved Contreras<\/strong><\/p>\n\n\n\n<p><em>Secas Mecas<\/em><\/p>\n\n\n\n<p>Artistas y gestores culturales de Veracruz expresaron su rechazo a la fusi\u00f3n de la Secretar\u00eda de Cultura y la Secretar\u00eda de Turismo, que plantea la t\u00ed\u00eda Ch\u00edo, y sostienen que esta fusi\u00f3n significa un retroceso para el sector cultural, adem\u00e1s de que muestra el desconocimiento que se tiene sobre el sector cultural veracruzano.<\/p>\n\n\n<div class=\"wp-block-image\">\n<figure class=\"alignleft size-thumbnail\"><a href=\"https:\/\/lospoliticosveracruz.com.mx\/wp-content\/uploads\/2025\/02\/Mastografia.jpeg\"><img loading=\"lazy\" decoding=\"async\" width=\"150\" height=\"150\" src=\"https:\/\/lospoliticosveracruz.com.mx\/wp-content\/uploads\/2025\/02\/Mastografia-150x150.jpeg\" alt=\"\" class=\"wp-image-138625\" srcset=\"https:\/\/lospoliticosveracruz.com\/wp-content\/uploads\/2025\/02\/Mastografia-150x150.jpeg 150w, https:\/\/lospoliticosveracruz.com\/wp-content\/uploads\/2025\/02\/Mastografia-125x125.jpeg 125w\" sizes=\"auto, (max-width: 150px) 100vw, 150px\" \/><\/a><\/figure>\n<\/div>\n\n\n<p>En un pronunciamiento dirigido a la presidenta Claudia Sheinbaum y a la gobernadora Roc\u00edo Nahle, los firmantes le aclaran a la t\u00eda Ch\u00edo que la diversidad y la riqueza art\u00edstica y cultural de nuestro Estado no es una mercanc\u00eda, pues da cuenta de identidades, expresiones creativas y culturales.<\/p>\n\n\n\n<p>Ante la idea de la gobernadora Roc\u00edo Nahle de volver a juntar las secretarias de Turismo y Cultura para ahorrarse recursos y fortalecer la promoci\u00f3n de la entidad en el \u00e1mbito nacional e internacional, los artistas y gestores culturales argumentan que ambas dependencias tienen funciones distintas y necesidades diferenciadas.<\/p>\n\n\n\n<p>Los firmantes del escrito se\u00f1alan que el Instituto Veracruzano de la Cultura (IVEC), ahora Secretar\u00eda de Cultura, cuenta con 37 a\u00f1os de historia, administra 17 espacios culturales y opera a trav\u00e9s de 5 direcciones, y destacaron que esta dependencia debe ocuparse de la preservaci\u00f3n del patrimonio hist\u00f3rico y la promoci\u00f3n de la cultura, adem\u00e1s de dise\u00f1ar pol\u00edticas que fomenten la participaci\u00f3n ciudadana.<\/p>\n\n\n\n<p>Afirman que la fusi\u00f3n comprometer\u00eda la descentralizaci\u00f3n de recursos, la educaci\u00f3n art\u00edstica y la profesionalizaci\u00f3n de los agentes culturales, as\u00ed que convocaron a una movilizaci\u00f3n para frenar la iniciativa y exigir un presupuesto destinado exclusivamente a la cultura, as\u00ed como exigir un trato digno y respetuoso para los artesanos de Veracruz.<\/p>\n\n\n\n<p><strong>CUITL\u00c1HUAC ES TOP 5<\/strong>\u2026lejos quedaron los d\u00edas que el ex presidente AMLO lo pintaba como una persona honesta, que no se te perd\u00eda la cartera junto a \u00e9l y que era una bendici\u00f3n para los veracruzanos\u2026Cuitl\u00e1huac Garc\u00eda hoy puede presumir que se encuentra en el top 5 de gobernadores bajo la lupa de la Auditor\u00eda Superior de la Federaci\u00f3n, por la millonaria suma que sigue sin comprobarse.<\/p>\n\n\n\n<p>El ente auditor actualiz\u00f3 al alza los recursos mal manejados por los gobiernos que encabezaron Cuauht\u00e9moc Blanco y Cuitl\u00e1huac Garc\u00eda. Hay casos como el de Manuel Velasco o Alejandro Murat donde las irregularidades llevan m\u00e1s de ocho a\u00f1os sin ser solventadas, pero por incre\u00edble que parezca no hay una sola denuncia sobre todos ellos.<\/p>\n\n\n\n<p>Manuel Velasco, Ad\u00e1n Augusto L\u00f3pez, Cuauht\u00e9moc Blanco, Cuitl\u00e1huac Garc\u00eda, Rutilio Escand\u00f3n, Alejandro Murat y Salom\u00f3n C\u00e9spedes tienen algo en com\u00fan con Silvano Aureoles, dejaron gobiernos estatales con miles de millones de pesos malversados o desaparecidos. Pero, a diferencia de este \u00faltimo, ninguno de todos ellos ha sido denunciado oficialmente ante la Fiscal\u00eda General de la Rep\u00fablica (FGR)\u2026lo muestran los datos de Auditor\u00eda Superior de la Federaci\u00f3n (ASF) actualizados en febrero de 2025 tras el cierre de la fiscalizaci\u00f3n de la cuenta p\u00fablica 2023.<\/p>\n\n\n\n<p>En el caso de Veracruz, el gobierno de Cuitl\u00e1huac Garc\u00eda dej\u00f3 5 mil 310 millones 865 mil 343 pesos no esclarecidos ni justificados hasta la fecha, faltando por fiscalizar el a\u00f1o 2024\u2026Garc\u00eda Jim\u00e9nez contabiliza 93 posibles hechos de corrupci\u00f3n identificados en m\u00faltiples auditor\u00edas, sin que a la fecha ninguna haya sido reportada ante el Ministerio P\u00fablico de la Federaci\u00f3n.<\/p>\n\n\n\n<p><strong>MU\u00d1ECOTE SE REBELA<\/strong>\u2026el mu\u00f1ecote Zenyazen Escobar sabe que ya cay\u00f3 de la gracia en la aldea as\u00ed que ya empez\u00f3 a moverse a nivel federal para mantener sus cotos de poder\u2026ahora que tiene la bendici\u00f3n del senador Ad\u00e1n Augusto L\u00f3pez Hern\u00e1ndez y el diputado federal Ricardo Monreal \u00c1vila, quienes le pidieron a \u201cAndy\u201d L\u00f3pez Beltr\u00e1n que lo inscribiera a destiempo en Morena para poder competir por la candidatura a la presidencia municipal de C\u00f3rdoba, Zenyi se brinc\u00f3 a la t\u00eda Ch\u00edo y se fue con sus contrarios.<\/p>\n\n\n\n<p>Pero Escobar Garc\u00eda no s\u00f3lo quiere la alcald\u00eda de C\u00f3rdoba, tambi\u00e9n quiere seguir con sus beneficios en la Secretar\u00eda de Educaci\u00f3n de Veracruz. Por eso ha insistido a su operadora, la subsecretaria de Educaci\u00f3n B\u00e1sica, Maritza Ram\u00edrez Aguilar, que le siga haciendo el caldo gordo a la comadrita Claudia Tello Espinosa.<\/p>\n\n\n\n<p>Zenyazen puso a operar contra Claudia Tello a sindicatos agrupados en la Uni\u00f3n de Sindicatos Magisteriales del Estado de Veracruz (USMEV), para mantener sus cotos, desde l\u00edderes comisionados y aviadores. El problema con Maritza Ram\u00edrez Aguilar, es que le destaparon una red de corrupci\u00f3n \u201cmoches\u201d y \u201caviadores\u201d, cuya informaci\u00f3n fue difundida en redes sociales y medios digitales con capturas de pantalla de uno de sus operadores m\u00e1s cercanos: Iv\u00e1n de Jes\u00fas Garc\u00eda Mulato\u2026Maritza dice a sus m\u00e1s cercanos que es inamovible, porque cuenta con el respaldo total y absoluto de Zenyazen Escobar.<\/p>\n\n\n\n<p>&#8212;<\/p>\n\n\n\n<p>@ovedcontreras<\/p>\n\n\n\n<p><\/p>\n\n\n\n<p><\/p>\n","protected":false},"excerpt":{"rendered":"<p>\u2002\u2002\u00danete a nuestro canal&nbsp;\u2002\u2002\u2002\u2002\u2002\u2002&nbsp;\u2002\u2002\u2002\u2002\u2002\u2002&nbsp; \u00a1LOS POL\u00cdTICOS VERACRUZ&nbsp;ya est\u00e1 en WhatsApp! Oved Contreras Secas Mecas Artistas y gestores culturales de Veracruz expresaron su rechazo a la fusi\u00f3n de la Secretar\u00eda de Cultura y la Secretar\u00eda de Turismo, que plantea la t\u00ed\u00eda Ch\u00edo, y sostienen que esta fusi\u00f3n significa un retroceso para el sector cultural, adem\u00e1s de [&hellip;]<\/p>\n","protected":false},"author":2,"featured_media":119816,"comment_status":"closed","ping_status":"closed","sticky":false,"template":"","format":"standard","meta":{"tdm_status":"","tdm_grid_status":"","footnotes":""},"categories":[70],"tags":[1563,1026,3578,195],"class_list":{"0":"post-139506","1":"post","2":"type-post","3":"status-publish","4":"format-standard","5":"has-post-thumbnail","7":"category-de-opinion","8":"tag-cuitlahuac-garcia-jimenez","9":"tag-morena","10":"tag-rocio-nahle","11":"tag-veracruz"},"yoast_head":"<!-- This site is optimized with the Yoast SEO plugin v27.4 - https:\/\/yoast.com\/product\/yoast-seo-wordpress\/ -->\n<title>RECHAZAN FUSIONAR TURISMO Y CULTURA\u2026 - Los pol\u00edticos Veracruz<\/title>\n<meta name=\"robots\" content=\"index, follow, max-snippet:-1, max-image-preview:large, max-video-preview:-1\" \/>\n<link rel=\"canonical\" href=\"https:\/\/lospoliticosveracruz.com\/?p=139506\" \/>\n<meta property=\"og:locale\" content=\"es_ES\" \/>\n<meta property=\"og:type\" content=\"article\" \/>\n<meta property=\"og:title\" content=\"RECHAZAN FUSIONAR TURISMO Y CULTURA\u2026 - Los pol\u00edticos Veracruz\" \/>\n<meta property=\"og:description\" content=\"\u2002\u2002\u00danete a nuestro canal&nbsp;\u2002\u2002\u2002\u2002\u2002\u2002&nbsp;\u2002\u2002\u2002\u2002\u2002\u2002&nbsp; \u00a1LOS POL\u00cdTICOS VERACRUZ&nbsp;ya est\u00e1 en WhatsApp! Oved Contreras Secas Mecas Artistas y gestores culturales de Veracruz expresaron su rechazo a la fusi\u00f3n de la Secretar\u00eda de Cultura y la Secretar\u00eda de Turismo, que plantea la t\u00ed\u00eda Ch\u00edo, y sostienen que esta fusi\u00f3n significa un retroceso para el sector cultural, adem\u00e1s de [&hellip;]\" \/>\n<meta property=\"og:url\" content=\"https:\/\/lospoliticosveracruz.com\/?p=139506\" \/>\n<meta property=\"og:site_name\" content=\"Los pol\u00edticos Veracruz\" \/>\n<meta property=\"article:publisher\" content=\"https:\/\/www.facebook.com\/people\/Notimemes-de-los-Polticos\/61565672886568\/\" \/>\n<meta property=\"article:published_time\" content=\"2025-03-12T13:40:44+00:00\" \/>\n<meta property=\"article:modified_time\" content=\"2025-03-12T13:41:18+00:00\" \/>\n<meta property=\"og:image\" content=\"https:\/\/lospoliticosveracruz.com\/wp-content\/uploads\/2024\/03\/Oved-Contreras.jpg\" \/>\n\t<meta property=\"og:image:width\" content=\"1250\" \/>\n\t<meta property=\"og:image:height\" content=\"667\" \/>\n\t<meta property=\"og:image:type\" content=\"image\/jpeg\" \/>\n<meta name=\"author\" content=\"Lo viste en Los Pol\u00edticos\" \/>\n<meta name=\"twitter:card\" content=\"summary_large_image\" \/>\n<meta name=\"twitter:creator\" content=\"@LosPoliticosVer\" \/>\n<meta name=\"twitter:site\" content=\"@LosPoliticosVer\" \/>\n<meta name=\"twitter:label1\" content=\"Escrito por\" \/>\n\t<meta name=\"twitter:data1\" content=\"Lo viste en Los Pol\u00edticos\" \/>\n\t<meta name=\"twitter:label2\" content=\"Tiempo de lectura\" \/>\n\t<meta name=\"twitter:data2\" content=\"4 minutos\" \/>\n<script type=\"application\/ld+json\" class=\"yoast-schema-graph\">{\"@context\":\"https:\\\/\\\/schema.org\",\"@graph\":[{\"@type\":\"Article\",\"@id\":\"https:\\\/\\\/lospoliticosveracruz.com\\\/?p=139506#article\",\"isPartOf\":{\"@id\":\"https:\\\/\\\/lospoliticosveracruz.com\\\/?p=139506\"},\"author\":{\"name\":\"Lo viste en Los Pol\u00edticos\",\"@id\":\"https:\\\/\\\/lospoliticosveracruz.com\\\/#\\\/schema\\\/person\\\/b8702bb0e538456e6efd07080bf2a4a2\"},\"headline\":\"RECHAZAN FUSIONAR TURISMO Y CULTURA\u2026\",\"datePublished\":\"2025-03-12T13:40:44+00:00\",\"dateModified\":\"2025-03-12T13:41:18+00:00\",\"mainEntityOfPage\":{\"@id\":\"https:\\\/\\\/lospoliticosveracruz.com\\\/?p=139506\"},\"wordCount\":879,\"publisher\":{\"@id\":\"https:\\\/\\\/lospoliticosveracruz.com\\\/#organization\"},\"image\":{\"@id\":\"https:\\\/\\\/lospoliticosveracruz.com\\\/?p=139506#primaryimage\"},\"thumbnailUrl\":\"https:\\\/\\\/lospoliticosveracruz.com\\\/wp-content\\\/uploads\\\/2024\\\/03\\\/Oved-Contreras.jpg\",\"keywords\":[\"Cuitl\u00e1huac Garc\u00eda Jim\u00e9nez\",\"Morena\",\"Roc\u00edo Nahle\",\"Veracruz\"],\"articleSection\":[\"De Opini\u00f3n\"],\"inLanguage\":\"es\"},{\"@type\":\"WebPage\",\"@id\":\"https:\\\/\\\/lospoliticosveracruz.com\\\/?p=139506\",\"url\":\"https:\\\/\\\/lospoliticosveracruz.com\\\/?p=139506\",\"name\":\"RECHAZAN FUSIONAR TURISMO Y CULTURA\u2026 - Los pol\u00edticos Veracruz\",\"isPartOf\":{\"@id\":\"https:\\\/\\\/lospoliticosveracruz.com\\\/#website\"},\"primaryImageOfPage\":{\"@id\":\"https:\\\/\\\/lospoliticosveracruz.com\\\/?p=139506#primaryimage\"},\"image\":{\"@id\":\"https:\\\/\\\/lospoliticosveracruz.com\\\/?p=139506#primaryimage\"},\"thumbnailUrl\":\"https:\\\/\\\/lospoliticosveracruz.com\\\/wp-content\\\/uploads\\\/2024\\\/03\\\/Oved-Contreras.jpg\",\"datePublished\":\"2025-03-12T13:40:44+00:00\",\"dateModified\":\"2025-03-12T13:41:18+00:00\",\"breadcrumb\":{\"@id\":\"https:\\\/\\\/lospoliticosveracruz.com\\\/?p=139506#breadcrumb\"},\"inLanguage\":\"es\",\"potentialAction\":[{\"@type\":\"ReadAction\",\"target\":[\"https:\\\/\\\/lospoliticosveracruz.com\\\/?p=139506\"]}]},{\"@type\":\"ImageObject\",\"inLanguage\":\"es\",\"@id\":\"https:\\\/\\\/lospoliticosveracruz.com\\\/?p=139506#primaryimage\",\"url\":\"https:\\\/\\\/lospoliticosveracruz.com\\\/wp-content\\\/uploads\\\/2024\\\/03\\\/Oved-Contreras.jpg\",\"contentUrl\":\"https:\\\/\\\/lospoliticosveracruz.com\\\/wp-content\\\/uploads\\\/2024\\\/03\\\/Oved-Contreras.jpg\",\"width\":1250,\"height\":667},{\"@type\":\"BreadcrumbList\",\"@id\":\"https:\\\/\\\/lospoliticosveracruz.com\\\/?p=139506#breadcrumb\",\"itemListElement\":[{\"@type\":\"ListItem\",\"position\":1,\"name\":\"Portada\",\"item\":\"https:\\\/\\\/lospoliticosveracruz.com\\\/\"},{\"@type\":\"ListItem\",\"position\":2,\"name\":\"RECHAZAN FUSIONAR TURISMO Y CULTURA\u2026\"}]},{\"@type\":\"WebSite\",\"@id\":\"https:\\\/\\\/lospoliticosveracruz.com\\\/#website\",\"url\":\"https:\\\/\\\/lospoliticosveracruz.com\\\/\",\"name\":\"Los pol\u00edticos Veracruz\",\"description\":\"\",\"publisher\":{\"@id\":\"https:\\\/\\\/lospoliticosveracruz.com\\\/#organization\"},\"potentialAction\":[{\"@type\":\"SearchAction\",\"target\":{\"@type\":\"EntryPoint\",\"urlTemplate\":\"https:\\\/\\\/lospoliticosveracruz.com\\\/?s={search_term_string}\"},\"query-input\":{\"@type\":\"PropertyValueSpecification\",\"valueRequired\":true,\"valueName\":\"search_term_string\"}}],\"inLanguage\":\"es\"},{\"@type\":\"Organization\",\"@id\":\"https:\\\/\\\/lospoliticosveracruz.com\\\/#organization\",\"name\":\"Los pol\u00edticos Veracruz\",\"url\":\"https:\\\/\\\/lospoliticosveracruz.com\\\/\",\"logo\":{\"@type\":\"ImageObject\",\"inLanguage\":\"es\",\"@id\":\"https:\\\/\\\/lospoliticosveracruz.com\\\/#\\\/schema\\\/logo\\\/image\\\/\",\"url\":\"https:\\\/\\\/lospoliticosveracruz.com\\\/wp-content\\\/uploads\\\/2025\\\/12\\\/Logo-Nuevo-LOS-POLITICOS-1.jpg\",\"contentUrl\":\"https:\\\/\\\/lospoliticosveracruz.com\\\/wp-content\\\/uploads\\\/2025\\\/12\\\/Logo-Nuevo-LOS-POLITICOS-1.jpg\",\"width\":260,\"height\":70,\"caption\":\"Los pol\u00edticos Veracruz\"},\"image\":{\"@id\":\"https:\\\/\\\/lospoliticosveracruz.com\\\/#\\\/schema\\\/logo\\\/image\\\/\"},\"sameAs\":[\"https:\\\/\\\/www.facebook.com\\\/people\\\/Notimemes-de-los-Polticos\\\/61565672886568\\\/\",\"https:\\\/\\\/x.com\\\/LosPoliticosVer\"]},{\"@type\":\"Person\",\"@id\":\"https:\\\/\\\/lospoliticosveracruz.com\\\/#\\\/schema\\\/person\\\/b8702bb0e538456e6efd07080bf2a4a2\",\"name\":\"Lo viste en Los Pol\u00edticos\",\"image\":{\"@type\":\"ImageObject\",\"inLanguage\":\"es\",\"@id\":\"https:\\\/\\\/secure.gravatar.com\\\/avatar\\\/3a8de04a2656d44082be478bd6c086daa447c4651605818287b9532d3d0bd435?s=96&d=mm&r=g\",\"url\":\"https:\\\/\\\/secure.gravatar.com\\\/avatar\\\/3a8de04a2656d44082be478bd6c086daa447c4651605818287b9532d3d0bd435?s=96&d=mm&r=g\",\"contentUrl\":\"https:\\\/\\\/secure.gravatar.com\\\/avatar\\\/3a8de04a2656d44082be478bd6c086daa447c4651605818287b9532d3d0bd435?s=96&d=mm&r=g\",\"caption\":\"Lo viste en Los Pol\u00edticos\"},\"url\":\"https:\\\/\\\/lospoliticosveracruz.com\\\/?author=2\"}]}<\/script>\n<!-- \/ Yoast SEO plugin. -->","yoast_head_json":{"title":"RECHAZAN FUSIONAR TURISMO Y CULTURA\u2026 - Los pol\u00edticos Veracruz","robots":{"index":"index","follow":"follow","max-snippet":"max-snippet:-1","max-image-preview":"max-image-preview:large","max-video-preview":"max-video-preview:-1"},"canonical":"https:\/\/lospoliticosveracruz.com\/?p=139506","og_locale":"es_ES","og_type":"article","og_title":"RECHAZAN FUSIONAR TURISMO Y CULTURA\u2026 - Los pol\u00edticos Veracruz","og_description":"\u2002\u2002\u00danete a nuestro canal&nbsp;\u2002\u2002\u2002\u2002\u2002\u2002&nbsp;\u2002\u2002\u2002\u2002\u2002\u2002&nbsp; \u00a1LOS POL\u00cdTICOS VERACRUZ&nbsp;ya est\u00e1 en WhatsApp! Oved Contreras Secas Mecas Artistas y gestores culturales de Veracruz expresaron su rechazo a la fusi\u00f3n de la Secretar\u00eda de Cultura y la Secretar\u00eda de Turismo, que plantea la t\u00ed\u00eda Ch\u00edo, y sostienen que esta fusi\u00f3n significa un retroceso para el sector cultural, adem\u00e1s de [&hellip;]","og_url":"https:\/\/lospoliticosveracruz.com\/?p=139506","og_site_name":"Los pol\u00edticos Veracruz","article_publisher":"https:\/\/www.facebook.com\/people\/Notimemes-de-los-Polticos\/61565672886568\/","article_published_time":"2025-03-12T13:40:44+00:00","article_modified_time":"2025-03-12T13:41:18+00:00","og_image":[{"width":1250,"height":667,"url":"https:\/\/lospoliticosveracruz.com\/wp-content\/uploads\/2024\/03\/Oved-Contreras.jpg","type":"image\/jpeg"}],"author":"Lo viste en Los Pol\u00edticos","twitter_card":"summary_large_image","twitter_creator":"@LosPoliticosVer","twitter_site":"@LosPoliticosVer","twitter_misc":{"Escrito por":"Lo viste en Los Pol\u00edticos","Tiempo de lectura":"4 minutos"},"schema":{"@context":"https:\/\/schema.org","@graph":[{"@type":"Article","@id":"https:\/\/lospoliticosveracruz.com\/?p=139506#article","isPartOf":{"@id":"https:\/\/lospoliticosveracruz.com\/?p=139506"},"author":{"name":"Lo viste en Los Pol\u00edticos","@id":"https:\/\/lospoliticosveracruz.com\/#\/schema\/person\/b8702bb0e538456e6efd07080bf2a4a2"},"headline":"RECHAZAN FUSIONAR TURISMO Y CULTURA\u2026","datePublished":"2025-03-12T13:40:44+00:00","dateModified":"2025-03-12T13:41:18+00:00","mainEntityOfPage":{"@id":"https:\/\/lospoliticosveracruz.com\/?p=139506"},"wordCount":879,"publisher":{"@id":"https:\/\/lospoliticosveracruz.com\/#organization"},"image":{"@id":"https:\/\/lospoliticosveracruz.com\/?p=139506#primaryimage"},"thumbnailUrl":"https:\/\/lospoliticosveracruz.com\/wp-content\/uploads\/2024\/03\/Oved-Contreras.jpg","keywords":["Cuitl\u00e1huac Garc\u00eda Jim\u00e9nez","Morena","Roc\u00edo Nahle","Veracruz"],"articleSection":["De Opini\u00f3n"],"inLanguage":"es"},{"@type":"WebPage","@id":"https:\/\/lospoliticosveracruz.com\/?p=139506","url":"https:\/\/lospoliticosveracruz.com\/?p=139506","name":"RECHAZAN FUSIONAR TURISMO Y CULTURA\u2026 - Los pol\u00edticos Veracruz","isPartOf":{"@id":"https:\/\/lospoliticosveracruz.com\/#website"},"primaryImageOfPage":{"@id":"https:\/\/lospoliticosveracruz.com\/?p=139506#primaryimage"},"image":{"@id":"https:\/\/lospoliticosveracruz.com\/?p=139506#primaryimage"},"thumbnailUrl":"https:\/\/lospoliticosveracruz.com\/wp-content\/uploads\/2024\/03\/Oved-Contreras.jpg","datePublished":"2025-03-12T13:40:44+00:00","dateModified":"2025-03-12T13:41:18+00:00","breadcrumb":{"@id":"https:\/\/lospoliticosveracruz.com\/?p=139506#breadcrumb"},"inLanguage":"es","potentialAction":[{"@type":"ReadAction","target":["https:\/\/lospoliticosveracruz.com\/?p=139506"]}]},{"@type":"ImageObject","inLanguage":"es","@id":"https:\/\/lospoliticosveracruz.com\/?p=139506#primaryimage","url":"https:\/\/lospoliticosveracruz.com\/wp-content\/uploads\/2024\/03\/Oved-Contreras.jpg","contentUrl":"https:\/\/lospoliticosveracruz.com\/wp-content\/uploads\/2024\/03\/Oved-Contreras.jpg","width":1250,"height":667},{"@type":"BreadcrumbList","@id":"https:\/\/lospoliticosveracruz.com\/?p=139506#breadcrumb","itemListElement":[{"@type":"ListItem","position":1,"name":"Portada","item":"https:\/\/lospoliticosveracruz.com\/"},{"@type":"ListItem","position":2,"name":"RECHAZAN FUSIONAR TURISMO Y CULTURA\u2026"}]},{"@type":"WebSite","@id":"https:\/\/lospoliticosveracruz.com\/#website","url":"https:\/\/lospoliticosveracruz.com\/","name":"Los pol\u00edticos Veracruz","description":"","publisher":{"@id":"https:\/\/lospoliticosveracruz.com\/#organization"},"potentialAction":[{"@type":"SearchAction","target":{"@type":"EntryPoint","urlTemplate":"https:\/\/lospoliticosveracruz.com\/?s={search_term_string}"},"query-input":{"@type":"PropertyValueSpecification","valueRequired":true,"valueName":"search_term_string"}}],"inLanguage":"es"},{"@type":"Organization","@id":"https:\/\/lospoliticosveracruz.com\/#organization","name":"Los pol\u00edticos Veracruz","url":"https:\/\/lospoliticosveracruz.com\/","logo":{"@type":"ImageObject","inLanguage":"es","@id":"https:\/\/lospoliticosveracruz.com\/#\/schema\/logo\/image\/","url":"https:\/\/lospoliticosveracruz.com\/wp-content\/uploads\/2025\/12\/Logo-Nuevo-LOS-POLITICOS-1.jpg","contentUrl":"https:\/\/lospoliticosveracruz.com\/wp-content\/uploads\/2025\/12\/Logo-Nuevo-LOS-POLITICOS-1.jpg","width":260,"height":70,"caption":"Los pol\u00edticos Veracruz"},"image":{"@id":"https:\/\/lospoliticosveracruz.com\/#\/schema\/logo\/image\/"},"sameAs":["https:\/\/www.facebook.com\/people\/Notimemes-de-los-Polticos\/61565672886568\/","https:\/\/x.com\/LosPoliticosVer"]},{"@type":"Person","@id":"https:\/\/lospoliticosveracruz.com\/#\/schema\/person\/b8702bb0e538456e6efd07080bf2a4a2","name":"Lo viste en Los Pol\u00edticos","image":{"@type":"ImageObject","inLanguage":"es","@id":"https:\/\/secure.gravatar.com\/avatar\/3a8de04a2656d44082be478bd6c086daa447c4651605818287b9532d3d0bd435?s=96&d=mm&r=g","url":"https:\/\/secure.gravatar.com\/avatar\/3a8de04a2656d44082be478bd6c086daa447c4651605818287b9532d3d0bd435?s=96&d=mm&r=g","contentUrl":"https:\/\/secure.gravatar.com\/avatar\/3a8de04a2656d44082be478bd6c086daa447c4651605818287b9532d3d0bd435?s=96&d=mm&r=g","caption":"Lo viste en Los Pol\u00edticos"},"url":"https:\/\/lospoliticosveracruz.com\/?author=2"}]}},"_links":{"self":[{"href":"https:\/\/lospoliticosveracruz.com\/index.php?rest_route=\/wp\/v2\/posts\/139506","targetHints":{"allow":["GET"]}}],"collection":[{"href":"https:\/\/lospoliticosveracruz.com\/index.php?rest_route=\/wp\/v2\/posts"}],"about":[{"href":"https:\/\/lospoliticosveracruz.com\/index.php?rest_route=\/wp\/v2\/types\/post"}],"author":[{"embeddable":true,"href":"https:\/\/lospoliticosveracruz.com\/index.php?rest_route=\/wp\/v2\/users\/2"}],"replies":[{"embeddable":true,"href":"https:\/\/lospoliticosveracruz.com\/index.php?rest_route=%2Fwp%2Fv2%2Fcomments&post=139506"}],"version-history":[{"count":1,"href":"https:\/\/lospoliticosveracruz.com\/index.php?rest_route=\/wp\/v2\/posts\/139506\/revisions"}],"predecessor-version":[{"id":139509,"href":"https:\/\/lospoliticosveracruz.com\/index.php?rest_route=\/wp\/v2\/posts\/139506\/revisions\/139509"}],"wp:featuredmedia":[{"embeddable":true,"href":"https:\/\/lospoliticosveracruz.com\/index.php?rest_route=\/wp\/v2\/media\/119816"}],"wp:attachment":[{"href":"https:\/\/lospoliticosveracruz.com\/index.php?rest_route=%2Fwp%2Fv2%2Fmedia&parent=139506"}],"wp:term":[{"taxonomy":"category","embeddable":true,"href":"https:\/\/lospoliticosveracruz.com\/index.php?rest_route=%2Fwp%2Fv2%2Fcategories&post=139506"},{"taxonomy":"post_tag","embeddable":true,"href":"https:\/\/lospoliticosveracruz.com\/index.php?rest_route=%2Fwp%2Fv2%2Ftags&post=139506"}],"curies":[{"name":"wp","href":"https:\/\/api.w.org\/{rel}","templated":true}]}}