{"id":139575,"date":"2025-03-13T06:38:25","date_gmt":"2025-03-13T12:38:25","guid":{"rendered":"https:\/\/lospoliticosveracruz.com.mx\/?p=139575"},"modified":"2025-03-13T06:38:46","modified_gmt":"2025-03-13T12:38:46","slug":"una-raya-mas-al-tigre","status":"publish","type":"post","link":"https:\/\/lospoliticosveracruz.com\/?p=139575","title":{"rendered":"UNA RAYA M\u00c1S AL TIGRE\u2026"},"content":{"rendered":"\n<p>[S\u00edguenos ahora tambi\u00e9n en WhatsApp.\u00a0<a href=\"https:\/\/whatsapp.com\/channel\/0029Va8zRWlEKyZIP3Z1dF0e\"><strong><em>Da clic aqu\u00ed<\/em><\/strong><\/a>]\u00a0<\/p>\n\n\n\n<p><strong>Oved Contreras<\/strong><\/p>\n\n\n\n<p><em>Secas Mecas<\/em><\/p>\n\n\n\n<p>Ya no siente lo duro sino lo tupido\u2026la fiscala Ver\u00f3nica Hern\u00e1ndez Gi\u00e1dans volvi\u00f3 a recibir recomendaci\u00f3n de la Comisi\u00f3n Nacional de Derechos Humanos tras su negativa a aceptar un pronunciamiento previo de la CEDHV relacionado con la deficiente investigaci\u00f3n de una desaparici\u00f3n ocurrida en enero de 2011.<\/p>\n\n\n\n<p>En septiembre de 2018, una persona present\u00f3 una queja ante la Comisi\u00f3n Estatal de Derechos Humanos argumentado irregularidades en la investigaci\u00f3n del caso de la desaparici\u00f3n de su hija, atribuibles a personas servidoras p\u00fablicas de la FGE de Veracruz\u2026el ombudsman local emiti\u00f3 una recomendaci\u00f3n a dicha autoridad, misma que no fue aceptada.<\/p>\n\n\n\n<p>Ante ello, se present\u00f3 ante la CNDH un recurso de impugnaci\u00f3n, mismo que tras ser analizado, confirm\u00f3 la violaci\u00f3n a los derechos humanos, a la legalidad y seguridad jur\u00eddica cometidas en agravio de la persona quejosa, la v\u00edctima de desaparici\u00f3n y cuatro personas m\u00e1s, atribuibles a un funcionario de la Fiscal\u00eda de Veracruz.<\/p>\n\n\n\n<p>La CNDH recomend\u00f3 a la Fiscal\u00eda estatal aceptar la Recomendaci\u00f3n 026\/2023 y cumplir con las acciones propuestas en dicho documento. En caso de negativa, la Fiscal\u00eda deber\u00e1 proporcionar a la Comisi\u00f3n Nacional evidencia de su incumplimiento, adem\u00e1s se le exigi\u00f3 fundamentar y motivar p\u00fablicamente cualquier rechazo a recomendaciones emitidas por organismos de derechos humanos.<\/p>\n\n\n\n<p>No es la primera vez que la fiscala Ver\u00f3nica Hern\u00e1ndez recibe recomendaciones de la CNDH ni tampoco es la primera vez que las rechaza\u2026junto con Cuitl\u00e1huac Garc\u00eda de gobernador se le hizo costumbre no aceptar las recomendaciones ni estatales ni federales, aunque en todas qued\u00f3 documentado que el personal ministerial violent\u00f3 las garant\u00edas individuales de los quejosos\u2026se nota que esas veladoras a San PATROS\u00cdSMICO le han valido para mantenerse en el cargo\u2026solo es cuesti\u00f3n de que el Congreso tenga disposici\u00f3n de revisar su permanencia en la fiscal\u00eda estatal porque hay mucha tela de d\u00f3nde cortar si quieren sacud\u00edrsela de encima para poner ahora s\u00ed al fiscal de la t\u00eda Ch\u00edo.<\/p>\n\n\n\n<p>LA T\u00d3MBOLA EN HOTEL XALAPA\u2026La dirigencia nacional de MORENA comenz\u00f3 el proceso de insaculaci\u00f3n para la selecci\u00f3n de candidatos a regidores en Veracruz y Durango a trav\u00e9s de un sorteo con t\u00f3mbolas, y de esta manera, se definen a los aspirantes que integrar\u00e1n las planillas en los municipios donde el partido postular\u00e1 candidatos en las elecciones del pr\u00f3ximo primero de junio.<\/p>\n\n\n\n<p>La presidenta nacional de MORENA, Luisa Mar\u00eda Alcalde Luj\u00e1n, encabez\u00f3 la transmisi\u00f3n en vivo del evento y destac\u00f3 la transparencia del proceso\u2026y resulta curioso que un nutrido grupo de morenistas se instalaron en el Hotel Xalapa donde utilizaron un sal\u00f3n con todos los servicios para estar a gusto en la transmisi\u00f3n pero aqu\u00ed bien vale hacer algunas precisiones.<\/p>\n\n\n\n<p>El Hotel Xalapa es propiedad del IPE que es un organismo del gobierno estatal y resulta que Daniela Griego, ex titular del IPE, fue designada promotora de la Cuarta Transformaci\u00f3n en Xalapa o lo que es lo mismo, la precandidata a la alcald\u00eda\u2026entonces la pregunta obligada es si Morena o quienes usaron ese sal\u00f3n pagaron al IPE y si hay factura obvio con fecha anterior para reservar o fue gratis\u2026si as\u00ed fue qu\u00e9 favor pol\u00edtico hubo all\u00ed.<\/p>\n\n\n\n<p>Si no hay factura y fue prestado a Morena, entonces significa que tambi\u00e9n se lo prestan a otras fuerzas pol\u00edticas, como MC, PAN o PRI sin que les cueste un peso\u2026.Daniela Griego queda bien pero al final le sale mal porque usa recursos p\u00fablicos en temas partidistas y eso es impugnable\u2026. Cero y van dos o griego y van dos.<\/p>\n\n\n\n<p>EL CARTEL DE LIMA\u2026nos env\u00edan el siguiente correo sobre el mentado cartel de Finanzas que operaba junto con el ex Jos\u00e9 Luis Lima Franco, quien se qued\u00f3 sin candidatura y sin lana para mantener el basquetbol profesional, que seg\u00fan era una de sus pasiones, pero que pagaba con dinero p\u00fablico.<\/p>\n\n\n\n<p>Chabelo as\u00ed le dicen sus amigos de la prepa pero en modo serio se llama Ricardo Rodr\u00edguez D\u00edaz, que dicen es prestanombres del ex secretario de Finanzas Lima Franco\u2026que el tal Ricardo en a\u00f1os maravillosos adquiri\u00f3 una casa en Punta Tibur\u00f3n cuando no ten\u00eda ni para comer pero junto con sus amiguis Rosete Gonz\u00e1lez empez\u00f3 su cambalache con empresas de facturaci\u00f3n y gestionando recuperar pagos a proveedores pendientes, y como no si en esos a\u00f1os maravillosos era el segundo en Sefiplan y andaba en su Audi y minicoper.<\/p>\n\n\n\n<p>Hasta era chico de ejercicio porque uno de los puntos de reuni\u00f3n con los Rosete era el Vidafit muy temprano ya que los chicos muy disciplinados hac\u00edan ejercicio\u2026.el Richard Rodr\u00edguez tiene su oficina muy modesta en la torre junto con los Rosete donde estaba Pap\u00e1 Jones aquella pizzer\u00eda que estuvo poco tiempo en Boca del R\u00edo.<\/p>\n\n\n\n<p>Que la fortuna les empez\u00f3 a sonre\u00edr ya estando en Finanzas, y que en la torre pegada al Casino Big Bola adquirieron uno que otro depa que ronda en obra gris en unos ocho a nueve millones\u2026ser\u00eda buena idea que la t\u00eda Ch\u00edo cheque los inmuebles que adquiri\u00f3 el cartel de Finanzas en Punta Tibur\u00f3n y Torre Amura.<\/p>\n\n\n\n<p>Nos dicen que el piso 12 de la Torre Amura no es un piso cualquiera, son oficinas de una constructora muy importante para esta administraci\u00f3n y un habitante de unos pisos m\u00e1s arriba asegura que en esa torre hay depas desocupados porque son de regalo por favores\u2026ah caray pues qu\u00e9 tipo de favores ser\u00e1n?<\/p>\n\n\n\n<p>&#8212;<br><br>@ovedcontreras<\/p>\n","protected":false},"excerpt":{"rendered":"<p>[S\u00edguenos ahora tambi\u00e9n en WhatsApp.\u00a0Da clic aqu\u00ed]\u00a0 Oved Contreras Secas Mecas Ya no siente lo duro sino lo tupido\u2026la fiscala Ver\u00f3nica Hern\u00e1ndez Gi\u00e1dans volvi\u00f3 a recibir recomendaci\u00f3n de la Comisi\u00f3n Nacional de Derechos Humanos tras su negativa a aceptar un pronunciamiento previo de la CEDHV relacionado con la deficiente investigaci\u00f3n de una desaparici\u00f3n ocurrida en [&hellip;]<\/p>\n","protected":false},"author":2,"featured_media":119816,"comment_status":"closed","ping_status":"closed","sticky":false,"template":"","format":"standard","meta":{"tdm_status":"","tdm_grid_status":"","footnotes":""},"categories":[70],"tags":[1563,5622,4248,1026,3578,195,15165],"class_list":{"0":"post-139575","1":"post","2":"type-post","3":"status-publish","4":"format-standard","5":"has-post-thumbnail","7":"category-de-opinion","8":"tag-cuitlahuac-garcia-jimenez","9":"tag-daniela-griego","10":"tag-ipe","11":"tag-morena","12":"tag-rocio-nahle","13":"tag-veracruz","14":"tag-veronica-hernandez-giadans"},"yoast_head":"<!-- This site is optimized with the Yoast SEO plugin v27.4 - https:\/\/yoast.com\/product\/yoast-seo-wordpress\/ -->\n<title>UNA RAYA M\u00c1S AL TIGRE\u2026 - Los pol\u00edticos Veracruz<\/title>\n<meta name=\"robots\" content=\"index, follow, max-snippet:-1, max-image-preview:large, max-video-preview:-1\" \/>\n<link rel=\"canonical\" href=\"https:\/\/lospoliticosveracruz.com\/?p=139575\" \/>\n<meta property=\"og:locale\" content=\"es_ES\" \/>\n<meta property=\"og:type\" content=\"article\" \/>\n<meta property=\"og:title\" content=\"UNA RAYA M\u00c1S AL TIGRE\u2026 - Los pol\u00edticos Veracruz\" \/>\n<meta property=\"og:description\" content=\"[S\u00edguenos ahora tambi\u00e9n en WhatsApp.\u00a0Da clic aqu\u00ed]\u00a0 Oved Contreras Secas Mecas Ya no siente lo duro sino lo tupido\u2026la fiscala Ver\u00f3nica Hern\u00e1ndez Gi\u00e1dans volvi\u00f3 a recibir recomendaci\u00f3n de la Comisi\u00f3n Nacional de Derechos Humanos tras su negativa a aceptar un pronunciamiento previo de la CEDHV relacionado con la deficiente investigaci\u00f3n de una desaparici\u00f3n ocurrida en [&hellip;]\" \/>\n<meta property=\"og:url\" content=\"https:\/\/lospoliticosveracruz.com\/?p=139575\" \/>\n<meta property=\"og:site_name\" content=\"Los pol\u00edticos Veracruz\" \/>\n<meta property=\"article:publisher\" content=\"https:\/\/www.facebook.com\/people\/Notimemes-de-los-Polticos\/61565672886568\/\" \/>\n<meta property=\"article:published_time\" content=\"2025-03-13T12:38:25+00:00\" \/>\n<meta property=\"article:modified_time\" content=\"2025-03-13T12:38:46+00:00\" \/>\n<meta property=\"og:image\" content=\"https:\/\/lospoliticosveracruz.com\/wp-content\/uploads\/2024\/03\/Oved-Contreras.jpg\" \/>\n\t<meta property=\"og:image:width\" content=\"1250\" \/>\n\t<meta property=\"og:image:height\" content=\"667\" \/>\n\t<meta property=\"og:image:type\" content=\"image\/jpeg\" \/>\n<meta name=\"author\" content=\"Lo viste en Los Pol\u00edticos\" \/>\n<meta name=\"twitter:card\" content=\"summary_large_image\" \/>\n<meta name=\"twitter:creator\" content=\"@LosPoliticosVer\" \/>\n<meta name=\"twitter:site\" content=\"@LosPoliticosVer\" \/>\n<meta name=\"twitter:label1\" content=\"Escrito por\" \/>\n\t<meta name=\"twitter:data1\" content=\"Lo viste en Los Pol\u00edticos\" \/>\n\t<meta name=\"twitter:label2\" content=\"Tiempo de lectura\" \/>\n\t<meta name=\"twitter:data2\" content=\"5 minutos\" \/>\n<script type=\"application\/ld+json\" class=\"yoast-schema-graph\">{\"@context\":\"https:\\\/\\\/schema.org\",\"@graph\":[{\"@type\":\"Article\",\"@id\":\"https:\\\/\\\/lospoliticosveracruz.com\\\/?p=139575#article\",\"isPartOf\":{\"@id\":\"https:\\\/\\\/lospoliticosveracruz.com\\\/?p=139575\"},\"author\":{\"name\":\"Lo viste en Los Pol\u00edticos\",\"@id\":\"https:\\\/\\\/lospoliticosveracruz.com\\\/#\\\/schema\\\/person\\\/b8702bb0e538456e6efd07080bf2a4a2\"},\"headline\":\"UNA RAYA M\u00c1S AL TIGRE\u2026\",\"datePublished\":\"2025-03-13T12:38:25+00:00\",\"dateModified\":\"2025-03-13T12:38:46+00:00\",\"mainEntityOfPage\":{\"@id\":\"https:\\\/\\\/lospoliticosveracruz.com\\\/?p=139575\"},\"wordCount\":992,\"publisher\":{\"@id\":\"https:\\\/\\\/lospoliticosveracruz.com\\\/#organization\"},\"image\":{\"@id\":\"https:\\\/\\\/lospoliticosveracruz.com\\\/?p=139575#primaryimage\"},\"thumbnailUrl\":\"https:\\\/\\\/lospoliticosveracruz.com\\\/wp-content\\\/uploads\\\/2024\\\/03\\\/Oved-Contreras.jpg\",\"keywords\":[\"Cuitl\u00e1huac Garc\u00eda Jim\u00e9nez\",\"Daniela Griego\",\"IPE\",\"Morena\",\"Roc\u00edo Nahle\",\"Veracruz\",\"Ver\u00f3nica Hern\u00e1ndez Giad\u00e1ns\"],\"articleSection\":[\"De Opini\u00f3n\"],\"inLanguage\":\"es\"},{\"@type\":\"WebPage\",\"@id\":\"https:\\\/\\\/lospoliticosveracruz.com\\\/?p=139575\",\"url\":\"https:\\\/\\\/lospoliticosveracruz.com\\\/?p=139575\",\"name\":\"UNA RAYA M\u00c1S AL TIGRE\u2026 - Los pol\u00edticos Veracruz\",\"isPartOf\":{\"@id\":\"https:\\\/\\\/lospoliticosveracruz.com\\\/#website\"},\"primaryImageOfPage\":{\"@id\":\"https:\\\/\\\/lospoliticosveracruz.com\\\/?p=139575#primaryimage\"},\"image\":{\"@id\":\"https:\\\/\\\/lospoliticosveracruz.com\\\/?p=139575#primaryimage\"},\"thumbnailUrl\":\"https:\\\/\\\/lospoliticosveracruz.com\\\/wp-content\\\/uploads\\\/2024\\\/03\\\/Oved-Contreras.jpg\",\"datePublished\":\"2025-03-13T12:38:25+00:00\",\"dateModified\":\"2025-03-13T12:38:46+00:00\",\"breadcrumb\":{\"@id\":\"https:\\\/\\\/lospoliticosveracruz.com\\\/?p=139575#breadcrumb\"},\"inLanguage\":\"es\",\"potentialAction\":[{\"@type\":\"ReadAction\",\"target\":[\"https:\\\/\\\/lospoliticosveracruz.com\\\/?p=139575\"]}]},{\"@type\":\"ImageObject\",\"inLanguage\":\"es\",\"@id\":\"https:\\\/\\\/lospoliticosveracruz.com\\\/?p=139575#primaryimage\",\"url\":\"https:\\\/\\\/lospoliticosveracruz.com\\\/wp-content\\\/uploads\\\/2024\\\/03\\\/Oved-Contreras.jpg\",\"contentUrl\":\"https:\\\/\\\/lospoliticosveracruz.com\\\/wp-content\\\/uploads\\\/2024\\\/03\\\/Oved-Contreras.jpg\",\"width\":1250,\"height\":667},{\"@type\":\"BreadcrumbList\",\"@id\":\"https:\\\/\\\/lospoliticosveracruz.com\\\/?p=139575#breadcrumb\",\"itemListElement\":[{\"@type\":\"ListItem\",\"position\":1,\"name\":\"Portada\",\"item\":\"https:\\\/\\\/lospoliticosveracruz.com\\\/\"},{\"@type\":\"ListItem\",\"position\":2,\"name\":\"UNA RAYA M\u00c1S AL TIGRE\u2026\"}]},{\"@type\":\"WebSite\",\"@id\":\"https:\\\/\\\/lospoliticosveracruz.com\\\/#website\",\"url\":\"https:\\\/\\\/lospoliticosveracruz.com\\\/\",\"name\":\"Los pol\u00edticos Veracruz\",\"description\":\"\",\"publisher\":{\"@id\":\"https:\\\/\\\/lospoliticosveracruz.com\\\/#organization\"},\"potentialAction\":[{\"@type\":\"SearchAction\",\"target\":{\"@type\":\"EntryPoint\",\"urlTemplate\":\"https:\\\/\\\/lospoliticosveracruz.com\\\/?s={search_term_string}\"},\"query-input\":{\"@type\":\"PropertyValueSpecification\",\"valueRequired\":true,\"valueName\":\"search_term_string\"}}],\"inLanguage\":\"es\"},{\"@type\":\"Organization\",\"@id\":\"https:\\\/\\\/lospoliticosveracruz.com\\\/#organization\",\"name\":\"Los pol\u00edticos Veracruz\",\"url\":\"https:\\\/\\\/lospoliticosveracruz.com\\\/\",\"logo\":{\"@type\":\"ImageObject\",\"inLanguage\":\"es\",\"@id\":\"https:\\\/\\\/lospoliticosveracruz.com\\\/#\\\/schema\\\/logo\\\/image\\\/\",\"url\":\"https:\\\/\\\/lospoliticosveracruz.com\\\/wp-content\\\/uploads\\\/2025\\\/12\\\/Logo-Nuevo-LOS-POLITICOS-1.jpg\",\"contentUrl\":\"https:\\\/\\\/lospoliticosveracruz.com\\\/wp-content\\\/uploads\\\/2025\\\/12\\\/Logo-Nuevo-LOS-POLITICOS-1.jpg\",\"width\":260,\"height\":70,\"caption\":\"Los pol\u00edticos Veracruz\"},\"image\":{\"@id\":\"https:\\\/\\\/lospoliticosveracruz.com\\\/#\\\/schema\\\/logo\\\/image\\\/\"},\"sameAs\":[\"https:\\\/\\\/www.facebook.com\\\/people\\\/Notimemes-de-los-Polticos\\\/61565672886568\\\/\",\"https:\\\/\\\/x.com\\\/LosPoliticosVer\"]},{\"@type\":\"Person\",\"@id\":\"https:\\\/\\\/lospoliticosveracruz.com\\\/#\\\/schema\\\/person\\\/b8702bb0e538456e6efd07080bf2a4a2\",\"name\":\"Lo viste en Los Pol\u00edticos\",\"image\":{\"@type\":\"ImageObject\",\"inLanguage\":\"es\",\"@id\":\"https:\\\/\\\/secure.gravatar.com\\\/avatar\\\/3a8de04a2656d44082be478bd6c086daa447c4651605818287b9532d3d0bd435?s=96&d=mm&r=g\",\"url\":\"https:\\\/\\\/secure.gravatar.com\\\/avatar\\\/3a8de04a2656d44082be478bd6c086daa447c4651605818287b9532d3d0bd435?s=96&d=mm&r=g\",\"contentUrl\":\"https:\\\/\\\/secure.gravatar.com\\\/avatar\\\/3a8de04a2656d44082be478bd6c086daa447c4651605818287b9532d3d0bd435?s=96&d=mm&r=g\",\"caption\":\"Lo viste en Los Pol\u00edticos\"},\"url\":\"https:\\\/\\\/lospoliticosveracruz.com\\\/?author=2\"}]}<\/script>\n<!-- \/ Yoast SEO plugin. -->","yoast_head_json":{"title":"UNA RAYA M\u00c1S AL TIGRE\u2026 - Los pol\u00edticos Veracruz","robots":{"index":"index","follow":"follow","max-snippet":"max-snippet:-1","max-image-preview":"max-image-preview:large","max-video-preview":"max-video-preview:-1"},"canonical":"https:\/\/lospoliticosveracruz.com\/?p=139575","og_locale":"es_ES","og_type":"article","og_title":"UNA RAYA M\u00c1S AL TIGRE\u2026 - Los pol\u00edticos Veracruz","og_description":"[S\u00edguenos ahora tambi\u00e9n en WhatsApp.\u00a0Da clic aqu\u00ed]\u00a0 Oved Contreras Secas Mecas Ya no siente lo duro sino lo tupido\u2026la fiscala Ver\u00f3nica Hern\u00e1ndez Gi\u00e1dans volvi\u00f3 a recibir recomendaci\u00f3n de la Comisi\u00f3n Nacional de Derechos Humanos tras su negativa a aceptar un pronunciamiento previo de la CEDHV relacionado con la deficiente investigaci\u00f3n de una desaparici\u00f3n ocurrida en [&hellip;]","og_url":"https:\/\/lospoliticosveracruz.com\/?p=139575","og_site_name":"Los pol\u00edticos Veracruz","article_publisher":"https:\/\/www.facebook.com\/people\/Notimemes-de-los-Polticos\/61565672886568\/","article_published_time":"2025-03-13T12:38:25+00:00","article_modified_time":"2025-03-13T12:38:46+00:00","og_image":[{"width":1250,"height":667,"url":"https:\/\/lospoliticosveracruz.com\/wp-content\/uploads\/2024\/03\/Oved-Contreras.jpg","type":"image\/jpeg"}],"author":"Lo viste en Los Pol\u00edticos","twitter_card":"summary_large_image","twitter_creator":"@LosPoliticosVer","twitter_site":"@LosPoliticosVer","twitter_misc":{"Escrito por":"Lo viste en Los Pol\u00edticos","Tiempo de lectura":"5 minutos"},"schema":{"@context":"https:\/\/schema.org","@graph":[{"@type":"Article","@id":"https:\/\/lospoliticosveracruz.com\/?p=139575#article","isPartOf":{"@id":"https:\/\/lospoliticosveracruz.com\/?p=139575"},"author":{"name":"Lo viste en Los Pol\u00edticos","@id":"https:\/\/lospoliticosveracruz.com\/#\/schema\/person\/b8702bb0e538456e6efd07080bf2a4a2"},"headline":"UNA RAYA M\u00c1S AL TIGRE\u2026","datePublished":"2025-03-13T12:38:25+00:00","dateModified":"2025-03-13T12:38:46+00:00","mainEntityOfPage":{"@id":"https:\/\/lospoliticosveracruz.com\/?p=139575"},"wordCount":992,"publisher":{"@id":"https:\/\/lospoliticosveracruz.com\/#organization"},"image":{"@id":"https:\/\/lospoliticosveracruz.com\/?p=139575#primaryimage"},"thumbnailUrl":"https:\/\/lospoliticosveracruz.com\/wp-content\/uploads\/2024\/03\/Oved-Contreras.jpg","keywords":["Cuitl\u00e1huac Garc\u00eda Jim\u00e9nez","Daniela Griego","IPE","Morena","Roc\u00edo Nahle","Veracruz","Ver\u00f3nica Hern\u00e1ndez Giad\u00e1ns"],"articleSection":["De Opini\u00f3n"],"inLanguage":"es"},{"@type":"WebPage","@id":"https:\/\/lospoliticosveracruz.com\/?p=139575","url":"https:\/\/lospoliticosveracruz.com\/?p=139575","name":"UNA RAYA M\u00c1S AL TIGRE\u2026 - Los pol\u00edticos Veracruz","isPartOf":{"@id":"https:\/\/lospoliticosveracruz.com\/#website"},"primaryImageOfPage":{"@id":"https:\/\/lospoliticosveracruz.com\/?p=139575#primaryimage"},"image":{"@id":"https:\/\/lospoliticosveracruz.com\/?p=139575#primaryimage"},"thumbnailUrl":"https:\/\/lospoliticosveracruz.com\/wp-content\/uploads\/2024\/03\/Oved-Contreras.jpg","datePublished":"2025-03-13T12:38:25+00:00","dateModified":"2025-03-13T12:38:46+00:00","breadcrumb":{"@id":"https:\/\/lospoliticosveracruz.com\/?p=139575#breadcrumb"},"inLanguage":"es","potentialAction":[{"@type":"ReadAction","target":["https:\/\/lospoliticosveracruz.com\/?p=139575"]}]},{"@type":"ImageObject","inLanguage":"es","@id":"https:\/\/lospoliticosveracruz.com\/?p=139575#primaryimage","url":"https:\/\/lospoliticosveracruz.com\/wp-content\/uploads\/2024\/03\/Oved-Contreras.jpg","contentUrl":"https:\/\/lospoliticosveracruz.com\/wp-content\/uploads\/2024\/03\/Oved-Contreras.jpg","width":1250,"height":667},{"@type":"BreadcrumbList","@id":"https:\/\/lospoliticosveracruz.com\/?p=139575#breadcrumb","itemListElement":[{"@type":"ListItem","position":1,"name":"Portada","item":"https:\/\/lospoliticosveracruz.com\/"},{"@type":"ListItem","position":2,"name":"UNA RAYA M\u00c1S AL TIGRE\u2026"}]},{"@type":"WebSite","@id":"https:\/\/lospoliticosveracruz.com\/#website","url":"https:\/\/lospoliticosveracruz.com\/","name":"Los pol\u00edticos Veracruz","description":"","publisher":{"@id":"https:\/\/lospoliticosveracruz.com\/#organization"},"potentialAction":[{"@type":"SearchAction","target":{"@type":"EntryPoint","urlTemplate":"https:\/\/lospoliticosveracruz.com\/?s={search_term_string}"},"query-input":{"@type":"PropertyValueSpecification","valueRequired":true,"valueName":"search_term_string"}}],"inLanguage":"es"},{"@type":"Organization","@id":"https:\/\/lospoliticosveracruz.com\/#organization","name":"Los pol\u00edticos Veracruz","url":"https:\/\/lospoliticosveracruz.com\/","logo":{"@type":"ImageObject","inLanguage":"es","@id":"https:\/\/lospoliticosveracruz.com\/#\/schema\/logo\/image\/","url":"https:\/\/lospoliticosveracruz.com\/wp-content\/uploads\/2025\/12\/Logo-Nuevo-LOS-POLITICOS-1.jpg","contentUrl":"https:\/\/lospoliticosveracruz.com\/wp-content\/uploads\/2025\/12\/Logo-Nuevo-LOS-POLITICOS-1.jpg","width":260,"height":70,"caption":"Los pol\u00edticos Veracruz"},"image":{"@id":"https:\/\/lospoliticosveracruz.com\/#\/schema\/logo\/image\/"},"sameAs":["https:\/\/www.facebook.com\/people\/Notimemes-de-los-Polticos\/61565672886568\/","https:\/\/x.com\/LosPoliticosVer"]},{"@type":"Person","@id":"https:\/\/lospoliticosveracruz.com\/#\/schema\/person\/b8702bb0e538456e6efd07080bf2a4a2","name":"Lo viste en Los Pol\u00edticos","image":{"@type":"ImageObject","inLanguage":"es","@id":"https:\/\/secure.gravatar.com\/avatar\/3a8de04a2656d44082be478bd6c086daa447c4651605818287b9532d3d0bd435?s=96&d=mm&r=g","url":"https:\/\/secure.gravatar.com\/avatar\/3a8de04a2656d44082be478bd6c086daa447c4651605818287b9532d3d0bd435?s=96&d=mm&r=g","contentUrl":"https:\/\/secure.gravatar.com\/avatar\/3a8de04a2656d44082be478bd6c086daa447c4651605818287b9532d3d0bd435?s=96&d=mm&r=g","caption":"Lo viste en Los Pol\u00edticos"},"url":"https:\/\/lospoliticosveracruz.com\/?author=2"}]}},"_links":{"self":[{"href":"https:\/\/lospoliticosveracruz.com\/index.php?rest_route=\/wp\/v2\/posts\/139575","targetHints":{"allow":["GET"]}}],"collection":[{"href":"https:\/\/lospoliticosveracruz.com\/index.php?rest_route=\/wp\/v2\/posts"}],"about":[{"href":"https:\/\/lospoliticosveracruz.com\/index.php?rest_route=\/wp\/v2\/types\/post"}],"author":[{"embeddable":true,"href":"https:\/\/lospoliticosveracruz.com\/index.php?rest_route=\/wp\/v2\/users\/2"}],"replies":[{"embeddable":true,"href":"https:\/\/lospoliticosveracruz.com\/index.php?rest_route=%2Fwp%2Fv2%2Fcomments&post=139575"}],"version-history":[{"count":1,"href":"https:\/\/lospoliticosveracruz.com\/index.php?rest_route=\/wp\/v2\/posts\/139575\/revisions"}],"predecessor-version":[{"id":139576,"href":"https:\/\/lospoliticosveracruz.com\/index.php?rest_route=\/wp\/v2\/posts\/139575\/revisions\/139576"}],"wp:featuredmedia":[{"embeddable":true,"href":"https:\/\/lospoliticosveracruz.com\/index.php?rest_route=\/wp\/v2\/media\/119816"}],"wp:attachment":[{"href":"https:\/\/lospoliticosveracruz.com\/index.php?rest_route=%2Fwp%2Fv2%2Fmedia&parent=139575"}],"wp:term":[{"taxonomy":"category","embeddable":true,"href":"https:\/\/lospoliticosveracruz.com\/index.php?rest_route=%2Fwp%2Fv2%2Fcategories&post=139575"},{"taxonomy":"post_tag","embeddable":true,"href":"https:\/\/lospoliticosveracruz.com\/index.php?rest_route=%2Fwp%2Fv2%2Ftags&post=139575"}],"curies":[{"name":"wp","href":"https:\/\/api.w.org\/{rel}","templated":true}]}}