{"id":13969,"date":"2014-12-07T20:50:28","date_gmt":"2014-12-08T02:50:28","guid":{"rendered":"http:\/\/www.lospoliticosveracruz.com.mx\/?p=13969"},"modified":"2014-12-07T20:51:06","modified_gmt":"2014-12-08T02:51:06","slug":"sean-bienvenidos-sean-prudentes","status":"publish","type":"post","link":"https:\/\/lospoliticosveracruz.com\/?p=13969","title":{"rendered":"Sean Bienvenidos. Sean prudentes"},"content":{"rendered":"<p><a href=\"http:\/\/www.lospoliticosveracruz.com.mx\/wp-content\/uploads\/2014\/12\/Cumbre-Iberoamericana.jpg\"><img loading=\"lazy\" decoding=\"async\" class=\"alignnone size-medium wp-image-13971\" src=\"http:\/\/www.lospoliticosveracruz.com.mx\/wp-content\/uploads\/2014\/12\/Cumbre-Iberoamericana-300x144.jpg\" alt=\"Cumbre Iberoamericana\" width=\"300\" height=\"144\" \/><\/a><\/p>\n<p><strong>Ricardo V\u00e1zquez Salazar<\/strong><\/p>\n<p><em>Esfera Pol\u00edtica<\/em><\/p>\n<p>&nbsp;<\/p>\n<p>Las noticias de los acontecimientos que se presentan en cualquier lugar del planeta, se esparcen en cuesti\u00f3n de minutos, o de segundos, de un pueblo a otro; de un continente a otro. El enorme poder que han adquirido las redes sociales hoy da lugar -muchas veces-, a las primicias que reproducen la radio, la televisi\u00f3n y los portales web de noticias en primera instancia. La historia reciente nos confirm\u00f3 que Egipto y T\u00fanez son prueba de ese sorprendente impacto de las redes sociales. #25jan, fue el parte aguas para encender los \u00e1nimos y difundir la convocatoria para protestar; fen\u00f3meno conocido como el \u201cD\u00eda de la Ira\u201d, aquel 25 de enero de 2011, fecha que marc\u00f3 el debacle de tres d\u00e9cadas de dictadura de Hosni Mubarak. As\u00ed como en T\u00fanez con la derrota Ben Ali tras 23 a\u00f1os de absolutismo.<\/p>\n<p>En esa ocasi\u00f3n nos enter\u00e1bamos al instante de lo que ocurr\u00eda en el Gran Desierto del Sahara. En la actualidad, en el exterior han tenido los ojos puestos en el lamentable suceso de los estudiantes normalistas de Ayotzinapa, Guerrero, irritaci\u00f3n que ha circulado con la bandera de #Nosfaltan43; de conocer la manera en que se han venido desarrollando d\u00eda a d\u00eda los acontecimientos en M\u00e9xico.<\/p>\n<p>Sean Bienvenidos: Rebeca Grynspan, An\u00edbal Cavaco, Danilo Medina, Evo Morales, Horacio Cartes, Juan Carlos Varela, Luis Guillermo Sol\u00eds, Mariano Rajoy, Felipe de Borb\u00f3n, Nicol\u00e1s Maduro, Jos\u00e9 Mujica, Juan Manuel Santos, Juan Orlando Hern\u00e1ndez, Luis Guillermo Sol\u00eds, Ollanta Humala, Rafael Correa, Salvador S\u00e1nchez y dem\u00e1s personalidades.<\/p>\n<p>Los mexicanos esperan que de la Cumbre Iberoamericana de Jefes de Estado y de Gobierno, en realidad surjan resultados palpables para la poblaci\u00f3n de todos los pa\u00edses participantes. Los temas que habr\u00e1n de tratarse: educaci\u00f3n, innovaci\u00f3n y cultura, indiscutiblemente que representan una gran relevancia, en especial para Veracruz que ocupa uno de los primeros lugares en rezago educativo a nivel nacional. Sin embargo, para nuestro pa\u00eds -como para otros m\u00e1s-: Inseguridad, corrupci\u00f3n, impunidad y pobreza extrema, son calamidades que laceran la existencia de millones de mexicanos.<\/p>\n<p>Los resultados manifiestos dependen en gran medida de todos los participantes en las reuniones de este lunes y martes. Ser\u00eda lamentable que se contin\u00fae se\u00f1alando que en la Cumbre Iberoamericana impera la burocratizaci\u00f3n y el conservatismo que conduce a la improductividad y al descredito.<\/p>\n<p>Se\u00f1ores visitantes: los mexicanos y los veracruzanos los reciben con los brazos abiertos. Un pueblo que atraviesa momentos muy dif\u00edciles. La gente productiva que despierta a las cinco de la ma\u00f1ana para iniciar actividades: trabajadores de limpia p\u00fablica, campesinos, obreros de la construcci\u00f3n, maestros, profesionistas, comerciantes, amas de casa, esperan sensatez de parte de ustedes; tienen ilusi\u00f3n de ver resultados de la Cumbre Iberoamericana que hoy se celebra.<\/p>\n<p>Lo que menos desean los mexicanos en estos momentos, es escuchar expresiones obsequiosas que no contribuyen a nada en lo absoluto<\/p>\n<p>rvazquez002@Yahoo.com.mx<\/p>\n","protected":false},"excerpt":{"rendered":"<p>Ricardo V\u00e1zquez Salazar Esfera Pol\u00edtica &nbsp; Las noticias de los acontecimientos que se presentan en cualquier lugar del planeta, se esparcen en cuesti\u00f3n de minutos, o de segundos, de un pueblo a otro; de un continente a otro. El enorme poder que han adquirido las redes sociales hoy da lugar -muchas veces-, a las primicias [&hellip;]<\/p>\n","protected":false},"author":2,"featured_media":0,"comment_status":"open","ping_status":"open","sticky":false,"template":"","format":"standard","meta":{"tdm_status":"","tdm_grid_status":"","footnotes":""},"categories":[70],"tags":[101,1170],"class_list":{"0":"post-13969","1":"post","2":"type-post","3":"status-publish","4":"format-standard","6":"category-de-opinion","7":"tag-ayotzinapa","8":"tag-cumbre-iberoamericana-de-jefes-de-estado-y-de-gobierno"},"yoast_head":"<!-- This site is optimized with the Yoast SEO plugin v27.4 - https:\/\/yoast.com\/product\/yoast-seo-wordpress\/ -->\n<title>Sean Bienvenidos. Sean prudentes - Los pol\u00edticos Veracruz<\/title>\n<meta name=\"robots\" content=\"index, follow, max-snippet:-1, max-image-preview:large, max-video-preview:-1\" \/>\n<link rel=\"canonical\" href=\"https:\/\/lospoliticosveracruz.com\/?p=13969\" \/>\n<meta property=\"og:locale\" content=\"es_ES\" \/>\n<meta property=\"og:type\" content=\"article\" \/>\n<meta property=\"og:title\" content=\"Sean Bienvenidos. Sean prudentes - Los pol\u00edticos Veracruz\" \/>\n<meta property=\"og:description\" content=\"Ricardo V\u00e1zquez Salazar Esfera Pol\u00edtica &nbsp; Las noticias de los acontecimientos que se presentan en cualquier lugar del planeta, se esparcen en cuesti\u00f3n de minutos, o de segundos, de un pueblo a otro; de un continente a otro. El enorme poder que han adquirido las redes sociales hoy da lugar -muchas veces-, a las primicias [&hellip;]\" \/>\n<meta property=\"og:url\" content=\"https:\/\/lospoliticosveracruz.com\/?p=13969\" \/>\n<meta property=\"og:site_name\" content=\"Los pol\u00edticos Veracruz\" \/>\n<meta property=\"article:publisher\" content=\"https:\/\/www.facebook.com\/people\/Notimemes-de-los-Polticos\/61565672886568\/\" \/>\n<meta property=\"article:published_time\" content=\"2014-12-08T02:50:28+00:00\" \/>\n<meta property=\"article:modified_time\" content=\"2014-12-08T02:51:06+00:00\" \/>\n<meta property=\"og:image\" content=\"http:\/\/www.lospoliticosveracruz.com.mx\/wp-content\/uploads\/2014\/12\/Cumbre-Iberoamericana-300x144.jpg\" \/>\n<meta name=\"author\" content=\"Lo viste en Los Pol\u00edticos\" \/>\n<meta name=\"twitter:card\" content=\"summary_large_image\" \/>\n<meta name=\"twitter:creator\" content=\"@LosPoliticosVer\" \/>\n<meta name=\"twitter:site\" content=\"@LosPoliticosVer\" \/>\n<meta name=\"twitter:label1\" content=\"Escrito por\" \/>\n\t<meta name=\"twitter:data1\" content=\"Lo viste en Los Pol\u00edticos\" \/>\n\t<meta name=\"twitter:label2\" content=\"Tiempo de lectura\" \/>\n\t<meta name=\"twitter:data2\" content=\"3 minutos\" \/>\n<script type=\"application\/ld+json\" class=\"yoast-schema-graph\">{\"@context\":\"https:\\\/\\\/schema.org\",\"@graph\":[{\"@type\":\"Article\",\"@id\":\"https:\\\/\\\/lospoliticosveracruz.com\\\/?p=13969#article\",\"isPartOf\":{\"@id\":\"https:\\\/\\\/lospoliticosveracruz.com\\\/?p=13969\"},\"author\":{\"name\":\"Lo viste en Los Pol\u00edticos\",\"@id\":\"https:\\\/\\\/lospoliticosveracruz.com\\\/#\\\/schema\\\/person\\\/b8702bb0e538456e6efd07080bf2a4a2\"},\"headline\":\"Sean Bienvenidos. Sean prudentes\",\"datePublished\":\"2014-12-08T02:50:28+00:00\",\"dateModified\":\"2014-12-08T02:51:06+00:00\",\"mainEntityOfPage\":{\"@id\":\"https:\\\/\\\/lospoliticosveracruz.com\\\/?p=13969\"},\"wordCount\":522,\"commentCount\":0,\"publisher\":{\"@id\":\"https:\\\/\\\/lospoliticosveracruz.com\\\/#organization\"},\"image\":{\"@id\":\"https:\\\/\\\/lospoliticosveracruz.com\\\/?p=13969#primaryimage\"},\"thumbnailUrl\":\"http:\\\/\\\/www.lospoliticosveracruz.com.mx\\\/wp-content\\\/uploads\\\/2014\\\/12\\\/Cumbre-Iberoamericana-300x144.jpg\",\"keywords\":[\"Ayotzinapa\",\"Cumbre Iberoamericana de Jefes de Estado y de Gobierno\"],\"articleSection\":[\"De Opini\u00f3n\"],\"inLanguage\":\"es\",\"potentialAction\":[{\"@type\":\"CommentAction\",\"name\":\"Comment\",\"target\":[\"https:\\\/\\\/lospoliticosveracruz.com\\\/?p=13969#respond\"]}]},{\"@type\":\"WebPage\",\"@id\":\"https:\\\/\\\/lospoliticosveracruz.com\\\/?p=13969\",\"url\":\"https:\\\/\\\/lospoliticosveracruz.com\\\/?p=13969\",\"name\":\"Sean Bienvenidos. Sean prudentes - Los pol\u00edticos Veracruz\",\"isPartOf\":{\"@id\":\"https:\\\/\\\/lospoliticosveracruz.com\\\/#website\"},\"primaryImageOfPage\":{\"@id\":\"https:\\\/\\\/lospoliticosveracruz.com\\\/?p=13969#primaryimage\"},\"image\":{\"@id\":\"https:\\\/\\\/lospoliticosveracruz.com\\\/?p=13969#primaryimage\"},\"thumbnailUrl\":\"http:\\\/\\\/www.lospoliticosveracruz.com.mx\\\/wp-content\\\/uploads\\\/2014\\\/12\\\/Cumbre-Iberoamericana-300x144.jpg\",\"datePublished\":\"2014-12-08T02:50:28+00:00\",\"dateModified\":\"2014-12-08T02:51:06+00:00\",\"breadcrumb\":{\"@id\":\"https:\\\/\\\/lospoliticosveracruz.com\\\/?p=13969#breadcrumb\"},\"inLanguage\":\"es\",\"potentialAction\":[{\"@type\":\"ReadAction\",\"target\":[\"https:\\\/\\\/lospoliticosveracruz.com\\\/?p=13969\"]}]},{\"@type\":\"ImageObject\",\"inLanguage\":\"es\",\"@id\":\"https:\\\/\\\/lospoliticosveracruz.com\\\/?p=13969#primaryimage\",\"url\":\"http:\\\/\\\/www.lospoliticosveracruz.com.mx\\\/wp-content\\\/uploads\\\/2014\\\/12\\\/Cumbre-Iberoamericana-300x144.jpg\",\"contentUrl\":\"http:\\\/\\\/www.lospoliticosveracruz.com.mx\\\/wp-content\\\/uploads\\\/2014\\\/12\\\/Cumbre-Iberoamericana-300x144.jpg\"},{\"@type\":\"BreadcrumbList\",\"@id\":\"https:\\\/\\\/lospoliticosveracruz.com\\\/?p=13969#breadcrumb\",\"itemListElement\":[{\"@type\":\"ListItem\",\"position\":1,\"name\":\"Portada\",\"item\":\"https:\\\/\\\/lospoliticosveracruz.com\\\/\"},{\"@type\":\"ListItem\",\"position\":2,\"name\":\"Sean Bienvenidos. Sean prudentes\"}]},{\"@type\":\"WebSite\",\"@id\":\"https:\\\/\\\/lospoliticosveracruz.com\\\/#website\",\"url\":\"https:\\\/\\\/lospoliticosveracruz.com\\\/\",\"name\":\"Los pol\u00edticos Veracruz\",\"description\":\"\",\"publisher\":{\"@id\":\"https:\\\/\\\/lospoliticosveracruz.com\\\/#organization\"},\"potentialAction\":[{\"@type\":\"SearchAction\",\"target\":{\"@type\":\"EntryPoint\",\"urlTemplate\":\"https:\\\/\\\/lospoliticosveracruz.com\\\/?s={search_term_string}\"},\"query-input\":{\"@type\":\"PropertyValueSpecification\",\"valueRequired\":true,\"valueName\":\"search_term_string\"}}],\"inLanguage\":\"es\"},{\"@type\":\"Organization\",\"@id\":\"https:\\\/\\\/lospoliticosveracruz.com\\\/#organization\",\"name\":\"Los pol\u00edticos Veracruz\",\"url\":\"https:\\\/\\\/lospoliticosveracruz.com\\\/\",\"logo\":{\"@type\":\"ImageObject\",\"inLanguage\":\"es\",\"@id\":\"https:\\\/\\\/lospoliticosveracruz.com\\\/#\\\/schema\\\/logo\\\/image\\\/\",\"url\":\"https:\\\/\\\/lospoliticosveracruz.com\\\/wp-content\\\/uploads\\\/2025\\\/12\\\/Logo-Nuevo-LOS-POLITICOS-1.jpg\",\"contentUrl\":\"https:\\\/\\\/lospoliticosveracruz.com\\\/wp-content\\\/uploads\\\/2025\\\/12\\\/Logo-Nuevo-LOS-POLITICOS-1.jpg\",\"width\":260,\"height\":70,\"caption\":\"Los pol\u00edticos Veracruz\"},\"image\":{\"@id\":\"https:\\\/\\\/lospoliticosveracruz.com\\\/#\\\/schema\\\/logo\\\/image\\\/\"},\"sameAs\":[\"https:\\\/\\\/www.facebook.com\\\/people\\\/Notimemes-de-los-Polticos\\\/61565672886568\\\/\",\"https:\\\/\\\/x.com\\\/LosPoliticosVer\"]},{\"@type\":\"Person\",\"@id\":\"https:\\\/\\\/lospoliticosveracruz.com\\\/#\\\/schema\\\/person\\\/b8702bb0e538456e6efd07080bf2a4a2\",\"name\":\"Lo viste en Los Pol\u00edticos\",\"image\":{\"@type\":\"ImageObject\",\"inLanguage\":\"es\",\"@id\":\"https:\\\/\\\/secure.gravatar.com\\\/avatar\\\/3a8de04a2656d44082be478bd6c086daa447c4651605818287b9532d3d0bd435?s=96&d=mm&r=g\",\"url\":\"https:\\\/\\\/secure.gravatar.com\\\/avatar\\\/3a8de04a2656d44082be478bd6c086daa447c4651605818287b9532d3d0bd435?s=96&d=mm&r=g\",\"contentUrl\":\"https:\\\/\\\/secure.gravatar.com\\\/avatar\\\/3a8de04a2656d44082be478bd6c086daa447c4651605818287b9532d3d0bd435?s=96&d=mm&r=g\",\"caption\":\"Lo viste en Los Pol\u00edticos\"},\"url\":\"https:\\\/\\\/lospoliticosveracruz.com\\\/?author=2\"}]}<\/script>\n<!-- \/ Yoast SEO plugin. -->","yoast_head_json":{"title":"Sean Bienvenidos. Sean prudentes - Los pol\u00edticos Veracruz","robots":{"index":"index","follow":"follow","max-snippet":"max-snippet:-1","max-image-preview":"max-image-preview:large","max-video-preview":"max-video-preview:-1"},"canonical":"https:\/\/lospoliticosveracruz.com\/?p=13969","og_locale":"es_ES","og_type":"article","og_title":"Sean Bienvenidos. Sean prudentes - Los pol\u00edticos Veracruz","og_description":"Ricardo V\u00e1zquez Salazar Esfera Pol\u00edtica &nbsp; Las noticias de los acontecimientos que se presentan en cualquier lugar del planeta, se esparcen en cuesti\u00f3n de minutos, o de segundos, de un pueblo a otro; de un continente a otro. El enorme poder que han adquirido las redes sociales hoy da lugar -muchas veces-, a las primicias [&hellip;]","og_url":"https:\/\/lospoliticosveracruz.com\/?p=13969","og_site_name":"Los pol\u00edticos Veracruz","article_publisher":"https:\/\/www.facebook.com\/people\/Notimemes-de-los-Polticos\/61565672886568\/","article_published_time":"2014-12-08T02:50:28+00:00","article_modified_time":"2014-12-08T02:51:06+00:00","og_image":[{"url":"http:\/\/www.lospoliticosveracruz.com.mx\/wp-content\/uploads\/2014\/12\/Cumbre-Iberoamericana-300x144.jpg","type":"","width":"","height":""}],"author":"Lo viste en Los Pol\u00edticos","twitter_card":"summary_large_image","twitter_creator":"@LosPoliticosVer","twitter_site":"@LosPoliticosVer","twitter_misc":{"Escrito por":"Lo viste en Los Pol\u00edticos","Tiempo de lectura":"3 minutos"},"schema":{"@context":"https:\/\/schema.org","@graph":[{"@type":"Article","@id":"https:\/\/lospoliticosveracruz.com\/?p=13969#article","isPartOf":{"@id":"https:\/\/lospoliticosveracruz.com\/?p=13969"},"author":{"name":"Lo viste en Los Pol\u00edticos","@id":"https:\/\/lospoliticosveracruz.com\/#\/schema\/person\/b8702bb0e538456e6efd07080bf2a4a2"},"headline":"Sean Bienvenidos. Sean prudentes","datePublished":"2014-12-08T02:50:28+00:00","dateModified":"2014-12-08T02:51:06+00:00","mainEntityOfPage":{"@id":"https:\/\/lospoliticosveracruz.com\/?p=13969"},"wordCount":522,"commentCount":0,"publisher":{"@id":"https:\/\/lospoliticosveracruz.com\/#organization"},"image":{"@id":"https:\/\/lospoliticosveracruz.com\/?p=13969#primaryimage"},"thumbnailUrl":"http:\/\/www.lospoliticosveracruz.com.mx\/wp-content\/uploads\/2014\/12\/Cumbre-Iberoamericana-300x144.jpg","keywords":["Ayotzinapa","Cumbre Iberoamericana de Jefes de Estado y de Gobierno"],"articleSection":["De Opini\u00f3n"],"inLanguage":"es","potentialAction":[{"@type":"CommentAction","name":"Comment","target":["https:\/\/lospoliticosveracruz.com\/?p=13969#respond"]}]},{"@type":"WebPage","@id":"https:\/\/lospoliticosveracruz.com\/?p=13969","url":"https:\/\/lospoliticosveracruz.com\/?p=13969","name":"Sean Bienvenidos. Sean prudentes - Los pol\u00edticos Veracruz","isPartOf":{"@id":"https:\/\/lospoliticosveracruz.com\/#website"},"primaryImageOfPage":{"@id":"https:\/\/lospoliticosveracruz.com\/?p=13969#primaryimage"},"image":{"@id":"https:\/\/lospoliticosveracruz.com\/?p=13969#primaryimage"},"thumbnailUrl":"http:\/\/www.lospoliticosveracruz.com.mx\/wp-content\/uploads\/2014\/12\/Cumbre-Iberoamericana-300x144.jpg","datePublished":"2014-12-08T02:50:28+00:00","dateModified":"2014-12-08T02:51:06+00:00","breadcrumb":{"@id":"https:\/\/lospoliticosveracruz.com\/?p=13969#breadcrumb"},"inLanguage":"es","potentialAction":[{"@type":"ReadAction","target":["https:\/\/lospoliticosveracruz.com\/?p=13969"]}]},{"@type":"ImageObject","inLanguage":"es","@id":"https:\/\/lospoliticosveracruz.com\/?p=13969#primaryimage","url":"http:\/\/www.lospoliticosveracruz.com.mx\/wp-content\/uploads\/2014\/12\/Cumbre-Iberoamericana-300x144.jpg","contentUrl":"http:\/\/www.lospoliticosveracruz.com.mx\/wp-content\/uploads\/2014\/12\/Cumbre-Iberoamericana-300x144.jpg"},{"@type":"BreadcrumbList","@id":"https:\/\/lospoliticosveracruz.com\/?p=13969#breadcrumb","itemListElement":[{"@type":"ListItem","position":1,"name":"Portada","item":"https:\/\/lospoliticosveracruz.com\/"},{"@type":"ListItem","position":2,"name":"Sean Bienvenidos. Sean prudentes"}]},{"@type":"WebSite","@id":"https:\/\/lospoliticosveracruz.com\/#website","url":"https:\/\/lospoliticosveracruz.com\/","name":"Los pol\u00edticos Veracruz","description":"","publisher":{"@id":"https:\/\/lospoliticosveracruz.com\/#organization"},"potentialAction":[{"@type":"SearchAction","target":{"@type":"EntryPoint","urlTemplate":"https:\/\/lospoliticosveracruz.com\/?s={search_term_string}"},"query-input":{"@type":"PropertyValueSpecification","valueRequired":true,"valueName":"search_term_string"}}],"inLanguage":"es"},{"@type":"Organization","@id":"https:\/\/lospoliticosveracruz.com\/#organization","name":"Los pol\u00edticos Veracruz","url":"https:\/\/lospoliticosveracruz.com\/","logo":{"@type":"ImageObject","inLanguage":"es","@id":"https:\/\/lospoliticosveracruz.com\/#\/schema\/logo\/image\/","url":"https:\/\/lospoliticosveracruz.com\/wp-content\/uploads\/2025\/12\/Logo-Nuevo-LOS-POLITICOS-1.jpg","contentUrl":"https:\/\/lospoliticosveracruz.com\/wp-content\/uploads\/2025\/12\/Logo-Nuevo-LOS-POLITICOS-1.jpg","width":260,"height":70,"caption":"Los pol\u00edticos Veracruz"},"image":{"@id":"https:\/\/lospoliticosveracruz.com\/#\/schema\/logo\/image\/"},"sameAs":["https:\/\/www.facebook.com\/people\/Notimemes-de-los-Polticos\/61565672886568\/","https:\/\/x.com\/LosPoliticosVer"]},{"@type":"Person","@id":"https:\/\/lospoliticosveracruz.com\/#\/schema\/person\/b8702bb0e538456e6efd07080bf2a4a2","name":"Lo viste en Los Pol\u00edticos","image":{"@type":"ImageObject","inLanguage":"es","@id":"https:\/\/secure.gravatar.com\/avatar\/3a8de04a2656d44082be478bd6c086daa447c4651605818287b9532d3d0bd435?s=96&d=mm&r=g","url":"https:\/\/secure.gravatar.com\/avatar\/3a8de04a2656d44082be478bd6c086daa447c4651605818287b9532d3d0bd435?s=96&d=mm&r=g","contentUrl":"https:\/\/secure.gravatar.com\/avatar\/3a8de04a2656d44082be478bd6c086daa447c4651605818287b9532d3d0bd435?s=96&d=mm&r=g","caption":"Lo viste en Los Pol\u00edticos"},"url":"https:\/\/lospoliticosveracruz.com\/?author=2"}]}},"_links":{"self":[{"href":"https:\/\/lospoliticosveracruz.com\/index.php?rest_route=\/wp\/v2\/posts\/13969","targetHints":{"allow":["GET"]}}],"collection":[{"href":"https:\/\/lospoliticosveracruz.com\/index.php?rest_route=\/wp\/v2\/posts"}],"about":[{"href":"https:\/\/lospoliticosveracruz.com\/index.php?rest_route=\/wp\/v2\/types\/post"}],"author":[{"embeddable":true,"href":"https:\/\/lospoliticosveracruz.com\/index.php?rest_route=\/wp\/v2\/users\/2"}],"replies":[{"embeddable":true,"href":"https:\/\/lospoliticosveracruz.com\/index.php?rest_route=%2Fwp%2Fv2%2Fcomments&post=13969"}],"version-history":[{"count":2,"href":"https:\/\/lospoliticosveracruz.com\/index.php?rest_route=\/wp\/v2\/posts\/13969\/revisions"}],"predecessor-version":[{"id":13972,"href":"https:\/\/lospoliticosveracruz.com\/index.php?rest_route=\/wp\/v2\/posts\/13969\/revisions\/13972"}],"wp:attachment":[{"href":"https:\/\/lospoliticosveracruz.com\/index.php?rest_route=%2Fwp%2Fv2%2Fmedia&parent=13969"}],"wp:term":[{"taxonomy":"category","embeddable":true,"href":"https:\/\/lospoliticosveracruz.com\/index.php?rest_route=%2Fwp%2Fv2%2Fcategories&post=13969"},{"taxonomy":"post_tag","embeddable":true,"href":"https:\/\/lospoliticosveracruz.com\/index.php?rest_route=%2Fwp%2Fv2%2Ftags&post=13969"}],"curies":[{"name":"wp","href":"https:\/\/api.w.org\/{rel}","templated":true}]}}