{"id":139797,"date":"2025-03-15T19:54:14","date_gmt":"2025-03-16T01:54:14","guid":{"rendered":"https:\/\/lospoliticosveracruz.com.mx\/?p=139797"},"modified":"2025-03-15T19:54:37","modified_gmt":"2025-03-16T01:54:37","slug":"mc-a-merced-de-morena-en-veracruz","status":"publish","type":"post","link":"https:\/\/lospoliticosveracruz.com\/?p=139797","title":{"rendered":"MC A MERCED DE MORENA EN VERACRUZ"},"content":{"rendered":"\n<p>[S\u00edguenos ahora tambi\u00e9n en WhatsApp.\u00a0<a href=\"https:\/\/whatsapp.com\/channel\/0029Va8zRWlEKyZIP3Z1dF0e\"><strong><em>Da clic aqu\u00ed<\/em><\/strong><\/a>]\u00a0<br><strong>Ricardo Chua<\/strong><br><em>Sale y Vale<\/em><\/p>\n\n\n\n<p>Dentro de la clase pol\u00edtica gobernante y de la oposici\u00f3n en Veracruz.. Tienen la sensaci\u00f3n de que hay un ACUERDO POL\u00cdTICO DE FACTO entre MORENA y el partido Movimiento Ciudadano.. Una alianza que PRESUNTAMENTE est\u00e1n de acuerdo tanto la gobernadora Roc\u00edo Nahle y el l\u00edder moral de este partido, Dante Delgado Rannauro.. Misma que en los hechos se ve fundamentada por el actuar en las \u00faltimas semanas de MC en la entidad.. Finalmente, siempre se ha sospechado este tipo de PACTOS entre ambos partidos en varias partes del pa\u00eds..<\/p>\n\n\n\n<p>Todo se empez\u00f3 a reflejar cuando MC empez\u00f3 a postular a aspirantes en Veracruz a las alcald\u00edas a personajes muy ligados al PRI o que renunciaron al partido para irse al partido \u00abnaranja\u00bb.. Cuando d\u00edas antes, MC ten\u00eda en medios de comunicaci\u00f3n una serie de anuncios y publicidad de que todo lo \u00abmalo\u00bb que pasaba en M\u00e9xico era debido al PRI.. Pero postulaba a priistas como sus candidatos a presidentes municipales.. Incongruencia pol\u00edtica que el electorado en Veracruz tiene muy presente y que eso le va a costar votos a este organismo pol\u00edtico y que s\u00f3lo va a tener el mismo porcentaje electoral de siempre 7 por ciento..<\/p>\n\n\n\n<p>Luego cuando sali\u00f3 el tema Miguel \u00c1ngel Yunes M\u00e1rquez.. De que se quer\u00eda afiliar a MORENA desde el Senado y la primera que se opuso fue la gobernadora Roc\u00edo Nahle.. Enseguida MC empez\u00f3 una campa\u00f1a medi\u00e1tica contra la familia Yunes Linares y Yunes M\u00e1rquez.. Diciendo lo mismo que dec\u00edan del PRI.. Que eran lo peor y que s\u00f3lo MC es el \u00fanico partido LIBRE de Yunes.. Pero a Dante se le olvid\u00f3 algo clave.. Que el mismo ex gobernador LE LEVANT\u00d3 la mano a Yunes M\u00e1rquez para postularlo como su candidato a gobernador en 2018.. Elecci\u00f3n que finalmente gana Cuitl\u00e1huac Garc\u00eda..<\/p>\n\n\n\n<p>Obvio que Dante Delgado y MC no se fueron m\u00e1s atr\u00e1s al tiempo de la votaci\u00f3n de la Reforma al Poder Judicial en el Senado y el voto de Miguel Yunes.. Y es algo que no lo pod\u00edan criticar porque Movimiento Ciudadano a\u00fan no EXPLICA qu\u00e9 pas\u00f3 con su senador de Campeche, que tambi\u00e9n desapareci\u00f3 por unas horas y reapareci\u00f3 cuando el \u00abtamal\u00bb estaba hecho por MORENA en la c\u00e1mara alta del Congreso de la Uni\u00f3n.. Por eso, en Veracruz se tiene la SOSPECHA de que PRESUNTAMENTE hay un acuerdo de MORENA y MC para echar abajo a toda la oposici\u00f3n y lo que queda del PAN-PRI..<\/p>\n\n\n\n<p>Pero tambi\u00e9n en ese acuerdo se trata de \u00abdebilitar\u00bb todo lo que \u00abhuela\u00bb a Yunes y su grupo pol\u00edtico que a\u00fan queda \u00abviv\u00f3\u00bb en Veracruz.. Con tres objetivos principales.. El primero \u00abayudar\u00bb a Roc\u00edo Nahle en su \u00abbatalla\u00bb personal de evitar que los Yunes entren a MORENA, utilizando a MC como el ente \u00abgolpeador\u00bb y as\u00ed no \u00abembarrar\u00bb a MORENA en sus asuntos pol\u00edticos que van a dirimir en comisiones internas.. De paso quedan bien con Nahle, con ella no es el problema y la gobernadora aprovecha esta coyuntura pol\u00edtica.. Finalmente ella no es dirigente de MC.. Las consecuencias no las pagar\u00eda ella..<\/p>\n\n\n\n<p>El segundo es seguir \u00abjalando\u00bb cuantos personajes pol\u00edticos les sea posible del equipo PAN-Yunes.. Y que puedan ver en MC una \u00abventana\u00bb de posibilidades de seguir participando en la pol\u00edtica \u00abjarocha\u00bb pero ahora \u00abarropados\u00bb por ellos.. Ya que si por su cercan\u00eda con Yunes no son aceptados en MORENA o PVEM, entonces, en MC si.. Tal como lo hicieron con el PRI.. Y el tercer objetivo es ganar las alcald\u00edas posibles con esos acuerdos y candidatos, pero adem\u00e1s tratar de \u00abquebrar\u00bb y quedarse con todo lo que sea del PRI y PAN debilitando a la oposici\u00f3n en Veracruz.. Una buena estrategia pero que es muy obvia..<\/p>\n\n\n\n<p>Pero lo que muchos expertos pol\u00edticos y en ciencia pol\u00edtica se preguntan es: \u00bfQu\u00e9 tanto le puede redituar a MC y Dante Delgado ese acuerdo con MORENA-Nahle?.. Pero sobre todo a los que est\u00e1n convenciendo ser candidatos a alcaldes por MC y sus equipos pol\u00edticos.. Todos saben como opera MORENA en las elecciones y si los candidatos de MC est\u00e1n esperando \u00abapoyos\u00bb para mover estructura y pagar a los que ayudan en campa\u00f1a.. Ah\u00ed se van a quedar esperando porque los acuerdos son arriba, abajo s\u00f3lo son las broncas.. Dif\u00edcilmente un candidato de MC ver\u00e1 recursos de su partido para su campa\u00f1a..<\/p>\n\n\n\n<p>Otro de los temas es que muchos se preguntan.. De cu\u00e1ndo ac\u00e1 los Yunes son esos enemigos pol\u00edticos de Movimiento Ciudadano para que le dediquen una campa\u00f1a medi\u00e1tica completa para posicionarse en Veracruz. Si ellos los apoyaron hace 6 a\u00f1os.. Y se supone que el enemigo pol\u00edtico de MC en Veracruz era el ex gobernador, Cuitl\u00e1huac Garc\u00eda Jim\u00e9nez.. Al cual p\u00fablicamente acusaron de encarcelar a Jos\u00e9 Manuel del R\u00edo Virgen por ser el presunto autor intelectual de un asesinato de un candidato alcalde en 2021 en el municipio de Cazones.. Y se\u00f1alaron que Cuitl\u00e1huac lo ten\u00eda como PRESO POL\u00cdTICO..<\/p>\n\n\n\n<p>Lo m\u00e1s raro es que teniendo ese argumento pol\u00edtico, al propio Del R\u00edo Virgen encumbrado en la Auditor\u00eda Superior de la Federaci\u00f3n (ASF) y despu\u00e9s de todas las movilizaciones que Dante hizo en Xalapa y Veracruz, encabezando un movimiento por la Justicia por ese asunto en 2021 y 2022.. Que llev\u00f3 como aliados a H\u00e9ctor y Pepe Yunes, Indira Rosales, Julen Rementer\u00eda y muchos m\u00e1s, que tienen ligas con Los Yunes o se apellidan igual.. Ahora MC se dedica a emprender una campa\u00f1a medi\u00e1tica en su contra, que no tienen el poder pol\u00edtico de anta\u00f1o.. Pero a MORENA y Cuitl\u00e1huac, no los tocan ni con el \u00abp\u00e9talo de una rosa\u00bb.. ABROOONN..<\/p>\n\n\n\n<p>REFLEXI\u00d3N.. Bien dicen que en esta vida la memor\u00eda es \u00abflaca\u00bb.. Pero en pol\u00edtica se ve que a\u00fan m\u00e1s.. Si MC hubiera querido ganar la credibilidad pol\u00edtica, hubiera apostado por otra postura.. Por lo menos una m\u00e1s IMPARCIAL.. No dejando a Los Yunes crecer y qued\u00e1ndose con lo que tienen pol\u00edticamente.. Pero por lo menos, hubiera hecho lo mismo con MORENA y sus pol\u00edticos de los que tanto despotrico y ahora no dice nada de ellos.. Lo que se ve, no se juzga.. As\u00ed que con acuerdos o no con el gobierno estatal y MORENA, lo que es un hecho, es que Movimiento Ciudadano en Veracruz EST\u00c1 BAJO SOSPECHA.. AMEN..<\/p>\n","protected":false},"excerpt":{"rendered":"<p>[S\u00edguenos ahora tambi\u00e9n en WhatsApp.\u00a0Da clic aqu\u00ed]\u00a0Ricardo ChuaSale y Vale Dentro de la clase pol\u00edtica gobernante y de la oposici\u00f3n en Veracruz.. Tienen la sensaci\u00f3n de que hay un ACUERDO POL\u00cdTICO DE FACTO entre MORENA y el partido Movimiento Ciudadano.. Una alianza que PRESUNTAMENTE est\u00e1n de acuerdo tanto la gobernadora Roc\u00edo Nahle y el l\u00edder [&hellip;]<\/p>\n","protected":false},"author":2,"featured_media":119817,"comment_status":"closed","ping_status":"closed","sticky":false,"template":"","format":"standard","meta":{"tdm_status":"","tdm_grid_status":"","footnotes":""},"categories":[70],"tags":[1563,26718,536,1026,3578,195],"class_list":{"0":"post-139797","1":"post","2":"type-post","3":"status-publish","4":"format-standard","5":"has-post-thumbnail","7":"category-de-opinion","8":"tag-cuitlahuac-garcia-jimenez","9":"tag-miguel-angel-yunes-linares-2","10":"tag-miguel-angel-yunes-marquez","11":"tag-morena","12":"tag-rocio-nahle","13":"tag-veracruz"},"yoast_head":"<!-- This site is optimized with the Yoast SEO plugin v27.4 - https:\/\/yoast.com\/product\/yoast-seo-wordpress\/ -->\n<title>MC A MERCED DE MORENA EN VERACRUZ - Los pol\u00edticos Veracruz<\/title>\n<meta name=\"robots\" content=\"index, follow, max-snippet:-1, max-image-preview:large, max-video-preview:-1\" \/>\n<link rel=\"canonical\" href=\"https:\/\/lospoliticosveracruz.com\/?p=139797\" \/>\n<meta property=\"og:locale\" content=\"es_ES\" \/>\n<meta property=\"og:type\" content=\"article\" \/>\n<meta property=\"og:title\" content=\"MC A MERCED DE MORENA EN VERACRUZ - Los pol\u00edticos Veracruz\" \/>\n<meta property=\"og:description\" content=\"[S\u00edguenos ahora tambi\u00e9n en WhatsApp.\u00a0Da clic aqu\u00ed]\u00a0Ricardo ChuaSale y Vale Dentro de la clase pol\u00edtica gobernante y de la oposici\u00f3n en Veracruz.. Tienen la sensaci\u00f3n de que hay un ACUERDO POL\u00cdTICO DE FACTO entre MORENA y el partido Movimiento Ciudadano.. Una alianza que PRESUNTAMENTE est\u00e1n de acuerdo tanto la gobernadora Roc\u00edo Nahle y el l\u00edder [&hellip;]\" \/>\n<meta property=\"og:url\" content=\"https:\/\/lospoliticosveracruz.com\/?p=139797\" \/>\n<meta property=\"og:site_name\" content=\"Los pol\u00edticos Veracruz\" \/>\n<meta property=\"article:publisher\" content=\"https:\/\/www.facebook.com\/people\/Notimemes-de-los-Polticos\/61565672886568\/\" \/>\n<meta property=\"article:published_time\" content=\"2025-03-16T01:54:14+00:00\" \/>\n<meta property=\"article:modified_time\" content=\"2025-03-16T01:54:37+00:00\" \/>\n<meta property=\"og:image\" content=\"https:\/\/lospoliticosveracruz.com\/wp-content\/uploads\/2024\/03\/Ricardo-Chua.jpg\" \/>\n\t<meta property=\"og:image:width\" content=\"1250\" \/>\n\t<meta property=\"og:image:height\" content=\"667\" \/>\n\t<meta property=\"og:image:type\" content=\"image\/jpeg\" \/>\n<meta name=\"author\" content=\"Lo viste en Los Pol\u00edticos\" \/>\n<meta name=\"twitter:card\" content=\"summary_large_image\" \/>\n<meta name=\"twitter:creator\" content=\"@LosPoliticosVer\" \/>\n<meta name=\"twitter:site\" content=\"@LosPoliticosVer\" \/>\n<meta name=\"twitter:label1\" content=\"Escrito por\" \/>\n\t<meta name=\"twitter:data1\" content=\"Lo viste en Los Pol\u00edticos\" \/>\n\t<meta name=\"twitter:label2\" content=\"Tiempo de lectura\" \/>\n\t<meta name=\"twitter:data2\" content=\"6 minutos\" \/>\n<script type=\"application\/ld+json\" class=\"yoast-schema-graph\">{\"@context\":\"https:\\\/\\\/schema.org\",\"@graph\":[{\"@type\":\"Article\",\"@id\":\"https:\\\/\\\/lospoliticosveracruz.com\\\/?p=139797#article\",\"isPartOf\":{\"@id\":\"https:\\\/\\\/lospoliticosveracruz.com\\\/?p=139797\"},\"author\":{\"name\":\"Lo viste en Los Pol\u00edticos\",\"@id\":\"https:\\\/\\\/lospoliticosveracruz.com\\\/#\\\/schema\\\/person\\\/b8702bb0e538456e6efd07080bf2a4a2\"},\"headline\":\"MC A MERCED DE MORENA EN VERACRUZ\",\"datePublished\":\"2025-03-16T01:54:14+00:00\",\"dateModified\":\"2025-03-16T01:54:37+00:00\",\"mainEntityOfPage\":{\"@id\":\"https:\\\/\\\/lospoliticosveracruz.com\\\/?p=139797\"},\"wordCount\":1151,\"publisher\":{\"@id\":\"https:\\\/\\\/lospoliticosveracruz.com\\\/#organization\"},\"image\":{\"@id\":\"https:\\\/\\\/lospoliticosveracruz.com\\\/?p=139797#primaryimage\"},\"thumbnailUrl\":\"https:\\\/\\\/lospoliticosveracruz.com\\\/wp-content\\\/uploads\\\/2024\\\/03\\\/Ricardo-Chua.jpg\",\"keywords\":[\"Cuitl\u00e1huac Garc\u00eda Jim\u00e9nez\",\"Miguel \u00c1ngel Yunes Linares\",\"Miguel \u00c1ngel Yunes M\u00e1rquez\",\"Morena\",\"Roc\u00edo Nahle\",\"Veracruz\"],\"articleSection\":[\"De Opini\u00f3n\"],\"inLanguage\":\"es\"},{\"@type\":\"WebPage\",\"@id\":\"https:\\\/\\\/lospoliticosveracruz.com\\\/?p=139797\",\"url\":\"https:\\\/\\\/lospoliticosveracruz.com\\\/?p=139797\",\"name\":\"MC A MERCED DE MORENA EN VERACRUZ - Los pol\u00edticos Veracruz\",\"isPartOf\":{\"@id\":\"https:\\\/\\\/lospoliticosveracruz.com\\\/#website\"},\"primaryImageOfPage\":{\"@id\":\"https:\\\/\\\/lospoliticosveracruz.com\\\/?p=139797#primaryimage\"},\"image\":{\"@id\":\"https:\\\/\\\/lospoliticosveracruz.com\\\/?p=139797#primaryimage\"},\"thumbnailUrl\":\"https:\\\/\\\/lospoliticosveracruz.com\\\/wp-content\\\/uploads\\\/2024\\\/03\\\/Ricardo-Chua.jpg\",\"datePublished\":\"2025-03-16T01:54:14+00:00\",\"dateModified\":\"2025-03-16T01:54:37+00:00\",\"breadcrumb\":{\"@id\":\"https:\\\/\\\/lospoliticosveracruz.com\\\/?p=139797#breadcrumb\"},\"inLanguage\":\"es\",\"potentialAction\":[{\"@type\":\"ReadAction\",\"target\":[\"https:\\\/\\\/lospoliticosveracruz.com\\\/?p=139797\"]}]},{\"@type\":\"ImageObject\",\"inLanguage\":\"es\",\"@id\":\"https:\\\/\\\/lospoliticosveracruz.com\\\/?p=139797#primaryimage\",\"url\":\"https:\\\/\\\/lospoliticosveracruz.com\\\/wp-content\\\/uploads\\\/2024\\\/03\\\/Ricardo-Chua.jpg\",\"contentUrl\":\"https:\\\/\\\/lospoliticosveracruz.com\\\/wp-content\\\/uploads\\\/2024\\\/03\\\/Ricardo-Chua.jpg\",\"width\":1250,\"height\":667},{\"@type\":\"BreadcrumbList\",\"@id\":\"https:\\\/\\\/lospoliticosveracruz.com\\\/?p=139797#breadcrumb\",\"itemListElement\":[{\"@type\":\"ListItem\",\"position\":1,\"name\":\"Portada\",\"item\":\"https:\\\/\\\/lospoliticosveracruz.com\\\/\"},{\"@type\":\"ListItem\",\"position\":2,\"name\":\"MC A MERCED DE MORENA EN VERACRUZ\"}]},{\"@type\":\"WebSite\",\"@id\":\"https:\\\/\\\/lospoliticosveracruz.com\\\/#website\",\"url\":\"https:\\\/\\\/lospoliticosveracruz.com\\\/\",\"name\":\"Los pol\u00edticos Veracruz\",\"description\":\"\",\"publisher\":{\"@id\":\"https:\\\/\\\/lospoliticosveracruz.com\\\/#organization\"},\"potentialAction\":[{\"@type\":\"SearchAction\",\"target\":{\"@type\":\"EntryPoint\",\"urlTemplate\":\"https:\\\/\\\/lospoliticosveracruz.com\\\/?s={search_term_string}\"},\"query-input\":{\"@type\":\"PropertyValueSpecification\",\"valueRequired\":true,\"valueName\":\"search_term_string\"}}],\"inLanguage\":\"es\"},{\"@type\":\"Organization\",\"@id\":\"https:\\\/\\\/lospoliticosveracruz.com\\\/#organization\",\"name\":\"Los pol\u00edticos Veracruz\",\"url\":\"https:\\\/\\\/lospoliticosveracruz.com\\\/\",\"logo\":{\"@type\":\"ImageObject\",\"inLanguage\":\"es\",\"@id\":\"https:\\\/\\\/lospoliticosveracruz.com\\\/#\\\/schema\\\/logo\\\/image\\\/\",\"url\":\"https:\\\/\\\/lospoliticosveracruz.com\\\/wp-content\\\/uploads\\\/2025\\\/12\\\/Logo-Nuevo-LOS-POLITICOS-1.jpg\",\"contentUrl\":\"https:\\\/\\\/lospoliticosveracruz.com\\\/wp-content\\\/uploads\\\/2025\\\/12\\\/Logo-Nuevo-LOS-POLITICOS-1.jpg\",\"width\":260,\"height\":70,\"caption\":\"Los pol\u00edticos Veracruz\"},\"image\":{\"@id\":\"https:\\\/\\\/lospoliticosveracruz.com\\\/#\\\/schema\\\/logo\\\/image\\\/\"},\"sameAs\":[\"https:\\\/\\\/www.facebook.com\\\/people\\\/Notimemes-de-los-Polticos\\\/61565672886568\\\/\",\"https:\\\/\\\/x.com\\\/LosPoliticosVer\"]},{\"@type\":\"Person\",\"@id\":\"https:\\\/\\\/lospoliticosveracruz.com\\\/#\\\/schema\\\/person\\\/b8702bb0e538456e6efd07080bf2a4a2\",\"name\":\"Lo viste en Los Pol\u00edticos\",\"image\":{\"@type\":\"ImageObject\",\"inLanguage\":\"es\",\"@id\":\"https:\\\/\\\/secure.gravatar.com\\\/avatar\\\/3a8de04a2656d44082be478bd6c086daa447c4651605818287b9532d3d0bd435?s=96&d=mm&r=g\",\"url\":\"https:\\\/\\\/secure.gravatar.com\\\/avatar\\\/3a8de04a2656d44082be478bd6c086daa447c4651605818287b9532d3d0bd435?s=96&d=mm&r=g\",\"contentUrl\":\"https:\\\/\\\/secure.gravatar.com\\\/avatar\\\/3a8de04a2656d44082be478bd6c086daa447c4651605818287b9532d3d0bd435?s=96&d=mm&r=g\",\"caption\":\"Lo viste en Los Pol\u00edticos\"},\"url\":\"https:\\\/\\\/lospoliticosveracruz.com\\\/?author=2\"}]}<\/script>\n<!-- \/ Yoast SEO plugin. -->","yoast_head_json":{"title":"MC A MERCED DE MORENA EN VERACRUZ - Los pol\u00edticos Veracruz","robots":{"index":"index","follow":"follow","max-snippet":"max-snippet:-1","max-image-preview":"max-image-preview:large","max-video-preview":"max-video-preview:-1"},"canonical":"https:\/\/lospoliticosveracruz.com\/?p=139797","og_locale":"es_ES","og_type":"article","og_title":"MC A MERCED DE MORENA EN VERACRUZ - Los pol\u00edticos Veracruz","og_description":"[S\u00edguenos ahora tambi\u00e9n en WhatsApp.\u00a0Da clic aqu\u00ed]\u00a0Ricardo ChuaSale y Vale Dentro de la clase pol\u00edtica gobernante y de la oposici\u00f3n en Veracruz.. Tienen la sensaci\u00f3n de que hay un ACUERDO POL\u00cdTICO DE FACTO entre MORENA y el partido Movimiento Ciudadano.. Una alianza que PRESUNTAMENTE est\u00e1n de acuerdo tanto la gobernadora Roc\u00edo Nahle y el l\u00edder [&hellip;]","og_url":"https:\/\/lospoliticosveracruz.com\/?p=139797","og_site_name":"Los pol\u00edticos Veracruz","article_publisher":"https:\/\/www.facebook.com\/people\/Notimemes-de-los-Polticos\/61565672886568\/","article_published_time":"2025-03-16T01:54:14+00:00","article_modified_time":"2025-03-16T01:54:37+00:00","og_image":[{"width":1250,"height":667,"url":"https:\/\/lospoliticosveracruz.com\/wp-content\/uploads\/2024\/03\/Ricardo-Chua.jpg","type":"image\/jpeg"}],"author":"Lo viste en Los Pol\u00edticos","twitter_card":"summary_large_image","twitter_creator":"@LosPoliticosVer","twitter_site":"@LosPoliticosVer","twitter_misc":{"Escrito por":"Lo viste en Los Pol\u00edticos","Tiempo de lectura":"6 minutos"},"schema":{"@context":"https:\/\/schema.org","@graph":[{"@type":"Article","@id":"https:\/\/lospoliticosveracruz.com\/?p=139797#article","isPartOf":{"@id":"https:\/\/lospoliticosveracruz.com\/?p=139797"},"author":{"name":"Lo viste en Los Pol\u00edticos","@id":"https:\/\/lospoliticosveracruz.com\/#\/schema\/person\/b8702bb0e538456e6efd07080bf2a4a2"},"headline":"MC A MERCED DE MORENA EN VERACRUZ","datePublished":"2025-03-16T01:54:14+00:00","dateModified":"2025-03-16T01:54:37+00:00","mainEntityOfPage":{"@id":"https:\/\/lospoliticosveracruz.com\/?p=139797"},"wordCount":1151,"publisher":{"@id":"https:\/\/lospoliticosveracruz.com\/#organization"},"image":{"@id":"https:\/\/lospoliticosveracruz.com\/?p=139797#primaryimage"},"thumbnailUrl":"https:\/\/lospoliticosveracruz.com\/wp-content\/uploads\/2024\/03\/Ricardo-Chua.jpg","keywords":["Cuitl\u00e1huac Garc\u00eda Jim\u00e9nez","Miguel \u00c1ngel Yunes Linares","Miguel \u00c1ngel Yunes M\u00e1rquez","Morena","Roc\u00edo Nahle","Veracruz"],"articleSection":["De Opini\u00f3n"],"inLanguage":"es"},{"@type":"WebPage","@id":"https:\/\/lospoliticosveracruz.com\/?p=139797","url":"https:\/\/lospoliticosveracruz.com\/?p=139797","name":"MC A MERCED DE MORENA EN VERACRUZ - Los pol\u00edticos Veracruz","isPartOf":{"@id":"https:\/\/lospoliticosveracruz.com\/#website"},"primaryImageOfPage":{"@id":"https:\/\/lospoliticosveracruz.com\/?p=139797#primaryimage"},"image":{"@id":"https:\/\/lospoliticosveracruz.com\/?p=139797#primaryimage"},"thumbnailUrl":"https:\/\/lospoliticosveracruz.com\/wp-content\/uploads\/2024\/03\/Ricardo-Chua.jpg","datePublished":"2025-03-16T01:54:14+00:00","dateModified":"2025-03-16T01:54:37+00:00","breadcrumb":{"@id":"https:\/\/lospoliticosveracruz.com\/?p=139797#breadcrumb"},"inLanguage":"es","potentialAction":[{"@type":"ReadAction","target":["https:\/\/lospoliticosveracruz.com\/?p=139797"]}]},{"@type":"ImageObject","inLanguage":"es","@id":"https:\/\/lospoliticosveracruz.com\/?p=139797#primaryimage","url":"https:\/\/lospoliticosveracruz.com\/wp-content\/uploads\/2024\/03\/Ricardo-Chua.jpg","contentUrl":"https:\/\/lospoliticosveracruz.com\/wp-content\/uploads\/2024\/03\/Ricardo-Chua.jpg","width":1250,"height":667},{"@type":"BreadcrumbList","@id":"https:\/\/lospoliticosveracruz.com\/?p=139797#breadcrumb","itemListElement":[{"@type":"ListItem","position":1,"name":"Portada","item":"https:\/\/lospoliticosveracruz.com\/"},{"@type":"ListItem","position":2,"name":"MC A MERCED DE MORENA EN VERACRUZ"}]},{"@type":"WebSite","@id":"https:\/\/lospoliticosveracruz.com\/#website","url":"https:\/\/lospoliticosveracruz.com\/","name":"Los pol\u00edticos Veracruz","description":"","publisher":{"@id":"https:\/\/lospoliticosveracruz.com\/#organization"},"potentialAction":[{"@type":"SearchAction","target":{"@type":"EntryPoint","urlTemplate":"https:\/\/lospoliticosveracruz.com\/?s={search_term_string}"},"query-input":{"@type":"PropertyValueSpecification","valueRequired":true,"valueName":"search_term_string"}}],"inLanguage":"es"},{"@type":"Organization","@id":"https:\/\/lospoliticosveracruz.com\/#organization","name":"Los pol\u00edticos Veracruz","url":"https:\/\/lospoliticosveracruz.com\/","logo":{"@type":"ImageObject","inLanguage":"es","@id":"https:\/\/lospoliticosveracruz.com\/#\/schema\/logo\/image\/","url":"https:\/\/lospoliticosveracruz.com\/wp-content\/uploads\/2025\/12\/Logo-Nuevo-LOS-POLITICOS-1.jpg","contentUrl":"https:\/\/lospoliticosveracruz.com\/wp-content\/uploads\/2025\/12\/Logo-Nuevo-LOS-POLITICOS-1.jpg","width":260,"height":70,"caption":"Los pol\u00edticos Veracruz"},"image":{"@id":"https:\/\/lospoliticosveracruz.com\/#\/schema\/logo\/image\/"},"sameAs":["https:\/\/www.facebook.com\/people\/Notimemes-de-los-Polticos\/61565672886568\/","https:\/\/x.com\/LosPoliticosVer"]},{"@type":"Person","@id":"https:\/\/lospoliticosveracruz.com\/#\/schema\/person\/b8702bb0e538456e6efd07080bf2a4a2","name":"Lo viste en Los Pol\u00edticos","image":{"@type":"ImageObject","inLanguage":"es","@id":"https:\/\/secure.gravatar.com\/avatar\/3a8de04a2656d44082be478bd6c086daa447c4651605818287b9532d3d0bd435?s=96&d=mm&r=g","url":"https:\/\/secure.gravatar.com\/avatar\/3a8de04a2656d44082be478bd6c086daa447c4651605818287b9532d3d0bd435?s=96&d=mm&r=g","contentUrl":"https:\/\/secure.gravatar.com\/avatar\/3a8de04a2656d44082be478bd6c086daa447c4651605818287b9532d3d0bd435?s=96&d=mm&r=g","caption":"Lo viste en Los Pol\u00edticos"},"url":"https:\/\/lospoliticosveracruz.com\/?author=2"}]}},"_links":{"self":[{"href":"https:\/\/lospoliticosveracruz.com\/index.php?rest_route=\/wp\/v2\/posts\/139797","targetHints":{"allow":["GET"]}}],"collection":[{"href":"https:\/\/lospoliticosveracruz.com\/index.php?rest_route=\/wp\/v2\/posts"}],"about":[{"href":"https:\/\/lospoliticosveracruz.com\/index.php?rest_route=\/wp\/v2\/types\/post"}],"author":[{"embeddable":true,"href":"https:\/\/lospoliticosveracruz.com\/index.php?rest_route=\/wp\/v2\/users\/2"}],"replies":[{"embeddable":true,"href":"https:\/\/lospoliticosveracruz.com\/index.php?rest_route=%2Fwp%2Fv2%2Fcomments&post=139797"}],"version-history":[{"count":1,"href":"https:\/\/lospoliticosveracruz.com\/index.php?rest_route=\/wp\/v2\/posts\/139797\/revisions"}],"predecessor-version":[{"id":139798,"href":"https:\/\/lospoliticosveracruz.com\/index.php?rest_route=\/wp\/v2\/posts\/139797\/revisions\/139798"}],"wp:featuredmedia":[{"embeddable":true,"href":"https:\/\/lospoliticosveracruz.com\/index.php?rest_route=\/wp\/v2\/media\/119817"}],"wp:attachment":[{"href":"https:\/\/lospoliticosveracruz.com\/index.php?rest_route=%2Fwp%2Fv2%2Fmedia&parent=139797"}],"wp:term":[{"taxonomy":"category","embeddable":true,"href":"https:\/\/lospoliticosveracruz.com\/index.php?rest_route=%2Fwp%2Fv2%2Fcategories&post=139797"},{"taxonomy":"post_tag","embeddable":true,"href":"https:\/\/lospoliticosveracruz.com\/index.php?rest_route=%2Fwp%2Fv2%2Ftags&post=139797"}],"curies":[{"name":"wp","href":"https:\/\/api.w.org\/{rel}","templated":true}]}}